{"id":144906,"date":"2021-06-11T10:15:48","date_gmt":"2021-06-11T13:15:48","guid":{"rendered":"https:\/\/experienciadevida.com.ar\/portalurbano\/?p=144906"},"modified":"2021-06-11T10:23:17","modified_gmt":"2021-06-11T13:23:17","slug":"mas-olavarrienses-recibiran-certificados-de-capacitacion-del-potenciar-trabajo","status":"publish","type":"post","link":"https:\/\/experienciadevida.com.ar\/portalurbano\/mas-olavarrienses-recibiran-certificados-de-capacitacion-del-potenciar-trabajo\/","title":{"rendered":"M\u00e1s olavarrienses recibir\u00e1n certificados de capacitaci\u00f3n del Potenciar Trabajo"},"content":{"rendered":"<p>M\u00e1s olavarrienses recibir\u00e1n certificados de capacitaci\u00f3n del Potenciar Trabajo, as\u00ed lo informaron los concejales Eduardo Rodr\u00edguez e In\u00e9s Creimer.<\/p>\n<p>Corresponde a los cursos de verano y los dictados en el mes de marzo. Las entregas se efectuar\u00e1n en la Casa Eduardo \u201cChino\u201d Correa,<br \/>\nubicada en Belgrano 3222, de lunes a viernes de 10 a 12 horas.<\/p>\n<p>En la Casa Eduardo \u201cChino\u201d Correa se comenzar\u00e1 a realizar la entrega de certificados correspondientes a los olavarrienses incluidos en el programa<br \/>\nPotenciar Trabajo y que realizaron los cursos de capacitaci\u00f3n durante los meses de enero, febrero y marzo. Las entregas ser\u00e1n encabezadas por los<br \/>\nConcejales In\u00e9s Creimer y Eduardo Rodr\u00edguez, de lunes a viernes de 10 a 12 hs, bajo el cumplimiento de los protocolos sanitarios vigentes, en la sede<br \/>\nubicada en calle Belgrano 3222.<\/p>\n<p>Bajo el marco del Programa Nacional de Inclusi\u00f3n Socio-productiva y Desarrollo Local \u201cPotenciar trabajo\u201d, muchas personas accedieron a cursos y<br \/>\npropuestas productivas destinadas a la inclusi\u00f3n social para personas en situaci\u00f3n de vulnerabilidad social y econ\u00f3mica. Dicho programa es impulsado por el Ministerio de Desarrollo Social de Naci\u00f3n, en articulaci\u00f3n con otros Ministerios y \u00e1reas del Gobierno Nacional, entre ellos el Ministerio de Transporte de la Naci\u00f3n.<\/p>\n<p>M\u00e1s olavarrienses recibir\u00e1n certificados, con nuevos cursos la Plataforma de Formaci\u00f3n Virtual de Trenes Argentinos Capital Humano, Unidad Ejecutora del Programa, estuvo abocada a la capacitaci\u00f3n en distintas tem\u00e1ticas. La imposibilidad de realizar trabajos de forma presencial, producto de la situaci\u00f3n de pandemia, llev\u00f3 a adoptar esta modalidad virtual.<\/p>\n<p>Los cursos dictados corresponden a Presentaci\u00f3n efectiva y Red de contactos; Calidad de Servicio y Atenci\u00f3n al Cliente, Educaci\u00f3n Financiera<br \/>\nB\u00e1sica, Discapacidad, Cuidados del Medio Ambiente, Principios B\u00e1sicos de Ventas y Cuidado del Agua, dictados por la Fundaci\u00f3n Geo.<\/p>\n<p>Potenciar Trabajo se afianza como una herramienta de ayuda social con el fin mejorar la empleabilidad y la generaci\u00f3n de propuestas productivas a<br \/>\ntrav\u00e9s de la terminalidad educativa, la formaci\u00f3n laboral y la capacitaci\u00f3n en oficios.<\/p>\n<p>Este programa, orientado para personas mayores a 18 a\u00f1os y menores a 65, se aplic\u00f3 en la ciudad de manera muy satisfactoria logrando una interesante convocatoria de vecinas y vecinos que se encuentran sin empleo. En total, fueron 40 olavarrienses que participaron en una nueva etapa del Potenciar Trabajo, enmarcado en articulaci\u00f3n con el Ministerio de Desarrollo Social y el Ministerio de Transporte de la Naci\u00f3n.<\/p>\n<p>Actualizaci\u00f3n de montos:<\/p>\n<p>En el mes de abril se efectu\u00f3 un aumento de las contraprestaciones en funci\u00f3n del aumento del Salario M\u00ednimo, Vital y M\u00f3vil. La actualizaci\u00f3n<br \/>\nser\u00e1 percibida de manera retroactiva durante los siguientes meses.<\/p>\n<p>Para m\u00e1s informaci\u00f3n sobre el Programa \u201cPotenciar Trabajo\u201d contactarse a trav\u00e9s de las siguientes v\u00edas de comunicaci\u00f3n:<\/p>\n<p>WhatsApp: 2284 554873<br \/>\nE-Mail: foroolavarria@gmail.com<br \/>\nP\u00e1gina Web: www.foroolavarria.org<\/p>\n","protected":false},"excerpt":{"rendered":"<p>M\u00e1s olavarrienses recibir\u00e1n certificados de capacitaci\u00f3n del Potenciar Trabajo, as\u00ed lo informaron los concejales Eduardo&#8230;<\/p>\n","protected":false},"author":1,"featured_media":144907,"comment_status":"closed","ping_status":"closed","sticky":false,"template":"","format":"standard","meta":{"content-type":""},"categories":[27,51],"tags":[],"nelio_content":{"isAutoShareEnabled":false,"autoShareEndMode":"default","automationSources":{"useContentSentences":true,"useSocialTemplates":true,"useCustomSentences":false,"customSentences":[]},"followers":[1],"suggestedReferences":[],"includedReferences":[],"efiUrl":"","efiAlt":"","highlights":[]},"yoast_head":"<!-- This site is optimized with the Yoast SEO plugin v20.7 - https:\/\/yoast.com\/wordpress\/plugins\/seo\/ -->\n<title>M\u00e1s olavarrienses recibir\u00e1n certificados de capacitaci\u00f3n<\/title>\n<meta name=\"description\" content=\"M\u00e1s olavarrienses recibir\u00e1n certificados de capacitaci\u00f3n del Potenciar Trabajo, as\u00ed lo informaron los concejales Eduardo Rodr\u00edguez e In\u00e9s\" \/>\n<meta name=\"robots\" content=\"index, follow, max-snippet:-1, max-image-preview:large, max-video-preview:-1\" \/>\n<link rel=\"canonical\" href=\"https:\/\/experienciadevida.com.ar\/portalurbano\/mas-olavarrienses-recibiran-certificados-de-capacitacion-del-potenciar-trabajo\/\" \/>\n<meta property=\"og:locale\" content=\"es_ES\" \/>\n<meta property=\"og:type\" content=\"article\" \/>\n<meta property=\"og:title\" content=\"M\u00e1s olavarrienses recibir\u00e1n certificados de capacitaci\u00f3n\" \/>\n<meta property=\"og:description\" content=\"M\u00e1s olavarrienses recibir\u00e1n certificados de capacitaci\u00f3n del Potenciar Trabajo, as\u00ed lo informaron los concejales Eduardo Rodr\u00edguez e In\u00e9s\" \/>\n<meta property=\"og:url\" content=\"https:\/\/experienciadevida.com.ar\/portalurbano\/mas-olavarrienses-recibiran-certificados-de-capacitacion-del-potenciar-trabajo\/\" \/>\n<meta property=\"article:publisher\" content=\"https:\/\/www.facebook.com\/Portal-Urbano-171542830093757\/\" \/>\n<meta property=\"article:published_time\" content=\"2021-06-11T13:15:48+00:00\" \/>\n<meta property=\"article:modified_time\" content=\"2021-06-11T13:23:17+00:00\" \/>\n<meta property=\"og:image\" content=\"https:\/\/experienciadevida.com.ar\/portalurbano\/wp-content\/uploads\/2021\/06\/Mas-olavarrienses-recibiran-certificados.jpeg\" \/>\n\t<meta property=\"og:image:width\" content=\"1280\" \/>\n\t<meta property=\"og:image:height\" content=\"960\" \/>\n\t<meta property=\"og:image:type\" content=\"image\/jpeg\" \/>\n<meta name=\"author\" content=\"admpu17wp\" \/>\n<meta name=\"twitter:card\" content=\"summary_large_image\" \/>\n<meta name=\"twitter:creator\" content=\"@portalurbanook\" \/>\n<meta name=\"twitter:site\" content=\"@portalurbanook\" \/>\n<meta name=\"twitter:label1\" content=\"Escrito por\" \/>\n\t<meta name=\"twitter:data1\" content=\"admpu17wp\" \/>\n\t<meta name=\"twitter:label2\" content=\"Tiempo de lectura\" \/>\n\t<meta name=\"twitter:data2\" content=\"2 minutos\" \/>\n<script type=\"application\/ld+json\" class=\"yoast-schema-graph\">{\"@context\":\"https:\/\/schema.org\",\"@graph\":[{\"@type\":\"Article\",\"@id\":\"https:\/\/experienciadevida.com.ar\/portalurbano\/mas-olavarrienses-recibiran-certificados-de-capacitacion-del-potenciar-trabajo\/#article\",\"isPartOf\":{\"@id\":\"https:\/\/experienciadevida.com.ar\/portalurbano\/mas-olavarrienses-recibiran-certificados-de-capacitacion-del-potenciar-trabajo\/\"},\"author\":{\"name\":\"admpu17wp\",\"@id\":\"https:\/\/experienciadevida.com.ar\/portalurbano\/#\/schema\/person\/02dd326b1c4b056e9cc972486934a3a7\"},\"headline\":\"M\u00e1s olavarrienses recibir\u00e1n certificados de capacitaci\u00f3n del Potenciar Trabajo\",\"datePublished\":\"2021-06-11T13:15:48+00:00\",\"dateModified\":\"2021-06-11T13:23:17+00:00\",\"mainEntityOfPage\":{\"@id\":\"https:\/\/experienciadevida.com.ar\/portalurbano\/mas-olavarrienses-recibiran-certificados-de-capacitacion-del-potenciar-trabajo\/\"},\"wordCount\":502,\"publisher\":{\"@id\":\"https:\/\/experienciadevida.com.ar\/portalurbano\/#organization\"},\"articleSection\":[\"Ciudad\",\"Destacadas\"],\"inLanguage\":\"es\"},{\"@type\":\"WebPage\",\"@id\":\"https:\/\/experienciadevida.com.ar\/portalurbano\/mas-olavarrienses-recibiran-certificados-de-capacitacion-del-potenciar-trabajo\/\",\"url\":\"https:\/\/experienciadevida.com.ar\/portalurbano\/mas-olavarrienses-recibiran-certificados-de-capacitacion-del-potenciar-trabajo\/\",\"name\":\"M\u00e1s olavarrienses recibir\u00e1n certificados de capacitaci\u00f3n\",\"isPartOf\":{\"@id\":\"https:\/\/experienciadevida.com.ar\/portalurbano\/#website\"},\"datePublished\":\"2021-06-11T13:15:48+00:00\",\"dateModified\":\"2021-06-11T13:23:17+00:00\",\"description\":\"M\u00e1s olavarrienses recibir\u00e1n certificados de capacitaci\u00f3n del Potenciar Trabajo, as\u00ed lo informaron los concejales Eduardo Rodr\u00edguez e In\u00e9s\",\"breadcrumb\":{\"@id\":\"https:\/\/experienciadevida.com.ar\/portalurbano\/mas-olavarrienses-recibiran-certificados-de-capacitacion-del-potenciar-trabajo\/#breadcrumb\"},\"inLanguage\":\"es\",\"potentialAction\":[{\"@type\":\"ReadAction\",\"target\":[\"https:\/\/experienciadevida.com.ar\/portalurbano\/mas-olavarrienses-recibiran-certificados-de-capacitacion-del-potenciar-trabajo\/\"]}]},{\"@type\":\"BreadcrumbList\",\"@id\":\"https:\/\/experienciadevida.com.ar\/portalurbano\/mas-olavarrienses-recibiran-certificados-de-capacitacion-del-potenciar-trabajo\/#breadcrumb\",\"itemListElement\":[{\"@type\":\"ListItem\",\"position\":1,\"name\":\"Portada\",\"item\":\"https:\/\/experienciadevida.com.ar\/portalurbano\/\"},{\"@type\":\"ListItem\",\"position\":2,\"name\":\"M\u00e1s olavarrienses recibir\u00e1n certificados de capacitaci\u00f3n del Potenciar Trabajo\"}]},{\"@type\":\"WebSite\",\"@id\":\"https:\/\/experienciadevida.com.ar\/portalurbano\/#website\",\"url\":\"https:\/\/experienciadevida.com.ar\/portalurbano\/\",\"name\":\"\",\"description\":\"\",\"publisher\":{\"@id\":\"https:\/\/experienciadevida.com.ar\/portalurbano\/#organization\"},\"potentialAction\":[{\"@type\":\"SearchAction\",\"target\":{\"@type\":\"EntryPoint\",\"urlTemplate\":\"https:\/\/experienciadevida.com.ar\/portalurbano\/?s={search_term_string}\"},\"query-input\":\"required name=search_term_string\"}],\"inLanguage\":\"es\"},{\"@type\":\"Organization\",\"@id\":\"https:\/\/experienciadevida.com.ar\/portalurbano\/#organization\",\"name\":\"Portal Urbano\",\"url\":\"https:\/\/experienciadevida.com.ar\/portalurbano\/\",\"logo\":{\"@type\":\"ImageObject\",\"inLanguage\":\"es\",\"@id\":\"https:\/\/experienciadevida.com.ar\/portalurbano\/#\/schema\/logo\/image\/\",\"url\":\"https:\/\/experienciadevida.com.ar\/portalurbano\/wp-content\/uploads\/2019\/09\/Logo-Original.png\",\"contentUrl\":\"https:\/\/experienciadevida.com.ar\/portalurbano\/wp-content\/uploads\/2019\/09\/Logo-Original.png\",\"width\":2236,\"height\":1216,\"caption\":\"Portal Urbano\"},\"image\":{\"@id\":\"https:\/\/experienciadevida.com.ar\/portalurbano\/#\/schema\/logo\/image\/\"},\"sameAs\":[\"https:\/\/www.facebook.com\/Portal-Urbano-171542830093757\/\",\"https:\/\/twitter.com\/portalurbanook\",\"https:\/\/www.instagram.com\/_portalurbano\/\",\"https:\/\/www.youtube.com\/channel\/UCXhagIfszH8KxFiOok79zbA?view_as=subscriber\"]},{\"@type\":\"Person\",\"@id\":\"https:\/\/experienciadevida.com.ar\/portalurbano\/#\/schema\/person\/02dd326b1c4b056e9cc972486934a3a7\",\"name\":\"admpu17wp\",\"image\":{\"@type\":\"ImageObject\",\"inLanguage\":\"es\",\"@id\":\"https:\/\/experienciadevida.com.ar\/portalurbano\/#\/schema\/person\/image\/\",\"url\":\"https:\/\/secure.gravatar.com\/avatar\/830d4c57adaae6630765e449a6908047?s=96&d=mm&r=g\",\"contentUrl\":\"https:\/\/secure.gravatar.com\/avatar\/830d4c57adaae6630765e449a6908047?s=96&d=mm&r=g\",\"caption\":\"admpu17wp\"}}]}<\/script>\n<!-- \/ Yoast SEO plugin. -->","yoast_head_json":{"title":"M\u00e1s olavarrienses recibir\u00e1n certificados de capacitaci\u00f3n","description":"M\u00e1s olavarrienses recibir\u00e1n certificados de capacitaci\u00f3n del Potenciar Trabajo, as\u00ed lo informaron los concejales Eduardo Rodr\u00edguez e In\u00e9s","robots":{"index":"index","follow":"follow","max-snippet":"max-snippet:-1","max-image-preview":"max-image-preview:large","max-video-preview":"max-video-preview:-1"},"canonical":"https:\/\/experienciadevida.com.ar\/portalurbano\/mas-olavarrienses-recibiran-certificados-de-capacitacion-del-potenciar-trabajo\/","og_locale":"es_ES","og_type":"article","og_title":"M\u00e1s olavarrienses recibir\u00e1n certificados de capacitaci\u00f3n","og_description":"M\u00e1s olavarrienses recibir\u00e1n certificados de capacitaci\u00f3n del Potenciar Trabajo, as\u00ed lo informaron los concejales Eduardo Rodr\u00edguez e In\u00e9s","og_url":"https:\/\/experienciadevida.com.ar\/portalurbano\/mas-olavarrienses-recibiran-certificados-de-capacitacion-del-potenciar-trabajo\/","article_publisher":"https:\/\/www.facebook.com\/Portal-Urbano-171542830093757\/","article_published_time":"2021-06-11T13:15:48+00:00","article_modified_time":"2021-06-11T13:23:17+00:00","og_image":[{"width":1280,"height":960,"url":"https:\/\/experienciadevida.com.ar\/portalurbano\/wp-content\/uploads\/2021\/06\/Mas-olavarrienses-recibiran-certificados.jpeg","type":"image\/jpeg"}],"author":"admpu17wp","twitter_card":"summary_large_image","twitter_creator":"@portalurbanook","twitter_site":"@portalurbanook","twitter_misc":{"Escrito por":"admpu17wp","Tiempo de lectura":"2 minutos"},"schema":{"@context":"https:\/\/schema.org","@graph":[{"@type":"Article","@id":"https:\/\/experienciadevida.com.ar\/portalurbano\/mas-olavarrienses-recibiran-certificados-de-capacitacion-del-potenciar-trabajo\/#article","isPartOf":{"@id":"https:\/\/experienciadevida.com.ar\/portalurbano\/mas-olavarrienses-recibiran-certificados-de-capacitacion-del-potenciar-trabajo\/"},"author":{"name":"admpu17wp","@id":"https:\/\/experienciadevida.com.ar\/portalurbano\/#\/schema\/person\/02dd326b1c4b056e9cc972486934a3a7"},"headline":"M\u00e1s olavarrienses recibir\u00e1n certificados de capacitaci\u00f3n del Potenciar Trabajo","datePublished":"2021-06-11T13:15:48+00:00","dateModified":"2021-06-11T13:23:17+00:00","mainEntityOfPage":{"@id":"https:\/\/experienciadevida.com.ar\/portalurbano\/mas-olavarrienses-recibiran-certificados-de-capacitacion-del-potenciar-trabajo\/"},"wordCount":502,"publisher":{"@id":"https:\/\/experienciadevida.com.ar\/portalurbano\/#organization"},"articleSection":["Ciudad","Destacadas"],"inLanguage":"es"},{"@type":"WebPage","@id":"https:\/\/experienciadevida.com.ar\/portalurbano\/mas-olavarrienses-recibiran-certificados-de-capacitacion-del-potenciar-trabajo\/","url":"https:\/\/experienciadevida.com.ar\/portalurbano\/mas-olavarrienses-recibiran-certificados-de-capacitacion-del-potenciar-trabajo\/","name":"M\u00e1s olavarrienses recibir\u00e1n certificados de capacitaci\u00f3n","isPartOf":{"@id":"https:\/\/experienciadevida.com.ar\/portalurbano\/#website"},"datePublished":"2021-06-11T13:15:48+00:00","dateModified":"2021-06-11T13:23:17+00:00","description":"M\u00e1s olavarrienses recibir\u00e1n certificados de capacitaci\u00f3n del Potenciar Trabajo, as\u00ed lo informaron los concejales Eduardo Rodr\u00edguez e In\u00e9s","breadcrumb":{"@id":"https:\/\/experienciadevida.com.ar\/portalurbano\/mas-olavarrienses-recibiran-certificados-de-capacitacion-del-potenciar-trabajo\/#breadcrumb"},"inLanguage":"es","potentialAction":[{"@type":"ReadAction","target":["https:\/\/experienciadevida.com.ar\/portalurbano\/mas-olavarrienses-recibiran-certificados-de-capacitacion-del-potenciar-trabajo\/"]}]},{"@type":"BreadcrumbList","@id":"https:\/\/experienciadevida.com.ar\/portalurbano\/mas-olavarrienses-recibiran-certificados-de-capacitacion-del-potenciar-trabajo\/#breadcrumb","itemListElement":[{"@type":"ListItem","position":1,"name":"Portada","item":"https:\/\/experienciadevida.com.ar\/portalurbano\/"},{"@type":"ListItem","position":2,"name":"M\u00e1s olavarrienses recibir\u00e1n certificados de capacitaci\u00f3n del Potenciar Trabajo"}]},{"@type":"WebSite","@id":"https:\/\/experienciadevida.com.ar\/portalurbano\/#website","url":"https:\/\/experienciadevida.com.ar\/portalurbano\/","name":"","description":"","publisher":{"@id":"https:\/\/experienciadevida.com.ar\/portalurbano\/#organization"},"potentialAction":[{"@type":"SearchAction","target":{"@type":"EntryPoint","urlTemplate":"https:\/\/experienciadevida.com.ar\/portalurbano\/?s={search_term_string}"},"query-input":"required name=search_term_string"}],"inLanguage":"es"},{"@type":"Organization","@id":"https:\/\/experienciadevida.com.ar\/portalurbano\/#organization","name":"Portal Urbano","url":"https:\/\/experienciadevida.com.ar\/portalurbano\/","logo":{"@type":"ImageObject","inLanguage":"es","@id":"https:\/\/experienciadevida.com.ar\/portalurbano\/#\/schema\/logo\/image\/","url":"https:\/\/experienciadevida.com.ar\/portalurbano\/wp-content\/uploads\/2019\/09\/Logo-Original.png","contentUrl":"https:\/\/experienciadevida.com.ar\/portalurbano\/wp-content\/uploads\/2019\/09\/Logo-Original.png","width":2236,"height":1216,"caption":"Portal Urbano"},"image":{"@id":"https:\/\/experienciadevida.com.ar\/portalurbano\/#\/schema\/logo\/image\/"},"sameAs":["https:\/\/www.facebook.com\/Portal-Urbano-171542830093757\/","https:\/\/twitter.com\/portalurbanook","https:\/\/www.instagram.com\/_portalurbano\/","https:\/\/www.youtube.com\/channel\/UCXhagIfszH8KxFiOok79zbA?view_as=subscriber"]},{"@type":"Person","@id":"https:\/\/experienciadevida.com.ar\/portalurbano\/#\/schema\/person\/02dd326b1c4b056e9cc972486934a3a7","name":"admpu17wp","image":{"@type":"ImageObject","inLanguage":"es","@id":"https:\/\/experienciadevida.com.ar\/portalurbano\/#\/schema\/person\/image\/","url":"https:\/\/secure.gravatar.com\/avatar\/830d4c57adaae6630765e449a6908047?s=96&d=mm&r=g","contentUrl":"https:\/\/secure.gravatar.com\/avatar\/830d4c57adaae6630765e449a6908047?s=96&d=mm&r=g","caption":"admpu17wp"}}]}},"featured_image_urls":{"full":["https:\/\/experienciadevida.com.ar\/portalurbano\/wp-content\/uploads\/2021\/06\/Mas-olavarrienses-recibiran-certificados.jpeg",1280,960,false],"thumbnail":["https:\/\/experienciadevida.com.ar\/portalurbano\/wp-content\/uploads\/2021\/06\/Mas-olavarrienses-recibiran-certificados-150x150.jpeg",150,150,true],"medium":["https:\/\/experienciadevida.com.ar\/portalurbano\/wp-content\/uploads\/2021\/06\/Mas-olavarrienses-recibiran-certificados-300x225.jpeg",300,225,true],"medium_large":["https:\/\/experienciadevida.com.ar\/portalurbano\/wp-content\/uploads\/2021\/06\/Mas-olavarrienses-recibiran-certificados-768x576.jpeg",640,480,true],"large":["https:\/\/experienciadevida.com.ar\/portalurbano\/wp-content\/uploads\/2021\/06\/Mas-olavarrienses-recibiran-certificados-1024x768.jpeg",640,480,true],"ug_big":["https:\/\/experienciadevida.com.ar\/portalurbano\/wp-content\/uploads\/2021\/06\/Mas-olavarrienses-recibiran-certificados-768x576.jpeg",768,576,true],"1536x1536":["https:\/\/experienciadevida.com.ar\/portalurbano\/wp-content\/uploads\/2021\/06\/Mas-olavarrienses-recibiran-certificados.jpeg",1280,960,false],"2048x2048":["https:\/\/experienciadevida.com.ar\/portalurbano\/wp-content\/uploads\/2021\/06\/Mas-olavarrienses-recibiran-certificados.jpeg",1280,960,false],"newsever-slider-full":["https:\/\/experienciadevida.com.ar\/portalurbano\/wp-content\/uploads\/2021\/06\/Mas-olavarrienses-recibiran-certificados.jpeg",1127,845,false],"newsever-featured":["https:\/\/experienciadevida.com.ar\/portalurbano\/wp-content\/uploads\/2021\/06\/Mas-olavarrienses-recibiran-certificados.jpeg",1024,768,false],"newsever-medium":["https:\/\/experienciadevida.com.ar\/portalurbano\/wp-content\/uploads\/2021\/06\/Mas-olavarrienses-recibiran-certificados.jpeg",633,475,false],"web-stories-poster-portrait":["https:\/\/experienciadevida.com.ar\/portalurbano\/wp-content\/uploads\/2021\/06\/Mas-olavarrienses-recibiran-certificados.jpeg",640,480,false],"web-stories-publisher-logo":["https:\/\/experienciadevida.com.ar\/portalurbano\/wp-content\/uploads\/2021\/06\/Mas-olavarrienses-recibiran-certificados.jpeg",96,72,false],"web-stories-thumbnail":["https:\/\/experienciadevida.com.ar\/portalurbano\/wp-content\/uploads\/2021\/06\/Mas-olavarrienses-recibiran-certificados.jpeg",150,113,false]},"author_info":{"display_name":"admpu17wp","author_link":"https:\/\/experienciadevida.com.ar\/portalurbano\/author\/admpu17wp\/"},"category_info":"<a href=\"https:\/\/experienciadevida.com.ar\/portalurbano\/category\/ciudad\/\" rel=\"category tag\">Ciudad<\/a> <a href=\"https:\/\/experienciadevida.com.ar\/portalurbano\/category\/destacadas\/\" rel=\"category tag\">Destacadas<\/a>","tag_info":"Destacadas","comment_count":"0","amp_enabled":true,"_links":{"self":[{"href":"https:\/\/experienciadevida.com.ar\/portalurbano\/wp-json\/wp\/v2\/posts\/144906"}],"collection":[{"href":"https:\/\/experienciadevida.com.ar\/portalurbano\/wp-json\/wp\/v2\/posts"}],"about":[{"href":"https:\/\/experienciadevida.com.ar\/portalurbano\/wp-json\/wp\/v2\/types\/post"}],"author":[{"embeddable":true,"href":"https:\/\/experienciadevida.com.ar\/portalurbano\/wp-json\/wp\/v2\/users\/1"}],"replies":[{"embeddable":true,"href":"https:\/\/experienciadevida.com.ar\/portalurbano\/wp-json\/wp\/v2\/comments?post=144906"}],"version-history":[{"count":2,"href":"https:\/\/experienciadevida.com.ar\/portalurbano\/wp-json\/wp\/v2\/posts\/144906\/revisions"}],"predecessor-version":[{"id":144909,"href":"https:\/\/experienciadevida.com.ar\/portalurbano\/wp-json\/wp\/v2\/posts\/144906\/revisions\/144909"}],"wp:featuredmedia":[{"embeddable":true,"href":"https:\/\/experienciadevida.com.ar\/portalurbano\/wp-json\/wp\/v2\/media\/144907"}],"wp:attachment":[{"href":"https:\/\/experienciadevida.com.ar\/portalurbano\/wp-json\/wp\/v2\/media?parent=144906"}],"wp:term":[{"taxonomy":"category","embeddable":true,"href":"https:\/\/experienciadevida.com.ar\/portalurbano\/wp-json\/wp\/v2\/categories?post=144906"},{"taxonomy":"post_tag","embeddable":true,"href":"https:\/\/experienciadevida.com.ar\/portalurbano\/wp-json\/wp\/v2\/tags?post=144906"}],"curies":[{"name":"wp","href":"https:\/\/api.w.org\/{rel}","templated":true}]}}