{"id":144902,"date":"2021-06-11T09:44:35","date_gmt":"2021-06-11T12:44:35","guid":{"rendered":"https:\/\/experienciadevida.com.ar\/portalurbano\/?p=144902"},"modified":"2021-06-11T10:11:54","modified_gmt":"2021-06-11T13:11:54","slug":"jornada-nacional-de-lucha-por-el-aguinaldo-para-trabajadores-del-programa-potenciar-trabajo","status":"publish","type":"post","link":"https:\/\/experienciadevida.com.ar\/portalurbano\/jornada-nacional-de-lucha-por-el-aguinaldo-para-trabajadores-del-programa-potenciar-trabajo\/","title":{"rendered":"Jornada Nacional de Lucha por el Aguinaldo para trabajadores del programa Potenciar Trabajo"},"content":{"rendered":"<p>Jornada Nacional de Lucha por el Aguinaldo para trabajadores del programa Potenciar Trabajo, este viernes en todo el pa\u00eds, miles de trabajadores estamos obligados a ganar las calles producto de una situaci\u00f3n econ\u00f3mica y salarial que deja nuestras familias en la miseria, con los ya conocidos datos de casi el 50% de la poblaci\u00f3n por debajo de la l\u00ednea de pobreza, es decir casi 20 millones de personas y cinco millones de indigentes.<\/p>\n<p>Casi 1 mill\u00f3n de trabajadores del programa Potenciar Trabajo, que es un sistema de precarizaci\u00f3n laboral impulsado por el Gobierno Nacional, que incluye a compa\u00f1eras y compa\u00f1eros que realizamos tareas en comedores populares, merenderos, centros de atenci\u00f3n a la infancia y a los adultos, limpieza de espacios p\u00fablicos y comunitarios entre otras actividades, venimos soportando un ingreso de miseria por nuestro trabajo, que est\u00e1 escandalosamente en la mitad de la canasta de indigencia, es decir $12.000 por mes!<\/p>\n<p>Es indiscutible que con este ingreso, que est\u00e1 destinado a la cabeza de familia, es decir que incluye el sostenimiento de un n\u00facleo familiar, alguien pueda siquiera pensar en comer todos los d\u00edas.<\/p>\n<p>Jornada nacional de lucha, desde el Polo Obrero de Olavarr\u00eda nos movilizaremos con distanciamiento y cuidados para reclamar como trabajadores un derecho conquistado hace d\u00e9cadas: UN AGUINALDO de mediado de a\u00f1o, que en nuestro caso deber\u00eda ser un salario completo.<\/p>\n<p>Reclamamos como trabajadores que se nos reconozca ese derecho que deber\u00edamos tener todos los trabajadores en la Argentina. Adem\u00e1s lo hacemos como forma de recuperar algo de lo perdido en el \u00faltimo per\u00edodo, en el que se fij\u00f3 un salario m\u00ednimo vital y m\u00f3vil de $24.000 para este mes, un salario de hambre.<\/p>\n<p>Salimos tambi\u00e9n para que se reabra esa discusi\u00f3n en lo inmediato, para fijar un salario m\u00ednimo que est\u00e9 por lo menos en la canasta b\u00e1sica para todes les trabajadores en Argentina. Junto a esto, llevamos al gobierno municipal el reclamo de la asistencia integral a los comedores populares de los barrios.<\/p>\n<p>Desde las 10 hs en todo el pa\u00eds habr\u00e1 cortes y piquetes por este reclamo. En nuestra ciudad nos concentramos a las 11:30 hs en frente al municipio.<\/p>\n","protected":false},"excerpt":{"rendered":"<p>Jornada Nacional de Lucha por el Aguinaldo para trabajadores del programa Potenciar Trabajo, este viernes&#8230;<\/p>\n","protected":false},"author":1,"featured_media":144903,"comment_status":"closed","ping_status":"closed","sticky":false,"template":"","format":"standard","meta":{"content-type":""},"categories":[27,64],"tags":[],"nelio_content":{"isAutoShareEnabled":false,"autoShareEndMode":"default","automationSources":{"useContentSentences":true,"useSocialTemplates":true,"useCustomSentences":false,"customSentences":[]},"followers":[1],"suggestedReferences":[],"includedReferences":[],"efiUrl":"","efiAlt":"","highlights":[]},"yoast_head":"<!-- This site is optimized with the Yoast SEO plugin v20.7 - https:\/\/yoast.com\/wordpress\/plugins\/seo\/ -->\n<title>Jornada nacional de lucha por el aguinaldo para trabajadores<\/title>\n<meta name=\"description\" content=\"Jornada Nacional de Lucha por el Aguinaldo para trabajadores del programa Potenciar Trabajo, este viernes en todo el pa\u00eds saldr\u00e1n a la calle\" \/>\n<meta name=\"robots\" content=\"index, follow, max-snippet:-1, max-image-preview:large, max-video-preview:-1\" \/>\n<link rel=\"canonical\" href=\"https:\/\/experienciadevida.com.ar\/portalurbano\/jornada-nacional-de-lucha-por-el-aguinaldo-para-trabajadores-del-programa-potenciar-trabajo\/\" \/>\n<meta property=\"og:locale\" content=\"es_ES\" \/>\n<meta property=\"og:type\" content=\"article\" \/>\n<meta property=\"og:title\" content=\"Jornada nacional de lucha por el aguinaldo para trabajadores\" \/>\n<meta property=\"og:description\" content=\"Jornada Nacional de Lucha por el Aguinaldo para trabajadores del programa Potenciar Trabajo, este viernes en todo el pa\u00eds saldr\u00e1n a la calle\" \/>\n<meta property=\"og:url\" content=\"https:\/\/experienciadevida.com.ar\/portalurbano\/jornada-nacional-de-lucha-por-el-aguinaldo-para-trabajadores-del-programa-potenciar-trabajo\/\" \/>\n<meta property=\"article:publisher\" content=\"https:\/\/www.facebook.com\/Portal-Urbano-171542830093757\/\" \/>\n<meta property=\"article:published_time\" content=\"2021-06-11T12:44:35+00:00\" \/>\n<meta property=\"article:modified_time\" content=\"2021-06-11T13:11:54+00:00\" \/>\n<meta property=\"og:image\" content=\"https:\/\/experienciadevida.com.ar\/portalurbano\/wp-content\/uploads\/2021\/06\/Jornada-Nacional-de-Lucha.jpg\" \/>\n\t<meta property=\"og:image:width\" content=\"1100\" \/>\n\t<meta property=\"og:image:height\" content=\"1100\" \/>\n\t<meta property=\"og:image:type\" content=\"image\/jpeg\" \/>\n<meta name=\"author\" content=\"admpu17wp\" \/>\n<meta name=\"twitter:card\" content=\"summary_large_image\" \/>\n<meta name=\"twitter:creator\" content=\"@portalurbanook\" \/>\n<meta name=\"twitter:site\" content=\"@portalurbanook\" \/>\n<meta name=\"twitter:label1\" content=\"Escrito por\" \/>\n\t<meta name=\"twitter:data1\" content=\"admpu17wp\" \/>\n\t<meta name=\"twitter:label2\" content=\"Tiempo de lectura\" \/>\n\t<meta name=\"twitter:data2\" content=\"2 minutos\" \/>\n<script type=\"application\/ld+json\" class=\"yoast-schema-graph\">{\"@context\":\"https:\/\/schema.org\",\"@graph\":[{\"@type\":\"Article\",\"@id\":\"https:\/\/experienciadevida.com.ar\/portalurbano\/jornada-nacional-de-lucha-por-el-aguinaldo-para-trabajadores-del-programa-potenciar-trabajo\/#article\",\"isPartOf\":{\"@id\":\"https:\/\/experienciadevida.com.ar\/portalurbano\/jornada-nacional-de-lucha-por-el-aguinaldo-para-trabajadores-del-programa-potenciar-trabajo\/\"},\"author\":{\"name\":\"admpu17wp\",\"@id\":\"https:\/\/experienciadevida.com.ar\/portalurbano\/#\/schema\/person\/02dd326b1c4b056e9cc972486934a3a7\"},\"headline\":\"Jornada Nacional de Lucha por el Aguinaldo para trabajadores del programa Potenciar Trabajo\",\"datePublished\":\"2021-06-11T12:44:35+00:00\",\"dateModified\":\"2021-06-11T13:11:54+00:00\",\"mainEntityOfPage\":{\"@id\":\"https:\/\/experienciadevida.com.ar\/portalurbano\/jornada-nacional-de-lucha-por-el-aguinaldo-para-trabajadores-del-programa-potenciar-trabajo\/\"},\"wordCount\":389,\"publisher\":{\"@id\":\"https:\/\/experienciadevida.com.ar\/portalurbano\/#organization\"},\"articleSection\":[\"Ciudad\",\"Destacadas 2\"],\"inLanguage\":\"es\"},{\"@type\":\"WebPage\",\"@id\":\"https:\/\/experienciadevida.com.ar\/portalurbano\/jornada-nacional-de-lucha-por-el-aguinaldo-para-trabajadores-del-programa-potenciar-trabajo\/\",\"url\":\"https:\/\/experienciadevida.com.ar\/portalurbano\/jornada-nacional-de-lucha-por-el-aguinaldo-para-trabajadores-del-programa-potenciar-trabajo\/\",\"name\":\"Jornada nacional de lucha por el aguinaldo para trabajadores\",\"isPartOf\":{\"@id\":\"https:\/\/experienciadevida.com.ar\/portalurbano\/#website\"},\"datePublished\":\"2021-06-11T12:44:35+00:00\",\"dateModified\":\"2021-06-11T13:11:54+00:00\",\"description\":\"Jornada Nacional de Lucha por el Aguinaldo para trabajadores del programa Potenciar Trabajo, este viernes en todo el pa\u00eds saldr\u00e1n a la calle\",\"breadcrumb\":{\"@id\":\"https:\/\/experienciadevida.com.ar\/portalurbano\/jornada-nacional-de-lucha-por-el-aguinaldo-para-trabajadores-del-programa-potenciar-trabajo\/#breadcrumb\"},\"inLanguage\":\"es\",\"potentialAction\":[{\"@type\":\"ReadAction\",\"target\":[\"https:\/\/experienciadevida.com.ar\/portalurbano\/jornada-nacional-de-lucha-por-el-aguinaldo-para-trabajadores-del-programa-potenciar-trabajo\/\"]}]},{\"@type\":\"BreadcrumbList\",\"@id\":\"https:\/\/experienciadevida.com.ar\/portalurbano\/jornada-nacional-de-lucha-por-el-aguinaldo-para-trabajadores-del-programa-potenciar-trabajo\/#breadcrumb\",\"itemListElement\":[{\"@type\":\"ListItem\",\"position\":1,\"name\":\"Portada\",\"item\":\"https:\/\/experienciadevida.com.ar\/portalurbano\/\"},{\"@type\":\"ListItem\",\"position\":2,\"name\":\"Jornada Nacional de Lucha por el Aguinaldo para trabajadores del programa Potenciar Trabajo\"}]},{\"@type\":\"WebSite\",\"@id\":\"https:\/\/experienciadevida.com.ar\/portalurbano\/#website\",\"url\":\"https:\/\/experienciadevida.com.ar\/portalurbano\/\",\"name\":\"\",\"description\":\"\",\"publisher\":{\"@id\":\"https:\/\/experienciadevida.com.ar\/portalurbano\/#organization\"},\"potentialAction\":[{\"@type\":\"SearchAction\",\"target\":{\"@type\":\"EntryPoint\",\"urlTemplate\":\"https:\/\/experienciadevida.com.ar\/portalurbano\/?s={search_term_string}\"},\"query-input\":\"required name=search_term_string\"}],\"inLanguage\":\"es\"},{\"@type\":\"Organization\",\"@id\":\"https:\/\/experienciadevida.com.ar\/portalurbano\/#organization\",\"name\":\"Portal Urbano\",\"url\":\"https:\/\/experienciadevida.com.ar\/portalurbano\/\",\"logo\":{\"@type\":\"ImageObject\",\"inLanguage\":\"es\",\"@id\":\"https:\/\/experienciadevida.com.ar\/portalurbano\/#\/schema\/logo\/image\/\",\"url\":\"https:\/\/experienciadevida.com.ar\/portalurbano\/wp-content\/uploads\/2019\/09\/Logo-Original.png\",\"contentUrl\":\"https:\/\/experienciadevida.com.ar\/portalurbano\/wp-content\/uploads\/2019\/09\/Logo-Original.png\",\"width\":2236,\"height\":1216,\"caption\":\"Portal Urbano\"},\"image\":{\"@id\":\"https:\/\/experienciadevida.com.ar\/portalurbano\/#\/schema\/logo\/image\/\"},\"sameAs\":[\"https:\/\/www.facebook.com\/Portal-Urbano-171542830093757\/\",\"https:\/\/twitter.com\/portalurbanook\",\"https:\/\/www.instagram.com\/_portalurbano\/\",\"https:\/\/www.youtube.com\/channel\/UCXhagIfszH8KxFiOok79zbA?view_as=subscriber\"]},{\"@type\":\"Person\",\"@id\":\"https:\/\/experienciadevida.com.ar\/portalurbano\/#\/schema\/person\/02dd326b1c4b056e9cc972486934a3a7\",\"name\":\"admpu17wp\",\"image\":{\"@type\":\"ImageObject\",\"inLanguage\":\"es\",\"@id\":\"https:\/\/experienciadevida.com.ar\/portalurbano\/#\/schema\/person\/image\/\",\"url\":\"https:\/\/secure.gravatar.com\/avatar\/830d4c57adaae6630765e449a6908047?s=96&d=mm&r=g\",\"contentUrl\":\"https:\/\/secure.gravatar.com\/avatar\/830d4c57adaae6630765e449a6908047?s=96&d=mm&r=g\",\"caption\":\"admpu17wp\"}}]}<\/script>\n<!-- \/ Yoast SEO plugin. -->","yoast_head_json":{"title":"Jornada nacional de lucha por el aguinaldo para trabajadores","description":"Jornada Nacional de Lucha por el Aguinaldo para trabajadores del programa Potenciar Trabajo, este viernes en todo el pa\u00eds saldr\u00e1n a la calle","robots":{"index":"index","follow":"follow","max-snippet":"max-snippet:-1","max-image-preview":"max-image-preview:large","max-video-preview":"max-video-preview:-1"},"canonical":"https:\/\/experienciadevida.com.ar\/portalurbano\/jornada-nacional-de-lucha-por-el-aguinaldo-para-trabajadores-del-programa-potenciar-trabajo\/","og_locale":"es_ES","og_type":"article","og_title":"Jornada nacional de lucha por el aguinaldo para trabajadores","og_description":"Jornada Nacional de Lucha por el Aguinaldo para trabajadores del programa Potenciar Trabajo, este viernes en todo el pa\u00eds saldr\u00e1n a la calle","og_url":"https:\/\/experienciadevida.com.ar\/portalurbano\/jornada-nacional-de-lucha-por-el-aguinaldo-para-trabajadores-del-programa-potenciar-trabajo\/","article_publisher":"https:\/\/www.facebook.com\/Portal-Urbano-171542830093757\/","article_published_time":"2021-06-11T12:44:35+00:00","article_modified_time":"2021-06-11T13:11:54+00:00","og_image":[{"width":1100,"height":1100,"url":"https:\/\/experienciadevida.com.ar\/portalurbano\/wp-content\/uploads\/2021\/06\/Jornada-Nacional-de-Lucha.jpg","type":"image\/jpeg"}],"author":"admpu17wp","twitter_card":"summary_large_image","twitter_creator":"@portalurbanook","twitter_site":"@portalurbanook","twitter_misc":{"Escrito por":"admpu17wp","Tiempo de lectura":"2 minutos"},"schema":{"@context":"https:\/\/schema.org","@graph":[{"@type":"Article","@id":"https:\/\/experienciadevida.com.ar\/portalurbano\/jornada-nacional-de-lucha-por-el-aguinaldo-para-trabajadores-del-programa-potenciar-trabajo\/#article","isPartOf":{"@id":"https:\/\/experienciadevida.com.ar\/portalurbano\/jornada-nacional-de-lucha-por-el-aguinaldo-para-trabajadores-del-programa-potenciar-trabajo\/"},"author":{"name":"admpu17wp","@id":"https:\/\/experienciadevida.com.ar\/portalurbano\/#\/schema\/person\/02dd326b1c4b056e9cc972486934a3a7"},"headline":"Jornada Nacional de Lucha por el Aguinaldo para trabajadores del programa Potenciar Trabajo","datePublished":"2021-06-11T12:44:35+00:00","dateModified":"2021-06-11T13:11:54+00:00","mainEntityOfPage":{"@id":"https:\/\/experienciadevida.com.ar\/portalurbano\/jornada-nacional-de-lucha-por-el-aguinaldo-para-trabajadores-del-programa-potenciar-trabajo\/"},"wordCount":389,"publisher":{"@id":"https:\/\/experienciadevida.com.ar\/portalurbano\/#organization"},"articleSection":["Ciudad","Destacadas 2"],"inLanguage":"es"},{"@type":"WebPage","@id":"https:\/\/experienciadevida.com.ar\/portalurbano\/jornada-nacional-de-lucha-por-el-aguinaldo-para-trabajadores-del-programa-potenciar-trabajo\/","url":"https:\/\/experienciadevida.com.ar\/portalurbano\/jornada-nacional-de-lucha-por-el-aguinaldo-para-trabajadores-del-programa-potenciar-trabajo\/","name":"Jornada nacional de lucha por el aguinaldo para trabajadores","isPartOf":{"@id":"https:\/\/experienciadevida.com.ar\/portalurbano\/#website"},"datePublished":"2021-06-11T12:44:35+00:00","dateModified":"2021-06-11T13:11:54+00:00","description":"Jornada Nacional de Lucha por el Aguinaldo para trabajadores del programa Potenciar Trabajo, este viernes en todo el pa\u00eds saldr\u00e1n a la calle","breadcrumb":{"@id":"https:\/\/experienciadevida.com.ar\/portalurbano\/jornada-nacional-de-lucha-por-el-aguinaldo-para-trabajadores-del-programa-potenciar-trabajo\/#breadcrumb"},"inLanguage":"es","potentialAction":[{"@type":"ReadAction","target":["https:\/\/experienciadevida.com.ar\/portalurbano\/jornada-nacional-de-lucha-por-el-aguinaldo-para-trabajadores-del-programa-potenciar-trabajo\/"]}]},{"@type":"BreadcrumbList","@id":"https:\/\/experienciadevida.com.ar\/portalurbano\/jornada-nacional-de-lucha-por-el-aguinaldo-para-trabajadores-del-programa-potenciar-trabajo\/#breadcrumb","itemListElement":[{"@type":"ListItem","position":1,"name":"Portada","item":"https:\/\/experienciadevida.com.ar\/portalurbano\/"},{"@type":"ListItem","position":2,"name":"Jornada Nacional de Lucha por el Aguinaldo para trabajadores del programa Potenciar Trabajo"}]},{"@type":"WebSite","@id":"https:\/\/experienciadevida.com.ar\/portalurbano\/#website","url":"https:\/\/experienciadevida.com.ar\/portalurbano\/","name":"","description":"","publisher":{"@id":"https:\/\/experienciadevida.com.ar\/portalurbano\/#organization"},"potentialAction":[{"@type":"SearchAction","target":{"@type":"EntryPoint","urlTemplate":"https:\/\/experienciadevida.com.ar\/portalurbano\/?s={search_term_string}"},"query-input":"required name=search_term_string"}],"inLanguage":"es"},{"@type":"Organization","@id":"https:\/\/experienciadevida.com.ar\/portalurbano\/#organization","name":"Portal Urbano","url":"https:\/\/experienciadevida.com.ar\/portalurbano\/","logo":{"@type":"ImageObject","inLanguage":"es","@id":"https:\/\/experienciadevida.com.ar\/portalurbano\/#\/schema\/logo\/image\/","url":"https:\/\/experienciadevida.com.ar\/portalurbano\/wp-content\/uploads\/2019\/09\/Logo-Original.png","contentUrl":"https:\/\/experienciadevida.com.ar\/portalurbano\/wp-content\/uploads\/2019\/09\/Logo-Original.png","width":2236,"height":1216,"caption":"Portal Urbano"},"image":{"@id":"https:\/\/experienciadevida.com.ar\/portalurbano\/#\/schema\/logo\/image\/"},"sameAs":["https:\/\/www.facebook.com\/Portal-Urbano-171542830093757\/","https:\/\/twitter.com\/portalurbanook","https:\/\/www.instagram.com\/_portalurbano\/","https:\/\/www.youtube.com\/channel\/UCXhagIfszH8KxFiOok79zbA?view_as=subscriber"]},{"@type":"Person","@id":"https:\/\/experienciadevida.com.ar\/portalurbano\/#\/schema\/person\/02dd326b1c4b056e9cc972486934a3a7","name":"admpu17wp","image":{"@type":"ImageObject","inLanguage":"es","@id":"https:\/\/experienciadevida.com.ar\/portalurbano\/#\/schema\/person\/image\/","url":"https:\/\/secure.gravatar.com\/avatar\/830d4c57adaae6630765e449a6908047?s=96&d=mm&r=g","contentUrl":"https:\/\/secure.gravatar.com\/avatar\/830d4c57adaae6630765e449a6908047?s=96&d=mm&r=g","caption":"admpu17wp"}}]}},"featured_image_urls":{"full":["https:\/\/experienciadevida.com.ar\/portalurbano\/wp-content\/uploads\/2021\/06\/Jornada-Nacional-de-Lucha.jpg",1100,1100,false],"thumbnail":["https:\/\/experienciadevida.com.ar\/portalurbano\/wp-content\/uploads\/2021\/06\/Jornada-Nacional-de-Lucha-150x150.jpg",150,150,true],"medium":["https:\/\/experienciadevida.com.ar\/portalurbano\/wp-content\/uploads\/2021\/06\/Jornada-Nacional-de-Lucha-300x300.jpg",300,300,true],"medium_large":["https:\/\/experienciadevida.com.ar\/portalurbano\/wp-content\/uploads\/2021\/06\/Jornada-Nacional-de-Lucha-768x768.jpg",640,640,true],"large":["https:\/\/experienciadevida.com.ar\/portalurbano\/wp-content\/uploads\/2021\/06\/Jornada-Nacional-de-Lucha-1024x1024.jpg",640,640,true],"ug_big":["https:\/\/experienciadevida.com.ar\/portalurbano\/wp-content\/uploads\/2021\/06\/Jornada-Nacional-de-Lucha-768x768.jpg",768,768,true],"1536x1536":["https:\/\/experienciadevida.com.ar\/portalurbano\/wp-content\/uploads\/2021\/06\/Jornada-Nacional-de-Lucha.jpg",1100,1100,false],"2048x2048":["https:\/\/experienciadevida.com.ar\/portalurbano\/wp-content\/uploads\/2021\/06\/Jornada-Nacional-de-Lucha.jpg",1100,1100,false],"newsever-slider-full":["https:\/\/experienciadevida.com.ar\/portalurbano\/wp-content\/uploads\/2021\/06\/Jornada-Nacional-de-Lucha.jpg",845,845,false],"newsever-featured":["https:\/\/experienciadevida.com.ar\/portalurbano\/wp-content\/uploads\/2021\/06\/Jornada-Nacional-de-Lucha.jpg",1024,1024,false],"newsever-medium":["https:\/\/experienciadevida.com.ar\/portalurbano\/wp-content\/uploads\/2021\/06\/Jornada-Nacional-de-Lucha.jpg",475,475,false],"web-stories-poster-portrait":["https:\/\/experienciadevida.com.ar\/portalurbano\/wp-content\/uploads\/2021\/06\/Jornada-Nacional-de-Lucha.jpg",640,640,false],"web-stories-publisher-logo":["https:\/\/experienciadevida.com.ar\/portalurbano\/wp-content\/uploads\/2021\/06\/Jornada-Nacional-de-Lucha.jpg",96,96,false],"web-stories-thumbnail":["https:\/\/experienciadevida.com.ar\/portalurbano\/wp-content\/uploads\/2021\/06\/Jornada-Nacional-de-Lucha.jpg",150,150,false]},"author_info":{"display_name":"admpu17wp","author_link":"https:\/\/experienciadevida.com.ar\/portalurbano\/author\/admpu17wp\/"},"category_info":"<a href=\"https:\/\/experienciadevida.com.ar\/portalurbano\/category\/ciudad\/\" rel=\"category tag\">Ciudad<\/a> <a href=\"https:\/\/experienciadevida.com.ar\/portalurbano\/category\/destacadas-2\/\" rel=\"category tag\">Destacadas 2<\/a>","tag_info":"Destacadas 2","comment_count":"0","amp_enabled":true,"_links":{"self":[{"href":"https:\/\/experienciadevida.com.ar\/portalurbano\/wp-json\/wp\/v2\/posts\/144902"}],"collection":[{"href":"https:\/\/experienciadevida.com.ar\/portalurbano\/wp-json\/wp\/v2\/posts"}],"about":[{"href":"https:\/\/experienciadevida.com.ar\/portalurbano\/wp-json\/wp\/v2\/types\/post"}],"author":[{"embeddable":true,"href":"https:\/\/experienciadevida.com.ar\/portalurbano\/wp-json\/wp\/v2\/users\/1"}],"replies":[{"embeddable":true,"href":"https:\/\/experienciadevida.com.ar\/portalurbano\/wp-json\/wp\/v2\/comments?post=144902"}],"version-history":[{"count":2,"href":"https:\/\/experienciadevida.com.ar\/portalurbano\/wp-json\/wp\/v2\/posts\/144902\/revisions"}],"predecessor-version":[{"id":144905,"href":"https:\/\/experienciadevida.com.ar\/portalurbano\/wp-json\/wp\/v2\/posts\/144902\/revisions\/144905"}],"wp:featuredmedia":[{"embeddable":true,"href":"https:\/\/experienciadevida.com.ar\/portalurbano\/wp-json\/wp\/v2\/media\/144903"}],"wp:attachment":[{"href":"https:\/\/experienciadevida.com.ar\/portalurbano\/wp-json\/wp\/v2\/media?parent=144902"}],"wp:term":[{"taxonomy":"category","embeddable":true,"href":"https:\/\/experienciadevida.com.ar\/portalurbano\/wp-json\/wp\/v2\/categories?post=144902"},{"taxonomy":"post_tag","embeddable":true,"href":"https:\/\/experienciadevida.com.ar\/portalurbano\/wp-json\/wp\/v2\/tags?post=144902"}],"curies":[{"name":"wp","href":"https:\/\/api.w.org\/{rel}","templated":true}]}}