{"id":144859,"date":"2021-06-10T13:15:10","date_gmt":"2021-06-10T16:15:10","guid":{"rendered":"https:\/\/experienciadevida.com.ar\/portalurbano\/?p=144859"},"modified":"2021-06-10T13:21:14","modified_gmt":"2021-06-10T16:21:14","slug":"ezequiel-galli-encabezo-el-26o-acto-de-entrega-de-microcreditos-conami","status":"publish","type":"post","link":"https:\/\/experienciadevida.com.ar\/portalurbano\/ezequiel-galli-encabezo-el-26o-acto-de-entrega-de-microcreditos-conami\/","title":{"rendered":"Ezequiel Galli encabez\u00f3 el 26\u00ba acto de entrega de microcr\u00e9ditos CoNaMi"},"content":{"rendered":"<p>Ezequiel Galli encabez\u00f3 el 26\u00ba acto de entrega de microcr\u00e9ditos CoNaMi, fue en la jornada de este jueves.<\/p>\n<p>Se trata de la primera entrega crediticia con la actualizaci\u00f3n del monto: a partir de la fecha, los beneficiarios recibir\u00e1n un cr\u00e9dito de 80 mil pesos a restituir en 24 cuotas, a los fines de contribuir al fondo rotatorio.<\/p>\n<p>Acompa\u00f1aron al <a href=\"https:\/\/www.facebook.com\/galliezequiel\">Intendente<\/a> el Secretario de Desarrollo Econ\u00f3mico Julio Valetutto y el Director de Econom\u00eda Social Leonardo Maiola.<\/p>\n<p>Al respecto, Galli consider\u00f3: \u201cPara nosotros es muy lindo poder entregar este tipo de ayuda, para que puedan continuar y crecer en sus proyectos. El emprendedorismo creci\u00f3 mucho en tiempos de pandemia y es una actividad a la que queremos acompa\u00f1ar\u201d.<\/p>\n<p>Ezequiel Galli encabez\u00f3 el 26\u00b0 acto de entrega de microcr\u00e9ditos\u201cPara los que reciben el segundo (cr\u00e9dito) que venga un tercero y para quienes es el primero que puedan contar con el segundo m\u00e1s adelante\u201d, concluy\u00f3 el Intendente.<\/p>\n<p>En esta oportunidad, los beneficiarios son cuatro emprendedores locales de distintos rubros, los cuales se detallan a continuaci\u00f3n:<\/p>\n<p>\u2013 Mat\u00edas Vel\u00e1zquez: Dise\u00f1o e impresi\u00f3n 3D. El monto crediticio se destinar\u00e1 a la compra de una PC de escritorio y bobinas de filamento de varios colores para ampliar el stock. Actualmente posee tres impresoras, se encuentra en etapa de crecimiento.<\/p>\n<p>El emprendimiento de Vel\u00e1zquez constituye su ingreso principal y surgi\u00f3 luego de participar de los cursos de Impresi\u00f3n 3D del Club Social de Innovaci\u00f3n. Vel\u00e1zquez participa activamente de todos los programas impulsados por la Secretar\u00eda.<\/p>\n<p>\u2013 Mar\u00eda Cruz Hatrick: dise\u00f1o y fabricaci\u00f3n de juguetes de madera (recr\u00e9dito). El monto crediticio se destinar\u00e1 a la compra de placas de MDF, pintura y barnices. Se trata del segundo financiamiento CoNaMi de este emprendimiento familiar, el cual constituye el ingreso principal. Sus titulares participan activamente de todos los programas impulsados por la Secretar\u00eda.<\/p>\n<p>\u2013 In\u00e9s Mabel Mu\u00f1oz: confecci\u00f3n de prendas de vestir y arreglos varios. El monto crediticio se destinar\u00e1 a la compra de maquina recta industrial e insumos.<\/p>\n<p>La emprendedora hace m\u00e1s de cinco a\u00f1os se dedica a esta actividad. Realiz\u00f3 gran cantidad de capacitaciones y talleres para perfeccionar sus habilidades en el sector.<\/p>\n<p>\u2013 Luciano Idiart: dise\u00f1o gr\u00e1fico. El monto crediticio se destinar\u00e1 a la compra de una C\u00e1mara Sony e insumos.<\/p>\n<p>Este emprendimiento posee m\u00e1s de dos a\u00f1os de antig\u00fcedad, y es el ingreso familiar principal.<\/p>\n<p>La CoNaMi fue creada por la Ley N\u00ba 26.117 para implementar el Programa Nacional de Microcr\u00e9dito para la Econom\u00eda Social. Sus acciones forman parte de la estrategia integral de desarrollo productivo con inclusi\u00f3n social que impulsa el Ministerio de Desarrollo Social de la Naci\u00f3n.<\/p>\n<p>Dicha Comisi\u00f3n tiene como objetivos:<\/p>\n<p>\u2013 Facilitar el acceso al microcr\u00e9dito a quienes necesiten capital para fortalecer sus emprendimientos productivos, de servicio y\/o consumo.<\/p>\n<p>\u2013 Fortalecer a las organizaciones sociales para que el microcr\u00e9dito sea una herramienta para la inclusi\u00f3n social y la construcci\u00f3n de una econom\u00eda social y solidaria.<\/p>\n<p>\u2013 Consolidar una red de trabajo para el desarrollo de pol\u00edticas integrales entre el Estado Nacional y las organizaciones sociales.<\/p>\n<p>Para m\u00e1s informaci\u00f3n comunicarse con la Direcci\u00f3n de Econom\u00eda Social de la Secretar\u00eda de Desarrollo Econ\u00f3mico, ubicada en calle Moreno 2765, al tel\u00e9fono 422135\/95 o por correo electr\u00f3nico a: economia.social@olavarria.gov.ar.<\/p>\n<p><a href=\"https:\/\/experienciadevida.com.ar\/portalurbano\/ezequiel-galli-encabezo-el-26o-acto-de-entrega-de-microcreditos-conami\/ezequiel-galli-4\/\" rel=\"attachment wp-att-144863\"><img decoding=\"async\" class=\"alignnone size-large wp-image-144863\" src=\"https:\/\/experienciadevida.com.ar\/portalurbano\/wp-content\/uploads\/2021\/06\/Ezequiel-Galli-1024x684.jpg\" alt=\"Ezequiel Galli\" width=\"900\" height=\"601\" \/><\/a><\/p>\n<p><a href=\"https:\/\/experienciadevida.com.ar\/portalurbano\/ezequiel-galli-encabezo-el-26o-acto-de-entrega-de-microcreditos-conami\/encabezo\/\" rel=\"attachment wp-att-144864\"><img decoding=\"async\" class=\"alignnone size-large wp-image-144864\" src=\"https:\/\/experienciadevida.com.ar\/portalurbano\/wp-content\/uploads\/2021\/06\/encabezo-1024x684.jpg\" alt=\"encabez\u00f3 \" width=\"900\" height=\"601\" \/><\/a><\/p>\n<p><a href=\"https:\/\/experienciadevida.com.ar\/portalurbano\/ezequiel-galli-encabezo-el-26o-acto-de-entrega-de-microcreditos-conami\/de-entrega-microcreditos-3-scaled\/\" rel=\"attachment wp-att-144865\"><img decoding=\"async\" class=\"alignnone size-large wp-image-144865\" src=\"https:\/\/experienciadevida.com.ar\/portalurbano\/wp-content\/uploads\/2021\/06\/DE-Entrega-Microcreditos-3-scaled-1-1024x684.jpg\" alt=\"\" width=\"900\" height=\"601\" \/><\/a><\/p>\n<p><a href=\"https:\/\/experienciadevida.com.ar\/portalurbano\/ezequiel-galli-encabezo-el-26o-acto-de-entrega-de-microcreditos-conami\/de-entrega-microcreditos-1-scaled\/\" rel=\"attachment wp-att-144866\"><img decoding=\"async\" class=\"alignnone size-large wp-image-144866\" src=\"https:\/\/experienciadevida.com.ar\/portalurbano\/wp-content\/uploads\/2021\/06\/DE-Entrega-Microcreditos-1-scaled-1-1024x684.jpg\" alt=\"\" width=\"900\" height=\"601\" \/><\/a><\/p>\n","protected":false},"excerpt":{"rendered":"<p>Ezequiel Galli encabez\u00f3 el 26\u00ba acto de entrega de microcr\u00e9ditos CoNaMi, fue en la jornada&#8230;<\/p>\n","protected":false},"author":1,"featured_media":144860,"comment_status":"closed","ping_status":"closed","sticky":false,"template":"","format":"standard","meta":{"content-type":""},"categories":[27,51],"tags":[],"nelio_content":{"isAutoShareEnabled":false,"autoShareEndMode":"default","automationSources":{"useContentSentences":true,"useSocialTemplates":true,"useCustomSentences":false,"customSentences":[]},"followers":[1],"suggestedReferences":[],"includedReferences":[],"efiUrl":"","efiAlt":"","highlights":[]},"yoast_head":"<!-- This site is optimized with the Yoast SEO plugin v20.7 - https:\/\/yoast.com\/wordpress\/plugins\/seo\/ -->\n<title>Ezequiel Galli encabez\u00f3 el 26\u00b0 acto de entrega de microcr\u00e9ditos CoNaMi<\/title>\n<meta name=\"description\" content=\"Ezequiel Galli encabez\u00f3 el 26\u00ba acto de entrega de microcr\u00e9ditos CoNaMi, fue en la jornada de este jueves en la Municipalidad.\" \/>\n<meta name=\"robots\" content=\"index, follow, max-snippet:-1, max-image-preview:large, max-video-preview:-1\" \/>\n<link rel=\"canonical\" href=\"https:\/\/experienciadevida.com.ar\/portalurbano\/ezequiel-galli-encabezo-el-26o-acto-de-entrega-de-microcreditos-conami\/\" \/>\n<meta property=\"og:locale\" content=\"es_ES\" \/>\n<meta property=\"og:type\" content=\"article\" \/>\n<meta property=\"og:title\" content=\"Ezequiel Galli encabez\u00f3 el 26\u00b0 acto de entrega de microcr\u00e9ditos CoNaMi\" \/>\n<meta property=\"og:description\" content=\"Ezequiel Galli encabez\u00f3 el 26\u00ba acto de entrega de microcr\u00e9ditos CoNaMi, fue en la jornada de este jueves en la Municipalidad.\" \/>\n<meta property=\"og:url\" content=\"https:\/\/experienciadevida.com.ar\/portalurbano\/ezequiel-galli-encabezo-el-26o-acto-de-entrega-de-microcreditos-conami\/\" \/>\n<meta property=\"article:publisher\" content=\"https:\/\/www.facebook.com\/Portal-Urbano-171542830093757\/\" \/>\n<meta property=\"article:published_time\" content=\"2021-06-10T16:15:10+00:00\" \/>\n<meta property=\"article:modified_time\" content=\"2021-06-10T16:21:14+00:00\" \/>\n<meta property=\"og:image\" content=\"https:\/\/experienciadevida.com.ar\/portalurbano\/wp-content\/uploads\/2021\/06\/Ezequiel-Galli-encabezo-el-e1623341700708.jpg\" \/>\n\t<meta property=\"og:image:width\" content=\"765\" \/>\n\t<meta property=\"og:image:height\" content=\"511\" \/>\n\t<meta property=\"og:image:type\" content=\"image\/jpeg\" \/>\n<meta name=\"author\" content=\"admpu17wp\" \/>\n<meta name=\"twitter:card\" content=\"summary_large_image\" \/>\n<meta name=\"twitter:creator\" content=\"@portalurbanook\" \/>\n<meta name=\"twitter:site\" content=\"@portalurbanook\" \/>\n<meta name=\"twitter:label1\" content=\"Escrito por\" \/>\n\t<meta name=\"twitter:data1\" content=\"admpu17wp\" \/>\n\t<meta name=\"twitter:label2\" content=\"Tiempo de lectura\" \/>\n\t<meta name=\"twitter:data2\" content=\"3 minutos\" \/>\n<script type=\"application\/ld+json\" class=\"yoast-schema-graph\">{\"@context\":\"https:\/\/schema.org\",\"@graph\":[{\"@type\":\"Article\",\"@id\":\"https:\/\/experienciadevida.com.ar\/portalurbano\/ezequiel-galli-encabezo-el-26o-acto-de-entrega-de-microcreditos-conami\/#article\",\"isPartOf\":{\"@id\":\"https:\/\/experienciadevida.com.ar\/portalurbano\/ezequiel-galli-encabezo-el-26o-acto-de-entrega-de-microcreditos-conami\/\"},\"author\":{\"name\":\"admpu17wp\",\"@id\":\"https:\/\/experienciadevida.com.ar\/portalurbano\/#\/schema\/person\/02dd326b1c4b056e9cc972486934a3a7\"},\"headline\":\"Ezequiel Galli encabez\u00f3 el 26\u00ba acto de entrega de microcr\u00e9ditos CoNaMi\",\"datePublished\":\"2021-06-10T16:15:10+00:00\",\"dateModified\":\"2021-06-10T16:21:14+00:00\",\"mainEntityOfPage\":{\"@id\":\"https:\/\/experienciadevida.com.ar\/portalurbano\/ezequiel-galli-encabezo-el-26o-acto-de-entrega-de-microcreditos-conami\/\"},\"wordCount\":591,\"publisher\":{\"@id\":\"https:\/\/experienciadevida.com.ar\/portalurbano\/#organization\"},\"articleSection\":[\"Ciudad\",\"Destacadas\"],\"inLanguage\":\"es\"},{\"@type\":\"WebPage\",\"@id\":\"https:\/\/experienciadevida.com.ar\/portalurbano\/ezequiel-galli-encabezo-el-26o-acto-de-entrega-de-microcreditos-conami\/\",\"url\":\"https:\/\/experienciadevida.com.ar\/portalurbano\/ezequiel-galli-encabezo-el-26o-acto-de-entrega-de-microcreditos-conami\/\",\"name\":\"Ezequiel Galli encabez\u00f3 el 26\u00b0 acto de entrega de microcr\u00e9ditos CoNaMi\",\"isPartOf\":{\"@id\":\"https:\/\/experienciadevida.com.ar\/portalurbano\/#website\"},\"datePublished\":\"2021-06-10T16:15:10+00:00\",\"dateModified\":\"2021-06-10T16:21:14+00:00\",\"description\":\"Ezequiel Galli encabez\u00f3 el 26\u00ba acto de entrega de microcr\u00e9ditos CoNaMi, fue en la jornada de este jueves en la Municipalidad.\",\"breadcrumb\":{\"@id\":\"https:\/\/experienciadevida.com.ar\/portalurbano\/ezequiel-galli-encabezo-el-26o-acto-de-entrega-de-microcreditos-conami\/#breadcrumb\"},\"inLanguage\":\"es\",\"potentialAction\":[{\"@type\":\"ReadAction\",\"target\":[\"https:\/\/experienciadevida.com.ar\/portalurbano\/ezequiel-galli-encabezo-el-26o-acto-de-entrega-de-microcreditos-conami\/\"]}]},{\"@type\":\"BreadcrumbList\",\"@id\":\"https:\/\/experienciadevida.com.ar\/portalurbano\/ezequiel-galli-encabezo-el-26o-acto-de-entrega-de-microcreditos-conami\/#breadcrumb\",\"itemListElement\":[{\"@type\":\"ListItem\",\"position\":1,\"name\":\"Portada\",\"item\":\"https:\/\/experienciadevida.com.ar\/portalurbano\/\"},{\"@type\":\"ListItem\",\"position\":2,\"name\":\"Ezequiel Galli encabez\u00f3 el 26\u00ba acto de entrega de microcr\u00e9ditos CoNaMi\"}]},{\"@type\":\"WebSite\",\"@id\":\"https:\/\/experienciadevida.com.ar\/portalurbano\/#website\",\"url\":\"https:\/\/experienciadevida.com.ar\/portalurbano\/\",\"name\":\"\",\"description\":\"\",\"publisher\":{\"@id\":\"https:\/\/experienciadevida.com.ar\/portalurbano\/#organization\"},\"potentialAction\":[{\"@type\":\"SearchAction\",\"target\":{\"@type\":\"EntryPoint\",\"urlTemplate\":\"https:\/\/experienciadevida.com.ar\/portalurbano\/?s={search_term_string}\"},\"query-input\":\"required name=search_term_string\"}],\"inLanguage\":\"es\"},{\"@type\":\"Organization\",\"@id\":\"https:\/\/experienciadevida.com.ar\/portalurbano\/#organization\",\"name\":\"Portal Urbano\",\"url\":\"https:\/\/experienciadevida.com.ar\/portalurbano\/\",\"logo\":{\"@type\":\"ImageObject\",\"inLanguage\":\"es\",\"@id\":\"https:\/\/experienciadevida.com.ar\/portalurbano\/#\/schema\/logo\/image\/\",\"url\":\"https:\/\/experienciadevida.com.ar\/portalurbano\/wp-content\/uploads\/2019\/09\/Logo-Original.png\",\"contentUrl\":\"https:\/\/experienciadevida.com.ar\/portalurbano\/wp-content\/uploads\/2019\/09\/Logo-Original.png\",\"width\":2236,\"height\":1216,\"caption\":\"Portal Urbano\"},\"image\":{\"@id\":\"https:\/\/experienciadevida.com.ar\/portalurbano\/#\/schema\/logo\/image\/\"},\"sameAs\":[\"https:\/\/www.facebook.com\/Portal-Urbano-171542830093757\/\",\"https:\/\/twitter.com\/portalurbanook\",\"https:\/\/www.instagram.com\/_portalurbano\/\",\"https:\/\/www.youtube.com\/channel\/UCXhagIfszH8KxFiOok79zbA?view_as=subscriber\"]},{\"@type\":\"Person\",\"@id\":\"https:\/\/experienciadevida.com.ar\/portalurbano\/#\/schema\/person\/02dd326b1c4b056e9cc972486934a3a7\",\"name\":\"admpu17wp\",\"image\":{\"@type\":\"ImageObject\",\"inLanguage\":\"es\",\"@id\":\"https:\/\/experienciadevida.com.ar\/portalurbano\/#\/schema\/person\/image\/\",\"url\":\"https:\/\/secure.gravatar.com\/avatar\/830d4c57adaae6630765e449a6908047?s=96&d=mm&r=g\",\"contentUrl\":\"https:\/\/secure.gravatar.com\/avatar\/830d4c57adaae6630765e449a6908047?s=96&d=mm&r=g\",\"caption\":\"admpu17wp\"}}]}<\/script>\n<!-- \/ Yoast SEO plugin. -->","yoast_head_json":{"title":"Ezequiel Galli encabez\u00f3 el 26\u00b0 acto de entrega de microcr\u00e9ditos CoNaMi","description":"Ezequiel Galli encabez\u00f3 el 26\u00ba acto de entrega de microcr\u00e9ditos CoNaMi, fue en la jornada de este jueves en la Municipalidad.","robots":{"index":"index","follow":"follow","max-snippet":"max-snippet:-1","max-image-preview":"max-image-preview:large","max-video-preview":"max-video-preview:-1"},"canonical":"https:\/\/experienciadevida.com.ar\/portalurbano\/ezequiel-galli-encabezo-el-26o-acto-de-entrega-de-microcreditos-conami\/","og_locale":"es_ES","og_type":"article","og_title":"Ezequiel Galli encabez\u00f3 el 26\u00b0 acto de entrega de microcr\u00e9ditos CoNaMi","og_description":"Ezequiel Galli encabez\u00f3 el 26\u00ba acto de entrega de microcr\u00e9ditos CoNaMi, fue en la jornada de este jueves en la Municipalidad.","og_url":"https:\/\/experienciadevida.com.ar\/portalurbano\/ezequiel-galli-encabezo-el-26o-acto-de-entrega-de-microcreditos-conami\/","article_publisher":"https:\/\/www.facebook.com\/Portal-Urbano-171542830093757\/","article_published_time":"2021-06-10T16:15:10+00:00","article_modified_time":"2021-06-10T16:21:14+00:00","og_image":[{"width":765,"height":511,"url":"https:\/\/experienciadevida.com.ar\/portalurbano\/wp-content\/uploads\/2021\/06\/Ezequiel-Galli-encabezo-el-e1623341700708.jpg","type":"image\/jpeg"}],"author":"admpu17wp","twitter_card":"summary_large_image","twitter_creator":"@portalurbanook","twitter_site":"@portalurbanook","twitter_misc":{"Escrito por":"admpu17wp","Tiempo de lectura":"3 minutos"},"schema":{"@context":"https:\/\/schema.org","@graph":[{"@type":"Article","@id":"https:\/\/experienciadevida.com.ar\/portalurbano\/ezequiel-galli-encabezo-el-26o-acto-de-entrega-de-microcreditos-conami\/#article","isPartOf":{"@id":"https:\/\/experienciadevida.com.ar\/portalurbano\/ezequiel-galli-encabezo-el-26o-acto-de-entrega-de-microcreditos-conami\/"},"author":{"name":"admpu17wp","@id":"https:\/\/experienciadevida.com.ar\/portalurbano\/#\/schema\/person\/02dd326b1c4b056e9cc972486934a3a7"},"headline":"Ezequiel Galli encabez\u00f3 el 26\u00ba acto de entrega de microcr\u00e9ditos CoNaMi","datePublished":"2021-06-10T16:15:10+00:00","dateModified":"2021-06-10T16:21:14+00:00","mainEntityOfPage":{"@id":"https:\/\/experienciadevida.com.ar\/portalurbano\/ezequiel-galli-encabezo-el-26o-acto-de-entrega-de-microcreditos-conami\/"},"wordCount":591,"publisher":{"@id":"https:\/\/experienciadevida.com.ar\/portalurbano\/#organization"},"articleSection":["Ciudad","Destacadas"],"inLanguage":"es"},{"@type":"WebPage","@id":"https:\/\/experienciadevida.com.ar\/portalurbano\/ezequiel-galli-encabezo-el-26o-acto-de-entrega-de-microcreditos-conami\/","url":"https:\/\/experienciadevida.com.ar\/portalurbano\/ezequiel-galli-encabezo-el-26o-acto-de-entrega-de-microcreditos-conami\/","name":"Ezequiel Galli encabez\u00f3 el 26\u00b0 acto de entrega de microcr\u00e9ditos CoNaMi","isPartOf":{"@id":"https:\/\/experienciadevida.com.ar\/portalurbano\/#website"},"datePublished":"2021-06-10T16:15:10+00:00","dateModified":"2021-06-10T16:21:14+00:00","description":"Ezequiel Galli encabez\u00f3 el 26\u00ba acto de entrega de microcr\u00e9ditos CoNaMi, fue en la jornada de este jueves en la Municipalidad.","breadcrumb":{"@id":"https:\/\/experienciadevida.com.ar\/portalurbano\/ezequiel-galli-encabezo-el-26o-acto-de-entrega-de-microcreditos-conami\/#breadcrumb"},"inLanguage":"es","potentialAction":[{"@type":"ReadAction","target":["https:\/\/experienciadevida.com.ar\/portalurbano\/ezequiel-galli-encabezo-el-26o-acto-de-entrega-de-microcreditos-conami\/"]}]},{"@type":"BreadcrumbList","@id":"https:\/\/experienciadevida.com.ar\/portalurbano\/ezequiel-galli-encabezo-el-26o-acto-de-entrega-de-microcreditos-conami\/#breadcrumb","itemListElement":[{"@type":"ListItem","position":1,"name":"Portada","item":"https:\/\/experienciadevida.com.ar\/portalurbano\/"},{"@type":"ListItem","position":2,"name":"Ezequiel Galli encabez\u00f3 el 26\u00ba acto de entrega de microcr\u00e9ditos CoNaMi"}]},{"@type":"WebSite","@id":"https:\/\/experienciadevida.com.ar\/portalurbano\/#website","url":"https:\/\/experienciadevida.com.ar\/portalurbano\/","name":"","description":"","publisher":{"@id":"https:\/\/experienciadevida.com.ar\/portalurbano\/#organization"},"potentialAction":[{"@type":"SearchAction","target":{"@type":"EntryPoint","urlTemplate":"https:\/\/experienciadevida.com.ar\/portalurbano\/?s={search_term_string}"},"query-input":"required name=search_term_string"}],"inLanguage":"es"},{"@type":"Organization","@id":"https:\/\/experienciadevida.com.ar\/portalurbano\/#organization","name":"Portal Urbano","url":"https:\/\/experienciadevida.com.ar\/portalurbano\/","logo":{"@type":"ImageObject","inLanguage":"es","@id":"https:\/\/experienciadevida.com.ar\/portalurbano\/#\/schema\/logo\/image\/","url":"https:\/\/experienciadevida.com.ar\/portalurbano\/wp-content\/uploads\/2019\/09\/Logo-Original.png","contentUrl":"https:\/\/experienciadevida.com.ar\/portalurbano\/wp-content\/uploads\/2019\/09\/Logo-Original.png","width":2236,"height":1216,"caption":"Portal Urbano"},"image":{"@id":"https:\/\/experienciadevida.com.ar\/portalurbano\/#\/schema\/logo\/image\/"},"sameAs":["https:\/\/www.facebook.com\/Portal-Urbano-171542830093757\/","https:\/\/twitter.com\/portalurbanook","https:\/\/www.instagram.com\/_portalurbano\/","https:\/\/www.youtube.com\/channel\/UCXhagIfszH8KxFiOok79zbA?view_as=subscriber"]},{"@type":"Person","@id":"https:\/\/experienciadevida.com.ar\/portalurbano\/#\/schema\/person\/02dd326b1c4b056e9cc972486934a3a7","name":"admpu17wp","image":{"@type":"ImageObject","inLanguage":"es","@id":"https:\/\/experienciadevida.com.ar\/portalurbano\/#\/schema\/person\/image\/","url":"https:\/\/secure.gravatar.com\/avatar\/830d4c57adaae6630765e449a6908047?s=96&d=mm&r=g","contentUrl":"https:\/\/secure.gravatar.com\/avatar\/830d4c57adaae6630765e449a6908047?s=96&d=mm&r=g","caption":"admpu17wp"}}]}},"featured_image_urls":{"full":["https:\/\/experienciadevida.com.ar\/portalurbano\/wp-content\/uploads\/2021\/06\/Ezequiel-Galli-encabezo-el-e1623341700708.jpg",765,511,false],"thumbnail":["https:\/\/experienciadevida.com.ar\/portalurbano\/wp-content\/uploads\/2021\/06\/Ezequiel-Galli-encabezo-el-150x150.jpg",150,150,true],"medium":["https:\/\/experienciadevida.com.ar\/portalurbano\/wp-content\/uploads\/2021\/06\/Ezequiel-Galli-encabezo-el-300x201.jpg",300,201,true],"medium_large":["https:\/\/experienciadevida.com.ar\/portalurbano\/wp-content\/uploads\/2021\/06\/Ezequiel-Galli-encabezo-el-768x513.jpg",640,428,true],"large":["https:\/\/experienciadevida.com.ar\/portalurbano\/wp-content\/uploads\/2021\/06\/Ezequiel-Galli-encabezo-el-1024x684.jpg",640,428,true],"ug_big":["https:\/\/experienciadevida.com.ar\/portalurbano\/wp-content\/uploads\/2021\/06\/Ezequiel-Galli-encabezo-el-768x513.jpg",768,513,true],"1536x1536":["https:\/\/experienciadevida.com.ar\/portalurbano\/wp-content\/uploads\/2021\/06\/Ezequiel-Galli-encabezo-el-1536x1027.jpg",1536,1027,true],"2048x2048":["https:\/\/experienciadevida.com.ar\/portalurbano\/wp-content\/uploads\/2021\/06\/Ezequiel-Galli-encabezo-el-2048x1369.jpg",2048,1369,true],"newsever-slider-full":["https:\/\/experienciadevida.com.ar\/portalurbano\/wp-content\/uploads\/2021\/06\/Ezequiel-Galli-encabezo-el-e1623341700708.jpg",765,511,false],"newsever-featured":["https:\/\/experienciadevida.com.ar\/portalurbano\/wp-content\/uploads\/2021\/06\/Ezequiel-Galli-encabezo-el-e1623341700708.jpg",765,511,false],"newsever-medium":["https:\/\/experienciadevida.com.ar\/portalurbano\/wp-content\/uploads\/2021\/06\/Ezequiel-Galli-encabezo-el-e1623341700708.jpg",711,475,false],"web-stories-poster-portrait":["https:\/\/experienciadevida.com.ar\/portalurbano\/wp-content\/uploads\/2021\/06\/Ezequiel-Galli-encabezo-el-e1623341700708.jpg",640,428,false],"web-stories-publisher-logo":["https:\/\/experienciadevida.com.ar\/portalurbano\/wp-content\/uploads\/2021\/06\/Ezequiel-Galli-encabezo-el-e1623341700708.jpg",96,64,false],"web-stories-thumbnail":["https:\/\/experienciadevida.com.ar\/portalurbano\/wp-content\/uploads\/2021\/06\/Ezequiel-Galli-encabezo-el-e1623341700708.jpg",150,100,false]},"author_info":{"display_name":"admpu17wp","author_link":"https:\/\/experienciadevida.com.ar\/portalurbano\/author\/admpu17wp\/"},"category_info":"<a href=\"https:\/\/experienciadevida.com.ar\/portalurbano\/category\/ciudad\/\" rel=\"category tag\">Ciudad<\/a> <a href=\"https:\/\/experienciadevida.com.ar\/portalurbano\/category\/destacadas\/\" rel=\"category tag\">Destacadas<\/a>","tag_info":"Destacadas","comment_count":"0","amp_enabled":true,"_links":{"self":[{"href":"https:\/\/experienciadevida.com.ar\/portalurbano\/wp-json\/wp\/v2\/posts\/144859"}],"collection":[{"href":"https:\/\/experienciadevida.com.ar\/portalurbano\/wp-json\/wp\/v2\/posts"}],"about":[{"href":"https:\/\/experienciadevida.com.ar\/portalurbano\/wp-json\/wp\/v2\/types\/post"}],"author":[{"embeddable":true,"href":"https:\/\/experienciadevida.com.ar\/portalurbano\/wp-json\/wp\/v2\/users\/1"}],"replies":[{"embeddable":true,"href":"https:\/\/experienciadevida.com.ar\/portalurbano\/wp-json\/wp\/v2\/comments?post=144859"}],"version-history":[{"count":3,"href":"https:\/\/experienciadevida.com.ar\/portalurbano\/wp-json\/wp\/v2\/posts\/144859\/revisions"}],"predecessor-version":[{"id":144867,"href":"https:\/\/experienciadevida.com.ar\/portalurbano\/wp-json\/wp\/v2\/posts\/144859\/revisions\/144867"}],"wp:featuredmedia":[{"embeddable":true,"href":"https:\/\/experienciadevida.com.ar\/portalurbano\/wp-json\/wp\/v2\/media\/144860"}],"wp:attachment":[{"href":"https:\/\/experienciadevida.com.ar\/portalurbano\/wp-json\/wp\/v2\/media?parent=144859"}],"wp:term":[{"taxonomy":"category","embeddable":true,"href":"https:\/\/experienciadevida.com.ar\/portalurbano\/wp-json\/wp\/v2\/categories?post=144859"},{"taxonomy":"post_tag","embeddable":true,"href":"https:\/\/experienciadevida.com.ar\/portalurbano\/wp-json\/wp\/v2\/tags?post=144859"}],"curies":[{"name":"wp","href":"https:\/\/api.w.org\/{rel}","templated":true}]}}