{"id":144854,"date":"2021-06-11T11:41:59","date_gmt":"2021-06-11T14:41:59","guid":{"rendered":"https:\/\/experienciadevida.com.ar\/portalurbano\/?p=144854"},"modified":"2021-06-11T11:56:40","modified_gmt":"2021-06-11T14:56:40","slug":"solicitan-la-construccion-de-una-bicisenda-sobre-la-av-circunvalacion-hasta-la-rotonda-de-ingreso-a-los-parques-industriales","status":"publish","type":"post","link":"https:\/\/experienciadevida.com.ar\/portalurbano\/solicitan-la-construccion-de-una-bicisenda-sobre-la-av-circunvalacion-hasta-la-rotonda-de-ingreso-a-los-parques-industriales\/","title":{"rendered":"Solicitan la construcci\u00f3n de una bicisenda sobre la Av Circunvalaci\u00f3n hasta la rotonda de ingreso a los Parques Industriales"},"content":{"rendered":"<p>Solicitan la construcci\u00f3n de una bicisenda sobre la Av Circunvalaci\u00f3n hasta la rotonda de ingreso a los Parques Industriales, en el d\u00eda de ayer se realiz\u00f3 una nueva sesi\u00f3n del HCD, la misma es virtual y se puede ver nuevamente\u00a0 a trav\u00e9s de su canal oficial de <a href=\"https:\/\/www.youtube.com\/watch?v=h1BzeMIS_30\">youtube<\/a>.<\/p>\n<p>Uno de los temas que se trat\u00f3 fue el del interbloque Frente de Todos un proyecto de resoluci\u00f3n solicitando al DEM construir una bicisenda sobre la Avenida Circunvalaci\u00f3n desde la Avenida Del Valle y hasta la rotonda del ingreso a los parques industriales.<\/p>\n<p>El primero en tomar la palabra fue Ubaldo Garc\u00eda &#8220;es una solicitud de una resoluci\u00f3n para pedir la bicisenda de ese sector que es un sector muy transitado en los \u00faltimos tiempos sabemos que es la conexi\u00f3n de gran parte de la ciudad con el Parque Industrial, el acceso a los parques es generalmente de los trabajadores que se generan en horarios temprano entre las 6 y las\u00a0 8 de la ma\u00f1ana son horarios que en el invierno\u00a0 est\u00e1 de noche, son zonas de niebla en ese lugar realmente transitar temprano por ah\u00ed no se ve absolutamente nada. Muchos de los trabajadores de los parques van en bicicleta\u00a0 y han ocurrido accidentes por el lugar, es un lugar muy peligroso para transitar y creemos que hace falta generar una bicisenda desde ruta 226 hasta el acceso a los parques\u00a0 hay una bicisenda por lo tanto lo que faltar\u00eda ser\u00eda desde la rotonda del acceso a los parques a Del Valle&#8221;.<\/p>\n<p>Solicitan la construcci\u00f3n de una bicisenda &#8220;La misma ser\u00eda desde Avenida Col\u00f3n hacia la rotonda de acceso a los parques lo mas importante\u00a0 o podr\u00eda ser una primera etapa porque es fundamental de Col\u00f3n hasta Del Valle hasta san mart\u00edn precisamente esta el parque lineal ver alguna alternativa de tr\u00e1nsito por la zona pero igual ser\u00eda bueno hacer una bicisenda de punta a punta de esa forma tambi\u00e9n permitirle a las bicicletas que transiten con seguridad porque para ir medianamente seguro tienen que ir por la banquina y no est\u00e1 preparada para eso&#8221;.<\/p>\n<p>Luego habl\u00f3 Juan S\u00e1nchez &#8220;es una necesidad muy importante la que acaba de manifestar Ubaldo, ya que uno tiene la posibilidad de circular muchas veces por esa zona y todo lo que dijo de los trabajadores utilizan esa arteria en forma habitual y en muchos de los sectores por la cinta asf\u00e1ltica ya que es imposible circular por las banquinas. Mucho m\u00e1s donde una parte est\u00e1 siendo utilizada por colectivos, con lo que es sumamente dif\u00edcil que puedan circular por otro lado&#8221;.<\/p>\n<p>Mart\u00edn Lastape por su parte dijo &#8220;el a\u00f1o pasado en febrero presentamos un pedido con la misma solicitud fue aprobado por unanimidad en la sesi\u00f3n del a\u00f1o pasado, y no solo lo plante\u00e1bamos desde el punto de vista de los trabajadores que concurren a los parques industriales y a las diferentes f\u00e1bricas y lugares de trabajo que est\u00e1n ah\u00ed sino tambi\u00e9n lo ve\u00edamos por el tema de los alumnos que concurren a las escuelas cercanas&#8221;.<\/p>\n<p>Luego habl\u00f3 Eduardo Rodr\u00edguez ya que solicitan la construcci\u00f3n de una bicisenda &#8220;plantear la necesidad que el DEM pueda empezar a pensar proyectos integrales en la Avenida Circunvalaci\u00f3n porque como Avenida ya ha quedado totalmente integrada al eje urbano presenta desaf\u00edos muy importantes desde el punto de vista del desarrollo urban\u00edstico y sobre todo porque va a requerir a futuro porque ha quedado chica, la movilidad urbana adem\u00e1s del tr\u00e1nsito se complica. Esa zona tiene la complejidad del canal que corre en forma paralela un canal hidr\u00e1ulico que tambi\u00e9n como el canal de La Rioja en alg\u00fan momento en ese tramo tendr\u00e1 que estar prevista la canalizaci\u00f3n de manera tal que permita integrar toda esa zona de Olavarr\u00eda&#8221;.<\/p>\n<p>&#8220;Adem\u00e1s de plantear esta necesidad de una bicisenda pedir\u00eda al ejecutivo la necesidad de pensar un proyecto integral porque ya con la realizaci\u00f3n del parque lineal en la zona de circunvalaci\u00f3n es una zona que ha complejizado la reserva de tierras que estaba prevista para ampliar\u00a0 esa avenida&#8221;.<\/p>\n<p><strong>El proyecto fue aprobado por unanimidad <\/strong><\/p>\n","protected":false},"excerpt":{"rendered":"<p>Solicitan la construcci\u00f3n de una bicisenda sobre la Av Circunvalaci\u00f3n hasta la rotonda de ingreso&#8230;<\/p>\n","protected":false},"author":1,"featured_media":144868,"comment_status":"closed","ping_status":"closed","sticky":false,"template":"","format":"standard","meta":{"content-type":""},"categories":[64,43],"tags":[],"nelio_content":{"isAutoShareEnabled":false,"autoShareEndMode":"default","automationSources":{"useContentSentences":true,"useSocialTemplates":true,"useCustomSentences":false,"customSentences":[]},"followers":[1],"suggestedReferences":[],"includedReferences":["https:\/\/www.youtube.com\/watch?v=h1BzeMIS_30"],"efiUrl":"","efiAlt":"","highlights":[]},"yoast_head":"<!-- This site is optimized with the Yoast SEO plugin v20.7 - https:\/\/yoast.com\/wordpress\/plugins\/seo\/ -->\n<title>Solicitan la construcci\u00f3n de una bicisenda sobre la Av. Circulaci\u00f3n<\/title>\n<meta name=\"description\" content=\"Solicitan la construcci\u00f3n de una bicisenda sobre la Av Circunvalaci\u00f3n hasta la rotonda de ingreso a los Parques Industriales de Olavarr\u00eda\" \/>\n<meta name=\"robots\" content=\"index, follow, max-snippet:-1, max-image-preview:large, max-video-preview:-1\" \/>\n<link rel=\"canonical\" href=\"https:\/\/experienciadevida.com.ar\/portalurbano\/solicitan-la-construccion-de-una-bicisenda-sobre-la-av-circunvalacion-hasta-la-rotonda-de-ingreso-a-los-parques-industriales\/\" \/>\n<meta property=\"og:locale\" content=\"es_ES\" \/>\n<meta property=\"og:type\" content=\"article\" \/>\n<meta property=\"og:title\" content=\"Solicitan la construcci\u00f3n de una bicisenda sobre la Av. Circulaci\u00f3n\" \/>\n<meta property=\"og:description\" content=\"Solicitan la construcci\u00f3n de una bicisenda sobre la Av Circunvalaci\u00f3n hasta la rotonda de ingreso a los Parques Industriales de Olavarr\u00eda\" \/>\n<meta property=\"og:url\" content=\"https:\/\/experienciadevida.com.ar\/portalurbano\/solicitan-la-construccion-de-una-bicisenda-sobre-la-av-circunvalacion-hasta-la-rotonda-de-ingreso-a-los-parques-industriales\/\" \/>\n<meta property=\"article:publisher\" content=\"https:\/\/www.facebook.com\/Portal-Urbano-171542830093757\/\" \/>\n<meta property=\"article:published_time\" content=\"2021-06-11T14:41:59+00:00\" \/>\n<meta property=\"article:modified_time\" content=\"2021-06-11T14:56:40+00:00\" \/>\n<meta property=\"og:image\" content=\"https:\/\/experienciadevida.com.ar\/portalurbano\/wp-content\/uploads\/2021\/06\/SESION-CONCEJO-VIRTUAL.png\" \/>\n\t<meta property=\"og:image:width\" content=\"874\" \/>\n\t<meta property=\"og:image:height\" content=\"515\" \/>\n\t<meta property=\"og:image:type\" content=\"image\/png\" \/>\n<meta name=\"author\" content=\"admpu17wp\" \/>\n<meta name=\"twitter:card\" content=\"summary_large_image\" \/>\n<meta name=\"twitter:creator\" content=\"@portalurbanook\" \/>\n<meta name=\"twitter:site\" content=\"@portalurbanook\" \/>\n<meta name=\"twitter:label1\" content=\"Escrito por\" \/>\n\t<meta name=\"twitter:data1\" content=\"admpu17wp\" \/>\n\t<meta name=\"twitter:label2\" content=\"Tiempo de lectura\" \/>\n\t<meta name=\"twitter:data2\" content=\"3 minutos\" \/>\n<script type=\"application\/ld+json\" class=\"yoast-schema-graph\">{\"@context\":\"https:\/\/schema.org\",\"@graph\":[{\"@type\":\"Article\",\"@id\":\"https:\/\/experienciadevida.com.ar\/portalurbano\/solicitan-la-construccion-de-una-bicisenda-sobre-la-av-circunvalacion-hasta-la-rotonda-de-ingreso-a-los-parques-industriales\/#article\",\"isPartOf\":{\"@id\":\"https:\/\/experienciadevida.com.ar\/portalurbano\/solicitan-la-construccion-de-una-bicisenda-sobre-la-av-circunvalacion-hasta-la-rotonda-de-ingreso-a-los-parques-industriales\/\"},\"author\":{\"name\":\"admpu17wp\",\"@id\":\"https:\/\/experienciadevida.com.ar\/portalurbano\/#\/schema\/person\/02dd326b1c4b056e9cc972486934a3a7\"},\"headline\":\"Solicitan la construcci\u00f3n de una bicisenda sobre la Av Circunvalaci\u00f3n hasta la rotonda de ingreso a los Parques Industriales\",\"datePublished\":\"2021-06-11T14:41:59+00:00\",\"dateModified\":\"2021-06-11T14:56:40+00:00\",\"mainEntityOfPage\":{\"@id\":\"https:\/\/experienciadevida.com.ar\/portalurbano\/solicitan-la-construccion-de-una-bicisenda-sobre-la-av-circunvalacion-hasta-la-rotonda-de-ingreso-a-los-parques-industriales\/\"},\"wordCount\":742,\"publisher\":{\"@id\":\"https:\/\/experienciadevida.com.ar\/portalurbano\/#organization\"},\"articleSection\":[\"Destacadas 2\",\"Pol\u00edtica\"],\"inLanguage\":\"es\"},{\"@type\":\"WebPage\",\"@id\":\"https:\/\/experienciadevida.com.ar\/portalurbano\/solicitan-la-construccion-de-una-bicisenda-sobre-la-av-circunvalacion-hasta-la-rotonda-de-ingreso-a-los-parques-industriales\/\",\"url\":\"https:\/\/experienciadevida.com.ar\/portalurbano\/solicitan-la-construccion-de-una-bicisenda-sobre-la-av-circunvalacion-hasta-la-rotonda-de-ingreso-a-los-parques-industriales\/\",\"name\":\"Solicitan la construcci\u00f3n de una bicisenda sobre la Av. Circulaci\u00f3n\",\"isPartOf\":{\"@id\":\"https:\/\/experienciadevida.com.ar\/portalurbano\/#website\"},\"datePublished\":\"2021-06-11T14:41:59+00:00\",\"dateModified\":\"2021-06-11T14:56:40+00:00\",\"description\":\"Solicitan la construcci\u00f3n de una bicisenda sobre la Av Circunvalaci\u00f3n hasta la rotonda de ingreso a los Parques Industriales de Olavarr\u00eda\",\"breadcrumb\":{\"@id\":\"https:\/\/experienciadevida.com.ar\/portalurbano\/solicitan-la-construccion-de-una-bicisenda-sobre-la-av-circunvalacion-hasta-la-rotonda-de-ingreso-a-los-parques-industriales\/#breadcrumb\"},\"inLanguage\":\"es\",\"potentialAction\":[{\"@type\":\"ReadAction\",\"target\":[\"https:\/\/experienciadevida.com.ar\/portalurbano\/solicitan-la-construccion-de-una-bicisenda-sobre-la-av-circunvalacion-hasta-la-rotonda-de-ingreso-a-los-parques-industriales\/\"]}]},{\"@type\":\"BreadcrumbList\",\"@id\":\"https:\/\/experienciadevida.com.ar\/portalurbano\/solicitan-la-construccion-de-una-bicisenda-sobre-la-av-circunvalacion-hasta-la-rotonda-de-ingreso-a-los-parques-industriales\/#breadcrumb\",\"itemListElement\":[{\"@type\":\"ListItem\",\"position\":1,\"name\":\"Portada\",\"item\":\"https:\/\/experienciadevida.com.ar\/portalurbano\/\"},{\"@type\":\"ListItem\",\"position\":2,\"name\":\"Solicitan la construcci\u00f3n de una bicisenda sobre la Av Circunvalaci\u00f3n hasta la rotonda de ingreso a los Parques Industriales\"}]},{\"@type\":\"WebSite\",\"@id\":\"https:\/\/experienciadevida.com.ar\/portalurbano\/#website\",\"url\":\"https:\/\/experienciadevida.com.ar\/portalurbano\/\",\"name\":\"\",\"description\":\"\",\"publisher\":{\"@id\":\"https:\/\/experienciadevida.com.ar\/portalurbano\/#organization\"},\"potentialAction\":[{\"@type\":\"SearchAction\",\"target\":{\"@type\":\"EntryPoint\",\"urlTemplate\":\"https:\/\/experienciadevida.com.ar\/portalurbano\/?s={search_term_string}\"},\"query-input\":\"required name=search_term_string\"}],\"inLanguage\":\"es\"},{\"@type\":\"Organization\",\"@id\":\"https:\/\/experienciadevida.com.ar\/portalurbano\/#organization\",\"name\":\"Portal Urbano\",\"url\":\"https:\/\/experienciadevida.com.ar\/portalurbano\/\",\"logo\":{\"@type\":\"ImageObject\",\"inLanguage\":\"es\",\"@id\":\"https:\/\/experienciadevida.com.ar\/portalurbano\/#\/schema\/logo\/image\/\",\"url\":\"https:\/\/experienciadevida.com.ar\/portalurbano\/wp-content\/uploads\/2019\/09\/Logo-Original.png\",\"contentUrl\":\"https:\/\/experienciadevida.com.ar\/portalurbano\/wp-content\/uploads\/2019\/09\/Logo-Original.png\",\"width\":2236,\"height\":1216,\"caption\":\"Portal Urbano\"},\"image\":{\"@id\":\"https:\/\/experienciadevida.com.ar\/portalurbano\/#\/schema\/logo\/image\/\"},\"sameAs\":[\"https:\/\/www.facebook.com\/Portal-Urbano-171542830093757\/\",\"https:\/\/twitter.com\/portalurbanook\",\"https:\/\/www.instagram.com\/_portalurbano\/\",\"https:\/\/www.youtube.com\/channel\/UCXhagIfszH8KxFiOok79zbA?view_as=subscriber\"]},{\"@type\":\"Person\",\"@id\":\"https:\/\/experienciadevida.com.ar\/portalurbano\/#\/schema\/person\/02dd326b1c4b056e9cc972486934a3a7\",\"name\":\"admpu17wp\",\"image\":{\"@type\":\"ImageObject\",\"inLanguage\":\"es\",\"@id\":\"https:\/\/experienciadevida.com.ar\/portalurbano\/#\/schema\/person\/image\/\",\"url\":\"https:\/\/secure.gravatar.com\/avatar\/830d4c57adaae6630765e449a6908047?s=96&d=mm&r=g\",\"contentUrl\":\"https:\/\/secure.gravatar.com\/avatar\/830d4c57adaae6630765e449a6908047?s=96&d=mm&r=g\",\"caption\":\"admpu17wp\"}}]}<\/script>\n<!-- \/ Yoast SEO plugin. -->","yoast_head_json":{"title":"Solicitan la construcci\u00f3n de una bicisenda sobre la Av. Circulaci\u00f3n","description":"Solicitan la construcci\u00f3n de una bicisenda sobre la Av Circunvalaci\u00f3n hasta la rotonda de ingreso a los Parques Industriales de Olavarr\u00eda","robots":{"index":"index","follow":"follow","max-snippet":"max-snippet:-1","max-image-preview":"max-image-preview:large","max-video-preview":"max-video-preview:-1"},"canonical":"https:\/\/experienciadevida.com.ar\/portalurbano\/solicitan-la-construccion-de-una-bicisenda-sobre-la-av-circunvalacion-hasta-la-rotonda-de-ingreso-a-los-parques-industriales\/","og_locale":"es_ES","og_type":"article","og_title":"Solicitan la construcci\u00f3n de una bicisenda sobre la Av. Circulaci\u00f3n","og_description":"Solicitan la construcci\u00f3n de una bicisenda sobre la Av Circunvalaci\u00f3n hasta la rotonda de ingreso a los Parques Industriales de Olavarr\u00eda","og_url":"https:\/\/experienciadevida.com.ar\/portalurbano\/solicitan-la-construccion-de-una-bicisenda-sobre-la-av-circunvalacion-hasta-la-rotonda-de-ingreso-a-los-parques-industriales\/","article_publisher":"https:\/\/www.facebook.com\/Portal-Urbano-171542830093757\/","article_published_time":"2021-06-11T14:41:59+00:00","article_modified_time":"2021-06-11T14:56:40+00:00","og_image":[{"width":874,"height":515,"url":"https:\/\/experienciadevida.com.ar\/portalurbano\/wp-content\/uploads\/2021\/06\/SESION-CONCEJO-VIRTUAL.png","type":"image\/png"}],"author":"admpu17wp","twitter_card":"summary_large_image","twitter_creator":"@portalurbanook","twitter_site":"@portalurbanook","twitter_misc":{"Escrito por":"admpu17wp","Tiempo de lectura":"3 minutos"},"schema":{"@context":"https:\/\/schema.org","@graph":[{"@type":"Article","@id":"https:\/\/experienciadevida.com.ar\/portalurbano\/solicitan-la-construccion-de-una-bicisenda-sobre-la-av-circunvalacion-hasta-la-rotonda-de-ingreso-a-los-parques-industriales\/#article","isPartOf":{"@id":"https:\/\/experienciadevida.com.ar\/portalurbano\/solicitan-la-construccion-de-una-bicisenda-sobre-la-av-circunvalacion-hasta-la-rotonda-de-ingreso-a-los-parques-industriales\/"},"author":{"name":"admpu17wp","@id":"https:\/\/experienciadevida.com.ar\/portalurbano\/#\/schema\/person\/02dd326b1c4b056e9cc972486934a3a7"},"headline":"Solicitan la construcci\u00f3n de una bicisenda sobre la Av Circunvalaci\u00f3n hasta la rotonda de ingreso a los Parques Industriales","datePublished":"2021-06-11T14:41:59+00:00","dateModified":"2021-06-11T14:56:40+00:00","mainEntityOfPage":{"@id":"https:\/\/experienciadevida.com.ar\/portalurbano\/solicitan-la-construccion-de-una-bicisenda-sobre-la-av-circunvalacion-hasta-la-rotonda-de-ingreso-a-los-parques-industriales\/"},"wordCount":742,"publisher":{"@id":"https:\/\/experienciadevida.com.ar\/portalurbano\/#organization"},"articleSection":["Destacadas 2","Pol\u00edtica"],"inLanguage":"es"},{"@type":"WebPage","@id":"https:\/\/experienciadevida.com.ar\/portalurbano\/solicitan-la-construccion-de-una-bicisenda-sobre-la-av-circunvalacion-hasta-la-rotonda-de-ingreso-a-los-parques-industriales\/","url":"https:\/\/experienciadevida.com.ar\/portalurbano\/solicitan-la-construccion-de-una-bicisenda-sobre-la-av-circunvalacion-hasta-la-rotonda-de-ingreso-a-los-parques-industriales\/","name":"Solicitan la construcci\u00f3n de una bicisenda sobre la Av. Circulaci\u00f3n","isPartOf":{"@id":"https:\/\/experienciadevida.com.ar\/portalurbano\/#website"},"datePublished":"2021-06-11T14:41:59+00:00","dateModified":"2021-06-11T14:56:40+00:00","description":"Solicitan la construcci\u00f3n de una bicisenda sobre la Av Circunvalaci\u00f3n hasta la rotonda de ingreso a los Parques Industriales de Olavarr\u00eda","breadcrumb":{"@id":"https:\/\/experienciadevida.com.ar\/portalurbano\/solicitan-la-construccion-de-una-bicisenda-sobre-la-av-circunvalacion-hasta-la-rotonda-de-ingreso-a-los-parques-industriales\/#breadcrumb"},"inLanguage":"es","potentialAction":[{"@type":"ReadAction","target":["https:\/\/experienciadevida.com.ar\/portalurbano\/solicitan-la-construccion-de-una-bicisenda-sobre-la-av-circunvalacion-hasta-la-rotonda-de-ingreso-a-los-parques-industriales\/"]}]},{"@type":"BreadcrumbList","@id":"https:\/\/experienciadevida.com.ar\/portalurbano\/solicitan-la-construccion-de-una-bicisenda-sobre-la-av-circunvalacion-hasta-la-rotonda-de-ingreso-a-los-parques-industriales\/#breadcrumb","itemListElement":[{"@type":"ListItem","position":1,"name":"Portada","item":"https:\/\/experienciadevida.com.ar\/portalurbano\/"},{"@type":"ListItem","position":2,"name":"Solicitan la construcci\u00f3n de una bicisenda sobre la Av Circunvalaci\u00f3n hasta la rotonda de ingreso a los Parques Industriales"}]},{"@type":"WebSite","@id":"https:\/\/experienciadevida.com.ar\/portalurbano\/#website","url":"https:\/\/experienciadevida.com.ar\/portalurbano\/","name":"","description":"","publisher":{"@id":"https:\/\/experienciadevida.com.ar\/portalurbano\/#organization"},"potentialAction":[{"@type":"SearchAction","target":{"@type":"EntryPoint","urlTemplate":"https:\/\/experienciadevida.com.ar\/portalurbano\/?s={search_term_string}"},"query-input":"required name=search_term_string"}],"inLanguage":"es"},{"@type":"Organization","@id":"https:\/\/experienciadevida.com.ar\/portalurbano\/#organization","name":"Portal Urbano","url":"https:\/\/experienciadevida.com.ar\/portalurbano\/","logo":{"@type":"ImageObject","inLanguage":"es","@id":"https:\/\/experienciadevida.com.ar\/portalurbano\/#\/schema\/logo\/image\/","url":"https:\/\/experienciadevida.com.ar\/portalurbano\/wp-content\/uploads\/2019\/09\/Logo-Original.png","contentUrl":"https:\/\/experienciadevida.com.ar\/portalurbano\/wp-content\/uploads\/2019\/09\/Logo-Original.png","width":2236,"height":1216,"caption":"Portal Urbano"},"image":{"@id":"https:\/\/experienciadevida.com.ar\/portalurbano\/#\/schema\/logo\/image\/"},"sameAs":["https:\/\/www.facebook.com\/Portal-Urbano-171542830093757\/","https:\/\/twitter.com\/portalurbanook","https:\/\/www.instagram.com\/_portalurbano\/","https:\/\/www.youtube.com\/channel\/UCXhagIfszH8KxFiOok79zbA?view_as=subscriber"]},{"@type":"Person","@id":"https:\/\/experienciadevida.com.ar\/portalurbano\/#\/schema\/person\/02dd326b1c4b056e9cc972486934a3a7","name":"admpu17wp","image":{"@type":"ImageObject","inLanguage":"es","@id":"https:\/\/experienciadevida.com.ar\/portalurbano\/#\/schema\/person\/image\/","url":"https:\/\/secure.gravatar.com\/avatar\/830d4c57adaae6630765e449a6908047?s=96&d=mm&r=g","contentUrl":"https:\/\/secure.gravatar.com\/avatar\/830d4c57adaae6630765e449a6908047?s=96&d=mm&r=g","caption":"admpu17wp"}}]}},"featured_image_urls":{"full":["https:\/\/experienciadevida.com.ar\/portalurbano\/wp-content\/uploads\/2021\/06\/SESION-CONCEJO-VIRTUAL.png",874,515,false],"thumbnail":["https:\/\/experienciadevida.com.ar\/portalurbano\/wp-content\/uploads\/2021\/06\/SESION-CONCEJO-VIRTUAL-150x150.png",150,150,true],"medium":["https:\/\/experienciadevida.com.ar\/portalurbano\/wp-content\/uploads\/2021\/06\/SESION-CONCEJO-VIRTUAL-300x177.png",300,177,true],"medium_large":["https:\/\/experienciadevida.com.ar\/portalurbano\/wp-content\/uploads\/2021\/06\/SESION-CONCEJO-VIRTUAL-768x453.png",640,378,true],"large":["https:\/\/experienciadevida.com.ar\/portalurbano\/wp-content\/uploads\/2021\/06\/SESION-CONCEJO-VIRTUAL.png",640,377,false],"ug_big":["https:\/\/experienciadevida.com.ar\/portalurbano\/wp-content\/uploads\/2021\/06\/SESION-CONCEJO-VIRTUAL-768x453.png",768,453,true],"1536x1536":["https:\/\/experienciadevida.com.ar\/portalurbano\/wp-content\/uploads\/2021\/06\/SESION-CONCEJO-VIRTUAL.png",874,515,false],"2048x2048":["https:\/\/experienciadevida.com.ar\/portalurbano\/wp-content\/uploads\/2021\/06\/SESION-CONCEJO-VIRTUAL.png",874,515,false],"newsever-slider-full":["https:\/\/experienciadevida.com.ar\/portalurbano\/wp-content\/uploads\/2021\/06\/SESION-CONCEJO-VIRTUAL.png",874,515,false],"newsever-featured":["https:\/\/experienciadevida.com.ar\/portalurbano\/wp-content\/uploads\/2021\/06\/SESION-CONCEJO-VIRTUAL.png",874,515,false],"newsever-medium":["https:\/\/experienciadevida.com.ar\/portalurbano\/wp-content\/uploads\/2021\/06\/SESION-CONCEJO-VIRTUAL.png",720,424,false],"web-stories-poster-portrait":["https:\/\/experienciadevida.com.ar\/portalurbano\/wp-content\/uploads\/2021\/06\/SESION-CONCEJO-VIRTUAL.png",640,377,false],"web-stories-publisher-logo":["https:\/\/experienciadevida.com.ar\/portalurbano\/wp-content\/uploads\/2021\/06\/SESION-CONCEJO-VIRTUAL.png",96,57,false],"web-stories-thumbnail":["https:\/\/experienciadevida.com.ar\/portalurbano\/wp-content\/uploads\/2021\/06\/SESION-CONCEJO-VIRTUAL.png",150,88,false]},"author_info":{"display_name":"admpu17wp","author_link":"https:\/\/experienciadevida.com.ar\/portalurbano\/author\/admpu17wp\/"},"category_info":"<a href=\"https:\/\/experienciadevida.com.ar\/portalurbano\/category\/destacadas-2\/\" rel=\"category tag\">Destacadas 2<\/a> <a href=\"https:\/\/experienciadevida.com.ar\/portalurbano\/category\/politica\/\" rel=\"category tag\">Pol\u00edtica<\/a>","tag_info":"Pol\u00edtica","comment_count":"0","amp_enabled":true,"_links":{"self":[{"href":"https:\/\/experienciadevida.com.ar\/portalurbano\/wp-json\/wp\/v2\/posts\/144854"}],"collection":[{"href":"https:\/\/experienciadevida.com.ar\/portalurbano\/wp-json\/wp\/v2\/posts"}],"about":[{"href":"https:\/\/experienciadevida.com.ar\/portalurbano\/wp-json\/wp\/v2\/types\/post"}],"author":[{"embeddable":true,"href":"https:\/\/experienciadevida.com.ar\/portalurbano\/wp-json\/wp\/v2\/users\/1"}],"replies":[{"embeddable":true,"href":"https:\/\/experienciadevida.com.ar\/portalurbano\/wp-json\/wp\/v2\/comments?post=144854"}],"version-history":[{"count":7,"href":"https:\/\/experienciadevida.com.ar\/portalurbano\/wp-json\/wp\/v2\/posts\/144854\/revisions"}],"predecessor-version":[{"id":144928,"href":"https:\/\/experienciadevida.com.ar\/portalurbano\/wp-json\/wp\/v2\/posts\/144854\/revisions\/144928"}],"wp:featuredmedia":[{"embeddable":true,"href":"https:\/\/experienciadevida.com.ar\/portalurbano\/wp-json\/wp\/v2\/media\/144868"}],"wp:attachment":[{"href":"https:\/\/experienciadevida.com.ar\/portalurbano\/wp-json\/wp\/v2\/media?parent=144854"}],"wp:term":[{"taxonomy":"category","embeddable":true,"href":"https:\/\/experienciadevida.com.ar\/portalurbano\/wp-json\/wp\/v2\/categories?post=144854"},{"taxonomy":"post_tag","embeddable":true,"href":"https:\/\/experienciadevida.com.ar\/portalurbano\/wp-json\/wp\/v2\/tags?post=144854"}],"curies":[{"name":"wp","href":"https:\/\/api.w.org\/{rel}","templated":true}]}}