{"id":144838,"date":"2021-06-10T09:38:39","date_gmt":"2021-06-10T12:38:39","guid":{"rendered":"https:\/\/experienciadevida.com.ar\/portalurbano\/?p=144838"},"modified":"2021-06-10T09:40:47","modified_gmt":"2021-06-10T12:40:47","slug":"guillermo-santellan-la-idea-de-axel-kicillof-es-hacerle-la-vida-mas-facil-a-los-vecinos-y-ahorrar-dinero-de-los-contribuyentes","status":"publish","type":"post","link":"https:\/\/experienciadevida.com.ar\/portalurbano\/guillermo-santellan-la-idea-de-axel-kicillof-es-hacerle-la-vida-mas-facil-a-los-vecinos-y-ahorrar-dinero-de-los-contribuyentes\/","title":{"rendered":"Guillermo Santell\u00e1n: \u201cLa idea de Axel Kicillof es hacerle la vida m\u00e1s f\u00e1cil a los vecinos y ahorrar dinero de los contribuyentes.\u201d"},"content":{"rendered":"<p>Guillermo Santell\u00e1n: \u201cLa idea de Axel Kicillof es hacerle la vida m\u00e1s f\u00e1cil a los vecinos y ahorrar dinero de los contribuyentes&#8221;, el concejal del Frente de Todos respondi\u00f3 las declaraciones de Hilario Galli sobre la Casa de la Provincia que se construir\u00e1 pr\u00f3ximamente.<\/p>\n<p>\u201cResultar\u00e1 un ahorro para el gobierno provincial de m\u00e1s de 600 millones anuales\u201d expres\u00f3.<\/p>\n<p>La construcci\u00f3n de la Casa de la Provincia de Buenos Aires en Olavarr\u00eda es un proyecto llevado adelante por el Gobernador Axel Kicillof que ya est\u00e1 empezando a concretarse siendo unas de las primeras seleccionadas; se trata de modernas instalaciones para mejorar la atenci\u00f3n, de manera unificada generando comodidad, eficiencia y rapidez.<\/p>\n<p>Seg\u00fan expres\u00f3 el Concejal y presidente del Bloque de Concejales y Concejalas del Frente de Todos, Guillermo Santell\u00e1n, esta iniciativa \u201cbusca concentrar toda la administraci\u00f3n p\u00fablica provincial en un solo lugar para agilizar la atenci\u00f3n y facilitar la gesti\u00f3n de tr\u00e1mites en diferentes organismos\u201d. Adem\u00e1s refiri\u00e9ndose al impacto que tendr\u00e1 en nuestra ciudad indic\u00f3 \u201cLa obra p\u00fablica en Olavarr\u00eda genera empleo de manera directa. Se va utilizar mano de obra y provisi\u00f3n de materiales en forma local para promover la generaci\u00f3n de empleo y el desarrollo econ\u00f3mico de cada ciudad\u201d.<\/p>\n<p>\u201cEsta obra, como todas las que realiza la provincia, son de vital importancia para nuestra ciudad. Por eso sorprenden declaraciones poco felices como las que realiz\u00f3 esta ma\u00f1ana el Secretario Hilario Galli denostando el proyecto y quit\u00e1ndole importancia a la inversi\u00f3n. Galli sabe que toda la obra p\u00fablica que se realiza en Olavarr\u00eda la hace la provincia, el rol del municipio deber\u00eda ser el de acompa\u00f1ar estos proyectos\u201d remarc\u00f3 el legislador.<\/p>\n<p>\u201cLa idea de Axel Kicillof es hacerle la vida m\u00e1s f\u00e1cil a los vecinos y ahorrar dinero de los contribuyentes. La Casa de la Provincia adem\u00e1s resultar\u00e1 un ahorro para el gobierno provincial de m\u00e1s de 600 millones anuales, que alquila inmuebles que no cuentan con la infraestructura necesaria para la atenci\u00f3n de los vecinos y vecinas. La construcci\u00f3n de las Casas de la Provincia \u2013 se levantar\u00e1n 134 en todo el territorio provincial &#8211; es parte del plan de reactivaci\u00f3n y se encuentran incluidas en el plan estrat\u00e9gico de infraestructura\u201d, agreg\u00f3 Guillermo Santell\u00e1n.<\/p>\n<p>Por \u00faltimo refiri\u00e9ndose a la obra del Polo Judicial que qued\u00f3 abandonada por la gesti\u00f3n de Mar\u00eda Eugenia Vidal y Galli indic\u00f3 que: \u201cesa obra qued\u00f3 paralizada y representa un peligro para la comunidad; y gracias a las gestiones del Gobernador Kicillof se va a reactivar y se va a terminar\u201d sin especulaciones pol\u00edticas ni excusas.<\/p>\n","protected":false},"excerpt":{"rendered":"<p>Guillermo Santell\u00e1n: \u201cLa idea de Axel Kicillof es hacerle la vida m\u00e1s f\u00e1cil a los&#8230;<\/p>\n","protected":false},"author":1,"featured_media":144641,"comment_status":"closed","ping_status":"closed","sticky":false,"template":"","format":"standard","meta":{"content-type":""},"categories":[51,43],"tags":[],"nelio_content":{"isAutoShareEnabled":false,"autoShareEndMode":"default","automationSources":{"useContentSentences":true,"useSocialTemplates":true,"useCustomSentences":false,"customSentences":[]},"followers":[1],"suggestedReferences":[],"includedReferences":[],"efiUrl":"","efiAlt":"","highlights":[]},"yoast_head":"<!-- This site is optimized with the Yoast SEO plugin v20.7 - https:\/\/yoast.com\/wordpress\/plugins\/seo\/ -->\n<title>Guillermo Santell\u00e1n &quot;la idea de Kicillof es hacerle la vida m\u00e1s f\u00e1cil&quot;<\/title>\n<meta name=\"description\" content=\"Guillermo Santell\u00e1n: \u201cLa idea de Axel Kicillof es hacerle la vida m\u00e1s f\u00e1cil a los vecinos y ahorrar dinero de los contribuyentes&quot;, dijo\" \/>\n<meta name=\"robots\" content=\"index, follow, max-snippet:-1, max-image-preview:large, max-video-preview:-1\" \/>\n<link rel=\"canonical\" href=\"https:\/\/experienciadevida.com.ar\/portalurbano\/guillermo-santellan-la-idea-de-axel-kicillof-es-hacerle-la-vida-mas-facil-a-los-vecinos-y-ahorrar-dinero-de-los-contribuyentes\/\" \/>\n<meta property=\"og:locale\" content=\"es_ES\" \/>\n<meta property=\"og:type\" content=\"article\" \/>\n<meta property=\"og:title\" content=\"Guillermo Santell\u00e1n &quot;la idea de Kicillof es hacerle la vida m\u00e1s f\u00e1cil&quot;\" \/>\n<meta property=\"og:description\" content=\"Guillermo Santell\u00e1n: \u201cLa idea de Axel Kicillof es hacerle la vida m\u00e1s f\u00e1cil a los vecinos y ahorrar dinero de los contribuyentes&quot;, dijo\" \/>\n<meta property=\"og:url\" content=\"https:\/\/experienciadevida.com.ar\/portalurbano\/guillermo-santellan-la-idea-de-axel-kicillof-es-hacerle-la-vida-mas-facil-a-los-vecinos-y-ahorrar-dinero-de-los-contribuyentes\/\" \/>\n<meta property=\"article:publisher\" content=\"https:\/\/www.facebook.com\/Portal-Urbano-171542830093757\/\" \/>\n<meta property=\"article:published_time\" content=\"2021-06-10T12:38:39+00:00\" \/>\n<meta property=\"article:modified_time\" content=\"2021-06-10T12:40:47+00:00\" \/>\n<meta property=\"og:image\" content=\"https:\/\/experienciadevida.com.ar\/portalurbano\/wp-content\/uploads\/2021\/06\/La-corte-suprema-avalo-el.jpeg\" \/>\n\t<meta property=\"og:image:width\" content=\"1033\" \/>\n\t<meta property=\"og:image:height\" content=\"598\" \/>\n\t<meta property=\"og:image:type\" content=\"image\/jpeg\" \/>\n<meta name=\"author\" content=\"admpu17wp\" \/>\n<meta name=\"twitter:card\" content=\"summary_large_image\" \/>\n<meta name=\"twitter:creator\" content=\"@portalurbanook\" \/>\n<meta name=\"twitter:site\" content=\"@portalurbanook\" \/>\n<meta name=\"twitter:label1\" content=\"Escrito por\" \/>\n\t<meta name=\"twitter:data1\" content=\"admpu17wp\" \/>\n\t<meta name=\"twitter:label2\" content=\"Tiempo de lectura\" \/>\n\t<meta name=\"twitter:data2\" content=\"2 minutos\" \/>\n<script type=\"application\/ld+json\" class=\"yoast-schema-graph\">{\"@context\":\"https:\/\/schema.org\",\"@graph\":[{\"@type\":\"Article\",\"@id\":\"https:\/\/experienciadevida.com.ar\/portalurbano\/guillermo-santellan-la-idea-de-axel-kicillof-es-hacerle-la-vida-mas-facil-a-los-vecinos-y-ahorrar-dinero-de-los-contribuyentes\/#article\",\"isPartOf\":{\"@id\":\"https:\/\/experienciadevida.com.ar\/portalurbano\/guillermo-santellan-la-idea-de-axel-kicillof-es-hacerle-la-vida-mas-facil-a-los-vecinos-y-ahorrar-dinero-de-los-contribuyentes\/\"},\"author\":{\"name\":\"admpu17wp\",\"@id\":\"https:\/\/experienciadevida.com.ar\/portalurbano\/#\/schema\/person\/02dd326b1c4b056e9cc972486934a3a7\"},\"headline\":\"Guillermo Santell\u00e1n: \u201cLa idea de Axel Kicillof es hacerle la vida m\u00e1s f\u00e1cil a los vecinos y ahorrar dinero de los contribuyentes.\u201d\",\"datePublished\":\"2021-06-10T12:38:39+00:00\",\"dateModified\":\"2021-06-10T12:40:47+00:00\",\"mainEntityOfPage\":{\"@id\":\"https:\/\/experienciadevida.com.ar\/portalurbano\/guillermo-santellan-la-idea-de-axel-kicillof-es-hacerle-la-vida-mas-facil-a-los-vecinos-y-ahorrar-dinero-de-los-contribuyentes\/\"},\"wordCount\":485,\"publisher\":{\"@id\":\"https:\/\/experienciadevida.com.ar\/portalurbano\/#organization\"},\"articleSection\":[\"Destacadas\",\"Pol\u00edtica\"],\"inLanguage\":\"es\"},{\"@type\":\"WebPage\",\"@id\":\"https:\/\/experienciadevida.com.ar\/portalurbano\/guillermo-santellan-la-idea-de-axel-kicillof-es-hacerle-la-vida-mas-facil-a-los-vecinos-y-ahorrar-dinero-de-los-contribuyentes\/\",\"url\":\"https:\/\/experienciadevida.com.ar\/portalurbano\/guillermo-santellan-la-idea-de-axel-kicillof-es-hacerle-la-vida-mas-facil-a-los-vecinos-y-ahorrar-dinero-de-los-contribuyentes\/\",\"name\":\"Guillermo Santell\u00e1n \\\"la idea de Kicillof es hacerle la vida m\u00e1s f\u00e1cil\\\"\",\"isPartOf\":{\"@id\":\"https:\/\/experienciadevida.com.ar\/portalurbano\/#website\"},\"datePublished\":\"2021-06-10T12:38:39+00:00\",\"dateModified\":\"2021-06-10T12:40:47+00:00\",\"description\":\"Guillermo Santell\u00e1n: \u201cLa idea de Axel Kicillof es hacerle la vida m\u00e1s f\u00e1cil a los vecinos y ahorrar dinero de los contribuyentes\\\", dijo\",\"breadcrumb\":{\"@id\":\"https:\/\/experienciadevida.com.ar\/portalurbano\/guillermo-santellan-la-idea-de-axel-kicillof-es-hacerle-la-vida-mas-facil-a-los-vecinos-y-ahorrar-dinero-de-los-contribuyentes\/#breadcrumb\"},\"inLanguage\":\"es\",\"potentialAction\":[{\"@type\":\"ReadAction\",\"target\":[\"https:\/\/experienciadevida.com.ar\/portalurbano\/guillermo-santellan-la-idea-de-axel-kicillof-es-hacerle-la-vida-mas-facil-a-los-vecinos-y-ahorrar-dinero-de-los-contribuyentes\/\"]}]},{\"@type\":\"BreadcrumbList\",\"@id\":\"https:\/\/experienciadevida.com.ar\/portalurbano\/guillermo-santellan-la-idea-de-axel-kicillof-es-hacerle-la-vida-mas-facil-a-los-vecinos-y-ahorrar-dinero-de-los-contribuyentes\/#breadcrumb\",\"itemListElement\":[{\"@type\":\"ListItem\",\"position\":1,\"name\":\"Portada\",\"item\":\"https:\/\/experienciadevida.com.ar\/portalurbano\/\"},{\"@type\":\"ListItem\",\"position\":2,\"name\":\"Guillermo Santell\u00e1n: \u201cLa idea de Axel Kicillof es hacerle la vida m\u00e1s f\u00e1cil a los vecinos y ahorrar dinero de los contribuyentes.\u201d\"}]},{\"@type\":\"WebSite\",\"@id\":\"https:\/\/experienciadevida.com.ar\/portalurbano\/#website\",\"url\":\"https:\/\/experienciadevida.com.ar\/portalurbano\/\",\"name\":\"\",\"description\":\"\",\"publisher\":{\"@id\":\"https:\/\/experienciadevida.com.ar\/portalurbano\/#organization\"},\"potentialAction\":[{\"@type\":\"SearchAction\",\"target\":{\"@type\":\"EntryPoint\",\"urlTemplate\":\"https:\/\/experienciadevida.com.ar\/portalurbano\/?s={search_term_string}\"},\"query-input\":\"required name=search_term_string\"}],\"inLanguage\":\"es\"},{\"@type\":\"Organization\",\"@id\":\"https:\/\/experienciadevida.com.ar\/portalurbano\/#organization\",\"name\":\"Portal Urbano\",\"url\":\"https:\/\/experienciadevida.com.ar\/portalurbano\/\",\"logo\":{\"@type\":\"ImageObject\",\"inLanguage\":\"es\",\"@id\":\"https:\/\/experienciadevida.com.ar\/portalurbano\/#\/schema\/logo\/image\/\",\"url\":\"https:\/\/experienciadevida.com.ar\/portalurbano\/wp-content\/uploads\/2019\/09\/Logo-Original.png\",\"contentUrl\":\"https:\/\/experienciadevida.com.ar\/portalurbano\/wp-content\/uploads\/2019\/09\/Logo-Original.png\",\"width\":2236,\"height\":1216,\"caption\":\"Portal Urbano\"},\"image\":{\"@id\":\"https:\/\/experienciadevida.com.ar\/portalurbano\/#\/schema\/logo\/image\/\"},\"sameAs\":[\"https:\/\/www.facebook.com\/Portal-Urbano-171542830093757\/\",\"https:\/\/twitter.com\/portalurbanook\",\"https:\/\/www.instagram.com\/_portalurbano\/\",\"https:\/\/www.youtube.com\/channel\/UCXhagIfszH8KxFiOok79zbA?view_as=subscriber\"]},{\"@type\":\"Person\",\"@id\":\"https:\/\/experienciadevida.com.ar\/portalurbano\/#\/schema\/person\/02dd326b1c4b056e9cc972486934a3a7\",\"name\":\"admpu17wp\",\"image\":{\"@type\":\"ImageObject\",\"inLanguage\":\"es\",\"@id\":\"https:\/\/experienciadevida.com.ar\/portalurbano\/#\/schema\/person\/image\/\",\"url\":\"https:\/\/secure.gravatar.com\/avatar\/830d4c57adaae6630765e449a6908047?s=96&d=mm&r=g\",\"contentUrl\":\"https:\/\/secure.gravatar.com\/avatar\/830d4c57adaae6630765e449a6908047?s=96&d=mm&r=g\",\"caption\":\"admpu17wp\"}}]}<\/script>\n<!-- \/ Yoast SEO plugin. -->","yoast_head_json":{"title":"Guillermo Santell\u00e1n \"la idea de Kicillof es hacerle la vida m\u00e1s f\u00e1cil\"","description":"Guillermo Santell\u00e1n: \u201cLa idea de Axel Kicillof es hacerle la vida m\u00e1s f\u00e1cil a los vecinos y ahorrar dinero de los contribuyentes\", dijo","robots":{"index":"index","follow":"follow","max-snippet":"max-snippet:-1","max-image-preview":"max-image-preview:large","max-video-preview":"max-video-preview:-1"},"canonical":"https:\/\/experienciadevida.com.ar\/portalurbano\/guillermo-santellan-la-idea-de-axel-kicillof-es-hacerle-la-vida-mas-facil-a-los-vecinos-y-ahorrar-dinero-de-los-contribuyentes\/","og_locale":"es_ES","og_type":"article","og_title":"Guillermo Santell\u00e1n \"la idea de Kicillof es hacerle la vida m\u00e1s f\u00e1cil\"","og_description":"Guillermo Santell\u00e1n: \u201cLa idea de Axel Kicillof es hacerle la vida m\u00e1s f\u00e1cil a los vecinos y ahorrar dinero de los contribuyentes\", dijo","og_url":"https:\/\/experienciadevida.com.ar\/portalurbano\/guillermo-santellan-la-idea-de-axel-kicillof-es-hacerle-la-vida-mas-facil-a-los-vecinos-y-ahorrar-dinero-de-los-contribuyentes\/","article_publisher":"https:\/\/www.facebook.com\/Portal-Urbano-171542830093757\/","article_published_time":"2021-06-10T12:38:39+00:00","article_modified_time":"2021-06-10T12:40:47+00:00","og_image":[{"width":1033,"height":598,"url":"https:\/\/experienciadevida.com.ar\/portalurbano\/wp-content\/uploads\/2021\/06\/La-corte-suprema-avalo-el.jpeg","type":"image\/jpeg"}],"author":"admpu17wp","twitter_card":"summary_large_image","twitter_creator":"@portalurbanook","twitter_site":"@portalurbanook","twitter_misc":{"Escrito por":"admpu17wp","Tiempo de lectura":"2 minutos"},"schema":{"@context":"https:\/\/schema.org","@graph":[{"@type":"Article","@id":"https:\/\/experienciadevida.com.ar\/portalurbano\/guillermo-santellan-la-idea-de-axel-kicillof-es-hacerle-la-vida-mas-facil-a-los-vecinos-y-ahorrar-dinero-de-los-contribuyentes\/#article","isPartOf":{"@id":"https:\/\/experienciadevida.com.ar\/portalurbano\/guillermo-santellan-la-idea-de-axel-kicillof-es-hacerle-la-vida-mas-facil-a-los-vecinos-y-ahorrar-dinero-de-los-contribuyentes\/"},"author":{"name":"admpu17wp","@id":"https:\/\/experienciadevida.com.ar\/portalurbano\/#\/schema\/person\/02dd326b1c4b056e9cc972486934a3a7"},"headline":"Guillermo Santell\u00e1n: \u201cLa idea de Axel Kicillof es hacerle la vida m\u00e1s f\u00e1cil a los vecinos y ahorrar dinero de los contribuyentes.\u201d","datePublished":"2021-06-10T12:38:39+00:00","dateModified":"2021-06-10T12:40:47+00:00","mainEntityOfPage":{"@id":"https:\/\/experienciadevida.com.ar\/portalurbano\/guillermo-santellan-la-idea-de-axel-kicillof-es-hacerle-la-vida-mas-facil-a-los-vecinos-y-ahorrar-dinero-de-los-contribuyentes\/"},"wordCount":485,"publisher":{"@id":"https:\/\/experienciadevida.com.ar\/portalurbano\/#organization"},"articleSection":["Destacadas","Pol\u00edtica"],"inLanguage":"es"},{"@type":"WebPage","@id":"https:\/\/experienciadevida.com.ar\/portalurbano\/guillermo-santellan-la-idea-de-axel-kicillof-es-hacerle-la-vida-mas-facil-a-los-vecinos-y-ahorrar-dinero-de-los-contribuyentes\/","url":"https:\/\/experienciadevida.com.ar\/portalurbano\/guillermo-santellan-la-idea-de-axel-kicillof-es-hacerle-la-vida-mas-facil-a-los-vecinos-y-ahorrar-dinero-de-los-contribuyentes\/","name":"Guillermo Santell\u00e1n \"la idea de Kicillof es hacerle la vida m\u00e1s f\u00e1cil\"","isPartOf":{"@id":"https:\/\/experienciadevida.com.ar\/portalurbano\/#website"},"datePublished":"2021-06-10T12:38:39+00:00","dateModified":"2021-06-10T12:40:47+00:00","description":"Guillermo Santell\u00e1n: \u201cLa idea de Axel Kicillof es hacerle la vida m\u00e1s f\u00e1cil a los vecinos y ahorrar dinero de los contribuyentes\", dijo","breadcrumb":{"@id":"https:\/\/experienciadevida.com.ar\/portalurbano\/guillermo-santellan-la-idea-de-axel-kicillof-es-hacerle-la-vida-mas-facil-a-los-vecinos-y-ahorrar-dinero-de-los-contribuyentes\/#breadcrumb"},"inLanguage":"es","potentialAction":[{"@type":"ReadAction","target":["https:\/\/experienciadevida.com.ar\/portalurbano\/guillermo-santellan-la-idea-de-axel-kicillof-es-hacerle-la-vida-mas-facil-a-los-vecinos-y-ahorrar-dinero-de-los-contribuyentes\/"]}]},{"@type":"BreadcrumbList","@id":"https:\/\/experienciadevida.com.ar\/portalurbano\/guillermo-santellan-la-idea-de-axel-kicillof-es-hacerle-la-vida-mas-facil-a-los-vecinos-y-ahorrar-dinero-de-los-contribuyentes\/#breadcrumb","itemListElement":[{"@type":"ListItem","position":1,"name":"Portada","item":"https:\/\/experienciadevida.com.ar\/portalurbano\/"},{"@type":"ListItem","position":2,"name":"Guillermo Santell\u00e1n: \u201cLa idea de Axel Kicillof es hacerle la vida m\u00e1s f\u00e1cil a los vecinos y ahorrar dinero de los contribuyentes.\u201d"}]},{"@type":"WebSite","@id":"https:\/\/experienciadevida.com.ar\/portalurbano\/#website","url":"https:\/\/experienciadevida.com.ar\/portalurbano\/","name":"","description":"","publisher":{"@id":"https:\/\/experienciadevida.com.ar\/portalurbano\/#organization"},"potentialAction":[{"@type":"SearchAction","target":{"@type":"EntryPoint","urlTemplate":"https:\/\/experienciadevida.com.ar\/portalurbano\/?s={search_term_string}"},"query-input":"required name=search_term_string"}],"inLanguage":"es"},{"@type":"Organization","@id":"https:\/\/experienciadevida.com.ar\/portalurbano\/#organization","name":"Portal Urbano","url":"https:\/\/experienciadevida.com.ar\/portalurbano\/","logo":{"@type":"ImageObject","inLanguage":"es","@id":"https:\/\/experienciadevida.com.ar\/portalurbano\/#\/schema\/logo\/image\/","url":"https:\/\/experienciadevida.com.ar\/portalurbano\/wp-content\/uploads\/2019\/09\/Logo-Original.png","contentUrl":"https:\/\/experienciadevida.com.ar\/portalurbano\/wp-content\/uploads\/2019\/09\/Logo-Original.png","width":2236,"height":1216,"caption":"Portal Urbano"},"image":{"@id":"https:\/\/experienciadevida.com.ar\/portalurbano\/#\/schema\/logo\/image\/"},"sameAs":["https:\/\/www.facebook.com\/Portal-Urbano-171542830093757\/","https:\/\/twitter.com\/portalurbanook","https:\/\/www.instagram.com\/_portalurbano\/","https:\/\/www.youtube.com\/channel\/UCXhagIfszH8KxFiOok79zbA?view_as=subscriber"]},{"@type":"Person","@id":"https:\/\/experienciadevida.com.ar\/portalurbano\/#\/schema\/person\/02dd326b1c4b056e9cc972486934a3a7","name":"admpu17wp","image":{"@type":"ImageObject","inLanguage":"es","@id":"https:\/\/experienciadevida.com.ar\/portalurbano\/#\/schema\/person\/image\/","url":"https:\/\/secure.gravatar.com\/avatar\/830d4c57adaae6630765e449a6908047?s=96&d=mm&r=g","contentUrl":"https:\/\/secure.gravatar.com\/avatar\/830d4c57adaae6630765e449a6908047?s=96&d=mm&r=g","caption":"admpu17wp"}}]}},"featured_image_urls":{"full":["https:\/\/experienciadevida.com.ar\/portalurbano\/wp-content\/uploads\/2021\/06\/La-corte-suprema-avalo-el.jpeg",1033,598,false],"thumbnail":["https:\/\/experienciadevida.com.ar\/portalurbano\/wp-content\/uploads\/2021\/06\/La-corte-suprema-avalo-el-150x150.jpeg",150,150,true],"medium":["https:\/\/experienciadevida.com.ar\/portalurbano\/wp-content\/uploads\/2021\/06\/La-corte-suprema-avalo-el-300x174.jpeg",300,174,true],"medium_large":["https:\/\/experienciadevida.com.ar\/portalurbano\/wp-content\/uploads\/2021\/06\/La-corte-suprema-avalo-el-768x445.jpeg",640,371,true],"large":["https:\/\/experienciadevida.com.ar\/portalurbano\/wp-content\/uploads\/2021\/06\/La-corte-suprema-avalo-el-1024x593.jpeg",640,371,true],"ug_big":["https:\/\/experienciadevida.com.ar\/portalurbano\/wp-content\/uploads\/2021\/06\/La-corte-suprema-avalo-el-768x445.jpeg",768,445,true],"1536x1536":["https:\/\/experienciadevida.com.ar\/portalurbano\/wp-content\/uploads\/2021\/06\/La-corte-suprema-avalo-el.jpeg",1033,598,false],"2048x2048":["https:\/\/experienciadevida.com.ar\/portalurbano\/wp-content\/uploads\/2021\/06\/La-corte-suprema-avalo-el.jpeg",1033,598,false],"newsever-slider-full":["https:\/\/experienciadevida.com.ar\/portalurbano\/wp-content\/uploads\/2021\/06\/La-corte-suprema-avalo-el.jpeg",1033,598,false],"newsever-featured":["https:\/\/experienciadevida.com.ar\/portalurbano\/wp-content\/uploads\/2021\/06\/La-corte-suprema-avalo-el.jpeg",1024,593,false],"newsever-medium":["https:\/\/experienciadevida.com.ar\/portalurbano\/wp-content\/uploads\/2021\/06\/La-corte-suprema-avalo-el.jpeg",720,417,false],"web-stories-poster-portrait":["https:\/\/experienciadevida.com.ar\/portalurbano\/wp-content\/uploads\/2021\/06\/La-corte-suprema-avalo-el.jpeg",640,370,false],"web-stories-publisher-logo":["https:\/\/experienciadevida.com.ar\/portalurbano\/wp-content\/uploads\/2021\/06\/La-corte-suprema-avalo-el.jpeg",96,56,false],"web-stories-thumbnail":["https:\/\/experienciadevida.com.ar\/portalurbano\/wp-content\/uploads\/2021\/06\/La-corte-suprema-avalo-el.jpeg",150,87,false]},"author_info":{"display_name":"admpu17wp","author_link":"https:\/\/experienciadevida.com.ar\/portalurbano\/author\/admpu17wp\/"},"category_info":"<a href=\"https:\/\/experienciadevida.com.ar\/portalurbano\/category\/destacadas\/\" rel=\"category tag\">Destacadas<\/a> <a href=\"https:\/\/experienciadevida.com.ar\/portalurbano\/category\/politica\/\" rel=\"category tag\">Pol\u00edtica<\/a>","tag_info":"Pol\u00edtica","comment_count":"0","amp_enabled":true,"_links":{"self":[{"href":"https:\/\/experienciadevida.com.ar\/portalurbano\/wp-json\/wp\/v2\/posts\/144838"}],"collection":[{"href":"https:\/\/experienciadevida.com.ar\/portalurbano\/wp-json\/wp\/v2\/posts"}],"about":[{"href":"https:\/\/experienciadevida.com.ar\/portalurbano\/wp-json\/wp\/v2\/types\/post"}],"author":[{"embeddable":true,"href":"https:\/\/experienciadevida.com.ar\/portalurbano\/wp-json\/wp\/v2\/users\/1"}],"replies":[{"embeddable":true,"href":"https:\/\/experienciadevida.com.ar\/portalurbano\/wp-json\/wp\/v2\/comments?post=144838"}],"version-history":[{"count":1,"href":"https:\/\/experienciadevida.com.ar\/portalurbano\/wp-json\/wp\/v2\/posts\/144838\/revisions"}],"predecessor-version":[{"id":144839,"href":"https:\/\/experienciadevida.com.ar\/portalurbano\/wp-json\/wp\/v2\/posts\/144838\/revisions\/144839"}],"wp:featuredmedia":[{"embeddable":true,"href":"https:\/\/experienciadevida.com.ar\/portalurbano\/wp-json\/wp\/v2\/media\/144641"}],"wp:attachment":[{"href":"https:\/\/experienciadevida.com.ar\/portalurbano\/wp-json\/wp\/v2\/media?parent=144838"}],"wp:term":[{"taxonomy":"category","embeddable":true,"href":"https:\/\/experienciadevida.com.ar\/portalurbano\/wp-json\/wp\/v2\/categories?post=144838"},{"taxonomy":"post_tag","embeddable":true,"href":"https:\/\/experienciadevida.com.ar\/portalurbano\/wp-json\/wp\/v2\/tags?post=144838"}],"curies":[{"name":"wp","href":"https:\/\/api.w.org\/{rel}","templated":true}]}}