{"id":144823,"date":"2021-06-09T22:33:17","date_gmt":"2021-06-10T01:33:17","guid":{"rendered":"https:\/\/experienciadevida.com.ar\/portalurbano\/?p=144823"},"modified":"2021-06-09T22:36:46","modified_gmt":"2021-06-10T01:36:46","slug":"detuvieron-a-un-hombre-por-el-hallazgo-de-la-drogaes-importante-destacar-el-trabajo-conjunto","status":"publish","type":"post","link":"https:\/\/experienciadevida.com.ar\/portalurbano\/detuvieron-a-un-hombre-por-el-hallazgo-de-la-drogaes-importante-destacar-el-trabajo-conjunto\/","title":{"rendered":"Detuvieron a un hombre por el hallazgo de la droga:\u201cEs importante destacar el trabajo conjunto\u201d"},"content":{"rendered":"<p>Detuvieron a un hombre por el hallazgo de la droga, \u201cEs importante destacar el trabajo conjunto\u201d, en la noche de este mi\u00e9rcoles, el <a href=\"https:\/\/www.facebook.com\/galliezequiel\">intendente<\/a> Ezequiel Galli encabez\u00f3 una conferencia de prensa y agradeci\u00f3 a los medios \u201cpor la respuesta a la conferencia de prensa convocada en las \u00faltimas horas\u201d, con el fin de \u201ccomentarles novedades sobre la causa por el hallazgo de coca\u00edna, sobre la cual ayer hicimos una primera conferencia de prensa junto al Comando de Patrullas\u201d.<\/p>\n<p>Acompa\u00f1aron al Intendente el Fiscal General de Azul Marcelo Sobrino, el fiscal titular de la UFI N\u00b0 19 de Azul- especializada en estupefacientes- Dr. Lucas Moyano, el Ayudante Fiscal Jos\u00e9 Pedro Iturralde y el Subsecretario de Seguridad Daniel Borra.<\/p>\n<p>\u201cHay buenas noticias: hoy a la ma\u00f1ana se llev\u00f3 a cabo un operativo importante, todos ya saben acerca del tema, estuvo en todos los medios, un operativo que se realiz\u00f3 en siete pa\u00edses distintos, resultado del trabajo conjunto entre Polic\u00eda y Justicia\u201d, sostuvo el Intendente.<\/p>\n<p>\u201cEs muy importante destacar el gran trabajo que se viene haciendo, mostrar el resultado a la ciudadan\u00eda, ya que cuando hay resultados es porque hay trabajo\u201d, destac\u00f3 Galli, quien adem\u00e1s hizo hincapi\u00e9 en la confianza hacia las instituciones y la importancia de la participaci\u00f3n ciudadana.<\/p>\n<p>Detuvieron a un hombre por el hallazgo de la droga, \u201cQuiero agradecer al Intendente por el lugar, porque no podemos hacer la conferencia en otro lado por cuestiones de salubridad. Esta conferencia tiene que ver con el operativo realizado en el d\u00eda de ayer, derivado de la causa de drogas, donde se secuestraron siete kilos de coca\u00edna\u201d, dijo el Dr. Marcelo Sobrino.<\/p>\n<p>Tras resaltar el apoyo de la ciudadan\u00eda, Sobrino hizo hincapi\u00e9 en la necesidad de trabajar de manera mancomunada. En este sentido, manifest\u00f3 \u201cqueremos agradecer y resaltar el trabajo en conjunto de las distintas fuerzas policiales de la polic\u00eda de la Provincia de Buenos Aires, destacar principalmente el trabajo de la Polic\u00eda Cient\u00edfica, que sin su trabajo no hubi\u00e9ramos logrado resultados tan r\u00e1pidos, la Polic\u00eda de Seguridad, DDI y Antinarc\u00f3ticos. Todos en conjunto lograron estos resultados a trav\u00e9s de una huella encontrada en las cocheras. Tambi\u00e9n agradecemos a la ciudadan\u00eda, por la buena voluntad de los due\u00f1os de las cocheras para abrir las mismas de forma voluntaria. Asimismo, el fiscal general Marcelo Sobrino puso en valor \u201cel trabajo de la Fiscal\u00eda, a cargo de Lucas Moyano y el Ayudante Jos\u00e9 Pedro Iturralde para poder en 24 horas dar resultados a la sociedad\u201d<\/p>\n<p>Detuvieron a un hombre por el hallazgo de la droga, En relaci\u00f3n al procedimiento investigativo, Sobrino aclar\u00f3 que \u201cmuchas veces no podemos dar los nombres, siempre investigamos distintas posibilidades, pero no podemos adelantar nada para no entorpecer el trabajo\u201d.<\/p>\n<p>Puntualmente, el fiscal general dijo que \u201cel nombre de la persona detenida es Pedro Rolando Casta\u00f1ares, la detenci\u00f3n se hizo efectiva por la Polic\u00eda de la provincia de Buenos Aires\u201d. Al mismo tiempo agreg\u00f3 que \u201cya tiene antecedentes por delito de robo, se le va a endilgar tenencia de estupefacientes con fines de comercializaci\u00f3n y hay otros delitos como tenencia de armas de fuego\u201d.<\/p>\n<p>Sobrino volvi\u00f3 a insistir que result\u00f3 \u201cfundamental la huella encontrada en el lugar, gracias al trabajo de la Polic\u00eda Cient\u00edfica y de las otras delegaciones de la Polic\u00eda de la Provincia de Buenos Aires en Olavarr\u00eda para proceder a la detenci\u00f3n de la persona se\u00f1alada\u201d.<\/p>\n<p>Seguidamente \u201cquiero hacer en muchas veces los operativos son tan grandes que la poblaci\u00f3n dice siempre que se agarra a los m\u00e1s chiquitos, al perejil entre comillas, lo cierto es que no es as\u00ed, a veces se realizan procedimientos m\u00e1s chicos, medianos y grandes, en este tipo de organizaciones hay una sola cabezas u otras m\u00e1s elevadas, de una organizaci\u00f3n de 50 personas, uno, dos o tres son los que manejan las organizaci\u00f3n, las restantes 47 est\u00e1n por debajo, por lo que en los procedimientos van a caer esas personas, es lo que sucede en la estad\u00edstica, en la l\u00f3gica, para que caiga una persona en ese nivel con esa cantidad de droga. Por esa raz\u00f3n no cae el de m\u00e1s arriba\u201d.<\/p>\n<p>\u201cSe persigue absolutamente a todos, m\u00e1s que a la persona a la violaci\u00f3n de la ley en pocas o muchas cantidades\u201d, en el marco del \u00e1mbito provincial, con excepci\u00f3n de los delitos que pasan al fuero federal, se\u00f1al\u00f3 Sobrino.<\/p>\n<p>\u201cNos da l\u00e1stima esta situaci\u00f3n de mucha gente que est\u00e1 bajo el flagelo de las drogas. Tenemos que buscar la soluci\u00f3n en la prevenci\u00f3n y la readaptaci\u00f3n de la v\u00edctima\u201d, sostuvo.<\/p>\n<p>Finalmente reiter\u00f3 su agradecimiento al intendente Ezequiel Galli, a las fuerzas policiales y al Ministerio P\u00fablico Fiscal.<\/p>\n<p>Por su parte, Lucas Moyano agradeci\u00f3 fundamentalmente \u201ca los vecinos que prestaron colaboraci\u00f3n y brindaron su testimonio para tratar de decirnos lo que saben. Es fundamental contar con ustedes, los necesitamos, estamos ante delitos complejos y cualquier dato es clave para poder llegar a estos resultados. La puerta de las fiscal\u00edas siempre estar\u00e1n abiertas para la colaboraci\u00f3n de los vecinos, que es tan necesaria\u201d.<\/p>\n<p>\u201cNo es un dato menor el trabajo conjunto entre las fuerzas de seguridad, DDI, Polic\u00eda Cient\u00edfica, tenemos que estar contentos como olavarrienses\u201d, remarc\u00f3.<\/p>\n<p>Posteriormente se refiri\u00f3 a todo el procedimiento en relaci\u00f3n a la causa: secuestro de coca\u00edna, posterior an\u00e1lisis de material secuestrado, obtenci\u00f3n de pruebas relevantes, toma de testimonios, elementos aportados, etc.<\/p>\n<p>Detuvieron a un hombre por el hallazgo de la droga, \u201cAlrededor de las 17 horas, tras las tareas investigativas, en Urquiza al 3800 se procedi\u00f3 a la aprehensi\u00f3n del detenido Casta\u00f1ares, al momento sigue trabajando en el lugar Polic\u00eda Cient\u00edfica y DDI\u201d.<\/p>\n","protected":false},"excerpt":{"rendered":"<p>Detuvieron a un hombre por el hallazgo de la droga, \u201cEs importante destacar el trabajo&#8230;<\/p>\n","protected":false},"author":1,"featured_media":144824,"comment_status":"closed","ping_status":"closed","sticky":false,"template":"","format":"standard","meta":{"content-type":""},"categories":[27,51],"tags":[],"nelio_content":{"isAutoShareEnabled":false,"autoShareEndMode":"default","automationSources":{"useContentSentences":true,"useSocialTemplates":true,"useCustomSentences":false,"customSentences":[]},"followers":[1],"suggestedReferences":[],"includedReferences":[],"efiUrl":"","efiAlt":"","highlights":[]},"yoast_head":"<!-- This site is optimized with the Yoast SEO plugin v20.7 - https:\/\/yoast.com\/wordpress\/plugins\/seo\/ -->\n<title>Detuvieron a un hombre por el hallazgo de la droga<\/title>\n<meta name=\"description\" content=\"Detuvieron a un hombre por el hallazgo de la droga, \u201cEs importante destacar el trabajo conjunto\u201d, mencionaron en conferencia de prensa\" \/>\n<meta name=\"robots\" content=\"index, follow, max-snippet:-1, max-image-preview:large, max-video-preview:-1\" \/>\n<link rel=\"canonical\" href=\"https:\/\/experienciadevida.com.ar\/portalurbano\/detuvieron-a-un-hombre-por-el-hallazgo-de-la-drogaes-importante-destacar-el-trabajo-conjunto\/\" \/>\n<meta property=\"og:locale\" content=\"es_ES\" \/>\n<meta property=\"og:type\" content=\"article\" \/>\n<meta property=\"og:title\" content=\"Detuvieron a un hombre por el hallazgo de la droga\" \/>\n<meta property=\"og:description\" content=\"Detuvieron a un hombre por el hallazgo de la droga, \u201cEs importante destacar el trabajo conjunto\u201d, mencionaron en conferencia de prensa\" \/>\n<meta property=\"og:url\" content=\"https:\/\/experienciadevida.com.ar\/portalurbano\/detuvieron-a-un-hombre-por-el-hallazgo-de-la-drogaes-importante-destacar-el-trabajo-conjunto\/\" \/>\n<meta property=\"article:publisher\" content=\"https:\/\/www.facebook.com\/Portal-Urbano-171542830093757\/\" \/>\n<meta property=\"article:published_time\" content=\"2021-06-10T01:33:17+00:00\" \/>\n<meta property=\"article:modified_time\" content=\"2021-06-10T01:36:46+00:00\" \/>\n<meta property=\"og:image\" content=\"https:\/\/experienciadevida.com.ar\/portalurbano\/wp-content\/uploads\/2021\/06\/Detuvieron-a-un-hombre-por.jpeg\" \/>\n\t<meta property=\"og:image:width\" content=\"1280\" \/>\n\t<meta property=\"og:image:height\" content=\"855\" \/>\n\t<meta property=\"og:image:type\" content=\"image\/jpeg\" \/>\n<meta name=\"author\" content=\"admpu17wp\" \/>\n<meta name=\"twitter:card\" content=\"summary_large_image\" \/>\n<meta name=\"twitter:creator\" content=\"@portalurbanook\" \/>\n<meta name=\"twitter:site\" content=\"@portalurbanook\" \/>\n<meta name=\"twitter:label1\" content=\"Escrito por\" \/>\n\t<meta name=\"twitter:data1\" content=\"admpu17wp\" \/>\n\t<meta name=\"twitter:label2\" content=\"Tiempo de lectura\" \/>\n\t<meta name=\"twitter:data2\" content=\"5 minutos\" \/>\n<script type=\"application\/ld+json\" class=\"yoast-schema-graph\">{\"@context\":\"https:\/\/schema.org\",\"@graph\":[{\"@type\":\"Article\",\"@id\":\"https:\/\/experienciadevida.com.ar\/portalurbano\/detuvieron-a-un-hombre-por-el-hallazgo-de-la-drogaes-importante-destacar-el-trabajo-conjunto\/#article\",\"isPartOf\":{\"@id\":\"https:\/\/experienciadevida.com.ar\/portalurbano\/detuvieron-a-un-hombre-por-el-hallazgo-de-la-drogaes-importante-destacar-el-trabajo-conjunto\/\"},\"author\":{\"name\":\"admpu17wp\",\"@id\":\"https:\/\/experienciadevida.com.ar\/portalurbano\/#\/schema\/person\/02dd326b1c4b056e9cc972486934a3a7\"},\"headline\":\"Detuvieron a un hombre por el hallazgo de la droga:\u201cEs importante destacar el trabajo conjunto\u201d\",\"datePublished\":\"2021-06-10T01:33:17+00:00\",\"dateModified\":\"2021-06-10T01:36:46+00:00\",\"mainEntityOfPage\":{\"@id\":\"https:\/\/experienciadevida.com.ar\/portalurbano\/detuvieron-a-un-hombre-por-el-hallazgo-de-la-drogaes-importante-destacar-el-trabajo-conjunto\/\"},\"wordCount\":1007,\"publisher\":{\"@id\":\"https:\/\/experienciadevida.com.ar\/portalurbano\/#organization\"},\"articleSection\":[\"Ciudad\",\"Destacadas\"],\"inLanguage\":\"es\"},{\"@type\":\"WebPage\",\"@id\":\"https:\/\/experienciadevida.com.ar\/portalurbano\/detuvieron-a-un-hombre-por-el-hallazgo-de-la-drogaes-importante-destacar-el-trabajo-conjunto\/\",\"url\":\"https:\/\/experienciadevida.com.ar\/portalurbano\/detuvieron-a-un-hombre-por-el-hallazgo-de-la-drogaes-importante-destacar-el-trabajo-conjunto\/\",\"name\":\"Detuvieron a un hombre por el hallazgo de la droga\",\"isPartOf\":{\"@id\":\"https:\/\/experienciadevida.com.ar\/portalurbano\/#website\"},\"datePublished\":\"2021-06-10T01:33:17+00:00\",\"dateModified\":\"2021-06-10T01:36:46+00:00\",\"description\":\"Detuvieron a un hombre por el hallazgo de la droga, \u201cEs importante destacar el trabajo conjunto\u201d, mencionaron en conferencia de prensa\",\"breadcrumb\":{\"@id\":\"https:\/\/experienciadevida.com.ar\/portalurbano\/detuvieron-a-un-hombre-por-el-hallazgo-de-la-drogaes-importante-destacar-el-trabajo-conjunto\/#breadcrumb\"},\"inLanguage\":\"es\",\"potentialAction\":[{\"@type\":\"ReadAction\",\"target\":[\"https:\/\/experienciadevida.com.ar\/portalurbano\/detuvieron-a-un-hombre-por-el-hallazgo-de-la-drogaes-importante-destacar-el-trabajo-conjunto\/\"]}]},{\"@type\":\"BreadcrumbList\",\"@id\":\"https:\/\/experienciadevida.com.ar\/portalurbano\/detuvieron-a-un-hombre-por-el-hallazgo-de-la-drogaes-importante-destacar-el-trabajo-conjunto\/#breadcrumb\",\"itemListElement\":[{\"@type\":\"ListItem\",\"position\":1,\"name\":\"Portada\",\"item\":\"https:\/\/experienciadevida.com.ar\/portalurbano\/\"},{\"@type\":\"ListItem\",\"position\":2,\"name\":\"Detuvieron a un hombre por el hallazgo de la droga:\u201cEs importante destacar el trabajo conjunto\u201d\"}]},{\"@type\":\"WebSite\",\"@id\":\"https:\/\/experienciadevida.com.ar\/portalurbano\/#website\",\"url\":\"https:\/\/experienciadevida.com.ar\/portalurbano\/\",\"name\":\"\",\"description\":\"\",\"publisher\":{\"@id\":\"https:\/\/experienciadevida.com.ar\/portalurbano\/#organization\"},\"potentialAction\":[{\"@type\":\"SearchAction\",\"target\":{\"@type\":\"EntryPoint\",\"urlTemplate\":\"https:\/\/experienciadevida.com.ar\/portalurbano\/?s={search_term_string}\"},\"query-input\":\"required name=search_term_string\"}],\"inLanguage\":\"es\"},{\"@type\":\"Organization\",\"@id\":\"https:\/\/experienciadevida.com.ar\/portalurbano\/#organization\",\"name\":\"Portal Urbano\",\"url\":\"https:\/\/experienciadevida.com.ar\/portalurbano\/\",\"logo\":{\"@type\":\"ImageObject\",\"inLanguage\":\"es\",\"@id\":\"https:\/\/experienciadevida.com.ar\/portalurbano\/#\/schema\/logo\/image\/\",\"url\":\"https:\/\/experienciadevida.com.ar\/portalurbano\/wp-content\/uploads\/2019\/09\/Logo-Original.png\",\"contentUrl\":\"https:\/\/experienciadevida.com.ar\/portalurbano\/wp-content\/uploads\/2019\/09\/Logo-Original.png\",\"width\":2236,\"height\":1216,\"caption\":\"Portal Urbano\"},\"image\":{\"@id\":\"https:\/\/experienciadevida.com.ar\/portalurbano\/#\/schema\/logo\/image\/\"},\"sameAs\":[\"https:\/\/www.facebook.com\/Portal-Urbano-171542830093757\/\",\"https:\/\/twitter.com\/portalurbanook\",\"https:\/\/www.instagram.com\/_portalurbano\/\",\"https:\/\/www.youtube.com\/channel\/UCXhagIfszH8KxFiOok79zbA?view_as=subscriber\"]},{\"@type\":\"Person\",\"@id\":\"https:\/\/experienciadevida.com.ar\/portalurbano\/#\/schema\/person\/02dd326b1c4b056e9cc972486934a3a7\",\"name\":\"admpu17wp\",\"image\":{\"@type\":\"ImageObject\",\"inLanguage\":\"es\",\"@id\":\"https:\/\/experienciadevida.com.ar\/portalurbano\/#\/schema\/person\/image\/\",\"url\":\"https:\/\/secure.gravatar.com\/avatar\/830d4c57adaae6630765e449a6908047?s=96&d=mm&r=g\",\"contentUrl\":\"https:\/\/secure.gravatar.com\/avatar\/830d4c57adaae6630765e449a6908047?s=96&d=mm&r=g\",\"caption\":\"admpu17wp\"}}]}<\/script>\n<!-- \/ Yoast SEO plugin. -->","yoast_head_json":{"title":"Detuvieron a un hombre por el hallazgo de la droga","description":"Detuvieron a un hombre por el hallazgo de la droga, \u201cEs importante destacar el trabajo conjunto\u201d, mencionaron en conferencia de prensa","robots":{"index":"index","follow":"follow","max-snippet":"max-snippet:-1","max-image-preview":"max-image-preview:large","max-video-preview":"max-video-preview:-1"},"canonical":"https:\/\/experienciadevida.com.ar\/portalurbano\/detuvieron-a-un-hombre-por-el-hallazgo-de-la-drogaes-importante-destacar-el-trabajo-conjunto\/","og_locale":"es_ES","og_type":"article","og_title":"Detuvieron a un hombre por el hallazgo de la droga","og_description":"Detuvieron a un hombre por el hallazgo de la droga, \u201cEs importante destacar el trabajo conjunto\u201d, mencionaron en conferencia de prensa","og_url":"https:\/\/experienciadevida.com.ar\/portalurbano\/detuvieron-a-un-hombre-por-el-hallazgo-de-la-drogaes-importante-destacar-el-trabajo-conjunto\/","article_publisher":"https:\/\/www.facebook.com\/Portal-Urbano-171542830093757\/","article_published_time":"2021-06-10T01:33:17+00:00","article_modified_time":"2021-06-10T01:36:46+00:00","og_image":[{"width":1280,"height":855,"url":"https:\/\/experienciadevida.com.ar\/portalurbano\/wp-content\/uploads\/2021\/06\/Detuvieron-a-un-hombre-por.jpeg","type":"image\/jpeg"}],"author":"admpu17wp","twitter_card":"summary_large_image","twitter_creator":"@portalurbanook","twitter_site":"@portalurbanook","twitter_misc":{"Escrito por":"admpu17wp","Tiempo de lectura":"5 minutos"},"schema":{"@context":"https:\/\/schema.org","@graph":[{"@type":"Article","@id":"https:\/\/experienciadevida.com.ar\/portalurbano\/detuvieron-a-un-hombre-por-el-hallazgo-de-la-drogaes-importante-destacar-el-trabajo-conjunto\/#article","isPartOf":{"@id":"https:\/\/experienciadevida.com.ar\/portalurbano\/detuvieron-a-un-hombre-por-el-hallazgo-de-la-drogaes-importante-destacar-el-trabajo-conjunto\/"},"author":{"name":"admpu17wp","@id":"https:\/\/experienciadevida.com.ar\/portalurbano\/#\/schema\/person\/02dd326b1c4b056e9cc972486934a3a7"},"headline":"Detuvieron a un hombre por el hallazgo de la droga:\u201cEs importante destacar el trabajo conjunto\u201d","datePublished":"2021-06-10T01:33:17+00:00","dateModified":"2021-06-10T01:36:46+00:00","mainEntityOfPage":{"@id":"https:\/\/experienciadevida.com.ar\/portalurbano\/detuvieron-a-un-hombre-por-el-hallazgo-de-la-drogaes-importante-destacar-el-trabajo-conjunto\/"},"wordCount":1007,"publisher":{"@id":"https:\/\/experienciadevida.com.ar\/portalurbano\/#organization"},"articleSection":["Ciudad","Destacadas"],"inLanguage":"es"},{"@type":"WebPage","@id":"https:\/\/experienciadevida.com.ar\/portalurbano\/detuvieron-a-un-hombre-por-el-hallazgo-de-la-drogaes-importante-destacar-el-trabajo-conjunto\/","url":"https:\/\/experienciadevida.com.ar\/portalurbano\/detuvieron-a-un-hombre-por-el-hallazgo-de-la-drogaes-importante-destacar-el-trabajo-conjunto\/","name":"Detuvieron a un hombre por el hallazgo de la droga","isPartOf":{"@id":"https:\/\/experienciadevida.com.ar\/portalurbano\/#website"},"datePublished":"2021-06-10T01:33:17+00:00","dateModified":"2021-06-10T01:36:46+00:00","description":"Detuvieron a un hombre por el hallazgo de la droga, \u201cEs importante destacar el trabajo conjunto\u201d, mencionaron en conferencia de prensa","breadcrumb":{"@id":"https:\/\/experienciadevida.com.ar\/portalurbano\/detuvieron-a-un-hombre-por-el-hallazgo-de-la-drogaes-importante-destacar-el-trabajo-conjunto\/#breadcrumb"},"inLanguage":"es","potentialAction":[{"@type":"ReadAction","target":["https:\/\/experienciadevida.com.ar\/portalurbano\/detuvieron-a-un-hombre-por-el-hallazgo-de-la-drogaes-importante-destacar-el-trabajo-conjunto\/"]}]},{"@type":"BreadcrumbList","@id":"https:\/\/experienciadevida.com.ar\/portalurbano\/detuvieron-a-un-hombre-por-el-hallazgo-de-la-drogaes-importante-destacar-el-trabajo-conjunto\/#breadcrumb","itemListElement":[{"@type":"ListItem","position":1,"name":"Portada","item":"https:\/\/experienciadevida.com.ar\/portalurbano\/"},{"@type":"ListItem","position":2,"name":"Detuvieron a un hombre por el hallazgo de la droga:\u201cEs importante destacar el trabajo conjunto\u201d"}]},{"@type":"WebSite","@id":"https:\/\/experienciadevida.com.ar\/portalurbano\/#website","url":"https:\/\/experienciadevida.com.ar\/portalurbano\/","name":"","description":"","publisher":{"@id":"https:\/\/experienciadevida.com.ar\/portalurbano\/#organization"},"potentialAction":[{"@type":"SearchAction","target":{"@type":"EntryPoint","urlTemplate":"https:\/\/experienciadevida.com.ar\/portalurbano\/?s={search_term_string}"},"query-input":"required name=search_term_string"}],"inLanguage":"es"},{"@type":"Organization","@id":"https:\/\/experienciadevida.com.ar\/portalurbano\/#organization","name":"Portal Urbano","url":"https:\/\/experienciadevida.com.ar\/portalurbano\/","logo":{"@type":"ImageObject","inLanguage":"es","@id":"https:\/\/experienciadevida.com.ar\/portalurbano\/#\/schema\/logo\/image\/","url":"https:\/\/experienciadevida.com.ar\/portalurbano\/wp-content\/uploads\/2019\/09\/Logo-Original.png","contentUrl":"https:\/\/experienciadevida.com.ar\/portalurbano\/wp-content\/uploads\/2019\/09\/Logo-Original.png","width":2236,"height":1216,"caption":"Portal Urbano"},"image":{"@id":"https:\/\/experienciadevida.com.ar\/portalurbano\/#\/schema\/logo\/image\/"},"sameAs":["https:\/\/www.facebook.com\/Portal-Urbano-171542830093757\/","https:\/\/twitter.com\/portalurbanook","https:\/\/www.instagram.com\/_portalurbano\/","https:\/\/www.youtube.com\/channel\/UCXhagIfszH8KxFiOok79zbA?view_as=subscriber"]},{"@type":"Person","@id":"https:\/\/experienciadevida.com.ar\/portalurbano\/#\/schema\/person\/02dd326b1c4b056e9cc972486934a3a7","name":"admpu17wp","image":{"@type":"ImageObject","inLanguage":"es","@id":"https:\/\/experienciadevida.com.ar\/portalurbano\/#\/schema\/person\/image\/","url":"https:\/\/secure.gravatar.com\/avatar\/830d4c57adaae6630765e449a6908047?s=96&d=mm&r=g","contentUrl":"https:\/\/secure.gravatar.com\/avatar\/830d4c57adaae6630765e449a6908047?s=96&d=mm&r=g","caption":"admpu17wp"}}]}},"featured_image_urls":{"full":["https:\/\/experienciadevida.com.ar\/portalurbano\/wp-content\/uploads\/2021\/06\/Detuvieron-a-un-hombre-por.jpeg",1280,855,false],"thumbnail":["https:\/\/experienciadevida.com.ar\/portalurbano\/wp-content\/uploads\/2021\/06\/Detuvieron-a-un-hombre-por-150x150.jpeg",150,150,true],"medium":["https:\/\/experienciadevida.com.ar\/portalurbano\/wp-content\/uploads\/2021\/06\/Detuvieron-a-un-hombre-por-300x200.jpeg",300,200,true],"medium_large":["https:\/\/experienciadevida.com.ar\/portalurbano\/wp-content\/uploads\/2021\/06\/Detuvieron-a-un-hombre-por-768x513.jpeg",640,428,true],"large":["https:\/\/experienciadevida.com.ar\/portalurbano\/wp-content\/uploads\/2021\/06\/Detuvieron-a-un-hombre-por-1024x684.jpeg",640,428,true],"ug_big":["https:\/\/experienciadevida.com.ar\/portalurbano\/wp-content\/uploads\/2021\/06\/Detuvieron-a-un-hombre-por-768x513.jpeg",768,513,true],"1536x1536":["https:\/\/experienciadevida.com.ar\/portalurbano\/wp-content\/uploads\/2021\/06\/Detuvieron-a-un-hombre-por.jpeg",1280,855,false],"2048x2048":["https:\/\/experienciadevida.com.ar\/portalurbano\/wp-content\/uploads\/2021\/06\/Detuvieron-a-un-hombre-por.jpeg",1280,855,false],"newsever-slider-full":["https:\/\/experienciadevida.com.ar\/portalurbano\/wp-content\/uploads\/2021\/06\/Detuvieron-a-un-hombre-por.jpeg",1265,845,false],"newsever-featured":["https:\/\/experienciadevida.com.ar\/portalurbano\/wp-content\/uploads\/2021\/06\/Detuvieron-a-un-hombre-por.jpeg",1024,684,false],"newsever-medium":["https:\/\/experienciadevida.com.ar\/portalurbano\/wp-content\/uploads\/2021\/06\/Detuvieron-a-un-hombre-por.jpeg",711,475,false],"web-stories-poster-portrait":["https:\/\/experienciadevida.com.ar\/portalurbano\/wp-content\/uploads\/2021\/06\/Detuvieron-a-un-hombre-por.jpeg",640,428,false],"web-stories-publisher-logo":["https:\/\/experienciadevida.com.ar\/portalurbano\/wp-content\/uploads\/2021\/06\/Detuvieron-a-un-hombre-por.jpeg",96,64,false],"web-stories-thumbnail":["https:\/\/experienciadevida.com.ar\/portalurbano\/wp-content\/uploads\/2021\/06\/Detuvieron-a-un-hombre-por.jpeg",150,100,false]},"author_info":{"display_name":"admpu17wp","author_link":"https:\/\/experienciadevida.com.ar\/portalurbano\/author\/admpu17wp\/"},"category_info":"<a href=\"https:\/\/experienciadevida.com.ar\/portalurbano\/category\/ciudad\/\" rel=\"category tag\">Ciudad<\/a> <a href=\"https:\/\/experienciadevida.com.ar\/portalurbano\/category\/destacadas\/\" rel=\"category tag\">Destacadas<\/a>","tag_info":"Destacadas","comment_count":"0","amp_enabled":true,"_links":{"self":[{"href":"https:\/\/experienciadevida.com.ar\/portalurbano\/wp-json\/wp\/v2\/posts\/144823"}],"collection":[{"href":"https:\/\/experienciadevida.com.ar\/portalurbano\/wp-json\/wp\/v2\/posts"}],"about":[{"href":"https:\/\/experienciadevida.com.ar\/portalurbano\/wp-json\/wp\/v2\/types\/post"}],"author":[{"embeddable":true,"href":"https:\/\/experienciadevida.com.ar\/portalurbano\/wp-json\/wp\/v2\/users\/1"}],"replies":[{"embeddable":true,"href":"https:\/\/experienciadevida.com.ar\/portalurbano\/wp-json\/wp\/v2\/comments?post=144823"}],"version-history":[{"count":3,"href":"https:\/\/experienciadevida.com.ar\/portalurbano\/wp-json\/wp\/v2\/posts\/144823\/revisions"}],"predecessor-version":[{"id":144827,"href":"https:\/\/experienciadevida.com.ar\/portalurbano\/wp-json\/wp\/v2\/posts\/144823\/revisions\/144827"}],"wp:featuredmedia":[{"embeddable":true,"href":"https:\/\/experienciadevida.com.ar\/portalurbano\/wp-json\/wp\/v2\/media\/144824"}],"wp:attachment":[{"href":"https:\/\/experienciadevida.com.ar\/portalurbano\/wp-json\/wp\/v2\/media?parent=144823"}],"wp:term":[{"taxonomy":"category","embeddable":true,"href":"https:\/\/experienciadevida.com.ar\/portalurbano\/wp-json\/wp\/v2\/categories?post=144823"},{"taxonomy":"post_tag","embeddable":true,"href":"https:\/\/experienciadevida.com.ar\/portalurbano\/wp-json\/wp\/v2\/tags?post=144823"}],"curies":[{"name":"wp","href":"https:\/\/api.w.org\/{rel}","templated":true}]}}