{"id":144790,"date":"2021-06-09T15:14:44","date_gmt":"2021-06-09T18:14:44","guid":{"rendered":"https:\/\/experienciadevida.com.ar\/portalurbano\/?p=144790"},"modified":"2021-06-09T15:16:06","modified_gmt":"2021-06-09T18:16:06","slug":"aprehendieron-a-una-persona-tras-el-allanamiento-del-operativo-luz-de-de-infancia","status":"publish","type":"post","link":"https:\/\/experienciadevida.com.ar\/portalurbano\/aprehendieron-a-una-persona-tras-el-allanamiento-del-operativo-luz-de-de-infancia\/","title":{"rendered":"Aprehendieron a una persona tras el allanamiento del operativo &#8220;luz de de infancia&#8221;"},"content":{"rendered":"<p>Aprehendieron a una persona tras el allanamiento del operativo &#8220;luz de de infancia&#8221;, los mismos sucedieron en la ma\u00f1ana de este mi\u00e9rcoles en diferentes puntos de nuestra ciudad, donde estuvieron a cargo el Fiscal Marcelo Sobrino y Lucas Moyano junto con la colaboraci\u00f3n de diferentes dependencias policiales tales como crimen organizado, peritos inform\u00e1ticos y personal de la DDI.<\/p>\n<p><strong><\/p>\n<div class=\"penci-pullqoute align-none\">\n<blockquote><p>Por el momento se desconoce la participaci\u00f3n del aprehendido, s\u00f3lo que hubo difusi\u00f3n de im\u00e1genes de menores de edad aunque no ser\u00eda producci\u00f3n del material.\u00a0<\/p><\/blockquote>\n<\/div>\n<p><\/strong><\/p>\n<p>En el marco de la causa por distribuci\u00f3n de material sobre explotaci\u00f3n sexual infantil, con implicancias no solo nacionales sino que tambi\u00e9n internacionales denominado &#8220;operativo luz de infancia VIII&#8221;, se realizaron varios allanamientos y en el \u00faltimo de ellos en la intersecci\u00f3n de General Paz y Espa\u00f1a los Fiscales hablaron con los medios de comunicaci\u00f3n explicando el contexto de los mismos.<\/p>\n<p>La causa se enmarca en &#8220;cibercrimen por contenido de pornograf\u00eda infantil y posible distribuci\u00f3n&#8221;, &#8220;la orden lleg\u00f3 a trav\u00e9s de un informe que se desprende de una causa original&#8221; mencionaron los Fiscales.<\/p>\n<p>Los operativos se realizan a trav\u00e9s de una investigaci\u00f3n de car\u00e1cter internacional tanto en Argentina, Estados Unidos, Panam\u00e1, Colombia- Ecuador- Paraguay- Brasil y dentro de Argentina en varias provincias tales como C\u00f3rdoba- Mendoza- Salta- Formosa- Misiones- Neuqu\u00e9n y la ciudad de Buenos aires y la provincia. En total son 65 operativos y 25 en la provincia de Buenos Aires alguno de ellos en el Conurbano.<\/p>\n<p>Aprehendieron a una persona tras el allanamiento del operativo &#8220;luz de infancia&#8221;, en la causa intervino la Fiscal\u00eda tambi\u00e9n a cargo de la Doctora San Rom\u00e1n quien hizo efectiva las \u00f3rdenes de allanamientos para los lugares mencionados con anterioridad.<\/p>\n","protected":false},"excerpt":{"rendered":"<p>Aprehendieron a una persona tras el allanamiento del operativo &#8220;luz de de infancia&#8221;, los mismos&#8230;<\/p>\n","protected":false},"author":1,"featured_media":144791,"comment_status":"closed","ping_status":"closed","sticky":false,"template":"","format":"standard","meta":{"content-type":""},"categories":[51,40],"tags":[],"nelio_content":{"isAutoShareEnabled":false,"autoShareEndMode":"default","automationSources":{"useContentSentences":true,"useSocialTemplates":true,"useCustomSentences":false,"customSentences":[]},"followers":[1],"suggestedReferences":[],"includedReferences":[],"efiUrl":"","efiAlt":"","highlights":[]},"yoast_head":"<!-- This site is optimized with the Yoast SEO plugin v20.7 - https:\/\/yoast.com\/wordpress\/plugins\/seo\/ -->\n<title>Aprehendieron a una persona tras el allanamiento del operativo<\/title>\n<meta name=\"description\" content=\"Aprehendieron a una persona tras el allanamiento del operativo &quot;luz de de infancia&quot;, los mismos sucedieron en la ma\u00f1ana de este mi\u00e9rcoles\" \/>\n<meta name=\"robots\" content=\"index, follow, max-snippet:-1, max-image-preview:large, max-video-preview:-1\" \/>\n<link rel=\"canonical\" href=\"https:\/\/experienciadevida.com.ar\/portalurbano\/aprehendieron-a-una-persona-tras-el-allanamiento-del-operativo-luz-de-de-infancia\/\" \/>\n<meta property=\"og:locale\" content=\"es_ES\" \/>\n<meta property=\"og:type\" content=\"article\" \/>\n<meta property=\"og:title\" content=\"Aprehendieron a una persona tras el allanamiento del operativo\" \/>\n<meta property=\"og:description\" content=\"Aprehendieron a una persona tras el allanamiento del operativo &quot;luz de de infancia&quot;, los mismos sucedieron en la ma\u00f1ana de este mi\u00e9rcoles\" \/>\n<meta property=\"og:url\" content=\"https:\/\/experienciadevida.com.ar\/portalurbano\/aprehendieron-a-una-persona-tras-el-allanamiento-del-operativo-luz-de-de-infancia\/\" \/>\n<meta property=\"article:publisher\" content=\"https:\/\/www.facebook.com\/Portal-Urbano-171542830093757\/\" \/>\n<meta property=\"article:published_time\" content=\"2021-06-09T18:14:44+00:00\" \/>\n<meta property=\"article:modified_time\" content=\"2021-06-09T18:16:06+00:00\" \/>\n<meta property=\"og:image\" content=\"https:\/\/experienciadevida.com.ar\/portalurbano\/wp-content\/uploads\/2021\/06\/Aprehendieron-a-una-persona.jpg\" \/>\n\t<meta property=\"og:image:width\" content=\"1280\" \/>\n\t<meta property=\"og:image:height\" content=\"960\" \/>\n\t<meta property=\"og:image:type\" content=\"image\/jpeg\" \/>\n<meta name=\"author\" content=\"admpu17wp\" \/>\n<meta name=\"twitter:card\" content=\"summary_large_image\" \/>\n<meta name=\"twitter:creator\" content=\"@portalurbanook\" \/>\n<meta name=\"twitter:site\" content=\"@portalurbanook\" \/>\n<meta name=\"twitter:label1\" content=\"Escrito por\" \/>\n\t<meta name=\"twitter:data1\" content=\"admpu17wp\" \/>\n\t<meta name=\"twitter:label2\" content=\"Tiempo de lectura\" \/>\n\t<meta name=\"twitter:data2\" content=\"2 minutos\" \/>\n<script type=\"application\/ld+json\" class=\"yoast-schema-graph\">{\"@context\":\"https:\/\/schema.org\",\"@graph\":[{\"@type\":\"Article\",\"@id\":\"https:\/\/experienciadevida.com.ar\/portalurbano\/aprehendieron-a-una-persona-tras-el-allanamiento-del-operativo-luz-de-de-infancia\/#article\",\"isPartOf\":{\"@id\":\"https:\/\/experienciadevida.com.ar\/portalurbano\/aprehendieron-a-una-persona-tras-el-allanamiento-del-operativo-luz-de-de-infancia\/\"},\"author\":{\"name\":\"admpu17wp\",\"@id\":\"https:\/\/experienciadevida.com.ar\/portalurbano\/#\/schema\/person\/02dd326b1c4b056e9cc972486934a3a7\"},\"headline\":\"Aprehendieron a una persona tras el allanamiento del operativo &#8220;luz de de infancia&#8221;\",\"datePublished\":\"2021-06-09T18:14:44+00:00\",\"dateModified\":\"2021-06-09T18:16:06+00:00\",\"mainEntityOfPage\":{\"@id\":\"https:\/\/experienciadevida.com.ar\/portalurbano\/aprehendieron-a-una-persona-tras-el-allanamiento-del-operativo-luz-de-de-infancia\/\"},\"wordCount\":321,\"publisher\":{\"@id\":\"https:\/\/experienciadevida.com.ar\/portalurbano\/#organization\"},\"articleSection\":[\"Destacadas\",\"Policiales\"],\"inLanguage\":\"es\"},{\"@type\":\"WebPage\",\"@id\":\"https:\/\/experienciadevida.com.ar\/portalurbano\/aprehendieron-a-una-persona-tras-el-allanamiento-del-operativo-luz-de-de-infancia\/\",\"url\":\"https:\/\/experienciadevida.com.ar\/portalurbano\/aprehendieron-a-una-persona-tras-el-allanamiento-del-operativo-luz-de-de-infancia\/\",\"name\":\"Aprehendieron a una persona tras el allanamiento del operativo\",\"isPartOf\":{\"@id\":\"https:\/\/experienciadevida.com.ar\/portalurbano\/#website\"},\"datePublished\":\"2021-06-09T18:14:44+00:00\",\"dateModified\":\"2021-06-09T18:16:06+00:00\",\"description\":\"Aprehendieron a una persona tras el allanamiento del operativo \\\"luz de de infancia\\\", los mismos sucedieron en la ma\u00f1ana de este mi\u00e9rcoles\",\"breadcrumb\":{\"@id\":\"https:\/\/experienciadevida.com.ar\/portalurbano\/aprehendieron-a-una-persona-tras-el-allanamiento-del-operativo-luz-de-de-infancia\/#breadcrumb\"},\"inLanguage\":\"es\",\"potentialAction\":[{\"@type\":\"ReadAction\",\"target\":[\"https:\/\/experienciadevida.com.ar\/portalurbano\/aprehendieron-a-una-persona-tras-el-allanamiento-del-operativo-luz-de-de-infancia\/\"]}]},{\"@type\":\"BreadcrumbList\",\"@id\":\"https:\/\/experienciadevida.com.ar\/portalurbano\/aprehendieron-a-una-persona-tras-el-allanamiento-del-operativo-luz-de-de-infancia\/#breadcrumb\",\"itemListElement\":[{\"@type\":\"ListItem\",\"position\":1,\"name\":\"Portada\",\"item\":\"https:\/\/experienciadevida.com.ar\/portalurbano\/\"},{\"@type\":\"ListItem\",\"position\":2,\"name\":\"Aprehendieron a una persona tras el allanamiento del operativo \u00abluz de de infancia\u00bb\"}]},{\"@type\":\"WebSite\",\"@id\":\"https:\/\/experienciadevida.com.ar\/portalurbano\/#website\",\"url\":\"https:\/\/experienciadevida.com.ar\/portalurbano\/\",\"name\":\"\",\"description\":\"\",\"publisher\":{\"@id\":\"https:\/\/experienciadevida.com.ar\/portalurbano\/#organization\"},\"potentialAction\":[{\"@type\":\"SearchAction\",\"target\":{\"@type\":\"EntryPoint\",\"urlTemplate\":\"https:\/\/experienciadevida.com.ar\/portalurbano\/?s={search_term_string}\"},\"query-input\":\"required name=search_term_string\"}],\"inLanguage\":\"es\"},{\"@type\":\"Organization\",\"@id\":\"https:\/\/experienciadevida.com.ar\/portalurbano\/#organization\",\"name\":\"Portal Urbano\",\"url\":\"https:\/\/experienciadevida.com.ar\/portalurbano\/\",\"logo\":{\"@type\":\"ImageObject\",\"inLanguage\":\"es\",\"@id\":\"https:\/\/experienciadevida.com.ar\/portalurbano\/#\/schema\/logo\/image\/\",\"url\":\"https:\/\/experienciadevida.com.ar\/portalurbano\/wp-content\/uploads\/2019\/09\/Logo-Original.png\",\"contentUrl\":\"https:\/\/experienciadevida.com.ar\/portalurbano\/wp-content\/uploads\/2019\/09\/Logo-Original.png\",\"width\":2236,\"height\":1216,\"caption\":\"Portal Urbano\"},\"image\":{\"@id\":\"https:\/\/experienciadevida.com.ar\/portalurbano\/#\/schema\/logo\/image\/\"},\"sameAs\":[\"https:\/\/www.facebook.com\/Portal-Urbano-171542830093757\/\",\"https:\/\/twitter.com\/portalurbanook\",\"https:\/\/www.instagram.com\/_portalurbano\/\",\"https:\/\/www.youtube.com\/channel\/UCXhagIfszH8KxFiOok79zbA?view_as=subscriber\"]},{\"@type\":\"Person\",\"@id\":\"https:\/\/experienciadevida.com.ar\/portalurbano\/#\/schema\/person\/02dd326b1c4b056e9cc972486934a3a7\",\"name\":\"admpu17wp\",\"image\":{\"@type\":\"ImageObject\",\"inLanguage\":\"es\",\"@id\":\"https:\/\/experienciadevida.com.ar\/portalurbano\/#\/schema\/person\/image\/\",\"url\":\"https:\/\/secure.gravatar.com\/avatar\/830d4c57adaae6630765e449a6908047?s=96&d=mm&r=g\",\"contentUrl\":\"https:\/\/secure.gravatar.com\/avatar\/830d4c57adaae6630765e449a6908047?s=96&d=mm&r=g\",\"caption\":\"admpu17wp\"}}]}<\/script>\n<!-- \/ Yoast SEO plugin. -->","yoast_head_json":{"title":"Aprehendieron a una persona tras el allanamiento del operativo","description":"Aprehendieron a una persona tras el allanamiento del operativo \"luz de de infancia\", los mismos sucedieron en la ma\u00f1ana de este mi\u00e9rcoles","robots":{"index":"index","follow":"follow","max-snippet":"max-snippet:-1","max-image-preview":"max-image-preview:large","max-video-preview":"max-video-preview:-1"},"canonical":"https:\/\/experienciadevida.com.ar\/portalurbano\/aprehendieron-a-una-persona-tras-el-allanamiento-del-operativo-luz-de-de-infancia\/","og_locale":"es_ES","og_type":"article","og_title":"Aprehendieron a una persona tras el allanamiento del operativo","og_description":"Aprehendieron a una persona tras el allanamiento del operativo \"luz de de infancia\", los mismos sucedieron en la ma\u00f1ana de este mi\u00e9rcoles","og_url":"https:\/\/experienciadevida.com.ar\/portalurbano\/aprehendieron-a-una-persona-tras-el-allanamiento-del-operativo-luz-de-de-infancia\/","article_publisher":"https:\/\/www.facebook.com\/Portal-Urbano-171542830093757\/","article_published_time":"2021-06-09T18:14:44+00:00","article_modified_time":"2021-06-09T18:16:06+00:00","og_image":[{"width":1280,"height":960,"url":"https:\/\/experienciadevida.com.ar\/portalurbano\/wp-content\/uploads\/2021\/06\/Aprehendieron-a-una-persona.jpg","type":"image\/jpeg"}],"author":"admpu17wp","twitter_card":"summary_large_image","twitter_creator":"@portalurbanook","twitter_site":"@portalurbanook","twitter_misc":{"Escrito por":"admpu17wp","Tiempo de lectura":"2 minutos"},"schema":{"@context":"https:\/\/schema.org","@graph":[{"@type":"Article","@id":"https:\/\/experienciadevida.com.ar\/portalurbano\/aprehendieron-a-una-persona-tras-el-allanamiento-del-operativo-luz-de-de-infancia\/#article","isPartOf":{"@id":"https:\/\/experienciadevida.com.ar\/portalurbano\/aprehendieron-a-una-persona-tras-el-allanamiento-del-operativo-luz-de-de-infancia\/"},"author":{"name":"admpu17wp","@id":"https:\/\/experienciadevida.com.ar\/portalurbano\/#\/schema\/person\/02dd326b1c4b056e9cc972486934a3a7"},"headline":"Aprehendieron a una persona tras el allanamiento del operativo &#8220;luz de de infancia&#8221;","datePublished":"2021-06-09T18:14:44+00:00","dateModified":"2021-06-09T18:16:06+00:00","mainEntityOfPage":{"@id":"https:\/\/experienciadevida.com.ar\/portalurbano\/aprehendieron-a-una-persona-tras-el-allanamiento-del-operativo-luz-de-de-infancia\/"},"wordCount":321,"publisher":{"@id":"https:\/\/experienciadevida.com.ar\/portalurbano\/#organization"},"articleSection":["Destacadas","Policiales"],"inLanguage":"es"},{"@type":"WebPage","@id":"https:\/\/experienciadevida.com.ar\/portalurbano\/aprehendieron-a-una-persona-tras-el-allanamiento-del-operativo-luz-de-de-infancia\/","url":"https:\/\/experienciadevida.com.ar\/portalurbano\/aprehendieron-a-una-persona-tras-el-allanamiento-del-operativo-luz-de-de-infancia\/","name":"Aprehendieron a una persona tras el allanamiento del operativo","isPartOf":{"@id":"https:\/\/experienciadevida.com.ar\/portalurbano\/#website"},"datePublished":"2021-06-09T18:14:44+00:00","dateModified":"2021-06-09T18:16:06+00:00","description":"Aprehendieron a una persona tras el allanamiento del operativo \"luz de de infancia\", los mismos sucedieron en la ma\u00f1ana de este mi\u00e9rcoles","breadcrumb":{"@id":"https:\/\/experienciadevida.com.ar\/portalurbano\/aprehendieron-a-una-persona-tras-el-allanamiento-del-operativo-luz-de-de-infancia\/#breadcrumb"},"inLanguage":"es","potentialAction":[{"@type":"ReadAction","target":["https:\/\/experienciadevida.com.ar\/portalurbano\/aprehendieron-a-una-persona-tras-el-allanamiento-del-operativo-luz-de-de-infancia\/"]}]},{"@type":"BreadcrumbList","@id":"https:\/\/experienciadevida.com.ar\/portalurbano\/aprehendieron-a-una-persona-tras-el-allanamiento-del-operativo-luz-de-de-infancia\/#breadcrumb","itemListElement":[{"@type":"ListItem","position":1,"name":"Portada","item":"https:\/\/experienciadevida.com.ar\/portalurbano\/"},{"@type":"ListItem","position":2,"name":"Aprehendieron a una persona tras el allanamiento del operativo \u00abluz de de infancia\u00bb"}]},{"@type":"WebSite","@id":"https:\/\/experienciadevida.com.ar\/portalurbano\/#website","url":"https:\/\/experienciadevida.com.ar\/portalurbano\/","name":"","description":"","publisher":{"@id":"https:\/\/experienciadevida.com.ar\/portalurbano\/#organization"},"potentialAction":[{"@type":"SearchAction","target":{"@type":"EntryPoint","urlTemplate":"https:\/\/experienciadevida.com.ar\/portalurbano\/?s={search_term_string}"},"query-input":"required name=search_term_string"}],"inLanguage":"es"},{"@type":"Organization","@id":"https:\/\/experienciadevida.com.ar\/portalurbano\/#organization","name":"Portal Urbano","url":"https:\/\/experienciadevida.com.ar\/portalurbano\/","logo":{"@type":"ImageObject","inLanguage":"es","@id":"https:\/\/experienciadevida.com.ar\/portalurbano\/#\/schema\/logo\/image\/","url":"https:\/\/experienciadevida.com.ar\/portalurbano\/wp-content\/uploads\/2019\/09\/Logo-Original.png","contentUrl":"https:\/\/experienciadevida.com.ar\/portalurbano\/wp-content\/uploads\/2019\/09\/Logo-Original.png","width":2236,"height":1216,"caption":"Portal Urbano"},"image":{"@id":"https:\/\/experienciadevida.com.ar\/portalurbano\/#\/schema\/logo\/image\/"},"sameAs":["https:\/\/www.facebook.com\/Portal-Urbano-171542830093757\/","https:\/\/twitter.com\/portalurbanook","https:\/\/www.instagram.com\/_portalurbano\/","https:\/\/www.youtube.com\/channel\/UCXhagIfszH8KxFiOok79zbA?view_as=subscriber"]},{"@type":"Person","@id":"https:\/\/experienciadevida.com.ar\/portalurbano\/#\/schema\/person\/02dd326b1c4b056e9cc972486934a3a7","name":"admpu17wp","image":{"@type":"ImageObject","inLanguage":"es","@id":"https:\/\/experienciadevida.com.ar\/portalurbano\/#\/schema\/person\/image\/","url":"https:\/\/secure.gravatar.com\/avatar\/830d4c57adaae6630765e449a6908047?s=96&d=mm&r=g","contentUrl":"https:\/\/secure.gravatar.com\/avatar\/830d4c57adaae6630765e449a6908047?s=96&d=mm&r=g","caption":"admpu17wp"}}]}},"featured_image_urls":{"full":["https:\/\/experienciadevida.com.ar\/portalurbano\/wp-content\/uploads\/2021\/06\/Aprehendieron-a-una-persona.jpg",1280,960,false],"thumbnail":["https:\/\/experienciadevida.com.ar\/portalurbano\/wp-content\/uploads\/2021\/06\/Aprehendieron-a-una-persona-150x150.jpg",150,150,true],"medium":["https:\/\/experienciadevida.com.ar\/portalurbano\/wp-content\/uploads\/2021\/06\/Aprehendieron-a-una-persona-300x225.jpg",300,225,true],"medium_large":["https:\/\/experienciadevida.com.ar\/portalurbano\/wp-content\/uploads\/2021\/06\/Aprehendieron-a-una-persona-768x576.jpg",640,480,true],"large":["https:\/\/experienciadevida.com.ar\/portalurbano\/wp-content\/uploads\/2021\/06\/Aprehendieron-a-una-persona-1024x768.jpg",640,480,true],"ug_big":["https:\/\/experienciadevida.com.ar\/portalurbano\/wp-content\/uploads\/2021\/06\/Aprehendieron-a-una-persona-768x576.jpg",768,576,true],"1536x1536":["https:\/\/experienciadevida.com.ar\/portalurbano\/wp-content\/uploads\/2021\/06\/Aprehendieron-a-una-persona.jpg",1280,960,false],"2048x2048":["https:\/\/experienciadevida.com.ar\/portalurbano\/wp-content\/uploads\/2021\/06\/Aprehendieron-a-una-persona.jpg",1280,960,false],"newsever-slider-full":["https:\/\/experienciadevida.com.ar\/portalurbano\/wp-content\/uploads\/2021\/06\/Aprehendieron-a-una-persona.jpg",1127,845,false],"newsever-featured":["https:\/\/experienciadevida.com.ar\/portalurbano\/wp-content\/uploads\/2021\/06\/Aprehendieron-a-una-persona.jpg",1024,768,false],"newsever-medium":["https:\/\/experienciadevida.com.ar\/portalurbano\/wp-content\/uploads\/2021\/06\/Aprehendieron-a-una-persona.jpg",633,475,false],"web-stories-poster-portrait":["https:\/\/experienciadevida.com.ar\/portalurbano\/wp-content\/uploads\/2021\/06\/Aprehendieron-a-una-persona.jpg",640,480,false],"web-stories-publisher-logo":["https:\/\/experienciadevida.com.ar\/portalurbano\/wp-content\/uploads\/2021\/06\/Aprehendieron-a-una-persona.jpg",96,72,false],"web-stories-thumbnail":["https:\/\/experienciadevida.com.ar\/portalurbano\/wp-content\/uploads\/2021\/06\/Aprehendieron-a-una-persona.jpg",150,113,false]},"author_info":{"display_name":"admpu17wp","author_link":"https:\/\/experienciadevida.com.ar\/portalurbano\/author\/admpu17wp\/"},"category_info":"<a href=\"https:\/\/experienciadevida.com.ar\/portalurbano\/category\/destacadas\/\" rel=\"category tag\">Destacadas<\/a> <a href=\"https:\/\/experienciadevida.com.ar\/portalurbano\/category\/policiales\/\" rel=\"category tag\">Policiales<\/a>","tag_info":"Policiales","comment_count":"0","amp_enabled":true,"_links":{"self":[{"href":"https:\/\/experienciadevida.com.ar\/portalurbano\/wp-json\/wp\/v2\/posts\/144790"}],"collection":[{"href":"https:\/\/experienciadevida.com.ar\/portalurbano\/wp-json\/wp\/v2\/posts"}],"about":[{"href":"https:\/\/experienciadevida.com.ar\/portalurbano\/wp-json\/wp\/v2\/types\/post"}],"author":[{"embeddable":true,"href":"https:\/\/experienciadevida.com.ar\/portalurbano\/wp-json\/wp\/v2\/users\/1"}],"replies":[{"embeddable":true,"href":"https:\/\/experienciadevida.com.ar\/portalurbano\/wp-json\/wp\/v2\/comments?post=144790"}],"version-history":[{"count":1,"href":"https:\/\/experienciadevida.com.ar\/portalurbano\/wp-json\/wp\/v2\/posts\/144790\/revisions"}],"predecessor-version":[{"id":144792,"href":"https:\/\/experienciadevida.com.ar\/portalurbano\/wp-json\/wp\/v2\/posts\/144790\/revisions\/144792"}],"wp:featuredmedia":[{"embeddable":true,"href":"https:\/\/experienciadevida.com.ar\/portalurbano\/wp-json\/wp\/v2\/media\/144791"}],"wp:attachment":[{"href":"https:\/\/experienciadevida.com.ar\/portalurbano\/wp-json\/wp\/v2\/media?parent=144790"}],"wp:term":[{"taxonomy":"category","embeddable":true,"href":"https:\/\/experienciadevida.com.ar\/portalurbano\/wp-json\/wp\/v2\/categories?post=144790"},{"taxonomy":"post_tag","embeddable":true,"href":"https:\/\/experienciadevida.com.ar\/portalurbano\/wp-json\/wp\/v2\/tags?post=144790"}],"curies":[{"name":"wp","href":"https:\/\/api.w.org\/{rel}","templated":true}]}}