{"id":144782,"date":"2021-06-09T14:49:40","date_gmt":"2021-06-09T17:49:40","guid":{"rendered":"https:\/\/experienciadevida.com.ar\/portalurbano\/?p=144782"},"modified":"2021-06-09T14:54:07","modified_gmt":"2021-06-09T17:54:07","slug":"realizaron-varios-allanamientos-en-el-operativo-luz-de-la-infancia","status":"publish","type":"post","link":"https:\/\/experienciadevida.com.ar\/portalurbano\/realizaron-varios-allanamientos-en-el-operativo-luz-de-la-infancia\/","title":{"rendered":"Realizaron varios allanamientos en el &#8220;Operativo luz de la infancia&#8221;"},"content":{"rendered":"<p>Realizaron varios allanamientos en el &#8220;Operativo luz de la infancia&#8221;, sucedieron en la ma\u00f1ana de este mi\u00e9rcoles en diferentes puntos de la ciudad, uno de ellos fue en la intersecci\u00f3n de las calles General Paz y Espa\u00f1a. All\u00ed posteriormente brindaron una conferencia de prensa a los medios de comunicaci\u00f3n el Fiscal Marcelo Sobrino y Lucas Moyano.<\/p>\n<p>Los operativos se realizan a trav\u00e9s de una investigaci\u00f3n de car\u00e1cter\u00a0 internacional\u00a0 tanto en Argentina, Estados Unidos, Panam\u00e1, Colombia- Ecuador- Paraguay- Brasil y dentro de Argentina en varias provincias tales como C\u00f3rdoba- Mendoza- Salta- Formosa- Misiones- Neuqu\u00e9n y la ciudad de Buenos aires y\u00a0 la provincia. En total son 65 operativos y 25 en la provincia de Buenos Aires alguno de ellos en el Conurbano.<\/p>\n<p>Realizaron varios allanamientos &#8220;En Olavarr\u00eda nos toc\u00f3 hacer tres allanamientos en diferentes lugares, la investigaci\u00f3n surge por im\u00e1genes pornogr\u00e1ficas infantiles, el operativo fue iniciado en Estados Unidos que reflejan la fotograf\u00eda y \u00e9stos tienen una identificaci\u00f3n que capta desde donde se distribuye y les llega a ellos la imagen por eso se hacen los operativos para buscar las im\u00e1genes concretas dentro de las computadoras que se puedan secuestrar&#8221;, comenz\u00f3 diciendo Sobrino.<\/p>\n<p>Por otra parte mencion\u00f3 que &#8220;se realiza una pericia a las computadoras que ser\u00e1n el pr\u00f3ximo mes. Es un trabajo en conjunto con la fuerza de seguridad y del Ministerio p\u00fablico as\u00ed como tambi\u00e9n los peritos&#8221;.<\/p>\n<p>Luego tom\u00f3 la palabra Lucas Moyano quien coment\u00f3 &#8220;se solicitaron las \u00f3rdenes de allanamiento a la Doctora San Rom\u00e1n y\u00a0 se hicieron efectivas. Tenemos que analizar todo, es una operaci\u00f3n internacional donde tuvimos que coordinar no solamente con fiscal\u00edas de la autor\u00eda sino de otros pa\u00edses que est\u00e1n trabajando en este operativo. Lo que tenemos que saber siempre es cuando se comparte una imagen de contenido sexual infantil una fotograf\u00eda o video, o haya explotaci\u00f3n sexual infantil, en la vida real un menor esta siendo abusado por eso la importancia de este tipo de investigaciones&#8221;.<\/p>\n<p>Para finalizar dijo &#8220;se utilizaba una red de usuarios que se comparten y descargan informaci\u00f3n&#8221;.<\/p>\n","protected":false},"excerpt":{"rendered":"<p>Realizaron varios allanamientos en el &#8220;Operativo luz de la infancia&#8221;, sucedieron en la ma\u00f1ana de&#8230;<\/p>\n","protected":false},"author":1,"featured_media":144783,"comment_status":"closed","ping_status":"closed","sticky":false,"template":"","format":"standard","meta":{"content-type":""},"categories":[64,40],"tags":[],"nelio_content":{"isAutoShareEnabled":false,"autoShareEndMode":"default","automationSources":{"useContentSentences":true,"useSocialTemplates":true,"useCustomSentences":false,"customSentences":[]},"followers":[1],"suggestedReferences":[],"includedReferences":[],"efiUrl":"","efiAlt":"","highlights":[]},"yoast_head":"<!-- This site is optimized with the Yoast SEO plugin v20.7 - https:\/\/yoast.com\/wordpress\/plugins\/seo\/ -->\n<title>Realizaron varios allanamientos en el operativo &quot;luz de la infancia&quot;<\/title>\n<meta name=\"description\" content=\"Realizaron varios allanamientos en el &quot;Operativo luz de la infancia&quot;, sucedieron en la ma\u00f1ana de este mi\u00e9rcoles en diferentes puntos\" \/>\n<meta name=\"robots\" content=\"index, follow, max-snippet:-1, max-image-preview:large, max-video-preview:-1\" \/>\n<link rel=\"canonical\" href=\"https:\/\/experienciadevida.com.ar\/portalurbano\/realizaron-varios-allanamientos-en-el-operativo-luz-de-la-infancia\/\" \/>\n<meta property=\"og:locale\" content=\"es_ES\" \/>\n<meta property=\"og:type\" content=\"article\" \/>\n<meta property=\"og:title\" content=\"Realizaron varios allanamientos en el operativo &quot;luz de la infancia&quot;\" \/>\n<meta property=\"og:description\" content=\"Realizaron varios allanamientos en el &quot;Operativo luz de la infancia&quot;, sucedieron en la ma\u00f1ana de este mi\u00e9rcoles en diferentes puntos\" \/>\n<meta property=\"og:url\" content=\"https:\/\/experienciadevida.com.ar\/portalurbano\/realizaron-varios-allanamientos-en-el-operativo-luz-de-la-infancia\/\" \/>\n<meta property=\"article:publisher\" content=\"https:\/\/www.facebook.com\/Portal-Urbano-171542830093757\/\" \/>\n<meta property=\"article:published_time\" content=\"2021-06-09T17:49:40+00:00\" \/>\n<meta property=\"article:modified_time\" content=\"2021-06-09T17:54:07+00:00\" \/>\n<meta property=\"og:image\" content=\"https:\/\/experienciadevida.com.ar\/portalurbano\/wp-content\/uploads\/2021\/06\/Realizaron-varios-allanamientos.jpg\" \/>\n\t<meta property=\"og:image:width\" content=\"1280\" \/>\n\t<meta property=\"og:image:height\" content=\"960\" \/>\n\t<meta property=\"og:image:type\" content=\"image\/jpeg\" \/>\n<meta name=\"author\" content=\"admpu17wp\" \/>\n<meta name=\"twitter:card\" content=\"summary_large_image\" \/>\n<meta name=\"twitter:creator\" content=\"@portalurbanook\" \/>\n<meta name=\"twitter:site\" content=\"@portalurbanook\" \/>\n<meta name=\"twitter:label1\" content=\"Escrito por\" \/>\n\t<meta name=\"twitter:data1\" content=\"admpu17wp\" \/>\n\t<meta name=\"twitter:label2\" content=\"Tiempo de lectura\" \/>\n\t<meta name=\"twitter:data2\" content=\"2 minutos\" \/>\n<script type=\"application\/ld+json\" class=\"yoast-schema-graph\">{\"@context\":\"https:\/\/schema.org\",\"@graph\":[{\"@type\":\"Article\",\"@id\":\"https:\/\/experienciadevida.com.ar\/portalurbano\/realizaron-varios-allanamientos-en-el-operativo-luz-de-la-infancia\/#article\",\"isPartOf\":{\"@id\":\"https:\/\/experienciadevida.com.ar\/portalurbano\/realizaron-varios-allanamientos-en-el-operativo-luz-de-la-infancia\/\"},\"author\":{\"name\":\"admpu17wp\",\"@id\":\"https:\/\/experienciadevida.com.ar\/portalurbano\/#\/schema\/person\/02dd326b1c4b056e9cc972486934a3a7\"},\"headline\":\"Realizaron varios allanamientos en el &#8220;Operativo luz de la infancia&#8221;\",\"datePublished\":\"2021-06-09T17:49:40+00:00\",\"dateModified\":\"2021-06-09T17:54:07+00:00\",\"mainEntityOfPage\":{\"@id\":\"https:\/\/experienciadevida.com.ar\/portalurbano\/realizaron-varios-allanamientos-en-el-operativo-luz-de-la-infancia\/\"},\"wordCount\":376,\"publisher\":{\"@id\":\"https:\/\/experienciadevida.com.ar\/portalurbano\/#organization\"},\"articleSection\":[\"Destacadas 2\",\"Policiales\"],\"inLanguage\":\"es\"},{\"@type\":\"WebPage\",\"@id\":\"https:\/\/experienciadevida.com.ar\/portalurbano\/realizaron-varios-allanamientos-en-el-operativo-luz-de-la-infancia\/\",\"url\":\"https:\/\/experienciadevida.com.ar\/portalurbano\/realizaron-varios-allanamientos-en-el-operativo-luz-de-la-infancia\/\",\"name\":\"Realizaron varios allanamientos en el operativo \\\"luz de la infancia\\\"\",\"isPartOf\":{\"@id\":\"https:\/\/experienciadevida.com.ar\/portalurbano\/#website\"},\"datePublished\":\"2021-06-09T17:49:40+00:00\",\"dateModified\":\"2021-06-09T17:54:07+00:00\",\"description\":\"Realizaron varios allanamientos en el \\\"Operativo luz de la infancia\\\", sucedieron en la ma\u00f1ana de este mi\u00e9rcoles en diferentes puntos\",\"breadcrumb\":{\"@id\":\"https:\/\/experienciadevida.com.ar\/portalurbano\/realizaron-varios-allanamientos-en-el-operativo-luz-de-la-infancia\/#breadcrumb\"},\"inLanguage\":\"es\",\"potentialAction\":[{\"@type\":\"ReadAction\",\"target\":[\"https:\/\/experienciadevida.com.ar\/portalurbano\/realizaron-varios-allanamientos-en-el-operativo-luz-de-la-infancia\/\"]}]},{\"@type\":\"BreadcrumbList\",\"@id\":\"https:\/\/experienciadevida.com.ar\/portalurbano\/realizaron-varios-allanamientos-en-el-operativo-luz-de-la-infancia\/#breadcrumb\",\"itemListElement\":[{\"@type\":\"ListItem\",\"position\":1,\"name\":\"Portada\",\"item\":\"https:\/\/experienciadevida.com.ar\/portalurbano\/\"},{\"@type\":\"ListItem\",\"position\":2,\"name\":\"Realizaron varios allanamientos en el \u00abOperativo luz de la infancia\u00bb\"}]},{\"@type\":\"WebSite\",\"@id\":\"https:\/\/experienciadevida.com.ar\/portalurbano\/#website\",\"url\":\"https:\/\/experienciadevida.com.ar\/portalurbano\/\",\"name\":\"\",\"description\":\"\",\"publisher\":{\"@id\":\"https:\/\/experienciadevida.com.ar\/portalurbano\/#organization\"},\"potentialAction\":[{\"@type\":\"SearchAction\",\"target\":{\"@type\":\"EntryPoint\",\"urlTemplate\":\"https:\/\/experienciadevida.com.ar\/portalurbano\/?s={search_term_string}\"},\"query-input\":\"required name=search_term_string\"}],\"inLanguage\":\"es\"},{\"@type\":\"Organization\",\"@id\":\"https:\/\/experienciadevida.com.ar\/portalurbano\/#organization\",\"name\":\"Portal Urbano\",\"url\":\"https:\/\/experienciadevida.com.ar\/portalurbano\/\",\"logo\":{\"@type\":\"ImageObject\",\"inLanguage\":\"es\",\"@id\":\"https:\/\/experienciadevida.com.ar\/portalurbano\/#\/schema\/logo\/image\/\",\"url\":\"https:\/\/experienciadevida.com.ar\/portalurbano\/wp-content\/uploads\/2019\/09\/Logo-Original.png\",\"contentUrl\":\"https:\/\/experienciadevida.com.ar\/portalurbano\/wp-content\/uploads\/2019\/09\/Logo-Original.png\",\"width\":2236,\"height\":1216,\"caption\":\"Portal Urbano\"},\"image\":{\"@id\":\"https:\/\/experienciadevida.com.ar\/portalurbano\/#\/schema\/logo\/image\/\"},\"sameAs\":[\"https:\/\/www.facebook.com\/Portal-Urbano-171542830093757\/\",\"https:\/\/twitter.com\/portalurbanook\",\"https:\/\/www.instagram.com\/_portalurbano\/\",\"https:\/\/www.youtube.com\/channel\/UCXhagIfszH8KxFiOok79zbA?view_as=subscriber\"]},{\"@type\":\"Person\",\"@id\":\"https:\/\/experienciadevida.com.ar\/portalurbano\/#\/schema\/person\/02dd326b1c4b056e9cc972486934a3a7\",\"name\":\"admpu17wp\",\"image\":{\"@type\":\"ImageObject\",\"inLanguage\":\"es\",\"@id\":\"https:\/\/experienciadevida.com.ar\/portalurbano\/#\/schema\/person\/image\/\",\"url\":\"https:\/\/secure.gravatar.com\/avatar\/830d4c57adaae6630765e449a6908047?s=96&d=mm&r=g\",\"contentUrl\":\"https:\/\/secure.gravatar.com\/avatar\/830d4c57adaae6630765e449a6908047?s=96&d=mm&r=g\",\"caption\":\"admpu17wp\"}}]}<\/script>\n<!-- \/ Yoast SEO plugin. -->","yoast_head_json":{"title":"Realizaron varios allanamientos en el operativo \"luz de la infancia\"","description":"Realizaron varios allanamientos en el \"Operativo luz de la infancia\", sucedieron en la ma\u00f1ana de este mi\u00e9rcoles en diferentes puntos","robots":{"index":"index","follow":"follow","max-snippet":"max-snippet:-1","max-image-preview":"max-image-preview:large","max-video-preview":"max-video-preview:-1"},"canonical":"https:\/\/experienciadevida.com.ar\/portalurbano\/realizaron-varios-allanamientos-en-el-operativo-luz-de-la-infancia\/","og_locale":"es_ES","og_type":"article","og_title":"Realizaron varios allanamientos en el operativo \"luz de la infancia\"","og_description":"Realizaron varios allanamientos en el \"Operativo luz de la infancia\", sucedieron en la ma\u00f1ana de este mi\u00e9rcoles en diferentes puntos","og_url":"https:\/\/experienciadevida.com.ar\/portalurbano\/realizaron-varios-allanamientos-en-el-operativo-luz-de-la-infancia\/","article_publisher":"https:\/\/www.facebook.com\/Portal-Urbano-171542830093757\/","article_published_time":"2021-06-09T17:49:40+00:00","article_modified_time":"2021-06-09T17:54:07+00:00","og_image":[{"width":1280,"height":960,"url":"https:\/\/experienciadevida.com.ar\/portalurbano\/wp-content\/uploads\/2021\/06\/Realizaron-varios-allanamientos.jpg","type":"image\/jpeg"}],"author":"admpu17wp","twitter_card":"summary_large_image","twitter_creator":"@portalurbanook","twitter_site":"@portalurbanook","twitter_misc":{"Escrito por":"admpu17wp","Tiempo de lectura":"2 minutos"},"schema":{"@context":"https:\/\/schema.org","@graph":[{"@type":"Article","@id":"https:\/\/experienciadevida.com.ar\/portalurbano\/realizaron-varios-allanamientos-en-el-operativo-luz-de-la-infancia\/#article","isPartOf":{"@id":"https:\/\/experienciadevida.com.ar\/portalurbano\/realizaron-varios-allanamientos-en-el-operativo-luz-de-la-infancia\/"},"author":{"name":"admpu17wp","@id":"https:\/\/experienciadevida.com.ar\/portalurbano\/#\/schema\/person\/02dd326b1c4b056e9cc972486934a3a7"},"headline":"Realizaron varios allanamientos en el &#8220;Operativo luz de la infancia&#8221;","datePublished":"2021-06-09T17:49:40+00:00","dateModified":"2021-06-09T17:54:07+00:00","mainEntityOfPage":{"@id":"https:\/\/experienciadevida.com.ar\/portalurbano\/realizaron-varios-allanamientos-en-el-operativo-luz-de-la-infancia\/"},"wordCount":376,"publisher":{"@id":"https:\/\/experienciadevida.com.ar\/portalurbano\/#organization"},"articleSection":["Destacadas 2","Policiales"],"inLanguage":"es"},{"@type":"WebPage","@id":"https:\/\/experienciadevida.com.ar\/portalurbano\/realizaron-varios-allanamientos-en-el-operativo-luz-de-la-infancia\/","url":"https:\/\/experienciadevida.com.ar\/portalurbano\/realizaron-varios-allanamientos-en-el-operativo-luz-de-la-infancia\/","name":"Realizaron varios allanamientos en el operativo \"luz de la infancia\"","isPartOf":{"@id":"https:\/\/experienciadevida.com.ar\/portalurbano\/#website"},"datePublished":"2021-06-09T17:49:40+00:00","dateModified":"2021-06-09T17:54:07+00:00","description":"Realizaron varios allanamientos en el \"Operativo luz de la infancia\", sucedieron en la ma\u00f1ana de este mi\u00e9rcoles en diferentes puntos","breadcrumb":{"@id":"https:\/\/experienciadevida.com.ar\/portalurbano\/realizaron-varios-allanamientos-en-el-operativo-luz-de-la-infancia\/#breadcrumb"},"inLanguage":"es","potentialAction":[{"@type":"ReadAction","target":["https:\/\/experienciadevida.com.ar\/portalurbano\/realizaron-varios-allanamientos-en-el-operativo-luz-de-la-infancia\/"]}]},{"@type":"BreadcrumbList","@id":"https:\/\/experienciadevida.com.ar\/portalurbano\/realizaron-varios-allanamientos-en-el-operativo-luz-de-la-infancia\/#breadcrumb","itemListElement":[{"@type":"ListItem","position":1,"name":"Portada","item":"https:\/\/experienciadevida.com.ar\/portalurbano\/"},{"@type":"ListItem","position":2,"name":"Realizaron varios allanamientos en el \u00abOperativo luz de la infancia\u00bb"}]},{"@type":"WebSite","@id":"https:\/\/experienciadevida.com.ar\/portalurbano\/#website","url":"https:\/\/experienciadevida.com.ar\/portalurbano\/","name":"","description":"","publisher":{"@id":"https:\/\/experienciadevida.com.ar\/portalurbano\/#organization"},"potentialAction":[{"@type":"SearchAction","target":{"@type":"EntryPoint","urlTemplate":"https:\/\/experienciadevida.com.ar\/portalurbano\/?s={search_term_string}"},"query-input":"required name=search_term_string"}],"inLanguage":"es"},{"@type":"Organization","@id":"https:\/\/experienciadevida.com.ar\/portalurbano\/#organization","name":"Portal Urbano","url":"https:\/\/experienciadevida.com.ar\/portalurbano\/","logo":{"@type":"ImageObject","inLanguage":"es","@id":"https:\/\/experienciadevida.com.ar\/portalurbano\/#\/schema\/logo\/image\/","url":"https:\/\/experienciadevida.com.ar\/portalurbano\/wp-content\/uploads\/2019\/09\/Logo-Original.png","contentUrl":"https:\/\/experienciadevida.com.ar\/portalurbano\/wp-content\/uploads\/2019\/09\/Logo-Original.png","width":2236,"height":1216,"caption":"Portal Urbano"},"image":{"@id":"https:\/\/experienciadevida.com.ar\/portalurbano\/#\/schema\/logo\/image\/"},"sameAs":["https:\/\/www.facebook.com\/Portal-Urbano-171542830093757\/","https:\/\/twitter.com\/portalurbanook","https:\/\/www.instagram.com\/_portalurbano\/","https:\/\/www.youtube.com\/channel\/UCXhagIfszH8KxFiOok79zbA?view_as=subscriber"]},{"@type":"Person","@id":"https:\/\/experienciadevida.com.ar\/portalurbano\/#\/schema\/person\/02dd326b1c4b056e9cc972486934a3a7","name":"admpu17wp","image":{"@type":"ImageObject","inLanguage":"es","@id":"https:\/\/experienciadevida.com.ar\/portalurbano\/#\/schema\/person\/image\/","url":"https:\/\/secure.gravatar.com\/avatar\/830d4c57adaae6630765e449a6908047?s=96&d=mm&r=g","contentUrl":"https:\/\/secure.gravatar.com\/avatar\/830d4c57adaae6630765e449a6908047?s=96&d=mm&r=g","caption":"admpu17wp"}}]}},"featured_image_urls":{"full":["https:\/\/experienciadevida.com.ar\/portalurbano\/wp-content\/uploads\/2021\/06\/Realizaron-varios-allanamientos.jpg",1280,960,false],"thumbnail":["https:\/\/experienciadevida.com.ar\/portalurbano\/wp-content\/uploads\/2021\/06\/Realizaron-varios-allanamientos-150x150.jpg",150,150,true],"medium":["https:\/\/experienciadevida.com.ar\/portalurbano\/wp-content\/uploads\/2021\/06\/Realizaron-varios-allanamientos-300x225.jpg",300,225,true],"medium_large":["https:\/\/experienciadevida.com.ar\/portalurbano\/wp-content\/uploads\/2021\/06\/Realizaron-varios-allanamientos-768x576.jpg",640,480,true],"large":["https:\/\/experienciadevida.com.ar\/portalurbano\/wp-content\/uploads\/2021\/06\/Realizaron-varios-allanamientos-1024x768.jpg",640,480,true],"ug_big":["https:\/\/experienciadevida.com.ar\/portalurbano\/wp-content\/uploads\/2021\/06\/Realizaron-varios-allanamientos-768x576.jpg",768,576,true],"1536x1536":["https:\/\/experienciadevida.com.ar\/portalurbano\/wp-content\/uploads\/2021\/06\/Realizaron-varios-allanamientos.jpg",1280,960,false],"2048x2048":["https:\/\/experienciadevida.com.ar\/portalurbano\/wp-content\/uploads\/2021\/06\/Realizaron-varios-allanamientos.jpg",1280,960,false],"newsever-slider-full":["https:\/\/experienciadevida.com.ar\/portalurbano\/wp-content\/uploads\/2021\/06\/Realizaron-varios-allanamientos.jpg",1127,845,false],"newsever-featured":["https:\/\/experienciadevida.com.ar\/portalurbano\/wp-content\/uploads\/2021\/06\/Realizaron-varios-allanamientos.jpg",1024,768,false],"newsever-medium":["https:\/\/experienciadevida.com.ar\/portalurbano\/wp-content\/uploads\/2021\/06\/Realizaron-varios-allanamientos.jpg",633,475,false],"web-stories-poster-portrait":["https:\/\/experienciadevida.com.ar\/portalurbano\/wp-content\/uploads\/2021\/06\/Realizaron-varios-allanamientos.jpg",640,480,false],"web-stories-publisher-logo":["https:\/\/experienciadevida.com.ar\/portalurbano\/wp-content\/uploads\/2021\/06\/Realizaron-varios-allanamientos.jpg",96,72,false],"web-stories-thumbnail":["https:\/\/experienciadevida.com.ar\/portalurbano\/wp-content\/uploads\/2021\/06\/Realizaron-varios-allanamientos.jpg",150,113,false]},"author_info":{"display_name":"admpu17wp","author_link":"https:\/\/experienciadevida.com.ar\/portalurbano\/author\/admpu17wp\/"},"category_info":"<a href=\"https:\/\/experienciadevida.com.ar\/portalurbano\/category\/destacadas-2\/\" rel=\"category tag\">Destacadas 2<\/a> <a href=\"https:\/\/experienciadevida.com.ar\/portalurbano\/category\/policiales\/\" rel=\"category tag\">Policiales<\/a>","tag_info":"Policiales","comment_count":"0","amp_enabled":true,"_links":{"self":[{"href":"https:\/\/experienciadevida.com.ar\/portalurbano\/wp-json\/wp\/v2\/posts\/144782"}],"collection":[{"href":"https:\/\/experienciadevida.com.ar\/portalurbano\/wp-json\/wp\/v2\/posts"}],"about":[{"href":"https:\/\/experienciadevida.com.ar\/portalurbano\/wp-json\/wp\/v2\/types\/post"}],"author":[{"embeddable":true,"href":"https:\/\/experienciadevida.com.ar\/portalurbano\/wp-json\/wp\/v2\/users\/1"}],"replies":[{"embeddable":true,"href":"https:\/\/experienciadevida.com.ar\/portalurbano\/wp-json\/wp\/v2\/comments?post=144782"}],"version-history":[{"count":4,"href":"https:\/\/experienciadevida.com.ar\/portalurbano\/wp-json\/wp\/v2\/posts\/144782\/revisions"}],"predecessor-version":[{"id":144787,"href":"https:\/\/experienciadevida.com.ar\/portalurbano\/wp-json\/wp\/v2\/posts\/144782\/revisions\/144787"}],"wp:featuredmedia":[{"embeddable":true,"href":"https:\/\/experienciadevida.com.ar\/portalurbano\/wp-json\/wp\/v2\/media\/144783"}],"wp:attachment":[{"href":"https:\/\/experienciadevida.com.ar\/portalurbano\/wp-json\/wp\/v2\/media?parent=144782"}],"wp:term":[{"taxonomy":"category","embeddable":true,"href":"https:\/\/experienciadevida.com.ar\/portalurbano\/wp-json\/wp\/v2\/categories?post=144782"},{"taxonomy":"post_tag","embeddable":true,"href":"https:\/\/experienciadevida.com.ar\/portalurbano\/wp-json\/wp\/v2\/tags?post=144782"}],"curies":[{"name":"wp","href":"https:\/\/api.w.org\/{rel}","templated":true}]}}