{"id":144766,"date":"2021-06-09T09:58:10","date_gmt":"2021-06-09T12:58:10","guid":{"rendered":"https:\/\/experienciadevida.com.ar\/portalurbano\/?p=144766"},"modified":"2021-06-09T10:29:53","modified_gmt":"2021-06-09T13:29:53","slug":"desde-este-miercoles-olavarria-pasa-a-fase-4-restringida-que-se-puede-hacer-y-que-no","status":"publish","type":"post","link":"https:\/\/experienciadevida.com.ar\/portalurbano\/desde-este-miercoles-olavarria-pasa-a-fase-4-restringida-que-se-puede-hacer-y-que-no\/","title":{"rendered":"Desde este mi\u00e9rcoles Olavarr\u00eda pasa a fase 4 restringida \u00bfQu\u00e9 se puede hacer y qu\u00e9 no?"},"content":{"rendered":"<p>Desde este mi\u00e9rcoles Olavarr\u00eda pasa a fase 4 restringida \u00bfQu\u00e9 se puede hacer y qu\u00e9 no?, tal como lo anunci\u00f3 ayer el Jefe Comunal junto con el Secretario de salud <a href=\"https:\/\/experienciadevida.com.ar\/portalurbano\/galli-en-conferencia-de-prensa-confirmo-el-pase-de-olavarria-a-fase-4-con-restricciones\/\">en conferencia de prensa<\/a> nuestra ciudad avanza un paso m\u00e1s, &#8220;<em>tenemos que tener en claro que puede ser provisorio: si la situaci\u00f3n se complica seremos los primeros en pedir retroceso de fase y anunciar restricciones como el 23 de marzo&#8221;.<\/em><\/p>\n<p>Luego de la explicaci\u00f3n de la sala de situaci\u00f3n en Olavarr\u00eda, Galli confirm\u00f3 que \u201cOlavarr\u00eda pas\u00f3 a Fase 4. Somos unos de los cuatro municipios de la provincia de Buenos Aires en Fase 4. Es una muy buena noticia, pero tenemos que tener en claro que puede ser provisorio: si la situaci\u00f3n se complica seremos los primeros en pedir retroceso de fase y anunciar restricciones como el 23 de marzo, que fueron oportunas y efectivas, sumado al gran comportamiento de la gran mayor\u00eda de la poblaci\u00f3n que ha cumplido a rajatabla las normas y protocolos en lugares de trabajo\u201d.<\/p>\n<p>\u201cEs una fase 4 con restricciones, de acuerdo a lo que consensuamos con el jefe de Gabinete Carlos Bianco, de lograr un mecanismo de restricciones. Creemos que lo m\u00e1s importante de las actividades habilitadas es continuar con las que tienen un impacto econ\u00f3mico y restringir las que no tienen impacto en el bolsillo de los olavarrienses. Hay que tener en claro que las actividades restringidas son actividades recreativas que no tienen que ver con fuentes laborales y situaciones econ\u00f3micas. Dios mediante y seg\u00fan el comportamiento de todos, vamos a poder seguir adelante hasta que contin\u00fae avanzando plan de vacunaci\u00f3n y la mayor\u00eda de la poblaci\u00f3n este inmunizada para empezar a salir de esta pandemia\u201d, asegur\u00f3 el Intendente.<\/p>\n<p>Desde este mi\u00e9rcoles Olavarr\u00eda pasa a fase 4 restringida, ser\u00e1 hasta el 28 de junio.<\/p>\n<p>Actividades no habilitadas:<\/p>\n<p>\u2013 Eventos culturales, sociales y recreativos al aire libre, en espacios p\u00fablicos con concurrencia m\u00e1xima de 100 personas.<\/p>\n<p>\u2013 Actividades sociales y familiares hasta 20 personas, en espacios p\u00fablicos al aire libre.<\/p>\n<p>\u2013 Actividades y reuniones sociales en domicilios particulares hasta 10 personas.<\/p>\n<p>\u2013 Mercados y ferias de artesan\u00edas y venta de alimentos en espacios cerrados.<\/p>\n<p>Actividades habilitadas con restricciones<\/p>\n<p>\u2013 Artes esc\u00e9nicas y musicales hasta 20 personas.<\/p>\n<p>\u2013 Museos con aforo de hasta 30% de capacidad.<\/p>\n<p>\u2013 Salones de fiesta y afines, con aforo del 30%.<\/p>\n<p>\u2013 Actividades y competencias deportivas sin p\u00fablico y sin participaci\u00f3n de deportistas de otras ciudades.<\/p>\n<p>Actividades habilitadas en Fase 4<\/p>\n<p>\u2013 Eventos religiosos en espacio p\u00fablicos, al aire libre con concurrencia m\u00e1xima de 100 personas.<\/p>\n<p>\u2013 Restaurantes y bares con aforo del 50%, conforme a los protocolos establecidos y hasta las 00 horas.<\/p>\n<p>\u2013 Pr\u00e1ctica de deportes hasta 10 personas, en espacios cerrados.<\/p>\n<p>\u2013 Celebraci\u00f3n de ritos religiosos, en espacios cerrados, con amplia ventilaci\u00f3n natural hasta 20 personas.<\/p>\n<p>\u2013 Salas cinematogr\u00e1ficas.<\/p>\n<p>\u2013 Gimnasios en espacios cerrados con amplia ventilaci\u00f3n natural.<\/p>\n<p>\u2013 Natatorios en espacios cerrados.<\/p>\n<p>\u2013 Actividades de casinos y bingos.<\/p>\n<p>\u2013 Actividades deportivas de m\u00e1s de 10 personas al aire libre o en espacios cerrados con amplia ventilaci\u00f3n natural.<\/p>\n<p>\u201cDepende de todos nosotros que continuemos en esta situaci\u00f3n. Seguimos priorizando el equilibrio entre lo econ\u00f3mico y sanitario. Hoy tenemos un 55% de ocupaci\u00f3n de Cuidados Intensivos, que es una gran noticia, pero tambi\u00e9n esto es muy din\u00e1mico y la pandemia nos ha demostrado que es as\u00ed. Se analiza d\u00eda a d\u00eda y vamos viendo los n\u00fameros, indicadores y luces de alerta que se van prendiendo en el tablero de control\u201d, mencion\u00f3 Galli.<\/p>\n<p>Por \u00faltimo pidi\u00f3 \u201ca la ciudadan\u00eda que nos cuidemos mucho, que sigamos respetando el distanciamiento social, usando barbijo y lavado de manos. Tenemos que continuar de esta manera y que siga avanzando la vacunaci\u00f3n para empezar a pensar en la salida de esta pandemia y la vuelta a esta nueva normalidad\u201d.<\/p>\n<p>Desde este mi\u00e9rcoles Olavarr\u00eda pasa a fase 4 restringida, por su parte aclararon que el Municipio no est\u00e1 habilitado en Fase 4 a cerrar el Bingo. Tiene potestad para restringir el horario pero no para inhabilitar. Es competencia de la Provincia la habilitaci\u00f3n o inhabilitaci\u00f3n.<\/p>\n","protected":false},"excerpt":{"rendered":"<p>Desde este mi\u00e9rcoles Olavarr\u00eda pasa a fase 4 restringida \u00bfQu\u00e9 se puede hacer y qu\u00e9&#8230;<\/p>\n","protected":false},"author":1,"featured_media":132515,"comment_status":"closed","ping_status":"closed","sticky":false,"template":"","format":"standard","meta":{"content-type":""},"categories":[27,51],"tags":[],"nelio_content":{"isAutoShareEnabled":false,"autoShareEndMode":"default","automationSources":{"useContentSentences":true,"useSocialTemplates":true,"useCustomSentences":false,"customSentences":[]},"followers":[1],"suggestedReferences":[],"includedReferences":[],"efiUrl":"","efiAlt":"","highlights":[]},"yoast_head":"<!-- This site is optimized with the Yoast SEO plugin v20.7 - https:\/\/yoast.com\/wordpress\/plugins\/seo\/ -->\n<title>Desde este mi\u00e9rcoles Olavarr\u00eda pasa a fase 4 restringida<\/title>\n<meta name=\"description\" content=\"Desde este mi\u00e9rcoles Olavarr\u00eda pasa a fase 4 restringida \u00bfQu\u00e9 se puede hacer y qu\u00e9 no?, tal como lo anunci\u00f3 ayer el Jefe Comunal\" \/>\n<meta name=\"robots\" content=\"index, follow, max-snippet:-1, max-image-preview:large, max-video-preview:-1\" \/>\n<link rel=\"canonical\" href=\"https:\/\/experienciadevida.com.ar\/portalurbano\/desde-este-miercoles-olavarria-pasa-a-fase-4-restringida-que-se-puede-hacer-y-que-no\/\" \/>\n<meta property=\"og:locale\" content=\"es_ES\" \/>\n<meta property=\"og:type\" content=\"article\" \/>\n<meta property=\"og:title\" content=\"Desde este mi\u00e9rcoles Olavarr\u00eda pasa a fase 4 restringida\" \/>\n<meta property=\"og:description\" content=\"Desde este mi\u00e9rcoles Olavarr\u00eda pasa a fase 4 restringida \u00bfQu\u00e9 se puede hacer y qu\u00e9 no?, tal como lo anunci\u00f3 ayer el Jefe Comunal\" \/>\n<meta property=\"og:url\" content=\"https:\/\/experienciadevida.com.ar\/portalurbano\/desde-este-miercoles-olavarria-pasa-a-fase-4-restringida-que-se-puede-hacer-y-que-no\/\" \/>\n<meta property=\"article:publisher\" content=\"https:\/\/www.facebook.com\/Portal-Urbano-171542830093757\/\" \/>\n<meta property=\"article:published_time\" content=\"2021-06-09T12:58:10+00:00\" \/>\n<meta property=\"article:modified_time\" content=\"2021-06-09T13:29:53+00:00\" \/>\n<meta property=\"og:image\" content=\"https:\/\/experienciadevida.com.ar\/portalurbano\/wp-content\/uploads\/2021\/01\/Restriccion-nocturna6.jpg\" \/>\n\t<meta property=\"og:image:width\" content=\"765\" \/>\n\t<meta property=\"og:image:height\" content=\"486\" \/>\n\t<meta property=\"og:image:type\" content=\"image\/jpeg\" \/>\n<meta name=\"author\" content=\"admpu17wp\" \/>\n<meta name=\"twitter:card\" content=\"summary_large_image\" \/>\n<meta name=\"twitter:creator\" content=\"@portalurbanook\" \/>\n<meta name=\"twitter:site\" content=\"@portalurbanook\" \/>\n<meta name=\"twitter:label1\" content=\"Escrito por\" \/>\n\t<meta name=\"twitter:data1\" content=\"admpu17wp\" \/>\n\t<meta name=\"twitter:label2\" content=\"Tiempo de lectura\" \/>\n\t<meta name=\"twitter:data2\" content=\"3 minutos\" \/>\n<script type=\"application\/ld+json\" class=\"yoast-schema-graph\">{\"@context\":\"https:\/\/schema.org\",\"@graph\":[{\"@type\":\"Article\",\"@id\":\"https:\/\/experienciadevida.com.ar\/portalurbano\/desde-este-miercoles-olavarria-pasa-a-fase-4-restringida-que-se-puede-hacer-y-que-no\/#article\",\"isPartOf\":{\"@id\":\"https:\/\/experienciadevida.com.ar\/portalurbano\/desde-este-miercoles-olavarria-pasa-a-fase-4-restringida-que-se-puede-hacer-y-que-no\/\"},\"author\":{\"name\":\"admpu17wp\",\"@id\":\"https:\/\/experienciadevida.com.ar\/portalurbano\/#\/schema\/person\/02dd326b1c4b056e9cc972486934a3a7\"},\"headline\":\"Desde este mi\u00e9rcoles Olavarr\u00eda pasa a fase 4 restringida \u00bfQu\u00e9 se puede hacer y qu\u00e9 no?\",\"datePublished\":\"2021-06-09T12:58:10+00:00\",\"dateModified\":\"2021-06-09T13:29:53+00:00\",\"mainEntityOfPage\":{\"@id\":\"https:\/\/experienciadevida.com.ar\/portalurbano\/desde-este-miercoles-olavarria-pasa-a-fase-4-restringida-que-se-puede-hacer-y-que-no\/\"},\"wordCount\":707,\"publisher\":{\"@id\":\"https:\/\/experienciadevida.com.ar\/portalurbano\/#organization\"},\"articleSection\":[\"Ciudad\",\"Destacadas\"],\"inLanguage\":\"es\"},{\"@type\":\"WebPage\",\"@id\":\"https:\/\/experienciadevida.com.ar\/portalurbano\/desde-este-miercoles-olavarria-pasa-a-fase-4-restringida-que-se-puede-hacer-y-que-no\/\",\"url\":\"https:\/\/experienciadevida.com.ar\/portalurbano\/desde-este-miercoles-olavarria-pasa-a-fase-4-restringida-que-se-puede-hacer-y-que-no\/\",\"name\":\"Desde este mi\u00e9rcoles Olavarr\u00eda pasa a fase 4 restringida\",\"isPartOf\":{\"@id\":\"https:\/\/experienciadevida.com.ar\/portalurbano\/#website\"},\"datePublished\":\"2021-06-09T12:58:10+00:00\",\"dateModified\":\"2021-06-09T13:29:53+00:00\",\"description\":\"Desde este mi\u00e9rcoles Olavarr\u00eda pasa a fase 4 restringida \u00bfQu\u00e9 se puede hacer y qu\u00e9 no?, tal como lo anunci\u00f3 ayer el Jefe Comunal\",\"breadcrumb\":{\"@id\":\"https:\/\/experienciadevida.com.ar\/portalurbano\/desde-este-miercoles-olavarria-pasa-a-fase-4-restringida-que-se-puede-hacer-y-que-no\/#breadcrumb\"},\"inLanguage\":\"es\",\"potentialAction\":[{\"@type\":\"ReadAction\",\"target\":[\"https:\/\/experienciadevida.com.ar\/portalurbano\/desde-este-miercoles-olavarria-pasa-a-fase-4-restringida-que-se-puede-hacer-y-que-no\/\"]}]},{\"@type\":\"BreadcrumbList\",\"@id\":\"https:\/\/experienciadevida.com.ar\/portalurbano\/desde-este-miercoles-olavarria-pasa-a-fase-4-restringida-que-se-puede-hacer-y-que-no\/#breadcrumb\",\"itemListElement\":[{\"@type\":\"ListItem\",\"position\":1,\"name\":\"Portada\",\"item\":\"https:\/\/experienciadevida.com.ar\/portalurbano\/\"},{\"@type\":\"ListItem\",\"position\":2,\"name\":\"Desde este mi\u00e9rcoles Olavarr\u00eda pasa a fase 4 restringida \u00bfQu\u00e9 se puede hacer y qu\u00e9 no?\"}]},{\"@type\":\"WebSite\",\"@id\":\"https:\/\/experienciadevida.com.ar\/portalurbano\/#website\",\"url\":\"https:\/\/experienciadevida.com.ar\/portalurbano\/\",\"name\":\"\",\"description\":\"\",\"publisher\":{\"@id\":\"https:\/\/experienciadevida.com.ar\/portalurbano\/#organization\"},\"potentialAction\":[{\"@type\":\"SearchAction\",\"target\":{\"@type\":\"EntryPoint\",\"urlTemplate\":\"https:\/\/experienciadevida.com.ar\/portalurbano\/?s={search_term_string}\"},\"query-input\":\"required name=search_term_string\"}],\"inLanguage\":\"es\"},{\"@type\":\"Organization\",\"@id\":\"https:\/\/experienciadevida.com.ar\/portalurbano\/#organization\",\"name\":\"Portal Urbano\",\"url\":\"https:\/\/experienciadevida.com.ar\/portalurbano\/\",\"logo\":{\"@type\":\"ImageObject\",\"inLanguage\":\"es\",\"@id\":\"https:\/\/experienciadevida.com.ar\/portalurbano\/#\/schema\/logo\/image\/\",\"url\":\"https:\/\/experienciadevida.com.ar\/portalurbano\/wp-content\/uploads\/2019\/09\/Logo-Original.png\",\"contentUrl\":\"https:\/\/experienciadevida.com.ar\/portalurbano\/wp-content\/uploads\/2019\/09\/Logo-Original.png\",\"width\":2236,\"height\":1216,\"caption\":\"Portal Urbano\"},\"image\":{\"@id\":\"https:\/\/experienciadevida.com.ar\/portalurbano\/#\/schema\/logo\/image\/\"},\"sameAs\":[\"https:\/\/www.facebook.com\/Portal-Urbano-171542830093757\/\",\"https:\/\/twitter.com\/portalurbanook\",\"https:\/\/www.instagram.com\/_portalurbano\/\",\"https:\/\/www.youtube.com\/channel\/UCXhagIfszH8KxFiOok79zbA?view_as=subscriber\"]},{\"@type\":\"Person\",\"@id\":\"https:\/\/experienciadevida.com.ar\/portalurbano\/#\/schema\/person\/02dd326b1c4b056e9cc972486934a3a7\",\"name\":\"admpu17wp\",\"image\":{\"@type\":\"ImageObject\",\"inLanguage\":\"es\",\"@id\":\"https:\/\/experienciadevida.com.ar\/portalurbano\/#\/schema\/person\/image\/\",\"url\":\"https:\/\/secure.gravatar.com\/avatar\/830d4c57adaae6630765e449a6908047?s=96&d=mm&r=g\",\"contentUrl\":\"https:\/\/secure.gravatar.com\/avatar\/830d4c57adaae6630765e449a6908047?s=96&d=mm&r=g\",\"caption\":\"admpu17wp\"}}]}<\/script>\n<!-- \/ Yoast SEO plugin. -->","yoast_head_json":{"title":"Desde este mi\u00e9rcoles Olavarr\u00eda pasa a fase 4 restringida","description":"Desde este mi\u00e9rcoles Olavarr\u00eda pasa a fase 4 restringida \u00bfQu\u00e9 se puede hacer y qu\u00e9 no?, tal como lo anunci\u00f3 ayer el Jefe Comunal","robots":{"index":"index","follow":"follow","max-snippet":"max-snippet:-1","max-image-preview":"max-image-preview:large","max-video-preview":"max-video-preview:-1"},"canonical":"https:\/\/experienciadevida.com.ar\/portalurbano\/desde-este-miercoles-olavarria-pasa-a-fase-4-restringida-que-se-puede-hacer-y-que-no\/","og_locale":"es_ES","og_type":"article","og_title":"Desde este mi\u00e9rcoles Olavarr\u00eda pasa a fase 4 restringida","og_description":"Desde este mi\u00e9rcoles Olavarr\u00eda pasa a fase 4 restringida \u00bfQu\u00e9 se puede hacer y qu\u00e9 no?, tal como lo anunci\u00f3 ayer el Jefe Comunal","og_url":"https:\/\/experienciadevida.com.ar\/portalurbano\/desde-este-miercoles-olavarria-pasa-a-fase-4-restringida-que-se-puede-hacer-y-que-no\/","article_publisher":"https:\/\/www.facebook.com\/Portal-Urbano-171542830093757\/","article_published_time":"2021-06-09T12:58:10+00:00","article_modified_time":"2021-06-09T13:29:53+00:00","og_image":[{"width":765,"height":486,"url":"https:\/\/experienciadevida.com.ar\/portalurbano\/wp-content\/uploads\/2021\/01\/Restriccion-nocturna6.jpg","type":"image\/jpeg"}],"author":"admpu17wp","twitter_card":"summary_large_image","twitter_creator":"@portalurbanook","twitter_site":"@portalurbanook","twitter_misc":{"Escrito por":"admpu17wp","Tiempo de lectura":"3 minutos"},"schema":{"@context":"https:\/\/schema.org","@graph":[{"@type":"Article","@id":"https:\/\/experienciadevida.com.ar\/portalurbano\/desde-este-miercoles-olavarria-pasa-a-fase-4-restringida-que-se-puede-hacer-y-que-no\/#article","isPartOf":{"@id":"https:\/\/experienciadevida.com.ar\/portalurbano\/desde-este-miercoles-olavarria-pasa-a-fase-4-restringida-que-se-puede-hacer-y-que-no\/"},"author":{"name":"admpu17wp","@id":"https:\/\/experienciadevida.com.ar\/portalurbano\/#\/schema\/person\/02dd326b1c4b056e9cc972486934a3a7"},"headline":"Desde este mi\u00e9rcoles Olavarr\u00eda pasa a fase 4 restringida \u00bfQu\u00e9 se puede hacer y qu\u00e9 no?","datePublished":"2021-06-09T12:58:10+00:00","dateModified":"2021-06-09T13:29:53+00:00","mainEntityOfPage":{"@id":"https:\/\/experienciadevida.com.ar\/portalurbano\/desde-este-miercoles-olavarria-pasa-a-fase-4-restringida-que-se-puede-hacer-y-que-no\/"},"wordCount":707,"publisher":{"@id":"https:\/\/experienciadevida.com.ar\/portalurbano\/#organization"},"articleSection":["Ciudad","Destacadas"],"inLanguage":"es"},{"@type":"WebPage","@id":"https:\/\/experienciadevida.com.ar\/portalurbano\/desde-este-miercoles-olavarria-pasa-a-fase-4-restringida-que-se-puede-hacer-y-que-no\/","url":"https:\/\/experienciadevida.com.ar\/portalurbano\/desde-este-miercoles-olavarria-pasa-a-fase-4-restringida-que-se-puede-hacer-y-que-no\/","name":"Desde este mi\u00e9rcoles Olavarr\u00eda pasa a fase 4 restringida","isPartOf":{"@id":"https:\/\/experienciadevida.com.ar\/portalurbano\/#website"},"datePublished":"2021-06-09T12:58:10+00:00","dateModified":"2021-06-09T13:29:53+00:00","description":"Desde este mi\u00e9rcoles Olavarr\u00eda pasa a fase 4 restringida \u00bfQu\u00e9 se puede hacer y qu\u00e9 no?, tal como lo anunci\u00f3 ayer el Jefe Comunal","breadcrumb":{"@id":"https:\/\/experienciadevida.com.ar\/portalurbano\/desde-este-miercoles-olavarria-pasa-a-fase-4-restringida-que-se-puede-hacer-y-que-no\/#breadcrumb"},"inLanguage":"es","potentialAction":[{"@type":"ReadAction","target":["https:\/\/experienciadevida.com.ar\/portalurbano\/desde-este-miercoles-olavarria-pasa-a-fase-4-restringida-que-se-puede-hacer-y-que-no\/"]}]},{"@type":"BreadcrumbList","@id":"https:\/\/experienciadevida.com.ar\/portalurbano\/desde-este-miercoles-olavarria-pasa-a-fase-4-restringida-que-se-puede-hacer-y-que-no\/#breadcrumb","itemListElement":[{"@type":"ListItem","position":1,"name":"Portada","item":"https:\/\/experienciadevida.com.ar\/portalurbano\/"},{"@type":"ListItem","position":2,"name":"Desde este mi\u00e9rcoles Olavarr\u00eda pasa a fase 4 restringida \u00bfQu\u00e9 se puede hacer y qu\u00e9 no?"}]},{"@type":"WebSite","@id":"https:\/\/experienciadevida.com.ar\/portalurbano\/#website","url":"https:\/\/experienciadevida.com.ar\/portalurbano\/","name":"","description":"","publisher":{"@id":"https:\/\/experienciadevida.com.ar\/portalurbano\/#organization"},"potentialAction":[{"@type":"SearchAction","target":{"@type":"EntryPoint","urlTemplate":"https:\/\/experienciadevida.com.ar\/portalurbano\/?s={search_term_string}"},"query-input":"required name=search_term_string"}],"inLanguage":"es"},{"@type":"Organization","@id":"https:\/\/experienciadevida.com.ar\/portalurbano\/#organization","name":"Portal Urbano","url":"https:\/\/experienciadevida.com.ar\/portalurbano\/","logo":{"@type":"ImageObject","inLanguage":"es","@id":"https:\/\/experienciadevida.com.ar\/portalurbano\/#\/schema\/logo\/image\/","url":"https:\/\/experienciadevida.com.ar\/portalurbano\/wp-content\/uploads\/2019\/09\/Logo-Original.png","contentUrl":"https:\/\/experienciadevida.com.ar\/portalurbano\/wp-content\/uploads\/2019\/09\/Logo-Original.png","width":2236,"height":1216,"caption":"Portal Urbano"},"image":{"@id":"https:\/\/experienciadevida.com.ar\/portalurbano\/#\/schema\/logo\/image\/"},"sameAs":["https:\/\/www.facebook.com\/Portal-Urbano-171542830093757\/","https:\/\/twitter.com\/portalurbanook","https:\/\/www.instagram.com\/_portalurbano\/","https:\/\/www.youtube.com\/channel\/UCXhagIfszH8KxFiOok79zbA?view_as=subscriber"]},{"@type":"Person","@id":"https:\/\/experienciadevida.com.ar\/portalurbano\/#\/schema\/person\/02dd326b1c4b056e9cc972486934a3a7","name":"admpu17wp","image":{"@type":"ImageObject","inLanguage":"es","@id":"https:\/\/experienciadevida.com.ar\/portalurbano\/#\/schema\/person\/image\/","url":"https:\/\/secure.gravatar.com\/avatar\/830d4c57adaae6630765e449a6908047?s=96&d=mm&r=g","contentUrl":"https:\/\/secure.gravatar.com\/avatar\/830d4c57adaae6630765e449a6908047?s=96&d=mm&r=g","caption":"admpu17wp"}}]}},"featured_image_urls":{"full":["https:\/\/experienciadevida.com.ar\/portalurbano\/wp-content\/uploads\/2021\/01\/Restriccion-nocturna6.jpg",765,486,false],"thumbnail":["https:\/\/experienciadevida.com.ar\/portalurbano\/wp-content\/uploads\/2021\/01\/Restriccion-nocturna6-150x150.jpg",150,150,true],"medium":["https:\/\/experienciadevida.com.ar\/portalurbano\/wp-content\/uploads\/2021\/01\/Restriccion-nocturna6-300x191.jpg",300,191,true],"medium_large":["https:\/\/experienciadevida.com.ar\/portalurbano\/wp-content\/uploads\/2021\/01\/Restriccion-nocturna6.jpg",640,407,false],"large":["https:\/\/experienciadevida.com.ar\/portalurbano\/wp-content\/uploads\/2021\/01\/Restriccion-nocturna6.jpg",640,407,false],"ug_big":["https:\/\/experienciadevida.com.ar\/portalurbano\/wp-content\/uploads\/2021\/01\/Restriccion-nocturna6.jpg",765,486,false],"1536x1536":["https:\/\/experienciadevida.com.ar\/portalurbano\/wp-content\/uploads\/2021\/01\/Restriccion-nocturna6.jpg",765,486,false],"2048x2048":["https:\/\/experienciadevida.com.ar\/portalurbano\/wp-content\/uploads\/2021\/01\/Restriccion-nocturna6.jpg",765,486,false],"newsever-slider-full":["https:\/\/experienciadevida.com.ar\/portalurbano\/wp-content\/uploads\/2021\/01\/Restriccion-nocturna6.jpg",765,486,false],"newsever-featured":["https:\/\/experienciadevida.com.ar\/portalurbano\/wp-content\/uploads\/2021\/01\/Restriccion-nocturna6.jpg",765,486,false],"newsever-medium":["https:\/\/experienciadevida.com.ar\/portalurbano\/wp-content\/uploads\/2021\/01\/Restriccion-nocturna6.jpg",720,457,false],"web-stories-poster-portrait":["https:\/\/experienciadevida.com.ar\/portalurbano\/wp-content\/uploads\/2021\/01\/Restriccion-nocturna6.jpg",640,407,false],"web-stories-publisher-logo":["https:\/\/experienciadevida.com.ar\/portalurbano\/wp-content\/uploads\/2021\/01\/Restriccion-nocturna6.jpg",96,61,false],"web-stories-thumbnail":["https:\/\/experienciadevida.com.ar\/portalurbano\/wp-content\/uploads\/2021\/01\/Restriccion-nocturna6.jpg",150,95,false]},"author_info":{"display_name":"admpu17wp","author_link":"https:\/\/experienciadevida.com.ar\/portalurbano\/author\/admpu17wp\/"},"category_info":"<a href=\"https:\/\/experienciadevida.com.ar\/portalurbano\/category\/ciudad\/\" rel=\"category tag\">Ciudad<\/a> <a href=\"https:\/\/experienciadevida.com.ar\/portalurbano\/category\/destacadas\/\" rel=\"category tag\">Destacadas<\/a>","tag_info":"Destacadas","comment_count":"0","amp_enabled":true,"_links":{"self":[{"href":"https:\/\/experienciadevida.com.ar\/portalurbano\/wp-json\/wp\/v2\/posts\/144766"}],"collection":[{"href":"https:\/\/experienciadevida.com.ar\/portalurbano\/wp-json\/wp\/v2\/posts"}],"about":[{"href":"https:\/\/experienciadevida.com.ar\/portalurbano\/wp-json\/wp\/v2\/types\/post"}],"author":[{"embeddable":true,"href":"https:\/\/experienciadevida.com.ar\/portalurbano\/wp-json\/wp\/v2\/users\/1"}],"replies":[{"embeddable":true,"href":"https:\/\/experienciadevida.com.ar\/portalurbano\/wp-json\/wp\/v2\/comments?post=144766"}],"version-history":[{"count":1,"href":"https:\/\/experienciadevida.com.ar\/portalurbano\/wp-json\/wp\/v2\/posts\/144766\/revisions"}],"predecessor-version":[{"id":144767,"href":"https:\/\/experienciadevida.com.ar\/portalurbano\/wp-json\/wp\/v2\/posts\/144766\/revisions\/144767"}],"wp:featuredmedia":[{"embeddable":true,"href":"https:\/\/experienciadevida.com.ar\/portalurbano\/wp-json\/wp\/v2\/media\/132515"}],"wp:attachment":[{"href":"https:\/\/experienciadevida.com.ar\/portalurbano\/wp-json\/wp\/v2\/media?parent=144766"}],"wp:term":[{"taxonomy":"category","embeddable":true,"href":"https:\/\/experienciadevida.com.ar\/portalurbano\/wp-json\/wp\/v2\/categories?post=144766"},{"taxonomy":"post_tag","embeddable":true,"href":"https:\/\/experienciadevida.com.ar\/portalurbano\/wp-json\/wp\/v2\/tags?post=144766"}],"curies":[{"name":"wp","href":"https:\/\/api.w.org\/{rel}","templated":true}]}}