{"id":144741,"date":"2021-06-08T20:02:59","date_gmt":"2021-06-08T23:02:59","guid":{"rendered":"https:\/\/experienciadevida.com.ar\/portalurbano\/?p=144741"},"modified":"2021-06-08T20:08:56","modified_gmt":"2021-06-08T23:08:56","slug":"galli-en-conferencia-de-prensa-confirmo-el-pase-de-olavarria-a-fase-4-con-restricciones","status":"publish","type":"post","link":"https:\/\/experienciadevida.com.ar\/portalurbano\/galli-en-conferencia-de-prensa-confirmo-el-pase-de-olavarria-a-fase-4-con-restricciones\/","title":{"rendered":"Galli en conferencia de prensa confirm\u00f3 el pase de Olavarr\u00eda a fase 4 con restricciones"},"content":{"rendered":"<p><a href=\"https:\/\/www.facebook.com\/galliezequiel\">Galli<\/a> en conferencia de prensa confirm\u00f3 el pase de Olavarr\u00eda a fase 4 con restricciones, fue en el atardecer de este martes.<\/p>\n<p>Como en cada oportunidad, Galli expuso el reporte sanitario de la jornada: \u201cvamos a comenzar con el parte diario y luego Germ\u00e1n (Caputo) har\u00e1 un an\u00e1lisis de la situaci\u00f3n hospitalaria del Partido de Olavarr\u00eda y despu\u00e9s voy a contarles como es la nueva fase con restricciones\u201d.<\/p>\n<p>\u201cEn el d\u00eda de hoy tenemos 50 casos positivos, se testearon 137 personas, que nos da una positividad del 36%. Tenemos 99 personas curadas y 435 activos al d\u00eda de la fecha. Lamentamos un \u00f3bito (un paciente de sexo masculino de 84 a\u00f1os) y aprovechamos la oportunidad para enviar las condolencias a los familiares. Se realizaron 40.347 testeos desde que se instal\u00f3 el Laboratorio Biomolecular en el Hospital Municipal. Del porcentaje de casos activos, el 88% corresponde a menores de 60 a\u00f1os y el 12% a mayores de 60\u201d, inform\u00f3.<\/p>\n<p>Concretamente sobre la ocupaci\u00f3n hospitalaria en relaci\u00f3n a casos de Covid, Galli detall\u00f3 que en Cuidados Intensivos hay 10 camas ocupadas por Covid y en Cuidados Generales 25. Mientras que en Maternidad, Salud Mental y Pediatr\u00eda no hay pacientes internados por Covid.<\/p>\n<p>A nivel general, la ocupaci\u00f3n en cada servicio del Hospital se divide de la siguiente manera: Cuidados Intensivos 55%, en Cuidados Generales 78%, en Maternidad 21%, en Pediatr\u00eda 19% y en Salud Mental 0%.<\/p>\n<p>En esta oportunidad, el secretario de Salud Germ\u00e1n Caputo hizo un repaso del estado de situaci\u00f3n en el transcurso de esta segunda ola y las estrategias implementadas por el \u00e1rea de Salud P\u00fablica en este proceso.<\/p>\n<p>En primer lugar, record\u00f3 el modo de funcionamiento del programa RTA (rastrear, testear, aislar) en sus distintas \u00e1reas de competencia:<\/p>\n<p>\u2013 Programa RTA en el Paseo de la Salud y la Sociedad de Fomento H. Yrigoyen.<\/p>\n<p>\u2013 RTA en la Capilla de la Iglesia Jesucristo SUD (ubicada enfrente del Hospital Municipal, ingreso por calle Alsina): de lunes a s\u00e1bados desde las 07:00 horas para todas las edades; de lunes a viernes desde las 09:30 horas RTA pedi\u00e1trico (hasta menores de 14 a\u00f1os); de lunes a viernes desde las 11:00 horas RTA para mayores de 60 a\u00f1os y embarazadas (grupos prioritarios).<\/p>\n<p>\u2013 RTA en el Paseo de la Salud (Belgrano y Av. Brown): lunes, mi\u00e9rcoles y viernes 10 horas (mayores de 2 a\u00f1os).<\/p>\n<p>Posteriormente, el titular de la cartera sanitaria del Municipio hizo hincapi\u00e9 en el gr\u00e1fico hist\u00f3rico en el que \u201cobservamos bien el aumento brusco de los casos, que contin\u00faa alto m\u00e1s lento y m\u00e1s gradual\u201d.<\/p>\n<p>En esta segunda ola, detall\u00f3 Caputo, \u201cel pico de contagios se da en la SE (Semana Epidemiol\u00f3gica) 14, con 142 casos. El pico de ingresos a cuidados generales por Covid 19 en la SE 15, con 65 ingresos; en tanto que el pico de ingresos a UTI por Covid 19 fue en la SE 17 con 12 ingresos. En esta misma SE se da el pico de \u00f3bitos por Covid 19 con 35 \u00f3bitos. El descenso se da en el mismo orden: descienden los contagios, luego disminuyen los ingresos a sala Covid y posteriormente bajan los ingresos a UTI por Covid 19\u201d.<\/p>\n<p>\u201cRespecto a la valoraci\u00f3n del nivel de transmisi\u00f3n, la incidencia de casos es del 42,1% (bajo) y la raz\u00f3n de casos es del 0,9% (medio)\u201d, agreg\u00f3 el secretario de Salud.<\/p>\n<p>Asimismo mencion\u00f3 que \u201cen la SE 21 se observa c\u00f3mo fueron desarroll\u00e1ndose los casos a lo largo de esa semana, en la SE 22 fueron descendiendo, hacia la SE 24 se observa una disminuci\u00f3n de 12,7%\u201d.<\/p>\n<p>Luego, el funcionario repas\u00f3 las estrategias implementadas ante esta segunda ola: a nivel ambulatorio, destac\u00f3 el programa RTA en los distintos espacios (Hospital Municipal, Paseo de la Salud, zona serrana y rural, pedi\u00e1trico y adulto); con m\u00e1s de 40 mil testeos realizados durante la pandemia.<\/p>\n<p>Tambi\u00e9n hizo referencia al seguimiento telef\u00f3nico de casos de riesgo, que fueron m\u00e1s de 6 mil pacientes s\u00f3lo en esta segunda ola.<\/p>\n<p>Finalmente destac\u00f3 la asistencia telef\u00f3nica mediante el call center de Epidemiolog\u00eda y la implementaci\u00f3n del Chat Bot.<\/p>\n<p>Hizo un detalle de los alcances del Consultorio Ambulatorio Covid19 (a cargo de la Dra. Zeberio), el cual requiere derivaci\u00f3n directa de grupo de seguimiento de pacientes, es atendido por m\u00e9dicos de distintas especialidades que ofrecen una evaluaci\u00f3n integral del paciente. Desde su implementaci\u00f3n -el 12 de abril- se han efectuado un total de 546 evaluaciones. Los s\u00edntomas m\u00e1s frecuentes fueron mialgias y cefaleas (en casi la mitad de los casos).<\/p>\n<p>Asimismo, Caputo se refiri\u00f3 al programa Aulas Seguras, mediante el cual se ofrece vigilancia en establecimientos educativos, con testeos aleatorios a docentes y auxiliares asintom\u00e1ticos (10%). Se implement\u00f3 en 68 establecimientos con un total de 262 testeos, los cuales arrojaron un 0% de positividad.<\/p>\n<p>A la fecha, los casos activos en edad escolar son los siguientes: 4 de maternal, 1 de jard\u00edn, 6 de primaria y 15 de secundaria.<\/p>\n<p>En cuanto a las estrategias de internaci\u00f3n implementadas en esta segunda ola, se procedi\u00f3 a la ampliaci\u00f3n de sectores de internaci\u00f3n Covid 19 y cuidados generales. Se limitaron los consultorios externos de especialidades y se reasignaron recursos para seguimiento de Covid 19, se adquiri\u00f3 equipamiento y se reforz\u00f3 el personal de salud en \u00e1reas cr\u00edticas.<\/p>\n<p>Hubo un total de 387 ingresos en cuidados generales y 60 en cuidados cr\u00edticos s\u00f3lo en la segunda ola.<\/p>\n<p>\u201cLas estrategias que uno maneja para evitar la tercera ola (que esperamos que no llegue) tienen tres grandes aristas: seguir con el cumplimiento de las medidas de bioseguridad y los protocolos por parte de la poblaci\u00f3n; de parte nuestra seguir con el RTA y tratando a los pacientes; y fundamentalmente necesitamos de la pata m\u00e1s importante que es la vacunaci\u00f3n. El objetivo es llegar al 80% de la poblaci\u00f3n con las dos dosis. Actualmente contamos con 35.833 vacunados con primera dosis y dosis 35.833 personas, 9.673 personas con las 2 dosis (8% del total)\u201d, concluy\u00f3 Caputo.<\/p>\n<p>Luego de la explicaci\u00f3n de la sala de situaci\u00f3n en Olavarr\u00eda, Galli confirm\u00f3 que \u201cOlavarr\u00eda pas\u00f3 a Fase 4. Somos unos de los cuatro municipios de la provincia de Buenos Aires en Fase 4. Es una muy buena noticia, pero tenemos que tener en claro que puede ser provisorio: si la situaci\u00f3n se complica seremos los primeros en pedir retroceso de fase y anunciar restricciones como el 23 de marzo, que fueron oportunas y efectivas, sumado al gran comportamiento de la gran mayor\u00eda de la poblaci\u00f3n que ha cumplido a rajatabla las normas y protocolos en lugares de trabajo\u201d.<\/p>\n<p>\u201cEs una fase 4 con restricciones, de acuerdo a lo que consensuamos con el jefe de Gabinete Carlos Bianco, de lograr un mecanismo de restricciones. Creemos que lo m\u00e1s importante de las actividades habilitadas es continuar con las que tienen un impacto econ\u00f3mico y restringir las que no tienen impacto en el bolsillo de los olavarrienses. Hay que tener en claro que las actividades restringidas son actividades recreativas que no tienen que ver con fuentes laborales y situaciones econ\u00f3micas. Dios mediante y seg\u00fan el comportamiento de todos, vamos a poder seguir adelante hasta que contin\u00fae avanzando plan de vacunaci\u00f3n y la mayor\u00eda de la poblaci\u00f3n este inmunizada para empezar a salir de esta pandemia\u201d, asegur\u00f3 el Intendente.<\/p>\n<p>A partir de las 00 horas del mi\u00e9rcoles 9 y hasta el 28 de junio:<\/p>\n<p>Actividades no habilitadas:<\/p>\n<p>\u2013 Eventos culturales, sociales y recreativos al aire libre, en espacios p\u00fablicos con concurrencia m\u00e1xima de 100 personas.<\/p>\n<p>\u2013 Actividades sociales y familiares hasta 20 personas, en espacios p\u00fablicos al aire libre.<\/p>\n<p>\u2013 Actividades y reuniones sociales en domicilios particulares hasta 10 personas.<\/p>\n<p>\u2013 Mercados y ferias de artesan\u00edas y venta de alimentos en espacios cerrados.<\/p>\n<p>Actividades habilitadas con restricciones<\/p>\n<p>\u2013 Artes esc\u00e9nicas y musicales hasta 20 personas.<\/p>\n<p>\u2013 Museos con aforo de hasta 30% de capacidad.<\/p>\n<p>\u2013 Salones de fiesta y afines, con aforo del 30%.<\/p>\n<p>\u2013 Actividades y competencias deportivas sin p\u00fablico y sin participaci\u00f3n de deportistas de otras ciudades.<\/p>\n<p>Actividades habilitadas en Fase 4<\/p>\n<p>\u2013 Eventos religiosos en espacio p\u00fablicos, al aire libre con concurrencia m\u00e1xima de 100 personas.<\/p>\n<p>\u2013 Restaurantes y bares con aforo del 50%, conforme a los protocolos establecidos y hasta las 00 horas.<\/p>\n<p>\u2013 Pr\u00e1ctica de deportes hasta 10 personas, en espacios cerrados.<\/p>\n<p>\u2013 Celebraci\u00f3n de ritos religiosos, en espacios cerrados, con amplia ventilaci\u00f3n natural hasta 20 personas.<\/p>\n<p>\u2013 Salas cinematogr\u00e1ficas.<\/p>\n<p>\u2013 Gimnasios en espacios cerrados con amplia ventilaci\u00f3n natural.<\/p>\n<p>\u2013 Natatorios en espacios cerrados.<\/p>\n<p>\u2013 Actividades de casinos y bingos.<\/p>\n<p>\u2013 Actividades deportivas de m\u00e1s de 10 personas al aire libre o en espacios cerrados con amplia ventilaci\u00f3n natural.<\/p>\n<p>\u201cDepende de todos nosotros que continuemos en esta situaci\u00f3n. Seguimos priorizando el equilibrio entre lo econ\u00f3mico y sanitario. Hoy tenemos un 55% de ocupaci\u00f3n de Cuidados Intensivos, que es una gran noticia, pero tambi\u00e9n esto es muy din\u00e1mico y la pandemia nos ha demostrado que es as\u00ed. Se analiza d\u00eda a d\u00eda y vamos viendo los n\u00fameros, indicadores y luces de alerta que se van prendiendo en el tablero de control\u201d, mencion\u00f3 Galli.<\/p>\n<p>Por \u00faltimo pidi\u00f3 \u201ca la ciudadan\u00eda que nos cuidemos mucho, que sigamos respetando el distanciamiento social, usando barbijo y lavado de manos. Tenemos que continuar de esta manera y que siga avanzando la vacunaci\u00f3n para empezar a pensar en la salida de esta pandemia y la vuelta a esta nueva normalidad\u201d.<\/p>\n<p>&nbsp;<\/p>\n","protected":false},"excerpt":{"rendered":"<p>Galli en conferencia de prensa confirm\u00f3 el pase de Olavarr\u00eda a fase 4 con restricciones,&#8230;<\/p>\n","protected":false},"author":1,"featured_media":144742,"comment_status":"closed","ping_status":"closed","sticky":false,"template":"","format":"standard","meta":{"content-type":""},"categories":[27,64],"tags":[],"nelio_content":{"isAutoShareEnabled":false,"autoShareEndMode":"default","automationSources":{"useContentSentences":true,"useSocialTemplates":true,"useCustomSentences":false,"customSentences":[]},"followers":[1],"suggestedReferences":[],"includedReferences":[],"efiUrl":"","efiAlt":"","highlights":[]},"yoast_head":"<!-- This site is optimized with the Yoast SEO plugin v20.7 - https:\/\/yoast.com\/wordpress\/plugins\/seo\/ -->\n<title>Galli en conferencia de prensa confirm\u00f3 el pase de Olavarr\u00eda a fase 4<\/title>\n<meta name=\"description\" content=\"Galli en conferencia de prensa confirm\u00f3 el pase de Olavarr\u00eda a fase 4 con restricciones, fue en el atardecer de este martes junto a Caputo\" \/>\n<meta name=\"robots\" content=\"index, follow, max-snippet:-1, max-image-preview:large, max-video-preview:-1\" \/>\n<link rel=\"canonical\" href=\"https:\/\/experienciadevida.com.ar\/portalurbano\/galli-en-conferencia-de-prensa-confirmo-el-pase-de-olavarria-a-fase-4-con-restricciones\/\" \/>\n<meta property=\"og:locale\" content=\"es_ES\" \/>\n<meta property=\"og:type\" content=\"article\" \/>\n<meta property=\"og:title\" content=\"Galli en conferencia de prensa confirm\u00f3 el pase de Olavarr\u00eda a fase 4\" \/>\n<meta property=\"og:description\" content=\"Galli en conferencia de prensa confirm\u00f3 el pase de Olavarr\u00eda a fase 4 con restricciones, fue en el atardecer de este martes junto a Caputo\" \/>\n<meta property=\"og:url\" content=\"https:\/\/experienciadevida.com.ar\/portalurbano\/galli-en-conferencia-de-prensa-confirmo-el-pase-de-olavarria-a-fase-4-con-restricciones\/\" \/>\n<meta property=\"article:publisher\" content=\"https:\/\/www.facebook.com\/Portal-Urbano-171542830093757\/\" \/>\n<meta property=\"article:published_time\" content=\"2021-06-08T23:02:59+00:00\" \/>\n<meta property=\"article:modified_time\" content=\"2021-06-08T23:08:56+00:00\" \/>\n<meta property=\"og:image\" content=\"https:\/\/experienciadevida.com.ar\/portalurbano\/wp-content\/uploads\/2021\/06\/Galli-en-conferencia-de-prensa-e1623193373533.jpg\" \/>\n\t<meta property=\"og:image:width\" content=\"765\" \/>\n\t<meta property=\"og:image:height\" content=\"511\" \/>\n\t<meta property=\"og:image:type\" content=\"image\/jpeg\" \/>\n<meta name=\"author\" content=\"admpu17wp\" \/>\n<meta name=\"twitter:card\" content=\"summary_large_image\" \/>\n<meta name=\"twitter:creator\" content=\"@portalurbanook\" \/>\n<meta name=\"twitter:site\" content=\"@portalurbanook\" \/>\n<meta name=\"twitter:label1\" content=\"Escrito por\" \/>\n\t<meta name=\"twitter:data1\" content=\"admpu17wp\" \/>\n\t<meta name=\"twitter:label2\" content=\"Tiempo de lectura\" \/>\n\t<meta name=\"twitter:data2\" content=\"7 minutos\" \/>\n<script type=\"application\/ld+json\" class=\"yoast-schema-graph\">{\"@context\":\"https:\/\/schema.org\",\"@graph\":[{\"@type\":\"Article\",\"@id\":\"https:\/\/experienciadevida.com.ar\/portalurbano\/galli-en-conferencia-de-prensa-confirmo-el-pase-de-olavarria-a-fase-4-con-restricciones\/#article\",\"isPartOf\":{\"@id\":\"https:\/\/experienciadevida.com.ar\/portalurbano\/galli-en-conferencia-de-prensa-confirmo-el-pase-de-olavarria-a-fase-4-con-restricciones\/\"},\"author\":{\"name\":\"admpu17wp\",\"@id\":\"https:\/\/experienciadevida.com.ar\/portalurbano\/#\/schema\/person\/02dd326b1c4b056e9cc972486934a3a7\"},\"headline\":\"Galli en conferencia de prensa confirm\u00f3 el pase de Olavarr\u00eda a fase 4 con restricciones\",\"datePublished\":\"2021-06-08T23:02:59+00:00\",\"dateModified\":\"2021-06-08T23:08:56+00:00\",\"mainEntityOfPage\":{\"@id\":\"https:\/\/experienciadevida.com.ar\/portalurbano\/galli-en-conferencia-de-prensa-confirmo-el-pase-de-olavarria-a-fase-4-con-restricciones\/\"},\"wordCount\":1568,\"publisher\":{\"@id\":\"https:\/\/experienciadevida.com.ar\/portalurbano\/#organization\"},\"articleSection\":[\"Ciudad\",\"Destacadas 2\"],\"inLanguage\":\"es\"},{\"@type\":\"WebPage\",\"@id\":\"https:\/\/experienciadevida.com.ar\/portalurbano\/galli-en-conferencia-de-prensa-confirmo-el-pase-de-olavarria-a-fase-4-con-restricciones\/\",\"url\":\"https:\/\/experienciadevida.com.ar\/portalurbano\/galli-en-conferencia-de-prensa-confirmo-el-pase-de-olavarria-a-fase-4-con-restricciones\/\",\"name\":\"Galli en conferencia de prensa confirm\u00f3 el pase de Olavarr\u00eda a fase 4\",\"isPartOf\":{\"@id\":\"https:\/\/experienciadevida.com.ar\/portalurbano\/#website\"},\"datePublished\":\"2021-06-08T23:02:59+00:00\",\"dateModified\":\"2021-06-08T23:08:56+00:00\",\"description\":\"Galli en conferencia de prensa confirm\u00f3 el pase de Olavarr\u00eda a fase 4 con restricciones, fue en el atardecer de este martes junto a Caputo\",\"breadcrumb\":{\"@id\":\"https:\/\/experienciadevida.com.ar\/portalurbano\/galli-en-conferencia-de-prensa-confirmo-el-pase-de-olavarria-a-fase-4-con-restricciones\/#breadcrumb\"},\"inLanguage\":\"es\",\"potentialAction\":[{\"@type\":\"ReadAction\",\"target\":[\"https:\/\/experienciadevida.com.ar\/portalurbano\/galli-en-conferencia-de-prensa-confirmo-el-pase-de-olavarria-a-fase-4-con-restricciones\/\"]}]},{\"@type\":\"BreadcrumbList\",\"@id\":\"https:\/\/experienciadevida.com.ar\/portalurbano\/galli-en-conferencia-de-prensa-confirmo-el-pase-de-olavarria-a-fase-4-con-restricciones\/#breadcrumb\",\"itemListElement\":[{\"@type\":\"ListItem\",\"position\":1,\"name\":\"Portada\",\"item\":\"https:\/\/experienciadevida.com.ar\/portalurbano\/\"},{\"@type\":\"ListItem\",\"position\":2,\"name\":\"Galli en conferencia de prensa confirm\u00f3 el pase de Olavarr\u00eda a fase 4 con restricciones\"}]},{\"@type\":\"WebSite\",\"@id\":\"https:\/\/experienciadevida.com.ar\/portalurbano\/#website\",\"url\":\"https:\/\/experienciadevida.com.ar\/portalurbano\/\",\"name\":\"\",\"description\":\"\",\"publisher\":{\"@id\":\"https:\/\/experienciadevida.com.ar\/portalurbano\/#organization\"},\"potentialAction\":[{\"@type\":\"SearchAction\",\"target\":{\"@type\":\"EntryPoint\",\"urlTemplate\":\"https:\/\/experienciadevida.com.ar\/portalurbano\/?s={search_term_string}\"},\"query-input\":\"required name=search_term_string\"}],\"inLanguage\":\"es\"},{\"@type\":\"Organization\",\"@id\":\"https:\/\/experienciadevida.com.ar\/portalurbano\/#organization\",\"name\":\"Portal Urbano\",\"url\":\"https:\/\/experienciadevida.com.ar\/portalurbano\/\",\"logo\":{\"@type\":\"ImageObject\",\"inLanguage\":\"es\",\"@id\":\"https:\/\/experienciadevida.com.ar\/portalurbano\/#\/schema\/logo\/image\/\",\"url\":\"https:\/\/experienciadevida.com.ar\/portalurbano\/wp-content\/uploads\/2019\/09\/Logo-Original.png\",\"contentUrl\":\"https:\/\/experienciadevida.com.ar\/portalurbano\/wp-content\/uploads\/2019\/09\/Logo-Original.png\",\"width\":2236,\"height\":1216,\"caption\":\"Portal Urbano\"},\"image\":{\"@id\":\"https:\/\/experienciadevida.com.ar\/portalurbano\/#\/schema\/logo\/image\/\"},\"sameAs\":[\"https:\/\/www.facebook.com\/Portal-Urbano-171542830093757\/\",\"https:\/\/twitter.com\/portalurbanook\",\"https:\/\/www.instagram.com\/_portalurbano\/\",\"https:\/\/www.youtube.com\/channel\/UCXhagIfszH8KxFiOok79zbA?view_as=subscriber\"]},{\"@type\":\"Person\",\"@id\":\"https:\/\/experienciadevida.com.ar\/portalurbano\/#\/schema\/person\/02dd326b1c4b056e9cc972486934a3a7\",\"name\":\"admpu17wp\",\"image\":{\"@type\":\"ImageObject\",\"inLanguage\":\"es\",\"@id\":\"https:\/\/experienciadevida.com.ar\/portalurbano\/#\/schema\/person\/image\/\",\"url\":\"https:\/\/secure.gravatar.com\/avatar\/830d4c57adaae6630765e449a6908047?s=96&d=mm&r=g\",\"contentUrl\":\"https:\/\/secure.gravatar.com\/avatar\/830d4c57adaae6630765e449a6908047?s=96&d=mm&r=g\",\"caption\":\"admpu17wp\"}}]}<\/script>\n<!-- \/ Yoast SEO plugin. -->","yoast_head_json":{"title":"Galli en conferencia de prensa confirm\u00f3 el pase de Olavarr\u00eda a fase 4","description":"Galli en conferencia de prensa confirm\u00f3 el pase de Olavarr\u00eda a fase 4 con restricciones, fue en el atardecer de este martes junto a Caputo","robots":{"index":"index","follow":"follow","max-snippet":"max-snippet:-1","max-image-preview":"max-image-preview:large","max-video-preview":"max-video-preview:-1"},"canonical":"https:\/\/experienciadevida.com.ar\/portalurbano\/galli-en-conferencia-de-prensa-confirmo-el-pase-de-olavarria-a-fase-4-con-restricciones\/","og_locale":"es_ES","og_type":"article","og_title":"Galli en conferencia de prensa confirm\u00f3 el pase de Olavarr\u00eda a fase 4","og_description":"Galli en conferencia de prensa confirm\u00f3 el pase de Olavarr\u00eda a fase 4 con restricciones, fue en el atardecer de este martes junto a Caputo","og_url":"https:\/\/experienciadevida.com.ar\/portalurbano\/galli-en-conferencia-de-prensa-confirmo-el-pase-de-olavarria-a-fase-4-con-restricciones\/","article_publisher":"https:\/\/www.facebook.com\/Portal-Urbano-171542830093757\/","article_published_time":"2021-06-08T23:02:59+00:00","article_modified_time":"2021-06-08T23:08:56+00:00","og_image":[{"width":765,"height":511,"url":"https:\/\/experienciadevida.com.ar\/portalurbano\/wp-content\/uploads\/2021\/06\/Galli-en-conferencia-de-prensa-e1623193373533.jpg","type":"image\/jpeg"}],"author":"admpu17wp","twitter_card":"summary_large_image","twitter_creator":"@portalurbanook","twitter_site":"@portalurbanook","twitter_misc":{"Escrito por":"admpu17wp","Tiempo de lectura":"7 minutos"},"schema":{"@context":"https:\/\/schema.org","@graph":[{"@type":"Article","@id":"https:\/\/experienciadevida.com.ar\/portalurbano\/galli-en-conferencia-de-prensa-confirmo-el-pase-de-olavarria-a-fase-4-con-restricciones\/#article","isPartOf":{"@id":"https:\/\/experienciadevida.com.ar\/portalurbano\/galli-en-conferencia-de-prensa-confirmo-el-pase-de-olavarria-a-fase-4-con-restricciones\/"},"author":{"name":"admpu17wp","@id":"https:\/\/experienciadevida.com.ar\/portalurbano\/#\/schema\/person\/02dd326b1c4b056e9cc972486934a3a7"},"headline":"Galli en conferencia de prensa confirm\u00f3 el pase de Olavarr\u00eda a fase 4 con restricciones","datePublished":"2021-06-08T23:02:59+00:00","dateModified":"2021-06-08T23:08:56+00:00","mainEntityOfPage":{"@id":"https:\/\/experienciadevida.com.ar\/portalurbano\/galli-en-conferencia-de-prensa-confirmo-el-pase-de-olavarria-a-fase-4-con-restricciones\/"},"wordCount":1568,"publisher":{"@id":"https:\/\/experienciadevida.com.ar\/portalurbano\/#organization"},"articleSection":["Ciudad","Destacadas 2"],"inLanguage":"es"},{"@type":"WebPage","@id":"https:\/\/experienciadevida.com.ar\/portalurbano\/galli-en-conferencia-de-prensa-confirmo-el-pase-de-olavarria-a-fase-4-con-restricciones\/","url":"https:\/\/experienciadevida.com.ar\/portalurbano\/galli-en-conferencia-de-prensa-confirmo-el-pase-de-olavarria-a-fase-4-con-restricciones\/","name":"Galli en conferencia de prensa confirm\u00f3 el pase de Olavarr\u00eda a fase 4","isPartOf":{"@id":"https:\/\/experienciadevida.com.ar\/portalurbano\/#website"},"datePublished":"2021-06-08T23:02:59+00:00","dateModified":"2021-06-08T23:08:56+00:00","description":"Galli en conferencia de prensa confirm\u00f3 el pase de Olavarr\u00eda a fase 4 con restricciones, fue en el atardecer de este martes junto a Caputo","breadcrumb":{"@id":"https:\/\/experienciadevida.com.ar\/portalurbano\/galli-en-conferencia-de-prensa-confirmo-el-pase-de-olavarria-a-fase-4-con-restricciones\/#breadcrumb"},"inLanguage":"es","potentialAction":[{"@type":"ReadAction","target":["https:\/\/experienciadevida.com.ar\/portalurbano\/galli-en-conferencia-de-prensa-confirmo-el-pase-de-olavarria-a-fase-4-con-restricciones\/"]}]},{"@type":"BreadcrumbList","@id":"https:\/\/experienciadevida.com.ar\/portalurbano\/galli-en-conferencia-de-prensa-confirmo-el-pase-de-olavarria-a-fase-4-con-restricciones\/#breadcrumb","itemListElement":[{"@type":"ListItem","position":1,"name":"Portada","item":"https:\/\/experienciadevida.com.ar\/portalurbano\/"},{"@type":"ListItem","position":2,"name":"Galli en conferencia de prensa confirm\u00f3 el pase de Olavarr\u00eda a fase 4 con restricciones"}]},{"@type":"WebSite","@id":"https:\/\/experienciadevida.com.ar\/portalurbano\/#website","url":"https:\/\/experienciadevida.com.ar\/portalurbano\/","name":"","description":"","publisher":{"@id":"https:\/\/experienciadevida.com.ar\/portalurbano\/#organization"},"potentialAction":[{"@type":"SearchAction","target":{"@type":"EntryPoint","urlTemplate":"https:\/\/experienciadevida.com.ar\/portalurbano\/?s={search_term_string}"},"query-input":"required name=search_term_string"}],"inLanguage":"es"},{"@type":"Organization","@id":"https:\/\/experienciadevida.com.ar\/portalurbano\/#organization","name":"Portal Urbano","url":"https:\/\/experienciadevida.com.ar\/portalurbano\/","logo":{"@type":"ImageObject","inLanguage":"es","@id":"https:\/\/experienciadevida.com.ar\/portalurbano\/#\/schema\/logo\/image\/","url":"https:\/\/experienciadevida.com.ar\/portalurbano\/wp-content\/uploads\/2019\/09\/Logo-Original.png","contentUrl":"https:\/\/experienciadevida.com.ar\/portalurbano\/wp-content\/uploads\/2019\/09\/Logo-Original.png","width":2236,"height":1216,"caption":"Portal Urbano"},"image":{"@id":"https:\/\/experienciadevida.com.ar\/portalurbano\/#\/schema\/logo\/image\/"},"sameAs":["https:\/\/www.facebook.com\/Portal-Urbano-171542830093757\/","https:\/\/twitter.com\/portalurbanook","https:\/\/www.instagram.com\/_portalurbano\/","https:\/\/www.youtube.com\/channel\/UCXhagIfszH8KxFiOok79zbA?view_as=subscriber"]},{"@type":"Person","@id":"https:\/\/experienciadevida.com.ar\/portalurbano\/#\/schema\/person\/02dd326b1c4b056e9cc972486934a3a7","name":"admpu17wp","image":{"@type":"ImageObject","inLanguage":"es","@id":"https:\/\/experienciadevida.com.ar\/portalurbano\/#\/schema\/person\/image\/","url":"https:\/\/secure.gravatar.com\/avatar\/830d4c57adaae6630765e449a6908047?s=96&d=mm&r=g","contentUrl":"https:\/\/secure.gravatar.com\/avatar\/830d4c57adaae6630765e449a6908047?s=96&d=mm&r=g","caption":"admpu17wp"}}]}},"featured_image_urls":{"full":["https:\/\/experienciadevida.com.ar\/portalurbano\/wp-content\/uploads\/2021\/06\/Galli-en-conferencia-de-prensa-e1623193373533.jpg",765,511,false],"thumbnail":["https:\/\/experienciadevida.com.ar\/portalurbano\/wp-content\/uploads\/2021\/06\/Galli-en-conferencia-de-prensa-150x150.jpg",150,150,true],"medium":["https:\/\/experienciadevida.com.ar\/portalurbano\/wp-content\/uploads\/2021\/06\/Galli-en-conferencia-de-prensa-300x201.jpg",300,201,true],"medium_large":["https:\/\/experienciadevida.com.ar\/portalurbano\/wp-content\/uploads\/2021\/06\/Galli-en-conferencia-de-prensa-768x513.jpg",640,428,true],"large":["https:\/\/experienciadevida.com.ar\/portalurbano\/wp-content\/uploads\/2021\/06\/Galli-en-conferencia-de-prensa-1024x684.jpg",640,428,true],"ug_big":["https:\/\/experienciadevida.com.ar\/portalurbano\/wp-content\/uploads\/2021\/06\/Galli-en-conferencia-de-prensa-768x513.jpg",768,513,true],"1536x1536":["https:\/\/experienciadevida.com.ar\/portalurbano\/wp-content\/uploads\/2021\/06\/Galli-en-conferencia-de-prensa-1536x1027.jpg",1536,1027,true],"2048x2048":["https:\/\/experienciadevida.com.ar\/portalurbano\/wp-content\/uploads\/2021\/06\/Galli-en-conferencia-de-prensa-2048x1369.jpg",2048,1369,true],"newsever-slider-full":["https:\/\/experienciadevida.com.ar\/portalurbano\/wp-content\/uploads\/2021\/06\/Galli-en-conferencia-de-prensa-e1623193373533.jpg",765,511,false],"newsever-featured":["https:\/\/experienciadevida.com.ar\/portalurbano\/wp-content\/uploads\/2021\/06\/Galli-en-conferencia-de-prensa-e1623193373533.jpg",765,511,false],"newsever-medium":["https:\/\/experienciadevida.com.ar\/portalurbano\/wp-content\/uploads\/2021\/06\/Galli-en-conferencia-de-prensa-e1623193373533.jpg",711,475,false],"web-stories-poster-portrait":["https:\/\/experienciadevida.com.ar\/portalurbano\/wp-content\/uploads\/2021\/06\/Galli-en-conferencia-de-prensa-e1623193373533.jpg",640,428,false],"web-stories-publisher-logo":["https:\/\/experienciadevida.com.ar\/portalurbano\/wp-content\/uploads\/2021\/06\/Galli-en-conferencia-de-prensa-e1623193373533.jpg",96,64,false],"web-stories-thumbnail":["https:\/\/experienciadevida.com.ar\/portalurbano\/wp-content\/uploads\/2021\/06\/Galli-en-conferencia-de-prensa-e1623193373533.jpg",150,100,false]},"author_info":{"display_name":"admpu17wp","author_link":"https:\/\/experienciadevida.com.ar\/portalurbano\/author\/admpu17wp\/"},"category_info":"<a href=\"https:\/\/experienciadevida.com.ar\/portalurbano\/category\/ciudad\/\" rel=\"category tag\">Ciudad<\/a> <a href=\"https:\/\/experienciadevida.com.ar\/portalurbano\/category\/destacadas-2\/\" rel=\"category tag\">Destacadas 2<\/a>","tag_info":"Destacadas 2","comment_count":"0","amp_enabled":true,"_links":{"self":[{"href":"https:\/\/experienciadevida.com.ar\/portalurbano\/wp-json\/wp\/v2\/posts\/144741"}],"collection":[{"href":"https:\/\/experienciadevida.com.ar\/portalurbano\/wp-json\/wp\/v2\/posts"}],"about":[{"href":"https:\/\/experienciadevida.com.ar\/portalurbano\/wp-json\/wp\/v2\/types\/post"}],"author":[{"embeddable":true,"href":"https:\/\/experienciadevida.com.ar\/portalurbano\/wp-json\/wp\/v2\/users\/1"}],"replies":[{"embeddable":true,"href":"https:\/\/experienciadevida.com.ar\/portalurbano\/wp-json\/wp\/v2\/comments?post=144741"}],"version-history":[{"count":3,"href":"https:\/\/experienciadevida.com.ar\/portalurbano\/wp-json\/wp\/v2\/posts\/144741\/revisions"}],"predecessor-version":[{"id":144745,"href":"https:\/\/experienciadevida.com.ar\/portalurbano\/wp-json\/wp\/v2\/posts\/144741\/revisions\/144745"}],"wp:featuredmedia":[{"embeddable":true,"href":"https:\/\/experienciadevida.com.ar\/portalurbano\/wp-json\/wp\/v2\/media\/144742"}],"wp:attachment":[{"href":"https:\/\/experienciadevida.com.ar\/portalurbano\/wp-json\/wp\/v2\/media?parent=144741"}],"wp:term":[{"taxonomy":"category","embeddable":true,"href":"https:\/\/experienciadevida.com.ar\/portalurbano\/wp-json\/wp\/v2\/categories?post=144741"},{"taxonomy":"post_tag","embeddable":true,"href":"https:\/\/experienciadevida.com.ar\/portalurbano\/wp-json\/wp\/v2\/tags?post=144741"}],"curies":[{"name":"wp","href":"https:\/\/api.w.org\/{rel}","templated":true}]}}