{"id":144716,"date":"2021-06-08T13:54:04","date_gmt":"2021-06-08T16:54:04","guid":{"rendered":"https:\/\/experienciadevida.com.ar\/portalurbano\/?p=144716"},"modified":"2021-06-08T13:54:34","modified_gmt":"2021-06-08T16:54:34","slug":"hay-114-municipios-en-fase-2-y-destacan-la-caida-de-los-casos-por-segunda-semana","status":"publish","type":"post","link":"https:\/\/experienciadevida.com.ar\/portalurbano\/hay-114-municipios-en-fase-2-y-destacan-la-caida-de-los-casos-por-segunda-semana\/","title":{"rendered":"Hay 114 municipios en fase 2 y destacan la ca\u00edda de los casos por segunda semana"},"content":{"rendered":"<p>Hay 114 municipios en fase 2 y destacan la ca\u00edda de los casos por segunda semana, &#8220;si los casos segu\u00edan creciendo eso nos hubiese llevado al desastre\u201d, se\u00f1alaron las autoridades bonaerenses en conferencia de prensa.<\/p>\n<p>El Gobierno provincial destac\u00f3 este martes que los contagios cayeron por segunda semana consecutiva, al tiempo que inform\u00f3 que 114 municipios se encuentran en fase 2, 17 en fase 3 y 4 en fase 4.<\/p>\n<p>En conferencia de prensa en Casa de Gobierno, el jefe de Gabinete, Carlos Bianco, destac\u00f3 que se cumpli\u00f3 un a\u00f1o de la puesta en marcha del sistema de fases en la provincia de Buenos Aires, y sostuvo que el esquema ha dado \u201cexcelentes resultados\u201d.<\/p>\n<p>\u201cEl sistema de fases ha tenido alguna que otra cr\u00edtica, pero esta metodolog\u00eda nos ha permitido traspasar el peor momento de la pandemia haciendo ajustes din\u00e1micamente, de manera flexible, no solo por la ubicaci\u00f3n de los distritos sino tambi\u00e9n modificando las medidas de cuidado y las actividades permitidas\u201d, sostuvo Bianco, y destac\u00f3 que ahora \u201ctenemos el paraguas del DNU presidencial que describe con indicadores objetivos en qu\u00e9 fase est\u00e1 cada municipio\u201d.<\/p>\n<p>El funcionario de Axel Kicillof detall\u00f3 que 114 municipios se encuentran en fase 2, la m\u00e1s restrictiva del sistema que, entre otras medidas, proh\u00edbe la presencialidad escolar.<\/p>\n<p>En cuanto a los movimientos respecto de la semana pasada, explic\u00f3 que hay 7 municipios menos en fase 2, y detall\u00f3 que Baradero, Coronel Rosales, Daireaux, Dolores, General Villegas, Lezama y Pila pasaron a fase 3, mientras que Tordillo pas\u00f3 de fase 2 a fase 4, directamente. En tanto, General Arenales y General Lamadrid descendieron a fase 2.<\/p>\n<p>Hay 114 municipios en fase 2 y destacan la ca\u00edda de los casos por segunda semana, en tanto en fase 4 hay cuatro distritos. Adem\u00e1s de Tordillo, se suman Olavarr\u00eda, Tres Lomas y Villarino. Mientras que San Cayetano, que se encontraba en fase 4 hasta la semana pasada, descendi\u00f3 a fase 3.<\/p>\n<p>\u201cTenemos dos semanas de descenso, ahora 1000 casos menos que la semana anterior, unos 500 menos en el interior y otros 500 en el AMBA\u201d, dijo por su parte el ministro de Salud provincial, Daniel Gollan. \u201cTodav\u00eda son n\u00fameros altos, pero la buena noticia es que no solo se detuvo el crecimiento, sino que est\u00e1n bajando\u201d, ampli\u00f3 el ministro.<\/p>\n<p>En rigor, los casos bajaron un 10%. Pasaron de 10.973 promedio diario semanal a 9.950 en todo el territorio. Mientras que en el AMBA descendieron de 7446 promedio semanal diario a 6.954; y en el interior de 3491 a 2961.<\/p>\n<p>\u201cEstamos con n\u00fameros que si bien siguen siendo altos, est\u00e1n en ca\u00edda. Si los casos segu\u00edan creciendo, eso nos hubiese llevado al desastre\u201d, insisti\u00f3 el ministro.<\/p>\n<p>En ese sentido, dijo que espera que las medidas terminen de impactar positivamente en el sistema de salud y detall\u00f3 que en el AMBA la ocupaci\u00f3n de camas pas\u00f3 del 75% al 73% la \u00faltima semana. \u201cTenemos 1600 camas ocupadas. En el \u00faltimo tiempo ampliamos unas 450 camas m\u00e1s de terapia intensiva. Estas medidas sirvieron para no tener el sistema m\u00e1s al borde de la saturaci\u00f3n\u201d, se\u00f1al\u00f3 Gollan.<\/p>\n<p>Asimismo, destac\u00f3 que el sistema de derivaciones viene funcionando muy bien en toda la provincia.<\/p>\n<p>Fuente: DIB<\/p>\n","protected":false},"excerpt":{"rendered":"<p>Hay 114 municipios en fase 2 y destacan la ca\u00edda de los casos por segunda&#8230;<\/p>\n","protected":false},"author":1,"featured_media":144717,"comment_status":"closed","ping_status":"closed","sticky":false,"template":"","format":"standard","meta":{"content-type":""},"categories":[64,44],"tags":[],"nelio_content":{"isAutoShareEnabled":false,"autoShareEndMode":"default","automationSources":{"useContentSentences":true,"useSocialTemplates":true,"useCustomSentences":false,"customSentences":[]},"followers":[1],"suggestedReferences":[],"includedReferences":[],"efiUrl":"","efiAlt":"","highlights":[]},"yoast_head":"<!-- This site is optimized with the Yoast SEO plugin v20.7 - https:\/\/yoast.com\/wordpress\/plugins\/seo\/ -->\n<title>Hay 114 municipios en fase 2 y destacan la ca\u00edda de los casos por segunda semana -<\/title>\n<meta name=\"robots\" content=\"index, follow, max-snippet:-1, max-image-preview:large, max-video-preview:-1\" \/>\n<link rel=\"canonical\" href=\"https:\/\/experienciadevida.com.ar\/portalurbano\/hay-114-municipios-en-fase-2-y-destacan-la-caida-de-los-casos-por-segunda-semana\/\" \/>\n<meta property=\"og:locale\" content=\"es_ES\" \/>\n<meta property=\"og:type\" content=\"article\" \/>\n<meta property=\"og:title\" content=\"Hay 114 municipios en fase 2 y destacan la ca\u00edda de los casos por segunda semana -\" \/>\n<meta property=\"og:description\" content=\"Hay 114 municipios en fase 2 y destacan la ca\u00edda de los casos por segunda...\" \/>\n<meta property=\"og:url\" content=\"https:\/\/experienciadevida.com.ar\/portalurbano\/hay-114-municipios-en-fase-2-y-destacan-la-caida-de-los-casos-por-segunda-semana\/\" \/>\n<meta property=\"article:publisher\" content=\"https:\/\/www.facebook.com\/Portal-Urbano-171542830093757\/\" \/>\n<meta property=\"article:published_time\" content=\"2021-06-08T16:54:04+00:00\" \/>\n<meta property=\"article:modified_time\" content=\"2021-06-08T16:54:34+00:00\" \/>\n<meta property=\"og:image\" content=\"https:\/\/experienciadevida.com.ar\/portalurbano\/wp-content\/uploads\/2021\/06\/Hay-114-municipios-en-fase.jpg\" \/>\n\t<meta property=\"og:image:width\" content=\"735\" \/>\n\t<meta property=\"og:image:height\" content=\"401\" \/>\n\t<meta property=\"og:image:type\" content=\"image\/jpeg\" \/>\n<meta name=\"author\" content=\"admpu17wp\" \/>\n<meta name=\"twitter:card\" content=\"summary_large_image\" \/>\n<meta name=\"twitter:creator\" content=\"@portalurbanook\" \/>\n<meta name=\"twitter:site\" content=\"@portalurbanook\" \/>\n<meta name=\"twitter:label1\" content=\"Escrito por\" \/>\n\t<meta name=\"twitter:data1\" content=\"admpu17wp\" \/>\n\t<meta name=\"twitter:label2\" content=\"Tiempo de lectura\" \/>\n\t<meta name=\"twitter:data2\" content=\"3 minutos\" \/>\n<script type=\"application\/ld+json\" class=\"yoast-schema-graph\">{\"@context\":\"https:\/\/schema.org\",\"@graph\":[{\"@type\":\"Article\",\"@id\":\"https:\/\/experienciadevida.com.ar\/portalurbano\/hay-114-municipios-en-fase-2-y-destacan-la-caida-de-los-casos-por-segunda-semana\/#article\",\"isPartOf\":{\"@id\":\"https:\/\/experienciadevida.com.ar\/portalurbano\/hay-114-municipios-en-fase-2-y-destacan-la-caida-de-los-casos-por-segunda-semana\/\"},\"author\":{\"name\":\"admpu17wp\",\"@id\":\"https:\/\/experienciadevida.com.ar\/portalurbano\/#\/schema\/person\/02dd326b1c4b056e9cc972486934a3a7\"},\"headline\":\"Hay 114 municipios en fase 2 y destacan la ca\u00edda de los casos por segunda semana\",\"datePublished\":\"2021-06-08T16:54:04+00:00\",\"dateModified\":\"2021-06-08T16:54:34+00:00\",\"mainEntityOfPage\":{\"@id\":\"https:\/\/experienciadevida.com.ar\/portalurbano\/hay-114-municipios-en-fase-2-y-destacan-la-caida-de-los-casos-por-segunda-semana\/\"},\"wordCount\":538,\"publisher\":{\"@id\":\"https:\/\/experienciadevida.com.ar\/portalurbano\/#organization\"},\"articleSection\":[\"Destacadas 2\",\"Provincia\"],\"inLanguage\":\"es\"},{\"@type\":\"WebPage\",\"@id\":\"https:\/\/experienciadevida.com.ar\/portalurbano\/hay-114-municipios-en-fase-2-y-destacan-la-caida-de-los-casos-por-segunda-semana\/\",\"url\":\"https:\/\/experienciadevida.com.ar\/portalurbano\/hay-114-municipios-en-fase-2-y-destacan-la-caida-de-los-casos-por-segunda-semana\/\",\"name\":\"Hay 114 municipios en fase 2 y destacan la ca\u00edda de los casos por segunda semana -\",\"isPartOf\":{\"@id\":\"https:\/\/experienciadevida.com.ar\/portalurbano\/#website\"},\"datePublished\":\"2021-06-08T16:54:04+00:00\",\"dateModified\":\"2021-06-08T16:54:34+00:00\",\"breadcrumb\":{\"@id\":\"https:\/\/experienciadevida.com.ar\/portalurbano\/hay-114-municipios-en-fase-2-y-destacan-la-caida-de-los-casos-por-segunda-semana\/#breadcrumb\"},\"inLanguage\":\"es\",\"potentialAction\":[{\"@type\":\"ReadAction\",\"target\":[\"https:\/\/experienciadevida.com.ar\/portalurbano\/hay-114-municipios-en-fase-2-y-destacan-la-caida-de-los-casos-por-segunda-semana\/\"]}]},{\"@type\":\"BreadcrumbList\",\"@id\":\"https:\/\/experienciadevida.com.ar\/portalurbano\/hay-114-municipios-en-fase-2-y-destacan-la-caida-de-los-casos-por-segunda-semana\/#breadcrumb\",\"itemListElement\":[{\"@type\":\"ListItem\",\"position\":1,\"name\":\"Portada\",\"item\":\"https:\/\/experienciadevida.com.ar\/portalurbano\/\"},{\"@type\":\"ListItem\",\"position\":2,\"name\":\"Hay 114 municipios en fase 2 y destacan la ca\u00edda de los casos por segunda semana\"}]},{\"@type\":\"WebSite\",\"@id\":\"https:\/\/experienciadevida.com.ar\/portalurbano\/#website\",\"url\":\"https:\/\/experienciadevida.com.ar\/portalurbano\/\",\"name\":\"\",\"description\":\"\",\"publisher\":{\"@id\":\"https:\/\/experienciadevida.com.ar\/portalurbano\/#organization\"},\"potentialAction\":[{\"@type\":\"SearchAction\",\"target\":{\"@type\":\"EntryPoint\",\"urlTemplate\":\"https:\/\/experienciadevida.com.ar\/portalurbano\/?s={search_term_string}\"},\"query-input\":\"required name=search_term_string\"}],\"inLanguage\":\"es\"},{\"@type\":\"Organization\",\"@id\":\"https:\/\/experienciadevida.com.ar\/portalurbano\/#organization\",\"name\":\"Portal Urbano\",\"url\":\"https:\/\/experienciadevida.com.ar\/portalurbano\/\",\"logo\":{\"@type\":\"ImageObject\",\"inLanguage\":\"es\",\"@id\":\"https:\/\/experienciadevida.com.ar\/portalurbano\/#\/schema\/logo\/image\/\",\"url\":\"https:\/\/experienciadevida.com.ar\/portalurbano\/wp-content\/uploads\/2019\/09\/Logo-Original.png\",\"contentUrl\":\"https:\/\/experienciadevida.com.ar\/portalurbano\/wp-content\/uploads\/2019\/09\/Logo-Original.png\",\"width\":2236,\"height\":1216,\"caption\":\"Portal Urbano\"},\"image\":{\"@id\":\"https:\/\/experienciadevida.com.ar\/portalurbano\/#\/schema\/logo\/image\/\"},\"sameAs\":[\"https:\/\/www.facebook.com\/Portal-Urbano-171542830093757\/\",\"https:\/\/twitter.com\/portalurbanook\",\"https:\/\/www.instagram.com\/_portalurbano\/\",\"https:\/\/www.youtube.com\/channel\/UCXhagIfszH8KxFiOok79zbA?view_as=subscriber\"]},{\"@type\":\"Person\",\"@id\":\"https:\/\/experienciadevida.com.ar\/portalurbano\/#\/schema\/person\/02dd326b1c4b056e9cc972486934a3a7\",\"name\":\"admpu17wp\",\"image\":{\"@type\":\"ImageObject\",\"inLanguage\":\"es\",\"@id\":\"https:\/\/experienciadevida.com.ar\/portalurbano\/#\/schema\/person\/image\/\",\"url\":\"https:\/\/secure.gravatar.com\/avatar\/830d4c57adaae6630765e449a6908047?s=96&d=mm&r=g\",\"contentUrl\":\"https:\/\/secure.gravatar.com\/avatar\/830d4c57adaae6630765e449a6908047?s=96&d=mm&r=g\",\"caption\":\"admpu17wp\"}}]}<\/script>\n<!-- \/ Yoast SEO plugin. -->","yoast_head_json":{"title":"Hay 114 municipios en fase 2 y destacan la ca\u00edda de los casos por segunda semana -","robots":{"index":"index","follow":"follow","max-snippet":"max-snippet:-1","max-image-preview":"max-image-preview:large","max-video-preview":"max-video-preview:-1"},"canonical":"https:\/\/experienciadevida.com.ar\/portalurbano\/hay-114-municipios-en-fase-2-y-destacan-la-caida-de-los-casos-por-segunda-semana\/","og_locale":"es_ES","og_type":"article","og_title":"Hay 114 municipios en fase 2 y destacan la ca\u00edda de los casos por segunda semana -","og_description":"Hay 114 municipios en fase 2 y destacan la ca\u00edda de los casos por segunda...","og_url":"https:\/\/experienciadevida.com.ar\/portalurbano\/hay-114-municipios-en-fase-2-y-destacan-la-caida-de-los-casos-por-segunda-semana\/","article_publisher":"https:\/\/www.facebook.com\/Portal-Urbano-171542830093757\/","article_published_time":"2021-06-08T16:54:04+00:00","article_modified_time":"2021-06-08T16:54:34+00:00","og_image":[{"width":735,"height":401,"url":"https:\/\/experienciadevida.com.ar\/portalurbano\/wp-content\/uploads\/2021\/06\/Hay-114-municipios-en-fase.jpg","type":"image\/jpeg"}],"author":"admpu17wp","twitter_card":"summary_large_image","twitter_creator":"@portalurbanook","twitter_site":"@portalurbanook","twitter_misc":{"Escrito por":"admpu17wp","Tiempo de lectura":"3 minutos"},"schema":{"@context":"https:\/\/schema.org","@graph":[{"@type":"Article","@id":"https:\/\/experienciadevida.com.ar\/portalurbano\/hay-114-municipios-en-fase-2-y-destacan-la-caida-de-los-casos-por-segunda-semana\/#article","isPartOf":{"@id":"https:\/\/experienciadevida.com.ar\/portalurbano\/hay-114-municipios-en-fase-2-y-destacan-la-caida-de-los-casos-por-segunda-semana\/"},"author":{"name":"admpu17wp","@id":"https:\/\/experienciadevida.com.ar\/portalurbano\/#\/schema\/person\/02dd326b1c4b056e9cc972486934a3a7"},"headline":"Hay 114 municipios en fase 2 y destacan la ca\u00edda de los casos por segunda semana","datePublished":"2021-06-08T16:54:04+00:00","dateModified":"2021-06-08T16:54:34+00:00","mainEntityOfPage":{"@id":"https:\/\/experienciadevida.com.ar\/portalurbano\/hay-114-municipios-en-fase-2-y-destacan-la-caida-de-los-casos-por-segunda-semana\/"},"wordCount":538,"publisher":{"@id":"https:\/\/experienciadevida.com.ar\/portalurbano\/#organization"},"articleSection":["Destacadas 2","Provincia"],"inLanguage":"es"},{"@type":"WebPage","@id":"https:\/\/experienciadevida.com.ar\/portalurbano\/hay-114-municipios-en-fase-2-y-destacan-la-caida-de-los-casos-por-segunda-semana\/","url":"https:\/\/experienciadevida.com.ar\/portalurbano\/hay-114-municipios-en-fase-2-y-destacan-la-caida-de-los-casos-por-segunda-semana\/","name":"Hay 114 municipios en fase 2 y destacan la ca\u00edda de los casos por segunda semana -","isPartOf":{"@id":"https:\/\/experienciadevida.com.ar\/portalurbano\/#website"},"datePublished":"2021-06-08T16:54:04+00:00","dateModified":"2021-06-08T16:54:34+00:00","breadcrumb":{"@id":"https:\/\/experienciadevida.com.ar\/portalurbano\/hay-114-municipios-en-fase-2-y-destacan-la-caida-de-los-casos-por-segunda-semana\/#breadcrumb"},"inLanguage":"es","potentialAction":[{"@type":"ReadAction","target":["https:\/\/experienciadevida.com.ar\/portalurbano\/hay-114-municipios-en-fase-2-y-destacan-la-caida-de-los-casos-por-segunda-semana\/"]}]},{"@type":"BreadcrumbList","@id":"https:\/\/experienciadevida.com.ar\/portalurbano\/hay-114-municipios-en-fase-2-y-destacan-la-caida-de-los-casos-por-segunda-semana\/#breadcrumb","itemListElement":[{"@type":"ListItem","position":1,"name":"Portada","item":"https:\/\/experienciadevida.com.ar\/portalurbano\/"},{"@type":"ListItem","position":2,"name":"Hay 114 municipios en fase 2 y destacan la ca\u00edda de los casos por segunda semana"}]},{"@type":"WebSite","@id":"https:\/\/experienciadevida.com.ar\/portalurbano\/#website","url":"https:\/\/experienciadevida.com.ar\/portalurbano\/","name":"","description":"","publisher":{"@id":"https:\/\/experienciadevida.com.ar\/portalurbano\/#organization"},"potentialAction":[{"@type":"SearchAction","target":{"@type":"EntryPoint","urlTemplate":"https:\/\/experienciadevida.com.ar\/portalurbano\/?s={search_term_string}"},"query-input":"required name=search_term_string"}],"inLanguage":"es"},{"@type":"Organization","@id":"https:\/\/experienciadevida.com.ar\/portalurbano\/#organization","name":"Portal Urbano","url":"https:\/\/experienciadevida.com.ar\/portalurbano\/","logo":{"@type":"ImageObject","inLanguage":"es","@id":"https:\/\/experienciadevida.com.ar\/portalurbano\/#\/schema\/logo\/image\/","url":"https:\/\/experienciadevida.com.ar\/portalurbano\/wp-content\/uploads\/2019\/09\/Logo-Original.png","contentUrl":"https:\/\/experienciadevida.com.ar\/portalurbano\/wp-content\/uploads\/2019\/09\/Logo-Original.png","width":2236,"height":1216,"caption":"Portal Urbano"},"image":{"@id":"https:\/\/experienciadevida.com.ar\/portalurbano\/#\/schema\/logo\/image\/"},"sameAs":["https:\/\/www.facebook.com\/Portal-Urbano-171542830093757\/","https:\/\/twitter.com\/portalurbanook","https:\/\/www.instagram.com\/_portalurbano\/","https:\/\/www.youtube.com\/channel\/UCXhagIfszH8KxFiOok79zbA?view_as=subscriber"]},{"@type":"Person","@id":"https:\/\/experienciadevida.com.ar\/portalurbano\/#\/schema\/person\/02dd326b1c4b056e9cc972486934a3a7","name":"admpu17wp","image":{"@type":"ImageObject","inLanguage":"es","@id":"https:\/\/experienciadevida.com.ar\/portalurbano\/#\/schema\/person\/image\/","url":"https:\/\/secure.gravatar.com\/avatar\/830d4c57adaae6630765e449a6908047?s=96&d=mm&r=g","contentUrl":"https:\/\/secure.gravatar.com\/avatar\/830d4c57adaae6630765e449a6908047?s=96&d=mm&r=g","caption":"admpu17wp"}}]}},"featured_image_urls":{"full":["https:\/\/experienciadevida.com.ar\/portalurbano\/wp-content\/uploads\/2021\/06\/Hay-114-municipios-en-fase.jpg",735,401,false],"thumbnail":["https:\/\/experienciadevida.com.ar\/portalurbano\/wp-content\/uploads\/2021\/06\/Hay-114-municipios-en-fase-150x150.jpg",150,150,true],"medium":["https:\/\/experienciadevida.com.ar\/portalurbano\/wp-content\/uploads\/2021\/06\/Hay-114-municipios-en-fase-300x164.jpg",300,164,true],"medium_large":["https:\/\/experienciadevida.com.ar\/portalurbano\/wp-content\/uploads\/2021\/06\/Hay-114-municipios-en-fase.jpg",640,349,false],"large":["https:\/\/experienciadevida.com.ar\/portalurbano\/wp-content\/uploads\/2021\/06\/Hay-114-municipios-en-fase.jpg",640,349,false],"ug_big":["https:\/\/experienciadevida.com.ar\/portalurbano\/wp-content\/uploads\/2021\/06\/Hay-114-municipios-en-fase.jpg",735,401,false],"1536x1536":["https:\/\/experienciadevida.com.ar\/portalurbano\/wp-content\/uploads\/2021\/06\/Hay-114-municipios-en-fase.jpg",735,401,false],"2048x2048":["https:\/\/experienciadevida.com.ar\/portalurbano\/wp-content\/uploads\/2021\/06\/Hay-114-municipios-en-fase.jpg",735,401,false],"newsever-slider-full":["https:\/\/experienciadevida.com.ar\/portalurbano\/wp-content\/uploads\/2021\/06\/Hay-114-municipios-en-fase.jpg",735,401,false],"newsever-featured":["https:\/\/experienciadevida.com.ar\/portalurbano\/wp-content\/uploads\/2021\/06\/Hay-114-municipios-en-fase.jpg",735,401,false],"newsever-medium":["https:\/\/experienciadevida.com.ar\/portalurbano\/wp-content\/uploads\/2021\/06\/Hay-114-municipios-en-fase.jpg",720,393,false],"web-stories-poster-portrait":["https:\/\/experienciadevida.com.ar\/portalurbano\/wp-content\/uploads\/2021\/06\/Hay-114-municipios-en-fase.jpg",640,349,false],"web-stories-publisher-logo":["https:\/\/experienciadevida.com.ar\/portalurbano\/wp-content\/uploads\/2021\/06\/Hay-114-municipios-en-fase.jpg",96,52,false],"web-stories-thumbnail":["https:\/\/experienciadevida.com.ar\/portalurbano\/wp-content\/uploads\/2021\/06\/Hay-114-municipios-en-fase.jpg",150,82,false]},"author_info":{"display_name":"admpu17wp","author_link":"https:\/\/experienciadevida.com.ar\/portalurbano\/author\/admpu17wp\/"},"category_info":"<a href=\"https:\/\/experienciadevida.com.ar\/portalurbano\/category\/destacadas-2\/\" rel=\"category tag\">Destacadas 2<\/a> <a href=\"https:\/\/experienciadevida.com.ar\/portalurbano\/category\/provincia\/\" rel=\"category tag\">Provincia<\/a>","tag_info":"Provincia","comment_count":"0","amp_enabled":true,"_links":{"self":[{"href":"https:\/\/experienciadevida.com.ar\/portalurbano\/wp-json\/wp\/v2\/posts\/144716"}],"collection":[{"href":"https:\/\/experienciadevida.com.ar\/portalurbano\/wp-json\/wp\/v2\/posts"}],"about":[{"href":"https:\/\/experienciadevida.com.ar\/portalurbano\/wp-json\/wp\/v2\/types\/post"}],"author":[{"embeddable":true,"href":"https:\/\/experienciadevida.com.ar\/portalurbano\/wp-json\/wp\/v2\/users\/1"}],"replies":[{"embeddable":true,"href":"https:\/\/experienciadevida.com.ar\/portalurbano\/wp-json\/wp\/v2\/comments?post=144716"}],"version-history":[{"count":3,"href":"https:\/\/experienciadevida.com.ar\/portalurbano\/wp-json\/wp\/v2\/posts\/144716\/revisions"}],"predecessor-version":[{"id":144720,"href":"https:\/\/experienciadevida.com.ar\/portalurbano\/wp-json\/wp\/v2\/posts\/144716\/revisions\/144720"}],"wp:featuredmedia":[{"embeddable":true,"href":"https:\/\/experienciadevida.com.ar\/portalurbano\/wp-json\/wp\/v2\/media\/144717"}],"wp:attachment":[{"href":"https:\/\/experienciadevida.com.ar\/portalurbano\/wp-json\/wp\/v2\/media?parent=144716"}],"wp:term":[{"taxonomy":"category","embeddable":true,"href":"https:\/\/experienciadevida.com.ar\/portalurbano\/wp-json\/wp\/v2\/categories?post=144716"},{"taxonomy":"post_tag","embeddable":true,"href":"https:\/\/experienciadevida.com.ar\/portalurbano\/wp-json\/wp\/v2\/tags?post=144716"}],"curies":[{"name":"wp","href":"https:\/\/api.w.org\/{rel}","templated":true}]}}