{"id":144713,"date":"2021-06-08T13:50:22","date_gmt":"2021-06-08T16:50:22","guid":{"rendered":"https:\/\/experienciadevida.com.ar\/portalurbano\/?p=144713"},"modified":"2021-06-08T13:50:54","modified_gmt":"2021-06-08T16:50:54","slug":"recorrida-por-empresas-ezequiel-galli-visito-metalurgica-mitre","status":"publish","type":"post","link":"https:\/\/experienciadevida.com.ar\/portalurbano\/recorrida-por-empresas-ezequiel-galli-visito-metalurgica-mitre\/","title":{"rendered":"Recorrida por empresas: Ezequiel Galli visit\u00f3 Metal\u00fargica Mitre"},"content":{"rendered":"<p>Recorrida por empresas: Ezequiel Galli visit\u00f3 Metal\u00fargica Mitre, ubicada en el Parque Industrial Olavarr\u00eda (PIO).<\/p>\n<p>La actividad se llev\u00f3 a cabo en la ma\u00f1ana de este martes. Galli estuvo acompa\u00f1ado por el Secretario de Desarrollo Econ\u00f3mico Julio Valetutto. Ambos fueron recibidos por los titulares de la firma: Jorge, Maximiliano y Magali Zanazzi, quienes guiaron la recorrida por las instalaciones. En esta ocasi\u00f3n mantuvieron un di\u00e1logo acerca de las proyecciones de la empresa y c\u00f3mo contin\u00faa la labor diaria en este contexto tan particular.<\/p>\n<p>Metal\u00fargica Mitre es una empresa focalizada en el dise\u00f1o, fabricaci\u00f3n y puesta en marcha de equipamiento industrial metalmec\u00e1nico y electr\u00f3nico, tanto en nuestro pa\u00eds como en Latinoam\u00e9rica. Ofrece servicios de cortes por plasma, por agua y l\u00e1ser, dise\u00f1o y desarrollo, fabricaci\u00f3n, montaje, plegados, mantenimiento y evaluaci\u00f3n de proyectos y servicio de Gr\u00faas.<\/p>\n<p>Define como pol\u00edtica de calidad a la mejora continua de los procesos vinculados con la provisi\u00f3n de personal para servicios de mantenimiento, dise\u00f1o, desarrollo, construcci\u00f3n y puesta en marcha de equipamiento e instalaciones metalmec\u00e1nicas y electr\u00f3nicas, para la industria en general.<\/p>\n","protected":false},"excerpt":{"rendered":"<p>Recorrida por empresas: Ezequiel Galli visit\u00f3 Metal\u00fargica Mitre, ubicada en el Parque Industrial Olavarr\u00eda (PIO)&#8230;.<\/p>\n","protected":false},"author":1,"featured_media":144714,"comment_status":"closed","ping_status":"closed","sticky":false,"template":"","format":"standard","meta":{"content-type":""},"categories":[51],"tags":[],"nelio_content":{"isAutoShareEnabled":false,"autoShareEndMode":"default","automationSources":{"useContentSentences":true,"useSocialTemplates":true,"useCustomSentences":false,"customSentences":[]},"followers":[1],"suggestedReferences":[],"includedReferences":[],"efiUrl":"","efiAlt":"","highlights":[]},"yoast_head":"<!-- This site is optimized with the Yoast SEO plugin v20.7 - https:\/\/yoast.com\/wordpress\/plugins\/seo\/ -->\n<title>Recorrida por empresas: Ezequiel Galli visit\u00f3 Metal\u00fargica Mitre -<\/title>\n<meta name=\"robots\" content=\"index, follow, max-snippet:-1, max-image-preview:large, max-video-preview:-1\" \/>\n<link rel=\"canonical\" href=\"https:\/\/experienciadevida.com.ar\/portalurbano\/recorrida-por-empresas-ezequiel-galli-visito-metalurgica-mitre\/\" \/>\n<meta property=\"og:locale\" content=\"es_ES\" \/>\n<meta property=\"og:type\" content=\"article\" \/>\n<meta property=\"og:title\" content=\"Recorrida por empresas: Ezequiel Galli visit\u00f3 Metal\u00fargica Mitre -\" \/>\n<meta property=\"og:description\" content=\"Recorrida por empresas: Ezequiel Galli visit\u00f3 Metal\u00fargica Mitre, ubicada en el Parque Industrial Olavarr\u00eda (PIO)....\" \/>\n<meta property=\"og:url\" content=\"https:\/\/experienciadevida.com.ar\/portalurbano\/recorrida-por-empresas-ezequiel-galli-visito-metalurgica-mitre\/\" \/>\n<meta property=\"article:publisher\" content=\"https:\/\/www.facebook.com\/Portal-Urbano-171542830093757\/\" \/>\n<meta property=\"article:published_time\" content=\"2021-06-08T16:50:22+00:00\" \/>\n<meta property=\"article:modified_time\" content=\"2021-06-08T16:50:54+00:00\" \/>\n<meta property=\"og:image\" content=\"https:\/\/experienciadevida.com.ar\/portalurbano\/wp-content\/uploads\/2021\/06\/Recorrida-por-empresas.jpg\" \/>\n\t<meta property=\"og:image:width\" content=\"2560\" \/>\n\t<meta property=\"og:image:height\" content=\"1711\" \/>\n\t<meta property=\"og:image:type\" content=\"image\/jpeg\" \/>\n<meta name=\"author\" content=\"admpu17wp\" \/>\n<meta name=\"twitter:card\" content=\"summary_large_image\" \/>\n<meta name=\"twitter:creator\" content=\"@portalurbanook\" \/>\n<meta name=\"twitter:site\" content=\"@portalurbanook\" \/>\n<meta name=\"twitter:label1\" content=\"Escrito por\" \/>\n\t<meta name=\"twitter:data1\" content=\"admpu17wp\" \/>\n\t<meta name=\"twitter:label2\" content=\"Tiempo de lectura\" \/>\n\t<meta name=\"twitter:data2\" content=\"1 minuto\" \/>\n<script type=\"application\/ld+json\" class=\"yoast-schema-graph\">{\"@context\":\"https:\/\/schema.org\",\"@graph\":[{\"@type\":\"Article\",\"@id\":\"https:\/\/experienciadevida.com.ar\/portalurbano\/recorrida-por-empresas-ezequiel-galli-visito-metalurgica-mitre\/#article\",\"isPartOf\":{\"@id\":\"https:\/\/experienciadevida.com.ar\/portalurbano\/recorrida-por-empresas-ezequiel-galli-visito-metalurgica-mitre\/\"},\"author\":{\"name\":\"admpu17wp\",\"@id\":\"https:\/\/experienciadevida.com.ar\/portalurbano\/#\/schema\/person\/02dd326b1c4b056e9cc972486934a3a7\"},\"headline\":\"Recorrida por empresas: Ezequiel Galli visit\u00f3 Metal\u00fargica Mitre\",\"datePublished\":\"2021-06-08T16:50:22+00:00\",\"dateModified\":\"2021-06-08T16:50:54+00:00\",\"mainEntityOfPage\":{\"@id\":\"https:\/\/experienciadevida.com.ar\/portalurbano\/recorrida-por-empresas-ezequiel-galli-visito-metalurgica-mitre\/\"},\"wordCount\":212,\"publisher\":{\"@id\":\"https:\/\/experienciadevida.com.ar\/portalurbano\/#organization\"},\"articleSection\":[\"Destacadas\"],\"inLanguage\":\"es\"},{\"@type\":\"WebPage\",\"@id\":\"https:\/\/experienciadevida.com.ar\/portalurbano\/recorrida-por-empresas-ezequiel-galli-visito-metalurgica-mitre\/\",\"url\":\"https:\/\/experienciadevida.com.ar\/portalurbano\/recorrida-por-empresas-ezequiel-galli-visito-metalurgica-mitre\/\",\"name\":\"Recorrida por empresas: Ezequiel Galli visit\u00f3 Metal\u00fargica Mitre -\",\"isPartOf\":{\"@id\":\"https:\/\/experienciadevida.com.ar\/portalurbano\/#website\"},\"datePublished\":\"2021-06-08T16:50:22+00:00\",\"dateModified\":\"2021-06-08T16:50:54+00:00\",\"breadcrumb\":{\"@id\":\"https:\/\/experienciadevida.com.ar\/portalurbano\/recorrida-por-empresas-ezequiel-galli-visito-metalurgica-mitre\/#breadcrumb\"},\"inLanguage\":\"es\",\"potentialAction\":[{\"@type\":\"ReadAction\",\"target\":[\"https:\/\/experienciadevida.com.ar\/portalurbano\/recorrida-por-empresas-ezequiel-galli-visito-metalurgica-mitre\/\"]}]},{\"@type\":\"BreadcrumbList\",\"@id\":\"https:\/\/experienciadevida.com.ar\/portalurbano\/recorrida-por-empresas-ezequiel-galli-visito-metalurgica-mitre\/#breadcrumb\",\"itemListElement\":[{\"@type\":\"ListItem\",\"position\":1,\"name\":\"Portada\",\"item\":\"https:\/\/experienciadevida.com.ar\/portalurbano\/\"},{\"@type\":\"ListItem\",\"position\":2,\"name\":\"Recorrida por empresas: Ezequiel Galli visit\u00f3 Metal\u00fargica Mitre\"}]},{\"@type\":\"WebSite\",\"@id\":\"https:\/\/experienciadevida.com.ar\/portalurbano\/#website\",\"url\":\"https:\/\/experienciadevida.com.ar\/portalurbano\/\",\"name\":\"\",\"description\":\"\",\"publisher\":{\"@id\":\"https:\/\/experienciadevida.com.ar\/portalurbano\/#organization\"},\"potentialAction\":[{\"@type\":\"SearchAction\",\"target\":{\"@type\":\"EntryPoint\",\"urlTemplate\":\"https:\/\/experienciadevida.com.ar\/portalurbano\/?s={search_term_string}\"},\"query-input\":\"required name=search_term_string\"}],\"inLanguage\":\"es\"},{\"@type\":\"Organization\",\"@id\":\"https:\/\/experienciadevida.com.ar\/portalurbano\/#organization\",\"name\":\"Portal Urbano\",\"url\":\"https:\/\/experienciadevida.com.ar\/portalurbano\/\",\"logo\":{\"@type\":\"ImageObject\",\"inLanguage\":\"es\",\"@id\":\"https:\/\/experienciadevida.com.ar\/portalurbano\/#\/schema\/logo\/image\/\",\"url\":\"https:\/\/experienciadevida.com.ar\/portalurbano\/wp-content\/uploads\/2019\/09\/Logo-Original.png\",\"contentUrl\":\"https:\/\/experienciadevida.com.ar\/portalurbano\/wp-content\/uploads\/2019\/09\/Logo-Original.png\",\"width\":2236,\"height\":1216,\"caption\":\"Portal Urbano\"},\"image\":{\"@id\":\"https:\/\/experienciadevida.com.ar\/portalurbano\/#\/schema\/logo\/image\/\"},\"sameAs\":[\"https:\/\/www.facebook.com\/Portal-Urbano-171542830093757\/\",\"https:\/\/twitter.com\/portalurbanook\",\"https:\/\/www.instagram.com\/_portalurbano\/\",\"https:\/\/www.youtube.com\/channel\/UCXhagIfszH8KxFiOok79zbA?view_as=subscriber\"]},{\"@type\":\"Person\",\"@id\":\"https:\/\/experienciadevida.com.ar\/portalurbano\/#\/schema\/person\/02dd326b1c4b056e9cc972486934a3a7\",\"name\":\"admpu17wp\",\"image\":{\"@type\":\"ImageObject\",\"inLanguage\":\"es\",\"@id\":\"https:\/\/experienciadevida.com.ar\/portalurbano\/#\/schema\/person\/image\/\",\"url\":\"https:\/\/secure.gravatar.com\/avatar\/830d4c57adaae6630765e449a6908047?s=96&d=mm&r=g\",\"contentUrl\":\"https:\/\/secure.gravatar.com\/avatar\/830d4c57adaae6630765e449a6908047?s=96&d=mm&r=g\",\"caption\":\"admpu17wp\"}}]}<\/script>\n<!-- \/ Yoast SEO plugin. -->","yoast_head_json":{"title":"Recorrida por empresas: Ezequiel Galli visit\u00f3 Metal\u00fargica Mitre -","robots":{"index":"index","follow":"follow","max-snippet":"max-snippet:-1","max-image-preview":"max-image-preview:large","max-video-preview":"max-video-preview:-1"},"canonical":"https:\/\/experienciadevida.com.ar\/portalurbano\/recorrida-por-empresas-ezequiel-galli-visito-metalurgica-mitre\/","og_locale":"es_ES","og_type":"article","og_title":"Recorrida por empresas: Ezequiel Galli visit\u00f3 Metal\u00fargica Mitre -","og_description":"Recorrida por empresas: Ezequiel Galli visit\u00f3 Metal\u00fargica Mitre, ubicada en el Parque Industrial Olavarr\u00eda (PIO)....","og_url":"https:\/\/experienciadevida.com.ar\/portalurbano\/recorrida-por-empresas-ezequiel-galli-visito-metalurgica-mitre\/","article_publisher":"https:\/\/www.facebook.com\/Portal-Urbano-171542830093757\/","article_published_time":"2021-06-08T16:50:22+00:00","article_modified_time":"2021-06-08T16:50:54+00:00","og_image":[{"width":2560,"height":1711,"url":"https:\/\/experienciadevida.com.ar\/portalurbano\/wp-content\/uploads\/2021\/06\/Recorrida-por-empresas.jpg","type":"image\/jpeg"}],"author":"admpu17wp","twitter_card":"summary_large_image","twitter_creator":"@portalurbanook","twitter_site":"@portalurbanook","twitter_misc":{"Escrito por":"admpu17wp","Tiempo de lectura":"1 minuto"},"schema":{"@context":"https:\/\/schema.org","@graph":[{"@type":"Article","@id":"https:\/\/experienciadevida.com.ar\/portalurbano\/recorrida-por-empresas-ezequiel-galli-visito-metalurgica-mitre\/#article","isPartOf":{"@id":"https:\/\/experienciadevida.com.ar\/portalurbano\/recorrida-por-empresas-ezequiel-galli-visito-metalurgica-mitre\/"},"author":{"name":"admpu17wp","@id":"https:\/\/experienciadevida.com.ar\/portalurbano\/#\/schema\/person\/02dd326b1c4b056e9cc972486934a3a7"},"headline":"Recorrida por empresas: Ezequiel Galli visit\u00f3 Metal\u00fargica Mitre","datePublished":"2021-06-08T16:50:22+00:00","dateModified":"2021-06-08T16:50:54+00:00","mainEntityOfPage":{"@id":"https:\/\/experienciadevida.com.ar\/portalurbano\/recorrida-por-empresas-ezequiel-galli-visito-metalurgica-mitre\/"},"wordCount":212,"publisher":{"@id":"https:\/\/experienciadevida.com.ar\/portalurbano\/#organization"},"articleSection":["Destacadas"],"inLanguage":"es"},{"@type":"WebPage","@id":"https:\/\/experienciadevida.com.ar\/portalurbano\/recorrida-por-empresas-ezequiel-galli-visito-metalurgica-mitre\/","url":"https:\/\/experienciadevida.com.ar\/portalurbano\/recorrida-por-empresas-ezequiel-galli-visito-metalurgica-mitre\/","name":"Recorrida por empresas: Ezequiel Galli visit\u00f3 Metal\u00fargica Mitre -","isPartOf":{"@id":"https:\/\/experienciadevida.com.ar\/portalurbano\/#website"},"datePublished":"2021-06-08T16:50:22+00:00","dateModified":"2021-06-08T16:50:54+00:00","breadcrumb":{"@id":"https:\/\/experienciadevida.com.ar\/portalurbano\/recorrida-por-empresas-ezequiel-galli-visito-metalurgica-mitre\/#breadcrumb"},"inLanguage":"es","potentialAction":[{"@type":"ReadAction","target":["https:\/\/experienciadevida.com.ar\/portalurbano\/recorrida-por-empresas-ezequiel-galli-visito-metalurgica-mitre\/"]}]},{"@type":"BreadcrumbList","@id":"https:\/\/experienciadevida.com.ar\/portalurbano\/recorrida-por-empresas-ezequiel-galli-visito-metalurgica-mitre\/#breadcrumb","itemListElement":[{"@type":"ListItem","position":1,"name":"Portada","item":"https:\/\/experienciadevida.com.ar\/portalurbano\/"},{"@type":"ListItem","position":2,"name":"Recorrida por empresas: Ezequiel Galli visit\u00f3 Metal\u00fargica Mitre"}]},{"@type":"WebSite","@id":"https:\/\/experienciadevida.com.ar\/portalurbano\/#website","url":"https:\/\/experienciadevida.com.ar\/portalurbano\/","name":"","description":"","publisher":{"@id":"https:\/\/experienciadevida.com.ar\/portalurbano\/#organization"},"potentialAction":[{"@type":"SearchAction","target":{"@type":"EntryPoint","urlTemplate":"https:\/\/experienciadevida.com.ar\/portalurbano\/?s={search_term_string}"},"query-input":"required name=search_term_string"}],"inLanguage":"es"},{"@type":"Organization","@id":"https:\/\/experienciadevida.com.ar\/portalurbano\/#organization","name":"Portal Urbano","url":"https:\/\/experienciadevida.com.ar\/portalurbano\/","logo":{"@type":"ImageObject","inLanguage":"es","@id":"https:\/\/experienciadevida.com.ar\/portalurbano\/#\/schema\/logo\/image\/","url":"https:\/\/experienciadevida.com.ar\/portalurbano\/wp-content\/uploads\/2019\/09\/Logo-Original.png","contentUrl":"https:\/\/experienciadevida.com.ar\/portalurbano\/wp-content\/uploads\/2019\/09\/Logo-Original.png","width":2236,"height":1216,"caption":"Portal Urbano"},"image":{"@id":"https:\/\/experienciadevida.com.ar\/portalurbano\/#\/schema\/logo\/image\/"},"sameAs":["https:\/\/www.facebook.com\/Portal-Urbano-171542830093757\/","https:\/\/twitter.com\/portalurbanook","https:\/\/www.instagram.com\/_portalurbano\/","https:\/\/www.youtube.com\/channel\/UCXhagIfszH8KxFiOok79zbA?view_as=subscriber"]},{"@type":"Person","@id":"https:\/\/experienciadevida.com.ar\/portalurbano\/#\/schema\/person\/02dd326b1c4b056e9cc972486934a3a7","name":"admpu17wp","image":{"@type":"ImageObject","inLanguage":"es","@id":"https:\/\/experienciadevida.com.ar\/portalurbano\/#\/schema\/person\/image\/","url":"https:\/\/secure.gravatar.com\/avatar\/830d4c57adaae6630765e449a6908047?s=96&d=mm&r=g","contentUrl":"https:\/\/secure.gravatar.com\/avatar\/830d4c57adaae6630765e449a6908047?s=96&d=mm&r=g","caption":"admpu17wp"}}]}},"featured_image_urls":{"full":["https:\/\/experienciadevida.com.ar\/portalurbano\/wp-content\/uploads\/2021\/06\/Recorrida-por-empresas.jpg",2560,1711,false],"thumbnail":["https:\/\/experienciadevida.com.ar\/portalurbano\/wp-content\/uploads\/2021\/06\/Recorrida-por-empresas-150x150.jpg",150,150,true],"medium":["https:\/\/experienciadevida.com.ar\/portalurbano\/wp-content\/uploads\/2021\/06\/Recorrida-por-empresas-300x201.jpg",300,201,true],"medium_large":["https:\/\/experienciadevida.com.ar\/portalurbano\/wp-content\/uploads\/2021\/06\/Recorrida-por-empresas-768x513.jpg",640,428,true],"large":["https:\/\/experienciadevida.com.ar\/portalurbano\/wp-content\/uploads\/2021\/06\/Recorrida-por-empresas-1024x684.jpg",640,428,true],"ug_big":["https:\/\/experienciadevida.com.ar\/portalurbano\/wp-content\/uploads\/2021\/06\/Recorrida-por-empresas-768x513.jpg",768,513,true],"1536x1536":["https:\/\/experienciadevida.com.ar\/portalurbano\/wp-content\/uploads\/2021\/06\/Recorrida-por-empresas-1536x1027.jpg",1536,1027,true],"2048x2048":["https:\/\/experienciadevida.com.ar\/portalurbano\/wp-content\/uploads\/2021\/06\/Recorrida-por-empresas-2048x1369.jpg",2048,1369,true],"newsever-slider-full":["https:\/\/experienciadevida.com.ar\/portalurbano\/wp-content\/uploads\/2021\/06\/Recorrida-por-empresas.jpg",1264,845,false],"newsever-featured":["https:\/\/experienciadevida.com.ar\/portalurbano\/wp-content\/uploads\/2021\/06\/Recorrida-por-empresas.jpg",1024,684,false],"newsever-medium":["https:\/\/experienciadevida.com.ar\/portalurbano\/wp-content\/uploads\/2021\/06\/Recorrida-por-empresas.jpg",711,475,false],"web-stories-poster-portrait":["https:\/\/experienciadevida.com.ar\/portalurbano\/wp-content\/uploads\/2021\/06\/Recorrida-por-empresas.jpg",640,428,false],"web-stories-publisher-logo":["https:\/\/experienciadevida.com.ar\/portalurbano\/wp-content\/uploads\/2021\/06\/Recorrida-por-empresas.jpg",96,64,false],"web-stories-thumbnail":["https:\/\/experienciadevida.com.ar\/portalurbano\/wp-content\/uploads\/2021\/06\/Recorrida-por-empresas.jpg",150,100,false]},"author_info":{"display_name":"admpu17wp","author_link":"https:\/\/experienciadevida.com.ar\/portalurbano\/author\/admpu17wp\/"},"category_info":"<a href=\"https:\/\/experienciadevida.com.ar\/portalurbano\/category\/destacadas\/\" rel=\"category tag\">Destacadas<\/a>","tag_info":"Destacadas","comment_count":"0","amp_enabled":true,"_links":{"self":[{"href":"https:\/\/experienciadevida.com.ar\/portalurbano\/wp-json\/wp\/v2\/posts\/144713"}],"collection":[{"href":"https:\/\/experienciadevida.com.ar\/portalurbano\/wp-json\/wp\/v2\/posts"}],"about":[{"href":"https:\/\/experienciadevida.com.ar\/portalurbano\/wp-json\/wp\/v2\/types\/post"}],"author":[{"embeddable":true,"href":"https:\/\/experienciadevida.com.ar\/portalurbano\/wp-json\/wp\/v2\/users\/1"}],"replies":[{"embeddable":true,"href":"https:\/\/experienciadevida.com.ar\/portalurbano\/wp-json\/wp\/v2\/comments?post=144713"}],"version-history":[{"count":1,"href":"https:\/\/experienciadevida.com.ar\/portalurbano\/wp-json\/wp\/v2\/posts\/144713\/revisions"}],"predecessor-version":[{"id":144715,"href":"https:\/\/experienciadevida.com.ar\/portalurbano\/wp-json\/wp\/v2\/posts\/144713\/revisions\/144715"}],"wp:featuredmedia":[{"embeddable":true,"href":"https:\/\/experienciadevida.com.ar\/portalurbano\/wp-json\/wp\/v2\/media\/144714"}],"wp:attachment":[{"href":"https:\/\/experienciadevida.com.ar\/portalurbano\/wp-json\/wp\/v2\/media?parent=144713"}],"wp:term":[{"taxonomy":"category","embeddable":true,"href":"https:\/\/experienciadevida.com.ar\/portalurbano\/wp-json\/wp\/v2\/categories?post=144713"},{"taxonomy":"post_tag","embeddable":true,"href":"https:\/\/experienciadevida.com.ar\/portalurbano\/wp-json\/wp\/v2\/tags?post=144713"}],"curies":[{"name":"wp","href":"https:\/\/api.w.org\/{rel}","templated":true}]}}