{"id":144687,"date":"2021-06-08T10:26:12","date_gmt":"2021-06-08T13:26:12","guid":{"rendered":"https:\/\/experienciadevida.com.ar\/portalurbano\/?p=144687"},"modified":"2021-06-08T10:28:53","modified_gmt":"2021-06-08T13:28:53","slug":"galli-sobre-el-allanamiento-felicitaciones-a-la-justicia-y-a-las-fuerzas-de-seguridad","status":"publish","type":"post","link":"https:\/\/experienciadevida.com.ar\/portalurbano\/galli-sobre-el-allanamiento-felicitaciones-a-la-justicia-y-a-las-fuerzas-de-seguridad\/","title":{"rendered":"Galli sobre el allanamiento: &#8220;Felicitaciones a la justicia y a las fuerzas de seguridad&#8221;"},"content":{"rendered":"<p>Galli sobre el allanamiento: &#8220;Felicitaciones a la justicia y a las fuerzas de seguridad&#8221;, as\u00ed lo expres\u00f3 el Mandatario a trav\u00e9s de su perfil de <a href=\"https:\/\/twitter.com\/ezequielgalli\/status\/1402060118204850176\">Twitter<\/a>.<\/p>\n<p>El allanamiento ocurri\u00f3 pasadas las 17hs del d\u00eda de ayer en un complejo de cocheras que se encuentra ubicado en la calle Fassina al 4400 entre Manuel Leal y la calle Moya, all\u00ed el personal policial realiz\u00f3 un allanamiento donde encontraron coca\u00edna en el lugar, as\u00ed como tambi\u00e9n armas y marihuana.<\/p>\n<p>El personal actuante encontr\u00f3 alrededor de 7k de coca\u00edna varias armas de fuego\u00a0 y marihuana, el mismo ocurri\u00f3 tras una investigaci\u00f3n\u00a0 ya que quien alquilaba la cochera hac\u00eda a\u00f1os no hab\u00eda pagado el alquiler derivando el allanamiento.<\/p>\n<p>En el procedimiento estuvo presente el Fiscal Lucas Moyano el comisario Inspector Roberto Landoni y agentes de la divisi\u00f3n de drogas y crimen organizado de nuestra ciudad.<\/p>\n<p>Ante este hecho el Intendente se hizo eco\u00a0 expres\u00e1ndose en sus redes sociales &#8220;felicitaciones a la justicia y a las fuerzas de seguridad por el gran operativo secuestraron m\u00e1s de 7 kilos de droga y armas que van a salir de las calles&#8221;.<\/p>\n","protected":false},"excerpt":{"rendered":"<p>Galli sobre el allanamiento: &#8220;Felicitaciones a la justicia y a las fuerzas de seguridad&#8221;, as\u00ed&#8230;<\/p>\n","protected":false},"author":1,"featured_media":144688,"comment_status":"closed","ping_status":"closed","sticky":false,"template":"","format":"standard","meta":{"content-type":""},"categories":[51,40],"tags":[],"nelio_content":{"isAutoShareEnabled":false,"autoShareEndMode":"default","automationSources":{"useContentSentences":true,"useSocialTemplates":true,"useCustomSentences":false,"customSentences":[]},"followers":[1],"suggestedReferences":[],"includedReferences":[],"efiUrl":"","efiAlt":"","highlights":[]},"yoast_head":"<!-- This site is optimized with the Yoast SEO plugin v20.7 - https:\/\/yoast.com\/wordpress\/plugins\/seo\/ -->\n<title>Galli sobre el allanamiento: &quot;felicitaciones a la justicia y fuerzas&quot;<\/title>\n<meta name=\"description\" content=\"Galli sobre el allanamiento: &quot;Felicitaciones a la justicia y a las fuerzas de seguridad&quot;, as\u00ed lo expres\u00f3 el Mandatario a trav\u00e9s de su Twitter\" \/>\n<meta name=\"robots\" content=\"index, follow, max-snippet:-1, max-image-preview:large, max-video-preview:-1\" \/>\n<link rel=\"canonical\" href=\"https:\/\/experienciadevida.com.ar\/portalurbano\/galli-sobre-el-allanamiento-felicitaciones-a-la-justicia-y-a-las-fuerzas-de-seguridad\/\" \/>\n<meta property=\"og:locale\" content=\"es_ES\" \/>\n<meta property=\"og:type\" content=\"article\" \/>\n<meta property=\"og:title\" content=\"Galli sobre el allanamiento: &quot;felicitaciones a la justicia y fuerzas&quot;\" \/>\n<meta property=\"og:description\" content=\"Galli sobre el allanamiento: &quot;Felicitaciones a la justicia y a las fuerzas de seguridad&quot;, as\u00ed lo expres\u00f3 el Mandatario a trav\u00e9s de su Twitter\" \/>\n<meta property=\"og:url\" content=\"https:\/\/experienciadevida.com.ar\/portalurbano\/galli-sobre-el-allanamiento-felicitaciones-a-la-justicia-y-a-las-fuerzas-de-seguridad\/\" \/>\n<meta property=\"article:publisher\" content=\"https:\/\/www.facebook.com\/Portal-Urbano-171542830093757\/\" \/>\n<meta property=\"article:published_time\" content=\"2021-06-08T13:26:12+00:00\" \/>\n<meta property=\"article:modified_time\" content=\"2021-06-08T13:28:53+00:00\" \/>\n<meta property=\"og:image\" content=\"https:\/\/experienciadevida.com.ar\/portalurbano\/wp-content\/uploads\/2021\/06\/Secuestro-marihuana.jpg\" \/>\n\t<meta property=\"og:image:width\" content=\"1280\" \/>\n\t<meta property=\"og:image:height\" content=\"720\" \/>\n\t<meta property=\"og:image:type\" content=\"image\/jpeg\" \/>\n<meta name=\"author\" content=\"admpu17wp\" \/>\n<meta name=\"twitter:card\" content=\"summary_large_image\" \/>\n<meta name=\"twitter:creator\" content=\"@portalurbanook\" \/>\n<meta name=\"twitter:site\" content=\"@portalurbanook\" \/>\n<meta name=\"twitter:label1\" content=\"Escrito por\" \/>\n\t<meta name=\"twitter:data1\" content=\"admpu17wp\" \/>\n\t<meta name=\"twitter:label2\" content=\"Tiempo de lectura\" \/>\n\t<meta name=\"twitter:data2\" content=\"1 minuto\" \/>\n<script type=\"application\/ld+json\" class=\"yoast-schema-graph\">{\"@context\":\"https:\/\/schema.org\",\"@graph\":[{\"@type\":\"Article\",\"@id\":\"https:\/\/experienciadevida.com.ar\/portalurbano\/galli-sobre-el-allanamiento-felicitaciones-a-la-justicia-y-a-las-fuerzas-de-seguridad\/#article\",\"isPartOf\":{\"@id\":\"https:\/\/experienciadevida.com.ar\/portalurbano\/galli-sobre-el-allanamiento-felicitaciones-a-la-justicia-y-a-las-fuerzas-de-seguridad\/\"},\"author\":{\"name\":\"admpu17wp\",\"@id\":\"https:\/\/experienciadevida.com.ar\/portalurbano\/#\/schema\/person\/02dd326b1c4b056e9cc972486934a3a7\"},\"headline\":\"Galli sobre el allanamiento: &#8220;Felicitaciones a la justicia y a las fuerzas de seguridad&#8221;\",\"datePublished\":\"2021-06-08T13:26:12+00:00\",\"dateModified\":\"2021-06-08T13:28:53+00:00\",\"mainEntityOfPage\":{\"@id\":\"https:\/\/experienciadevida.com.ar\/portalurbano\/galli-sobre-el-allanamiento-felicitaciones-a-la-justicia-y-a-las-fuerzas-de-seguridad\/\"},\"wordCount\":208,\"publisher\":{\"@id\":\"https:\/\/experienciadevida.com.ar\/portalurbano\/#organization\"},\"articleSection\":[\"Destacadas\",\"Policiales\"],\"inLanguage\":\"es\"},{\"@type\":\"WebPage\",\"@id\":\"https:\/\/experienciadevida.com.ar\/portalurbano\/galli-sobre-el-allanamiento-felicitaciones-a-la-justicia-y-a-las-fuerzas-de-seguridad\/\",\"url\":\"https:\/\/experienciadevida.com.ar\/portalurbano\/galli-sobre-el-allanamiento-felicitaciones-a-la-justicia-y-a-las-fuerzas-de-seguridad\/\",\"name\":\"Galli sobre el allanamiento: \\\"felicitaciones a la justicia y fuerzas\\\"\",\"isPartOf\":{\"@id\":\"https:\/\/experienciadevida.com.ar\/portalurbano\/#website\"},\"datePublished\":\"2021-06-08T13:26:12+00:00\",\"dateModified\":\"2021-06-08T13:28:53+00:00\",\"description\":\"Galli sobre el allanamiento: \\\"Felicitaciones a la justicia y a las fuerzas de seguridad\\\", as\u00ed lo expres\u00f3 el Mandatario a trav\u00e9s de su Twitter\",\"breadcrumb\":{\"@id\":\"https:\/\/experienciadevida.com.ar\/portalurbano\/galli-sobre-el-allanamiento-felicitaciones-a-la-justicia-y-a-las-fuerzas-de-seguridad\/#breadcrumb\"},\"inLanguage\":\"es\",\"potentialAction\":[{\"@type\":\"ReadAction\",\"target\":[\"https:\/\/experienciadevida.com.ar\/portalurbano\/galli-sobre-el-allanamiento-felicitaciones-a-la-justicia-y-a-las-fuerzas-de-seguridad\/\"]}]},{\"@type\":\"BreadcrumbList\",\"@id\":\"https:\/\/experienciadevida.com.ar\/portalurbano\/galli-sobre-el-allanamiento-felicitaciones-a-la-justicia-y-a-las-fuerzas-de-seguridad\/#breadcrumb\",\"itemListElement\":[{\"@type\":\"ListItem\",\"position\":1,\"name\":\"Portada\",\"item\":\"https:\/\/experienciadevida.com.ar\/portalurbano\/\"},{\"@type\":\"ListItem\",\"position\":2,\"name\":\"Galli sobre el allanamiento: \u00abFelicitaciones a la justicia y a las fuerzas de seguridad\u00bb\"}]},{\"@type\":\"WebSite\",\"@id\":\"https:\/\/experienciadevida.com.ar\/portalurbano\/#website\",\"url\":\"https:\/\/experienciadevida.com.ar\/portalurbano\/\",\"name\":\"\",\"description\":\"\",\"publisher\":{\"@id\":\"https:\/\/experienciadevida.com.ar\/portalurbano\/#organization\"},\"potentialAction\":[{\"@type\":\"SearchAction\",\"target\":{\"@type\":\"EntryPoint\",\"urlTemplate\":\"https:\/\/experienciadevida.com.ar\/portalurbano\/?s={search_term_string}\"},\"query-input\":\"required name=search_term_string\"}],\"inLanguage\":\"es\"},{\"@type\":\"Organization\",\"@id\":\"https:\/\/experienciadevida.com.ar\/portalurbano\/#organization\",\"name\":\"Portal Urbano\",\"url\":\"https:\/\/experienciadevida.com.ar\/portalurbano\/\",\"logo\":{\"@type\":\"ImageObject\",\"inLanguage\":\"es\",\"@id\":\"https:\/\/experienciadevida.com.ar\/portalurbano\/#\/schema\/logo\/image\/\",\"url\":\"https:\/\/experienciadevida.com.ar\/portalurbano\/wp-content\/uploads\/2019\/09\/Logo-Original.png\",\"contentUrl\":\"https:\/\/experienciadevida.com.ar\/portalurbano\/wp-content\/uploads\/2019\/09\/Logo-Original.png\",\"width\":2236,\"height\":1216,\"caption\":\"Portal Urbano\"},\"image\":{\"@id\":\"https:\/\/experienciadevida.com.ar\/portalurbano\/#\/schema\/logo\/image\/\"},\"sameAs\":[\"https:\/\/www.facebook.com\/Portal-Urbano-171542830093757\/\",\"https:\/\/twitter.com\/portalurbanook\",\"https:\/\/www.instagram.com\/_portalurbano\/\",\"https:\/\/www.youtube.com\/channel\/UCXhagIfszH8KxFiOok79zbA?view_as=subscriber\"]},{\"@type\":\"Person\",\"@id\":\"https:\/\/experienciadevida.com.ar\/portalurbano\/#\/schema\/person\/02dd326b1c4b056e9cc972486934a3a7\",\"name\":\"admpu17wp\",\"image\":{\"@type\":\"ImageObject\",\"inLanguage\":\"es\",\"@id\":\"https:\/\/experienciadevida.com.ar\/portalurbano\/#\/schema\/person\/image\/\",\"url\":\"https:\/\/secure.gravatar.com\/avatar\/830d4c57adaae6630765e449a6908047?s=96&d=mm&r=g\",\"contentUrl\":\"https:\/\/secure.gravatar.com\/avatar\/830d4c57adaae6630765e449a6908047?s=96&d=mm&r=g\",\"caption\":\"admpu17wp\"}}]}<\/script>\n<!-- \/ Yoast SEO plugin. -->","yoast_head_json":{"title":"Galli sobre el allanamiento: \"felicitaciones a la justicia y fuerzas\"","description":"Galli sobre el allanamiento: \"Felicitaciones a la justicia y a las fuerzas de seguridad\", as\u00ed lo expres\u00f3 el Mandatario a trav\u00e9s de su Twitter","robots":{"index":"index","follow":"follow","max-snippet":"max-snippet:-1","max-image-preview":"max-image-preview:large","max-video-preview":"max-video-preview:-1"},"canonical":"https:\/\/experienciadevida.com.ar\/portalurbano\/galli-sobre-el-allanamiento-felicitaciones-a-la-justicia-y-a-las-fuerzas-de-seguridad\/","og_locale":"es_ES","og_type":"article","og_title":"Galli sobre el allanamiento: \"felicitaciones a la justicia y fuerzas\"","og_description":"Galli sobre el allanamiento: \"Felicitaciones a la justicia y a las fuerzas de seguridad\", as\u00ed lo expres\u00f3 el Mandatario a trav\u00e9s de su Twitter","og_url":"https:\/\/experienciadevida.com.ar\/portalurbano\/galli-sobre-el-allanamiento-felicitaciones-a-la-justicia-y-a-las-fuerzas-de-seguridad\/","article_publisher":"https:\/\/www.facebook.com\/Portal-Urbano-171542830093757\/","article_published_time":"2021-06-08T13:26:12+00:00","article_modified_time":"2021-06-08T13:28:53+00:00","og_image":[{"width":1280,"height":720,"url":"https:\/\/experienciadevida.com.ar\/portalurbano\/wp-content\/uploads\/2021\/06\/Secuestro-marihuana.jpg","type":"image\/jpeg"}],"author":"admpu17wp","twitter_card":"summary_large_image","twitter_creator":"@portalurbanook","twitter_site":"@portalurbanook","twitter_misc":{"Escrito por":"admpu17wp","Tiempo de lectura":"1 minuto"},"schema":{"@context":"https:\/\/schema.org","@graph":[{"@type":"Article","@id":"https:\/\/experienciadevida.com.ar\/portalurbano\/galli-sobre-el-allanamiento-felicitaciones-a-la-justicia-y-a-las-fuerzas-de-seguridad\/#article","isPartOf":{"@id":"https:\/\/experienciadevida.com.ar\/portalurbano\/galli-sobre-el-allanamiento-felicitaciones-a-la-justicia-y-a-las-fuerzas-de-seguridad\/"},"author":{"name":"admpu17wp","@id":"https:\/\/experienciadevida.com.ar\/portalurbano\/#\/schema\/person\/02dd326b1c4b056e9cc972486934a3a7"},"headline":"Galli sobre el allanamiento: &#8220;Felicitaciones a la justicia y a las fuerzas de seguridad&#8221;","datePublished":"2021-06-08T13:26:12+00:00","dateModified":"2021-06-08T13:28:53+00:00","mainEntityOfPage":{"@id":"https:\/\/experienciadevida.com.ar\/portalurbano\/galli-sobre-el-allanamiento-felicitaciones-a-la-justicia-y-a-las-fuerzas-de-seguridad\/"},"wordCount":208,"publisher":{"@id":"https:\/\/experienciadevida.com.ar\/portalurbano\/#organization"},"articleSection":["Destacadas","Policiales"],"inLanguage":"es"},{"@type":"WebPage","@id":"https:\/\/experienciadevida.com.ar\/portalurbano\/galli-sobre-el-allanamiento-felicitaciones-a-la-justicia-y-a-las-fuerzas-de-seguridad\/","url":"https:\/\/experienciadevida.com.ar\/portalurbano\/galli-sobre-el-allanamiento-felicitaciones-a-la-justicia-y-a-las-fuerzas-de-seguridad\/","name":"Galli sobre el allanamiento: \"felicitaciones a la justicia y fuerzas\"","isPartOf":{"@id":"https:\/\/experienciadevida.com.ar\/portalurbano\/#website"},"datePublished":"2021-06-08T13:26:12+00:00","dateModified":"2021-06-08T13:28:53+00:00","description":"Galli sobre el allanamiento: \"Felicitaciones a la justicia y a las fuerzas de seguridad\", as\u00ed lo expres\u00f3 el Mandatario a trav\u00e9s de su Twitter","breadcrumb":{"@id":"https:\/\/experienciadevida.com.ar\/portalurbano\/galli-sobre-el-allanamiento-felicitaciones-a-la-justicia-y-a-las-fuerzas-de-seguridad\/#breadcrumb"},"inLanguage":"es","potentialAction":[{"@type":"ReadAction","target":["https:\/\/experienciadevida.com.ar\/portalurbano\/galli-sobre-el-allanamiento-felicitaciones-a-la-justicia-y-a-las-fuerzas-de-seguridad\/"]}]},{"@type":"BreadcrumbList","@id":"https:\/\/experienciadevida.com.ar\/portalurbano\/galli-sobre-el-allanamiento-felicitaciones-a-la-justicia-y-a-las-fuerzas-de-seguridad\/#breadcrumb","itemListElement":[{"@type":"ListItem","position":1,"name":"Portada","item":"https:\/\/experienciadevida.com.ar\/portalurbano\/"},{"@type":"ListItem","position":2,"name":"Galli sobre el allanamiento: \u00abFelicitaciones a la justicia y a las fuerzas de seguridad\u00bb"}]},{"@type":"WebSite","@id":"https:\/\/experienciadevida.com.ar\/portalurbano\/#website","url":"https:\/\/experienciadevida.com.ar\/portalurbano\/","name":"","description":"","publisher":{"@id":"https:\/\/experienciadevida.com.ar\/portalurbano\/#organization"},"potentialAction":[{"@type":"SearchAction","target":{"@type":"EntryPoint","urlTemplate":"https:\/\/experienciadevida.com.ar\/portalurbano\/?s={search_term_string}"},"query-input":"required name=search_term_string"}],"inLanguage":"es"},{"@type":"Organization","@id":"https:\/\/experienciadevida.com.ar\/portalurbano\/#organization","name":"Portal Urbano","url":"https:\/\/experienciadevida.com.ar\/portalurbano\/","logo":{"@type":"ImageObject","inLanguage":"es","@id":"https:\/\/experienciadevida.com.ar\/portalurbano\/#\/schema\/logo\/image\/","url":"https:\/\/experienciadevida.com.ar\/portalurbano\/wp-content\/uploads\/2019\/09\/Logo-Original.png","contentUrl":"https:\/\/experienciadevida.com.ar\/portalurbano\/wp-content\/uploads\/2019\/09\/Logo-Original.png","width":2236,"height":1216,"caption":"Portal Urbano"},"image":{"@id":"https:\/\/experienciadevida.com.ar\/portalurbano\/#\/schema\/logo\/image\/"},"sameAs":["https:\/\/www.facebook.com\/Portal-Urbano-171542830093757\/","https:\/\/twitter.com\/portalurbanook","https:\/\/www.instagram.com\/_portalurbano\/","https:\/\/www.youtube.com\/channel\/UCXhagIfszH8KxFiOok79zbA?view_as=subscriber"]},{"@type":"Person","@id":"https:\/\/experienciadevida.com.ar\/portalurbano\/#\/schema\/person\/02dd326b1c4b056e9cc972486934a3a7","name":"admpu17wp","image":{"@type":"ImageObject","inLanguage":"es","@id":"https:\/\/experienciadevida.com.ar\/portalurbano\/#\/schema\/person\/image\/","url":"https:\/\/secure.gravatar.com\/avatar\/830d4c57adaae6630765e449a6908047?s=96&d=mm&r=g","contentUrl":"https:\/\/secure.gravatar.com\/avatar\/830d4c57adaae6630765e449a6908047?s=96&d=mm&r=g","caption":"admpu17wp"}}]}},"featured_image_urls":{"full":["https:\/\/experienciadevida.com.ar\/portalurbano\/wp-content\/uploads\/2021\/06\/Secuestro-marihuana.jpg",1280,720,false],"thumbnail":["https:\/\/experienciadevida.com.ar\/portalurbano\/wp-content\/uploads\/2021\/06\/Secuestro-marihuana-150x150.jpg",150,150,true],"medium":["https:\/\/experienciadevida.com.ar\/portalurbano\/wp-content\/uploads\/2021\/06\/Secuestro-marihuana-300x169.jpg",300,169,true],"medium_large":["https:\/\/experienciadevida.com.ar\/portalurbano\/wp-content\/uploads\/2021\/06\/Secuestro-marihuana-768x432.jpg",640,360,true],"large":["https:\/\/experienciadevida.com.ar\/portalurbano\/wp-content\/uploads\/2021\/06\/Secuestro-marihuana-1024x576.jpg",640,360,true],"ug_big":["https:\/\/experienciadevida.com.ar\/portalurbano\/wp-content\/uploads\/2021\/06\/Secuestro-marihuana-768x432.jpg",768,432,true],"1536x1536":["https:\/\/experienciadevida.com.ar\/portalurbano\/wp-content\/uploads\/2021\/06\/Secuestro-marihuana.jpg",1280,720,false],"2048x2048":["https:\/\/experienciadevida.com.ar\/portalurbano\/wp-content\/uploads\/2021\/06\/Secuestro-marihuana.jpg",1280,720,false],"newsever-slider-full":["https:\/\/experienciadevida.com.ar\/portalurbano\/wp-content\/uploads\/2021\/06\/Secuestro-marihuana.jpg",1280,720,false],"newsever-featured":["https:\/\/experienciadevida.com.ar\/portalurbano\/wp-content\/uploads\/2021\/06\/Secuestro-marihuana.jpg",1024,576,false],"newsever-medium":["https:\/\/experienciadevida.com.ar\/portalurbano\/wp-content\/uploads\/2021\/06\/Secuestro-marihuana.jpg",720,405,false],"web-stories-poster-portrait":["https:\/\/experienciadevida.com.ar\/portalurbano\/wp-content\/uploads\/2021\/06\/Secuestro-marihuana.jpg",640,360,false],"web-stories-publisher-logo":["https:\/\/experienciadevida.com.ar\/portalurbano\/wp-content\/uploads\/2021\/06\/Secuestro-marihuana.jpg",96,54,false],"web-stories-thumbnail":["https:\/\/experienciadevida.com.ar\/portalurbano\/wp-content\/uploads\/2021\/06\/Secuestro-marihuana.jpg",150,84,false]},"author_info":{"display_name":"admpu17wp","author_link":"https:\/\/experienciadevida.com.ar\/portalurbano\/author\/admpu17wp\/"},"category_info":"<a href=\"https:\/\/experienciadevida.com.ar\/portalurbano\/category\/destacadas\/\" rel=\"category tag\">Destacadas<\/a> <a href=\"https:\/\/experienciadevida.com.ar\/portalurbano\/category\/policiales\/\" rel=\"category tag\">Policiales<\/a>","tag_info":"Policiales","comment_count":"0","amp_enabled":true,"_links":{"self":[{"href":"https:\/\/experienciadevida.com.ar\/portalurbano\/wp-json\/wp\/v2\/posts\/144687"}],"collection":[{"href":"https:\/\/experienciadevida.com.ar\/portalurbano\/wp-json\/wp\/v2\/posts"}],"about":[{"href":"https:\/\/experienciadevida.com.ar\/portalurbano\/wp-json\/wp\/v2\/types\/post"}],"author":[{"embeddable":true,"href":"https:\/\/experienciadevida.com.ar\/portalurbano\/wp-json\/wp\/v2\/users\/1"}],"replies":[{"embeddable":true,"href":"https:\/\/experienciadevida.com.ar\/portalurbano\/wp-json\/wp\/v2\/comments?post=144687"}],"version-history":[{"count":1,"href":"https:\/\/experienciadevida.com.ar\/portalurbano\/wp-json\/wp\/v2\/posts\/144687\/revisions"}],"predecessor-version":[{"id":144689,"href":"https:\/\/experienciadevida.com.ar\/portalurbano\/wp-json\/wp\/v2\/posts\/144687\/revisions\/144689"}],"wp:featuredmedia":[{"embeddable":true,"href":"https:\/\/experienciadevida.com.ar\/portalurbano\/wp-json\/wp\/v2\/media\/144688"}],"wp:attachment":[{"href":"https:\/\/experienciadevida.com.ar\/portalurbano\/wp-json\/wp\/v2\/media?parent=144687"}],"wp:term":[{"taxonomy":"category","embeddable":true,"href":"https:\/\/experienciadevida.com.ar\/portalurbano\/wp-json\/wp\/v2\/categories?post=144687"},{"taxonomy":"post_tag","embeddable":true,"href":"https:\/\/experienciadevida.com.ar\/portalurbano\/wp-json\/wp\/v2\/tags?post=144687"}],"curies":[{"name":"wp","href":"https:\/\/api.w.org\/{rel}","templated":true}]}}