{"id":144640,"date":"2021-06-07T16:52:14","date_gmt":"2021-06-07T19:52:14","guid":{"rendered":"https:\/\/experienciadevida.com.ar\/portalurbano\/?p=144640"},"modified":"2021-06-07T16:57:58","modified_gmt":"2021-06-07T19:57:58","slug":"la-corte-suprema-avalo-el-cierre-de-supermercados-los-domingos-santellan-manifesto-su-conformidad","status":"publish","type":"post","link":"https:\/\/experienciadevida.com.ar\/portalurbano\/la-corte-suprema-avalo-el-cierre-de-supermercados-los-domingos-santellan-manifesto-su-conformidad\/","title":{"rendered":"La corte suprema aval\u00f3 el cierre de supermercados los domingos, Santell\u00e1n manifest\u00f3 su conformidad"},"content":{"rendered":"<p>La corte suprema aval\u00f3 el cierre de supermercados los domingos, el concejal Guillermo Santell\u00e1n que actualmente est\u00e1 trabajando en un<br \/>\nproyecto para ordenar el horario comercial en Olavarr\u00eda, manifest\u00f3 su\u00a0 conformidad con la medida que tom\u00f3 el m\u00e1ximo tribunal, que rechaz\u00f3 el<br \/>\nplanteo de supermercados que quer\u00edan abrir los domingos negando una ordenanza municipal que lo proh\u00edbe.<\/p>\n<p>Esta decisi\u00f3n sienta un precedente y reconoce la competencia municipal respecto al tema.<\/p>\n<p>La Corte Suprema de Justicia de la Naci\u00f3n dio a conocer hace algunos d\u00edas que es v\u00e1lida una ordenanza municipal que proh\u00edbe a los supermercados y<br \/>\ncomercios de grandes superficies abrir los d\u00edas domingo. \u201cEste fallo de la corte es interesante porque aclara que no es inconstitucional que una<br \/>\nordenanza establezca los cierres ni los horarios comerciales; eso es lo que planteamos hacer en Olavarr\u00eda. Este fallo es sobre un caso de la ciudad<br \/>\nde Arroyito, en C\u00f3rdoba y dirime sobre un supermercado chino, pero impacta sobre todo el sector\u201d remarc\u00f3 Santell\u00e1n.<\/p>\n<p>La resoluci\u00f3n de la corte fue apoyada por la mayor\u00eda de los jueces argumentando que era v\u00e1lida la ordenanza 1660\/14 de la ciudad de Arroyito,<br \/>\npor la que se dispuso que los supermercados de ciertas superficies deber\u00edan permanecer cerrados los domingos para favorecer la vida familiar de sus<br \/>\ntrabajadores. La norma municipal hab\u00eda sido dictada en 2014 y solo except\u00faa de la prohibici\u00f3n a los minimercados que fueran atendidos por sus due\u00f1os.<\/p>\n<p>La corte suprema aval\u00f3 el cierre de supermercados los domingos, Santell\u00e1n remarc\u00f3 que os jueces reconocen la autonom\u00eda de los<br \/>\nmunicipios. Es*interesante porque la ordenanza se titula \u201cDescanso dominical del trabajador\u201d y establece expl\u00edcitamente que los supermercados y comercios con empleados deben cerrar los d\u00edas domingo\u201d.<\/p>\n<p>Tanto el fallo de la corte como el proyecto de ordenanza presentado por el Frente de Todos hacen hincapi\u00e9 en el art\u00edculo 204 de la Ley 20.744 de<br \/>\nContrato de Trabajo que dispone la prohibici\u00f3n de ocupar al trabajador desde las 13 horas del d\u00eda s\u00e1bado hasta las 24 horas del d\u00eda domingo. La<br \/>\nnormativa indica que los trabajadores y las trabajadoras necesitan contar con el descanso dominical que favorece el equilibrio laboral-familiar.<\/p>\n<p>\u201cNuestro objetivo \u2013 expres\u00f3 el Presidente del Bloque de Concejales del Frente de Todos \u2013 es mejorar la calidad de vida de los olavarrienses.<br \/>\nGenerando reglas que limiten la desventaja que produce la posici\u00f3n dominante de los grandes sobre los peque\u00f1os comerciantes locales, ciudades vecinas como Azul y Tres Arroyos son ejemplos cercanos de implementaci\u00f3n efectiva y virtuosa\u201d.<\/p>\n<p>\u201cEste fallo que reconoce la capacidad de las ordenanzas para regular estas cuestiones, debemos priorizar el inter\u00e9s de todos los olavarrienses dando<br \/>\nun marco de equidad para que cada actividad se desarrolle de manera igualitaria, sustentable y sostenible, llevando beneficios para el desarrollo del comercio local y la comunidad en general\u201d cerr\u00f3.<\/p>\n","protected":false},"excerpt":{"rendered":"<p>La corte suprema aval\u00f3 el cierre de supermercados los domingos, el concejal Guillermo Santell\u00e1n que&#8230;<\/p>\n","protected":false},"author":1,"featured_media":144641,"comment_status":"closed","ping_status":"closed","sticky":false,"template":"","format":"standard","meta":{"content-type":""},"categories":[27,64],"tags":[],"nelio_content":{"isAutoShareEnabled":false,"autoShareEndMode":"default","automationSources":{"useContentSentences":true,"useSocialTemplates":true,"useCustomSentences":false,"customSentences":[]},"followers":[1],"suggestedReferences":[],"includedReferences":[],"efiUrl":"","efiAlt":"","highlights":[]},"yoast_head":"<!-- This site is optimized with the Yoast SEO plugin v20.7 - https:\/\/yoast.com\/wordpress\/plugins\/seo\/ -->\n<title>La corte suprema aval\u00f3 el cierre de supermercados los domingos<\/title>\n<meta name=\"description\" content=\"La corte suprema aval\u00f3 el cierre de supermercados los domingos, el concejal Guillermo Santell\u00e1n que actualmente est\u00e1 trabajando en un proyecto\" \/>\n<meta name=\"robots\" content=\"index, follow, max-snippet:-1, max-image-preview:large, max-video-preview:-1\" \/>\n<link rel=\"canonical\" href=\"https:\/\/experienciadevida.com.ar\/portalurbano\/la-corte-suprema-avalo-el-cierre-de-supermercados-los-domingos-santellan-manifesto-su-conformidad\/\" \/>\n<meta property=\"og:locale\" content=\"es_ES\" \/>\n<meta property=\"og:type\" content=\"article\" \/>\n<meta property=\"og:title\" content=\"La corte suprema aval\u00f3 el cierre de supermercados los domingos\" \/>\n<meta property=\"og:description\" content=\"La corte suprema aval\u00f3 el cierre de supermercados los domingos, el concejal Guillermo Santell\u00e1n que actualmente est\u00e1 trabajando en un proyecto\" \/>\n<meta property=\"og:url\" content=\"https:\/\/experienciadevida.com.ar\/portalurbano\/la-corte-suprema-avalo-el-cierre-de-supermercados-los-domingos-santellan-manifesto-su-conformidad\/\" \/>\n<meta property=\"article:publisher\" content=\"https:\/\/www.facebook.com\/Portal-Urbano-171542830093757\/\" \/>\n<meta property=\"article:published_time\" content=\"2021-06-07T19:52:14+00:00\" \/>\n<meta property=\"article:modified_time\" content=\"2021-06-07T19:57:58+00:00\" \/>\n<meta property=\"og:image\" content=\"https:\/\/experienciadevida.com.ar\/portalurbano\/wp-content\/uploads\/2021\/06\/La-corte-suprema-avalo-el.jpeg\" \/>\n\t<meta property=\"og:image:width\" content=\"1033\" \/>\n\t<meta property=\"og:image:height\" content=\"598\" \/>\n\t<meta property=\"og:image:type\" content=\"image\/jpeg\" \/>\n<meta name=\"author\" content=\"admpu17wp\" \/>\n<meta name=\"twitter:card\" content=\"summary_large_image\" \/>\n<meta name=\"twitter:creator\" content=\"@portalurbanook\" \/>\n<meta name=\"twitter:site\" content=\"@portalurbanook\" \/>\n<meta name=\"twitter:label1\" content=\"Escrito por\" \/>\n\t<meta name=\"twitter:data1\" content=\"admpu17wp\" \/>\n\t<meta name=\"twitter:label2\" content=\"Tiempo de lectura\" \/>\n\t<meta name=\"twitter:data2\" content=\"3 minutos\" \/>\n<script type=\"application\/ld+json\" class=\"yoast-schema-graph\">{\"@context\":\"https:\/\/schema.org\",\"@graph\":[{\"@type\":\"Article\",\"@id\":\"https:\/\/experienciadevida.com.ar\/portalurbano\/la-corte-suprema-avalo-el-cierre-de-supermercados-los-domingos-santellan-manifesto-su-conformidad\/#article\",\"isPartOf\":{\"@id\":\"https:\/\/experienciadevida.com.ar\/portalurbano\/la-corte-suprema-avalo-el-cierre-de-supermercados-los-domingos-santellan-manifesto-su-conformidad\/\"},\"author\":{\"name\":\"admpu17wp\",\"@id\":\"https:\/\/experienciadevida.com.ar\/portalurbano\/#\/schema\/person\/02dd326b1c4b056e9cc972486934a3a7\"},\"headline\":\"La corte suprema aval\u00f3 el cierre de supermercados los domingos, Santell\u00e1n manifest\u00f3 su conformidad\",\"datePublished\":\"2021-06-07T19:52:14+00:00\",\"dateModified\":\"2021-06-07T19:57:58+00:00\",\"mainEntityOfPage\":{\"@id\":\"https:\/\/experienciadevida.com.ar\/portalurbano\/la-corte-suprema-avalo-el-cierre-de-supermercados-los-domingos-santellan-manifesto-su-conformidad\/\"},\"wordCount\":506,\"publisher\":{\"@id\":\"https:\/\/experienciadevida.com.ar\/portalurbano\/#organization\"},\"articleSection\":[\"Ciudad\",\"Destacadas 2\"],\"inLanguage\":\"es\"},{\"@type\":\"WebPage\",\"@id\":\"https:\/\/experienciadevida.com.ar\/portalurbano\/la-corte-suprema-avalo-el-cierre-de-supermercados-los-domingos-santellan-manifesto-su-conformidad\/\",\"url\":\"https:\/\/experienciadevida.com.ar\/portalurbano\/la-corte-suprema-avalo-el-cierre-de-supermercados-los-domingos-santellan-manifesto-su-conformidad\/\",\"name\":\"La corte suprema aval\u00f3 el cierre de supermercados los domingos\",\"isPartOf\":{\"@id\":\"https:\/\/experienciadevida.com.ar\/portalurbano\/#website\"},\"datePublished\":\"2021-06-07T19:52:14+00:00\",\"dateModified\":\"2021-06-07T19:57:58+00:00\",\"description\":\"La corte suprema aval\u00f3 el cierre de supermercados los domingos, el concejal Guillermo Santell\u00e1n que actualmente est\u00e1 trabajando en un proyecto\",\"breadcrumb\":{\"@id\":\"https:\/\/experienciadevida.com.ar\/portalurbano\/la-corte-suprema-avalo-el-cierre-de-supermercados-los-domingos-santellan-manifesto-su-conformidad\/#breadcrumb\"},\"inLanguage\":\"es\",\"potentialAction\":[{\"@type\":\"ReadAction\",\"target\":[\"https:\/\/experienciadevida.com.ar\/portalurbano\/la-corte-suprema-avalo-el-cierre-de-supermercados-los-domingos-santellan-manifesto-su-conformidad\/\"]}]},{\"@type\":\"BreadcrumbList\",\"@id\":\"https:\/\/experienciadevida.com.ar\/portalurbano\/la-corte-suprema-avalo-el-cierre-de-supermercados-los-domingos-santellan-manifesto-su-conformidad\/#breadcrumb\",\"itemListElement\":[{\"@type\":\"ListItem\",\"position\":1,\"name\":\"Portada\",\"item\":\"https:\/\/experienciadevida.com.ar\/portalurbano\/\"},{\"@type\":\"ListItem\",\"position\":2,\"name\":\"La corte suprema aval\u00f3 el cierre de supermercados los domingos, Santell\u00e1n manifest\u00f3 su conformidad\"}]},{\"@type\":\"WebSite\",\"@id\":\"https:\/\/experienciadevida.com.ar\/portalurbano\/#website\",\"url\":\"https:\/\/experienciadevida.com.ar\/portalurbano\/\",\"name\":\"\",\"description\":\"\",\"publisher\":{\"@id\":\"https:\/\/experienciadevida.com.ar\/portalurbano\/#organization\"},\"potentialAction\":[{\"@type\":\"SearchAction\",\"target\":{\"@type\":\"EntryPoint\",\"urlTemplate\":\"https:\/\/experienciadevida.com.ar\/portalurbano\/?s={search_term_string}\"},\"query-input\":\"required name=search_term_string\"}],\"inLanguage\":\"es\"},{\"@type\":\"Organization\",\"@id\":\"https:\/\/experienciadevida.com.ar\/portalurbano\/#organization\",\"name\":\"Portal Urbano\",\"url\":\"https:\/\/experienciadevida.com.ar\/portalurbano\/\",\"logo\":{\"@type\":\"ImageObject\",\"inLanguage\":\"es\",\"@id\":\"https:\/\/experienciadevida.com.ar\/portalurbano\/#\/schema\/logo\/image\/\",\"url\":\"https:\/\/experienciadevida.com.ar\/portalurbano\/wp-content\/uploads\/2019\/09\/Logo-Original.png\",\"contentUrl\":\"https:\/\/experienciadevida.com.ar\/portalurbano\/wp-content\/uploads\/2019\/09\/Logo-Original.png\",\"width\":2236,\"height\":1216,\"caption\":\"Portal Urbano\"},\"image\":{\"@id\":\"https:\/\/experienciadevida.com.ar\/portalurbano\/#\/schema\/logo\/image\/\"},\"sameAs\":[\"https:\/\/www.facebook.com\/Portal-Urbano-171542830093757\/\",\"https:\/\/twitter.com\/portalurbanook\",\"https:\/\/www.instagram.com\/_portalurbano\/\",\"https:\/\/www.youtube.com\/channel\/UCXhagIfszH8KxFiOok79zbA?view_as=subscriber\"]},{\"@type\":\"Person\",\"@id\":\"https:\/\/experienciadevida.com.ar\/portalurbano\/#\/schema\/person\/02dd326b1c4b056e9cc972486934a3a7\",\"name\":\"admpu17wp\",\"image\":{\"@type\":\"ImageObject\",\"inLanguage\":\"es\",\"@id\":\"https:\/\/experienciadevida.com.ar\/portalurbano\/#\/schema\/person\/image\/\",\"url\":\"https:\/\/secure.gravatar.com\/avatar\/830d4c57adaae6630765e449a6908047?s=96&d=mm&r=g\",\"contentUrl\":\"https:\/\/secure.gravatar.com\/avatar\/830d4c57adaae6630765e449a6908047?s=96&d=mm&r=g\",\"caption\":\"admpu17wp\"}}]}<\/script>\n<!-- \/ Yoast SEO plugin. -->","yoast_head_json":{"title":"La corte suprema aval\u00f3 el cierre de supermercados los domingos","description":"La corte suprema aval\u00f3 el cierre de supermercados los domingos, el concejal Guillermo Santell\u00e1n que actualmente est\u00e1 trabajando en un proyecto","robots":{"index":"index","follow":"follow","max-snippet":"max-snippet:-1","max-image-preview":"max-image-preview:large","max-video-preview":"max-video-preview:-1"},"canonical":"https:\/\/experienciadevida.com.ar\/portalurbano\/la-corte-suprema-avalo-el-cierre-de-supermercados-los-domingos-santellan-manifesto-su-conformidad\/","og_locale":"es_ES","og_type":"article","og_title":"La corte suprema aval\u00f3 el cierre de supermercados los domingos","og_description":"La corte suprema aval\u00f3 el cierre de supermercados los domingos, el concejal Guillermo Santell\u00e1n que actualmente est\u00e1 trabajando en un proyecto","og_url":"https:\/\/experienciadevida.com.ar\/portalurbano\/la-corte-suprema-avalo-el-cierre-de-supermercados-los-domingos-santellan-manifesto-su-conformidad\/","article_publisher":"https:\/\/www.facebook.com\/Portal-Urbano-171542830093757\/","article_published_time":"2021-06-07T19:52:14+00:00","article_modified_time":"2021-06-07T19:57:58+00:00","og_image":[{"width":1033,"height":598,"url":"https:\/\/experienciadevida.com.ar\/portalurbano\/wp-content\/uploads\/2021\/06\/La-corte-suprema-avalo-el.jpeg","type":"image\/jpeg"}],"author":"admpu17wp","twitter_card":"summary_large_image","twitter_creator":"@portalurbanook","twitter_site":"@portalurbanook","twitter_misc":{"Escrito por":"admpu17wp","Tiempo de lectura":"3 minutos"},"schema":{"@context":"https:\/\/schema.org","@graph":[{"@type":"Article","@id":"https:\/\/experienciadevida.com.ar\/portalurbano\/la-corte-suprema-avalo-el-cierre-de-supermercados-los-domingos-santellan-manifesto-su-conformidad\/#article","isPartOf":{"@id":"https:\/\/experienciadevida.com.ar\/portalurbano\/la-corte-suprema-avalo-el-cierre-de-supermercados-los-domingos-santellan-manifesto-su-conformidad\/"},"author":{"name":"admpu17wp","@id":"https:\/\/experienciadevida.com.ar\/portalurbano\/#\/schema\/person\/02dd326b1c4b056e9cc972486934a3a7"},"headline":"La corte suprema aval\u00f3 el cierre de supermercados los domingos, Santell\u00e1n manifest\u00f3 su conformidad","datePublished":"2021-06-07T19:52:14+00:00","dateModified":"2021-06-07T19:57:58+00:00","mainEntityOfPage":{"@id":"https:\/\/experienciadevida.com.ar\/portalurbano\/la-corte-suprema-avalo-el-cierre-de-supermercados-los-domingos-santellan-manifesto-su-conformidad\/"},"wordCount":506,"publisher":{"@id":"https:\/\/experienciadevida.com.ar\/portalurbano\/#organization"},"articleSection":["Ciudad","Destacadas 2"],"inLanguage":"es"},{"@type":"WebPage","@id":"https:\/\/experienciadevida.com.ar\/portalurbano\/la-corte-suprema-avalo-el-cierre-de-supermercados-los-domingos-santellan-manifesto-su-conformidad\/","url":"https:\/\/experienciadevida.com.ar\/portalurbano\/la-corte-suprema-avalo-el-cierre-de-supermercados-los-domingos-santellan-manifesto-su-conformidad\/","name":"La corte suprema aval\u00f3 el cierre de supermercados los domingos","isPartOf":{"@id":"https:\/\/experienciadevida.com.ar\/portalurbano\/#website"},"datePublished":"2021-06-07T19:52:14+00:00","dateModified":"2021-06-07T19:57:58+00:00","description":"La corte suprema aval\u00f3 el cierre de supermercados los domingos, el concejal Guillermo Santell\u00e1n que actualmente est\u00e1 trabajando en un proyecto","breadcrumb":{"@id":"https:\/\/experienciadevida.com.ar\/portalurbano\/la-corte-suprema-avalo-el-cierre-de-supermercados-los-domingos-santellan-manifesto-su-conformidad\/#breadcrumb"},"inLanguage":"es","potentialAction":[{"@type":"ReadAction","target":["https:\/\/experienciadevida.com.ar\/portalurbano\/la-corte-suprema-avalo-el-cierre-de-supermercados-los-domingos-santellan-manifesto-su-conformidad\/"]}]},{"@type":"BreadcrumbList","@id":"https:\/\/experienciadevida.com.ar\/portalurbano\/la-corte-suprema-avalo-el-cierre-de-supermercados-los-domingos-santellan-manifesto-su-conformidad\/#breadcrumb","itemListElement":[{"@type":"ListItem","position":1,"name":"Portada","item":"https:\/\/experienciadevida.com.ar\/portalurbano\/"},{"@type":"ListItem","position":2,"name":"La corte suprema aval\u00f3 el cierre de supermercados los domingos, Santell\u00e1n manifest\u00f3 su conformidad"}]},{"@type":"WebSite","@id":"https:\/\/experienciadevida.com.ar\/portalurbano\/#website","url":"https:\/\/experienciadevida.com.ar\/portalurbano\/","name":"","description":"","publisher":{"@id":"https:\/\/experienciadevida.com.ar\/portalurbano\/#organization"},"potentialAction":[{"@type":"SearchAction","target":{"@type":"EntryPoint","urlTemplate":"https:\/\/experienciadevida.com.ar\/portalurbano\/?s={search_term_string}"},"query-input":"required name=search_term_string"}],"inLanguage":"es"},{"@type":"Organization","@id":"https:\/\/experienciadevida.com.ar\/portalurbano\/#organization","name":"Portal Urbano","url":"https:\/\/experienciadevida.com.ar\/portalurbano\/","logo":{"@type":"ImageObject","inLanguage":"es","@id":"https:\/\/experienciadevida.com.ar\/portalurbano\/#\/schema\/logo\/image\/","url":"https:\/\/experienciadevida.com.ar\/portalurbano\/wp-content\/uploads\/2019\/09\/Logo-Original.png","contentUrl":"https:\/\/experienciadevida.com.ar\/portalurbano\/wp-content\/uploads\/2019\/09\/Logo-Original.png","width":2236,"height":1216,"caption":"Portal Urbano"},"image":{"@id":"https:\/\/experienciadevida.com.ar\/portalurbano\/#\/schema\/logo\/image\/"},"sameAs":["https:\/\/www.facebook.com\/Portal-Urbano-171542830093757\/","https:\/\/twitter.com\/portalurbanook","https:\/\/www.instagram.com\/_portalurbano\/","https:\/\/www.youtube.com\/channel\/UCXhagIfszH8KxFiOok79zbA?view_as=subscriber"]},{"@type":"Person","@id":"https:\/\/experienciadevida.com.ar\/portalurbano\/#\/schema\/person\/02dd326b1c4b056e9cc972486934a3a7","name":"admpu17wp","image":{"@type":"ImageObject","inLanguage":"es","@id":"https:\/\/experienciadevida.com.ar\/portalurbano\/#\/schema\/person\/image\/","url":"https:\/\/secure.gravatar.com\/avatar\/830d4c57adaae6630765e449a6908047?s=96&d=mm&r=g","contentUrl":"https:\/\/secure.gravatar.com\/avatar\/830d4c57adaae6630765e449a6908047?s=96&d=mm&r=g","caption":"admpu17wp"}}]}},"featured_image_urls":{"full":["https:\/\/experienciadevida.com.ar\/portalurbano\/wp-content\/uploads\/2021\/06\/La-corte-suprema-avalo-el.jpeg",1033,598,false],"thumbnail":["https:\/\/experienciadevida.com.ar\/portalurbano\/wp-content\/uploads\/2021\/06\/La-corte-suprema-avalo-el-150x150.jpeg",150,150,true],"medium":["https:\/\/experienciadevida.com.ar\/portalurbano\/wp-content\/uploads\/2021\/06\/La-corte-suprema-avalo-el-300x174.jpeg",300,174,true],"medium_large":["https:\/\/experienciadevida.com.ar\/portalurbano\/wp-content\/uploads\/2021\/06\/La-corte-suprema-avalo-el-768x445.jpeg",640,371,true],"large":["https:\/\/experienciadevida.com.ar\/portalurbano\/wp-content\/uploads\/2021\/06\/La-corte-suprema-avalo-el-1024x593.jpeg",640,371,true],"ug_big":["https:\/\/experienciadevida.com.ar\/portalurbano\/wp-content\/uploads\/2021\/06\/La-corte-suprema-avalo-el-768x445.jpeg",768,445,true],"1536x1536":["https:\/\/experienciadevida.com.ar\/portalurbano\/wp-content\/uploads\/2021\/06\/La-corte-suprema-avalo-el.jpeg",1033,598,false],"2048x2048":["https:\/\/experienciadevida.com.ar\/portalurbano\/wp-content\/uploads\/2021\/06\/La-corte-suprema-avalo-el.jpeg",1033,598,false],"newsever-slider-full":["https:\/\/experienciadevida.com.ar\/portalurbano\/wp-content\/uploads\/2021\/06\/La-corte-suprema-avalo-el.jpeg",1033,598,false],"newsever-featured":["https:\/\/experienciadevida.com.ar\/portalurbano\/wp-content\/uploads\/2021\/06\/La-corte-suprema-avalo-el.jpeg",1024,593,false],"newsever-medium":["https:\/\/experienciadevida.com.ar\/portalurbano\/wp-content\/uploads\/2021\/06\/La-corte-suprema-avalo-el.jpeg",720,417,false],"web-stories-poster-portrait":["https:\/\/experienciadevida.com.ar\/portalurbano\/wp-content\/uploads\/2021\/06\/La-corte-suprema-avalo-el.jpeg",640,370,false],"web-stories-publisher-logo":["https:\/\/experienciadevida.com.ar\/portalurbano\/wp-content\/uploads\/2021\/06\/La-corte-suprema-avalo-el.jpeg",96,56,false],"web-stories-thumbnail":["https:\/\/experienciadevida.com.ar\/portalurbano\/wp-content\/uploads\/2021\/06\/La-corte-suprema-avalo-el.jpeg",150,87,false]},"author_info":{"display_name":"admpu17wp","author_link":"https:\/\/experienciadevida.com.ar\/portalurbano\/author\/admpu17wp\/"},"category_info":"<a href=\"https:\/\/experienciadevida.com.ar\/portalurbano\/category\/ciudad\/\" rel=\"category tag\">Ciudad<\/a> <a href=\"https:\/\/experienciadevida.com.ar\/portalurbano\/category\/destacadas-2\/\" rel=\"category tag\">Destacadas 2<\/a>","tag_info":"Destacadas 2","comment_count":"0","amp_enabled":true,"_links":{"self":[{"href":"https:\/\/experienciadevida.com.ar\/portalurbano\/wp-json\/wp\/v2\/posts\/144640"}],"collection":[{"href":"https:\/\/experienciadevida.com.ar\/portalurbano\/wp-json\/wp\/v2\/posts"}],"about":[{"href":"https:\/\/experienciadevida.com.ar\/portalurbano\/wp-json\/wp\/v2\/types\/post"}],"author":[{"embeddable":true,"href":"https:\/\/experienciadevida.com.ar\/portalurbano\/wp-json\/wp\/v2\/users\/1"}],"replies":[{"embeddable":true,"href":"https:\/\/experienciadevida.com.ar\/portalurbano\/wp-json\/wp\/v2\/comments?post=144640"}],"version-history":[{"count":2,"href":"https:\/\/experienciadevida.com.ar\/portalurbano\/wp-json\/wp\/v2\/posts\/144640\/revisions"}],"predecessor-version":[{"id":144643,"href":"https:\/\/experienciadevida.com.ar\/portalurbano\/wp-json\/wp\/v2\/posts\/144640\/revisions\/144643"}],"wp:featuredmedia":[{"embeddable":true,"href":"https:\/\/experienciadevida.com.ar\/portalurbano\/wp-json\/wp\/v2\/media\/144641"}],"wp:attachment":[{"href":"https:\/\/experienciadevida.com.ar\/portalurbano\/wp-json\/wp\/v2\/media?parent=144640"}],"wp:term":[{"taxonomy":"category","embeddable":true,"href":"https:\/\/experienciadevida.com.ar\/portalurbano\/wp-json\/wp\/v2\/categories?post=144640"},{"taxonomy":"post_tag","embeddable":true,"href":"https:\/\/experienciadevida.com.ar\/portalurbano\/wp-json\/wp\/v2\/tags?post=144640"}],"curies":[{"name":"wp","href":"https:\/\/api.w.org\/{rel}","templated":true}]}}