{"id":144610,"date":"2021-06-07T12:09:32","date_gmt":"2021-06-07T15:09:32","guid":{"rendered":"https:\/\/experienciadevida.com.ar\/portalurbano\/?p=144610"},"modified":"2021-06-07T12:12:39","modified_gmt":"2021-06-07T15:12:39","slug":"hay-que-separar-la-paja-del-trigo-hay-un-estado-de-necesidad-pero-tambien-hay-quienes-buscan-usufructuarlo-politicamente","status":"publish","type":"post","link":"https:\/\/experienciadevida.com.ar\/portalurbano\/hay-que-separar-la-paja-del-trigo-hay-un-estado-de-necesidad-pero-tambien-hay-quienes-buscan-usufructuarlo-politicamente\/","title":{"rendered":"&#8220;Hay que separar la paja del trigo: hay un estado de necesidad, pero tambi\u00e9n hay quienes buscan usufructuarlo pol\u00edticamente&#8221;"},"content":{"rendered":"<p>&#8220;Hay que separar la paja del trigo: hay un estado de necesidad, pero tambi\u00e9n hay quienes buscan usufructuarlo pol\u00edticamente&#8221;, as\u00ed lo dijo el Ministro de Desarrollo de la Comunidad de la provincia, Andr\u00e9s Larroque, luego de la reuni\u00f3n que tuvo con el intendente <a href=\"https:\/\/www.facebook.com\/galliezequiel\">Galli<\/a> y el titular del PJ Olavarr\u00eda, Federico Aguilera, por el tema vivienda en general, y Barrio Lourdes en particular.<\/p>\n<p>En otro orden, pese a que indic\u00f3 que la situaci\u00f3n es lejana para la ciudadan\u00eda, respondi\u00f3 acerca de la cuesti\u00f3n pol\u00edtica y electoral: &#8216;la lapicera va a ser m\u00e1s de car\u00e1cter colectivo&#8217;, se\u00f1al\u00f3.<\/p>\n<p>&#8220;La reuni\u00f3n fue muy buena tambi\u00e9n nos acompa\u00f1aron<a href=\"https:\/\/www.facebook.com\/FedericoAguile5\"> Federico Aguilera<\/a>,<a href=\"https:\/\/www.facebook.com\/cesar.valicenti\"> C\u00e9sar Valicenti,<\/a> y todo nuestro equipo en funci\u00f3n de poder resolver una situaci\u00f3n que afecta a la localidad de Olavarr\u00eda que es un problema estructural que tiene la provincia vinculado al h\u00e1bitat a la\u00a0 vivienda, y nos pusimos a disposici\u00f3n para poder aportar las herramientas que tiene el Ministerio en funci\u00f3n de su Subsecretar\u00eda de h\u00e1bitat para encontrar una soluci\u00f3n. El tema del Barrio Lourdes estuvo presente pero siempre enmarcado en lo que nosotros planteamos es un problema m\u00e1s general, creo que en Olavarr\u00eda hoy debe estar en las 2500 familias con problem\u00e1ticas de h\u00e1bitat hay que definir tambi\u00e9n lo que es un d\u00e9ficit habitacional cualitativo de cuantitativo (cuando alguien necesita una mejora o ampliaci\u00f3n habitacional)\u00a0 y el cualitativo (cuando las condiciones hacen imposible o muy dif\u00edcil la posibilidad de que las personas vivan en el lugar donde est\u00e1n), en ese sentido nosotros fuimos analizando diversas variantes para poder resolver en base a asistencias para aquellas personas que tienen d\u00e9ficit cualitativo y tambi\u00e9n pensar\u00a0 en nuevos loteos para poder resolver aquellas personas que la est\u00e1n pasando mal&#8221;.<\/p>\n<p>Por otro lado, &#8220;todo lo que tiene que ver con generar nuevos loteos enmarcado en lo que plante\u00f3 el Gobernador Axel Kicillof el a\u00f1o pasado que tiene que ver con la creaci\u00f3n de la unidad de tierra y vivienda en el marco del gobierno provincial para poder coordinar en el marco del Ministerio de gobierno a cargo de Teresa Garc\u00eda las \u00e1reas que tienen tierra y h\u00e1bitat. Hoy lo que podemos aportar en la disponibilidad es toda la parte t\u00e9cnica y asistencia financiera para que el municipio pueda dar resoluci\u00f3n al problema habitacional que l\u00f3gicamente no es algo de corto plazo s\u00ed se puede empezar a construir pero llevan un tiempo&#8221;. &#8220;Hay que separar la paja del trigo: hay un estado de necesidad, pero tambi\u00e9n hay quienes buscan usufructuarlo pol\u00edticamente&#8221;.<\/p>\n<p>&#8220;Frente a un problema estructural tan complejo que la tiene particularmente la provincia no hay soluciones m\u00e1gicas ni inmediatas entonces frente a la necesidad siempre pueden aparecer los &#8220;p\u00edcaros&#8221; que pretenden hacer una utilizaci\u00f3n pol\u00edtica de un drama social que padece nuestro pa\u00eds\u00a0 y la provincia, por eso siempre las soluciones que se planteaban tienen que ver con poder evaluar el problema general del h\u00e1bitat no solo la situaci\u00f3n conflictiva que se puede generar en Olavarr\u00eda o en cualquier punto de la provincia. Se atiende el conflicto puntual pero en el marco de una soluci\u00f3n general que tiene que ver con atender a todas las personas que tienen esta dificultad\u00a0 \u00a0y por ah\u00ed no fueron parte de un proceso conflictivo&#8221;.<\/p>\n<p>Adem\u00e1s coment\u00f3 &#8220;puede haber una concepci\u00f3n ideol\u00f3gica previa que marque alg\u00fan matiz pero es tan compleja la realidad y contundente que me parece que no sale del posicionamiento ideol\u00f3gico es un tema que hay que trabajar&#8221;. &#8220;Hay que separar la paja del trigo: hay un estado de necesidad, pero tambi\u00e9n hay quienes buscan usufructuarlo pol\u00edticamente&#8221;<\/p>\n<p>&#8220;Hay una ca\u00edda del salario real en Argentina que comenz\u00f3 a partir del 2015 una pendiente descendiente que solamente pudo corregirse al comienzo del Gobierno de Alberto Fern\u00e1ndez y Axel en el caso de la Provincia pero fue transitorio porque cuando comienza la pandemia y se toman las medidas restrictivas se volvi\u00f3 a complejizar la situaci\u00f3n y sigue siendo descendiente los precios siguen aumentando porque hay una cultura en la Argentina que tiene que ver con ganar m\u00e1s a trav\u00e9s del aumento de precios y no el aumento de la producci\u00f3n y es el problema que est\u00e1n encarando. Tenemos que poder encontrar un punto medio que son centrales para la gente&#8221;.<\/p>\n<p>Para finalizar &#8220;en la gesti\u00f3n de gobierno se observa una din\u00e1mica colaborativa&#8221;.<\/p>\n<p>Fuente: Radio Olavarr\u00eda<\/p>\n","protected":false},"excerpt":{"rendered":"<p>&#8220;Hay que separar la paja del trigo: hay un estado de necesidad, pero tambi\u00e9n hay&#8230;<\/p>\n","protected":false},"author":1,"featured_media":144611,"comment_status":"closed","ping_status":"closed","sticky":false,"template":"","format":"standard","meta":{"content-type":""},"categories":[64,43],"tags":[],"nelio_content":{"isAutoShareEnabled":false,"autoShareEndMode":"default","automationSources":{"useContentSentences":true,"useSocialTemplates":true,"useCustomSentences":false,"customSentences":[]},"followers":[1],"suggestedReferences":[],"includedReferences":[],"efiUrl":"","efiAlt":"","highlights":[]},"yoast_head":"<!-- This site is optimized with the Yoast SEO plugin v20.7 - https:\/\/yoast.com\/wordpress\/plugins\/seo\/ -->\n<title>&quot;Hay que separar la paja del trigo: hay un estado de necesidad&quot;<\/title>\n<meta name=\"description\" content=\"&quot;Hay que separar la paja del trigo: hay un estado de necesidad, pero tambi\u00e9n hay quienes buscan usufructuarlo pol\u00edticamente&quot;, lo dijo Ministro\" \/>\n<meta name=\"robots\" content=\"index, follow, max-snippet:-1, max-image-preview:large, max-video-preview:-1\" \/>\n<link rel=\"canonical\" href=\"https:\/\/experienciadevida.com.ar\/portalurbano\/hay-que-separar-la-paja-del-trigo-hay-un-estado-de-necesidad-pero-tambien-hay-quienes-buscan-usufructuarlo-politicamente\/\" \/>\n<meta property=\"og:locale\" content=\"es_ES\" \/>\n<meta property=\"og:type\" content=\"article\" \/>\n<meta property=\"og:title\" content=\"&quot;Hay que separar la paja del trigo: hay un estado de necesidad&quot;\" \/>\n<meta property=\"og:description\" content=\"&quot;Hay que separar la paja del trigo: hay un estado de necesidad, pero tambi\u00e9n hay quienes buscan usufructuarlo pol\u00edticamente&quot;, lo dijo Ministro\" \/>\n<meta property=\"og:url\" content=\"https:\/\/experienciadevida.com.ar\/portalurbano\/hay-que-separar-la-paja-del-trigo-hay-un-estado-de-necesidad-pero-tambien-hay-quienes-buscan-usufructuarlo-politicamente\/\" \/>\n<meta property=\"article:publisher\" content=\"https:\/\/www.facebook.com\/Portal-Urbano-171542830093757\/\" \/>\n<meta property=\"article:published_time\" content=\"2021-06-07T15:09:32+00:00\" \/>\n<meta property=\"article:modified_time\" content=\"2021-06-07T15:12:39+00:00\" \/>\n<meta property=\"og:image\" content=\"https:\/\/experienciadevida.com.ar\/portalurbano\/wp-content\/uploads\/2021\/06\/Hay-que-separar-la-paja.jpg\" \/>\n\t<meta property=\"og:image:width\" content=\"1024\" \/>\n\t<meta property=\"og:image:height\" content=\"683\" \/>\n\t<meta property=\"og:image:type\" content=\"image\/jpeg\" \/>\n<meta name=\"author\" content=\"admpu17wp\" \/>\n<meta name=\"twitter:card\" content=\"summary_large_image\" \/>\n<meta name=\"twitter:creator\" content=\"@portalurbanook\" \/>\n<meta name=\"twitter:site\" content=\"@portalurbanook\" \/>\n<meta name=\"twitter:label1\" content=\"Escrito por\" \/>\n\t<meta name=\"twitter:data1\" content=\"admpu17wp\" \/>\n\t<meta name=\"twitter:label2\" content=\"Tiempo de lectura\" \/>\n\t<meta name=\"twitter:data2\" content=\"4 minutos\" \/>\n<script type=\"application\/ld+json\" class=\"yoast-schema-graph\">{\"@context\":\"https:\/\/schema.org\",\"@graph\":[{\"@type\":\"Article\",\"@id\":\"https:\/\/experienciadevida.com.ar\/portalurbano\/hay-que-separar-la-paja-del-trigo-hay-un-estado-de-necesidad-pero-tambien-hay-quienes-buscan-usufructuarlo-politicamente\/#article\",\"isPartOf\":{\"@id\":\"https:\/\/experienciadevida.com.ar\/portalurbano\/hay-que-separar-la-paja-del-trigo-hay-un-estado-de-necesidad-pero-tambien-hay-quienes-buscan-usufructuarlo-politicamente\/\"},\"author\":{\"name\":\"admpu17wp\",\"@id\":\"https:\/\/experienciadevida.com.ar\/portalurbano\/#\/schema\/person\/02dd326b1c4b056e9cc972486934a3a7\"},\"headline\":\"&#8220;Hay que separar la paja del trigo: hay un estado de necesidad, pero tambi\u00e9n hay quienes buscan usufructuarlo pol\u00edticamente&#8221;\",\"datePublished\":\"2021-06-07T15:09:32+00:00\",\"dateModified\":\"2021-06-07T15:12:39+00:00\",\"mainEntityOfPage\":{\"@id\":\"https:\/\/experienciadevida.com.ar\/portalurbano\/hay-que-separar-la-paja-del-trigo-hay-un-estado-de-necesidad-pero-tambien-hay-quienes-buscan-usufructuarlo-politicamente\/\"},\"wordCount\":805,\"publisher\":{\"@id\":\"https:\/\/experienciadevida.com.ar\/portalurbano\/#organization\"},\"articleSection\":[\"Destacadas 2\",\"Pol\u00edtica\"],\"inLanguage\":\"es\"},{\"@type\":\"WebPage\",\"@id\":\"https:\/\/experienciadevida.com.ar\/portalurbano\/hay-que-separar-la-paja-del-trigo-hay-un-estado-de-necesidad-pero-tambien-hay-quienes-buscan-usufructuarlo-politicamente\/\",\"url\":\"https:\/\/experienciadevida.com.ar\/portalurbano\/hay-que-separar-la-paja-del-trigo-hay-un-estado-de-necesidad-pero-tambien-hay-quienes-buscan-usufructuarlo-politicamente\/\",\"name\":\"\\\"Hay que separar la paja del trigo: hay un estado de necesidad\\\"\",\"isPartOf\":{\"@id\":\"https:\/\/experienciadevida.com.ar\/portalurbano\/#website\"},\"datePublished\":\"2021-06-07T15:09:32+00:00\",\"dateModified\":\"2021-06-07T15:12:39+00:00\",\"description\":\"\\\"Hay que separar la paja del trigo: hay un estado de necesidad, pero tambi\u00e9n hay quienes buscan usufructuarlo pol\u00edticamente\\\", lo dijo Ministro\",\"breadcrumb\":{\"@id\":\"https:\/\/experienciadevida.com.ar\/portalurbano\/hay-que-separar-la-paja-del-trigo-hay-un-estado-de-necesidad-pero-tambien-hay-quienes-buscan-usufructuarlo-politicamente\/#breadcrumb\"},\"inLanguage\":\"es\",\"potentialAction\":[{\"@type\":\"ReadAction\",\"target\":[\"https:\/\/experienciadevida.com.ar\/portalurbano\/hay-que-separar-la-paja-del-trigo-hay-un-estado-de-necesidad-pero-tambien-hay-quienes-buscan-usufructuarlo-politicamente\/\"]}]},{\"@type\":\"BreadcrumbList\",\"@id\":\"https:\/\/experienciadevida.com.ar\/portalurbano\/hay-que-separar-la-paja-del-trigo-hay-un-estado-de-necesidad-pero-tambien-hay-quienes-buscan-usufructuarlo-politicamente\/#breadcrumb\",\"itemListElement\":[{\"@type\":\"ListItem\",\"position\":1,\"name\":\"Portada\",\"item\":\"https:\/\/experienciadevida.com.ar\/portalurbano\/\"},{\"@type\":\"ListItem\",\"position\":2,\"name\":\"\u00abHay que separar la paja del trigo: hay un estado de necesidad, pero tambi\u00e9n hay quienes buscan usufructuarlo pol\u00edticamente\u00bb\"}]},{\"@type\":\"WebSite\",\"@id\":\"https:\/\/experienciadevida.com.ar\/portalurbano\/#website\",\"url\":\"https:\/\/experienciadevida.com.ar\/portalurbano\/\",\"name\":\"\",\"description\":\"\",\"publisher\":{\"@id\":\"https:\/\/experienciadevida.com.ar\/portalurbano\/#organization\"},\"potentialAction\":[{\"@type\":\"SearchAction\",\"target\":{\"@type\":\"EntryPoint\",\"urlTemplate\":\"https:\/\/experienciadevida.com.ar\/portalurbano\/?s={search_term_string}\"},\"query-input\":\"required name=search_term_string\"}],\"inLanguage\":\"es\"},{\"@type\":\"Organization\",\"@id\":\"https:\/\/experienciadevida.com.ar\/portalurbano\/#organization\",\"name\":\"Portal Urbano\",\"url\":\"https:\/\/experienciadevida.com.ar\/portalurbano\/\",\"logo\":{\"@type\":\"ImageObject\",\"inLanguage\":\"es\",\"@id\":\"https:\/\/experienciadevida.com.ar\/portalurbano\/#\/schema\/logo\/image\/\",\"url\":\"https:\/\/experienciadevida.com.ar\/portalurbano\/wp-content\/uploads\/2019\/09\/Logo-Original.png\",\"contentUrl\":\"https:\/\/experienciadevida.com.ar\/portalurbano\/wp-content\/uploads\/2019\/09\/Logo-Original.png\",\"width\":2236,\"height\":1216,\"caption\":\"Portal Urbano\"},\"image\":{\"@id\":\"https:\/\/experienciadevida.com.ar\/portalurbano\/#\/schema\/logo\/image\/\"},\"sameAs\":[\"https:\/\/www.facebook.com\/Portal-Urbano-171542830093757\/\",\"https:\/\/twitter.com\/portalurbanook\",\"https:\/\/www.instagram.com\/_portalurbano\/\",\"https:\/\/www.youtube.com\/channel\/UCXhagIfszH8KxFiOok79zbA?view_as=subscriber\"]},{\"@type\":\"Person\",\"@id\":\"https:\/\/experienciadevida.com.ar\/portalurbano\/#\/schema\/person\/02dd326b1c4b056e9cc972486934a3a7\",\"name\":\"admpu17wp\",\"image\":{\"@type\":\"ImageObject\",\"inLanguage\":\"es\",\"@id\":\"https:\/\/experienciadevida.com.ar\/portalurbano\/#\/schema\/person\/image\/\",\"url\":\"https:\/\/secure.gravatar.com\/avatar\/830d4c57adaae6630765e449a6908047?s=96&d=mm&r=g\",\"contentUrl\":\"https:\/\/secure.gravatar.com\/avatar\/830d4c57adaae6630765e449a6908047?s=96&d=mm&r=g\",\"caption\":\"admpu17wp\"}}]}<\/script>\n<!-- \/ Yoast SEO plugin. -->","yoast_head_json":{"title":"\"Hay que separar la paja del trigo: hay un estado de necesidad\"","description":"\"Hay que separar la paja del trigo: hay un estado de necesidad, pero tambi\u00e9n hay quienes buscan usufructuarlo pol\u00edticamente\", lo dijo Ministro","robots":{"index":"index","follow":"follow","max-snippet":"max-snippet:-1","max-image-preview":"max-image-preview:large","max-video-preview":"max-video-preview:-1"},"canonical":"https:\/\/experienciadevida.com.ar\/portalurbano\/hay-que-separar-la-paja-del-trigo-hay-un-estado-de-necesidad-pero-tambien-hay-quienes-buscan-usufructuarlo-politicamente\/","og_locale":"es_ES","og_type":"article","og_title":"\"Hay que separar la paja del trigo: hay un estado de necesidad\"","og_description":"\"Hay que separar la paja del trigo: hay un estado de necesidad, pero tambi\u00e9n hay quienes buscan usufructuarlo pol\u00edticamente\", lo dijo Ministro","og_url":"https:\/\/experienciadevida.com.ar\/portalurbano\/hay-que-separar-la-paja-del-trigo-hay-un-estado-de-necesidad-pero-tambien-hay-quienes-buscan-usufructuarlo-politicamente\/","article_publisher":"https:\/\/www.facebook.com\/Portal-Urbano-171542830093757\/","article_published_time":"2021-06-07T15:09:32+00:00","article_modified_time":"2021-06-07T15:12:39+00:00","og_image":[{"width":1024,"height":683,"url":"https:\/\/experienciadevida.com.ar\/portalurbano\/wp-content\/uploads\/2021\/06\/Hay-que-separar-la-paja.jpg","type":"image\/jpeg"}],"author":"admpu17wp","twitter_card":"summary_large_image","twitter_creator":"@portalurbanook","twitter_site":"@portalurbanook","twitter_misc":{"Escrito por":"admpu17wp","Tiempo de lectura":"4 minutos"},"schema":{"@context":"https:\/\/schema.org","@graph":[{"@type":"Article","@id":"https:\/\/experienciadevida.com.ar\/portalurbano\/hay-que-separar-la-paja-del-trigo-hay-un-estado-de-necesidad-pero-tambien-hay-quienes-buscan-usufructuarlo-politicamente\/#article","isPartOf":{"@id":"https:\/\/experienciadevida.com.ar\/portalurbano\/hay-que-separar-la-paja-del-trigo-hay-un-estado-de-necesidad-pero-tambien-hay-quienes-buscan-usufructuarlo-politicamente\/"},"author":{"name":"admpu17wp","@id":"https:\/\/experienciadevida.com.ar\/portalurbano\/#\/schema\/person\/02dd326b1c4b056e9cc972486934a3a7"},"headline":"&#8220;Hay que separar la paja del trigo: hay un estado de necesidad, pero tambi\u00e9n hay quienes buscan usufructuarlo pol\u00edticamente&#8221;","datePublished":"2021-06-07T15:09:32+00:00","dateModified":"2021-06-07T15:12:39+00:00","mainEntityOfPage":{"@id":"https:\/\/experienciadevida.com.ar\/portalurbano\/hay-que-separar-la-paja-del-trigo-hay-un-estado-de-necesidad-pero-tambien-hay-quienes-buscan-usufructuarlo-politicamente\/"},"wordCount":805,"publisher":{"@id":"https:\/\/experienciadevida.com.ar\/portalurbano\/#organization"},"articleSection":["Destacadas 2","Pol\u00edtica"],"inLanguage":"es"},{"@type":"WebPage","@id":"https:\/\/experienciadevida.com.ar\/portalurbano\/hay-que-separar-la-paja-del-trigo-hay-un-estado-de-necesidad-pero-tambien-hay-quienes-buscan-usufructuarlo-politicamente\/","url":"https:\/\/experienciadevida.com.ar\/portalurbano\/hay-que-separar-la-paja-del-trigo-hay-un-estado-de-necesidad-pero-tambien-hay-quienes-buscan-usufructuarlo-politicamente\/","name":"\"Hay que separar la paja del trigo: hay un estado de necesidad\"","isPartOf":{"@id":"https:\/\/experienciadevida.com.ar\/portalurbano\/#website"},"datePublished":"2021-06-07T15:09:32+00:00","dateModified":"2021-06-07T15:12:39+00:00","description":"\"Hay que separar la paja del trigo: hay un estado de necesidad, pero tambi\u00e9n hay quienes buscan usufructuarlo pol\u00edticamente\", lo dijo Ministro","breadcrumb":{"@id":"https:\/\/experienciadevida.com.ar\/portalurbano\/hay-que-separar-la-paja-del-trigo-hay-un-estado-de-necesidad-pero-tambien-hay-quienes-buscan-usufructuarlo-politicamente\/#breadcrumb"},"inLanguage":"es","potentialAction":[{"@type":"ReadAction","target":["https:\/\/experienciadevida.com.ar\/portalurbano\/hay-que-separar-la-paja-del-trigo-hay-un-estado-de-necesidad-pero-tambien-hay-quienes-buscan-usufructuarlo-politicamente\/"]}]},{"@type":"BreadcrumbList","@id":"https:\/\/experienciadevida.com.ar\/portalurbano\/hay-que-separar-la-paja-del-trigo-hay-un-estado-de-necesidad-pero-tambien-hay-quienes-buscan-usufructuarlo-politicamente\/#breadcrumb","itemListElement":[{"@type":"ListItem","position":1,"name":"Portada","item":"https:\/\/experienciadevida.com.ar\/portalurbano\/"},{"@type":"ListItem","position":2,"name":"\u00abHay que separar la paja del trigo: hay un estado de necesidad, pero tambi\u00e9n hay quienes buscan usufructuarlo pol\u00edticamente\u00bb"}]},{"@type":"WebSite","@id":"https:\/\/experienciadevida.com.ar\/portalurbano\/#website","url":"https:\/\/experienciadevida.com.ar\/portalurbano\/","name":"","description":"","publisher":{"@id":"https:\/\/experienciadevida.com.ar\/portalurbano\/#organization"},"potentialAction":[{"@type":"SearchAction","target":{"@type":"EntryPoint","urlTemplate":"https:\/\/experienciadevida.com.ar\/portalurbano\/?s={search_term_string}"},"query-input":"required name=search_term_string"}],"inLanguage":"es"},{"@type":"Organization","@id":"https:\/\/experienciadevida.com.ar\/portalurbano\/#organization","name":"Portal Urbano","url":"https:\/\/experienciadevida.com.ar\/portalurbano\/","logo":{"@type":"ImageObject","inLanguage":"es","@id":"https:\/\/experienciadevida.com.ar\/portalurbano\/#\/schema\/logo\/image\/","url":"https:\/\/experienciadevida.com.ar\/portalurbano\/wp-content\/uploads\/2019\/09\/Logo-Original.png","contentUrl":"https:\/\/experienciadevida.com.ar\/portalurbano\/wp-content\/uploads\/2019\/09\/Logo-Original.png","width":2236,"height":1216,"caption":"Portal Urbano"},"image":{"@id":"https:\/\/experienciadevida.com.ar\/portalurbano\/#\/schema\/logo\/image\/"},"sameAs":["https:\/\/www.facebook.com\/Portal-Urbano-171542830093757\/","https:\/\/twitter.com\/portalurbanook","https:\/\/www.instagram.com\/_portalurbano\/","https:\/\/www.youtube.com\/channel\/UCXhagIfszH8KxFiOok79zbA?view_as=subscriber"]},{"@type":"Person","@id":"https:\/\/experienciadevida.com.ar\/portalurbano\/#\/schema\/person\/02dd326b1c4b056e9cc972486934a3a7","name":"admpu17wp","image":{"@type":"ImageObject","inLanguage":"es","@id":"https:\/\/experienciadevida.com.ar\/portalurbano\/#\/schema\/person\/image\/","url":"https:\/\/secure.gravatar.com\/avatar\/830d4c57adaae6630765e449a6908047?s=96&d=mm&r=g","contentUrl":"https:\/\/secure.gravatar.com\/avatar\/830d4c57adaae6630765e449a6908047?s=96&d=mm&r=g","caption":"admpu17wp"}}]}},"featured_image_urls":{"full":["https:\/\/experienciadevida.com.ar\/portalurbano\/wp-content\/uploads\/2021\/06\/Hay-que-separar-la-paja.jpg",1024,683,false],"thumbnail":["https:\/\/experienciadevida.com.ar\/portalurbano\/wp-content\/uploads\/2021\/06\/Hay-que-separar-la-paja-150x150.jpg",150,150,true],"medium":["https:\/\/experienciadevida.com.ar\/portalurbano\/wp-content\/uploads\/2021\/06\/Hay-que-separar-la-paja-300x200.jpg",300,200,true],"medium_large":["https:\/\/experienciadevida.com.ar\/portalurbano\/wp-content\/uploads\/2021\/06\/Hay-que-separar-la-paja-768x512.jpg",640,427,true],"large":["https:\/\/experienciadevida.com.ar\/portalurbano\/wp-content\/uploads\/2021\/06\/Hay-que-separar-la-paja.jpg",640,427,false],"ug_big":["https:\/\/experienciadevida.com.ar\/portalurbano\/wp-content\/uploads\/2021\/06\/Hay-que-separar-la-paja-768x512.jpg",768,512,true],"1536x1536":["https:\/\/experienciadevida.com.ar\/portalurbano\/wp-content\/uploads\/2021\/06\/Hay-que-separar-la-paja.jpg",1024,683,false],"2048x2048":["https:\/\/experienciadevida.com.ar\/portalurbano\/wp-content\/uploads\/2021\/06\/Hay-que-separar-la-paja.jpg",1024,683,false],"newsever-slider-full":["https:\/\/experienciadevida.com.ar\/portalurbano\/wp-content\/uploads\/2021\/06\/Hay-que-separar-la-paja.jpg",1024,683,false],"newsever-featured":["https:\/\/experienciadevida.com.ar\/portalurbano\/wp-content\/uploads\/2021\/06\/Hay-que-separar-la-paja.jpg",1024,683,false],"newsever-medium":["https:\/\/experienciadevida.com.ar\/portalurbano\/wp-content\/uploads\/2021\/06\/Hay-que-separar-la-paja.jpg",712,475,false],"web-stories-poster-portrait":["https:\/\/experienciadevida.com.ar\/portalurbano\/wp-content\/uploads\/2021\/06\/Hay-que-separar-la-paja.jpg",640,427,false],"web-stories-publisher-logo":["https:\/\/experienciadevida.com.ar\/portalurbano\/wp-content\/uploads\/2021\/06\/Hay-que-separar-la-paja.jpg",96,64,false],"web-stories-thumbnail":["https:\/\/experienciadevida.com.ar\/portalurbano\/wp-content\/uploads\/2021\/06\/Hay-que-separar-la-paja.jpg",150,100,false]},"author_info":{"display_name":"admpu17wp","author_link":"https:\/\/experienciadevida.com.ar\/portalurbano\/author\/admpu17wp\/"},"category_info":"<a href=\"https:\/\/experienciadevida.com.ar\/portalurbano\/category\/destacadas-2\/\" rel=\"category tag\">Destacadas 2<\/a> <a href=\"https:\/\/experienciadevida.com.ar\/portalurbano\/category\/politica\/\" rel=\"category tag\">Pol\u00edtica<\/a>","tag_info":"Pol\u00edtica","comment_count":"0","amp_enabled":true,"_links":{"self":[{"href":"https:\/\/experienciadevida.com.ar\/portalurbano\/wp-json\/wp\/v2\/posts\/144610"}],"collection":[{"href":"https:\/\/experienciadevida.com.ar\/portalurbano\/wp-json\/wp\/v2\/posts"}],"about":[{"href":"https:\/\/experienciadevida.com.ar\/portalurbano\/wp-json\/wp\/v2\/types\/post"}],"author":[{"embeddable":true,"href":"https:\/\/experienciadevida.com.ar\/portalurbano\/wp-json\/wp\/v2\/users\/1"}],"replies":[{"embeddable":true,"href":"https:\/\/experienciadevida.com.ar\/portalurbano\/wp-json\/wp\/v2\/comments?post=144610"}],"version-history":[{"count":3,"href":"https:\/\/experienciadevida.com.ar\/portalurbano\/wp-json\/wp\/v2\/posts\/144610\/revisions"}],"predecessor-version":[{"id":144614,"href":"https:\/\/experienciadevida.com.ar\/portalurbano\/wp-json\/wp\/v2\/posts\/144610\/revisions\/144614"}],"wp:featuredmedia":[{"embeddable":true,"href":"https:\/\/experienciadevida.com.ar\/portalurbano\/wp-json\/wp\/v2\/media\/144611"}],"wp:attachment":[{"href":"https:\/\/experienciadevida.com.ar\/portalurbano\/wp-json\/wp\/v2\/media?parent=144610"}],"wp:term":[{"taxonomy":"category","embeddable":true,"href":"https:\/\/experienciadevida.com.ar\/portalurbano\/wp-json\/wp\/v2\/categories?post=144610"},{"taxonomy":"post_tag","embeddable":true,"href":"https:\/\/experienciadevida.com.ar\/portalurbano\/wp-json\/wp\/v2\/tags?post=144610"}],"curies":[{"name":"wp","href":"https:\/\/api.w.org\/{rel}","templated":true}]}}