{"id":144605,"date":"2021-06-07T11:36:10","date_gmt":"2021-06-07T14:36:10","guid":{"rendered":"https:\/\/experienciadevida.com.ar\/portalurbano\/?p=144605"},"modified":"2021-06-07T11:38:19","modified_gmt":"2021-06-07T14:38:19","slug":"politicas-de-genero-contrato-una-persona-del-colectivo-trans-para-el-area-de-diversidad","status":"publish","type":"post","link":"https:\/\/experienciadevida.com.ar\/portalurbano\/politicas-de-genero-contrato-una-persona-del-colectivo-trans-para-el-area-de-diversidad\/","title":{"rendered":"Pol\u00edticas de G\u00e9nero contrat\u00f3 una persona del colectivo trans para el \u00e1rea de diversidad"},"content":{"rendered":"<p>Pol\u00edticas de G\u00e9nero contrat\u00f3 una persona del colectivo trans para el \u00e1rea de diversidad, el Municipio de Olavarr\u00eda a trav\u00e9s de la Direcci\u00f3n de Pol\u00edticas de G\u00e9nero, informa que efectu\u00f3 la contrataci\u00f3n de una persona del colectivo trans travesti para desarrollar tareas en el \u00e1rea de Diversidad del mencionado organismo.<\/p>\n<p>Se trata de La Chicho T\u00e9rez, destacada personalidad en el \u00e1mbito local en materia de diversidad, no s\u00f3lo en el plano de la militancia social, sino con amplio recorrido art\u00edstico y cultural.<\/p>\n<p>Su incorporaci\u00f3n, responde a una necesidad de fortalecer el \u00e1rea mencionada, en vistas a planificar l\u00edneas de acci\u00f3n en materia de diversidad, a nivel promoci\u00f3n, capacitaci\u00f3n, y despliegue de estrategias territoriales, de la mano de la Mesa Intersectorial de Diversidad con la que ya se viene trabajando sostenidamente.<\/p>\n<p>Pol\u00edticas de g\u00e9nero contrat\u00f3 una persona del colectivo trans para el \u00e1rea de diversidad, a su vez, la contrataci\u00f3n se enmarca en la decisi\u00f3n pol\u00edtica de cumplir con la Ordenanza de Cupo Laboral Trans que establece como m\u00ednimo, que se ocupe al 1% del plantel municipal total con integrantes del colectivo, y es el puntapi\u00e9 inicial para seguir avanzado en estrategias de acci\u00f3n a nivel interno e interinstitucional.<\/p>\n<p>\u201cEsta decisi\u00f3n tiene que ver con el compromiso de la Direcci\u00f3n de Pol\u00edticas de G\u00e9nero de garantizar los derechos de las personas del colectivo, que hist\u00f3ricamente han sufrido la vulneraci\u00f3n de sus derechos fundamentales, y el acceso a espacios de trabajo formal es uno de ellos\u201d, sostuvo Directora del organismo, Florencia Ju\u00e1rez.<\/p>\n<p>Con respecto al desarrollo de sus funciones y la implicancia en el equipo de trabajo, sostuvo que \u201cla idea es optimizar la atenci\u00f3n y acompa\u00f1amiento hacia el colectivo trans travesti mediante la conformaci\u00f3n de equipos de trabajo que puedan acompa\u00f1ar y contener de manera integral sus demandas y necesidades, no s\u00f3lo en t\u00e9rminos de abordaje de problem\u00e1ticas, sino en pr\u00e1cticas de la cotidianidad que les dificultan el acceso al mercado laboral o a otros derechos (carga burocr\u00e1tica, gesti\u00f3n administrativa, etc.), y de esta manera, facilitarles el camino en el circuito de atenci\u00f3n estatal. As\u00ed que la llegada de La Chicho es un gran avance, y nos llena de satisfacci\u00f3n contar con ella en nuestro equipo, tanto en t\u00e9rminos profesionales como personales\u201d, concluy\u00f3 la directora.<\/p>\n","protected":false},"excerpt":{"rendered":"<p>Pol\u00edticas de G\u00e9nero contrat\u00f3 una persona del colectivo trans para el \u00e1rea de diversidad, el&#8230;<\/p>\n","protected":false},"author":1,"featured_media":144606,"comment_status":"closed","ping_status":"closed","sticky":false,"template":"","format":"standard","meta":{"content-type":""},"categories":[27,64],"tags":[],"nelio_content":{"isAutoShareEnabled":false,"autoShareEndMode":"default","automationSources":{"useContentSentences":true,"useSocialTemplates":true,"useCustomSentences":false,"customSentences":[]},"followers":[1],"suggestedReferences":[],"includedReferences":[],"efiUrl":"","efiAlt":"","highlights":[]},"yoast_head":"<!-- This site is optimized with the Yoast SEO plugin v20.7 - https:\/\/yoast.com\/wordpress\/plugins\/seo\/ -->\n<title>Pol\u00edticas de g\u00e9nero contrat\u00f3 a una persona del colectivo trans<\/title>\n<meta name=\"description\" content=\"Pol\u00edticas de G\u00e9nero contrat\u00f3 una persona del colectivo trans para el \u00e1rea de diversidad, el Municipio de Olavarr\u00eda a trav\u00e9s de la Direcci\u00f3n\" \/>\n<meta name=\"robots\" content=\"index, follow, max-snippet:-1, max-image-preview:large, max-video-preview:-1\" \/>\n<link rel=\"canonical\" href=\"https:\/\/experienciadevida.com.ar\/portalurbano\/politicas-de-genero-contrato-una-persona-del-colectivo-trans-para-el-area-de-diversidad\/\" \/>\n<meta property=\"og:locale\" content=\"es_ES\" \/>\n<meta property=\"og:type\" content=\"article\" \/>\n<meta property=\"og:title\" content=\"Pol\u00edticas de g\u00e9nero contrat\u00f3 a una persona del colectivo trans\" \/>\n<meta property=\"og:description\" content=\"Pol\u00edticas de G\u00e9nero contrat\u00f3 una persona del colectivo trans para el \u00e1rea de diversidad, el Municipio de Olavarr\u00eda a trav\u00e9s de la Direcci\u00f3n\" \/>\n<meta property=\"og:url\" content=\"https:\/\/experienciadevida.com.ar\/portalurbano\/politicas-de-genero-contrato-una-persona-del-colectivo-trans-para-el-area-de-diversidad\/\" \/>\n<meta property=\"article:publisher\" content=\"https:\/\/www.facebook.com\/Portal-Urbano-171542830093757\/\" \/>\n<meta property=\"article:published_time\" content=\"2021-06-07T14:36:10+00:00\" \/>\n<meta property=\"article:modified_time\" content=\"2021-06-07T14:38:19+00:00\" \/>\n<meta property=\"og:image\" content=\"https:\/\/experienciadevida.com.ar\/portalurbano\/wp-content\/uploads\/2021\/06\/Politicas-de-Genero-contrato-una-e1623076559577.jpg\" \/>\n\t<meta property=\"og:image:width\" content=\"765\" \/>\n\t<meta property=\"og:image:height\" content=\"511\" \/>\n\t<meta property=\"og:image:type\" content=\"image\/jpeg\" \/>\n<meta name=\"author\" content=\"admpu17wp\" \/>\n<meta name=\"twitter:card\" content=\"summary_large_image\" \/>\n<meta name=\"twitter:creator\" content=\"@portalurbanook\" \/>\n<meta name=\"twitter:site\" content=\"@portalurbanook\" \/>\n<meta name=\"twitter:label1\" content=\"Escrito por\" \/>\n\t<meta name=\"twitter:data1\" content=\"admpu17wp\" \/>\n\t<meta name=\"twitter:label2\" content=\"Tiempo de lectura\" \/>\n\t<meta name=\"twitter:data2\" content=\"2 minutos\" \/>\n<script type=\"application\/ld+json\" class=\"yoast-schema-graph\">{\"@context\":\"https:\/\/schema.org\",\"@graph\":[{\"@type\":\"Article\",\"@id\":\"https:\/\/experienciadevida.com.ar\/portalurbano\/politicas-de-genero-contrato-una-persona-del-colectivo-trans-para-el-area-de-diversidad\/#article\",\"isPartOf\":{\"@id\":\"https:\/\/experienciadevida.com.ar\/portalurbano\/politicas-de-genero-contrato-una-persona-del-colectivo-trans-para-el-area-de-diversidad\/\"},\"author\":{\"name\":\"admpu17wp\",\"@id\":\"https:\/\/experienciadevida.com.ar\/portalurbano\/#\/schema\/person\/02dd326b1c4b056e9cc972486934a3a7\"},\"headline\":\"Pol\u00edticas de G\u00e9nero contrat\u00f3 una persona del colectivo trans para el \u00e1rea de diversidad\",\"datePublished\":\"2021-06-07T14:36:10+00:00\",\"dateModified\":\"2021-06-07T14:38:19+00:00\",\"mainEntityOfPage\":{\"@id\":\"https:\/\/experienciadevida.com.ar\/portalurbano\/politicas-de-genero-contrato-una-persona-del-colectivo-trans-para-el-area-de-diversidad\/\"},\"wordCount\":432,\"publisher\":{\"@id\":\"https:\/\/experienciadevida.com.ar\/portalurbano\/#organization\"},\"articleSection\":[\"Ciudad\",\"Destacadas 2\"],\"inLanguage\":\"es\"},{\"@type\":\"WebPage\",\"@id\":\"https:\/\/experienciadevida.com.ar\/portalurbano\/politicas-de-genero-contrato-una-persona-del-colectivo-trans-para-el-area-de-diversidad\/\",\"url\":\"https:\/\/experienciadevida.com.ar\/portalurbano\/politicas-de-genero-contrato-una-persona-del-colectivo-trans-para-el-area-de-diversidad\/\",\"name\":\"Pol\u00edticas de g\u00e9nero contrat\u00f3 a una persona del colectivo trans\",\"isPartOf\":{\"@id\":\"https:\/\/experienciadevida.com.ar\/portalurbano\/#website\"},\"datePublished\":\"2021-06-07T14:36:10+00:00\",\"dateModified\":\"2021-06-07T14:38:19+00:00\",\"description\":\"Pol\u00edticas de G\u00e9nero contrat\u00f3 una persona del colectivo trans para el \u00e1rea de diversidad, el Municipio de Olavarr\u00eda a trav\u00e9s de la Direcci\u00f3n\",\"breadcrumb\":{\"@id\":\"https:\/\/experienciadevida.com.ar\/portalurbano\/politicas-de-genero-contrato-una-persona-del-colectivo-trans-para-el-area-de-diversidad\/#breadcrumb\"},\"inLanguage\":\"es\",\"potentialAction\":[{\"@type\":\"ReadAction\",\"target\":[\"https:\/\/experienciadevida.com.ar\/portalurbano\/politicas-de-genero-contrato-una-persona-del-colectivo-trans-para-el-area-de-diversidad\/\"]}]},{\"@type\":\"BreadcrumbList\",\"@id\":\"https:\/\/experienciadevida.com.ar\/portalurbano\/politicas-de-genero-contrato-una-persona-del-colectivo-trans-para-el-area-de-diversidad\/#breadcrumb\",\"itemListElement\":[{\"@type\":\"ListItem\",\"position\":1,\"name\":\"Portada\",\"item\":\"https:\/\/experienciadevida.com.ar\/portalurbano\/\"},{\"@type\":\"ListItem\",\"position\":2,\"name\":\"Pol\u00edticas de G\u00e9nero contrat\u00f3 una persona del colectivo trans para el \u00e1rea de diversidad\"}]},{\"@type\":\"WebSite\",\"@id\":\"https:\/\/experienciadevida.com.ar\/portalurbano\/#website\",\"url\":\"https:\/\/experienciadevida.com.ar\/portalurbano\/\",\"name\":\"\",\"description\":\"\",\"publisher\":{\"@id\":\"https:\/\/experienciadevida.com.ar\/portalurbano\/#organization\"},\"potentialAction\":[{\"@type\":\"SearchAction\",\"target\":{\"@type\":\"EntryPoint\",\"urlTemplate\":\"https:\/\/experienciadevida.com.ar\/portalurbano\/?s={search_term_string}\"},\"query-input\":\"required name=search_term_string\"}],\"inLanguage\":\"es\"},{\"@type\":\"Organization\",\"@id\":\"https:\/\/experienciadevida.com.ar\/portalurbano\/#organization\",\"name\":\"Portal Urbano\",\"url\":\"https:\/\/experienciadevida.com.ar\/portalurbano\/\",\"logo\":{\"@type\":\"ImageObject\",\"inLanguage\":\"es\",\"@id\":\"https:\/\/experienciadevida.com.ar\/portalurbano\/#\/schema\/logo\/image\/\",\"url\":\"https:\/\/experienciadevida.com.ar\/portalurbano\/wp-content\/uploads\/2019\/09\/Logo-Original.png\",\"contentUrl\":\"https:\/\/experienciadevida.com.ar\/portalurbano\/wp-content\/uploads\/2019\/09\/Logo-Original.png\",\"width\":2236,\"height\":1216,\"caption\":\"Portal Urbano\"},\"image\":{\"@id\":\"https:\/\/experienciadevida.com.ar\/portalurbano\/#\/schema\/logo\/image\/\"},\"sameAs\":[\"https:\/\/www.facebook.com\/Portal-Urbano-171542830093757\/\",\"https:\/\/twitter.com\/portalurbanook\",\"https:\/\/www.instagram.com\/_portalurbano\/\",\"https:\/\/www.youtube.com\/channel\/UCXhagIfszH8KxFiOok79zbA?view_as=subscriber\"]},{\"@type\":\"Person\",\"@id\":\"https:\/\/experienciadevida.com.ar\/portalurbano\/#\/schema\/person\/02dd326b1c4b056e9cc972486934a3a7\",\"name\":\"admpu17wp\",\"image\":{\"@type\":\"ImageObject\",\"inLanguage\":\"es\",\"@id\":\"https:\/\/experienciadevida.com.ar\/portalurbano\/#\/schema\/person\/image\/\",\"url\":\"https:\/\/secure.gravatar.com\/avatar\/830d4c57adaae6630765e449a6908047?s=96&d=mm&r=g\",\"contentUrl\":\"https:\/\/secure.gravatar.com\/avatar\/830d4c57adaae6630765e449a6908047?s=96&d=mm&r=g\",\"caption\":\"admpu17wp\"}}]}<\/script>\n<!-- \/ Yoast SEO plugin. -->","yoast_head_json":{"title":"Pol\u00edticas de g\u00e9nero contrat\u00f3 a una persona del colectivo trans","description":"Pol\u00edticas de G\u00e9nero contrat\u00f3 una persona del colectivo trans para el \u00e1rea de diversidad, el Municipio de Olavarr\u00eda a trav\u00e9s de la Direcci\u00f3n","robots":{"index":"index","follow":"follow","max-snippet":"max-snippet:-1","max-image-preview":"max-image-preview:large","max-video-preview":"max-video-preview:-1"},"canonical":"https:\/\/experienciadevida.com.ar\/portalurbano\/politicas-de-genero-contrato-una-persona-del-colectivo-trans-para-el-area-de-diversidad\/","og_locale":"es_ES","og_type":"article","og_title":"Pol\u00edticas de g\u00e9nero contrat\u00f3 a una persona del colectivo trans","og_description":"Pol\u00edticas de G\u00e9nero contrat\u00f3 una persona del colectivo trans para el \u00e1rea de diversidad, el Municipio de Olavarr\u00eda a trav\u00e9s de la Direcci\u00f3n","og_url":"https:\/\/experienciadevida.com.ar\/portalurbano\/politicas-de-genero-contrato-una-persona-del-colectivo-trans-para-el-area-de-diversidad\/","article_publisher":"https:\/\/www.facebook.com\/Portal-Urbano-171542830093757\/","article_published_time":"2021-06-07T14:36:10+00:00","article_modified_time":"2021-06-07T14:38:19+00:00","og_image":[{"width":765,"height":511,"url":"https:\/\/experienciadevida.com.ar\/portalurbano\/wp-content\/uploads\/2021\/06\/Politicas-de-Genero-contrato-una-e1623076559577.jpg","type":"image\/jpeg"}],"author":"admpu17wp","twitter_card":"summary_large_image","twitter_creator":"@portalurbanook","twitter_site":"@portalurbanook","twitter_misc":{"Escrito por":"admpu17wp","Tiempo de lectura":"2 minutos"},"schema":{"@context":"https:\/\/schema.org","@graph":[{"@type":"Article","@id":"https:\/\/experienciadevida.com.ar\/portalurbano\/politicas-de-genero-contrato-una-persona-del-colectivo-trans-para-el-area-de-diversidad\/#article","isPartOf":{"@id":"https:\/\/experienciadevida.com.ar\/portalurbano\/politicas-de-genero-contrato-una-persona-del-colectivo-trans-para-el-area-de-diversidad\/"},"author":{"name":"admpu17wp","@id":"https:\/\/experienciadevida.com.ar\/portalurbano\/#\/schema\/person\/02dd326b1c4b056e9cc972486934a3a7"},"headline":"Pol\u00edticas de G\u00e9nero contrat\u00f3 una persona del colectivo trans para el \u00e1rea de diversidad","datePublished":"2021-06-07T14:36:10+00:00","dateModified":"2021-06-07T14:38:19+00:00","mainEntityOfPage":{"@id":"https:\/\/experienciadevida.com.ar\/portalurbano\/politicas-de-genero-contrato-una-persona-del-colectivo-trans-para-el-area-de-diversidad\/"},"wordCount":432,"publisher":{"@id":"https:\/\/experienciadevida.com.ar\/portalurbano\/#organization"},"articleSection":["Ciudad","Destacadas 2"],"inLanguage":"es"},{"@type":"WebPage","@id":"https:\/\/experienciadevida.com.ar\/portalurbano\/politicas-de-genero-contrato-una-persona-del-colectivo-trans-para-el-area-de-diversidad\/","url":"https:\/\/experienciadevida.com.ar\/portalurbano\/politicas-de-genero-contrato-una-persona-del-colectivo-trans-para-el-area-de-diversidad\/","name":"Pol\u00edticas de g\u00e9nero contrat\u00f3 a una persona del colectivo trans","isPartOf":{"@id":"https:\/\/experienciadevida.com.ar\/portalurbano\/#website"},"datePublished":"2021-06-07T14:36:10+00:00","dateModified":"2021-06-07T14:38:19+00:00","description":"Pol\u00edticas de G\u00e9nero contrat\u00f3 una persona del colectivo trans para el \u00e1rea de diversidad, el Municipio de Olavarr\u00eda a trav\u00e9s de la Direcci\u00f3n","breadcrumb":{"@id":"https:\/\/experienciadevida.com.ar\/portalurbano\/politicas-de-genero-contrato-una-persona-del-colectivo-trans-para-el-area-de-diversidad\/#breadcrumb"},"inLanguage":"es","potentialAction":[{"@type":"ReadAction","target":["https:\/\/experienciadevida.com.ar\/portalurbano\/politicas-de-genero-contrato-una-persona-del-colectivo-trans-para-el-area-de-diversidad\/"]}]},{"@type":"BreadcrumbList","@id":"https:\/\/experienciadevida.com.ar\/portalurbano\/politicas-de-genero-contrato-una-persona-del-colectivo-trans-para-el-area-de-diversidad\/#breadcrumb","itemListElement":[{"@type":"ListItem","position":1,"name":"Portada","item":"https:\/\/experienciadevida.com.ar\/portalurbano\/"},{"@type":"ListItem","position":2,"name":"Pol\u00edticas de G\u00e9nero contrat\u00f3 una persona del colectivo trans para el \u00e1rea de diversidad"}]},{"@type":"WebSite","@id":"https:\/\/experienciadevida.com.ar\/portalurbano\/#website","url":"https:\/\/experienciadevida.com.ar\/portalurbano\/","name":"","description":"","publisher":{"@id":"https:\/\/experienciadevida.com.ar\/portalurbano\/#organization"},"potentialAction":[{"@type":"SearchAction","target":{"@type":"EntryPoint","urlTemplate":"https:\/\/experienciadevida.com.ar\/portalurbano\/?s={search_term_string}"},"query-input":"required name=search_term_string"}],"inLanguage":"es"},{"@type":"Organization","@id":"https:\/\/experienciadevida.com.ar\/portalurbano\/#organization","name":"Portal Urbano","url":"https:\/\/experienciadevida.com.ar\/portalurbano\/","logo":{"@type":"ImageObject","inLanguage":"es","@id":"https:\/\/experienciadevida.com.ar\/portalurbano\/#\/schema\/logo\/image\/","url":"https:\/\/experienciadevida.com.ar\/portalurbano\/wp-content\/uploads\/2019\/09\/Logo-Original.png","contentUrl":"https:\/\/experienciadevida.com.ar\/portalurbano\/wp-content\/uploads\/2019\/09\/Logo-Original.png","width":2236,"height":1216,"caption":"Portal Urbano"},"image":{"@id":"https:\/\/experienciadevida.com.ar\/portalurbano\/#\/schema\/logo\/image\/"},"sameAs":["https:\/\/www.facebook.com\/Portal-Urbano-171542830093757\/","https:\/\/twitter.com\/portalurbanook","https:\/\/www.instagram.com\/_portalurbano\/","https:\/\/www.youtube.com\/channel\/UCXhagIfszH8KxFiOok79zbA?view_as=subscriber"]},{"@type":"Person","@id":"https:\/\/experienciadevida.com.ar\/portalurbano\/#\/schema\/person\/02dd326b1c4b056e9cc972486934a3a7","name":"admpu17wp","image":{"@type":"ImageObject","inLanguage":"es","@id":"https:\/\/experienciadevida.com.ar\/portalurbano\/#\/schema\/person\/image\/","url":"https:\/\/secure.gravatar.com\/avatar\/830d4c57adaae6630765e449a6908047?s=96&d=mm&r=g","contentUrl":"https:\/\/secure.gravatar.com\/avatar\/830d4c57adaae6630765e449a6908047?s=96&d=mm&r=g","caption":"admpu17wp"}}]}},"featured_image_urls":{"full":["https:\/\/experienciadevida.com.ar\/portalurbano\/wp-content\/uploads\/2021\/06\/Politicas-de-Genero-contrato-una-e1623076559577.jpg",765,511,false],"thumbnail":["https:\/\/experienciadevida.com.ar\/portalurbano\/wp-content\/uploads\/2021\/06\/Politicas-de-Genero-contrato-una-150x150.jpg",150,150,true],"medium":["https:\/\/experienciadevida.com.ar\/portalurbano\/wp-content\/uploads\/2021\/06\/Politicas-de-Genero-contrato-una-300x201.jpg",300,201,true],"medium_large":["https:\/\/experienciadevida.com.ar\/portalurbano\/wp-content\/uploads\/2021\/06\/Politicas-de-Genero-contrato-una-768x513.jpg",640,428,true],"large":["https:\/\/experienciadevida.com.ar\/portalurbano\/wp-content\/uploads\/2021\/06\/Politicas-de-Genero-contrato-una-1024x684.jpg",640,428,true],"ug_big":["https:\/\/experienciadevida.com.ar\/portalurbano\/wp-content\/uploads\/2021\/06\/Politicas-de-Genero-contrato-una-768x513.jpg",768,513,true],"1536x1536":["https:\/\/experienciadevida.com.ar\/portalurbano\/wp-content\/uploads\/2021\/06\/Politicas-de-Genero-contrato-una-1536x1027.jpg",1536,1027,true],"2048x2048":["https:\/\/experienciadevida.com.ar\/portalurbano\/wp-content\/uploads\/2021\/06\/Politicas-de-Genero-contrato-una-2048x1369.jpg",2048,1369,true],"newsever-slider-full":["https:\/\/experienciadevida.com.ar\/portalurbano\/wp-content\/uploads\/2021\/06\/Politicas-de-Genero-contrato-una-e1623076559577.jpg",765,511,false],"newsever-featured":["https:\/\/experienciadevida.com.ar\/portalurbano\/wp-content\/uploads\/2021\/06\/Politicas-de-Genero-contrato-una-e1623076559577.jpg",765,511,false],"newsever-medium":["https:\/\/experienciadevida.com.ar\/portalurbano\/wp-content\/uploads\/2021\/06\/Politicas-de-Genero-contrato-una-e1623076559577.jpg",711,475,false],"web-stories-poster-portrait":["https:\/\/experienciadevida.com.ar\/portalurbano\/wp-content\/uploads\/2021\/06\/Politicas-de-Genero-contrato-una-e1623076559577.jpg",640,428,false],"web-stories-publisher-logo":["https:\/\/experienciadevida.com.ar\/portalurbano\/wp-content\/uploads\/2021\/06\/Politicas-de-Genero-contrato-una-e1623076559577.jpg",96,64,false],"web-stories-thumbnail":["https:\/\/experienciadevida.com.ar\/portalurbano\/wp-content\/uploads\/2021\/06\/Politicas-de-Genero-contrato-una-e1623076559577.jpg",150,100,false]},"author_info":{"display_name":"admpu17wp","author_link":"https:\/\/experienciadevida.com.ar\/portalurbano\/author\/admpu17wp\/"},"category_info":"<a href=\"https:\/\/experienciadevida.com.ar\/portalurbano\/category\/ciudad\/\" rel=\"category tag\">Ciudad<\/a> <a href=\"https:\/\/experienciadevida.com.ar\/portalurbano\/category\/destacadas-2\/\" rel=\"category tag\">Destacadas 2<\/a>","tag_info":"Destacadas 2","comment_count":"0","amp_enabled":true,"_links":{"self":[{"href":"https:\/\/experienciadevida.com.ar\/portalurbano\/wp-json\/wp\/v2\/posts\/144605"}],"collection":[{"href":"https:\/\/experienciadevida.com.ar\/portalurbano\/wp-json\/wp\/v2\/posts"}],"about":[{"href":"https:\/\/experienciadevida.com.ar\/portalurbano\/wp-json\/wp\/v2\/types\/post"}],"author":[{"embeddable":true,"href":"https:\/\/experienciadevida.com.ar\/portalurbano\/wp-json\/wp\/v2\/users\/1"}],"replies":[{"embeddable":true,"href":"https:\/\/experienciadevida.com.ar\/portalurbano\/wp-json\/wp\/v2\/comments?post=144605"}],"version-history":[{"count":3,"href":"https:\/\/experienciadevida.com.ar\/portalurbano\/wp-json\/wp\/v2\/posts\/144605\/revisions"}],"predecessor-version":[{"id":144609,"href":"https:\/\/experienciadevida.com.ar\/portalurbano\/wp-json\/wp\/v2\/posts\/144605\/revisions\/144609"}],"wp:featuredmedia":[{"embeddable":true,"href":"https:\/\/experienciadevida.com.ar\/portalurbano\/wp-json\/wp\/v2\/media\/144606"}],"wp:attachment":[{"href":"https:\/\/experienciadevida.com.ar\/portalurbano\/wp-json\/wp\/v2\/media?parent=144605"}],"wp:term":[{"taxonomy":"category","embeddable":true,"href":"https:\/\/experienciadevida.com.ar\/portalurbano\/wp-json\/wp\/v2\/categories?post=144605"},{"taxonomy":"post_tag","embeddable":true,"href":"https:\/\/experienciadevida.com.ar\/portalurbano\/wp-json\/wp\/v2\/tags?post=144605"}],"curies":[{"name":"wp","href":"https:\/\/api.w.org\/{rel}","templated":true}]}}