{"id":144600,"date":"2021-06-07T11:32:24","date_gmt":"2021-06-07T14:32:24","guid":{"rendered":"https:\/\/experienciadevida.com.ar\/portalurbano\/?p=144600"},"modified":"2021-06-07T11:34:23","modified_gmt":"2021-06-07T14:34:23","slug":"la-cnrt-colabora-en-la-inscripcion-para-la-vacunacion-contra-covid","status":"publish","type":"post","link":"https:\/\/experienciadevida.com.ar\/portalurbano\/la-cnrt-colabora-en-la-inscripcion-para-la-vacunacion-contra-covid\/","title":{"rendered":"La CNRT colabora en la inscripci\u00f3n para la vacunaci\u00f3n contra COVID"},"content":{"rendered":"<p>La CNRT colabora en la inscripci\u00f3n para la vacunaci\u00f3n contra COVID, Gast\u00f3n Sarachu, Subdelegado de CNRT Olavarr\u00eda, realiz\u00f3 una puesta en valor<br \/>\nde la campa\u00f1a de inscripci\u00f3n para la vacunaci\u00f3n contra el Covid-19.<\/p>\n<p>El registro puede realizarse en la oficina de CNRT, ubicada en el primer piso de la Terminal de \u00d3mnibus, de lunes a viernes de 8:30 a 14:30 horas. El Subdelegado de la Comisi\u00f3n Nacional de Regulaci\u00f3n del Transporte (CNRT), Gast\u00f3n Sarachu, manifest\u00f3 su apoyo a la inscripci\u00f3n a la vacunaci\u00f3n contra el Covid-19. En l\u00ednea con la puesta en valor hecha por el Titular de la Regi\u00f3n Sanitaria IX en los \u00faltimos d\u00edas, Sarachu sostuvo \u201ces importante que la poblaci\u00f3n se inscriba para recibir la vacuna\u201d.<\/p>\n<p>La CNRT colabora en la inscripci\u00f3n para la vacunaci\u00f3n contra covid, \u201cEn Olavarr\u00eda son m\u00e1s de 34 mil personas vacunadas, pero es importante continuar con la inscripci\u00f3n para inmunizar a toda la comunidad\u201d, destac\u00f3 el Subdelegado de CNRT Olavarr\u00eda. En esta l\u00ednea sostuvo que \u201ces importante que los y las ciudadanas tengan la predisposici\u00f3n a recibir la vacuna ya que es la \u00fanica herramienta efectiva para combatir el virus\u201d.<\/p>\n<p>Por otra parte, Gast\u00f3n Sarachu destac\u00f3 el trabajo del personal vacunatorio al manifestar que \u201clas y los vacunadores vienen realizando un trabajo<br \/>\nexcelente.<\/p>\n<p>Desde el inicio, vacunando a personal esencial y personas mayores de riesgo, hasta el d\u00eda de hoy que ya se comenz\u00f3 a trabajar con la poblaci\u00f3n mayor de 18 a\u00f1os con comorbilidades y adultos mayores de 50 a\u00f1os trabajan incansablemente inmunizando a nuestras vecinas y vecinos\u201d.<\/p>\n<p>Tambi\u00e9n puso en relieve el rol de la Regi\u00f3n Sanitaria IX, la cual viene realizando una extensiva campa\u00f1a para que las personas puedan acceder al plan<br \/>\nprovincial de vacunaci\u00f3n. Al respecto, Sarachu se\u00f1al\u00f3 que \u201cla Regi\u00f3n Sanitaria IX viene realizando una importante campa\u00f1a, incluso tejiendo<br \/>\nredes con otras instituciones para facilitar el acceso a la inscripci\u00f3n para nuestros vecinos\u201d.<\/p>\n<p>Quienes quieran realizar la correspondiente inscripci\u00f3n podr\u00e1n registrarse en las oficinas de CNRT ubicadas en el primer piso de la Terminal de<br \/>\n\u00d3mnibus, de lunes a viernes de 8:30 a 14:30 horas. O inscribirse a trav\u00e9s de la p\u00e1gina web www.vacunatepba.gba.gob.ar<\/p>\n","protected":false},"excerpt":{"rendered":"<p>La CNRT colabora en la inscripci\u00f3n para la vacunaci\u00f3n contra COVID, Gast\u00f3n Sarachu, Subdelegado de&#8230;<\/p>\n","protected":false},"author":1,"featured_media":144601,"comment_status":"closed","ping_status":"closed","sticky":false,"template":"","format":"standard","meta":{"content-type":""},"categories":[27,51],"tags":[],"nelio_content":{"isAutoShareEnabled":false,"autoShareEndMode":"default","automationSources":{"useContentSentences":true,"useSocialTemplates":true,"useCustomSentences":false,"customSentences":[]},"followers":[1],"suggestedReferences":[],"includedReferences":[],"efiUrl":"","efiAlt":"","highlights":[]},"yoast_head":"<!-- This site is optimized with the Yoast SEO plugin v20.7 - https:\/\/yoast.com\/wordpress\/plugins\/seo\/ -->\n<title>La CNRT colabora en la inscripci\u00f3n para la vacunaci\u00f3n contra covid<\/title>\n<meta name=\"description\" content=\"La CNRT colabora en la inscripci\u00f3n para la vacunaci\u00f3n contra COVID, Gast\u00f3n Sarachu, Subdelegado de CNRT Olavarr\u00eda,realiz\u00f3 una puesta en valor\" \/>\n<meta name=\"robots\" content=\"index, follow, max-snippet:-1, max-image-preview:large, max-video-preview:-1\" \/>\n<link rel=\"canonical\" href=\"https:\/\/experienciadevida.com.ar\/portalurbano\/la-cnrt-colabora-en-la-inscripcion-para-la-vacunacion-contra-covid\/\" \/>\n<meta property=\"og:locale\" content=\"es_ES\" \/>\n<meta property=\"og:type\" content=\"article\" \/>\n<meta property=\"og:title\" content=\"La CNRT colabora en la inscripci\u00f3n para la vacunaci\u00f3n contra covid\" \/>\n<meta property=\"og:description\" content=\"La CNRT colabora en la inscripci\u00f3n para la vacunaci\u00f3n contra COVID, Gast\u00f3n Sarachu, Subdelegado de CNRT Olavarr\u00eda,realiz\u00f3 una puesta en valor\" \/>\n<meta property=\"og:url\" content=\"https:\/\/experienciadevida.com.ar\/portalurbano\/la-cnrt-colabora-en-la-inscripcion-para-la-vacunacion-contra-covid\/\" \/>\n<meta property=\"article:publisher\" content=\"https:\/\/www.facebook.com\/Portal-Urbano-171542830093757\/\" \/>\n<meta property=\"article:published_time\" content=\"2021-06-07T14:32:24+00:00\" \/>\n<meta property=\"article:modified_time\" content=\"2021-06-07T14:34:23+00:00\" \/>\n<meta property=\"og:image\" content=\"https:\/\/experienciadevida.com.ar\/portalurbano\/wp-content\/uploads\/2021\/06\/La-CNRT-colabora-en-la.jpeg\" \/>\n\t<meta property=\"og:image:width\" content=\"1280\" \/>\n\t<meta property=\"og:image:height\" content=\"894\" \/>\n\t<meta property=\"og:image:type\" content=\"image\/jpeg\" \/>\n<meta name=\"author\" content=\"admpu17wp\" \/>\n<meta name=\"twitter:card\" content=\"summary_large_image\" \/>\n<meta name=\"twitter:creator\" content=\"@portalurbanook\" \/>\n<meta name=\"twitter:site\" content=\"@portalurbanook\" \/>\n<meta name=\"twitter:label1\" content=\"Escrito por\" \/>\n\t<meta name=\"twitter:data1\" content=\"admpu17wp\" \/>\n\t<meta name=\"twitter:label2\" content=\"Tiempo de lectura\" \/>\n\t<meta name=\"twitter:data2\" content=\"2 minutos\" \/>\n<script type=\"application\/ld+json\" class=\"yoast-schema-graph\">{\"@context\":\"https:\/\/schema.org\",\"@graph\":[{\"@type\":\"Article\",\"@id\":\"https:\/\/experienciadevida.com.ar\/portalurbano\/la-cnrt-colabora-en-la-inscripcion-para-la-vacunacion-contra-covid\/#article\",\"isPartOf\":{\"@id\":\"https:\/\/experienciadevida.com.ar\/portalurbano\/la-cnrt-colabora-en-la-inscripcion-para-la-vacunacion-contra-covid\/\"},\"author\":{\"name\":\"admpu17wp\",\"@id\":\"https:\/\/experienciadevida.com.ar\/portalurbano\/#\/schema\/person\/02dd326b1c4b056e9cc972486934a3a7\"},\"headline\":\"La CNRT colabora en la inscripci\u00f3n para la vacunaci\u00f3n contra COVID\",\"datePublished\":\"2021-06-07T14:32:24+00:00\",\"dateModified\":\"2021-06-07T14:34:23+00:00\",\"mainEntityOfPage\":{\"@id\":\"https:\/\/experienciadevida.com.ar\/portalurbano\/la-cnrt-colabora-en-la-inscripcion-para-la-vacunacion-contra-covid\/\"},\"wordCount\":408,\"publisher\":{\"@id\":\"https:\/\/experienciadevida.com.ar\/portalurbano\/#organization\"},\"articleSection\":[\"Ciudad\",\"Destacadas\"],\"inLanguage\":\"es\"},{\"@type\":\"WebPage\",\"@id\":\"https:\/\/experienciadevida.com.ar\/portalurbano\/la-cnrt-colabora-en-la-inscripcion-para-la-vacunacion-contra-covid\/\",\"url\":\"https:\/\/experienciadevida.com.ar\/portalurbano\/la-cnrt-colabora-en-la-inscripcion-para-la-vacunacion-contra-covid\/\",\"name\":\"La CNRT colabora en la inscripci\u00f3n para la vacunaci\u00f3n contra covid\",\"isPartOf\":{\"@id\":\"https:\/\/experienciadevida.com.ar\/portalurbano\/#website\"},\"datePublished\":\"2021-06-07T14:32:24+00:00\",\"dateModified\":\"2021-06-07T14:34:23+00:00\",\"description\":\"La CNRT colabora en la inscripci\u00f3n para la vacunaci\u00f3n contra COVID, Gast\u00f3n Sarachu, Subdelegado de CNRT Olavarr\u00eda,realiz\u00f3 una puesta en valor\",\"breadcrumb\":{\"@id\":\"https:\/\/experienciadevida.com.ar\/portalurbano\/la-cnrt-colabora-en-la-inscripcion-para-la-vacunacion-contra-covid\/#breadcrumb\"},\"inLanguage\":\"es\",\"potentialAction\":[{\"@type\":\"ReadAction\",\"target\":[\"https:\/\/experienciadevida.com.ar\/portalurbano\/la-cnrt-colabora-en-la-inscripcion-para-la-vacunacion-contra-covid\/\"]}]},{\"@type\":\"BreadcrumbList\",\"@id\":\"https:\/\/experienciadevida.com.ar\/portalurbano\/la-cnrt-colabora-en-la-inscripcion-para-la-vacunacion-contra-covid\/#breadcrumb\",\"itemListElement\":[{\"@type\":\"ListItem\",\"position\":1,\"name\":\"Portada\",\"item\":\"https:\/\/experienciadevida.com.ar\/portalurbano\/\"},{\"@type\":\"ListItem\",\"position\":2,\"name\":\"La CNRT colabora en la inscripci\u00f3n para la vacunaci\u00f3n contra COVID\"}]},{\"@type\":\"WebSite\",\"@id\":\"https:\/\/experienciadevida.com.ar\/portalurbano\/#website\",\"url\":\"https:\/\/experienciadevida.com.ar\/portalurbano\/\",\"name\":\"\",\"description\":\"\",\"publisher\":{\"@id\":\"https:\/\/experienciadevida.com.ar\/portalurbano\/#organization\"},\"potentialAction\":[{\"@type\":\"SearchAction\",\"target\":{\"@type\":\"EntryPoint\",\"urlTemplate\":\"https:\/\/experienciadevida.com.ar\/portalurbano\/?s={search_term_string}\"},\"query-input\":\"required name=search_term_string\"}],\"inLanguage\":\"es\"},{\"@type\":\"Organization\",\"@id\":\"https:\/\/experienciadevida.com.ar\/portalurbano\/#organization\",\"name\":\"Portal Urbano\",\"url\":\"https:\/\/experienciadevida.com.ar\/portalurbano\/\",\"logo\":{\"@type\":\"ImageObject\",\"inLanguage\":\"es\",\"@id\":\"https:\/\/experienciadevida.com.ar\/portalurbano\/#\/schema\/logo\/image\/\",\"url\":\"https:\/\/experienciadevida.com.ar\/portalurbano\/wp-content\/uploads\/2019\/09\/Logo-Original.png\",\"contentUrl\":\"https:\/\/experienciadevida.com.ar\/portalurbano\/wp-content\/uploads\/2019\/09\/Logo-Original.png\",\"width\":2236,\"height\":1216,\"caption\":\"Portal Urbano\"},\"image\":{\"@id\":\"https:\/\/experienciadevida.com.ar\/portalurbano\/#\/schema\/logo\/image\/\"},\"sameAs\":[\"https:\/\/www.facebook.com\/Portal-Urbano-171542830093757\/\",\"https:\/\/twitter.com\/portalurbanook\",\"https:\/\/www.instagram.com\/_portalurbano\/\",\"https:\/\/www.youtube.com\/channel\/UCXhagIfszH8KxFiOok79zbA?view_as=subscriber\"]},{\"@type\":\"Person\",\"@id\":\"https:\/\/experienciadevida.com.ar\/portalurbano\/#\/schema\/person\/02dd326b1c4b056e9cc972486934a3a7\",\"name\":\"admpu17wp\",\"image\":{\"@type\":\"ImageObject\",\"inLanguage\":\"es\",\"@id\":\"https:\/\/experienciadevida.com.ar\/portalurbano\/#\/schema\/person\/image\/\",\"url\":\"https:\/\/secure.gravatar.com\/avatar\/830d4c57adaae6630765e449a6908047?s=96&d=mm&r=g\",\"contentUrl\":\"https:\/\/secure.gravatar.com\/avatar\/830d4c57adaae6630765e449a6908047?s=96&d=mm&r=g\",\"caption\":\"admpu17wp\"}}]}<\/script>\n<!-- \/ Yoast SEO plugin. -->","yoast_head_json":{"title":"La CNRT colabora en la inscripci\u00f3n para la vacunaci\u00f3n contra covid","description":"La CNRT colabora en la inscripci\u00f3n para la vacunaci\u00f3n contra COVID, Gast\u00f3n Sarachu, Subdelegado de CNRT Olavarr\u00eda,realiz\u00f3 una puesta en valor","robots":{"index":"index","follow":"follow","max-snippet":"max-snippet:-1","max-image-preview":"max-image-preview:large","max-video-preview":"max-video-preview:-1"},"canonical":"https:\/\/experienciadevida.com.ar\/portalurbano\/la-cnrt-colabora-en-la-inscripcion-para-la-vacunacion-contra-covid\/","og_locale":"es_ES","og_type":"article","og_title":"La CNRT colabora en la inscripci\u00f3n para la vacunaci\u00f3n contra covid","og_description":"La CNRT colabora en la inscripci\u00f3n para la vacunaci\u00f3n contra COVID, Gast\u00f3n Sarachu, Subdelegado de CNRT Olavarr\u00eda,realiz\u00f3 una puesta en valor","og_url":"https:\/\/experienciadevida.com.ar\/portalurbano\/la-cnrt-colabora-en-la-inscripcion-para-la-vacunacion-contra-covid\/","article_publisher":"https:\/\/www.facebook.com\/Portal-Urbano-171542830093757\/","article_published_time":"2021-06-07T14:32:24+00:00","article_modified_time":"2021-06-07T14:34:23+00:00","og_image":[{"width":1280,"height":894,"url":"https:\/\/experienciadevida.com.ar\/portalurbano\/wp-content\/uploads\/2021\/06\/La-CNRT-colabora-en-la.jpeg","type":"image\/jpeg"}],"author":"admpu17wp","twitter_card":"summary_large_image","twitter_creator":"@portalurbanook","twitter_site":"@portalurbanook","twitter_misc":{"Escrito por":"admpu17wp","Tiempo de lectura":"2 minutos"},"schema":{"@context":"https:\/\/schema.org","@graph":[{"@type":"Article","@id":"https:\/\/experienciadevida.com.ar\/portalurbano\/la-cnrt-colabora-en-la-inscripcion-para-la-vacunacion-contra-covid\/#article","isPartOf":{"@id":"https:\/\/experienciadevida.com.ar\/portalurbano\/la-cnrt-colabora-en-la-inscripcion-para-la-vacunacion-contra-covid\/"},"author":{"name":"admpu17wp","@id":"https:\/\/experienciadevida.com.ar\/portalurbano\/#\/schema\/person\/02dd326b1c4b056e9cc972486934a3a7"},"headline":"La CNRT colabora en la inscripci\u00f3n para la vacunaci\u00f3n contra COVID","datePublished":"2021-06-07T14:32:24+00:00","dateModified":"2021-06-07T14:34:23+00:00","mainEntityOfPage":{"@id":"https:\/\/experienciadevida.com.ar\/portalurbano\/la-cnrt-colabora-en-la-inscripcion-para-la-vacunacion-contra-covid\/"},"wordCount":408,"publisher":{"@id":"https:\/\/experienciadevida.com.ar\/portalurbano\/#organization"},"articleSection":["Ciudad","Destacadas"],"inLanguage":"es"},{"@type":"WebPage","@id":"https:\/\/experienciadevida.com.ar\/portalurbano\/la-cnrt-colabora-en-la-inscripcion-para-la-vacunacion-contra-covid\/","url":"https:\/\/experienciadevida.com.ar\/portalurbano\/la-cnrt-colabora-en-la-inscripcion-para-la-vacunacion-contra-covid\/","name":"La CNRT colabora en la inscripci\u00f3n para la vacunaci\u00f3n contra covid","isPartOf":{"@id":"https:\/\/experienciadevida.com.ar\/portalurbano\/#website"},"datePublished":"2021-06-07T14:32:24+00:00","dateModified":"2021-06-07T14:34:23+00:00","description":"La CNRT colabora en la inscripci\u00f3n para la vacunaci\u00f3n contra COVID, Gast\u00f3n Sarachu, Subdelegado de CNRT Olavarr\u00eda,realiz\u00f3 una puesta en valor","breadcrumb":{"@id":"https:\/\/experienciadevida.com.ar\/portalurbano\/la-cnrt-colabora-en-la-inscripcion-para-la-vacunacion-contra-covid\/#breadcrumb"},"inLanguage":"es","potentialAction":[{"@type":"ReadAction","target":["https:\/\/experienciadevida.com.ar\/portalurbano\/la-cnrt-colabora-en-la-inscripcion-para-la-vacunacion-contra-covid\/"]}]},{"@type":"BreadcrumbList","@id":"https:\/\/experienciadevida.com.ar\/portalurbano\/la-cnrt-colabora-en-la-inscripcion-para-la-vacunacion-contra-covid\/#breadcrumb","itemListElement":[{"@type":"ListItem","position":1,"name":"Portada","item":"https:\/\/experienciadevida.com.ar\/portalurbano\/"},{"@type":"ListItem","position":2,"name":"La CNRT colabora en la inscripci\u00f3n para la vacunaci\u00f3n contra COVID"}]},{"@type":"WebSite","@id":"https:\/\/experienciadevida.com.ar\/portalurbano\/#website","url":"https:\/\/experienciadevida.com.ar\/portalurbano\/","name":"","description":"","publisher":{"@id":"https:\/\/experienciadevida.com.ar\/portalurbano\/#organization"},"potentialAction":[{"@type":"SearchAction","target":{"@type":"EntryPoint","urlTemplate":"https:\/\/experienciadevida.com.ar\/portalurbano\/?s={search_term_string}"},"query-input":"required name=search_term_string"}],"inLanguage":"es"},{"@type":"Organization","@id":"https:\/\/experienciadevida.com.ar\/portalurbano\/#organization","name":"Portal Urbano","url":"https:\/\/experienciadevida.com.ar\/portalurbano\/","logo":{"@type":"ImageObject","inLanguage":"es","@id":"https:\/\/experienciadevida.com.ar\/portalurbano\/#\/schema\/logo\/image\/","url":"https:\/\/experienciadevida.com.ar\/portalurbano\/wp-content\/uploads\/2019\/09\/Logo-Original.png","contentUrl":"https:\/\/experienciadevida.com.ar\/portalurbano\/wp-content\/uploads\/2019\/09\/Logo-Original.png","width":2236,"height":1216,"caption":"Portal Urbano"},"image":{"@id":"https:\/\/experienciadevida.com.ar\/portalurbano\/#\/schema\/logo\/image\/"},"sameAs":["https:\/\/www.facebook.com\/Portal-Urbano-171542830093757\/","https:\/\/twitter.com\/portalurbanook","https:\/\/www.instagram.com\/_portalurbano\/","https:\/\/www.youtube.com\/channel\/UCXhagIfszH8KxFiOok79zbA?view_as=subscriber"]},{"@type":"Person","@id":"https:\/\/experienciadevida.com.ar\/portalurbano\/#\/schema\/person\/02dd326b1c4b056e9cc972486934a3a7","name":"admpu17wp","image":{"@type":"ImageObject","inLanguage":"es","@id":"https:\/\/experienciadevida.com.ar\/portalurbano\/#\/schema\/person\/image\/","url":"https:\/\/secure.gravatar.com\/avatar\/830d4c57adaae6630765e449a6908047?s=96&d=mm&r=g","contentUrl":"https:\/\/secure.gravatar.com\/avatar\/830d4c57adaae6630765e449a6908047?s=96&d=mm&r=g","caption":"admpu17wp"}}]}},"featured_image_urls":{"full":["https:\/\/experienciadevida.com.ar\/portalurbano\/wp-content\/uploads\/2021\/06\/La-CNRT-colabora-en-la.jpeg",1280,894,false],"thumbnail":["https:\/\/experienciadevida.com.ar\/portalurbano\/wp-content\/uploads\/2021\/06\/La-CNRT-colabora-en-la-150x150.jpeg",150,150,true],"medium":["https:\/\/experienciadevida.com.ar\/portalurbano\/wp-content\/uploads\/2021\/06\/La-CNRT-colabora-en-la-300x210.jpeg",300,210,true],"medium_large":["https:\/\/experienciadevida.com.ar\/portalurbano\/wp-content\/uploads\/2021\/06\/La-CNRT-colabora-en-la-768x536.jpeg",640,447,true],"large":["https:\/\/experienciadevida.com.ar\/portalurbano\/wp-content\/uploads\/2021\/06\/La-CNRT-colabora-en-la-1024x715.jpeg",640,447,true],"ug_big":["https:\/\/experienciadevida.com.ar\/portalurbano\/wp-content\/uploads\/2021\/06\/La-CNRT-colabora-en-la-768x536.jpeg",768,536,true],"1536x1536":["https:\/\/experienciadevida.com.ar\/portalurbano\/wp-content\/uploads\/2021\/06\/La-CNRT-colabora-en-la.jpeg",1280,894,false],"2048x2048":["https:\/\/experienciadevida.com.ar\/portalurbano\/wp-content\/uploads\/2021\/06\/La-CNRT-colabora-en-la.jpeg",1280,894,false],"newsever-slider-full":["https:\/\/experienciadevida.com.ar\/portalurbano\/wp-content\/uploads\/2021\/06\/La-CNRT-colabora-en-la.jpeg",1210,845,false],"newsever-featured":["https:\/\/experienciadevida.com.ar\/portalurbano\/wp-content\/uploads\/2021\/06\/La-CNRT-colabora-en-la.jpeg",1024,715,false],"newsever-medium":["https:\/\/experienciadevida.com.ar\/portalurbano\/wp-content\/uploads\/2021\/06\/La-CNRT-colabora-en-la.jpeg",680,475,false],"web-stories-poster-portrait":["https:\/\/experienciadevida.com.ar\/portalurbano\/wp-content\/uploads\/2021\/06\/La-CNRT-colabora-en-la.jpeg",640,447,false],"web-stories-publisher-logo":["https:\/\/experienciadevida.com.ar\/portalurbano\/wp-content\/uploads\/2021\/06\/La-CNRT-colabora-en-la.jpeg",96,67,false],"web-stories-thumbnail":["https:\/\/experienciadevida.com.ar\/portalurbano\/wp-content\/uploads\/2021\/06\/La-CNRT-colabora-en-la.jpeg",150,105,false]},"author_info":{"display_name":"admpu17wp","author_link":"https:\/\/experienciadevida.com.ar\/portalurbano\/author\/admpu17wp\/"},"category_info":"<a href=\"https:\/\/experienciadevida.com.ar\/portalurbano\/category\/ciudad\/\" rel=\"category tag\">Ciudad<\/a> <a href=\"https:\/\/experienciadevida.com.ar\/portalurbano\/category\/destacadas\/\" rel=\"category tag\">Destacadas<\/a>","tag_info":"Destacadas","comment_count":"0","amp_enabled":true,"_links":{"self":[{"href":"https:\/\/experienciadevida.com.ar\/portalurbano\/wp-json\/wp\/v2\/posts\/144600"}],"collection":[{"href":"https:\/\/experienciadevida.com.ar\/portalurbano\/wp-json\/wp\/v2\/posts"}],"about":[{"href":"https:\/\/experienciadevida.com.ar\/portalurbano\/wp-json\/wp\/v2\/types\/post"}],"author":[{"embeddable":true,"href":"https:\/\/experienciadevida.com.ar\/portalurbano\/wp-json\/wp\/v2\/users\/1"}],"replies":[{"embeddable":true,"href":"https:\/\/experienciadevida.com.ar\/portalurbano\/wp-json\/wp\/v2\/comments?post=144600"}],"version-history":[{"count":3,"href":"https:\/\/experienciadevida.com.ar\/portalurbano\/wp-json\/wp\/v2\/posts\/144600\/revisions"}],"predecessor-version":[{"id":144604,"href":"https:\/\/experienciadevida.com.ar\/portalurbano\/wp-json\/wp\/v2\/posts\/144600\/revisions\/144604"}],"wp:featuredmedia":[{"embeddable":true,"href":"https:\/\/experienciadevida.com.ar\/portalurbano\/wp-json\/wp\/v2\/media\/144601"}],"wp:attachment":[{"href":"https:\/\/experienciadevida.com.ar\/portalurbano\/wp-json\/wp\/v2\/media?parent=144600"}],"wp:term":[{"taxonomy":"category","embeddable":true,"href":"https:\/\/experienciadevida.com.ar\/portalurbano\/wp-json\/wp\/v2\/categories?post=144600"},{"taxonomy":"post_tag","embeddable":true,"href":"https:\/\/experienciadevida.com.ar\/portalurbano\/wp-json\/wp\/v2\/tags?post=144600"}],"curies":[{"name":"wp","href":"https:\/\/api.w.org\/{rel}","templated":true}]}}