{"id":144581,"date":"2021-06-06T20:25:22","date_gmt":"2021-06-06T23:25:22","guid":{"rendered":"https:\/\/experienciadevida.com.ar\/portalurbano\/?p=144581"},"modified":"2021-06-06T20:29:17","modified_gmt":"2021-06-06T23:29:17","slug":"renovacion-peronista-paridad-de-genero-en-el-hcd-y-agenda-verde-por-el-cannabis-medicinal","status":"publish","type":"post","link":"https:\/\/experienciadevida.com.ar\/portalurbano\/renovacion-peronista-paridad-de-genero-en-el-hcd-y-agenda-verde-por-el-cannabis-medicinal\/","title":{"rendered":"Renovaci\u00f3n peronista: paridad de g\u00e9nero en el HCD y agenda verde por el cannabis medicinal"},"content":{"rendered":"<p>Renovaci\u00f3n peronista: paridad de g\u00e9nero en el HCD y agenda verde por el cannabis medicinal, el bloque pol\u00edtico se prepara para la pr\u00f3xima sesi\u00f3n ordinaria y una de sus propuestas busca modificar el Reglamento Interno de funcionamiento del HCD.<\/p>\n<p>El pasado viernes el espacio, liderado por Germ\u00e1n Aramburu, y Alicia Almada, present\u00f3 un proyecto de Decreto que busca modificar la elecci\u00f3n de<br \/>\nautoridades y la composici\u00f3n de las comisiones legislativas, en pos de respetar la paridad de g\u00e9nero en los cargos a cubrir.<\/p>\n<p>\u201cEn nuestra localidad la implementaci\u00f3n del marco paritario en el tiempo es un incentivo fundamental para el desarrollo de una cultura pol\u00edtica m\u00e1s<br \/>\nigualitaria\u201d, enfatizaron los concejales.<\/p>\n<p>Renovaci\u00f3n peronista: paridad de g\u00e9nero en el HCD y agenda verde por el cannabis medicinal, la inclusi\u00f3n de mujeres en el proceso de deliberaci\u00f3n y decisi\u00f3n permiti\u00f3 incorporar perspectivas sociales silenciadas en el debate p\u00fablico y feminizar la agenda legislativa\u00a0 al incorporar miradas y preocupaciones derivadas de la experiencia social de las mujeres, se destac\u00f3.<\/p>\n<p>Agenda verde: se avanza en el trabajo por el acceso a la salud:<\/p>\n<p>La Mesa de Cannabis del HCD, celebr\u00f3 la presentaci\u00f3n del Proyecto de Ley que brindar\u00e1 un marco regulatorio al desarrollo de la industria del<br \/>\nCannabis medicinal y del c\u00e1\u00f1amo industrial.<\/p>\n<p>En la l\u00ednea de trabajo de la mesa, el Bloque Renovaci\u00f3n Peronista, present\u00f3 proyecto de comunicaci\u00f3n manifestando el Benepl\u00e1cito por el Proyecto de Ley que muestra el avance de Argentina en la regi\u00f3n y el mundo.<\/p>\n<p>Renovaci\u00f3n peronista, \u201cSe sigue avanzando en nuestro pa\u00eds, y esta ley permite incentivar la actividad productiva, el empleo y las exportaciones\u201d,* mencion\u00f3 Germ\u00e1n Aramburu, Pte. de la Mesa. Se viene la quinta reuni\u00f3n del equipo interdisciplinario dependiente del HCD, la organizaci\u00f3n del primer encuentro del taller auto cultivo, y se trabajar\u00e1 en los resultados de la encuesta sobre la regulaci\u00f3n local del cannabis a la cu\u00e1l a\u00fan pueden<br \/>\nresponder a trav\u00e9s del siguiente link https:\/\/docs.google.com\/forms\/d\/1_61nEFQ033BAENaPKytXJwvn4hsY7tPCTaF_wh4Zu3k\/prefill<\/p>\n","protected":false},"excerpt":{"rendered":"<p>Renovaci\u00f3n peronista: paridad de g\u00e9nero en el HCD y agenda verde por el cannabis medicinal,&#8230;<\/p>\n","protected":false},"author":1,"featured_media":122443,"comment_status":"closed","ping_status":"closed","sticky":false,"template":"","format":"standard","meta":{"content-type":""},"categories":[64,43],"tags":[],"nelio_content":{"isAutoShareEnabled":false,"autoShareEndMode":"default","automationSources":{"useContentSentences":true,"useSocialTemplates":true,"useCustomSentences":false,"customSentences":[]},"followers":[1],"suggestedReferences":[],"includedReferences":[],"efiUrl":"","efiAlt":"","highlights":[]},"yoast_head":"<!-- This site is optimized with the Yoast SEO plugin v20.7 - https:\/\/yoast.com\/wordpress\/plugins\/seo\/ -->\n<title>Renovaci\u00f3n peronista: paridad de g\u00e9nero en el HCD y agenda verde<\/title>\n<meta name=\"description\" content=\"Renovaci\u00f3n peronista: paridad de g\u00e9nero en el HCD y agenda verde por el cannabis medicinal, el bloque pol\u00edtico se prepara para la pr\u00f3xima\" \/>\n<meta name=\"robots\" content=\"index, follow, max-snippet:-1, max-image-preview:large, max-video-preview:-1\" \/>\n<link rel=\"canonical\" href=\"https:\/\/experienciadevida.com.ar\/portalurbano\/renovacion-peronista-paridad-de-genero-en-el-hcd-y-agenda-verde-por-el-cannabis-medicinal\/\" \/>\n<meta property=\"og:locale\" content=\"es_ES\" \/>\n<meta property=\"og:type\" content=\"article\" \/>\n<meta property=\"og:title\" content=\"Renovaci\u00f3n peronista: paridad de g\u00e9nero en el HCD y agenda verde\" \/>\n<meta property=\"og:description\" content=\"Renovaci\u00f3n peronista: paridad de g\u00e9nero en el HCD y agenda verde por el cannabis medicinal, el bloque pol\u00edtico se prepara para la pr\u00f3xima\" \/>\n<meta property=\"og:url\" content=\"https:\/\/experienciadevida.com.ar\/portalurbano\/renovacion-peronista-paridad-de-genero-en-el-hcd-y-agenda-verde-por-el-cannabis-medicinal\/\" \/>\n<meta property=\"article:publisher\" content=\"https:\/\/www.facebook.com\/Portal-Urbano-171542830093757\/\" \/>\n<meta property=\"article:published_time\" content=\"2021-06-06T23:25:22+00:00\" \/>\n<meta property=\"article:modified_time\" content=\"2021-06-06T23:29:17+00:00\" \/>\n<meta property=\"og:image\" content=\"https:\/\/experienciadevida.com.ar\/portalurbano\/wp-content\/uploads\/2020\/09\/Alicia-Almada.png\" \/>\n\t<meta property=\"og:image:width\" content=\"823\" \/>\n\t<meta property=\"og:image:height\" content=\"455\" \/>\n\t<meta property=\"og:image:type\" content=\"image\/png\" \/>\n<meta name=\"author\" content=\"admpu17wp\" \/>\n<meta name=\"twitter:card\" content=\"summary_large_image\" \/>\n<meta name=\"twitter:creator\" content=\"@portalurbanook\" \/>\n<meta name=\"twitter:site\" content=\"@portalurbanook\" \/>\n<meta name=\"twitter:label1\" content=\"Escrito por\" \/>\n\t<meta name=\"twitter:data1\" content=\"admpu17wp\" \/>\n\t<meta name=\"twitter:label2\" content=\"Tiempo de lectura\" \/>\n\t<meta name=\"twitter:data2\" content=\"2 minutos\" \/>\n<script type=\"application\/ld+json\" class=\"yoast-schema-graph\">{\"@context\":\"https:\/\/schema.org\",\"@graph\":[{\"@type\":\"Article\",\"@id\":\"https:\/\/experienciadevida.com.ar\/portalurbano\/renovacion-peronista-paridad-de-genero-en-el-hcd-y-agenda-verde-por-el-cannabis-medicinal\/#article\",\"isPartOf\":{\"@id\":\"https:\/\/experienciadevida.com.ar\/portalurbano\/renovacion-peronista-paridad-de-genero-en-el-hcd-y-agenda-verde-por-el-cannabis-medicinal\/\"},\"author\":{\"name\":\"admpu17wp\",\"@id\":\"https:\/\/experienciadevida.com.ar\/portalurbano\/#\/schema\/person\/02dd326b1c4b056e9cc972486934a3a7\"},\"headline\":\"Renovaci\u00f3n peronista: paridad de g\u00e9nero en el HCD y agenda verde por el cannabis medicinal\",\"datePublished\":\"2021-06-06T23:25:22+00:00\",\"dateModified\":\"2021-06-06T23:29:17+00:00\",\"mainEntityOfPage\":{\"@id\":\"https:\/\/experienciadevida.com.ar\/portalurbano\/renovacion-peronista-paridad-de-genero-en-el-hcd-y-agenda-verde-por-el-cannabis-medicinal\/\"},\"wordCount\":383,\"publisher\":{\"@id\":\"https:\/\/experienciadevida.com.ar\/portalurbano\/#organization\"},\"articleSection\":[\"Destacadas 2\",\"Pol\u00edtica\"],\"inLanguage\":\"es\"},{\"@type\":\"WebPage\",\"@id\":\"https:\/\/experienciadevida.com.ar\/portalurbano\/renovacion-peronista-paridad-de-genero-en-el-hcd-y-agenda-verde-por-el-cannabis-medicinal\/\",\"url\":\"https:\/\/experienciadevida.com.ar\/portalurbano\/renovacion-peronista-paridad-de-genero-en-el-hcd-y-agenda-verde-por-el-cannabis-medicinal\/\",\"name\":\"Renovaci\u00f3n peronista: paridad de g\u00e9nero en el HCD y agenda verde\",\"isPartOf\":{\"@id\":\"https:\/\/experienciadevida.com.ar\/portalurbano\/#website\"},\"datePublished\":\"2021-06-06T23:25:22+00:00\",\"dateModified\":\"2021-06-06T23:29:17+00:00\",\"description\":\"Renovaci\u00f3n peronista: paridad de g\u00e9nero en el HCD y agenda verde por el cannabis medicinal, el bloque pol\u00edtico se prepara para la pr\u00f3xima\",\"breadcrumb\":{\"@id\":\"https:\/\/experienciadevida.com.ar\/portalurbano\/renovacion-peronista-paridad-de-genero-en-el-hcd-y-agenda-verde-por-el-cannabis-medicinal\/#breadcrumb\"},\"inLanguage\":\"es\",\"potentialAction\":[{\"@type\":\"ReadAction\",\"target\":[\"https:\/\/experienciadevida.com.ar\/portalurbano\/renovacion-peronista-paridad-de-genero-en-el-hcd-y-agenda-verde-por-el-cannabis-medicinal\/\"]}]},{\"@type\":\"BreadcrumbList\",\"@id\":\"https:\/\/experienciadevida.com.ar\/portalurbano\/renovacion-peronista-paridad-de-genero-en-el-hcd-y-agenda-verde-por-el-cannabis-medicinal\/#breadcrumb\",\"itemListElement\":[{\"@type\":\"ListItem\",\"position\":1,\"name\":\"Portada\",\"item\":\"https:\/\/experienciadevida.com.ar\/portalurbano\/\"},{\"@type\":\"ListItem\",\"position\":2,\"name\":\"Renovaci\u00f3n peronista: paridad de g\u00e9nero en el HCD y agenda verde por el cannabis medicinal\"}]},{\"@type\":\"WebSite\",\"@id\":\"https:\/\/experienciadevida.com.ar\/portalurbano\/#website\",\"url\":\"https:\/\/experienciadevida.com.ar\/portalurbano\/\",\"name\":\"\",\"description\":\"\",\"publisher\":{\"@id\":\"https:\/\/experienciadevida.com.ar\/portalurbano\/#organization\"},\"potentialAction\":[{\"@type\":\"SearchAction\",\"target\":{\"@type\":\"EntryPoint\",\"urlTemplate\":\"https:\/\/experienciadevida.com.ar\/portalurbano\/?s={search_term_string}\"},\"query-input\":\"required name=search_term_string\"}],\"inLanguage\":\"es\"},{\"@type\":\"Organization\",\"@id\":\"https:\/\/experienciadevida.com.ar\/portalurbano\/#organization\",\"name\":\"Portal Urbano\",\"url\":\"https:\/\/experienciadevida.com.ar\/portalurbano\/\",\"logo\":{\"@type\":\"ImageObject\",\"inLanguage\":\"es\",\"@id\":\"https:\/\/experienciadevida.com.ar\/portalurbano\/#\/schema\/logo\/image\/\",\"url\":\"https:\/\/experienciadevida.com.ar\/portalurbano\/wp-content\/uploads\/2019\/09\/Logo-Original.png\",\"contentUrl\":\"https:\/\/experienciadevida.com.ar\/portalurbano\/wp-content\/uploads\/2019\/09\/Logo-Original.png\",\"width\":2236,\"height\":1216,\"caption\":\"Portal Urbano\"},\"image\":{\"@id\":\"https:\/\/experienciadevida.com.ar\/portalurbano\/#\/schema\/logo\/image\/\"},\"sameAs\":[\"https:\/\/www.facebook.com\/Portal-Urbano-171542830093757\/\",\"https:\/\/twitter.com\/portalurbanook\",\"https:\/\/www.instagram.com\/_portalurbano\/\",\"https:\/\/www.youtube.com\/channel\/UCXhagIfszH8KxFiOok79zbA?view_as=subscriber\"]},{\"@type\":\"Person\",\"@id\":\"https:\/\/experienciadevida.com.ar\/portalurbano\/#\/schema\/person\/02dd326b1c4b056e9cc972486934a3a7\",\"name\":\"admpu17wp\",\"image\":{\"@type\":\"ImageObject\",\"inLanguage\":\"es\",\"@id\":\"https:\/\/experienciadevida.com.ar\/portalurbano\/#\/schema\/person\/image\/\",\"url\":\"https:\/\/secure.gravatar.com\/avatar\/830d4c57adaae6630765e449a6908047?s=96&d=mm&r=g\",\"contentUrl\":\"https:\/\/secure.gravatar.com\/avatar\/830d4c57adaae6630765e449a6908047?s=96&d=mm&r=g\",\"caption\":\"admpu17wp\"}}]}<\/script>\n<!-- \/ Yoast SEO plugin. -->","yoast_head_json":{"title":"Renovaci\u00f3n peronista: paridad de g\u00e9nero en el HCD y agenda verde","description":"Renovaci\u00f3n peronista: paridad de g\u00e9nero en el HCD y agenda verde por el cannabis medicinal, el bloque pol\u00edtico se prepara para la pr\u00f3xima","robots":{"index":"index","follow":"follow","max-snippet":"max-snippet:-1","max-image-preview":"max-image-preview:large","max-video-preview":"max-video-preview:-1"},"canonical":"https:\/\/experienciadevida.com.ar\/portalurbano\/renovacion-peronista-paridad-de-genero-en-el-hcd-y-agenda-verde-por-el-cannabis-medicinal\/","og_locale":"es_ES","og_type":"article","og_title":"Renovaci\u00f3n peronista: paridad de g\u00e9nero en el HCD y agenda verde","og_description":"Renovaci\u00f3n peronista: paridad de g\u00e9nero en el HCD y agenda verde por el cannabis medicinal, el bloque pol\u00edtico se prepara para la pr\u00f3xima","og_url":"https:\/\/experienciadevida.com.ar\/portalurbano\/renovacion-peronista-paridad-de-genero-en-el-hcd-y-agenda-verde-por-el-cannabis-medicinal\/","article_publisher":"https:\/\/www.facebook.com\/Portal-Urbano-171542830093757\/","article_published_time":"2021-06-06T23:25:22+00:00","article_modified_time":"2021-06-06T23:29:17+00:00","og_image":[{"width":823,"height":455,"url":"https:\/\/experienciadevida.com.ar\/portalurbano\/wp-content\/uploads\/2020\/09\/Alicia-Almada.png","type":"image\/png"}],"author":"admpu17wp","twitter_card":"summary_large_image","twitter_creator":"@portalurbanook","twitter_site":"@portalurbanook","twitter_misc":{"Escrito por":"admpu17wp","Tiempo de lectura":"2 minutos"},"schema":{"@context":"https:\/\/schema.org","@graph":[{"@type":"Article","@id":"https:\/\/experienciadevida.com.ar\/portalurbano\/renovacion-peronista-paridad-de-genero-en-el-hcd-y-agenda-verde-por-el-cannabis-medicinal\/#article","isPartOf":{"@id":"https:\/\/experienciadevida.com.ar\/portalurbano\/renovacion-peronista-paridad-de-genero-en-el-hcd-y-agenda-verde-por-el-cannabis-medicinal\/"},"author":{"name":"admpu17wp","@id":"https:\/\/experienciadevida.com.ar\/portalurbano\/#\/schema\/person\/02dd326b1c4b056e9cc972486934a3a7"},"headline":"Renovaci\u00f3n peronista: paridad de g\u00e9nero en el HCD y agenda verde por el cannabis medicinal","datePublished":"2021-06-06T23:25:22+00:00","dateModified":"2021-06-06T23:29:17+00:00","mainEntityOfPage":{"@id":"https:\/\/experienciadevida.com.ar\/portalurbano\/renovacion-peronista-paridad-de-genero-en-el-hcd-y-agenda-verde-por-el-cannabis-medicinal\/"},"wordCount":383,"publisher":{"@id":"https:\/\/experienciadevida.com.ar\/portalurbano\/#organization"},"articleSection":["Destacadas 2","Pol\u00edtica"],"inLanguage":"es"},{"@type":"WebPage","@id":"https:\/\/experienciadevida.com.ar\/portalurbano\/renovacion-peronista-paridad-de-genero-en-el-hcd-y-agenda-verde-por-el-cannabis-medicinal\/","url":"https:\/\/experienciadevida.com.ar\/portalurbano\/renovacion-peronista-paridad-de-genero-en-el-hcd-y-agenda-verde-por-el-cannabis-medicinal\/","name":"Renovaci\u00f3n peronista: paridad de g\u00e9nero en el HCD y agenda verde","isPartOf":{"@id":"https:\/\/experienciadevida.com.ar\/portalurbano\/#website"},"datePublished":"2021-06-06T23:25:22+00:00","dateModified":"2021-06-06T23:29:17+00:00","description":"Renovaci\u00f3n peronista: paridad de g\u00e9nero en el HCD y agenda verde por el cannabis medicinal, el bloque pol\u00edtico se prepara para la pr\u00f3xima","breadcrumb":{"@id":"https:\/\/experienciadevida.com.ar\/portalurbano\/renovacion-peronista-paridad-de-genero-en-el-hcd-y-agenda-verde-por-el-cannabis-medicinal\/#breadcrumb"},"inLanguage":"es","potentialAction":[{"@type":"ReadAction","target":["https:\/\/experienciadevida.com.ar\/portalurbano\/renovacion-peronista-paridad-de-genero-en-el-hcd-y-agenda-verde-por-el-cannabis-medicinal\/"]}]},{"@type":"BreadcrumbList","@id":"https:\/\/experienciadevida.com.ar\/portalurbano\/renovacion-peronista-paridad-de-genero-en-el-hcd-y-agenda-verde-por-el-cannabis-medicinal\/#breadcrumb","itemListElement":[{"@type":"ListItem","position":1,"name":"Portada","item":"https:\/\/experienciadevida.com.ar\/portalurbano\/"},{"@type":"ListItem","position":2,"name":"Renovaci\u00f3n peronista: paridad de g\u00e9nero en el HCD y agenda verde por el cannabis medicinal"}]},{"@type":"WebSite","@id":"https:\/\/experienciadevida.com.ar\/portalurbano\/#website","url":"https:\/\/experienciadevida.com.ar\/portalurbano\/","name":"","description":"","publisher":{"@id":"https:\/\/experienciadevida.com.ar\/portalurbano\/#organization"},"potentialAction":[{"@type":"SearchAction","target":{"@type":"EntryPoint","urlTemplate":"https:\/\/experienciadevida.com.ar\/portalurbano\/?s={search_term_string}"},"query-input":"required name=search_term_string"}],"inLanguage":"es"},{"@type":"Organization","@id":"https:\/\/experienciadevida.com.ar\/portalurbano\/#organization","name":"Portal Urbano","url":"https:\/\/experienciadevida.com.ar\/portalurbano\/","logo":{"@type":"ImageObject","inLanguage":"es","@id":"https:\/\/experienciadevida.com.ar\/portalurbano\/#\/schema\/logo\/image\/","url":"https:\/\/experienciadevida.com.ar\/portalurbano\/wp-content\/uploads\/2019\/09\/Logo-Original.png","contentUrl":"https:\/\/experienciadevida.com.ar\/portalurbano\/wp-content\/uploads\/2019\/09\/Logo-Original.png","width":2236,"height":1216,"caption":"Portal Urbano"},"image":{"@id":"https:\/\/experienciadevida.com.ar\/portalurbano\/#\/schema\/logo\/image\/"},"sameAs":["https:\/\/www.facebook.com\/Portal-Urbano-171542830093757\/","https:\/\/twitter.com\/portalurbanook","https:\/\/www.instagram.com\/_portalurbano\/","https:\/\/www.youtube.com\/channel\/UCXhagIfszH8KxFiOok79zbA?view_as=subscriber"]},{"@type":"Person","@id":"https:\/\/experienciadevida.com.ar\/portalurbano\/#\/schema\/person\/02dd326b1c4b056e9cc972486934a3a7","name":"admpu17wp","image":{"@type":"ImageObject","inLanguage":"es","@id":"https:\/\/experienciadevida.com.ar\/portalurbano\/#\/schema\/person\/image\/","url":"https:\/\/secure.gravatar.com\/avatar\/830d4c57adaae6630765e449a6908047?s=96&d=mm&r=g","contentUrl":"https:\/\/secure.gravatar.com\/avatar\/830d4c57adaae6630765e449a6908047?s=96&d=mm&r=g","caption":"admpu17wp"}}]}},"featured_image_urls":{"full":["https:\/\/experienciadevida.com.ar\/portalurbano\/wp-content\/uploads\/2020\/09\/Alicia-Almada.png",823,455,false],"thumbnail":["https:\/\/experienciadevida.com.ar\/portalurbano\/wp-content\/uploads\/2020\/09\/Alicia-Almada-150x150.png",150,150,true],"medium":["https:\/\/experienciadevida.com.ar\/portalurbano\/wp-content\/uploads\/2020\/09\/Alicia-Almada-300x166.png",300,166,true],"medium_large":["https:\/\/experienciadevida.com.ar\/portalurbano\/wp-content\/uploads\/2020\/09\/Alicia-Almada-768x425.png",640,354,true],"large":["https:\/\/experienciadevida.com.ar\/portalurbano\/wp-content\/uploads\/2020\/09\/Alicia-Almada.png",640,354,false],"ug_big":["https:\/\/experienciadevida.com.ar\/portalurbano\/wp-content\/uploads\/2020\/09\/Alicia-Almada-768x425.png",768,425,true],"1536x1536":["https:\/\/experienciadevida.com.ar\/portalurbano\/wp-content\/uploads\/2020\/09\/Alicia-Almada.png",823,455,false],"2048x2048":["https:\/\/experienciadevida.com.ar\/portalurbano\/wp-content\/uploads\/2020\/09\/Alicia-Almada.png",823,455,false],"newsever-slider-full":["https:\/\/experienciadevida.com.ar\/portalurbano\/wp-content\/uploads\/2020\/09\/Alicia-Almada.png",823,455,false],"newsever-featured":["https:\/\/experienciadevida.com.ar\/portalurbano\/wp-content\/uploads\/2020\/09\/Alicia-Almada.png",823,455,false],"newsever-medium":["https:\/\/experienciadevida.com.ar\/portalurbano\/wp-content\/uploads\/2020\/09\/Alicia-Almada.png",720,398,false],"web-stories-poster-portrait":["https:\/\/experienciadevida.com.ar\/portalurbano\/wp-content\/uploads\/2020\/09\/Alicia-Almada.png",640,354,false],"web-stories-publisher-logo":["https:\/\/experienciadevida.com.ar\/portalurbano\/wp-content\/uploads\/2020\/09\/Alicia-Almada.png",96,53,false],"web-stories-thumbnail":["https:\/\/experienciadevida.com.ar\/portalurbano\/wp-content\/uploads\/2020\/09\/Alicia-Almada.png",150,83,false]},"author_info":{"display_name":"admpu17wp","author_link":"https:\/\/experienciadevida.com.ar\/portalurbano\/author\/admpu17wp\/"},"category_info":"<a href=\"https:\/\/experienciadevida.com.ar\/portalurbano\/category\/destacadas-2\/\" rel=\"category tag\">Destacadas 2<\/a> <a href=\"https:\/\/experienciadevida.com.ar\/portalurbano\/category\/politica\/\" rel=\"category tag\">Pol\u00edtica<\/a>","tag_info":"Pol\u00edtica","comment_count":"0","amp_enabled":true,"_links":{"self":[{"href":"https:\/\/experienciadevida.com.ar\/portalurbano\/wp-json\/wp\/v2\/posts\/144581"}],"collection":[{"href":"https:\/\/experienciadevida.com.ar\/portalurbano\/wp-json\/wp\/v2\/posts"}],"about":[{"href":"https:\/\/experienciadevida.com.ar\/portalurbano\/wp-json\/wp\/v2\/types\/post"}],"author":[{"embeddable":true,"href":"https:\/\/experienciadevida.com.ar\/portalurbano\/wp-json\/wp\/v2\/users\/1"}],"replies":[{"embeddable":true,"href":"https:\/\/experienciadevida.com.ar\/portalurbano\/wp-json\/wp\/v2\/comments?post=144581"}],"version-history":[{"count":2,"href":"https:\/\/experienciadevida.com.ar\/portalurbano\/wp-json\/wp\/v2\/posts\/144581\/revisions"}],"predecessor-version":[{"id":144586,"href":"https:\/\/experienciadevida.com.ar\/portalurbano\/wp-json\/wp\/v2\/posts\/144581\/revisions\/144586"}],"wp:featuredmedia":[{"embeddable":true,"href":"https:\/\/experienciadevida.com.ar\/portalurbano\/wp-json\/wp\/v2\/media\/122443"}],"wp:attachment":[{"href":"https:\/\/experienciadevida.com.ar\/portalurbano\/wp-json\/wp\/v2\/media?parent=144581"}],"wp:term":[{"taxonomy":"category","embeddable":true,"href":"https:\/\/experienciadevida.com.ar\/portalurbano\/wp-json\/wp\/v2\/categories?post=144581"},{"taxonomy":"post_tag","embeddable":true,"href":"https:\/\/experienciadevida.com.ar\/portalurbano\/wp-json\/wp\/v2\/tags?post=144581"}],"curies":[{"name":"wp","href":"https:\/\/api.w.org\/{rel}","templated":true}]}}