{"id":144518,"date":"2021-06-05T17:27:35","date_gmt":"2021-06-05T20:27:35","guid":{"rendered":"https:\/\/experienciadevida.com.ar\/portalurbano\/?p=144518"},"modified":"2021-06-05T17:27:35","modified_gmt":"2021-06-05T20:27:35","slug":"informe-sanitario-se-registraron-21-casos-positivos-y-102-altas-medicas","status":"publish","type":"post","link":"https:\/\/experienciadevida.com.ar\/portalurbano\/informe-sanitario-se-registraron-21-casos-positivos-y-102-altas-medicas\/","title":{"rendered":"Informe Sanitario: Se registraron 21 casos positivos y 102 altas m\u00e9dicas"},"content":{"rendered":"<p>La Secretar\u00eda de Salud del Gobierno Municipal inform\u00f3 este s\u00e1bado 5 de junio que falleci\u00f3 un paciente que hab\u00eda resultado positivo para Covid-19.<\/p>\n<p>Seg\u00fan indicaron, se trata de un paciente de sexo masculino de 91 a\u00f1os que estaba internado en Cl\u00ednica Covid del Hospital Municipal \u201cDr. H\u00e9ctor Cura\u201d desde hace 11 d\u00edas.<\/p>\n<p>Adem\u00e1s, este s\u00e1bado 5 de junio se registraron 21 nuevos casos de Covid-19 en el partido de Olavarr\u00eda,\u00a0<strong>hubo 102 pacientes que recibieron el alta m\u00e9dica<\/strong>\u00a0y se descartaron 82. El total de pacientes activos es de 518.\u00a0<strong>En el d\u00eda de la fecha se realizaron 103 testeos y casi cuarenta mil desde el comienzo de la pandemia.\u00a0<\/strong><\/p>\n<p>Sobre el estado actual del Hospital, se indic\u00f3 que hay diecis\u00e9is pacientes en Unidad de Terapia Intensiva y veinticuatro en Cuidados Generales.<\/p>\n<p>En este sentido, desde la Secretar\u00eda de Salud Municipal aseguraron que el 89% de los casos positivos corresponden a personas con menos de 60 a\u00f1os y el 11% a mayores de 60 a\u00f1os.<\/p>\n<p>El intendente Ezequiel Galli y la Municipalidad de Olavarr\u00eda env\u00edan condolencias a los familiares y amigos de la persona fallecida.<\/p>\n","protected":false},"excerpt":{"rendered":"<p>La Secretar\u00eda de Salud del Gobierno Municipal inform\u00f3 este s\u00e1bado 5 de junio que falleci\u00f3&#8230;<\/p>\n","protected":false},"author":1,"featured_media":127657,"comment_status":"closed","ping_status":"closed","sticky":false,"template":"","format":"standard","meta":{"content-type":""},"categories":[27,51],"tags":[],"nelio_content":{"isAutoShareEnabled":false,"autoShareEndMode":"default","automationSources":{"useContentSentences":true,"useSocialTemplates":true,"useCustomSentences":false,"customSentences":[]},"followers":[1],"suggestedReferences":[],"includedReferences":[],"efiUrl":"","efiAlt":"","highlights":[]},"yoast_head":"<!-- This site is optimized with the Yoast SEO plugin v20.7 - https:\/\/yoast.com\/wordpress\/plugins\/seo\/ -->\n<title>Informe Sanitario: Se registraron 21 casos positivos y 102 altas m\u00e9dicas -<\/title>\n<meta name=\"robots\" content=\"index, follow, max-snippet:-1, max-image-preview:large, max-video-preview:-1\" \/>\n<link rel=\"canonical\" href=\"https:\/\/experienciadevida.com.ar\/portalurbano\/informe-sanitario-se-registraron-21-casos-positivos-y-102-altas-medicas\/\" \/>\n<meta property=\"og:locale\" content=\"es_ES\" \/>\n<meta property=\"og:type\" content=\"article\" \/>\n<meta property=\"og:title\" content=\"Informe Sanitario: Se registraron 21 casos positivos y 102 altas m\u00e9dicas -\" \/>\n<meta property=\"og:description\" content=\"La Secretar\u00eda de Salud del Gobierno Municipal inform\u00f3 este s\u00e1bado 5 de junio que falleci\u00f3...\" \/>\n<meta property=\"og:url\" content=\"https:\/\/experienciadevida.com.ar\/portalurbano\/informe-sanitario-se-registraron-21-casos-positivos-y-102-altas-medicas\/\" \/>\n<meta property=\"article:publisher\" content=\"https:\/\/www.facebook.com\/Portal-Urbano-171542830093757\/\" \/>\n<meta property=\"article:published_time\" content=\"2021-06-05T20:27:35+00:00\" \/>\n<meta property=\"og:image\" content=\"https:\/\/experienciadevida.com.ar\/portalurbano\/wp-content\/uploads\/2020\/11\/Salud-Modulo-testeos-Hospital-1-1024x682-1-e1605739595967.jpg\" \/>\n\t<meta property=\"og:image:width\" content=\"750\" \/>\n\t<meta property=\"og:image:height\" content=\"500\" \/>\n\t<meta property=\"og:image:type\" content=\"image\/jpeg\" \/>\n<meta name=\"author\" content=\"admpu17wp\" \/>\n<meta name=\"twitter:card\" content=\"summary_large_image\" \/>\n<meta name=\"twitter:creator\" content=\"@portalurbanook\" \/>\n<meta name=\"twitter:site\" content=\"@portalurbanook\" \/>\n<meta name=\"twitter:label1\" content=\"Escrito por\" \/>\n\t<meta name=\"twitter:data1\" content=\"admpu17wp\" \/>\n\t<meta name=\"twitter:label2\" content=\"Tiempo de lectura\" \/>\n\t<meta name=\"twitter:data2\" content=\"1 minuto\" \/>\n<script type=\"application\/ld+json\" class=\"yoast-schema-graph\">{\"@context\":\"https:\/\/schema.org\",\"@graph\":[{\"@type\":\"Article\",\"@id\":\"https:\/\/experienciadevida.com.ar\/portalurbano\/informe-sanitario-se-registraron-21-casos-positivos-y-102-altas-medicas\/#article\",\"isPartOf\":{\"@id\":\"https:\/\/experienciadevida.com.ar\/portalurbano\/informe-sanitario-se-registraron-21-casos-positivos-y-102-altas-medicas\/\"},\"author\":{\"name\":\"admpu17wp\",\"@id\":\"https:\/\/experienciadevida.com.ar\/portalurbano\/#\/schema\/person\/02dd326b1c4b056e9cc972486934a3a7\"},\"headline\":\"Informe Sanitario: Se registraron 21 casos positivos y 102 altas m\u00e9dicas\",\"datePublished\":\"2021-06-05T20:27:35+00:00\",\"dateModified\":\"2021-06-05T20:27:35+00:00\",\"mainEntityOfPage\":{\"@id\":\"https:\/\/experienciadevida.com.ar\/portalurbano\/informe-sanitario-se-registraron-21-casos-positivos-y-102-altas-medicas\/\"},\"wordCount\":201,\"publisher\":{\"@id\":\"https:\/\/experienciadevida.com.ar\/portalurbano\/#organization\"},\"articleSection\":[\"Ciudad\",\"Destacadas\"],\"inLanguage\":\"es\"},{\"@type\":\"WebPage\",\"@id\":\"https:\/\/experienciadevida.com.ar\/portalurbano\/informe-sanitario-se-registraron-21-casos-positivos-y-102-altas-medicas\/\",\"url\":\"https:\/\/experienciadevida.com.ar\/portalurbano\/informe-sanitario-se-registraron-21-casos-positivos-y-102-altas-medicas\/\",\"name\":\"Informe Sanitario: Se registraron 21 casos positivos y 102 altas m\u00e9dicas -\",\"isPartOf\":{\"@id\":\"https:\/\/experienciadevida.com.ar\/portalurbano\/#website\"},\"datePublished\":\"2021-06-05T20:27:35+00:00\",\"dateModified\":\"2021-06-05T20:27:35+00:00\",\"breadcrumb\":{\"@id\":\"https:\/\/experienciadevida.com.ar\/portalurbano\/informe-sanitario-se-registraron-21-casos-positivos-y-102-altas-medicas\/#breadcrumb\"},\"inLanguage\":\"es\",\"potentialAction\":[{\"@type\":\"ReadAction\",\"target\":[\"https:\/\/experienciadevida.com.ar\/portalurbano\/informe-sanitario-se-registraron-21-casos-positivos-y-102-altas-medicas\/\"]}]},{\"@type\":\"BreadcrumbList\",\"@id\":\"https:\/\/experienciadevida.com.ar\/portalurbano\/informe-sanitario-se-registraron-21-casos-positivos-y-102-altas-medicas\/#breadcrumb\",\"itemListElement\":[{\"@type\":\"ListItem\",\"position\":1,\"name\":\"Portada\",\"item\":\"https:\/\/experienciadevida.com.ar\/portalurbano\/\"},{\"@type\":\"ListItem\",\"position\":2,\"name\":\"Informe Sanitario: Se registraron 21 casos positivos y 102 altas m\u00e9dicas\"}]},{\"@type\":\"WebSite\",\"@id\":\"https:\/\/experienciadevida.com.ar\/portalurbano\/#website\",\"url\":\"https:\/\/experienciadevida.com.ar\/portalurbano\/\",\"name\":\"\",\"description\":\"\",\"publisher\":{\"@id\":\"https:\/\/experienciadevida.com.ar\/portalurbano\/#organization\"},\"potentialAction\":[{\"@type\":\"SearchAction\",\"target\":{\"@type\":\"EntryPoint\",\"urlTemplate\":\"https:\/\/experienciadevida.com.ar\/portalurbano\/?s={search_term_string}\"},\"query-input\":\"required name=search_term_string\"}],\"inLanguage\":\"es\"},{\"@type\":\"Organization\",\"@id\":\"https:\/\/experienciadevida.com.ar\/portalurbano\/#organization\",\"name\":\"Portal Urbano\",\"url\":\"https:\/\/experienciadevida.com.ar\/portalurbano\/\",\"logo\":{\"@type\":\"ImageObject\",\"inLanguage\":\"es\",\"@id\":\"https:\/\/experienciadevida.com.ar\/portalurbano\/#\/schema\/logo\/image\/\",\"url\":\"https:\/\/experienciadevida.com.ar\/portalurbano\/wp-content\/uploads\/2019\/09\/Logo-Original.png\",\"contentUrl\":\"https:\/\/experienciadevida.com.ar\/portalurbano\/wp-content\/uploads\/2019\/09\/Logo-Original.png\",\"width\":2236,\"height\":1216,\"caption\":\"Portal Urbano\"},\"image\":{\"@id\":\"https:\/\/experienciadevida.com.ar\/portalurbano\/#\/schema\/logo\/image\/\"},\"sameAs\":[\"https:\/\/www.facebook.com\/Portal-Urbano-171542830093757\/\",\"https:\/\/twitter.com\/portalurbanook\",\"https:\/\/www.instagram.com\/_portalurbano\/\",\"https:\/\/www.youtube.com\/channel\/UCXhagIfszH8KxFiOok79zbA?view_as=subscriber\"]},{\"@type\":\"Person\",\"@id\":\"https:\/\/experienciadevida.com.ar\/portalurbano\/#\/schema\/person\/02dd326b1c4b056e9cc972486934a3a7\",\"name\":\"admpu17wp\",\"image\":{\"@type\":\"ImageObject\",\"inLanguage\":\"es\",\"@id\":\"https:\/\/experienciadevida.com.ar\/portalurbano\/#\/schema\/person\/image\/\",\"url\":\"https:\/\/secure.gravatar.com\/avatar\/830d4c57adaae6630765e449a6908047?s=96&d=mm&r=g\",\"contentUrl\":\"https:\/\/secure.gravatar.com\/avatar\/830d4c57adaae6630765e449a6908047?s=96&d=mm&r=g\",\"caption\":\"admpu17wp\"}}]}<\/script>\n<!-- \/ Yoast SEO plugin. -->","yoast_head_json":{"title":"Informe Sanitario: Se registraron 21 casos positivos y 102 altas m\u00e9dicas -","robots":{"index":"index","follow":"follow","max-snippet":"max-snippet:-1","max-image-preview":"max-image-preview:large","max-video-preview":"max-video-preview:-1"},"canonical":"https:\/\/experienciadevida.com.ar\/portalurbano\/informe-sanitario-se-registraron-21-casos-positivos-y-102-altas-medicas\/","og_locale":"es_ES","og_type":"article","og_title":"Informe Sanitario: Se registraron 21 casos positivos y 102 altas m\u00e9dicas -","og_description":"La Secretar\u00eda de Salud del Gobierno Municipal inform\u00f3 este s\u00e1bado 5 de junio que falleci\u00f3...","og_url":"https:\/\/experienciadevida.com.ar\/portalurbano\/informe-sanitario-se-registraron-21-casos-positivos-y-102-altas-medicas\/","article_publisher":"https:\/\/www.facebook.com\/Portal-Urbano-171542830093757\/","article_published_time":"2021-06-05T20:27:35+00:00","og_image":[{"width":750,"height":500,"url":"https:\/\/experienciadevida.com.ar\/portalurbano\/wp-content\/uploads\/2020\/11\/Salud-Modulo-testeos-Hospital-1-1024x682-1-e1605739595967.jpg","type":"image\/jpeg"}],"author":"admpu17wp","twitter_card":"summary_large_image","twitter_creator":"@portalurbanook","twitter_site":"@portalurbanook","twitter_misc":{"Escrito por":"admpu17wp","Tiempo de lectura":"1 minuto"},"schema":{"@context":"https:\/\/schema.org","@graph":[{"@type":"Article","@id":"https:\/\/experienciadevida.com.ar\/portalurbano\/informe-sanitario-se-registraron-21-casos-positivos-y-102-altas-medicas\/#article","isPartOf":{"@id":"https:\/\/experienciadevida.com.ar\/portalurbano\/informe-sanitario-se-registraron-21-casos-positivos-y-102-altas-medicas\/"},"author":{"name":"admpu17wp","@id":"https:\/\/experienciadevida.com.ar\/portalurbano\/#\/schema\/person\/02dd326b1c4b056e9cc972486934a3a7"},"headline":"Informe Sanitario: Se registraron 21 casos positivos y 102 altas m\u00e9dicas","datePublished":"2021-06-05T20:27:35+00:00","dateModified":"2021-06-05T20:27:35+00:00","mainEntityOfPage":{"@id":"https:\/\/experienciadevida.com.ar\/portalurbano\/informe-sanitario-se-registraron-21-casos-positivos-y-102-altas-medicas\/"},"wordCount":201,"publisher":{"@id":"https:\/\/experienciadevida.com.ar\/portalurbano\/#organization"},"articleSection":["Ciudad","Destacadas"],"inLanguage":"es"},{"@type":"WebPage","@id":"https:\/\/experienciadevida.com.ar\/portalurbano\/informe-sanitario-se-registraron-21-casos-positivos-y-102-altas-medicas\/","url":"https:\/\/experienciadevida.com.ar\/portalurbano\/informe-sanitario-se-registraron-21-casos-positivos-y-102-altas-medicas\/","name":"Informe Sanitario: Se registraron 21 casos positivos y 102 altas m\u00e9dicas -","isPartOf":{"@id":"https:\/\/experienciadevida.com.ar\/portalurbano\/#website"},"datePublished":"2021-06-05T20:27:35+00:00","dateModified":"2021-06-05T20:27:35+00:00","breadcrumb":{"@id":"https:\/\/experienciadevida.com.ar\/portalurbano\/informe-sanitario-se-registraron-21-casos-positivos-y-102-altas-medicas\/#breadcrumb"},"inLanguage":"es","potentialAction":[{"@type":"ReadAction","target":["https:\/\/experienciadevida.com.ar\/portalurbano\/informe-sanitario-se-registraron-21-casos-positivos-y-102-altas-medicas\/"]}]},{"@type":"BreadcrumbList","@id":"https:\/\/experienciadevida.com.ar\/portalurbano\/informe-sanitario-se-registraron-21-casos-positivos-y-102-altas-medicas\/#breadcrumb","itemListElement":[{"@type":"ListItem","position":1,"name":"Portada","item":"https:\/\/experienciadevida.com.ar\/portalurbano\/"},{"@type":"ListItem","position":2,"name":"Informe Sanitario: Se registraron 21 casos positivos y 102 altas m\u00e9dicas"}]},{"@type":"WebSite","@id":"https:\/\/experienciadevida.com.ar\/portalurbano\/#website","url":"https:\/\/experienciadevida.com.ar\/portalurbano\/","name":"","description":"","publisher":{"@id":"https:\/\/experienciadevida.com.ar\/portalurbano\/#organization"},"potentialAction":[{"@type":"SearchAction","target":{"@type":"EntryPoint","urlTemplate":"https:\/\/experienciadevida.com.ar\/portalurbano\/?s={search_term_string}"},"query-input":"required name=search_term_string"}],"inLanguage":"es"},{"@type":"Organization","@id":"https:\/\/experienciadevida.com.ar\/portalurbano\/#organization","name":"Portal Urbano","url":"https:\/\/experienciadevida.com.ar\/portalurbano\/","logo":{"@type":"ImageObject","inLanguage":"es","@id":"https:\/\/experienciadevida.com.ar\/portalurbano\/#\/schema\/logo\/image\/","url":"https:\/\/experienciadevida.com.ar\/portalurbano\/wp-content\/uploads\/2019\/09\/Logo-Original.png","contentUrl":"https:\/\/experienciadevida.com.ar\/portalurbano\/wp-content\/uploads\/2019\/09\/Logo-Original.png","width":2236,"height":1216,"caption":"Portal Urbano"},"image":{"@id":"https:\/\/experienciadevida.com.ar\/portalurbano\/#\/schema\/logo\/image\/"},"sameAs":["https:\/\/www.facebook.com\/Portal-Urbano-171542830093757\/","https:\/\/twitter.com\/portalurbanook","https:\/\/www.instagram.com\/_portalurbano\/","https:\/\/www.youtube.com\/channel\/UCXhagIfszH8KxFiOok79zbA?view_as=subscriber"]},{"@type":"Person","@id":"https:\/\/experienciadevida.com.ar\/portalurbano\/#\/schema\/person\/02dd326b1c4b056e9cc972486934a3a7","name":"admpu17wp","image":{"@type":"ImageObject","inLanguage":"es","@id":"https:\/\/experienciadevida.com.ar\/portalurbano\/#\/schema\/person\/image\/","url":"https:\/\/secure.gravatar.com\/avatar\/830d4c57adaae6630765e449a6908047?s=96&d=mm&r=g","contentUrl":"https:\/\/secure.gravatar.com\/avatar\/830d4c57adaae6630765e449a6908047?s=96&d=mm&r=g","caption":"admpu17wp"}}]}},"featured_image_urls":{"full":["https:\/\/experienciadevida.com.ar\/portalurbano\/wp-content\/uploads\/2020\/11\/Salud-Modulo-testeos-Hospital-1-1024x682-1-e1605739595967.jpg",750,500,false],"thumbnail":["https:\/\/experienciadevida.com.ar\/portalurbano\/wp-content\/uploads\/2020\/11\/Salud-Modulo-testeos-Hospital-1-1024x682-1-150x150.jpg",150,150,true],"medium":["https:\/\/experienciadevida.com.ar\/portalurbano\/wp-content\/uploads\/2020\/11\/Salud-Modulo-testeos-Hospital-1-1024x682-1-300x200.jpg",300,200,true],"medium_large":["https:\/\/experienciadevida.com.ar\/portalurbano\/wp-content\/uploads\/2020\/11\/Salud-Modulo-testeos-Hospital-1-1024x682-1-768x512.jpg",640,427,true],"large":["https:\/\/experienciadevida.com.ar\/portalurbano\/wp-content\/uploads\/2020\/11\/Salud-Modulo-testeos-Hospital-1-1024x682-1-e1605739595967.jpg",640,427,false],"ug_big":["https:\/\/experienciadevida.com.ar\/portalurbano\/wp-content\/uploads\/2020\/11\/Salud-Modulo-testeos-Hospital-1-1024x682-1-768x512.jpg",768,512,true],"1536x1536":["https:\/\/experienciadevida.com.ar\/portalurbano\/wp-content\/uploads\/2020\/11\/Salud-Modulo-testeos-Hospital-1-1024x682-1-e1605739595967.jpg",750,500,false],"2048x2048":["https:\/\/experienciadevida.com.ar\/portalurbano\/wp-content\/uploads\/2020\/11\/Salud-Modulo-testeos-Hospital-1-1024x682-1-e1605739595967.jpg",750,500,false],"newsever-slider-full":["https:\/\/experienciadevida.com.ar\/portalurbano\/wp-content\/uploads\/2020\/11\/Salud-Modulo-testeos-Hospital-1-1024x682-1-e1605739595967.jpg",750,500,false],"newsever-featured":["https:\/\/experienciadevida.com.ar\/portalurbano\/wp-content\/uploads\/2020\/11\/Salud-Modulo-testeos-Hospital-1-1024x682-1-e1605739595967.jpg",750,500,false],"newsever-medium":["https:\/\/experienciadevida.com.ar\/portalurbano\/wp-content\/uploads\/2020\/11\/Salud-Modulo-testeos-Hospital-1-1024x682-1-e1605739595967.jpg",713,475,false],"web-stories-poster-portrait":["https:\/\/experienciadevida.com.ar\/portalurbano\/wp-content\/uploads\/2020\/11\/Salud-Modulo-testeos-Hospital-1-1024x682-1-e1605739595967.jpg",640,427,false],"web-stories-publisher-logo":["https:\/\/experienciadevida.com.ar\/portalurbano\/wp-content\/uploads\/2020\/11\/Salud-Modulo-testeos-Hospital-1-1024x682-1-e1605739595967.jpg",96,64,false],"web-stories-thumbnail":["https:\/\/experienciadevida.com.ar\/portalurbano\/wp-content\/uploads\/2020\/11\/Salud-Modulo-testeos-Hospital-1-1024x682-1-e1605739595967.jpg",150,100,false]},"author_info":{"display_name":"admpu17wp","author_link":"https:\/\/experienciadevida.com.ar\/portalurbano\/author\/admpu17wp\/"},"category_info":"<a href=\"https:\/\/experienciadevida.com.ar\/portalurbano\/category\/ciudad\/\" rel=\"category tag\">Ciudad<\/a> <a href=\"https:\/\/experienciadevida.com.ar\/portalurbano\/category\/destacadas\/\" rel=\"category tag\">Destacadas<\/a>","tag_info":"Destacadas","comment_count":"0","amp_enabled":true,"_links":{"self":[{"href":"https:\/\/experienciadevida.com.ar\/portalurbano\/wp-json\/wp\/v2\/posts\/144518"}],"collection":[{"href":"https:\/\/experienciadevida.com.ar\/portalurbano\/wp-json\/wp\/v2\/posts"}],"about":[{"href":"https:\/\/experienciadevida.com.ar\/portalurbano\/wp-json\/wp\/v2\/types\/post"}],"author":[{"embeddable":true,"href":"https:\/\/experienciadevida.com.ar\/portalurbano\/wp-json\/wp\/v2\/users\/1"}],"replies":[{"embeddable":true,"href":"https:\/\/experienciadevida.com.ar\/portalurbano\/wp-json\/wp\/v2\/comments?post=144518"}],"version-history":[{"count":1,"href":"https:\/\/experienciadevida.com.ar\/portalurbano\/wp-json\/wp\/v2\/posts\/144518\/revisions"}],"predecessor-version":[{"id":144519,"href":"https:\/\/experienciadevida.com.ar\/portalurbano\/wp-json\/wp\/v2\/posts\/144518\/revisions\/144519"}],"wp:featuredmedia":[{"embeddable":true,"href":"https:\/\/experienciadevida.com.ar\/portalurbano\/wp-json\/wp\/v2\/media\/127657"}],"wp:attachment":[{"href":"https:\/\/experienciadevida.com.ar\/portalurbano\/wp-json\/wp\/v2\/media?parent=144518"}],"wp:term":[{"taxonomy":"category","embeddable":true,"href":"https:\/\/experienciadevida.com.ar\/portalurbano\/wp-json\/wp\/v2\/categories?post=144518"},{"taxonomy":"post_tag","embeddable":true,"href":"https:\/\/experienciadevida.com.ar\/portalurbano\/wp-json\/wp\/v2\/tags?post=144518"}],"curies":[{"name":"wp","href":"https:\/\/api.w.org\/{rel}","templated":true}]}}