{"id":144504,"date":"2021-06-05T12:25:59","date_gmt":"2021-06-05T15:25:59","guid":{"rendered":"https:\/\/experienciadevida.com.ar\/portalurbano\/?p=144504"},"modified":"2021-06-05T12:29:53","modified_gmt":"2021-06-05T15:29:53","slug":"el-intendente-galli-inauguro-la-obra-de-ampliacion-del-relleno-sanitario","status":"publish","type":"post","link":"https:\/\/experienciadevida.com.ar\/portalurbano\/el-intendente-galli-inauguro-la-obra-de-ampliacion-del-relleno-sanitario\/","title":{"rendered":"El intendente Galli inaugur\u00f3 la obra de ampliaci\u00f3n del Relleno Sanitario"},"content":{"rendered":"<p>Relleno Sanitario. En la ma\u00f1ana de este s\u00e1bado, el intendente Ezequiel Galli, visit\u00f3 la planta del Relleno Sanitario \u2013instalada en el predio de Ituzaing\u00f3 Norte- para dejar inaugurada la obra de ampliaci\u00f3n que se llev\u00f3 adelante, con una inversi\u00f3n superior a los 22 millones de pesos, que permitir\u00e1 aumentar su capacidad para el tratamiento y disposici\u00f3n final de los residuos que generamos a diario, en cuidado con el ambiente y la salud.<\/p>\n<p><a href=\"https:\/\/experienciadevida.com.ar\/portalurbano\/el-intendente-galli-inauguro-la-obra-de-ampliacion-del-relleno-sanitario\/obras-inauguracion-celda-relleno-3-scaled\/\" rel=\"attachment wp-att-144505\"><img decoding=\"async\" class=\"size-large wp-image-144505 aligncenter\" src=\"https:\/\/experienciadevida.com.ar\/portalurbano\/wp-content\/uploads\/2021\/06\/Obras-Inauguracion-Celda-Relleno-3-scaled-1-1024x684.jpg\" alt=\"\" width=\"900\" height=\"601\" \/><\/a><\/p>\n<p>Durante el acto, estuvo acompa\u00f1ado por el presidente del Concejo Deliberante Bruno Cenizo, el secretario de Gobierno Hilario Galli, el secretario de Mantenimiento y Obras P\u00fablicas Julio Ferraro, el secretario de Desarrollo Econ\u00f3mico Julio Valetutto, la subsecretaria de Empresas e Inversiones Emilia D\u00edaz y el director del \u00c1rea de Contralor de Servicios Emanuel Laportilla.<\/p>\n<p>Tambi\u00e9n se encontraban presentes autoridades de la empresa Transportes Malvinas, el gerente de Operaciones Marcos Panaggio y el supervisor del Relleno Sanitario Gustavo Pistelli.<\/p>\n<p><em>\u201cElegimos este 5 de junio: D\u00eda Mundial del Ambiente para hacer esta inauguraci\u00f3n, Es una obra que era muy necesaria porque los rellenos tienen una vida \u00fatil y esto nos da la posibilidad de seguir gestionando correctamente nuestros residuos, como exigen las normas\u201d,<\/em>\u00a0se\u00f1al\u00f3 el Intendente.<\/p>\n<p><em>\u201cSomos uno de los pocos municipios en la provincia de Buenos Aires con certificaci\u00f3n ISO 14001, nos enorgullece y responde al gran trabajo que est\u00e1 realizando la empresa, en conjunto con el equipo de la Municipalidad\u201d,<\/em>\u00a0destac\u00f3 Galli.<\/p>\n<p>Para el Intendente esta obra implica\u00a0<em>\u201cseguir creciendo y darles a los vecinos de Olavarr\u00eda la tranquilidad de que nuestros residuos no contaminan el medio ambiente, ni las napas\u201d.<\/em><\/p>\n<p><em>\u201cRealmente nos enorgullece y nos parece importante hacer la inauguraci\u00f3n de esta obra\u201d,\u00a0<\/em>asever\u00f3.<\/p>\n<p>En el marco del acto de inauguraci\u00f3n, sostuvo que\u00a0<em>\u201cvamos a seguir trabajando por este camino, tratando de lograr que de a poco podamos empezar a hacer separaci\u00f3n y depositar cada vez menos residuos y aprovechar aquellos que tienen un valor econ\u00f3mico y que se pueden comercializar\u201d.<\/em><\/p>\n<p><em>\u201cEs un gran trabajo articulado que venimos haciendo y queremos seguir en este camino\u201d,<\/em>\u00a0agreg\u00f3.<\/p>\n<p><em>\u201cEs una obra que est\u00e1 financiada con el Fondo de Infraestructura Municipal (FIM) que arranc\u00f3 en la gobernaci\u00f3n de Mar\u00eda Eugenia Vidal en el 2016 y que se ha podido continuar. Es una gran noticia para los 135 municipios de la provincia, que podamos recibir fondos de manera equitativa y que podamos destinarlo a obras que le cambian la vida a los vecinos\u201d,\u00a0<\/em>concluy\u00f3.<\/p>\n<p>Previamente a las palabras del Intendente, el gerente de Operaciones de Malvinas Marcos Panaggio, explic\u00f3 a modo general c\u00f3mo se desarrolla el tratamiento de residuos y se refiri\u00f3 adem\u00e1s a la importancia que reviste esta obra, que fue finalmente inaugurada este 5 de junio: D\u00eda Mundial del Ambiente.<\/p>\n<p>Los residuos s\u00f3lidos urbanos se depositan en una celda hasta completarla y una vez ocupada totalmente, reci\u00e9n en ese momento se abre la celda siguiente.<\/p>\n<p>Cada vez que se depositan residuos, se acomodan mediante maquinarias y se tapan con tierra al finalizar cada jornada. De esta manera se evitan que se vuelen los residuos y proliferen vectores. Esta t\u00e9cnica de disposici\u00f3n final, que utiliza principios de ingenier\u00eda para confinar la basura en un \u00e1rea lo m\u00e1s peque\u00f1a posible, reduce su volumen al m\u00ednimo practicable y no causa perjuicios al ambiente ni peligros a la salud y seguridad p\u00fablica.<\/p>\n<p>Debido a su carga bacteriol\u00f3gica y qu\u00edmica los lixiviados deben ser tratados antes de verterlos en medios naturales ya que pueden contaminar las aguas superficiales, subterr\u00e1neas o el suelo.<\/p>\n<p>En nuestro Relleno Sanitario, la planta de tratamiento de este tipo de l\u00edquidos se compone de un cuenco de homogeneizaci\u00f3n, una laguna facultativa, una c\u00e1mara de dep\u00f3sito de f\u00f3sforo y un sistema de cuencos rizomatosos.<\/p>\n<p>El Relleno Sanitario de Olavarr\u00eda se encuentra posicionado entre los mejores del pa\u00eds: est\u00e1 certificado bajo las normas ISO, en lo que respecta a todo el proceso de tratamiento de residuos s\u00f3lidos y urbanos: recolecci\u00f3n, tratamiento y disposici\u00f3n.<\/p>\n<p>Se estima que el Relleno ser\u00e1 \u00fatil hasta el a\u00f1o 2035, dependiendo del consumo y los niveles de residuos que genere la comunidad. Contar con este tipo de obras en la ciudad es de suma importancia, ya que de esta manera estamos protegiendo el suelo, el agua, el aire y la salud humana.<\/p>\n<p>Por \u00faltimo, cabe agregar que la construcci\u00f3n de la segunda etapa de la Celda N\u00b0 5 -que se inici\u00f3 el 1\u00ba de diciembre de 2020- se ejecut\u00f3 con recursos provinciales del Fondo de Infraestructura Municipal (FIM) con una inversi\u00f3n de $22.419.645,40 y estuvo a cargo de Transportes Malvinas.<\/p>\n","protected":false},"excerpt":{"rendered":"<p>Relleno Sanitario. En la ma\u00f1ana de este s\u00e1bado, el intendente Ezequiel Galli, visit\u00f3 la planta&#8230;<\/p>\n","protected":false},"author":1,"featured_media":144506,"comment_status":"closed","ping_status":"closed","sticky":false,"template":"","format":"standard","meta":{"content-type":""},"categories":[27,51],"tags":[644],"nelio_content":{"isAutoShareEnabled":false,"autoShareEndMode":"default","automationSources":{"useContentSentences":true,"useSocialTemplates":true,"useCustomSentences":false,"customSentences":[]},"followers":[1],"suggestedReferences":[],"includedReferences":[],"efiUrl":"","efiAlt":"","highlights":[]},"yoast_head":"<!-- This site is optimized with the Yoast SEO plugin v20.7 - https:\/\/yoast.com\/wordpress\/plugins\/seo\/ -->\n<title>El intendente Galli inaugur\u00f3 la obra de ampliaci\u00f3n del Relleno Sanitario<\/title>\n<meta name=\"description\" content=\"En la ma\u00f1ana de este s\u00e1bado, el intendente Ezequiel Galli, visit\u00f3 la planta del Relleno Sanitario \u2013instalada en el predio de Ituzaing\u00f3 Norte\" \/>\n<meta name=\"robots\" content=\"index, follow, max-snippet:-1, max-image-preview:large, max-video-preview:-1\" \/>\n<link rel=\"canonical\" href=\"https:\/\/experienciadevida.com.ar\/portalurbano\/el-intendente-galli-inauguro-la-obra-de-ampliacion-del-relleno-sanitario\/\" \/>\n<meta property=\"og:locale\" content=\"es_ES\" \/>\n<meta property=\"og:type\" content=\"article\" \/>\n<meta property=\"og:title\" content=\"El intendente Galli inaugur\u00f3 la obra de ampliaci\u00f3n del Relleno Sanitario\" \/>\n<meta property=\"og:description\" content=\"En la ma\u00f1ana de este s\u00e1bado, el intendente Ezequiel Galli, visit\u00f3 la planta del Relleno Sanitario \u2013instalada en el predio de Ituzaing\u00f3 Norte\" \/>\n<meta property=\"og:url\" content=\"https:\/\/experienciadevida.com.ar\/portalurbano\/el-intendente-galli-inauguro-la-obra-de-ampliacion-del-relleno-sanitario\/\" \/>\n<meta property=\"article:publisher\" content=\"https:\/\/www.facebook.com\/Portal-Urbano-171542830093757\/\" \/>\n<meta property=\"article:published_time\" content=\"2021-06-05T15:25:59+00:00\" \/>\n<meta property=\"article:modified_time\" content=\"2021-06-05T15:29:53+00:00\" \/>\n<meta property=\"og:image\" content=\"https:\/\/experienciadevida.com.ar\/portalurbano\/wp-content\/uploads\/2021\/06\/Obras-Inauguracion-Celda-Relleno-1-scaled-1-e1622906705532.jpg\" \/>\n\t<meta property=\"og:image:width\" content=\"800\" \/>\n\t<meta property=\"og:image:height\" content=\"535\" \/>\n\t<meta property=\"og:image:type\" content=\"image\/jpeg\" \/>\n<meta name=\"author\" content=\"admpu17wp\" \/>\n<meta name=\"twitter:card\" content=\"summary_large_image\" \/>\n<meta name=\"twitter:creator\" content=\"@portalurbanook\" \/>\n<meta name=\"twitter:site\" content=\"@portalurbanook\" \/>\n<meta name=\"twitter:label1\" content=\"Escrito por\" \/>\n\t<meta name=\"twitter:data1\" content=\"admpu17wp\" \/>\n\t<meta name=\"twitter:label2\" content=\"Tiempo de lectura\" \/>\n\t<meta name=\"twitter:data2\" content=\"4 minutos\" \/>\n<script type=\"application\/ld+json\" class=\"yoast-schema-graph\">{\"@context\":\"https:\/\/schema.org\",\"@graph\":[{\"@type\":\"Article\",\"@id\":\"https:\/\/experienciadevida.com.ar\/portalurbano\/el-intendente-galli-inauguro-la-obra-de-ampliacion-del-relleno-sanitario\/#article\",\"isPartOf\":{\"@id\":\"https:\/\/experienciadevida.com.ar\/portalurbano\/el-intendente-galli-inauguro-la-obra-de-ampliacion-del-relleno-sanitario\/\"},\"author\":{\"name\":\"admpu17wp\",\"@id\":\"https:\/\/experienciadevida.com.ar\/portalurbano\/#\/schema\/person\/02dd326b1c4b056e9cc972486934a3a7\"},\"headline\":\"El intendente Galli inaugur\u00f3 la obra de ampliaci\u00f3n del Relleno Sanitario\",\"datePublished\":\"2021-06-05T15:25:59+00:00\",\"dateModified\":\"2021-06-05T15:29:53+00:00\",\"mainEntityOfPage\":{\"@id\":\"https:\/\/experienciadevida.com.ar\/portalurbano\/el-intendente-galli-inauguro-la-obra-de-ampliacion-del-relleno-sanitario\/\"},\"wordCount\":803,\"publisher\":{\"@id\":\"https:\/\/experienciadevida.com.ar\/portalurbano\/#organization\"},\"keywords\":[\"Relleno Sanitario\"],\"articleSection\":[\"Ciudad\",\"Destacadas\"],\"inLanguage\":\"es\"},{\"@type\":\"WebPage\",\"@id\":\"https:\/\/experienciadevida.com.ar\/portalurbano\/el-intendente-galli-inauguro-la-obra-de-ampliacion-del-relleno-sanitario\/\",\"url\":\"https:\/\/experienciadevida.com.ar\/portalurbano\/el-intendente-galli-inauguro-la-obra-de-ampliacion-del-relleno-sanitario\/\",\"name\":\"El intendente Galli inaugur\u00f3 la obra de ampliaci\u00f3n del Relleno Sanitario\",\"isPartOf\":{\"@id\":\"https:\/\/experienciadevida.com.ar\/portalurbano\/#website\"},\"datePublished\":\"2021-06-05T15:25:59+00:00\",\"dateModified\":\"2021-06-05T15:29:53+00:00\",\"description\":\"En la ma\u00f1ana de este s\u00e1bado, el intendente Ezequiel Galli, visit\u00f3 la planta del Relleno Sanitario \u2013instalada en el predio de Ituzaing\u00f3 Norte\",\"breadcrumb\":{\"@id\":\"https:\/\/experienciadevida.com.ar\/portalurbano\/el-intendente-galli-inauguro-la-obra-de-ampliacion-del-relleno-sanitario\/#breadcrumb\"},\"inLanguage\":\"es\",\"potentialAction\":[{\"@type\":\"ReadAction\",\"target\":[\"https:\/\/experienciadevida.com.ar\/portalurbano\/el-intendente-galli-inauguro-la-obra-de-ampliacion-del-relleno-sanitario\/\"]}]},{\"@type\":\"BreadcrumbList\",\"@id\":\"https:\/\/experienciadevida.com.ar\/portalurbano\/el-intendente-galli-inauguro-la-obra-de-ampliacion-del-relleno-sanitario\/#breadcrumb\",\"itemListElement\":[{\"@type\":\"ListItem\",\"position\":1,\"name\":\"Portada\",\"item\":\"https:\/\/experienciadevida.com.ar\/portalurbano\/\"},{\"@type\":\"ListItem\",\"position\":2,\"name\":\"El intendente Galli inaugur\u00f3 la obra de ampliaci\u00f3n del Relleno Sanitario\"}]},{\"@type\":\"WebSite\",\"@id\":\"https:\/\/experienciadevida.com.ar\/portalurbano\/#website\",\"url\":\"https:\/\/experienciadevida.com.ar\/portalurbano\/\",\"name\":\"\",\"description\":\"\",\"publisher\":{\"@id\":\"https:\/\/experienciadevida.com.ar\/portalurbano\/#organization\"},\"potentialAction\":[{\"@type\":\"SearchAction\",\"target\":{\"@type\":\"EntryPoint\",\"urlTemplate\":\"https:\/\/experienciadevida.com.ar\/portalurbano\/?s={search_term_string}\"},\"query-input\":\"required name=search_term_string\"}],\"inLanguage\":\"es\"},{\"@type\":\"Organization\",\"@id\":\"https:\/\/experienciadevida.com.ar\/portalurbano\/#organization\",\"name\":\"Portal Urbano\",\"url\":\"https:\/\/experienciadevida.com.ar\/portalurbano\/\",\"logo\":{\"@type\":\"ImageObject\",\"inLanguage\":\"es\",\"@id\":\"https:\/\/experienciadevida.com.ar\/portalurbano\/#\/schema\/logo\/image\/\",\"url\":\"https:\/\/experienciadevida.com.ar\/portalurbano\/wp-content\/uploads\/2019\/09\/Logo-Original.png\",\"contentUrl\":\"https:\/\/experienciadevida.com.ar\/portalurbano\/wp-content\/uploads\/2019\/09\/Logo-Original.png\",\"width\":2236,\"height\":1216,\"caption\":\"Portal Urbano\"},\"image\":{\"@id\":\"https:\/\/experienciadevida.com.ar\/portalurbano\/#\/schema\/logo\/image\/\"},\"sameAs\":[\"https:\/\/www.facebook.com\/Portal-Urbano-171542830093757\/\",\"https:\/\/twitter.com\/portalurbanook\",\"https:\/\/www.instagram.com\/_portalurbano\/\",\"https:\/\/www.youtube.com\/channel\/UCXhagIfszH8KxFiOok79zbA?view_as=subscriber\"]},{\"@type\":\"Person\",\"@id\":\"https:\/\/experienciadevida.com.ar\/portalurbano\/#\/schema\/person\/02dd326b1c4b056e9cc972486934a3a7\",\"name\":\"admpu17wp\",\"image\":{\"@type\":\"ImageObject\",\"inLanguage\":\"es\",\"@id\":\"https:\/\/experienciadevida.com.ar\/portalurbano\/#\/schema\/person\/image\/\",\"url\":\"https:\/\/secure.gravatar.com\/avatar\/830d4c57adaae6630765e449a6908047?s=96&d=mm&r=g\",\"contentUrl\":\"https:\/\/secure.gravatar.com\/avatar\/830d4c57adaae6630765e449a6908047?s=96&d=mm&r=g\",\"caption\":\"admpu17wp\"}}]}<\/script>\n<!-- \/ Yoast SEO plugin. -->","yoast_head_json":{"title":"El intendente Galli inaugur\u00f3 la obra de ampliaci\u00f3n del Relleno Sanitario","description":"En la ma\u00f1ana de este s\u00e1bado, el intendente Ezequiel Galli, visit\u00f3 la planta del Relleno Sanitario \u2013instalada en el predio de Ituzaing\u00f3 Norte","robots":{"index":"index","follow":"follow","max-snippet":"max-snippet:-1","max-image-preview":"max-image-preview:large","max-video-preview":"max-video-preview:-1"},"canonical":"https:\/\/experienciadevida.com.ar\/portalurbano\/el-intendente-galli-inauguro-la-obra-de-ampliacion-del-relleno-sanitario\/","og_locale":"es_ES","og_type":"article","og_title":"El intendente Galli inaugur\u00f3 la obra de ampliaci\u00f3n del Relleno Sanitario","og_description":"En la ma\u00f1ana de este s\u00e1bado, el intendente Ezequiel Galli, visit\u00f3 la planta del Relleno Sanitario \u2013instalada en el predio de Ituzaing\u00f3 Norte","og_url":"https:\/\/experienciadevida.com.ar\/portalurbano\/el-intendente-galli-inauguro-la-obra-de-ampliacion-del-relleno-sanitario\/","article_publisher":"https:\/\/www.facebook.com\/Portal-Urbano-171542830093757\/","article_published_time":"2021-06-05T15:25:59+00:00","article_modified_time":"2021-06-05T15:29:53+00:00","og_image":[{"width":800,"height":535,"url":"https:\/\/experienciadevida.com.ar\/portalurbano\/wp-content\/uploads\/2021\/06\/Obras-Inauguracion-Celda-Relleno-1-scaled-1-e1622906705532.jpg","type":"image\/jpeg"}],"author":"admpu17wp","twitter_card":"summary_large_image","twitter_creator":"@portalurbanook","twitter_site":"@portalurbanook","twitter_misc":{"Escrito por":"admpu17wp","Tiempo de lectura":"4 minutos"},"schema":{"@context":"https:\/\/schema.org","@graph":[{"@type":"Article","@id":"https:\/\/experienciadevida.com.ar\/portalurbano\/el-intendente-galli-inauguro-la-obra-de-ampliacion-del-relleno-sanitario\/#article","isPartOf":{"@id":"https:\/\/experienciadevida.com.ar\/portalurbano\/el-intendente-galli-inauguro-la-obra-de-ampliacion-del-relleno-sanitario\/"},"author":{"name":"admpu17wp","@id":"https:\/\/experienciadevida.com.ar\/portalurbano\/#\/schema\/person\/02dd326b1c4b056e9cc972486934a3a7"},"headline":"El intendente Galli inaugur\u00f3 la obra de ampliaci\u00f3n del Relleno Sanitario","datePublished":"2021-06-05T15:25:59+00:00","dateModified":"2021-06-05T15:29:53+00:00","mainEntityOfPage":{"@id":"https:\/\/experienciadevida.com.ar\/portalurbano\/el-intendente-galli-inauguro-la-obra-de-ampliacion-del-relleno-sanitario\/"},"wordCount":803,"publisher":{"@id":"https:\/\/experienciadevida.com.ar\/portalurbano\/#organization"},"keywords":["Relleno Sanitario"],"articleSection":["Ciudad","Destacadas"],"inLanguage":"es"},{"@type":"WebPage","@id":"https:\/\/experienciadevida.com.ar\/portalurbano\/el-intendente-galli-inauguro-la-obra-de-ampliacion-del-relleno-sanitario\/","url":"https:\/\/experienciadevida.com.ar\/portalurbano\/el-intendente-galli-inauguro-la-obra-de-ampliacion-del-relleno-sanitario\/","name":"El intendente Galli inaugur\u00f3 la obra de ampliaci\u00f3n del Relleno Sanitario","isPartOf":{"@id":"https:\/\/experienciadevida.com.ar\/portalurbano\/#website"},"datePublished":"2021-06-05T15:25:59+00:00","dateModified":"2021-06-05T15:29:53+00:00","description":"En la ma\u00f1ana de este s\u00e1bado, el intendente Ezequiel Galli, visit\u00f3 la planta del Relleno Sanitario \u2013instalada en el predio de Ituzaing\u00f3 Norte","breadcrumb":{"@id":"https:\/\/experienciadevida.com.ar\/portalurbano\/el-intendente-galli-inauguro-la-obra-de-ampliacion-del-relleno-sanitario\/#breadcrumb"},"inLanguage":"es","potentialAction":[{"@type":"ReadAction","target":["https:\/\/experienciadevida.com.ar\/portalurbano\/el-intendente-galli-inauguro-la-obra-de-ampliacion-del-relleno-sanitario\/"]}]},{"@type":"BreadcrumbList","@id":"https:\/\/experienciadevida.com.ar\/portalurbano\/el-intendente-galli-inauguro-la-obra-de-ampliacion-del-relleno-sanitario\/#breadcrumb","itemListElement":[{"@type":"ListItem","position":1,"name":"Portada","item":"https:\/\/experienciadevida.com.ar\/portalurbano\/"},{"@type":"ListItem","position":2,"name":"El intendente Galli inaugur\u00f3 la obra de ampliaci\u00f3n del Relleno Sanitario"}]},{"@type":"WebSite","@id":"https:\/\/experienciadevida.com.ar\/portalurbano\/#website","url":"https:\/\/experienciadevida.com.ar\/portalurbano\/","name":"","description":"","publisher":{"@id":"https:\/\/experienciadevida.com.ar\/portalurbano\/#organization"},"potentialAction":[{"@type":"SearchAction","target":{"@type":"EntryPoint","urlTemplate":"https:\/\/experienciadevida.com.ar\/portalurbano\/?s={search_term_string}"},"query-input":"required name=search_term_string"}],"inLanguage":"es"},{"@type":"Organization","@id":"https:\/\/experienciadevida.com.ar\/portalurbano\/#organization","name":"Portal Urbano","url":"https:\/\/experienciadevida.com.ar\/portalurbano\/","logo":{"@type":"ImageObject","inLanguage":"es","@id":"https:\/\/experienciadevida.com.ar\/portalurbano\/#\/schema\/logo\/image\/","url":"https:\/\/experienciadevida.com.ar\/portalurbano\/wp-content\/uploads\/2019\/09\/Logo-Original.png","contentUrl":"https:\/\/experienciadevida.com.ar\/portalurbano\/wp-content\/uploads\/2019\/09\/Logo-Original.png","width":2236,"height":1216,"caption":"Portal Urbano"},"image":{"@id":"https:\/\/experienciadevida.com.ar\/portalurbano\/#\/schema\/logo\/image\/"},"sameAs":["https:\/\/www.facebook.com\/Portal-Urbano-171542830093757\/","https:\/\/twitter.com\/portalurbanook","https:\/\/www.instagram.com\/_portalurbano\/","https:\/\/www.youtube.com\/channel\/UCXhagIfszH8KxFiOok79zbA?view_as=subscriber"]},{"@type":"Person","@id":"https:\/\/experienciadevida.com.ar\/portalurbano\/#\/schema\/person\/02dd326b1c4b056e9cc972486934a3a7","name":"admpu17wp","image":{"@type":"ImageObject","inLanguage":"es","@id":"https:\/\/experienciadevida.com.ar\/portalurbano\/#\/schema\/person\/image\/","url":"https:\/\/secure.gravatar.com\/avatar\/830d4c57adaae6630765e449a6908047?s=96&d=mm&r=g","contentUrl":"https:\/\/secure.gravatar.com\/avatar\/830d4c57adaae6630765e449a6908047?s=96&d=mm&r=g","caption":"admpu17wp"}}]}},"featured_image_urls":{"full":["https:\/\/experienciadevida.com.ar\/portalurbano\/wp-content\/uploads\/2021\/06\/Obras-Inauguracion-Celda-Relleno-1-scaled-1-e1622906705532.jpg",800,535,false],"thumbnail":["https:\/\/experienciadevida.com.ar\/portalurbano\/wp-content\/uploads\/2021\/06\/Obras-Inauguracion-Celda-Relleno-1-scaled-1-150x150.jpg",150,150,true],"medium":["https:\/\/experienciadevida.com.ar\/portalurbano\/wp-content\/uploads\/2021\/06\/Obras-Inauguracion-Celda-Relleno-1-scaled-1-300x201.jpg",300,201,true],"medium_large":["https:\/\/experienciadevida.com.ar\/portalurbano\/wp-content\/uploads\/2021\/06\/Obras-Inauguracion-Celda-Relleno-1-scaled-1-768x513.jpg",640,428,true],"large":["https:\/\/experienciadevida.com.ar\/portalurbano\/wp-content\/uploads\/2021\/06\/Obras-Inauguracion-Celda-Relleno-1-scaled-1-1024x684.jpg",640,428,true],"ug_big":["https:\/\/experienciadevida.com.ar\/portalurbano\/wp-content\/uploads\/2021\/06\/Obras-Inauguracion-Celda-Relleno-1-scaled-1-768x513.jpg",768,513,true],"1536x1536":["https:\/\/experienciadevida.com.ar\/portalurbano\/wp-content\/uploads\/2021\/06\/Obras-Inauguracion-Celda-Relleno-1-scaled-1-1536x1027.jpg",1536,1027,true],"2048x2048":["https:\/\/experienciadevida.com.ar\/portalurbano\/wp-content\/uploads\/2021\/06\/Obras-Inauguracion-Celda-Relleno-1-scaled-1-2048x1369.jpg",2048,1369,true],"newsever-slider-full":["https:\/\/experienciadevida.com.ar\/portalurbano\/wp-content\/uploads\/2021\/06\/Obras-Inauguracion-Celda-Relleno-1-scaled-1-e1622906705532.jpg",800,535,false],"newsever-featured":["https:\/\/experienciadevida.com.ar\/portalurbano\/wp-content\/uploads\/2021\/06\/Obras-Inauguracion-Celda-Relleno-1-scaled-1-e1622906705532.jpg",800,535,false],"newsever-medium":["https:\/\/experienciadevida.com.ar\/portalurbano\/wp-content\/uploads\/2021\/06\/Obras-Inauguracion-Celda-Relleno-1-scaled-1-e1622906705532.jpg",710,475,false],"web-stories-poster-portrait":["https:\/\/experienciadevida.com.ar\/portalurbano\/wp-content\/uploads\/2021\/06\/Obras-Inauguracion-Celda-Relleno-1-scaled-1-e1622906705532.jpg",640,428,false],"web-stories-publisher-logo":["https:\/\/experienciadevida.com.ar\/portalurbano\/wp-content\/uploads\/2021\/06\/Obras-Inauguracion-Celda-Relleno-1-scaled-1-e1622906705532.jpg",96,64,false],"web-stories-thumbnail":["https:\/\/experienciadevida.com.ar\/portalurbano\/wp-content\/uploads\/2021\/06\/Obras-Inauguracion-Celda-Relleno-1-scaled-1-e1622906705532.jpg",150,100,false]},"author_info":{"display_name":"admpu17wp","author_link":"https:\/\/experienciadevida.com.ar\/portalurbano\/author\/admpu17wp\/"},"category_info":"<a href=\"https:\/\/experienciadevida.com.ar\/portalurbano\/category\/ciudad\/\" rel=\"category tag\">Ciudad<\/a> <a href=\"https:\/\/experienciadevida.com.ar\/portalurbano\/category\/destacadas\/\" rel=\"category tag\">Destacadas<\/a>","tag_info":"Destacadas","comment_count":"0","amp_enabled":true,"_links":{"self":[{"href":"https:\/\/experienciadevida.com.ar\/portalurbano\/wp-json\/wp\/v2\/posts\/144504"}],"collection":[{"href":"https:\/\/experienciadevida.com.ar\/portalurbano\/wp-json\/wp\/v2\/posts"}],"about":[{"href":"https:\/\/experienciadevida.com.ar\/portalurbano\/wp-json\/wp\/v2\/types\/post"}],"author":[{"embeddable":true,"href":"https:\/\/experienciadevida.com.ar\/portalurbano\/wp-json\/wp\/v2\/users\/1"}],"replies":[{"embeddable":true,"href":"https:\/\/experienciadevida.com.ar\/portalurbano\/wp-json\/wp\/v2\/comments?post=144504"}],"version-history":[{"count":4,"href":"https:\/\/experienciadevida.com.ar\/portalurbano\/wp-json\/wp\/v2\/posts\/144504\/revisions"}],"predecessor-version":[{"id":144510,"href":"https:\/\/experienciadevida.com.ar\/portalurbano\/wp-json\/wp\/v2\/posts\/144504\/revisions\/144510"}],"wp:featuredmedia":[{"embeddable":true,"href":"https:\/\/experienciadevida.com.ar\/portalurbano\/wp-json\/wp\/v2\/media\/144506"}],"wp:attachment":[{"href":"https:\/\/experienciadevida.com.ar\/portalurbano\/wp-json\/wp\/v2\/media?parent=144504"}],"wp:term":[{"taxonomy":"category","embeddable":true,"href":"https:\/\/experienciadevida.com.ar\/portalurbano\/wp-json\/wp\/v2\/categories?post=144504"},{"taxonomy":"post_tag","embeddable":true,"href":"https:\/\/experienciadevida.com.ar\/portalurbano\/wp-json\/wp\/v2\/tags?post=144504"}],"curies":[{"name":"wp","href":"https:\/\/api.w.org\/{rel}","templated":true}]}}