{"id":144440,"date":"2021-06-04T19:17:23","date_gmt":"2021-06-04T22:17:23","guid":{"rendered":"https:\/\/experienciadevida.com.ar\/portalurbano\/?p=144440"},"modified":"2021-06-04T19:39:08","modified_gmt":"2021-06-04T22:39:08","slug":"hilario-galli-y-bruno-cenizo-recibieron-al-concejal-bernardo-de-25-de-mayo","status":"publish","type":"post","link":"https:\/\/experienciadevida.com.ar\/portalurbano\/hilario-galli-y-bruno-cenizo-recibieron-al-concejal-bernardo-de-25-de-mayo\/","title":{"rendered":"Hilario Galli y Bruno Cenizo recibieron al concejal Bernardo de 25 de Mayo"},"content":{"rendered":"<p>Hilario Galli y Bruno Cenizo recibieron al concejal Bernardo de 25 de Mayo, tambi\u00e9n particip\u00f3 el jefe del bloque de Juntos por el Cambio Mart\u00edn<br \/>\nEndere.<\/p>\n<p>En la ma\u00f1ana de este viernes el presidente del Honorable Concejo Deliberante Bruno Cenizo y el Secretario de Gobierno Municipal Hilario<br \/>\nGalli se reunieron con el concejal y referente del PRO de 25 de Mayo Paulo Bernardo.<\/p>\n<p>Del encuentro, que se llev\u00f3 a cabo en la presidencia del HCD, tambi\u00e9n particip\u00f3 el jefe del bloque oficialista de Olavarr\u00eda Mart\u00edn Endere.<\/p>\n<p>Tras la reuni\u00f3n, el propio Bruno Cenizo indic\u00f3 que \u201cllevamos adelante una excelente reuni\u00f3n con el concejal Bernardo y pudimos mostrarle c\u00f3mo<br \/>\ntrabajamos en Olavarr\u00eda y las herramientas con las que contamos para legislar\u201d.<\/p>\n<p>Hilario Galli y Bruno Cenizo recibieron al concejal Bernardo de 25 de mayo, en este sentido el titular del cuerpo deliberativo expres\u00f3 que \u201cPaulo<br \/>\nestaba sorprendido porque le contamos que ac\u00e1 los concejales tienen acceso al RAFAM, que estamos llevando a cabo las sesiones de manera virtual y<br \/>\ntambi\u00e9n contamos con la presencia del Secretario de Gobierno en la \u00faltima sesi\u00f3n ordinaria\u201d.<\/p>\n<p>Finalmente, el edil de 25 de Mayo dijo que \u201ctanto la gesti\u00f3n de Ezequiel Galli como el trabajo que se desarrolla en el HCD son ejemplos a seguir en<br \/>\nmateria de transparencia y es lo que deber\u00eda hacer el intendente de nuestro Partido\u201d.<\/p>\n","protected":false},"excerpt":{"rendered":"<p>Hilario Galli y Bruno Cenizo recibieron al concejal Bernardo de 25 de Mayo, tambi\u00e9n particip\u00f3&#8230;<\/p>\n","protected":false},"author":1,"featured_media":144441,"comment_status":"closed","ping_status":"closed","sticky":false,"template":"","format":"standard","meta":{"content-type":""},"categories":[64,43],"tags":[],"nelio_content":{"isAutoShareEnabled":false,"autoShareEndMode":"default","automationSources":{"useContentSentences":true,"useSocialTemplates":true,"useCustomSentences":false,"customSentences":[]},"followers":[1],"suggestedReferences":[],"includedReferences":[],"efiUrl":"","efiAlt":"","highlights":[]},"yoast_head":"<!-- This site is optimized with the Yoast SEO plugin v20.7 - https:\/\/yoast.com\/wordpress\/plugins\/seo\/ -->\n<title>Hilario Galli y Bruno Cenizo recibieron al concejal Bernardo de 25 de mayo<\/title>\n<meta name=\"description\" content=\"Hilario Galli y Bruno Cenizo recibieron al concejal Bernardo de 25 de Mayo, tambi\u00e9n particip\u00f3 el jefe del bloque de Juntos por el Cambio\" \/>\n<meta name=\"robots\" content=\"index, follow, max-snippet:-1, max-image-preview:large, max-video-preview:-1\" \/>\n<link rel=\"canonical\" href=\"https:\/\/experienciadevida.com.ar\/portalurbano\/hilario-galli-y-bruno-cenizo-recibieron-al-concejal-bernardo-de-25-de-mayo\/\" \/>\n<meta property=\"og:locale\" content=\"es_ES\" \/>\n<meta property=\"og:type\" content=\"article\" \/>\n<meta property=\"og:title\" content=\"Hilario Galli y Bruno Cenizo recibieron al concejal Bernardo de 25 de mayo\" \/>\n<meta property=\"og:description\" content=\"Hilario Galli y Bruno Cenizo recibieron al concejal Bernardo de 25 de Mayo, tambi\u00e9n particip\u00f3 el jefe del bloque de Juntos por el Cambio\" \/>\n<meta property=\"og:url\" content=\"https:\/\/experienciadevida.com.ar\/portalurbano\/hilario-galli-y-bruno-cenizo-recibieron-al-concejal-bernardo-de-25-de-mayo\/\" \/>\n<meta property=\"article:publisher\" content=\"https:\/\/www.facebook.com\/Portal-Urbano-171542830093757\/\" \/>\n<meta property=\"article:published_time\" content=\"2021-06-04T22:17:23+00:00\" \/>\n<meta property=\"article:modified_time\" content=\"2021-06-04T22:39:08+00:00\" \/>\n<meta property=\"og:image\" content=\"https:\/\/experienciadevida.com.ar\/portalurbano\/wp-content\/uploads\/2021\/06\/Hilario-Galli-y-Bruno-Cenizo.jpeg\" \/>\n\t<meta property=\"og:image:width\" content=\"1040\" \/>\n\t<meta property=\"og:image:height\" content=\"780\" \/>\n\t<meta property=\"og:image:type\" content=\"image\/jpeg\" \/>\n<meta name=\"author\" content=\"admpu17wp\" \/>\n<meta name=\"twitter:card\" content=\"summary_large_image\" \/>\n<meta name=\"twitter:creator\" content=\"@portalurbanook\" \/>\n<meta name=\"twitter:site\" content=\"@portalurbanook\" \/>\n<meta name=\"twitter:label1\" content=\"Escrito por\" \/>\n\t<meta name=\"twitter:data1\" content=\"admpu17wp\" \/>\n\t<meta name=\"twitter:label2\" content=\"Tiempo de lectura\" \/>\n\t<meta name=\"twitter:data2\" content=\"1 minuto\" \/>\n<script type=\"application\/ld+json\" class=\"yoast-schema-graph\">{\"@context\":\"https:\/\/schema.org\",\"@graph\":[{\"@type\":\"Article\",\"@id\":\"https:\/\/experienciadevida.com.ar\/portalurbano\/hilario-galli-y-bruno-cenizo-recibieron-al-concejal-bernardo-de-25-de-mayo\/#article\",\"isPartOf\":{\"@id\":\"https:\/\/experienciadevida.com.ar\/portalurbano\/hilario-galli-y-bruno-cenizo-recibieron-al-concejal-bernardo-de-25-de-mayo\/\"},\"author\":{\"name\":\"admpu17wp\",\"@id\":\"https:\/\/experienciadevida.com.ar\/portalurbano\/#\/schema\/person\/02dd326b1c4b056e9cc972486934a3a7\"},\"headline\":\"Hilario Galli y Bruno Cenizo recibieron al concejal Bernardo de 25 de Mayo\",\"datePublished\":\"2021-06-04T22:17:23+00:00\",\"dateModified\":\"2021-06-04T22:39:08+00:00\",\"mainEntityOfPage\":{\"@id\":\"https:\/\/experienciadevida.com.ar\/portalurbano\/hilario-galli-y-bruno-cenizo-recibieron-al-concejal-bernardo-de-25-de-mayo\/\"},\"wordCount\":247,\"publisher\":{\"@id\":\"https:\/\/experienciadevida.com.ar\/portalurbano\/#organization\"},\"articleSection\":[\"Destacadas 2\",\"Pol\u00edtica\"],\"inLanguage\":\"es\"},{\"@type\":\"WebPage\",\"@id\":\"https:\/\/experienciadevida.com.ar\/portalurbano\/hilario-galli-y-bruno-cenizo-recibieron-al-concejal-bernardo-de-25-de-mayo\/\",\"url\":\"https:\/\/experienciadevida.com.ar\/portalurbano\/hilario-galli-y-bruno-cenizo-recibieron-al-concejal-bernardo-de-25-de-mayo\/\",\"name\":\"Hilario Galli y Bruno Cenizo recibieron al concejal Bernardo de 25 de mayo\",\"isPartOf\":{\"@id\":\"https:\/\/experienciadevida.com.ar\/portalurbano\/#website\"},\"datePublished\":\"2021-06-04T22:17:23+00:00\",\"dateModified\":\"2021-06-04T22:39:08+00:00\",\"description\":\"Hilario Galli y Bruno Cenizo recibieron al concejal Bernardo de 25 de Mayo, tambi\u00e9n particip\u00f3 el jefe del bloque de Juntos por el Cambio\",\"breadcrumb\":{\"@id\":\"https:\/\/experienciadevida.com.ar\/portalurbano\/hilario-galli-y-bruno-cenizo-recibieron-al-concejal-bernardo-de-25-de-mayo\/#breadcrumb\"},\"inLanguage\":\"es\",\"potentialAction\":[{\"@type\":\"ReadAction\",\"target\":[\"https:\/\/experienciadevida.com.ar\/portalurbano\/hilario-galli-y-bruno-cenizo-recibieron-al-concejal-bernardo-de-25-de-mayo\/\"]}]},{\"@type\":\"BreadcrumbList\",\"@id\":\"https:\/\/experienciadevida.com.ar\/portalurbano\/hilario-galli-y-bruno-cenizo-recibieron-al-concejal-bernardo-de-25-de-mayo\/#breadcrumb\",\"itemListElement\":[{\"@type\":\"ListItem\",\"position\":1,\"name\":\"Portada\",\"item\":\"https:\/\/experienciadevida.com.ar\/portalurbano\/\"},{\"@type\":\"ListItem\",\"position\":2,\"name\":\"Hilario Galli y Bruno Cenizo recibieron al concejal Bernardo de 25 de Mayo\"}]},{\"@type\":\"WebSite\",\"@id\":\"https:\/\/experienciadevida.com.ar\/portalurbano\/#website\",\"url\":\"https:\/\/experienciadevida.com.ar\/portalurbano\/\",\"name\":\"\",\"description\":\"\",\"publisher\":{\"@id\":\"https:\/\/experienciadevida.com.ar\/portalurbano\/#organization\"},\"potentialAction\":[{\"@type\":\"SearchAction\",\"target\":{\"@type\":\"EntryPoint\",\"urlTemplate\":\"https:\/\/experienciadevida.com.ar\/portalurbano\/?s={search_term_string}\"},\"query-input\":\"required name=search_term_string\"}],\"inLanguage\":\"es\"},{\"@type\":\"Organization\",\"@id\":\"https:\/\/experienciadevida.com.ar\/portalurbano\/#organization\",\"name\":\"Portal Urbano\",\"url\":\"https:\/\/experienciadevida.com.ar\/portalurbano\/\",\"logo\":{\"@type\":\"ImageObject\",\"inLanguage\":\"es\",\"@id\":\"https:\/\/experienciadevida.com.ar\/portalurbano\/#\/schema\/logo\/image\/\",\"url\":\"https:\/\/experienciadevida.com.ar\/portalurbano\/wp-content\/uploads\/2019\/09\/Logo-Original.png\",\"contentUrl\":\"https:\/\/experienciadevida.com.ar\/portalurbano\/wp-content\/uploads\/2019\/09\/Logo-Original.png\",\"width\":2236,\"height\":1216,\"caption\":\"Portal Urbano\"},\"image\":{\"@id\":\"https:\/\/experienciadevida.com.ar\/portalurbano\/#\/schema\/logo\/image\/\"},\"sameAs\":[\"https:\/\/www.facebook.com\/Portal-Urbano-171542830093757\/\",\"https:\/\/twitter.com\/portalurbanook\",\"https:\/\/www.instagram.com\/_portalurbano\/\",\"https:\/\/www.youtube.com\/channel\/UCXhagIfszH8KxFiOok79zbA?view_as=subscriber\"]},{\"@type\":\"Person\",\"@id\":\"https:\/\/experienciadevida.com.ar\/portalurbano\/#\/schema\/person\/02dd326b1c4b056e9cc972486934a3a7\",\"name\":\"admpu17wp\",\"image\":{\"@type\":\"ImageObject\",\"inLanguage\":\"es\",\"@id\":\"https:\/\/experienciadevida.com.ar\/portalurbano\/#\/schema\/person\/image\/\",\"url\":\"https:\/\/secure.gravatar.com\/avatar\/830d4c57adaae6630765e449a6908047?s=96&d=mm&r=g\",\"contentUrl\":\"https:\/\/secure.gravatar.com\/avatar\/830d4c57adaae6630765e449a6908047?s=96&d=mm&r=g\",\"caption\":\"admpu17wp\"}}]}<\/script>\n<!-- \/ Yoast SEO plugin. -->","yoast_head_json":{"title":"Hilario Galli y Bruno Cenizo recibieron al concejal Bernardo de 25 de mayo","description":"Hilario Galli y Bruno Cenizo recibieron al concejal Bernardo de 25 de Mayo, tambi\u00e9n particip\u00f3 el jefe del bloque de Juntos por el Cambio","robots":{"index":"index","follow":"follow","max-snippet":"max-snippet:-1","max-image-preview":"max-image-preview:large","max-video-preview":"max-video-preview:-1"},"canonical":"https:\/\/experienciadevida.com.ar\/portalurbano\/hilario-galli-y-bruno-cenizo-recibieron-al-concejal-bernardo-de-25-de-mayo\/","og_locale":"es_ES","og_type":"article","og_title":"Hilario Galli y Bruno Cenizo recibieron al concejal Bernardo de 25 de mayo","og_description":"Hilario Galli y Bruno Cenizo recibieron al concejal Bernardo de 25 de Mayo, tambi\u00e9n particip\u00f3 el jefe del bloque de Juntos por el Cambio","og_url":"https:\/\/experienciadevida.com.ar\/portalurbano\/hilario-galli-y-bruno-cenizo-recibieron-al-concejal-bernardo-de-25-de-mayo\/","article_publisher":"https:\/\/www.facebook.com\/Portal-Urbano-171542830093757\/","article_published_time":"2021-06-04T22:17:23+00:00","article_modified_time":"2021-06-04T22:39:08+00:00","og_image":[{"width":1040,"height":780,"url":"https:\/\/experienciadevida.com.ar\/portalurbano\/wp-content\/uploads\/2021\/06\/Hilario-Galli-y-Bruno-Cenizo.jpeg","type":"image\/jpeg"}],"author":"admpu17wp","twitter_card":"summary_large_image","twitter_creator":"@portalurbanook","twitter_site":"@portalurbanook","twitter_misc":{"Escrito por":"admpu17wp","Tiempo de lectura":"1 minuto"},"schema":{"@context":"https:\/\/schema.org","@graph":[{"@type":"Article","@id":"https:\/\/experienciadevida.com.ar\/portalurbano\/hilario-galli-y-bruno-cenizo-recibieron-al-concejal-bernardo-de-25-de-mayo\/#article","isPartOf":{"@id":"https:\/\/experienciadevida.com.ar\/portalurbano\/hilario-galli-y-bruno-cenizo-recibieron-al-concejal-bernardo-de-25-de-mayo\/"},"author":{"name":"admpu17wp","@id":"https:\/\/experienciadevida.com.ar\/portalurbano\/#\/schema\/person\/02dd326b1c4b056e9cc972486934a3a7"},"headline":"Hilario Galli y Bruno Cenizo recibieron al concejal Bernardo de 25 de Mayo","datePublished":"2021-06-04T22:17:23+00:00","dateModified":"2021-06-04T22:39:08+00:00","mainEntityOfPage":{"@id":"https:\/\/experienciadevida.com.ar\/portalurbano\/hilario-galli-y-bruno-cenizo-recibieron-al-concejal-bernardo-de-25-de-mayo\/"},"wordCount":247,"publisher":{"@id":"https:\/\/experienciadevida.com.ar\/portalurbano\/#organization"},"articleSection":["Destacadas 2","Pol\u00edtica"],"inLanguage":"es"},{"@type":"WebPage","@id":"https:\/\/experienciadevida.com.ar\/portalurbano\/hilario-galli-y-bruno-cenizo-recibieron-al-concejal-bernardo-de-25-de-mayo\/","url":"https:\/\/experienciadevida.com.ar\/portalurbano\/hilario-galli-y-bruno-cenizo-recibieron-al-concejal-bernardo-de-25-de-mayo\/","name":"Hilario Galli y Bruno Cenizo recibieron al concejal Bernardo de 25 de mayo","isPartOf":{"@id":"https:\/\/experienciadevida.com.ar\/portalurbano\/#website"},"datePublished":"2021-06-04T22:17:23+00:00","dateModified":"2021-06-04T22:39:08+00:00","description":"Hilario Galli y Bruno Cenizo recibieron al concejal Bernardo de 25 de Mayo, tambi\u00e9n particip\u00f3 el jefe del bloque de Juntos por el Cambio","breadcrumb":{"@id":"https:\/\/experienciadevida.com.ar\/portalurbano\/hilario-galli-y-bruno-cenizo-recibieron-al-concejal-bernardo-de-25-de-mayo\/#breadcrumb"},"inLanguage":"es","potentialAction":[{"@type":"ReadAction","target":["https:\/\/experienciadevida.com.ar\/portalurbano\/hilario-galli-y-bruno-cenizo-recibieron-al-concejal-bernardo-de-25-de-mayo\/"]}]},{"@type":"BreadcrumbList","@id":"https:\/\/experienciadevida.com.ar\/portalurbano\/hilario-galli-y-bruno-cenizo-recibieron-al-concejal-bernardo-de-25-de-mayo\/#breadcrumb","itemListElement":[{"@type":"ListItem","position":1,"name":"Portada","item":"https:\/\/experienciadevida.com.ar\/portalurbano\/"},{"@type":"ListItem","position":2,"name":"Hilario Galli y Bruno Cenizo recibieron al concejal Bernardo de 25 de Mayo"}]},{"@type":"WebSite","@id":"https:\/\/experienciadevida.com.ar\/portalurbano\/#website","url":"https:\/\/experienciadevida.com.ar\/portalurbano\/","name":"","description":"","publisher":{"@id":"https:\/\/experienciadevida.com.ar\/portalurbano\/#organization"},"potentialAction":[{"@type":"SearchAction","target":{"@type":"EntryPoint","urlTemplate":"https:\/\/experienciadevida.com.ar\/portalurbano\/?s={search_term_string}"},"query-input":"required name=search_term_string"}],"inLanguage":"es"},{"@type":"Organization","@id":"https:\/\/experienciadevida.com.ar\/portalurbano\/#organization","name":"Portal Urbano","url":"https:\/\/experienciadevida.com.ar\/portalurbano\/","logo":{"@type":"ImageObject","inLanguage":"es","@id":"https:\/\/experienciadevida.com.ar\/portalurbano\/#\/schema\/logo\/image\/","url":"https:\/\/experienciadevida.com.ar\/portalurbano\/wp-content\/uploads\/2019\/09\/Logo-Original.png","contentUrl":"https:\/\/experienciadevida.com.ar\/portalurbano\/wp-content\/uploads\/2019\/09\/Logo-Original.png","width":2236,"height":1216,"caption":"Portal Urbano"},"image":{"@id":"https:\/\/experienciadevida.com.ar\/portalurbano\/#\/schema\/logo\/image\/"},"sameAs":["https:\/\/www.facebook.com\/Portal-Urbano-171542830093757\/","https:\/\/twitter.com\/portalurbanook","https:\/\/www.instagram.com\/_portalurbano\/","https:\/\/www.youtube.com\/channel\/UCXhagIfszH8KxFiOok79zbA?view_as=subscriber"]},{"@type":"Person","@id":"https:\/\/experienciadevida.com.ar\/portalurbano\/#\/schema\/person\/02dd326b1c4b056e9cc972486934a3a7","name":"admpu17wp","image":{"@type":"ImageObject","inLanguage":"es","@id":"https:\/\/experienciadevida.com.ar\/portalurbano\/#\/schema\/person\/image\/","url":"https:\/\/secure.gravatar.com\/avatar\/830d4c57adaae6630765e449a6908047?s=96&d=mm&r=g","contentUrl":"https:\/\/secure.gravatar.com\/avatar\/830d4c57adaae6630765e449a6908047?s=96&d=mm&r=g","caption":"admpu17wp"}}]}},"featured_image_urls":{"full":["https:\/\/experienciadevida.com.ar\/portalurbano\/wp-content\/uploads\/2021\/06\/Hilario-Galli-y-Bruno-Cenizo.jpeg",1040,780,false],"thumbnail":["https:\/\/experienciadevida.com.ar\/portalurbano\/wp-content\/uploads\/2021\/06\/Hilario-Galli-y-Bruno-Cenizo-150x150.jpeg",150,150,true],"medium":["https:\/\/experienciadevida.com.ar\/portalurbano\/wp-content\/uploads\/2021\/06\/Hilario-Galli-y-Bruno-Cenizo-300x225.jpeg",300,225,true],"medium_large":["https:\/\/experienciadevida.com.ar\/portalurbano\/wp-content\/uploads\/2021\/06\/Hilario-Galli-y-Bruno-Cenizo-768x576.jpeg",640,480,true],"large":["https:\/\/experienciadevida.com.ar\/portalurbano\/wp-content\/uploads\/2021\/06\/Hilario-Galli-y-Bruno-Cenizo-1024x768.jpeg",640,480,true],"ug_big":["https:\/\/experienciadevida.com.ar\/portalurbano\/wp-content\/uploads\/2021\/06\/Hilario-Galli-y-Bruno-Cenizo-768x576.jpeg",768,576,true],"1536x1536":["https:\/\/experienciadevida.com.ar\/portalurbano\/wp-content\/uploads\/2021\/06\/Hilario-Galli-y-Bruno-Cenizo.jpeg",1040,780,false],"2048x2048":["https:\/\/experienciadevida.com.ar\/portalurbano\/wp-content\/uploads\/2021\/06\/Hilario-Galli-y-Bruno-Cenizo.jpeg",1040,780,false],"newsever-slider-full":["https:\/\/experienciadevida.com.ar\/portalurbano\/wp-content\/uploads\/2021\/06\/Hilario-Galli-y-Bruno-Cenizo.jpeg",1040,780,false],"newsever-featured":["https:\/\/experienciadevida.com.ar\/portalurbano\/wp-content\/uploads\/2021\/06\/Hilario-Galli-y-Bruno-Cenizo.jpeg",1024,768,false],"newsever-medium":["https:\/\/experienciadevida.com.ar\/portalurbano\/wp-content\/uploads\/2021\/06\/Hilario-Galli-y-Bruno-Cenizo.jpeg",633,475,false],"web-stories-poster-portrait":["https:\/\/experienciadevida.com.ar\/portalurbano\/wp-content\/uploads\/2021\/06\/Hilario-Galli-y-Bruno-Cenizo.jpeg",640,480,false],"web-stories-publisher-logo":["https:\/\/experienciadevida.com.ar\/portalurbano\/wp-content\/uploads\/2021\/06\/Hilario-Galli-y-Bruno-Cenizo.jpeg",96,72,false],"web-stories-thumbnail":["https:\/\/experienciadevida.com.ar\/portalurbano\/wp-content\/uploads\/2021\/06\/Hilario-Galli-y-Bruno-Cenizo.jpeg",150,113,false]},"author_info":{"display_name":"admpu17wp","author_link":"https:\/\/experienciadevida.com.ar\/portalurbano\/author\/admpu17wp\/"},"category_info":"<a href=\"https:\/\/experienciadevida.com.ar\/portalurbano\/category\/destacadas-2\/\" rel=\"category tag\">Destacadas 2<\/a> <a href=\"https:\/\/experienciadevida.com.ar\/portalurbano\/category\/politica\/\" rel=\"category tag\">Pol\u00edtica<\/a>","tag_info":"Pol\u00edtica","comment_count":"0","amp_enabled":true,"_links":{"self":[{"href":"https:\/\/experienciadevida.com.ar\/portalurbano\/wp-json\/wp\/v2\/posts\/144440"}],"collection":[{"href":"https:\/\/experienciadevida.com.ar\/portalurbano\/wp-json\/wp\/v2\/posts"}],"about":[{"href":"https:\/\/experienciadevida.com.ar\/portalurbano\/wp-json\/wp\/v2\/types\/post"}],"author":[{"embeddable":true,"href":"https:\/\/experienciadevida.com.ar\/portalurbano\/wp-json\/wp\/v2\/users\/1"}],"replies":[{"embeddable":true,"href":"https:\/\/experienciadevida.com.ar\/portalurbano\/wp-json\/wp\/v2\/comments?post=144440"}],"version-history":[{"count":1,"href":"https:\/\/experienciadevida.com.ar\/portalurbano\/wp-json\/wp\/v2\/posts\/144440\/revisions"}],"predecessor-version":[{"id":144442,"href":"https:\/\/experienciadevida.com.ar\/portalurbano\/wp-json\/wp\/v2\/posts\/144440\/revisions\/144442"}],"wp:featuredmedia":[{"embeddable":true,"href":"https:\/\/experienciadevida.com.ar\/portalurbano\/wp-json\/wp\/v2\/media\/144441"}],"wp:attachment":[{"href":"https:\/\/experienciadevida.com.ar\/portalurbano\/wp-json\/wp\/v2\/media?parent=144440"}],"wp:term":[{"taxonomy":"category","embeddable":true,"href":"https:\/\/experienciadevida.com.ar\/portalurbano\/wp-json\/wp\/v2\/categories?post=144440"},{"taxonomy":"post_tag","embeddable":true,"href":"https:\/\/experienciadevida.com.ar\/portalurbano\/wp-json\/wp\/v2\/tags?post=144440"}],"curies":[{"name":"wp","href":"https:\/\/api.w.org\/{rel}","templated":true}]}}