{"id":144393,"date":"2021-06-04T14:20:17","date_gmt":"2021-06-04T17:20:17","guid":{"rendered":"https:\/\/experienciadevida.com.ar\/portalurbano\/?p=144393"},"modified":"2021-06-04T14:25:28","modified_gmt":"2021-06-04T17:25:28","slug":"aprehendieron-al-hijo-del-hombre-asesinado-a-la-madrugada","status":"publish","type":"post","link":"https:\/\/experienciadevida.com.ar\/portalurbano\/aprehendieron-al-hijo-del-hombre-asesinado-a-la-madrugada\/","title":{"rendered":"Aprehendieron al hijo del hombre asesinado a la madrugada"},"content":{"rendered":"<p>Aprehendieron al hijo del hombre <a href=\"https:\/\/experienciadevida.com.ar\/portalurbano\/asesinaron-a-un-hombre-en-la-madrugada-de-este-viernes\/\">asesinado a la madrugada<\/a>,\u00a0 el hecho ocurri\u00f3 en la calle 110 y Ant\u00e1rtida Argentina.<\/p>\n<p>En la madrugada de este viernes el personal del comando de patrullas con colaboraci\u00f3n de la comisar\u00eda segunda a ra\u00edz de un llamado al 911, se dirigieron hacia la calle 100 y Ant\u00e1rtida Argentina.<\/p>\n<p>Al llegar al lugar observan el cuerpo de una persona sin vida, se trata de Marcelo Fabi\u00e1n Iriarte de 49 a\u00f1os de edad.<\/p>\n<p>Aprehendieron al hijo del hombre asesinado a la madrugada, en el lugar se hizo presente la ambulancia del Hospital Municipal quienes constatan en deceso del masculino. El hecho se produjo en horas de la madruga en una vivienda cercana al lugar.<\/p>\n<p>Posteriormente el personal de gabinete de investigaci\u00f3n de la comisar\u00eda segunda,\u00a0 realiza un relevamiento en el lugar del hecho donde se re\u00fanen varios testimonios los cuales llevan a la aprehensi\u00f3n de un joven de 27 a\u00f1os de edad resultando el mismo ser hijo y conviviente de la v\u00edctima.<\/p>\n<p>Se dio intervenci\u00f3n la UFI n\u00b0 5 a cargo de la Dra. Viviana Beyt\u00eda quien junto al Dr. Miguel Pi\u00f1eiro de la UFI N\u00ba 10 se encuentran al frente de la investigacion del presente hecho.<\/p>\n","protected":false},"excerpt":{"rendered":"<p>Aprehendieron al hijo del hombre asesinado a la madrugada,\u00a0 el hecho ocurri\u00f3 en la calle&#8230;<\/p>\n","protected":false},"author":1,"featured_media":144356,"comment_status":"closed","ping_status":"closed","sticky":false,"template":"","format":"standard","meta":{"content-type":""},"categories":[64,40],"tags":[],"nelio_content":{"isAutoShareEnabled":false,"autoShareEndMode":"default","automationSources":{"useContentSentences":true,"useSocialTemplates":true,"useCustomSentences":false,"customSentences":[]},"followers":[1],"suggestedReferences":[],"includedReferences":[],"efiUrl":"","efiAlt":"","highlights":[]},"yoast_head":"<!-- This site is optimized with the Yoast SEO plugin v20.7 - https:\/\/yoast.com\/wordpress\/plugins\/seo\/ -->\n<title>Aprehendieron al hijo del hombre asesinado a la madrugada<\/title>\n<meta name=\"description\" content=\"Aprehendieron al hijo del hombre asesinado a la madrugada,\u00a0 el hecho ocurri\u00f3 en la calle 110 y Ant\u00e1rtida Argentina, fue este viernes.\" \/>\n<meta name=\"robots\" content=\"index, follow, max-snippet:-1, max-image-preview:large, max-video-preview:-1\" \/>\n<link rel=\"canonical\" href=\"https:\/\/experienciadevida.com.ar\/portalurbano\/aprehendieron-al-hijo-del-hombre-asesinado-a-la-madrugada\/\" \/>\n<meta property=\"og:locale\" content=\"es_ES\" \/>\n<meta property=\"og:type\" content=\"article\" \/>\n<meta property=\"og:title\" content=\"Aprehendieron al hijo del hombre asesinado a la madrugada\" \/>\n<meta property=\"og:description\" content=\"Aprehendieron al hijo del hombre asesinado a la madrugada,\u00a0 el hecho ocurri\u00f3 en la calle 110 y Ant\u00e1rtida Argentina, fue este viernes.\" \/>\n<meta property=\"og:url\" content=\"https:\/\/experienciadevida.com.ar\/portalurbano\/aprehendieron-al-hijo-del-hombre-asesinado-a-la-madrugada\/\" \/>\n<meta property=\"article:publisher\" content=\"https:\/\/www.facebook.com\/Portal-Urbano-171542830093757\/\" \/>\n<meta property=\"article:published_time\" content=\"2021-06-04T17:20:17+00:00\" \/>\n<meta property=\"article:modified_time\" content=\"2021-06-04T17:25:28+00:00\" \/>\n<meta property=\"og:image\" content=\"https:\/\/experienciadevida.com.ar\/portalurbano\/wp-content\/uploads\/2021\/06\/Asesinato.jpg\" \/>\n\t<meta property=\"og:image:width\" content=\"1280\" \/>\n\t<meta property=\"og:image:height\" content=\"606\" \/>\n\t<meta property=\"og:image:type\" content=\"image\/jpeg\" \/>\n<meta name=\"author\" content=\"admpu17wp\" \/>\n<meta name=\"twitter:card\" content=\"summary_large_image\" \/>\n<meta name=\"twitter:creator\" content=\"@portalurbanook\" \/>\n<meta name=\"twitter:site\" content=\"@portalurbanook\" \/>\n<meta name=\"twitter:label1\" content=\"Escrito por\" \/>\n\t<meta name=\"twitter:data1\" content=\"admpu17wp\" \/>\n\t<meta name=\"twitter:label2\" content=\"Tiempo de lectura\" \/>\n\t<meta name=\"twitter:data2\" content=\"1 minuto\" \/>\n<script type=\"application\/ld+json\" class=\"yoast-schema-graph\">{\"@context\":\"https:\/\/schema.org\",\"@graph\":[{\"@type\":\"Article\",\"@id\":\"https:\/\/experienciadevida.com.ar\/portalurbano\/aprehendieron-al-hijo-del-hombre-asesinado-a-la-madrugada\/#article\",\"isPartOf\":{\"@id\":\"https:\/\/experienciadevida.com.ar\/portalurbano\/aprehendieron-al-hijo-del-hombre-asesinado-a-la-madrugada\/\"},\"author\":{\"name\":\"admpu17wp\",\"@id\":\"https:\/\/experienciadevida.com.ar\/portalurbano\/#\/schema\/person\/02dd326b1c4b056e9cc972486934a3a7\"},\"headline\":\"Aprehendieron al hijo del hombre asesinado a la madrugada\",\"datePublished\":\"2021-06-04T17:20:17+00:00\",\"dateModified\":\"2021-06-04T17:25:28+00:00\",\"mainEntityOfPage\":{\"@id\":\"https:\/\/experienciadevida.com.ar\/portalurbano\/aprehendieron-al-hijo-del-hombre-asesinado-a-la-madrugada\/\"},\"wordCount\":218,\"publisher\":{\"@id\":\"https:\/\/experienciadevida.com.ar\/portalurbano\/#organization\"},\"articleSection\":[\"Destacadas 2\",\"Policiales\"],\"inLanguage\":\"es\"},{\"@type\":\"WebPage\",\"@id\":\"https:\/\/experienciadevida.com.ar\/portalurbano\/aprehendieron-al-hijo-del-hombre-asesinado-a-la-madrugada\/\",\"url\":\"https:\/\/experienciadevida.com.ar\/portalurbano\/aprehendieron-al-hijo-del-hombre-asesinado-a-la-madrugada\/\",\"name\":\"Aprehendieron al hijo del hombre asesinado a la madrugada\",\"isPartOf\":{\"@id\":\"https:\/\/experienciadevida.com.ar\/portalurbano\/#website\"},\"datePublished\":\"2021-06-04T17:20:17+00:00\",\"dateModified\":\"2021-06-04T17:25:28+00:00\",\"description\":\"Aprehendieron al hijo del hombre asesinado a la madrugada,\u00a0 el hecho ocurri\u00f3 en la calle 110 y Ant\u00e1rtida Argentina, fue este viernes.\",\"breadcrumb\":{\"@id\":\"https:\/\/experienciadevida.com.ar\/portalurbano\/aprehendieron-al-hijo-del-hombre-asesinado-a-la-madrugada\/#breadcrumb\"},\"inLanguage\":\"es\",\"potentialAction\":[{\"@type\":\"ReadAction\",\"target\":[\"https:\/\/experienciadevida.com.ar\/portalurbano\/aprehendieron-al-hijo-del-hombre-asesinado-a-la-madrugada\/\"]}]},{\"@type\":\"BreadcrumbList\",\"@id\":\"https:\/\/experienciadevida.com.ar\/portalurbano\/aprehendieron-al-hijo-del-hombre-asesinado-a-la-madrugada\/#breadcrumb\",\"itemListElement\":[{\"@type\":\"ListItem\",\"position\":1,\"name\":\"Portada\",\"item\":\"https:\/\/experienciadevida.com.ar\/portalurbano\/\"},{\"@type\":\"ListItem\",\"position\":2,\"name\":\"Aprehendieron al hijo del hombre asesinado a la madrugada\"}]},{\"@type\":\"WebSite\",\"@id\":\"https:\/\/experienciadevida.com.ar\/portalurbano\/#website\",\"url\":\"https:\/\/experienciadevida.com.ar\/portalurbano\/\",\"name\":\"\",\"description\":\"\",\"publisher\":{\"@id\":\"https:\/\/experienciadevida.com.ar\/portalurbano\/#organization\"},\"potentialAction\":[{\"@type\":\"SearchAction\",\"target\":{\"@type\":\"EntryPoint\",\"urlTemplate\":\"https:\/\/experienciadevida.com.ar\/portalurbano\/?s={search_term_string}\"},\"query-input\":\"required name=search_term_string\"}],\"inLanguage\":\"es\"},{\"@type\":\"Organization\",\"@id\":\"https:\/\/experienciadevida.com.ar\/portalurbano\/#organization\",\"name\":\"Portal Urbano\",\"url\":\"https:\/\/experienciadevida.com.ar\/portalurbano\/\",\"logo\":{\"@type\":\"ImageObject\",\"inLanguage\":\"es\",\"@id\":\"https:\/\/experienciadevida.com.ar\/portalurbano\/#\/schema\/logo\/image\/\",\"url\":\"https:\/\/experienciadevida.com.ar\/portalurbano\/wp-content\/uploads\/2019\/09\/Logo-Original.png\",\"contentUrl\":\"https:\/\/experienciadevida.com.ar\/portalurbano\/wp-content\/uploads\/2019\/09\/Logo-Original.png\",\"width\":2236,\"height\":1216,\"caption\":\"Portal Urbano\"},\"image\":{\"@id\":\"https:\/\/experienciadevida.com.ar\/portalurbano\/#\/schema\/logo\/image\/\"},\"sameAs\":[\"https:\/\/www.facebook.com\/Portal-Urbano-171542830093757\/\",\"https:\/\/twitter.com\/portalurbanook\",\"https:\/\/www.instagram.com\/_portalurbano\/\",\"https:\/\/www.youtube.com\/channel\/UCXhagIfszH8KxFiOok79zbA?view_as=subscriber\"]},{\"@type\":\"Person\",\"@id\":\"https:\/\/experienciadevida.com.ar\/portalurbano\/#\/schema\/person\/02dd326b1c4b056e9cc972486934a3a7\",\"name\":\"admpu17wp\",\"image\":{\"@type\":\"ImageObject\",\"inLanguage\":\"es\",\"@id\":\"https:\/\/experienciadevida.com.ar\/portalurbano\/#\/schema\/person\/image\/\",\"url\":\"https:\/\/secure.gravatar.com\/avatar\/830d4c57adaae6630765e449a6908047?s=96&d=mm&r=g\",\"contentUrl\":\"https:\/\/secure.gravatar.com\/avatar\/830d4c57adaae6630765e449a6908047?s=96&d=mm&r=g\",\"caption\":\"admpu17wp\"}}]}<\/script>\n<!-- \/ Yoast SEO plugin. -->","yoast_head_json":{"title":"Aprehendieron al hijo del hombre asesinado a la madrugada","description":"Aprehendieron al hijo del hombre asesinado a la madrugada,\u00a0 el hecho ocurri\u00f3 en la calle 110 y Ant\u00e1rtida Argentina, fue este viernes.","robots":{"index":"index","follow":"follow","max-snippet":"max-snippet:-1","max-image-preview":"max-image-preview:large","max-video-preview":"max-video-preview:-1"},"canonical":"https:\/\/experienciadevida.com.ar\/portalurbano\/aprehendieron-al-hijo-del-hombre-asesinado-a-la-madrugada\/","og_locale":"es_ES","og_type":"article","og_title":"Aprehendieron al hijo del hombre asesinado a la madrugada","og_description":"Aprehendieron al hijo del hombre asesinado a la madrugada,\u00a0 el hecho ocurri\u00f3 en la calle 110 y Ant\u00e1rtida Argentina, fue este viernes.","og_url":"https:\/\/experienciadevida.com.ar\/portalurbano\/aprehendieron-al-hijo-del-hombre-asesinado-a-la-madrugada\/","article_publisher":"https:\/\/www.facebook.com\/Portal-Urbano-171542830093757\/","article_published_time":"2021-06-04T17:20:17+00:00","article_modified_time":"2021-06-04T17:25:28+00:00","og_image":[{"width":1280,"height":606,"url":"https:\/\/experienciadevida.com.ar\/portalurbano\/wp-content\/uploads\/2021\/06\/Asesinato.jpg","type":"image\/jpeg"}],"author":"admpu17wp","twitter_card":"summary_large_image","twitter_creator":"@portalurbanook","twitter_site":"@portalurbanook","twitter_misc":{"Escrito por":"admpu17wp","Tiempo de lectura":"1 minuto"},"schema":{"@context":"https:\/\/schema.org","@graph":[{"@type":"Article","@id":"https:\/\/experienciadevida.com.ar\/portalurbano\/aprehendieron-al-hijo-del-hombre-asesinado-a-la-madrugada\/#article","isPartOf":{"@id":"https:\/\/experienciadevida.com.ar\/portalurbano\/aprehendieron-al-hijo-del-hombre-asesinado-a-la-madrugada\/"},"author":{"name":"admpu17wp","@id":"https:\/\/experienciadevida.com.ar\/portalurbano\/#\/schema\/person\/02dd326b1c4b056e9cc972486934a3a7"},"headline":"Aprehendieron al hijo del hombre asesinado a la madrugada","datePublished":"2021-06-04T17:20:17+00:00","dateModified":"2021-06-04T17:25:28+00:00","mainEntityOfPage":{"@id":"https:\/\/experienciadevida.com.ar\/portalurbano\/aprehendieron-al-hijo-del-hombre-asesinado-a-la-madrugada\/"},"wordCount":218,"publisher":{"@id":"https:\/\/experienciadevida.com.ar\/portalurbano\/#organization"},"articleSection":["Destacadas 2","Policiales"],"inLanguage":"es"},{"@type":"WebPage","@id":"https:\/\/experienciadevida.com.ar\/portalurbano\/aprehendieron-al-hijo-del-hombre-asesinado-a-la-madrugada\/","url":"https:\/\/experienciadevida.com.ar\/portalurbano\/aprehendieron-al-hijo-del-hombre-asesinado-a-la-madrugada\/","name":"Aprehendieron al hijo del hombre asesinado a la madrugada","isPartOf":{"@id":"https:\/\/experienciadevida.com.ar\/portalurbano\/#website"},"datePublished":"2021-06-04T17:20:17+00:00","dateModified":"2021-06-04T17:25:28+00:00","description":"Aprehendieron al hijo del hombre asesinado a la madrugada,\u00a0 el hecho ocurri\u00f3 en la calle 110 y Ant\u00e1rtida Argentina, fue este viernes.","breadcrumb":{"@id":"https:\/\/experienciadevida.com.ar\/portalurbano\/aprehendieron-al-hijo-del-hombre-asesinado-a-la-madrugada\/#breadcrumb"},"inLanguage":"es","potentialAction":[{"@type":"ReadAction","target":["https:\/\/experienciadevida.com.ar\/portalurbano\/aprehendieron-al-hijo-del-hombre-asesinado-a-la-madrugada\/"]}]},{"@type":"BreadcrumbList","@id":"https:\/\/experienciadevida.com.ar\/portalurbano\/aprehendieron-al-hijo-del-hombre-asesinado-a-la-madrugada\/#breadcrumb","itemListElement":[{"@type":"ListItem","position":1,"name":"Portada","item":"https:\/\/experienciadevida.com.ar\/portalurbano\/"},{"@type":"ListItem","position":2,"name":"Aprehendieron al hijo del hombre asesinado a la madrugada"}]},{"@type":"WebSite","@id":"https:\/\/experienciadevida.com.ar\/portalurbano\/#website","url":"https:\/\/experienciadevida.com.ar\/portalurbano\/","name":"","description":"","publisher":{"@id":"https:\/\/experienciadevida.com.ar\/portalurbano\/#organization"},"potentialAction":[{"@type":"SearchAction","target":{"@type":"EntryPoint","urlTemplate":"https:\/\/experienciadevida.com.ar\/portalurbano\/?s={search_term_string}"},"query-input":"required name=search_term_string"}],"inLanguage":"es"},{"@type":"Organization","@id":"https:\/\/experienciadevida.com.ar\/portalurbano\/#organization","name":"Portal Urbano","url":"https:\/\/experienciadevida.com.ar\/portalurbano\/","logo":{"@type":"ImageObject","inLanguage":"es","@id":"https:\/\/experienciadevida.com.ar\/portalurbano\/#\/schema\/logo\/image\/","url":"https:\/\/experienciadevida.com.ar\/portalurbano\/wp-content\/uploads\/2019\/09\/Logo-Original.png","contentUrl":"https:\/\/experienciadevida.com.ar\/portalurbano\/wp-content\/uploads\/2019\/09\/Logo-Original.png","width":2236,"height":1216,"caption":"Portal Urbano"},"image":{"@id":"https:\/\/experienciadevida.com.ar\/portalurbano\/#\/schema\/logo\/image\/"},"sameAs":["https:\/\/www.facebook.com\/Portal-Urbano-171542830093757\/","https:\/\/twitter.com\/portalurbanook","https:\/\/www.instagram.com\/_portalurbano\/","https:\/\/www.youtube.com\/channel\/UCXhagIfszH8KxFiOok79zbA?view_as=subscriber"]},{"@type":"Person","@id":"https:\/\/experienciadevida.com.ar\/portalurbano\/#\/schema\/person\/02dd326b1c4b056e9cc972486934a3a7","name":"admpu17wp","image":{"@type":"ImageObject","inLanguage":"es","@id":"https:\/\/experienciadevida.com.ar\/portalurbano\/#\/schema\/person\/image\/","url":"https:\/\/secure.gravatar.com\/avatar\/830d4c57adaae6630765e449a6908047?s=96&d=mm&r=g","contentUrl":"https:\/\/secure.gravatar.com\/avatar\/830d4c57adaae6630765e449a6908047?s=96&d=mm&r=g","caption":"admpu17wp"}}]}},"featured_image_urls":{"full":["https:\/\/experienciadevida.com.ar\/portalurbano\/wp-content\/uploads\/2021\/06\/Asesinato.jpg",1280,606,false],"thumbnail":["https:\/\/experienciadevida.com.ar\/portalurbano\/wp-content\/uploads\/2021\/06\/Asesinato-150x150.jpg",150,150,true],"medium":["https:\/\/experienciadevida.com.ar\/portalurbano\/wp-content\/uploads\/2021\/06\/Asesinato-300x142.jpg",300,142,true],"medium_large":["https:\/\/experienciadevida.com.ar\/portalurbano\/wp-content\/uploads\/2021\/06\/Asesinato-768x364.jpg",640,303,true],"large":["https:\/\/experienciadevida.com.ar\/portalurbano\/wp-content\/uploads\/2021\/06\/Asesinato-1024x485.jpg",640,303,true],"ug_big":["https:\/\/experienciadevida.com.ar\/portalurbano\/wp-content\/uploads\/2021\/06\/Asesinato-768x364.jpg",768,364,true],"1536x1536":["https:\/\/experienciadevida.com.ar\/portalurbano\/wp-content\/uploads\/2021\/06\/Asesinato.jpg",1280,606,false],"2048x2048":["https:\/\/experienciadevida.com.ar\/portalurbano\/wp-content\/uploads\/2021\/06\/Asesinato.jpg",1280,606,false],"newsever-slider-full":["https:\/\/experienciadevida.com.ar\/portalurbano\/wp-content\/uploads\/2021\/06\/Asesinato.jpg",1280,606,false],"newsever-featured":["https:\/\/experienciadevida.com.ar\/portalurbano\/wp-content\/uploads\/2021\/06\/Asesinato.jpg",1024,485,false],"newsever-medium":["https:\/\/experienciadevida.com.ar\/portalurbano\/wp-content\/uploads\/2021\/06\/Asesinato.jpg",720,341,false],"web-stories-poster-portrait":["https:\/\/experienciadevida.com.ar\/portalurbano\/wp-content\/uploads\/2021\/06\/Asesinato.jpg",640,303,false],"web-stories-publisher-logo":["https:\/\/experienciadevida.com.ar\/portalurbano\/wp-content\/uploads\/2021\/06\/Asesinato.jpg",96,45,false],"web-stories-thumbnail":["https:\/\/experienciadevida.com.ar\/portalurbano\/wp-content\/uploads\/2021\/06\/Asesinato.jpg",150,71,false]},"author_info":{"display_name":"admpu17wp","author_link":"https:\/\/experienciadevida.com.ar\/portalurbano\/author\/admpu17wp\/"},"category_info":"<a href=\"https:\/\/experienciadevida.com.ar\/portalurbano\/category\/destacadas-2\/\" rel=\"category tag\">Destacadas 2<\/a> <a href=\"https:\/\/experienciadevida.com.ar\/portalurbano\/category\/policiales\/\" rel=\"category tag\">Policiales<\/a>","tag_info":"Policiales","comment_count":"0","amp_enabled":true,"_links":{"self":[{"href":"https:\/\/experienciadevida.com.ar\/portalurbano\/wp-json\/wp\/v2\/posts\/144393"}],"collection":[{"href":"https:\/\/experienciadevida.com.ar\/portalurbano\/wp-json\/wp\/v2\/posts"}],"about":[{"href":"https:\/\/experienciadevida.com.ar\/portalurbano\/wp-json\/wp\/v2\/types\/post"}],"author":[{"embeddable":true,"href":"https:\/\/experienciadevida.com.ar\/portalurbano\/wp-json\/wp\/v2\/users\/1"}],"replies":[{"embeddable":true,"href":"https:\/\/experienciadevida.com.ar\/portalurbano\/wp-json\/wp\/v2\/comments?post=144393"}],"version-history":[{"count":3,"href":"https:\/\/experienciadevida.com.ar\/portalurbano\/wp-json\/wp\/v2\/posts\/144393\/revisions"}],"predecessor-version":[{"id":144396,"href":"https:\/\/experienciadevida.com.ar\/portalurbano\/wp-json\/wp\/v2\/posts\/144393\/revisions\/144396"}],"wp:featuredmedia":[{"embeddable":true,"href":"https:\/\/experienciadevida.com.ar\/portalurbano\/wp-json\/wp\/v2\/media\/144356"}],"wp:attachment":[{"href":"https:\/\/experienciadevida.com.ar\/portalurbano\/wp-json\/wp\/v2\/media?parent=144393"}],"wp:term":[{"taxonomy":"category","embeddable":true,"href":"https:\/\/experienciadevida.com.ar\/portalurbano\/wp-json\/wp\/v2\/categories?post=144393"},{"taxonomy":"post_tag","embeddable":true,"href":"https:\/\/experienciadevida.com.ar\/portalurbano\/wp-json\/wp\/v2\/tags?post=144393"}],"curies":[{"name":"wp","href":"https:\/\/api.w.org\/{rel}","templated":true}]}}