{"id":144385,"date":"2021-06-04T14:10:53","date_gmt":"2021-06-04T17:10:53","guid":{"rendered":"https:\/\/experienciadevida.com.ar\/portalurbano\/?p=144385"},"modified":"2021-06-04T14:15:19","modified_gmt":"2021-06-04T17:15:19","slug":"los-agrupamientos-industriales-de-olavarria-en-crecimiento","status":"publish","type":"post","link":"https:\/\/experienciadevida.com.ar\/portalurbano\/los-agrupamientos-industriales-de-olavarria-en-crecimiento\/","title":{"rendered":"Los agrupamientos industriales de Olavarr\u00eda en crecimiento"},"content":{"rendered":"<p>Los agrupamientos industriales de Olavarr\u00eda en crecimiento, en la ma\u00f1ana de este viernes, el intendente Ezequiel <a href=\"https:\/\/www.facebook.com\/galliezequiel\">Galli<\/a> mantuvo un encuentro con empresarios, con motivo de la firma de boletos de compra-venta para la adquisici\u00f3n de nuevos lotes en los agrupamientos industriales, con los que cuenta el Partido de Olavarr\u00eda.<\/p>\n<p>En la oportunidad, estuvo acompa\u00f1ado por el secretario de Desarrollo Econ\u00f3mico Julio Valetutto y la directora de Empresas Edith Schoos.<\/p>\n<p>Dicha firma -que tuvo lugar en el Sal\u00f3n Blanco- permitir\u00e1 la radicaci\u00f3n de tres empresas, por un lado de Vientos del Agro en el Sector Industrial Planificado de Granos y por otra parte de, HIMA y Finoteix en el Sector Industrial Planificado \u201cLos Fresnos\u201d.<\/p>\n<p>Los agrupamientos industriales de Olavarr\u00eda en crecimiento, Vientos del Agro S.A.: es una empresa de la vecina ciudad de Azul que se dedica a la actividad de comercializaci\u00f3n en comisi\u00f3n y consignaci\u00f3n de granos, desde el a\u00f1o 2015, no s\u00f3lo en Azul sino tambi\u00e9n en Olavarr\u00eda y ciudades vecinas. En esta oportunidad adquiere en el agrupamiento industrial denominado Sector Industrial Planificado de Granos, un lote de 9951 m2 para radicar su actividad agr\u00edcola, donde se instalar\u00e1n 4 silos de 6,32 m, una playa de camiones de 400 m2 y oficinas de 50 m2.<\/p>\n<p>Finoteix de Olavarr\u00eda S.A.: es una empresa familiar olavarriense con amplia trayectoria en el mercado de la construcci\u00f3n, dedicada a la fabricaci\u00f3n de premezclas para la construcci\u00f3n. Mediante esta firma adquiere un lote de 13.422 m2 en el Sector Industrial Planificado \u201cLos Fresnos\u201d para realizar la actividad de fabricaci\u00f3n de premezclas y premoldeados. Tiene proyectado la construcci\u00f3n de una planta de producci\u00f3n de 450 m2, oficinas, un horno y pared\u00f3n de contenci\u00f3n de materiales. A su vez proyecta la construcci\u00f3n de otra nave industrial destinada para la f\u00e1brica de pinturas.<\/p>\n<p>HIMA Gesti\u00f3n Ambiental S.A.: es una empresa olavarriense, que se dedica -desde el a\u00f1o 2012- al servicio de recolecci\u00f3n de residuos, acopio y gesti\u00f3n de tratamiento de residuos no peligrosos y el asesoramiento de Seguridad e Higiene Ambiental respectivamente .La empresa adquiri\u00f3 un lote en el Sector Industrial Planificado \u201cLos Fresnos\u201d con una superficie de 2684,70 mts2 para facilitar el desarrollo de su actividad. Para tal fin tiene pensado implantar un dep\u00f3sito de acopio transitorio de residuos especiales, uno de transferencia de residuos patog\u00e9nicos, lavadero, oficinas y taller de mantenimiento e insumos.<\/p>\n<p>El crecimiento permanente y progresivo de las diferentes firmas radicadas se enmarca dentro de las pol\u00edticas de la gesti\u00f3n local en relaci\u00f3n al desarrollo econ\u00f3mico, respaldo, apoyo y promoci\u00f3n del sistema productivo local.<\/p>\n<p>Los agrupamientos industriales de nuestro Partido se encuentran en una posici\u00f3n geogr\u00e1fica estrat\u00e9gica y ofrecen importantes ventajas comparativas a nivel de infraestructura.<\/p>\n<p><a href=\"https:\/\/experienciadevida.com.ar\/portalurbano\/los-agrupamientos-industriales-de-olavarria-en-crecimiento\/los-agrupamientos\/\" rel=\"attachment wp-att-144389\"><img decoding=\"async\" class=\"alignnone size-large wp-image-144389\" src=\"https:\/\/experienciadevida.com.ar\/portalurbano\/wp-content\/uploads\/2021\/06\/Los-agrupamientos-1024x684.jpg\" alt=\"Los agrupamientos\" width=\"900\" height=\"601\" \/><\/a><\/p>\n<p><a href=\"https:\/\/experienciadevida.com.ar\/portalurbano\/los-agrupamientos-industriales-de-olavarria-en-crecimiento\/industriales-de-olavarria\/\" rel=\"attachment wp-att-144390\"><img decoding=\"async\" class=\"alignnone size-large wp-image-144390\" src=\"https:\/\/experienciadevida.com.ar\/portalurbano\/wp-content\/uploads\/2021\/06\/industriales-de-Olavarria-1024x684.jpg\" alt=\"industriales de Olavarr\u00eda\" width=\"900\" height=\"601\" \/><\/a><\/p>\n","protected":false},"excerpt":{"rendered":"<p>Los agrupamientos industriales de Olavarr\u00eda en crecimiento, en la ma\u00f1ana de este viernes, el intendente&#8230;<\/p>\n","protected":false},"author":1,"featured_media":144386,"comment_status":"closed","ping_status":"closed","sticky":false,"template":"","format":"standard","meta":{"content-type":""},"categories":[27,51],"tags":[],"nelio_content":{"isAutoShareEnabled":false,"autoShareEndMode":"default","automationSources":{"useContentSentences":true,"useSocialTemplates":true,"useCustomSentences":false,"customSentences":[]},"followers":[1],"suggestedReferences":[],"includedReferences":[],"efiUrl":"","efiAlt":"","highlights":[]},"yoast_head":"<!-- This site is optimized with the Yoast SEO plugin v20.7 - https:\/\/yoast.com\/wordpress\/plugins\/seo\/ -->\n<title>Los agrupamientos industriales de Olavarr\u00eda en crecimiento<\/title>\n<meta name=\"description\" content=\"Los agrupamientos industriales de Olavarr\u00eda en crecimiento, en la ma\u00f1ana de este viernes Galli mantuvo un encuentro con empresarios\" \/>\n<meta name=\"robots\" content=\"index, follow, max-snippet:-1, max-image-preview:large, max-video-preview:-1\" \/>\n<link rel=\"canonical\" href=\"https:\/\/experienciadevida.com.ar\/portalurbano\/los-agrupamientos-industriales-de-olavarria-en-crecimiento\/\" \/>\n<meta property=\"og:locale\" content=\"es_ES\" \/>\n<meta property=\"og:type\" content=\"article\" \/>\n<meta property=\"og:title\" content=\"Los agrupamientos industriales de Olavarr\u00eda en crecimiento\" \/>\n<meta property=\"og:description\" content=\"Los agrupamientos industriales de Olavarr\u00eda en crecimiento, en la ma\u00f1ana de este viernes Galli mantuvo un encuentro con empresarios\" \/>\n<meta property=\"og:url\" content=\"https:\/\/experienciadevida.com.ar\/portalurbano\/los-agrupamientos-industriales-de-olavarria-en-crecimiento\/\" \/>\n<meta property=\"article:publisher\" content=\"https:\/\/www.facebook.com\/Portal-Urbano-171542830093757\/\" \/>\n<meta property=\"article:published_time\" content=\"2021-06-04T17:10:53+00:00\" \/>\n<meta property=\"article:modified_time\" content=\"2021-06-04T17:15:19+00:00\" \/>\n<meta property=\"og:image\" content=\"https:\/\/experienciadevida.com.ar\/portalurbano\/wp-content\/uploads\/2021\/06\/Los-agrupamientos-industriales-de-Olavarria-e1622826634206.jpg\" \/>\n\t<meta property=\"og:image:width\" content=\"765\" \/>\n\t<meta property=\"og:image:height\" content=\"511\" \/>\n\t<meta property=\"og:image:type\" content=\"image\/jpeg\" \/>\n<meta name=\"author\" content=\"admpu17wp\" \/>\n<meta name=\"twitter:card\" content=\"summary_large_image\" \/>\n<meta name=\"twitter:creator\" content=\"@portalurbanook\" \/>\n<meta name=\"twitter:site\" content=\"@portalurbanook\" \/>\n<meta name=\"twitter:label1\" content=\"Escrito por\" \/>\n\t<meta name=\"twitter:data1\" content=\"admpu17wp\" \/>\n\t<meta name=\"twitter:label2\" content=\"Tiempo de lectura\" \/>\n\t<meta name=\"twitter:data2\" content=\"3 minutos\" \/>\n<script type=\"application\/ld+json\" class=\"yoast-schema-graph\">{\"@context\":\"https:\/\/schema.org\",\"@graph\":[{\"@type\":\"Article\",\"@id\":\"https:\/\/experienciadevida.com.ar\/portalurbano\/los-agrupamientos-industriales-de-olavarria-en-crecimiento\/#article\",\"isPartOf\":{\"@id\":\"https:\/\/experienciadevida.com.ar\/portalurbano\/los-agrupamientos-industriales-de-olavarria-en-crecimiento\/\"},\"author\":{\"name\":\"admpu17wp\",\"@id\":\"https:\/\/experienciadevida.com.ar\/portalurbano\/#\/schema\/person\/02dd326b1c4b056e9cc972486934a3a7\"},\"headline\":\"Los agrupamientos industriales de Olavarr\u00eda en crecimiento\",\"datePublished\":\"2021-06-04T17:10:53+00:00\",\"dateModified\":\"2021-06-04T17:15:19+00:00\",\"mainEntityOfPage\":{\"@id\":\"https:\/\/experienciadevida.com.ar\/portalurbano\/los-agrupamientos-industriales-de-olavarria-en-crecimiento\/\"},\"wordCount\":488,\"publisher\":{\"@id\":\"https:\/\/experienciadevida.com.ar\/portalurbano\/#organization\"},\"articleSection\":[\"Ciudad\",\"Destacadas\"],\"inLanguage\":\"es\"},{\"@type\":\"WebPage\",\"@id\":\"https:\/\/experienciadevida.com.ar\/portalurbano\/los-agrupamientos-industriales-de-olavarria-en-crecimiento\/\",\"url\":\"https:\/\/experienciadevida.com.ar\/portalurbano\/los-agrupamientos-industriales-de-olavarria-en-crecimiento\/\",\"name\":\"Los agrupamientos industriales de Olavarr\u00eda en crecimiento\",\"isPartOf\":{\"@id\":\"https:\/\/experienciadevida.com.ar\/portalurbano\/#website\"},\"datePublished\":\"2021-06-04T17:10:53+00:00\",\"dateModified\":\"2021-06-04T17:15:19+00:00\",\"description\":\"Los agrupamientos industriales de Olavarr\u00eda en crecimiento, en la ma\u00f1ana de este viernes Galli mantuvo un encuentro con empresarios\",\"breadcrumb\":{\"@id\":\"https:\/\/experienciadevida.com.ar\/portalurbano\/los-agrupamientos-industriales-de-olavarria-en-crecimiento\/#breadcrumb\"},\"inLanguage\":\"es\",\"potentialAction\":[{\"@type\":\"ReadAction\",\"target\":[\"https:\/\/experienciadevida.com.ar\/portalurbano\/los-agrupamientos-industriales-de-olavarria-en-crecimiento\/\"]}]},{\"@type\":\"BreadcrumbList\",\"@id\":\"https:\/\/experienciadevida.com.ar\/portalurbano\/los-agrupamientos-industriales-de-olavarria-en-crecimiento\/#breadcrumb\",\"itemListElement\":[{\"@type\":\"ListItem\",\"position\":1,\"name\":\"Portada\",\"item\":\"https:\/\/experienciadevida.com.ar\/portalurbano\/\"},{\"@type\":\"ListItem\",\"position\":2,\"name\":\"Los agrupamientos industriales de Olavarr\u00eda en crecimiento\"}]},{\"@type\":\"WebSite\",\"@id\":\"https:\/\/experienciadevida.com.ar\/portalurbano\/#website\",\"url\":\"https:\/\/experienciadevida.com.ar\/portalurbano\/\",\"name\":\"\",\"description\":\"\",\"publisher\":{\"@id\":\"https:\/\/experienciadevida.com.ar\/portalurbano\/#organization\"},\"potentialAction\":[{\"@type\":\"SearchAction\",\"target\":{\"@type\":\"EntryPoint\",\"urlTemplate\":\"https:\/\/experienciadevida.com.ar\/portalurbano\/?s={search_term_string}\"},\"query-input\":\"required name=search_term_string\"}],\"inLanguage\":\"es\"},{\"@type\":\"Organization\",\"@id\":\"https:\/\/experienciadevida.com.ar\/portalurbano\/#organization\",\"name\":\"Portal Urbano\",\"url\":\"https:\/\/experienciadevida.com.ar\/portalurbano\/\",\"logo\":{\"@type\":\"ImageObject\",\"inLanguage\":\"es\",\"@id\":\"https:\/\/experienciadevida.com.ar\/portalurbano\/#\/schema\/logo\/image\/\",\"url\":\"https:\/\/experienciadevida.com.ar\/portalurbano\/wp-content\/uploads\/2019\/09\/Logo-Original.png\",\"contentUrl\":\"https:\/\/experienciadevida.com.ar\/portalurbano\/wp-content\/uploads\/2019\/09\/Logo-Original.png\",\"width\":2236,\"height\":1216,\"caption\":\"Portal Urbano\"},\"image\":{\"@id\":\"https:\/\/experienciadevida.com.ar\/portalurbano\/#\/schema\/logo\/image\/\"},\"sameAs\":[\"https:\/\/www.facebook.com\/Portal-Urbano-171542830093757\/\",\"https:\/\/twitter.com\/portalurbanook\",\"https:\/\/www.instagram.com\/_portalurbano\/\",\"https:\/\/www.youtube.com\/channel\/UCXhagIfszH8KxFiOok79zbA?view_as=subscriber\"]},{\"@type\":\"Person\",\"@id\":\"https:\/\/experienciadevida.com.ar\/portalurbano\/#\/schema\/person\/02dd326b1c4b056e9cc972486934a3a7\",\"name\":\"admpu17wp\",\"image\":{\"@type\":\"ImageObject\",\"inLanguage\":\"es\",\"@id\":\"https:\/\/experienciadevida.com.ar\/portalurbano\/#\/schema\/person\/image\/\",\"url\":\"https:\/\/secure.gravatar.com\/avatar\/830d4c57adaae6630765e449a6908047?s=96&d=mm&r=g\",\"contentUrl\":\"https:\/\/secure.gravatar.com\/avatar\/830d4c57adaae6630765e449a6908047?s=96&d=mm&r=g\",\"caption\":\"admpu17wp\"}}]}<\/script>\n<!-- \/ Yoast SEO plugin. -->","yoast_head_json":{"title":"Los agrupamientos industriales de Olavarr\u00eda en crecimiento","description":"Los agrupamientos industriales de Olavarr\u00eda en crecimiento, en la ma\u00f1ana de este viernes Galli mantuvo un encuentro con empresarios","robots":{"index":"index","follow":"follow","max-snippet":"max-snippet:-1","max-image-preview":"max-image-preview:large","max-video-preview":"max-video-preview:-1"},"canonical":"https:\/\/experienciadevida.com.ar\/portalurbano\/los-agrupamientos-industriales-de-olavarria-en-crecimiento\/","og_locale":"es_ES","og_type":"article","og_title":"Los agrupamientos industriales de Olavarr\u00eda en crecimiento","og_description":"Los agrupamientos industriales de Olavarr\u00eda en crecimiento, en la ma\u00f1ana de este viernes Galli mantuvo un encuentro con empresarios","og_url":"https:\/\/experienciadevida.com.ar\/portalurbano\/los-agrupamientos-industriales-de-olavarria-en-crecimiento\/","article_publisher":"https:\/\/www.facebook.com\/Portal-Urbano-171542830093757\/","article_published_time":"2021-06-04T17:10:53+00:00","article_modified_time":"2021-06-04T17:15:19+00:00","og_image":[{"width":765,"height":511,"url":"https:\/\/experienciadevida.com.ar\/portalurbano\/wp-content\/uploads\/2021\/06\/Los-agrupamientos-industriales-de-Olavarria-e1622826634206.jpg","type":"image\/jpeg"}],"author":"admpu17wp","twitter_card":"summary_large_image","twitter_creator":"@portalurbanook","twitter_site":"@portalurbanook","twitter_misc":{"Escrito por":"admpu17wp","Tiempo de lectura":"3 minutos"},"schema":{"@context":"https:\/\/schema.org","@graph":[{"@type":"Article","@id":"https:\/\/experienciadevida.com.ar\/portalurbano\/los-agrupamientos-industriales-de-olavarria-en-crecimiento\/#article","isPartOf":{"@id":"https:\/\/experienciadevida.com.ar\/portalurbano\/los-agrupamientos-industriales-de-olavarria-en-crecimiento\/"},"author":{"name":"admpu17wp","@id":"https:\/\/experienciadevida.com.ar\/portalurbano\/#\/schema\/person\/02dd326b1c4b056e9cc972486934a3a7"},"headline":"Los agrupamientos industriales de Olavarr\u00eda en crecimiento","datePublished":"2021-06-04T17:10:53+00:00","dateModified":"2021-06-04T17:15:19+00:00","mainEntityOfPage":{"@id":"https:\/\/experienciadevida.com.ar\/portalurbano\/los-agrupamientos-industriales-de-olavarria-en-crecimiento\/"},"wordCount":488,"publisher":{"@id":"https:\/\/experienciadevida.com.ar\/portalurbano\/#organization"},"articleSection":["Ciudad","Destacadas"],"inLanguage":"es"},{"@type":"WebPage","@id":"https:\/\/experienciadevida.com.ar\/portalurbano\/los-agrupamientos-industriales-de-olavarria-en-crecimiento\/","url":"https:\/\/experienciadevida.com.ar\/portalurbano\/los-agrupamientos-industriales-de-olavarria-en-crecimiento\/","name":"Los agrupamientos industriales de Olavarr\u00eda en crecimiento","isPartOf":{"@id":"https:\/\/experienciadevida.com.ar\/portalurbano\/#website"},"datePublished":"2021-06-04T17:10:53+00:00","dateModified":"2021-06-04T17:15:19+00:00","description":"Los agrupamientos industriales de Olavarr\u00eda en crecimiento, en la ma\u00f1ana de este viernes Galli mantuvo un encuentro con empresarios","breadcrumb":{"@id":"https:\/\/experienciadevida.com.ar\/portalurbano\/los-agrupamientos-industriales-de-olavarria-en-crecimiento\/#breadcrumb"},"inLanguage":"es","potentialAction":[{"@type":"ReadAction","target":["https:\/\/experienciadevida.com.ar\/portalurbano\/los-agrupamientos-industriales-de-olavarria-en-crecimiento\/"]}]},{"@type":"BreadcrumbList","@id":"https:\/\/experienciadevida.com.ar\/portalurbano\/los-agrupamientos-industriales-de-olavarria-en-crecimiento\/#breadcrumb","itemListElement":[{"@type":"ListItem","position":1,"name":"Portada","item":"https:\/\/experienciadevida.com.ar\/portalurbano\/"},{"@type":"ListItem","position":2,"name":"Los agrupamientos industriales de Olavarr\u00eda en crecimiento"}]},{"@type":"WebSite","@id":"https:\/\/experienciadevida.com.ar\/portalurbano\/#website","url":"https:\/\/experienciadevida.com.ar\/portalurbano\/","name":"","description":"","publisher":{"@id":"https:\/\/experienciadevida.com.ar\/portalurbano\/#organization"},"potentialAction":[{"@type":"SearchAction","target":{"@type":"EntryPoint","urlTemplate":"https:\/\/experienciadevida.com.ar\/portalurbano\/?s={search_term_string}"},"query-input":"required name=search_term_string"}],"inLanguage":"es"},{"@type":"Organization","@id":"https:\/\/experienciadevida.com.ar\/portalurbano\/#organization","name":"Portal Urbano","url":"https:\/\/experienciadevida.com.ar\/portalurbano\/","logo":{"@type":"ImageObject","inLanguage":"es","@id":"https:\/\/experienciadevida.com.ar\/portalurbano\/#\/schema\/logo\/image\/","url":"https:\/\/experienciadevida.com.ar\/portalurbano\/wp-content\/uploads\/2019\/09\/Logo-Original.png","contentUrl":"https:\/\/experienciadevida.com.ar\/portalurbano\/wp-content\/uploads\/2019\/09\/Logo-Original.png","width":2236,"height":1216,"caption":"Portal Urbano"},"image":{"@id":"https:\/\/experienciadevida.com.ar\/portalurbano\/#\/schema\/logo\/image\/"},"sameAs":["https:\/\/www.facebook.com\/Portal-Urbano-171542830093757\/","https:\/\/twitter.com\/portalurbanook","https:\/\/www.instagram.com\/_portalurbano\/","https:\/\/www.youtube.com\/channel\/UCXhagIfszH8KxFiOok79zbA?view_as=subscriber"]},{"@type":"Person","@id":"https:\/\/experienciadevida.com.ar\/portalurbano\/#\/schema\/person\/02dd326b1c4b056e9cc972486934a3a7","name":"admpu17wp","image":{"@type":"ImageObject","inLanguage":"es","@id":"https:\/\/experienciadevida.com.ar\/portalurbano\/#\/schema\/person\/image\/","url":"https:\/\/secure.gravatar.com\/avatar\/830d4c57adaae6630765e449a6908047?s=96&d=mm&r=g","contentUrl":"https:\/\/secure.gravatar.com\/avatar\/830d4c57adaae6630765e449a6908047?s=96&d=mm&r=g","caption":"admpu17wp"}}]}},"featured_image_urls":{"full":["https:\/\/experienciadevida.com.ar\/portalurbano\/wp-content\/uploads\/2021\/06\/Los-agrupamientos-industriales-de-Olavarria-e1622826634206.jpg",765,511,false],"thumbnail":["https:\/\/experienciadevida.com.ar\/portalurbano\/wp-content\/uploads\/2021\/06\/Los-agrupamientos-industriales-de-Olavarria-150x150.jpg",150,150,true],"medium":["https:\/\/experienciadevida.com.ar\/portalurbano\/wp-content\/uploads\/2021\/06\/Los-agrupamientos-industriales-de-Olavarria-300x201.jpg",300,201,true],"medium_large":["https:\/\/experienciadevida.com.ar\/portalurbano\/wp-content\/uploads\/2021\/06\/Los-agrupamientos-industriales-de-Olavarria-768x513.jpg",640,428,true],"large":["https:\/\/experienciadevida.com.ar\/portalurbano\/wp-content\/uploads\/2021\/06\/Los-agrupamientos-industriales-de-Olavarria-1024x684.jpg",640,428,true],"ug_big":["https:\/\/experienciadevida.com.ar\/portalurbano\/wp-content\/uploads\/2021\/06\/Los-agrupamientos-industriales-de-Olavarria-768x513.jpg",768,513,true],"1536x1536":["https:\/\/experienciadevida.com.ar\/portalurbano\/wp-content\/uploads\/2021\/06\/Los-agrupamientos-industriales-de-Olavarria-1536x1027.jpg",1536,1027,true],"2048x2048":["https:\/\/experienciadevida.com.ar\/portalurbano\/wp-content\/uploads\/2021\/06\/Los-agrupamientos-industriales-de-Olavarria-2048x1369.jpg",2048,1369,true],"newsever-slider-full":["https:\/\/experienciadevida.com.ar\/portalurbano\/wp-content\/uploads\/2021\/06\/Los-agrupamientos-industriales-de-Olavarria-e1622826634206.jpg",765,511,false],"newsever-featured":["https:\/\/experienciadevida.com.ar\/portalurbano\/wp-content\/uploads\/2021\/06\/Los-agrupamientos-industriales-de-Olavarria-e1622826634206.jpg",765,511,false],"newsever-medium":["https:\/\/experienciadevida.com.ar\/portalurbano\/wp-content\/uploads\/2021\/06\/Los-agrupamientos-industriales-de-Olavarria-e1622826634206.jpg",711,475,false],"web-stories-poster-portrait":["https:\/\/experienciadevida.com.ar\/portalurbano\/wp-content\/uploads\/2021\/06\/Los-agrupamientos-industriales-de-Olavarria-e1622826634206.jpg",640,428,false],"web-stories-publisher-logo":["https:\/\/experienciadevida.com.ar\/portalurbano\/wp-content\/uploads\/2021\/06\/Los-agrupamientos-industriales-de-Olavarria-e1622826634206.jpg",96,64,false],"web-stories-thumbnail":["https:\/\/experienciadevida.com.ar\/portalurbano\/wp-content\/uploads\/2021\/06\/Los-agrupamientos-industriales-de-Olavarria-e1622826634206.jpg",150,100,false]},"author_info":{"display_name":"admpu17wp","author_link":"https:\/\/experienciadevida.com.ar\/portalurbano\/author\/admpu17wp\/"},"category_info":"<a href=\"https:\/\/experienciadevida.com.ar\/portalurbano\/category\/ciudad\/\" rel=\"category tag\">Ciudad<\/a> <a href=\"https:\/\/experienciadevida.com.ar\/portalurbano\/category\/destacadas\/\" rel=\"category tag\">Destacadas<\/a>","tag_info":"Destacadas","comment_count":"0","amp_enabled":true,"_links":{"self":[{"href":"https:\/\/experienciadevida.com.ar\/portalurbano\/wp-json\/wp\/v2\/posts\/144385"}],"collection":[{"href":"https:\/\/experienciadevida.com.ar\/portalurbano\/wp-json\/wp\/v2\/posts"}],"about":[{"href":"https:\/\/experienciadevida.com.ar\/portalurbano\/wp-json\/wp\/v2\/types\/post"}],"author":[{"embeddable":true,"href":"https:\/\/experienciadevida.com.ar\/portalurbano\/wp-json\/wp\/v2\/users\/1"}],"replies":[{"embeddable":true,"href":"https:\/\/experienciadevida.com.ar\/portalurbano\/wp-json\/wp\/v2\/comments?post=144385"}],"version-history":[{"count":4,"href":"https:\/\/experienciadevida.com.ar\/portalurbano\/wp-json\/wp\/v2\/posts\/144385\/revisions"}],"predecessor-version":[{"id":144391,"href":"https:\/\/experienciadevida.com.ar\/portalurbano\/wp-json\/wp\/v2\/posts\/144385\/revisions\/144391"}],"wp:featuredmedia":[{"embeddable":true,"href":"https:\/\/experienciadevida.com.ar\/portalurbano\/wp-json\/wp\/v2\/media\/144386"}],"wp:attachment":[{"href":"https:\/\/experienciadevida.com.ar\/portalurbano\/wp-json\/wp\/v2\/media?parent=144385"}],"wp:term":[{"taxonomy":"category","embeddable":true,"href":"https:\/\/experienciadevida.com.ar\/portalurbano\/wp-json\/wp\/v2\/categories?post=144385"},{"taxonomy":"post_tag","embeddable":true,"href":"https:\/\/experienciadevida.com.ar\/portalurbano\/wp-json\/wp\/v2\/tags?post=144385"}],"curies":[{"name":"wp","href":"https:\/\/api.w.org\/{rel}","templated":true}]}}