{"id":144360,"date":"2021-06-04T09:32:12","date_gmt":"2021-06-04T12:32:12","guid":{"rendered":"https:\/\/experienciadevida.com.ar\/portalurbano\/?p=144360"},"modified":"2021-06-04T09:32:37","modified_gmt":"2021-06-04T12:32:37","slug":"valicenti-acompanamos-a-las-pymes-frente-a-los-grupos-economicos-que-monopolizan-el-precio-y-el-abastecimiento-de-insumos-basicos","status":"publish","type":"post","link":"https:\/\/experienciadevida.com.ar\/portalurbano\/valicenti-acompanamos-a-las-pymes-frente-a-los-grupos-economicos-que-monopolizan-el-precio-y-el-abastecimiento-de-insumos-basicos\/","title":{"rendered":"Valicenti: \u201cacompa\u00f1amos a las Pymes frente a los grupos econ\u00f3micos que monopolizan el precio y el abastecimiento de insumos b\u00e1sicos\u201d"},"content":{"rendered":"<p>Valicenti: \u201cacompa\u00f1amos a las Pymes frente a los grupos econ\u00f3micos que monopolizan el precio y el abastecimiento de insumos b\u00e1sicos\u201d, el Diputado Provincial, manifest\u00f3 su acompa\u00f1amiento al comunicado que presentaron m\u00e1s de 40 entidades industriales Pymes de la provincia, entre ellas la Uni\u00f3n Industrial de Olavarr\u00eda, quienes responsabilizaron a los grupos econ\u00f3micos que monopolizan el precio y el abastecimiento de los insumos b\u00e1sicos indispensables para la producci\u00f3n.<\/p>\n<p>En ese sentido, el diputado <a href=\"https:\/\/www.facebook.com\/cesar.valicenti\">Valicenti<\/a> respald\u00f3 el posicionamiento de las peque\u00f1as y medianas empresas de la provincia y remarc\u00f3 que \u201ces fundamental que las pymes bonaerenses expresen sus problem\u00e1ticas para trabajar en conjunto desde el Estado y desde un proyecto productivo com\u00fan para establecer pol\u00edticas de fondo sobre la estructura econ\u00f3mica de nuestro pa\u00eds\u201d.<\/p>\n<p>Cabe remarcar que este mi\u00e9rcoles, industriales y comerciantes pymes de la provincia de Buenos Aires firmaron el documento titulado \u201cLa transformaci\u00f3n productiva s\u00f3lo es posible con un Estado presente\u201d donde emitieron una dura declaraci\u00f3n contra los principales productores de insumos b\u00e1sicos donde los hacen responsables por el aumento de precios.<\/p>\n<p>Valicenti: &#8220;acompa\u00f1amos a las pymes frente a los grupos econ\u00f3micos que monopolizan el precio y el abastecimiento de insumos b\u00e1sicos&#8221;, al mismo tiempo las 40 entidades industriales respaldaron el accionar de los gobiernos nacional y provincial para intentar ponerle freno a esas subas. \u201cDurante el \u00faltimo a\u00f1o, hemos sufrido incrementos desmesurados por parte de quienes tienen el monopolio y oligopolio de los principales insumos b\u00e1sicos que las Industrias Pymes Bonaerenses necesitamos para manufacturar nuestros productos\u201d, remarcaron en el comunicado difundido.<\/p>\n","protected":false},"excerpt":{"rendered":"<p>Valicenti: \u201cacompa\u00f1amos a las Pymes frente a los grupos econ\u00f3micos que monopolizan el precio y&#8230;<\/p>\n","protected":false},"author":1,"featured_media":144361,"comment_status":"closed","ping_status":"closed","sticky":false,"template":"","format":"standard","meta":{"content-type":""},"categories":[64,43],"tags":[],"nelio_content":{"isAutoShareEnabled":false,"autoShareEndMode":"default","automationSources":{"useContentSentences":true,"useSocialTemplates":true,"useCustomSentences":false,"customSentences":[]},"followers":[1],"suggestedReferences":[],"includedReferences":[],"efiUrl":"","efiAlt":"","highlights":[]},"yoast_head":"<!-- This site is optimized with the Yoast SEO plugin v20.7 - https:\/\/yoast.com\/wordpress\/plugins\/seo\/ -->\n<title>Valicenti: &quot;acompa\u00f1amos a las pymes frente a los grupos econ\u00f3micos&quot;<\/title>\n<meta name=\"description\" content=\"Valicenti: \u201cacompa\u00f1amos a las Pymes frente a los grupos econ\u00f3micos que monopolizan el precio y el abastecimiento de insumos b\u00e1sicos\u201d,\" \/>\n<meta name=\"robots\" content=\"index, follow, max-snippet:-1, max-image-preview:large, max-video-preview:-1\" \/>\n<link rel=\"canonical\" href=\"https:\/\/experienciadevida.com.ar\/portalurbano\/valicenti-acompanamos-a-las-pymes-frente-a-los-grupos-economicos-que-monopolizan-el-precio-y-el-abastecimiento-de-insumos-basicos\/\" \/>\n<meta property=\"og:locale\" content=\"es_ES\" \/>\n<meta property=\"og:type\" content=\"article\" \/>\n<meta property=\"og:title\" content=\"Valicenti: &quot;acompa\u00f1amos a las pymes frente a los grupos econ\u00f3micos&quot;\" \/>\n<meta property=\"og:description\" content=\"Valicenti: \u201cacompa\u00f1amos a las Pymes frente a los grupos econ\u00f3micos que monopolizan el precio y el abastecimiento de insumos b\u00e1sicos\u201d,\" \/>\n<meta property=\"og:url\" content=\"https:\/\/experienciadevida.com.ar\/portalurbano\/valicenti-acompanamos-a-las-pymes-frente-a-los-grupos-economicos-que-monopolizan-el-precio-y-el-abastecimiento-de-insumos-basicos\/\" \/>\n<meta property=\"article:publisher\" content=\"https:\/\/www.facebook.com\/Portal-Urbano-171542830093757\/\" \/>\n<meta property=\"article:published_time\" content=\"2021-06-04T12:32:12+00:00\" \/>\n<meta property=\"article:modified_time\" content=\"2021-06-04T12:32:37+00:00\" \/>\n<meta property=\"og:image\" content=\"https:\/\/experienciadevida.com.ar\/portalurbano\/wp-content\/uploads\/2021\/06\/Valicenti.jpg\" \/>\n\t<meta property=\"og:image:width\" content=\"1087\" \/>\n\t<meta property=\"og:image:height\" content=\"730\" \/>\n\t<meta property=\"og:image:type\" content=\"image\/jpeg\" \/>\n<meta name=\"author\" content=\"admpu17wp\" \/>\n<meta name=\"twitter:card\" content=\"summary_large_image\" \/>\n<meta name=\"twitter:creator\" content=\"@portalurbanook\" \/>\n<meta name=\"twitter:site\" content=\"@portalurbanook\" \/>\n<meta name=\"twitter:label1\" content=\"Escrito por\" \/>\n\t<meta name=\"twitter:data1\" content=\"admpu17wp\" \/>\n\t<meta name=\"twitter:label2\" content=\"Tiempo de lectura\" \/>\n\t<meta name=\"twitter:data2\" content=\"2 minutos\" \/>\n<script type=\"application\/ld+json\" class=\"yoast-schema-graph\">{\"@context\":\"https:\/\/schema.org\",\"@graph\":[{\"@type\":\"Article\",\"@id\":\"https:\/\/experienciadevida.com.ar\/portalurbano\/valicenti-acompanamos-a-las-pymes-frente-a-los-grupos-economicos-que-monopolizan-el-precio-y-el-abastecimiento-de-insumos-basicos\/#article\",\"isPartOf\":{\"@id\":\"https:\/\/experienciadevida.com.ar\/portalurbano\/valicenti-acompanamos-a-las-pymes-frente-a-los-grupos-economicos-que-monopolizan-el-precio-y-el-abastecimiento-de-insumos-basicos\/\"},\"author\":{\"name\":\"admpu17wp\",\"@id\":\"https:\/\/experienciadevida.com.ar\/portalurbano\/#\/schema\/person\/02dd326b1c4b056e9cc972486934a3a7\"},\"headline\":\"Valicenti: \u201cacompa\u00f1amos a las Pymes frente a los grupos econ\u00f3micos que monopolizan el precio y el abastecimiento de insumos b\u00e1sicos\u201d\",\"datePublished\":\"2021-06-04T12:32:12+00:00\",\"dateModified\":\"2021-06-04T12:32:37+00:00\",\"mainEntityOfPage\":{\"@id\":\"https:\/\/experienciadevida.com.ar\/portalurbano\/valicenti-acompanamos-a-las-pymes-frente-a-los-grupos-economicos-que-monopolizan-el-precio-y-el-abastecimiento-de-insumos-basicos\/\"},\"wordCount\":299,\"publisher\":{\"@id\":\"https:\/\/experienciadevida.com.ar\/portalurbano\/#organization\"},\"articleSection\":[\"Destacadas 2\",\"Pol\u00edtica\"],\"inLanguage\":\"es\"},{\"@type\":\"WebPage\",\"@id\":\"https:\/\/experienciadevida.com.ar\/portalurbano\/valicenti-acompanamos-a-las-pymes-frente-a-los-grupos-economicos-que-monopolizan-el-precio-y-el-abastecimiento-de-insumos-basicos\/\",\"url\":\"https:\/\/experienciadevida.com.ar\/portalurbano\/valicenti-acompanamos-a-las-pymes-frente-a-los-grupos-economicos-que-monopolizan-el-precio-y-el-abastecimiento-de-insumos-basicos\/\",\"name\":\"Valicenti: \\\"acompa\u00f1amos a las pymes frente a los grupos econ\u00f3micos\\\"\",\"isPartOf\":{\"@id\":\"https:\/\/experienciadevida.com.ar\/portalurbano\/#website\"},\"datePublished\":\"2021-06-04T12:32:12+00:00\",\"dateModified\":\"2021-06-04T12:32:37+00:00\",\"description\":\"Valicenti: \u201cacompa\u00f1amos a las Pymes frente a los grupos econ\u00f3micos que monopolizan el precio y el abastecimiento de insumos b\u00e1sicos\u201d,\",\"breadcrumb\":{\"@id\":\"https:\/\/experienciadevida.com.ar\/portalurbano\/valicenti-acompanamos-a-las-pymes-frente-a-los-grupos-economicos-que-monopolizan-el-precio-y-el-abastecimiento-de-insumos-basicos\/#breadcrumb\"},\"inLanguage\":\"es\",\"potentialAction\":[{\"@type\":\"ReadAction\",\"target\":[\"https:\/\/experienciadevida.com.ar\/portalurbano\/valicenti-acompanamos-a-las-pymes-frente-a-los-grupos-economicos-que-monopolizan-el-precio-y-el-abastecimiento-de-insumos-basicos\/\"]}]},{\"@type\":\"BreadcrumbList\",\"@id\":\"https:\/\/experienciadevida.com.ar\/portalurbano\/valicenti-acompanamos-a-las-pymes-frente-a-los-grupos-economicos-que-monopolizan-el-precio-y-el-abastecimiento-de-insumos-basicos\/#breadcrumb\",\"itemListElement\":[{\"@type\":\"ListItem\",\"position\":1,\"name\":\"Portada\",\"item\":\"https:\/\/experienciadevida.com.ar\/portalurbano\/\"},{\"@type\":\"ListItem\",\"position\":2,\"name\":\"Valicenti: \u201cacompa\u00f1amos a las Pymes frente a los grupos econ\u00f3micos que monopolizan el precio y el abastecimiento de insumos b\u00e1sicos\u201d\"}]},{\"@type\":\"WebSite\",\"@id\":\"https:\/\/experienciadevida.com.ar\/portalurbano\/#website\",\"url\":\"https:\/\/experienciadevida.com.ar\/portalurbano\/\",\"name\":\"\",\"description\":\"\",\"publisher\":{\"@id\":\"https:\/\/experienciadevida.com.ar\/portalurbano\/#organization\"},\"potentialAction\":[{\"@type\":\"SearchAction\",\"target\":{\"@type\":\"EntryPoint\",\"urlTemplate\":\"https:\/\/experienciadevida.com.ar\/portalurbano\/?s={search_term_string}\"},\"query-input\":\"required name=search_term_string\"}],\"inLanguage\":\"es\"},{\"@type\":\"Organization\",\"@id\":\"https:\/\/experienciadevida.com.ar\/portalurbano\/#organization\",\"name\":\"Portal Urbano\",\"url\":\"https:\/\/experienciadevida.com.ar\/portalurbano\/\",\"logo\":{\"@type\":\"ImageObject\",\"inLanguage\":\"es\",\"@id\":\"https:\/\/experienciadevida.com.ar\/portalurbano\/#\/schema\/logo\/image\/\",\"url\":\"https:\/\/experienciadevida.com.ar\/portalurbano\/wp-content\/uploads\/2019\/09\/Logo-Original.png\",\"contentUrl\":\"https:\/\/experienciadevida.com.ar\/portalurbano\/wp-content\/uploads\/2019\/09\/Logo-Original.png\",\"width\":2236,\"height\":1216,\"caption\":\"Portal Urbano\"},\"image\":{\"@id\":\"https:\/\/experienciadevida.com.ar\/portalurbano\/#\/schema\/logo\/image\/\"},\"sameAs\":[\"https:\/\/www.facebook.com\/Portal-Urbano-171542830093757\/\",\"https:\/\/twitter.com\/portalurbanook\",\"https:\/\/www.instagram.com\/_portalurbano\/\",\"https:\/\/www.youtube.com\/channel\/UCXhagIfszH8KxFiOok79zbA?view_as=subscriber\"]},{\"@type\":\"Person\",\"@id\":\"https:\/\/experienciadevida.com.ar\/portalurbano\/#\/schema\/person\/02dd326b1c4b056e9cc972486934a3a7\",\"name\":\"admpu17wp\",\"image\":{\"@type\":\"ImageObject\",\"inLanguage\":\"es\",\"@id\":\"https:\/\/experienciadevida.com.ar\/portalurbano\/#\/schema\/person\/image\/\",\"url\":\"https:\/\/secure.gravatar.com\/avatar\/830d4c57adaae6630765e449a6908047?s=96&d=mm&r=g\",\"contentUrl\":\"https:\/\/secure.gravatar.com\/avatar\/830d4c57adaae6630765e449a6908047?s=96&d=mm&r=g\",\"caption\":\"admpu17wp\"}}]}<\/script>\n<!-- \/ Yoast SEO plugin. -->","yoast_head_json":{"title":"Valicenti: \"acompa\u00f1amos a las pymes frente a los grupos econ\u00f3micos\"","description":"Valicenti: \u201cacompa\u00f1amos a las Pymes frente a los grupos econ\u00f3micos que monopolizan el precio y el abastecimiento de insumos b\u00e1sicos\u201d,","robots":{"index":"index","follow":"follow","max-snippet":"max-snippet:-1","max-image-preview":"max-image-preview:large","max-video-preview":"max-video-preview:-1"},"canonical":"https:\/\/experienciadevida.com.ar\/portalurbano\/valicenti-acompanamos-a-las-pymes-frente-a-los-grupos-economicos-que-monopolizan-el-precio-y-el-abastecimiento-de-insumos-basicos\/","og_locale":"es_ES","og_type":"article","og_title":"Valicenti: \"acompa\u00f1amos a las pymes frente a los grupos econ\u00f3micos\"","og_description":"Valicenti: \u201cacompa\u00f1amos a las Pymes frente a los grupos econ\u00f3micos que monopolizan el precio y el abastecimiento de insumos b\u00e1sicos\u201d,","og_url":"https:\/\/experienciadevida.com.ar\/portalurbano\/valicenti-acompanamos-a-las-pymes-frente-a-los-grupos-economicos-que-monopolizan-el-precio-y-el-abastecimiento-de-insumos-basicos\/","article_publisher":"https:\/\/www.facebook.com\/Portal-Urbano-171542830093757\/","article_published_time":"2021-06-04T12:32:12+00:00","article_modified_time":"2021-06-04T12:32:37+00:00","og_image":[{"width":1087,"height":730,"url":"https:\/\/experienciadevida.com.ar\/portalurbano\/wp-content\/uploads\/2021\/06\/Valicenti.jpg","type":"image\/jpeg"}],"author":"admpu17wp","twitter_card":"summary_large_image","twitter_creator":"@portalurbanook","twitter_site":"@portalurbanook","twitter_misc":{"Escrito por":"admpu17wp","Tiempo de lectura":"2 minutos"},"schema":{"@context":"https:\/\/schema.org","@graph":[{"@type":"Article","@id":"https:\/\/experienciadevida.com.ar\/portalurbano\/valicenti-acompanamos-a-las-pymes-frente-a-los-grupos-economicos-que-monopolizan-el-precio-y-el-abastecimiento-de-insumos-basicos\/#article","isPartOf":{"@id":"https:\/\/experienciadevida.com.ar\/portalurbano\/valicenti-acompanamos-a-las-pymes-frente-a-los-grupos-economicos-que-monopolizan-el-precio-y-el-abastecimiento-de-insumos-basicos\/"},"author":{"name":"admpu17wp","@id":"https:\/\/experienciadevida.com.ar\/portalurbano\/#\/schema\/person\/02dd326b1c4b056e9cc972486934a3a7"},"headline":"Valicenti: \u201cacompa\u00f1amos a las Pymes frente a los grupos econ\u00f3micos que monopolizan el precio y el abastecimiento de insumos b\u00e1sicos\u201d","datePublished":"2021-06-04T12:32:12+00:00","dateModified":"2021-06-04T12:32:37+00:00","mainEntityOfPage":{"@id":"https:\/\/experienciadevida.com.ar\/portalurbano\/valicenti-acompanamos-a-las-pymes-frente-a-los-grupos-economicos-que-monopolizan-el-precio-y-el-abastecimiento-de-insumos-basicos\/"},"wordCount":299,"publisher":{"@id":"https:\/\/experienciadevida.com.ar\/portalurbano\/#organization"},"articleSection":["Destacadas 2","Pol\u00edtica"],"inLanguage":"es"},{"@type":"WebPage","@id":"https:\/\/experienciadevida.com.ar\/portalurbano\/valicenti-acompanamos-a-las-pymes-frente-a-los-grupos-economicos-que-monopolizan-el-precio-y-el-abastecimiento-de-insumos-basicos\/","url":"https:\/\/experienciadevida.com.ar\/portalurbano\/valicenti-acompanamos-a-las-pymes-frente-a-los-grupos-economicos-que-monopolizan-el-precio-y-el-abastecimiento-de-insumos-basicos\/","name":"Valicenti: \"acompa\u00f1amos a las pymes frente a los grupos econ\u00f3micos\"","isPartOf":{"@id":"https:\/\/experienciadevida.com.ar\/portalurbano\/#website"},"datePublished":"2021-06-04T12:32:12+00:00","dateModified":"2021-06-04T12:32:37+00:00","description":"Valicenti: \u201cacompa\u00f1amos a las Pymes frente a los grupos econ\u00f3micos que monopolizan el precio y el abastecimiento de insumos b\u00e1sicos\u201d,","breadcrumb":{"@id":"https:\/\/experienciadevida.com.ar\/portalurbano\/valicenti-acompanamos-a-las-pymes-frente-a-los-grupos-economicos-que-monopolizan-el-precio-y-el-abastecimiento-de-insumos-basicos\/#breadcrumb"},"inLanguage":"es","potentialAction":[{"@type":"ReadAction","target":["https:\/\/experienciadevida.com.ar\/portalurbano\/valicenti-acompanamos-a-las-pymes-frente-a-los-grupos-economicos-que-monopolizan-el-precio-y-el-abastecimiento-de-insumos-basicos\/"]}]},{"@type":"BreadcrumbList","@id":"https:\/\/experienciadevida.com.ar\/portalurbano\/valicenti-acompanamos-a-las-pymes-frente-a-los-grupos-economicos-que-monopolizan-el-precio-y-el-abastecimiento-de-insumos-basicos\/#breadcrumb","itemListElement":[{"@type":"ListItem","position":1,"name":"Portada","item":"https:\/\/experienciadevida.com.ar\/portalurbano\/"},{"@type":"ListItem","position":2,"name":"Valicenti: \u201cacompa\u00f1amos a las Pymes frente a los grupos econ\u00f3micos que monopolizan el precio y el abastecimiento de insumos b\u00e1sicos\u201d"}]},{"@type":"WebSite","@id":"https:\/\/experienciadevida.com.ar\/portalurbano\/#website","url":"https:\/\/experienciadevida.com.ar\/portalurbano\/","name":"","description":"","publisher":{"@id":"https:\/\/experienciadevida.com.ar\/portalurbano\/#organization"},"potentialAction":[{"@type":"SearchAction","target":{"@type":"EntryPoint","urlTemplate":"https:\/\/experienciadevida.com.ar\/portalurbano\/?s={search_term_string}"},"query-input":"required name=search_term_string"}],"inLanguage":"es"},{"@type":"Organization","@id":"https:\/\/experienciadevida.com.ar\/portalurbano\/#organization","name":"Portal Urbano","url":"https:\/\/experienciadevida.com.ar\/portalurbano\/","logo":{"@type":"ImageObject","inLanguage":"es","@id":"https:\/\/experienciadevida.com.ar\/portalurbano\/#\/schema\/logo\/image\/","url":"https:\/\/experienciadevida.com.ar\/portalurbano\/wp-content\/uploads\/2019\/09\/Logo-Original.png","contentUrl":"https:\/\/experienciadevida.com.ar\/portalurbano\/wp-content\/uploads\/2019\/09\/Logo-Original.png","width":2236,"height":1216,"caption":"Portal Urbano"},"image":{"@id":"https:\/\/experienciadevida.com.ar\/portalurbano\/#\/schema\/logo\/image\/"},"sameAs":["https:\/\/www.facebook.com\/Portal-Urbano-171542830093757\/","https:\/\/twitter.com\/portalurbanook","https:\/\/www.instagram.com\/_portalurbano\/","https:\/\/www.youtube.com\/channel\/UCXhagIfszH8KxFiOok79zbA?view_as=subscriber"]},{"@type":"Person","@id":"https:\/\/experienciadevida.com.ar\/portalurbano\/#\/schema\/person\/02dd326b1c4b056e9cc972486934a3a7","name":"admpu17wp","image":{"@type":"ImageObject","inLanguage":"es","@id":"https:\/\/experienciadevida.com.ar\/portalurbano\/#\/schema\/person\/image\/","url":"https:\/\/secure.gravatar.com\/avatar\/830d4c57adaae6630765e449a6908047?s=96&d=mm&r=g","contentUrl":"https:\/\/secure.gravatar.com\/avatar\/830d4c57adaae6630765e449a6908047?s=96&d=mm&r=g","caption":"admpu17wp"}}]}},"featured_image_urls":{"full":["https:\/\/experienciadevida.com.ar\/portalurbano\/wp-content\/uploads\/2021\/06\/Valicenti.jpg",1087,730,false],"thumbnail":["https:\/\/experienciadevida.com.ar\/portalurbano\/wp-content\/uploads\/2021\/06\/Valicenti-150x150.jpg",150,150,true],"medium":["https:\/\/experienciadevida.com.ar\/portalurbano\/wp-content\/uploads\/2021\/06\/Valicenti-300x201.jpg",300,201,true],"medium_large":["https:\/\/experienciadevida.com.ar\/portalurbano\/wp-content\/uploads\/2021\/06\/Valicenti-768x516.jpg",640,430,true],"large":["https:\/\/experienciadevida.com.ar\/portalurbano\/wp-content\/uploads\/2021\/06\/Valicenti-1024x688.jpg",640,430,true],"ug_big":["https:\/\/experienciadevida.com.ar\/portalurbano\/wp-content\/uploads\/2021\/06\/Valicenti-768x516.jpg",768,516,true],"1536x1536":["https:\/\/experienciadevida.com.ar\/portalurbano\/wp-content\/uploads\/2021\/06\/Valicenti.jpg",1087,730,false],"2048x2048":["https:\/\/experienciadevida.com.ar\/portalurbano\/wp-content\/uploads\/2021\/06\/Valicenti.jpg",1087,730,false],"newsever-slider-full":["https:\/\/experienciadevida.com.ar\/portalurbano\/wp-content\/uploads\/2021\/06\/Valicenti.jpg",1087,730,false],"newsever-featured":["https:\/\/experienciadevida.com.ar\/portalurbano\/wp-content\/uploads\/2021\/06\/Valicenti.jpg",1024,688,false],"newsever-medium":["https:\/\/experienciadevida.com.ar\/portalurbano\/wp-content\/uploads\/2021\/06\/Valicenti.jpg",707,475,false],"web-stories-poster-portrait":["https:\/\/experienciadevida.com.ar\/portalurbano\/wp-content\/uploads\/2021\/06\/Valicenti.jpg",640,430,false],"web-stories-publisher-logo":["https:\/\/experienciadevida.com.ar\/portalurbano\/wp-content\/uploads\/2021\/06\/Valicenti.jpg",96,64,false],"web-stories-thumbnail":["https:\/\/experienciadevida.com.ar\/portalurbano\/wp-content\/uploads\/2021\/06\/Valicenti.jpg",150,101,false]},"author_info":{"display_name":"admpu17wp","author_link":"https:\/\/experienciadevida.com.ar\/portalurbano\/author\/admpu17wp\/"},"category_info":"<a href=\"https:\/\/experienciadevida.com.ar\/portalurbano\/category\/destacadas-2\/\" rel=\"category tag\">Destacadas 2<\/a> <a href=\"https:\/\/experienciadevida.com.ar\/portalurbano\/category\/politica\/\" rel=\"category tag\">Pol\u00edtica<\/a>","tag_info":"Pol\u00edtica","comment_count":"0","amp_enabled":true,"_links":{"self":[{"href":"https:\/\/experienciadevida.com.ar\/portalurbano\/wp-json\/wp\/v2\/posts\/144360"}],"collection":[{"href":"https:\/\/experienciadevida.com.ar\/portalurbano\/wp-json\/wp\/v2\/posts"}],"about":[{"href":"https:\/\/experienciadevida.com.ar\/portalurbano\/wp-json\/wp\/v2\/types\/post"}],"author":[{"embeddable":true,"href":"https:\/\/experienciadevida.com.ar\/portalurbano\/wp-json\/wp\/v2\/users\/1"}],"replies":[{"embeddable":true,"href":"https:\/\/experienciadevida.com.ar\/portalurbano\/wp-json\/wp\/v2\/comments?post=144360"}],"version-history":[{"count":1,"href":"https:\/\/experienciadevida.com.ar\/portalurbano\/wp-json\/wp\/v2\/posts\/144360\/revisions"}],"predecessor-version":[{"id":144362,"href":"https:\/\/experienciadevida.com.ar\/portalurbano\/wp-json\/wp\/v2\/posts\/144360\/revisions\/144362"}],"wp:featuredmedia":[{"embeddable":true,"href":"https:\/\/experienciadevida.com.ar\/portalurbano\/wp-json\/wp\/v2\/media\/144361"}],"wp:attachment":[{"href":"https:\/\/experienciadevida.com.ar\/portalurbano\/wp-json\/wp\/v2\/media?parent=144360"}],"wp:term":[{"taxonomy":"category","embeddable":true,"href":"https:\/\/experienciadevida.com.ar\/portalurbano\/wp-json\/wp\/v2\/categories?post=144360"},{"taxonomy":"post_tag","embeddable":true,"href":"https:\/\/experienciadevida.com.ar\/portalurbano\/wp-json\/wp\/v2\/tags?post=144360"}],"curies":[{"name":"wp","href":"https:\/\/api.w.org\/{rel}","templated":true}]}}