{"id":144325,"date":"2021-06-03T13:46:22","date_gmt":"2021-06-03T16:46:22","guid":{"rendered":"https:\/\/experienciadevida.com.ar\/portalurbano\/?p=144325"},"modified":"2021-06-03T13:53:47","modified_gmt":"2021-06-03T16:53:47","slug":"politicas-de-genero-conmemora-el-ni-una-menos","status":"publish","type":"post","link":"https:\/\/experienciadevida.com.ar\/portalurbano\/politicas-de-genero-conmemora-el-ni-una-menos\/","title":{"rendered":"Pol\u00edticas de G\u00e9nero conmemora el Ni una Menos"},"content":{"rendered":"<p>Pol\u00edticas de G\u00e9nero conmemora el Ni una Menos, se cumplen a\u00f1os de ese d\u00eda tan significativo para el movimiento de mujeres y disidencias en nuestro pa\u00eds, cuando miles de mujeres ganaron el espacio p\u00fablico como nunca antes lo hab\u00edan hecho, pidiendo justicia en las calles de numerosas ciudades argentinas, movilizadas por el femicidio de Chiara P\u00e1ez, una joven rosarina de 14 a\u00f1os asesinada por su pareja.<\/p>\n<p>Esa gran movilizaci\u00f3n impulsada en ese momento, fue la punta de lanza para consolidar y fortalecer el colectivo como organizaci\u00f3n social, e interpelar al Estado para la gesti\u00f3n de pol\u00edticas p\u00fablicas en la materia, que en este recorrido, plasmaron a trav\u00e9s de consignas que fueron replicadas de diversas formas, incluyendo la movilizaci\u00f3n ciudadana, y producci\u00f3n de campa\u00f1as comunicacionales mediante plataformas virtuales.<\/p>\n<p>Por lo tanto, esta primera convocatoria colectiva resulta fundacional para el movimiento, que a partir de ese d\u00eda fortaleci\u00f3 las bases de su organizaci\u00f3n de lucha por los derechos de las mujeres y disidencias, para tensionar al Estado, y poner el tema en agenda p\u00fablica en vistas a concientizar a la ciudadan\u00eda, militando activamente por la erradicaci\u00f3n de todos los tipos de violencia hacia las mujeres y disidencias y el cumplimiento de sus derechos avasallados hist\u00f3ricamente.<\/p>\n<p>Pol\u00edticas de g\u00e9nero conmemora el ni una menos, su directora Florencia Ju\u00e1rez destac\u00f3 la importancia de recordar este d\u00eda como emblema de lucha para el movimiento y como n\u00facleo de organizaci\u00f3n pol\u00edtica ciudadana: \u201cEsta fecha nos encuentra con un Estado que define la tem\u00e1tica de g\u00e9nero como prioritaria, y que planifica acciones en todos sus niveles, y eso ha sido un logro colectivo que le debemos al movimiento, ya que a lo largo de estos a\u00f1os, ha tensionado activamente para cumplir con los reclamos del colectivo, y ha puesto el debate en los medios de comunicaci\u00f3n para fortalecer sus iniciativas\u201d, sostuvo.<\/p>\n<p>Con respecto a la organizaci\u00f3n popular y la militancia, destac\u00f3 que: \u201cComo siempre decimos, la gesti\u00f3n de la pol\u00edtica p\u00fablica es participativa, y reconocemos el recorrido de las organizaciones sociales en la historia, y tratamos de articular l\u00edneas de acci\u00f3n en conjunto con ellas, a trav\u00e9s de diversas acciones, fomentar su participaci\u00f3n, y acompa\u00f1ar como Estado sus demandas y necesidades. Nuestra Direcci\u00f3n tiene las puertas abiertas siempre para escuchar a las organizaciones, y construir con ellas en territorio, as\u00ed que aprovechamos la oportunidad para destacarlo, e invitarlas a que se acerquen a nuestro espacio\u201d, concluy\u00f3.<\/p>\n<p>&nbsp;<\/p>\n","protected":false},"excerpt":{"rendered":"<p>Pol\u00edticas de G\u00e9nero conmemora el Ni una Menos, se cumplen a\u00f1os de ese d\u00eda tan&#8230;<\/p>\n","protected":false},"author":1,"featured_media":0,"comment_status":"closed","ping_status":"closed","sticky":false,"template":"","format":"standard","meta":{"content-type":""},"categories":[27,51],"tags":[],"nelio_content":{"isAutoShareEnabled":false,"autoShareEndMode":"default","automationSources":{"useContentSentences":true,"useSocialTemplates":true,"useCustomSentences":false,"customSentences":[]},"followers":[1],"suggestedReferences":[],"includedReferences":[],"efiUrl":"","efiAlt":"","highlights":[]},"yoast_head":"<!-- This site is optimized with the Yoast SEO plugin v20.7 - https:\/\/yoast.com\/wordpress\/plugins\/seo\/ -->\n<title>Pol\u00edticas de g\u00e9nero conmemora el ni una menos en nuestra ciudad<\/title>\n<meta name=\"description\" content=\"Pol\u00edticas de G\u00e9nero conmemora el Ni una Menos, se cumplen a\u00f1os de ese d\u00eda tan significativo para el movimiento de mujeres y disidencias\" \/>\n<meta name=\"robots\" content=\"index, follow, max-snippet:-1, max-image-preview:large, max-video-preview:-1\" \/>\n<link rel=\"canonical\" href=\"https:\/\/experienciadevida.com.ar\/portalurbano\/politicas-de-genero-conmemora-el-ni-una-menos\/\" \/>\n<meta property=\"og:locale\" content=\"es_ES\" \/>\n<meta property=\"og:type\" content=\"article\" \/>\n<meta property=\"og:title\" content=\"Pol\u00edticas de g\u00e9nero conmemora el ni una menos en nuestra ciudad\" \/>\n<meta property=\"og:description\" content=\"Pol\u00edticas de G\u00e9nero conmemora el Ni una Menos, se cumplen a\u00f1os de ese d\u00eda tan significativo para el movimiento de mujeres y disidencias\" \/>\n<meta property=\"og:url\" content=\"https:\/\/experienciadevida.com.ar\/portalurbano\/politicas-de-genero-conmemora-el-ni-una-menos\/\" \/>\n<meta property=\"article:publisher\" content=\"https:\/\/www.facebook.com\/Portal-Urbano-171542830093757\/\" \/>\n<meta property=\"article:published_time\" content=\"2021-06-03T16:46:22+00:00\" \/>\n<meta property=\"article:modified_time\" content=\"2021-06-03T16:53:47+00:00\" \/>\n<meta property=\"og:image\" content=\"https:\/\/experienciadevida.com.ar\/portalurbano\/wp-content\/uploads\/2018\/03\/Ni-una-Menos.jpg\" \/>\n\t<meta property=\"og:image:width\" content=\"768\" \/>\n\t<meta property=\"og:image:height\" content=\"415\" \/>\n\t<meta property=\"og:image:type\" content=\"image\/jpeg\" \/>\n<meta name=\"author\" content=\"admpu17wp\" \/>\n<meta name=\"twitter:card\" content=\"summary_large_image\" \/>\n<meta name=\"twitter:creator\" content=\"@portalurbanook\" \/>\n<meta name=\"twitter:site\" content=\"@portalurbanook\" \/>\n<meta name=\"twitter:label1\" content=\"Escrito por\" \/>\n\t<meta name=\"twitter:data1\" content=\"admpu17wp\" \/>\n\t<meta name=\"twitter:label2\" content=\"Tiempo de lectura\" \/>\n\t<meta name=\"twitter:data2\" content=\"2 minutos\" \/>\n<script type=\"application\/ld+json\" class=\"yoast-schema-graph\">{\"@context\":\"https:\/\/schema.org\",\"@graph\":[{\"@type\":\"Article\",\"@id\":\"https:\/\/experienciadevida.com.ar\/portalurbano\/politicas-de-genero-conmemora-el-ni-una-menos\/#article\",\"isPartOf\":{\"@id\":\"https:\/\/experienciadevida.com.ar\/portalurbano\/politicas-de-genero-conmemora-el-ni-una-menos\/\"},\"author\":{\"name\":\"admpu17wp\",\"@id\":\"https:\/\/experienciadevida.com.ar\/portalurbano\/#\/schema\/person\/02dd326b1c4b056e9cc972486934a3a7\"},\"headline\":\"Pol\u00edticas de G\u00e9nero conmemora el Ni una Menos\",\"datePublished\":\"2021-06-03T16:46:22+00:00\",\"dateModified\":\"2021-06-03T16:53:47+00:00\",\"mainEntityOfPage\":{\"@id\":\"https:\/\/experienciadevida.com.ar\/portalurbano\/politicas-de-genero-conmemora-el-ni-una-menos\/\"},\"wordCount\":454,\"publisher\":{\"@id\":\"https:\/\/experienciadevida.com.ar\/portalurbano\/#organization\"},\"articleSection\":[\"Ciudad\",\"Destacadas\"],\"inLanguage\":\"es\"},{\"@type\":\"WebPage\",\"@id\":\"https:\/\/experienciadevida.com.ar\/portalurbano\/politicas-de-genero-conmemora-el-ni-una-menos\/\",\"url\":\"https:\/\/experienciadevida.com.ar\/portalurbano\/politicas-de-genero-conmemora-el-ni-una-menos\/\",\"name\":\"Pol\u00edticas de g\u00e9nero conmemora el ni una menos en nuestra ciudad\",\"isPartOf\":{\"@id\":\"https:\/\/experienciadevida.com.ar\/portalurbano\/#website\"},\"datePublished\":\"2021-06-03T16:46:22+00:00\",\"dateModified\":\"2021-06-03T16:53:47+00:00\",\"description\":\"Pol\u00edticas de G\u00e9nero conmemora el Ni una Menos, se cumplen a\u00f1os de ese d\u00eda tan significativo para el movimiento de mujeres y disidencias\",\"breadcrumb\":{\"@id\":\"https:\/\/experienciadevida.com.ar\/portalurbano\/politicas-de-genero-conmemora-el-ni-una-menos\/#breadcrumb\"},\"inLanguage\":\"es\",\"potentialAction\":[{\"@type\":\"ReadAction\",\"target\":[\"https:\/\/experienciadevida.com.ar\/portalurbano\/politicas-de-genero-conmemora-el-ni-una-menos\/\"]}]},{\"@type\":\"BreadcrumbList\",\"@id\":\"https:\/\/experienciadevida.com.ar\/portalurbano\/politicas-de-genero-conmemora-el-ni-una-menos\/#breadcrumb\",\"itemListElement\":[{\"@type\":\"ListItem\",\"position\":1,\"name\":\"Portada\",\"item\":\"https:\/\/experienciadevida.com.ar\/portalurbano\/\"},{\"@type\":\"ListItem\",\"position\":2,\"name\":\"Pol\u00edticas de G\u00e9nero conmemora el Ni una Menos\"}]},{\"@type\":\"WebSite\",\"@id\":\"https:\/\/experienciadevida.com.ar\/portalurbano\/#website\",\"url\":\"https:\/\/experienciadevida.com.ar\/portalurbano\/\",\"name\":\"\",\"description\":\"\",\"publisher\":{\"@id\":\"https:\/\/experienciadevida.com.ar\/portalurbano\/#organization\"},\"potentialAction\":[{\"@type\":\"SearchAction\",\"target\":{\"@type\":\"EntryPoint\",\"urlTemplate\":\"https:\/\/experienciadevida.com.ar\/portalurbano\/?s={search_term_string}\"},\"query-input\":\"required name=search_term_string\"}],\"inLanguage\":\"es\"},{\"@type\":\"Organization\",\"@id\":\"https:\/\/experienciadevida.com.ar\/portalurbano\/#organization\",\"name\":\"Portal Urbano\",\"url\":\"https:\/\/experienciadevida.com.ar\/portalurbano\/\",\"logo\":{\"@type\":\"ImageObject\",\"inLanguage\":\"es\",\"@id\":\"https:\/\/experienciadevida.com.ar\/portalurbano\/#\/schema\/logo\/image\/\",\"url\":\"https:\/\/experienciadevida.com.ar\/portalurbano\/wp-content\/uploads\/2019\/09\/Logo-Original.png\",\"contentUrl\":\"https:\/\/experienciadevida.com.ar\/portalurbano\/wp-content\/uploads\/2019\/09\/Logo-Original.png\",\"width\":2236,\"height\":1216,\"caption\":\"Portal Urbano\"},\"image\":{\"@id\":\"https:\/\/experienciadevida.com.ar\/portalurbano\/#\/schema\/logo\/image\/\"},\"sameAs\":[\"https:\/\/www.facebook.com\/Portal-Urbano-171542830093757\/\",\"https:\/\/twitter.com\/portalurbanook\",\"https:\/\/www.instagram.com\/_portalurbano\/\",\"https:\/\/www.youtube.com\/channel\/UCXhagIfszH8KxFiOok79zbA?view_as=subscriber\"]},{\"@type\":\"Person\",\"@id\":\"https:\/\/experienciadevida.com.ar\/portalurbano\/#\/schema\/person\/02dd326b1c4b056e9cc972486934a3a7\",\"name\":\"admpu17wp\",\"image\":{\"@type\":\"ImageObject\",\"inLanguage\":\"es\",\"@id\":\"https:\/\/experienciadevida.com.ar\/portalurbano\/#\/schema\/person\/image\/\",\"url\":\"https:\/\/secure.gravatar.com\/avatar\/830d4c57adaae6630765e449a6908047?s=96&d=mm&r=g\",\"contentUrl\":\"https:\/\/secure.gravatar.com\/avatar\/830d4c57adaae6630765e449a6908047?s=96&d=mm&r=g\",\"caption\":\"admpu17wp\"}}]}<\/script>\n<!-- \/ Yoast SEO plugin. -->","yoast_head_json":{"title":"Pol\u00edticas de g\u00e9nero conmemora el ni una menos en nuestra ciudad","description":"Pol\u00edticas de G\u00e9nero conmemora el Ni una Menos, se cumplen a\u00f1os de ese d\u00eda tan significativo para el movimiento de mujeres y disidencias","robots":{"index":"index","follow":"follow","max-snippet":"max-snippet:-1","max-image-preview":"max-image-preview:large","max-video-preview":"max-video-preview:-1"},"canonical":"https:\/\/experienciadevida.com.ar\/portalurbano\/politicas-de-genero-conmemora-el-ni-una-menos\/","og_locale":"es_ES","og_type":"article","og_title":"Pol\u00edticas de g\u00e9nero conmemora el ni una menos en nuestra ciudad","og_description":"Pol\u00edticas de G\u00e9nero conmemora el Ni una Menos, se cumplen a\u00f1os de ese d\u00eda tan significativo para el movimiento de mujeres y disidencias","og_url":"https:\/\/experienciadevida.com.ar\/portalurbano\/politicas-de-genero-conmemora-el-ni-una-menos\/","article_publisher":"https:\/\/www.facebook.com\/Portal-Urbano-171542830093757\/","article_published_time":"2021-06-03T16:46:22+00:00","article_modified_time":"2021-06-03T16:53:47+00:00","og_image":[{"width":768,"height":415,"url":"https:\/\/experienciadevida.com.ar\/portalurbano\/wp-content\/uploads\/2018\/03\/Ni-una-Menos.jpg","type":"image\/jpeg"}],"author":"admpu17wp","twitter_card":"summary_large_image","twitter_creator":"@portalurbanook","twitter_site":"@portalurbanook","twitter_misc":{"Escrito por":"admpu17wp","Tiempo de lectura":"2 minutos"},"schema":{"@context":"https:\/\/schema.org","@graph":[{"@type":"Article","@id":"https:\/\/experienciadevida.com.ar\/portalurbano\/politicas-de-genero-conmemora-el-ni-una-menos\/#article","isPartOf":{"@id":"https:\/\/experienciadevida.com.ar\/portalurbano\/politicas-de-genero-conmemora-el-ni-una-menos\/"},"author":{"name":"admpu17wp","@id":"https:\/\/experienciadevida.com.ar\/portalurbano\/#\/schema\/person\/02dd326b1c4b056e9cc972486934a3a7"},"headline":"Pol\u00edticas de G\u00e9nero conmemora el Ni una Menos","datePublished":"2021-06-03T16:46:22+00:00","dateModified":"2021-06-03T16:53:47+00:00","mainEntityOfPage":{"@id":"https:\/\/experienciadevida.com.ar\/portalurbano\/politicas-de-genero-conmemora-el-ni-una-menos\/"},"wordCount":454,"publisher":{"@id":"https:\/\/experienciadevida.com.ar\/portalurbano\/#organization"},"articleSection":["Ciudad","Destacadas"],"inLanguage":"es"},{"@type":"WebPage","@id":"https:\/\/experienciadevida.com.ar\/portalurbano\/politicas-de-genero-conmemora-el-ni-una-menos\/","url":"https:\/\/experienciadevida.com.ar\/portalurbano\/politicas-de-genero-conmemora-el-ni-una-menos\/","name":"Pol\u00edticas de g\u00e9nero conmemora el ni una menos en nuestra ciudad","isPartOf":{"@id":"https:\/\/experienciadevida.com.ar\/portalurbano\/#website"},"datePublished":"2021-06-03T16:46:22+00:00","dateModified":"2021-06-03T16:53:47+00:00","description":"Pol\u00edticas de G\u00e9nero conmemora el Ni una Menos, se cumplen a\u00f1os de ese d\u00eda tan significativo para el movimiento de mujeres y disidencias","breadcrumb":{"@id":"https:\/\/experienciadevida.com.ar\/portalurbano\/politicas-de-genero-conmemora-el-ni-una-menos\/#breadcrumb"},"inLanguage":"es","potentialAction":[{"@type":"ReadAction","target":["https:\/\/experienciadevida.com.ar\/portalurbano\/politicas-de-genero-conmemora-el-ni-una-menos\/"]}]},{"@type":"BreadcrumbList","@id":"https:\/\/experienciadevida.com.ar\/portalurbano\/politicas-de-genero-conmemora-el-ni-una-menos\/#breadcrumb","itemListElement":[{"@type":"ListItem","position":1,"name":"Portada","item":"https:\/\/experienciadevida.com.ar\/portalurbano\/"},{"@type":"ListItem","position":2,"name":"Pol\u00edticas de G\u00e9nero conmemora el Ni una Menos"}]},{"@type":"WebSite","@id":"https:\/\/experienciadevida.com.ar\/portalurbano\/#website","url":"https:\/\/experienciadevida.com.ar\/portalurbano\/","name":"","description":"","publisher":{"@id":"https:\/\/experienciadevida.com.ar\/portalurbano\/#organization"},"potentialAction":[{"@type":"SearchAction","target":{"@type":"EntryPoint","urlTemplate":"https:\/\/experienciadevida.com.ar\/portalurbano\/?s={search_term_string}"},"query-input":"required name=search_term_string"}],"inLanguage":"es"},{"@type":"Organization","@id":"https:\/\/experienciadevida.com.ar\/portalurbano\/#organization","name":"Portal Urbano","url":"https:\/\/experienciadevida.com.ar\/portalurbano\/","logo":{"@type":"ImageObject","inLanguage":"es","@id":"https:\/\/experienciadevida.com.ar\/portalurbano\/#\/schema\/logo\/image\/","url":"https:\/\/experienciadevida.com.ar\/portalurbano\/wp-content\/uploads\/2019\/09\/Logo-Original.png","contentUrl":"https:\/\/experienciadevida.com.ar\/portalurbano\/wp-content\/uploads\/2019\/09\/Logo-Original.png","width":2236,"height":1216,"caption":"Portal Urbano"},"image":{"@id":"https:\/\/experienciadevida.com.ar\/portalurbano\/#\/schema\/logo\/image\/"},"sameAs":["https:\/\/www.facebook.com\/Portal-Urbano-171542830093757\/","https:\/\/twitter.com\/portalurbanook","https:\/\/www.instagram.com\/_portalurbano\/","https:\/\/www.youtube.com\/channel\/UCXhagIfszH8KxFiOok79zbA?view_as=subscriber"]},{"@type":"Person","@id":"https:\/\/experienciadevida.com.ar\/portalurbano\/#\/schema\/person\/02dd326b1c4b056e9cc972486934a3a7","name":"admpu17wp","image":{"@type":"ImageObject","inLanguage":"es","@id":"https:\/\/experienciadevida.com.ar\/portalurbano\/#\/schema\/person\/image\/","url":"https:\/\/secure.gravatar.com\/avatar\/830d4c57adaae6630765e449a6908047?s=96&d=mm&r=g","contentUrl":"https:\/\/secure.gravatar.com\/avatar\/830d4c57adaae6630765e449a6908047?s=96&d=mm&r=g","caption":"admpu17wp"}}]}},"featured_image_urls":{"full":"","thumbnail":"","medium":"","medium_large":"","large":"","ug_big":"","1536x1536":"","2048x2048":"","newsever-slider-full":"","newsever-featured":"","newsever-medium":"","web-stories-poster-portrait":"","web-stories-publisher-logo":"","web-stories-thumbnail":""},"author_info":{"display_name":"admpu17wp","author_link":"https:\/\/experienciadevida.com.ar\/portalurbano\/author\/admpu17wp\/"},"category_info":"<a href=\"https:\/\/experienciadevida.com.ar\/portalurbano\/category\/ciudad\/\" rel=\"category tag\">Ciudad<\/a> <a href=\"https:\/\/experienciadevida.com.ar\/portalurbano\/category\/destacadas\/\" rel=\"category tag\">Destacadas<\/a>","tag_info":"Destacadas","comment_count":"0","amp_enabled":true,"_links":{"self":[{"href":"https:\/\/experienciadevida.com.ar\/portalurbano\/wp-json\/wp\/v2\/posts\/144325"}],"collection":[{"href":"https:\/\/experienciadevida.com.ar\/portalurbano\/wp-json\/wp\/v2\/posts"}],"about":[{"href":"https:\/\/experienciadevida.com.ar\/portalurbano\/wp-json\/wp\/v2\/types\/post"}],"author":[{"embeddable":true,"href":"https:\/\/experienciadevida.com.ar\/portalurbano\/wp-json\/wp\/v2\/users\/1"}],"replies":[{"embeddable":true,"href":"https:\/\/experienciadevida.com.ar\/portalurbano\/wp-json\/wp\/v2\/comments?post=144325"}],"version-history":[{"count":1,"href":"https:\/\/experienciadevida.com.ar\/portalurbano\/wp-json\/wp\/v2\/posts\/144325\/revisions"}],"predecessor-version":[{"id":144326,"href":"https:\/\/experienciadevida.com.ar\/portalurbano\/wp-json\/wp\/v2\/posts\/144325\/revisions\/144326"}],"wp:attachment":[{"href":"https:\/\/experienciadevida.com.ar\/portalurbano\/wp-json\/wp\/v2\/media?parent=144325"}],"wp:term":[{"taxonomy":"category","embeddable":true,"href":"https:\/\/experienciadevida.com.ar\/portalurbano\/wp-json\/wp\/v2\/categories?post=144325"},{"taxonomy":"post_tag","embeddable":true,"href":"https:\/\/experienciadevida.com.ar\/portalurbano\/wp-json\/wp\/v2\/tags?post=144325"}],"curies":[{"name":"wp","href":"https:\/\/api.w.org\/{rel}","templated":true}]}}