{"id":144308,"date":"2021-06-03T11:54:34","date_gmt":"2021-06-03T14:54:34","guid":{"rendered":"https:\/\/experienciadevida.com.ar\/portalurbano\/?p=144308"},"modified":"2021-06-03T11:59:59","modified_gmt":"2021-06-03T14:59:59","slug":"tu-vi-es-un-plan-complementario-a-los-que-puedan-surgir-de-nacion-y-provincia","status":"publish","type":"post","link":"https:\/\/experienciadevida.com.ar\/portalurbano\/tu-vi-es-un-plan-complementario-a-los-que-puedan-surgir-de-nacion-y-provincia\/","title":{"rendered":"TU.VI: &#8220;Es un plan complementario a los que puedan surgir de Naci\u00f3n y Provincia&#8221;"},"content":{"rendered":"<p>TU.VI: &#8220;Es un plan complementario a los que puedan surgir de Naci\u00f3n y Provincia&#8221;, as\u00ed lo inform\u00f3 el Secretario de Gobierno del Municipio, Hilario Galli, explic\u00f3 que se empieza por 40 casas para atacar la demanda del sector de ingreso medio que no califica para un pr\u00e9stamo hipotecario y tampoco para los planes de vivienda de Naci\u00f3n y Provincia. Por ahora, se pondr\u00e1 atenci\u00f3n en quienes tienen ingresos registrados.<\/p>\n<p>&#8220;Ayer volvimos a reimpulsar por decirlo de alguna forma, porque justamente es la parte la pieza clave del plan de viviendas que vamos a estar dando en los pr\u00f3ximos d\u00edas, ya fue anunciado con anterioridad pero va a estar abierta la posibilidad de inscribirse al mismo en aproximadamente tres semanas, pero es necesario que el que sea posible aspirante a este pr\u00f3ximo plan s\u00ed o s\u00ed tiene que estar inscripto en este registro de demanda habitacional. La idea de cuando se puso vigente fue justamente para tener un conocimiento real de la demanda habitacional que hab\u00eda en la cuidad por lo tanto se hizo en su momento en conjunto con gente del CONICET para poder recabar informaci\u00f3n necesaria de todos los aspectos socioecon\u00f3micos de la ciudad, en este caso nosotros necesitamos que vuelvan a ingresarse est\u00e9n inscriptos o no, quien no est\u00e9 inscripto va a tener que ingresar generar un usuario, contrase\u00f1a\u00a0 y completar a conciencia los datos del registro&#8221;.<\/p>\n<p>TU.VI &#8220;quienes ya lo hayan hecho con anterioridad cuando lo hemos lanzado en una primera instancia necesitamos que vuelvan a ingresar se debe poner el ingreso que tengan. Va a ver un per\u00edodo de tres semanas, la demanda alcanza a muchos sectores de la ciudad es imposible saber a ciencia cierta el n\u00famero porque cuando uno habla de este dato hace referencia por ah\u00ed a un sector de la poblaci\u00f3n que uno atiende con trabajadora social, pero la demanda alcanza a toda la sociedad&#8221;.<\/p>\n<p>&#8220;Tanto el Gobierno nacional como provincial y municipal tienen distintas herramientas para poder ayudar a paliar este tipo de situaciones de demanda habitacional cada uno de nosotros contamos con herramientas lo importante es pensarlo como un plan complementario a todos los planes de vivienda que puedan ir surgiendo obviamente que tienen herramientas mucho m\u00e1s interesantes para armar barrios de muchas m\u00e1s casas, se empieza con 40 casas y atacar la demanda de un sector que hoy no tiene la posibilidad de acceder a una vivienda&#8221;.<\/p>\n<p>Para finalizar dijo &#8220;con respecto al barrio lourdes las soluciones se buscan antes de que surjan las tomas como lo hicimos, pusimos a disposici\u00f3n terrenos al gobierno provincial siempre ponemos a disposici\u00f3n las herramientas que tenemos, la demanda y d\u00e9ficit es enorme y viene de a\u00f1os y es una gran deuda que tienen todos los estamentos a lo largo del pa\u00eds. Lo que pas\u00f3 no es un hecho aislado pasa en muchas ciudades, uno no puede salir a dar una soluci\u00f3n concreta&#8221;.<\/p>\n<p>Fuente: Radio olavarr\u00eda<\/p>\n","protected":false},"excerpt":{"rendered":"<p>TU.VI: &#8220;Es un plan complementario a los que puedan surgir de Naci\u00f3n y Provincia&#8221;, as\u00ed&#8230;<\/p>\n","protected":false},"author":1,"featured_media":144310,"comment_status":"closed","ping_status":"closed","sticky":false,"template":"","format":"standard","meta":{"content-type":""},"categories":[27,51],"tags":[],"nelio_content":{"isAutoShareEnabled":false,"autoShareEndMode":"default","automationSources":{"useContentSentences":true,"useSocialTemplates":true,"useCustomSentences":false,"customSentences":[]},"followers":[1],"suggestedReferences":[],"includedReferences":[],"efiUrl":"","efiAlt":"","highlights":[]},"yoast_head":"<!-- This site is optimized with the Yoast SEO plugin v20.7 - https:\/\/yoast.com\/wordpress\/plugins\/seo\/ -->\n<title>TU.VI: &quot;es un plan complementario a los que puedan surgir de Naci\u00f3n&quot;<\/title>\n<meta name=\"description\" content=\"TU.VI: &quot;Es un plan complementario a los que puedan surgir de Naci\u00f3n y Provincia&quot;, as\u00ed lo inform\u00f3 el Secretario de Gobierno del Municipio\" \/>\n<meta name=\"robots\" content=\"index, follow, max-snippet:-1, max-image-preview:large, max-video-preview:-1\" \/>\n<link rel=\"canonical\" href=\"https:\/\/experienciadevida.com.ar\/portalurbano\/tu-vi-es-un-plan-complementario-a-los-que-puedan-surgir-de-nacion-y-provincia\/\" \/>\n<meta property=\"og:locale\" content=\"es_ES\" \/>\n<meta property=\"og:type\" content=\"article\" \/>\n<meta property=\"og:title\" content=\"TU.VI: &quot;es un plan complementario a los que puedan surgir de Naci\u00f3n&quot;\" \/>\n<meta property=\"og:description\" content=\"TU.VI: &quot;Es un plan complementario a los que puedan surgir de Naci\u00f3n y Provincia&quot;, as\u00ed lo inform\u00f3 el Secretario de Gobierno del Municipio\" \/>\n<meta property=\"og:url\" content=\"https:\/\/experienciadevida.com.ar\/portalurbano\/tu-vi-es-un-plan-complementario-a-los-que-puedan-surgir-de-nacion-y-provincia\/\" \/>\n<meta property=\"article:publisher\" content=\"https:\/\/www.facebook.com\/Portal-Urbano-171542830093757\/\" \/>\n<meta property=\"article:published_time\" content=\"2021-06-03T14:54:34+00:00\" \/>\n<meta property=\"article:modified_time\" content=\"2021-06-03T14:59:59+00:00\" \/>\n<meta property=\"og:image\" content=\"https:\/\/experienciadevida.com.ar\/portalurbano\/wp-content\/uploads\/2021\/06\/tu.vi_.10ok-1024x1024-1.jpg\" \/>\n\t<meta property=\"og:image:width\" content=\"765\" \/>\n\t<meta property=\"og:image:height\" content=\"510\" \/>\n\t<meta property=\"og:image:type\" content=\"image\/jpeg\" \/>\n<meta name=\"author\" content=\"admpu17wp\" \/>\n<meta name=\"twitter:card\" content=\"summary_large_image\" \/>\n<meta name=\"twitter:creator\" content=\"@portalurbanook\" \/>\n<meta name=\"twitter:site\" content=\"@portalurbanook\" \/>\n<meta name=\"twitter:label1\" content=\"Escrito por\" \/>\n\t<meta name=\"twitter:data1\" content=\"admpu17wp\" \/>\n\t<meta name=\"twitter:label2\" content=\"Tiempo de lectura\" \/>\n\t<meta name=\"twitter:data2\" content=\"3 minutos\" \/>\n<script type=\"application\/ld+json\" class=\"yoast-schema-graph\">{\"@context\":\"https:\/\/schema.org\",\"@graph\":[{\"@type\":\"Article\",\"@id\":\"https:\/\/experienciadevida.com.ar\/portalurbano\/tu-vi-es-un-plan-complementario-a-los-que-puedan-surgir-de-nacion-y-provincia\/#article\",\"isPartOf\":{\"@id\":\"https:\/\/experienciadevida.com.ar\/portalurbano\/tu-vi-es-un-plan-complementario-a-los-que-puedan-surgir-de-nacion-y-provincia\/\"},\"author\":{\"name\":\"admpu17wp\",\"@id\":\"https:\/\/experienciadevida.com.ar\/portalurbano\/#\/schema\/person\/02dd326b1c4b056e9cc972486934a3a7\"},\"headline\":\"TU.VI: &#8220;Es un plan complementario a los que puedan surgir de Naci\u00f3n y Provincia&#8221;\",\"datePublished\":\"2021-06-03T14:54:34+00:00\",\"dateModified\":\"2021-06-03T14:59:59+00:00\",\"mainEntityOfPage\":{\"@id\":\"https:\/\/experienciadevida.com.ar\/portalurbano\/tu-vi-es-un-plan-complementario-a-los-que-puedan-surgir-de-nacion-y-provincia\/\"},\"wordCount\":523,\"publisher\":{\"@id\":\"https:\/\/experienciadevida.com.ar\/portalurbano\/#organization\"},\"articleSection\":[\"Ciudad\",\"Destacadas\"],\"inLanguage\":\"es\"},{\"@type\":\"WebPage\",\"@id\":\"https:\/\/experienciadevida.com.ar\/portalurbano\/tu-vi-es-un-plan-complementario-a-los-que-puedan-surgir-de-nacion-y-provincia\/\",\"url\":\"https:\/\/experienciadevida.com.ar\/portalurbano\/tu-vi-es-un-plan-complementario-a-los-que-puedan-surgir-de-nacion-y-provincia\/\",\"name\":\"TU.VI: \\\"es un plan complementario a los que puedan surgir de Naci\u00f3n\\\"\",\"isPartOf\":{\"@id\":\"https:\/\/experienciadevida.com.ar\/portalurbano\/#website\"},\"datePublished\":\"2021-06-03T14:54:34+00:00\",\"dateModified\":\"2021-06-03T14:59:59+00:00\",\"description\":\"TU.VI: \\\"Es un plan complementario a los que puedan surgir de Naci\u00f3n y Provincia\\\", as\u00ed lo inform\u00f3 el Secretario de Gobierno del Municipio\",\"breadcrumb\":{\"@id\":\"https:\/\/experienciadevida.com.ar\/portalurbano\/tu-vi-es-un-plan-complementario-a-los-que-puedan-surgir-de-nacion-y-provincia\/#breadcrumb\"},\"inLanguage\":\"es\",\"potentialAction\":[{\"@type\":\"ReadAction\",\"target\":[\"https:\/\/experienciadevida.com.ar\/portalurbano\/tu-vi-es-un-plan-complementario-a-los-que-puedan-surgir-de-nacion-y-provincia\/\"]}]},{\"@type\":\"BreadcrumbList\",\"@id\":\"https:\/\/experienciadevida.com.ar\/portalurbano\/tu-vi-es-un-plan-complementario-a-los-que-puedan-surgir-de-nacion-y-provincia\/#breadcrumb\",\"itemListElement\":[{\"@type\":\"ListItem\",\"position\":1,\"name\":\"Portada\",\"item\":\"https:\/\/experienciadevida.com.ar\/portalurbano\/\"},{\"@type\":\"ListItem\",\"position\":2,\"name\":\"TU.VI: \u00abEs un plan complementario a los que puedan surgir de Naci\u00f3n y Provincia\u00bb\"}]},{\"@type\":\"WebSite\",\"@id\":\"https:\/\/experienciadevida.com.ar\/portalurbano\/#website\",\"url\":\"https:\/\/experienciadevida.com.ar\/portalurbano\/\",\"name\":\"\",\"description\":\"\",\"publisher\":{\"@id\":\"https:\/\/experienciadevida.com.ar\/portalurbano\/#organization\"},\"potentialAction\":[{\"@type\":\"SearchAction\",\"target\":{\"@type\":\"EntryPoint\",\"urlTemplate\":\"https:\/\/experienciadevida.com.ar\/portalurbano\/?s={search_term_string}\"},\"query-input\":\"required name=search_term_string\"}],\"inLanguage\":\"es\"},{\"@type\":\"Organization\",\"@id\":\"https:\/\/experienciadevida.com.ar\/portalurbano\/#organization\",\"name\":\"Portal Urbano\",\"url\":\"https:\/\/experienciadevida.com.ar\/portalurbano\/\",\"logo\":{\"@type\":\"ImageObject\",\"inLanguage\":\"es\",\"@id\":\"https:\/\/experienciadevida.com.ar\/portalurbano\/#\/schema\/logo\/image\/\",\"url\":\"https:\/\/experienciadevida.com.ar\/portalurbano\/wp-content\/uploads\/2019\/09\/Logo-Original.png\",\"contentUrl\":\"https:\/\/experienciadevida.com.ar\/portalurbano\/wp-content\/uploads\/2019\/09\/Logo-Original.png\",\"width\":2236,\"height\":1216,\"caption\":\"Portal Urbano\"},\"image\":{\"@id\":\"https:\/\/experienciadevida.com.ar\/portalurbano\/#\/schema\/logo\/image\/\"},\"sameAs\":[\"https:\/\/www.facebook.com\/Portal-Urbano-171542830093757\/\",\"https:\/\/twitter.com\/portalurbanook\",\"https:\/\/www.instagram.com\/_portalurbano\/\",\"https:\/\/www.youtube.com\/channel\/UCXhagIfszH8KxFiOok79zbA?view_as=subscriber\"]},{\"@type\":\"Person\",\"@id\":\"https:\/\/experienciadevida.com.ar\/portalurbano\/#\/schema\/person\/02dd326b1c4b056e9cc972486934a3a7\",\"name\":\"admpu17wp\",\"image\":{\"@type\":\"ImageObject\",\"inLanguage\":\"es\",\"@id\":\"https:\/\/experienciadevida.com.ar\/portalurbano\/#\/schema\/person\/image\/\",\"url\":\"https:\/\/secure.gravatar.com\/avatar\/830d4c57adaae6630765e449a6908047?s=96&d=mm&r=g\",\"contentUrl\":\"https:\/\/secure.gravatar.com\/avatar\/830d4c57adaae6630765e449a6908047?s=96&d=mm&r=g\",\"caption\":\"admpu17wp\"}}]}<\/script>\n<!-- \/ Yoast SEO plugin. -->","yoast_head_json":{"title":"TU.VI: \"es un plan complementario a los que puedan surgir de Naci\u00f3n\"","description":"TU.VI: \"Es un plan complementario a los que puedan surgir de Naci\u00f3n y Provincia\", as\u00ed lo inform\u00f3 el Secretario de Gobierno del Municipio","robots":{"index":"index","follow":"follow","max-snippet":"max-snippet:-1","max-image-preview":"max-image-preview:large","max-video-preview":"max-video-preview:-1"},"canonical":"https:\/\/experienciadevida.com.ar\/portalurbano\/tu-vi-es-un-plan-complementario-a-los-que-puedan-surgir-de-nacion-y-provincia\/","og_locale":"es_ES","og_type":"article","og_title":"TU.VI: \"es un plan complementario a los que puedan surgir de Naci\u00f3n\"","og_description":"TU.VI: \"Es un plan complementario a los que puedan surgir de Naci\u00f3n y Provincia\", as\u00ed lo inform\u00f3 el Secretario de Gobierno del Municipio","og_url":"https:\/\/experienciadevida.com.ar\/portalurbano\/tu-vi-es-un-plan-complementario-a-los-que-puedan-surgir-de-nacion-y-provincia\/","article_publisher":"https:\/\/www.facebook.com\/Portal-Urbano-171542830093757\/","article_published_time":"2021-06-03T14:54:34+00:00","article_modified_time":"2021-06-03T14:59:59+00:00","og_image":[{"width":765,"height":510,"url":"https:\/\/experienciadevida.com.ar\/portalurbano\/wp-content\/uploads\/2021\/06\/tu.vi_.10ok-1024x1024-1.jpg","type":"image\/jpeg"}],"author":"admpu17wp","twitter_card":"summary_large_image","twitter_creator":"@portalurbanook","twitter_site":"@portalurbanook","twitter_misc":{"Escrito por":"admpu17wp","Tiempo de lectura":"3 minutos"},"schema":{"@context":"https:\/\/schema.org","@graph":[{"@type":"Article","@id":"https:\/\/experienciadevida.com.ar\/portalurbano\/tu-vi-es-un-plan-complementario-a-los-que-puedan-surgir-de-nacion-y-provincia\/#article","isPartOf":{"@id":"https:\/\/experienciadevida.com.ar\/portalurbano\/tu-vi-es-un-plan-complementario-a-los-que-puedan-surgir-de-nacion-y-provincia\/"},"author":{"name":"admpu17wp","@id":"https:\/\/experienciadevida.com.ar\/portalurbano\/#\/schema\/person\/02dd326b1c4b056e9cc972486934a3a7"},"headline":"TU.VI: &#8220;Es un plan complementario a los que puedan surgir de Naci\u00f3n y Provincia&#8221;","datePublished":"2021-06-03T14:54:34+00:00","dateModified":"2021-06-03T14:59:59+00:00","mainEntityOfPage":{"@id":"https:\/\/experienciadevida.com.ar\/portalurbano\/tu-vi-es-un-plan-complementario-a-los-que-puedan-surgir-de-nacion-y-provincia\/"},"wordCount":523,"publisher":{"@id":"https:\/\/experienciadevida.com.ar\/portalurbano\/#organization"},"articleSection":["Ciudad","Destacadas"],"inLanguage":"es"},{"@type":"WebPage","@id":"https:\/\/experienciadevida.com.ar\/portalurbano\/tu-vi-es-un-plan-complementario-a-los-que-puedan-surgir-de-nacion-y-provincia\/","url":"https:\/\/experienciadevida.com.ar\/portalurbano\/tu-vi-es-un-plan-complementario-a-los-que-puedan-surgir-de-nacion-y-provincia\/","name":"TU.VI: \"es un plan complementario a los que puedan surgir de Naci\u00f3n\"","isPartOf":{"@id":"https:\/\/experienciadevida.com.ar\/portalurbano\/#website"},"datePublished":"2021-06-03T14:54:34+00:00","dateModified":"2021-06-03T14:59:59+00:00","description":"TU.VI: \"Es un plan complementario a los que puedan surgir de Naci\u00f3n y Provincia\", as\u00ed lo inform\u00f3 el Secretario de Gobierno del Municipio","breadcrumb":{"@id":"https:\/\/experienciadevida.com.ar\/portalurbano\/tu-vi-es-un-plan-complementario-a-los-que-puedan-surgir-de-nacion-y-provincia\/#breadcrumb"},"inLanguage":"es","potentialAction":[{"@type":"ReadAction","target":["https:\/\/experienciadevida.com.ar\/portalurbano\/tu-vi-es-un-plan-complementario-a-los-que-puedan-surgir-de-nacion-y-provincia\/"]}]},{"@type":"BreadcrumbList","@id":"https:\/\/experienciadevida.com.ar\/portalurbano\/tu-vi-es-un-plan-complementario-a-los-que-puedan-surgir-de-nacion-y-provincia\/#breadcrumb","itemListElement":[{"@type":"ListItem","position":1,"name":"Portada","item":"https:\/\/experienciadevida.com.ar\/portalurbano\/"},{"@type":"ListItem","position":2,"name":"TU.VI: \u00abEs un plan complementario a los que puedan surgir de Naci\u00f3n y Provincia\u00bb"}]},{"@type":"WebSite","@id":"https:\/\/experienciadevida.com.ar\/portalurbano\/#website","url":"https:\/\/experienciadevida.com.ar\/portalurbano\/","name":"","description":"","publisher":{"@id":"https:\/\/experienciadevida.com.ar\/portalurbano\/#organization"},"potentialAction":[{"@type":"SearchAction","target":{"@type":"EntryPoint","urlTemplate":"https:\/\/experienciadevida.com.ar\/portalurbano\/?s={search_term_string}"},"query-input":"required name=search_term_string"}],"inLanguage":"es"},{"@type":"Organization","@id":"https:\/\/experienciadevida.com.ar\/portalurbano\/#organization","name":"Portal Urbano","url":"https:\/\/experienciadevida.com.ar\/portalurbano\/","logo":{"@type":"ImageObject","inLanguage":"es","@id":"https:\/\/experienciadevida.com.ar\/portalurbano\/#\/schema\/logo\/image\/","url":"https:\/\/experienciadevida.com.ar\/portalurbano\/wp-content\/uploads\/2019\/09\/Logo-Original.png","contentUrl":"https:\/\/experienciadevida.com.ar\/portalurbano\/wp-content\/uploads\/2019\/09\/Logo-Original.png","width":2236,"height":1216,"caption":"Portal Urbano"},"image":{"@id":"https:\/\/experienciadevida.com.ar\/portalurbano\/#\/schema\/logo\/image\/"},"sameAs":["https:\/\/www.facebook.com\/Portal-Urbano-171542830093757\/","https:\/\/twitter.com\/portalurbanook","https:\/\/www.instagram.com\/_portalurbano\/","https:\/\/www.youtube.com\/channel\/UCXhagIfszH8KxFiOok79zbA?view_as=subscriber"]},{"@type":"Person","@id":"https:\/\/experienciadevida.com.ar\/portalurbano\/#\/schema\/person\/02dd326b1c4b056e9cc972486934a3a7","name":"admpu17wp","image":{"@type":"ImageObject","inLanguage":"es","@id":"https:\/\/experienciadevida.com.ar\/portalurbano\/#\/schema\/person\/image\/","url":"https:\/\/secure.gravatar.com\/avatar\/830d4c57adaae6630765e449a6908047?s=96&d=mm&r=g","contentUrl":"https:\/\/secure.gravatar.com\/avatar\/830d4c57adaae6630765e449a6908047?s=96&d=mm&r=g","caption":"admpu17wp"}}]}},"featured_image_urls":{"full":["https:\/\/experienciadevida.com.ar\/portalurbano\/wp-content\/uploads\/2021\/06\/tu.vi_.10ok-1024x1024-1.jpg",765,510,false],"thumbnail":["https:\/\/experienciadevida.com.ar\/portalurbano\/wp-content\/uploads\/2021\/06\/tu.vi_.10ok-1024x1024-1-150x150.jpg",150,150,true],"medium":["https:\/\/experienciadevida.com.ar\/portalurbano\/wp-content\/uploads\/2021\/06\/tu.vi_.10ok-1024x1024-1-300x200.jpg",300,200,true],"medium_large":["https:\/\/experienciadevida.com.ar\/portalurbano\/wp-content\/uploads\/2021\/06\/tu.vi_.10ok-1024x1024-1.jpg",640,427,false],"large":["https:\/\/experienciadevida.com.ar\/portalurbano\/wp-content\/uploads\/2021\/06\/tu.vi_.10ok-1024x1024-1.jpg",640,427,false],"ug_big":["https:\/\/experienciadevida.com.ar\/portalurbano\/wp-content\/uploads\/2021\/06\/tu.vi_.10ok-1024x1024-1.jpg",765,510,false],"1536x1536":["https:\/\/experienciadevida.com.ar\/portalurbano\/wp-content\/uploads\/2021\/06\/tu.vi_.10ok-1024x1024-1.jpg",765,510,false],"2048x2048":["https:\/\/experienciadevida.com.ar\/portalurbano\/wp-content\/uploads\/2021\/06\/tu.vi_.10ok-1024x1024-1.jpg",765,510,false],"newsever-slider-full":["https:\/\/experienciadevida.com.ar\/portalurbano\/wp-content\/uploads\/2021\/06\/tu.vi_.10ok-1024x1024-1.jpg",765,510,false],"newsever-featured":["https:\/\/experienciadevida.com.ar\/portalurbano\/wp-content\/uploads\/2021\/06\/tu.vi_.10ok-1024x1024-1.jpg",765,510,false],"newsever-medium":["https:\/\/experienciadevida.com.ar\/portalurbano\/wp-content\/uploads\/2021\/06\/tu.vi_.10ok-1024x1024-1.jpg",713,475,false],"web-stories-poster-portrait":["https:\/\/experienciadevida.com.ar\/portalurbano\/wp-content\/uploads\/2021\/06\/tu.vi_.10ok-1024x1024-1.jpg",640,427,false],"web-stories-publisher-logo":["https:\/\/experienciadevida.com.ar\/portalurbano\/wp-content\/uploads\/2021\/06\/tu.vi_.10ok-1024x1024-1.jpg",96,64,false],"web-stories-thumbnail":["https:\/\/experienciadevida.com.ar\/portalurbano\/wp-content\/uploads\/2021\/06\/tu.vi_.10ok-1024x1024-1.jpg",150,100,false]},"author_info":{"display_name":"admpu17wp","author_link":"https:\/\/experienciadevida.com.ar\/portalurbano\/author\/admpu17wp\/"},"category_info":"<a href=\"https:\/\/experienciadevida.com.ar\/portalurbano\/category\/ciudad\/\" rel=\"category tag\">Ciudad<\/a> <a href=\"https:\/\/experienciadevida.com.ar\/portalurbano\/category\/destacadas\/\" rel=\"category tag\">Destacadas<\/a>","tag_info":"Destacadas","comment_count":"0","amp_enabled":true,"_links":{"self":[{"href":"https:\/\/experienciadevida.com.ar\/portalurbano\/wp-json\/wp\/v2\/posts\/144308"}],"collection":[{"href":"https:\/\/experienciadevida.com.ar\/portalurbano\/wp-json\/wp\/v2\/posts"}],"about":[{"href":"https:\/\/experienciadevida.com.ar\/portalurbano\/wp-json\/wp\/v2\/types\/post"}],"author":[{"embeddable":true,"href":"https:\/\/experienciadevida.com.ar\/portalurbano\/wp-json\/wp\/v2\/users\/1"}],"replies":[{"embeddable":true,"href":"https:\/\/experienciadevida.com.ar\/portalurbano\/wp-json\/wp\/v2\/comments?post=144308"}],"version-history":[{"count":3,"href":"https:\/\/experienciadevida.com.ar\/portalurbano\/wp-json\/wp\/v2\/posts\/144308\/revisions"}],"predecessor-version":[{"id":144312,"href":"https:\/\/experienciadevida.com.ar\/portalurbano\/wp-json\/wp\/v2\/posts\/144308\/revisions\/144312"}],"wp:featuredmedia":[{"embeddable":true,"href":"https:\/\/experienciadevida.com.ar\/portalurbano\/wp-json\/wp\/v2\/media\/144310"}],"wp:attachment":[{"href":"https:\/\/experienciadevida.com.ar\/portalurbano\/wp-json\/wp\/v2\/media?parent=144308"}],"wp:term":[{"taxonomy":"category","embeddable":true,"href":"https:\/\/experienciadevida.com.ar\/portalurbano\/wp-json\/wp\/v2\/categories?post=144308"},{"taxonomy":"post_tag","embeddable":true,"href":"https:\/\/experienciadevida.com.ar\/portalurbano\/wp-json\/wp\/v2\/tags?post=144308"}],"curies":[{"name":"wp","href":"https:\/\/api.w.org\/{rel}","templated":true}]}}