{"id":144246,"date":"2021-06-02T12:15:44","date_gmt":"2021-06-02T15:15:44","guid":{"rendered":"https:\/\/experienciadevida.com.ar\/portalurbano\/?p=144246"},"modified":"2021-06-02T12:17:51","modified_gmt":"2021-06-02T15:17:51","slug":"proponen-con-un-proyecto-nombrar-una-calle-de-nuestra-ciudad-en-homenaje-al-comandante-omar-scavuzzo","status":"publish","type":"post","link":"https:\/\/experienciadevida.com.ar\/portalurbano\/proponen-con-un-proyecto-nombrar-una-calle-de-nuestra-ciudad-en-homenaje-al-comandante-omar-scavuzzo\/","title":{"rendered":"Proponen con un proyecto nombrar una calle de nuestra ciudad en homenaje al Comandante Omar Scavuzzo"},"content":{"rendered":"<p>Proponen nombrar una calle de nuestra ciudad en homenaje al Comandante Omar Scavuzzo, en el marco de una nueva conmemoraci\u00f3n del d\u00eda del Bombero Voluntario en nuestro pa\u00eds, esta ma\u00f1ana el Bloque de Concejales de Juntos por el Cambio present\u00f3 un Proyecto de Ordenanza que busca mantener presente la memoria del Comandante del Cuartel Central de Bomberos Voluntarios de Olavarr\u00eda, Omar Scavuzzo.<\/p>\n<p>Scavuzzo, quien falleci\u00f3 el pasado mes de febrero con 74 a\u00f1os, form\u00f3 parte del Cuerpo de Bomberos Voluntarios de Olavarr\u00eda desde sus 13 a\u00f1os,<br \/>\nencontr\u00e1ndose al mando del Cuerpo al momento de la impactante inundaci\u00f3n que tuvo lugar en nuestra ciudad en el a\u00f1o 1980, siendo su labor junto a la de los entonces 67 colaboradores que integraban el equipo, parte fundamental en el rescate y asistencia de cientos de olavarrienses que<br \/>\nsufrieron aquella inolvidable fecha.<\/p>\n<p>Proponen nombrar una calle de nuestra ciudad en homenaje al comandante, Asimismo, su labor de tantos a\u00f1os en el Cuartel y su participaci\u00f3n activa en la comunidad lo convirtieron en una personalidad muy querida por todos.<\/p>\n<p>Proponen nombrar una calle de nuestra ciudad en homenaje al comandante Omar Scavuzzo, desde el bloque expresaron: \u201cSin lugar a dudas se trata de una personalidad destacada de Olavarr\u00eda, que merece su reconocimiento y memoria\u201d, por lo que estiman que el proyecto seguramente resulte<br \/>\nacompa\u00f1ado por el resto de los bloques pol\u00edticos que componen el Honorable Concejo Deliberante.<\/p>\n","protected":false},"excerpt":{"rendered":"<p>Proponen nombrar una calle de nuestra ciudad en homenaje al Comandante Omar Scavuzzo, en el&#8230;<\/p>\n","protected":false},"author":1,"featured_media":0,"comment_status":"closed","ping_status":"closed","sticky":false,"template":"","format":"standard","meta":{"content-type":""},"categories":[27,64],"tags":[],"nelio_content":{"isAutoShareEnabled":false,"autoShareEndMode":"default","automationSources":{"useContentSentences":true,"useSocialTemplates":true,"useCustomSentences":false,"customSentences":[]},"followers":[1],"suggestedReferences":[],"includedReferences":[],"efiUrl":"","efiAlt":"","highlights":[]},"yoast_head":"<!-- This site is optimized with the Yoast SEO plugin v20.7 - https:\/\/yoast.com\/wordpress\/plugins\/seo\/ -->\n<title>Proponen con un proyecto nombrar una calle de nuestra ciudad<\/title>\n<meta name=\"description\" content=\"Proponen nombrar una calle de nuestra ciudad en homenaje al Comandante Omar Scavuzzo, en el marco de una nueva conmemoraci\u00f3n.\" \/>\n<meta name=\"robots\" content=\"index, follow, max-snippet:-1, max-image-preview:large, max-video-preview:-1\" \/>\n<link rel=\"canonical\" href=\"https:\/\/experienciadevida.com.ar\/portalurbano\/proponen-con-un-proyecto-nombrar-una-calle-de-nuestra-ciudad-en-homenaje-al-comandante-omar-scavuzzo\/\" \/>\n<meta property=\"og:locale\" content=\"es_ES\" \/>\n<meta property=\"og:type\" content=\"article\" \/>\n<meta property=\"og:title\" content=\"Proponen con un proyecto nombrar una calle de nuestra ciudad\" \/>\n<meta property=\"og:description\" content=\"Proponen nombrar una calle de nuestra ciudad en homenaje al Comandante Omar Scavuzzo, en el marco de una nueva conmemoraci\u00f3n.\" \/>\n<meta property=\"og:url\" content=\"https:\/\/experienciadevida.com.ar\/portalurbano\/proponen-con-un-proyecto-nombrar-una-calle-de-nuestra-ciudad-en-homenaje-al-comandante-omar-scavuzzo\/\" \/>\n<meta property=\"article:publisher\" content=\"https:\/\/www.facebook.com\/Portal-Urbano-171542830093757\/\" \/>\n<meta property=\"article:published_time\" content=\"2021-06-02T15:15:44+00:00\" \/>\n<meta property=\"article:modified_time\" content=\"2021-06-02T15:17:51+00:00\" \/>\n<meta property=\"og:image\" content=\"https:\/\/experienciadevida.com.ar\/portalurbano\/wp-content\/uploads\/2018\/08\/HCD-1.jpg\" \/>\n\t<meta property=\"og:image:width\" content=\"667\" \/>\n\t<meta property=\"og:image:height\" content=\"500\" \/>\n\t<meta property=\"og:image:type\" content=\"image\/jpeg\" \/>\n<meta name=\"author\" content=\"admpu17wp\" \/>\n<meta name=\"twitter:card\" content=\"summary_large_image\" \/>\n<meta name=\"twitter:creator\" content=\"@portalurbanook\" \/>\n<meta name=\"twitter:site\" content=\"@portalurbanook\" \/>\n<meta name=\"twitter:label1\" content=\"Escrito por\" \/>\n\t<meta name=\"twitter:data1\" content=\"admpu17wp\" \/>\n\t<meta name=\"twitter:label2\" content=\"Tiempo de lectura\" \/>\n\t<meta name=\"twitter:data2\" content=\"2 minutos\" \/>\n<script type=\"application\/ld+json\" class=\"yoast-schema-graph\">{\"@context\":\"https:\/\/schema.org\",\"@graph\":[{\"@type\":\"Article\",\"@id\":\"https:\/\/experienciadevida.com.ar\/portalurbano\/proponen-con-un-proyecto-nombrar-una-calle-de-nuestra-ciudad-en-homenaje-al-comandante-omar-scavuzzo\/#article\",\"isPartOf\":{\"@id\":\"https:\/\/experienciadevida.com.ar\/portalurbano\/proponen-con-un-proyecto-nombrar-una-calle-de-nuestra-ciudad-en-homenaje-al-comandante-omar-scavuzzo\/\"},\"author\":{\"name\":\"admpu17wp\",\"@id\":\"https:\/\/experienciadevida.com.ar\/portalurbano\/#\/schema\/person\/02dd326b1c4b056e9cc972486934a3a7\"},\"headline\":\"Proponen con un proyecto nombrar una calle de nuestra ciudad en homenaje al Comandante Omar Scavuzzo\",\"datePublished\":\"2021-06-02T15:15:44+00:00\",\"dateModified\":\"2021-06-02T15:17:51+00:00\",\"mainEntityOfPage\":{\"@id\":\"https:\/\/experienciadevida.com.ar\/portalurbano\/proponen-con-un-proyecto-nombrar-una-calle-de-nuestra-ciudad-en-homenaje-al-comandante-omar-scavuzzo\/\"},\"wordCount\":260,\"publisher\":{\"@id\":\"https:\/\/experienciadevida.com.ar\/portalurbano\/#organization\"},\"articleSection\":[\"Ciudad\",\"Destacadas 2\"],\"inLanguage\":\"es\"},{\"@type\":\"WebPage\",\"@id\":\"https:\/\/experienciadevida.com.ar\/portalurbano\/proponen-con-un-proyecto-nombrar-una-calle-de-nuestra-ciudad-en-homenaje-al-comandante-omar-scavuzzo\/\",\"url\":\"https:\/\/experienciadevida.com.ar\/portalurbano\/proponen-con-un-proyecto-nombrar-una-calle-de-nuestra-ciudad-en-homenaje-al-comandante-omar-scavuzzo\/\",\"name\":\"Proponen con un proyecto nombrar una calle de nuestra ciudad\",\"isPartOf\":{\"@id\":\"https:\/\/experienciadevida.com.ar\/portalurbano\/#website\"},\"datePublished\":\"2021-06-02T15:15:44+00:00\",\"dateModified\":\"2021-06-02T15:17:51+00:00\",\"description\":\"Proponen nombrar una calle de nuestra ciudad en homenaje al Comandante Omar Scavuzzo, en el marco de una nueva conmemoraci\u00f3n.\",\"breadcrumb\":{\"@id\":\"https:\/\/experienciadevida.com.ar\/portalurbano\/proponen-con-un-proyecto-nombrar-una-calle-de-nuestra-ciudad-en-homenaje-al-comandante-omar-scavuzzo\/#breadcrumb\"},\"inLanguage\":\"es\",\"potentialAction\":[{\"@type\":\"ReadAction\",\"target\":[\"https:\/\/experienciadevida.com.ar\/portalurbano\/proponen-con-un-proyecto-nombrar-una-calle-de-nuestra-ciudad-en-homenaje-al-comandante-omar-scavuzzo\/\"]}]},{\"@type\":\"BreadcrumbList\",\"@id\":\"https:\/\/experienciadevida.com.ar\/portalurbano\/proponen-con-un-proyecto-nombrar-una-calle-de-nuestra-ciudad-en-homenaje-al-comandante-omar-scavuzzo\/#breadcrumb\",\"itemListElement\":[{\"@type\":\"ListItem\",\"position\":1,\"name\":\"Portada\",\"item\":\"https:\/\/experienciadevida.com.ar\/portalurbano\/\"},{\"@type\":\"ListItem\",\"position\":2,\"name\":\"Proponen con un proyecto nombrar una calle de nuestra ciudad en homenaje al Comandante Omar Scavuzzo\"}]},{\"@type\":\"WebSite\",\"@id\":\"https:\/\/experienciadevida.com.ar\/portalurbano\/#website\",\"url\":\"https:\/\/experienciadevida.com.ar\/portalurbano\/\",\"name\":\"\",\"description\":\"\",\"publisher\":{\"@id\":\"https:\/\/experienciadevida.com.ar\/portalurbano\/#organization\"},\"potentialAction\":[{\"@type\":\"SearchAction\",\"target\":{\"@type\":\"EntryPoint\",\"urlTemplate\":\"https:\/\/experienciadevida.com.ar\/portalurbano\/?s={search_term_string}\"},\"query-input\":\"required name=search_term_string\"}],\"inLanguage\":\"es\"},{\"@type\":\"Organization\",\"@id\":\"https:\/\/experienciadevida.com.ar\/portalurbano\/#organization\",\"name\":\"Portal Urbano\",\"url\":\"https:\/\/experienciadevida.com.ar\/portalurbano\/\",\"logo\":{\"@type\":\"ImageObject\",\"inLanguage\":\"es\",\"@id\":\"https:\/\/experienciadevida.com.ar\/portalurbano\/#\/schema\/logo\/image\/\",\"url\":\"https:\/\/experienciadevida.com.ar\/portalurbano\/wp-content\/uploads\/2019\/09\/Logo-Original.png\",\"contentUrl\":\"https:\/\/experienciadevida.com.ar\/portalurbano\/wp-content\/uploads\/2019\/09\/Logo-Original.png\",\"width\":2236,\"height\":1216,\"caption\":\"Portal Urbano\"},\"image\":{\"@id\":\"https:\/\/experienciadevida.com.ar\/portalurbano\/#\/schema\/logo\/image\/\"},\"sameAs\":[\"https:\/\/www.facebook.com\/Portal-Urbano-171542830093757\/\",\"https:\/\/twitter.com\/portalurbanook\",\"https:\/\/www.instagram.com\/_portalurbano\/\",\"https:\/\/www.youtube.com\/channel\/UCXhagIfszH8KxFiOok79zbA?view_as=subscriber\"]},{\"@type\":\"Person\",\"@id\":\"https:\/\/experienciadevida.com.ar\/portalurbano\/#\/schema\/person\/02dd326b1c4b056e9cc972486934a3a7\",\"name\":\"admpu17wp\",\"image\":{\"@type\":\"ImageObject\",\"inLanguage\":\"es\",\"@id\":\"https:\/\/experienciadevida.com.ar\/portalurbano\/#\/schema\/person\/image\/\",\"url\":\"https:\/\/secure.gravatar.com\/avatar\/830d4c57adaae6630765e449a6908047?s=96&d=mm&r=g\",\"contentUrl\":\"https:\/\/secure.gravatar.com\/avatar\/830d4c57adaae6630765e449a6908047?s=96&d=mm&r=g\",\"caption\":\"admpu17wp\"}}]}<\/script>\n<!-- \/ Yoast SEO plugin. -->","yoast_head_json":{"title":"Proponen con un proyecto nombrar una calle de nuestra ciudad","description":"Proponen nombrar una calle de nuestra ciudad en homenaje al Comandante Omar Scavuzzo, en el marco de una nueva conmemoraci\u00f3n.","robots":{"index":"index","follow":"follow","max-snippet":"max-snippet:-1","max-image-preview":"max-image-preview:large","max-video-preview":"max-video-preview:-1"},"canonical":"https:\/\/experienciadevida.com.ar\/portalurbano\/proponen-con-un-proyecto-nombrar-una-calle-de-nuestra-ciudad-en-homenaje-al-comandante-omar-scavuzzo\/","og_locale":"es_ES","og_type":"article","og_title":"Proponen con un proyecto nombrar una calle de nuestra ciudad","og_description":"Proponen nombrar una calle de nuestra ciudad en homenaje al Comandante Omar Scavuzzo, en el marco de una nueva conmemoraci\u00f3n.","og_url":"https:\/\/experienciadevida.com.ar\/portalurbano\/proponen-con-un-proyecto-nombrar-una-calle-de-nuestra-ciudad-en-homenaje-al-comandante-omar-scavuzzo\/","article_publisher":"https:\/\/www.facebook.com\/Portal-Urbano-171542830093757\/","article_published_time":"2021-06-02T15:15:44+00:00","article_modified_time":"2021-06-02T15:17:51+00:00","og_image":[{"width":667,"height":500,"url":"https:\/\/experienciadevida.com.ar\/portalurbano\/wp-content\/uploads\/2018\/08\/HCD-1.jpg","type":"image\/jpeg"}],"author":"admpu17wp","twitter_card":"summary_large_image","twitter_creator":"@portalurbanook","twitter_site":"@portalurbanook","twitter_misc":{"Escrito por":"admpu17wp","Tiempo de lectura":"2 minutos"},"schema":{"@context":"https:\/\/schema.org","@graph":[{"@type":"Article","@id":"https:\/\/experienciadevida.com.ar\/portalurbano\/proponen-con-un-proyecto-nombrar-una-calle-de-nuestra-ciudad-en-homenaje-al-comandante-omar-scavuzzo\/#article","isPartOf":{"@id":"https:\/\/experienciadevida.com.ar\/portalurbano\/proponen-con-un-proyecto-nombrar-una-calle-de-nuestra-ciudad-en-homenaje-al-comandante-omar-scavuzzo\/"},"author":{"name":"admpu17wp","@id":"https:\/\/experienciadevida.com.ar\/portalurbano\/#\/schema\/person\/02dd326b1c4b056e9cc972486934a3a7"},"headline":"Proponen con un proyecto nombrar una calle de nuestra ciudad en homenaje al Comandante Omar Scavuzzo","datePublished":"2021-06-02T15:15:44+00:00","dateModified":"2021-06-02T15:17:51+00:00","mainEntityOfPage":{"@id":"https:\/\/experienciadevida.com.ar\/portalurbano\/proponen-con-un-proyecto-nombrar-una-calle-de-nuestra-ciudad-en-homenaje-al-comandante-omar-scavuzzo\/"},"wordCount":260,"publisher":{"@id":"https:\/\/experienciadevida.com.ar\/portalurbano\/#organization"},"articleSection":["Ciudad","Destacadas 2"],"inLanguage":"es"},{"@type":"WebPage","@id":"https:\/\/experienciadevida.com.ar\/portalurbano\/proponen-con-un-proyecto-nombrar-una-calle-de-nuestra-ciudad-en-homenaje-al-comandante-omar-scavuzzo\/","url":"https:\/\/experienciadevida.com.ar\/portalurbano\/proponen-con-un-proyecto-nombrar-una-calle-de-nuestra-ciudad-en-homenaje-al-comandante-omar-scavuzzo\/","name":"Proponen con un proyecto nombrar una calle de nuestra ciudad","isPartOf":{"@id":"https:\/\/experienciadevida.com.ar\/portalurbano\/#website"},"datePublished":"2021-06-02T15:15:44+00:00","dateModified":"2021-06-02T15:17:51+00:00","description":"Proponen nombrar una calle de nuestra ciudad en homenaje al Comandante Omar Scavuzzo, en el marco de una nueva conmemoraci\u00f3n.","breadcrumb":{"@id":"https:\/\/experienciadevida.com.ar\/portalurbano\/proponen-con-un-proyecto-nombrar-una-calle-de-nuestra-ciudad-en-homenaje-al-comandante-omar-scavuzzo\/#breadcrumb"},"inLanguage":"es","potentialAction":[{"@type":"ReadAction","target":["https:\/\/experienciadevida.com.ar\/portalurbano\/proponen-con-un-proyecto-nombrar-una-calle-de-nuestra-ciudad-en-homenaje-al-comandante-omar-scavuzzo\/"]}]},{"@type":"BreadcrumbList","@id":"https:\/\/experienciadevida.com.ar\/portalurbano\/proponen-con-un-proyecto-nombrar-una-calle-de-nuestra-ciudad-en-homenaje-al-comandante-omar-scavuzzo\/#breadcrumb","itemListElement":[{"@type":"ListItem","position":1,"name":"Portada","item":"https:\/\/experienciadevida.com.ar\/portalurbano\/"},{"@type":"ListItem","position":2,"name":"Proponen con un proyecto nombrar una calle de nuestra ciudad en homenaje al Comandante Omar Scavuzzo"}]},{"@type":"WebSite","@id":"https:\/\/experienciadevida.com.ar\/portalurbano\/#website","url":"https:\/\/experienciadevida.com.ar\/portalurbano\/","name":"","description":"","publisher":{"@id":"https:\/\/experienciadevida.com.ar\/portalurbano\/#organization"},"potentialAction":[{"@type":"SearchAction","target":{"@type":"EntryPoint","urlTemplate":"https:\/\/experienciadevida.com.ar\/portalurbano\/?s={search_term_string}"},"query-input":"required name=search_term_string"}],"inLanguage":"es"},{"@type":"Organization","@id":"https:\/\/experienciadevida.com.ar\/portalurbano\/#organization","name":"Portal Urbano","url":"https:\/\/experienciadevida.com.ar\/portalurbano\/","logo":{"@type":"ImageObject","inLanguage":"es","@id":"https:\/\/experienciadevida.com.ar\/portalurbano\/#\/schema\/logo\/image\/","url":"https:\/\/experienciadevida.com.ar\/portalurbano\/wp-content\/uploads\/2019\/09\/Logo-Original.png","contentUrl":"https:\/\/experienciadevida.com.ar\/portalurbano\/wp-content\/uploads\/2019\/09\/Logo-Original.png","width":2236,"height":1216,"caption":"Portal Urbano"},"image":{"@id":"https:\/\/experienciadevida.com.ar\/portalurbano\/#\/schema\/logo\/image\/"},"sameAs":["https:\/\/www.facebook.com\/Portal-Urbano-171542830093757\/","https:\/\/twitter.com\/portalurbanook","https:\/\/www.instagram.com\/_portalurbano\/","https:\/\/www.youtube.com\/channel\/UCXhagIfszH8KxFiOok79zbA?view_as=subscriber"]},{"@type":"Person","@id":"https:\/\/experienciadevida.com.ar\/portalurbano\/#\/schema\/person\/02dd326b1c4b056e9cc972486934a3a7","name":"admpu17wp","image":{"@type":"ImageObject","inLanguage":"es","@id":"https:\/\/experienciadevida.com.ar\/portalurbano\/#\/schema\/person\/image\/","url":"https:\/\/secure.gravatar.com\/avatar\/830d4c57adaae6630765e449a6908047?s=96&d=mm&r=g","contentUrl":"https:\/\/secure.gravatar.com\/avatar\/830d4c57adaae6630765e449a6908047?s=96&d=mm&r=g","caption":"admpu17wp"}}]}},"featured_image_urls":{"full":"","thumbnail":"","medium":"","medium_large":"","large":"","ug_big":"","1536x1536":"","2048x2048":"","newsever-slider-full":"","newsever-featured":"","newsever-medium":"","web-stories-poster-portrait":"","web-stories-publisher-logo":"","web-stories-thumbnail":""},"author_info":{"display_name":"admpu17wp","author_link":"https:\/\/experienciadevida.com.ar\/portalurbano\/author\/admpu17wp\/"},"category_info":"<a href=\"https:\/\/experienciadevida.com.ar\/portalurbano\/category\/ciudad\/\" rel=\"category tag\">Ciudad<\/a> <a href=\"https:\/\/experienciadevida.com.ar\/portalurbano\/category\/destacadas-2\/\" rel=\"category tag\">Destacadas 2<\/a>","tag_info":"Destacadas 2","comment_count":"0","amp_enabled":true,"_links":{"self":[{"href":"https:\/\/experienciadevida.com.ar\/portalurbano\/wp-json\/wp\/v2\/posts\/144246"}],"collection":[{"href":"https:\/\/experienciadevida.com.ar\/portalurbano\/wp-json\/wp\/v2\/posts"}],"about":[{"href":"https:\/\/experienciadevida.com.ar\/portalurbano\/wp-json\/wp\/v2\/types\/post"}],"author":[{"embeddable":true,"href":"https:\/\/experienciadevida.com.ar\/portalurbano\/wp-json\/wp\/v2\/users\/1"}],"replies":[{"embeddable":true,"href":"https:\/\/experienciadevida.com.ar\/portalurbano\/wp-json\/wp\/v2\/comments?post=144246"}],"version-history":[{"count":2,"href":"https:\/\/experienciadevida.com.ar\/portalurbano\/wp-json\/wp\/v2\/posts\/144246\/revisions"}],"predecessor-version":[{"id":144248,"href":"https:\/\/experienciadevida.com.ar\/portalurbano\/wp-json\/wp\/v2\/posts\/144246\/revisions\/144248"}],"wp:attachment":[{"href":"https:\/\/experienciadevida.com.ar\/portalurbano\/wp-json\/wp\/v2\/media?parent=144246"}],"wp:term":[{"taxonomy":"category","embeddable":true,"href":"https:\/\/experienciadevida.com.ar\/portalurbano\/wp-json\/wp\/v2\/categories?post=144246"},{"taxonomy":"post_tag","embeddable":true,"href":"https:\/\/experienciadevida.com.ar\/portalurbano\/wp-json\/wp\/v2\/tags?post=144246"}],"curies":[{"name":"wp","href":"https:\/\/api.w.org\/{rel}","templated":true}]}}