{"id":144227,"date":"2021-06-02T10:10:01","date_gmt":"2021-06-02T13:10:01","guid":{"rendered":"https:\/\/experienciadevida.com.ar\/portalurbano\/?p=144227"},"modified":"2021-06-02T10:11:16","modified_gmt":"2021-06-02T13:11:16","slug":"provincia-identifico-mas-de-5-000-personas-que-no-cumplian-con-los-requisitos-para-vacunarse","status":"publish","type":"post","link":"https:\/\/experienciadevida.com.ar\/portalurbano\/provincia-identifico-mas-de-5-000-personas-que-no-cumplian-con-los-requisitos-para-vacunarse\/","title":{"rendered":"Provincia identific\u00f3 m\u00e1s de 5.000 personas que no cumpl\u00edan con los requisitos para vacunarse"},"content":{"rendered":"<p>Provincia identific\u00f3 m\u00e1s de 5.000 personas que no cumpl\u00edan con los requisitos para vacunarse, se trata s\u00f3lo del 0,4% de las personas que al inscribirse aseveraron presentar una comorbilidad.<\/p>\n<p>La provincia de Buenos Aires ya aplic\u00f3 3.688.855 vacunas de la primera dosis anti Covid-19 y, 1.314.194 de las personas que la recibieron, tuvieron que presentar una constancia que acredite la existencia de una condici\u00f3n de riesgo. En tanto, de ese total, 5.256 personas no contaban con documentaci\u00f3n sobre la enfermedad preexistente o no quisieron firmar la declaraci\u00f3n jurada. El resto de las personas era mayor de 60 a\u00f1os y s\u00f3lo con la identidad, acredit\u00f3 su condici\u00f3n de riesgo para vacunarse con prioridad.<\/p>\n<p>La informaci\u00f3n dada a conocer por la cartera sanitaria bonaerense surgi\u00f3 a partir del cruce de datos realizado entre el sistema informatizado de inscripci\u00f3n para recibir la vacuna y el control que realizan los trabajadores durante el triage, en la zona previa a la vacunaci\u00f3n en cada posta, donde se consulta sobre la enfermedad preexistente que declar\u00f3 y se le pide la constancia. En caso de no disponer de ese documento, se le ofrece firmar una declaraci\u00f3n jurada para acreditar la condici\u00f3n por la que se hab\u00eda inscripto y fueron priorizadas para vacunarse.<\/p>\n<p>\u201cHay un importante n\u00famero de las personas vacunadas que necesitaron presentar documentaci\u00f3n, mayormente las personas que tienen una comorbilidad pero tambi\u00e9n trabajadores de la Salud, de Seguridad, y docentes, que tienen que dar cuenta de esa actividad. De esas 1.314.194 personas s\u00f3lo el 0,4% fueron rechazadas en la instancia del triage por no contar con documentaci\u00f3n que acredite la condici\u00f3n y no querer firmar la declaraci\u00f3n jurada, que es la otra opci\u00f3n que tenemos para poder acceder a la vacunaci\u00f3n\u201d, explic\u00f3 la subsecretaria de Gesti\u00f3n de la Informaci\u00f3n, Leticia Ceriani.<\/p>\n<p>Provincia identific\u00f3 m\u00e1s de 5.000 personas que no cumpl\u00edan con los requisitos para vacunarse, para acceder , todas las personas mayores de 18 a\u00f1os que residan en la Provincia de Buenos Aires deben inscribirse a trav\u00e9s de la web vacunatepba.gba.gob.ar o de la aplicaci\u00f3n VacunatePBA, completar el registro, se\u00f1alar a qu\u00e9 grupo poblacional pertenecen y declarar si poseen alguna de las patolog\u00edas de riesgo que est\u00e1n indicadas para ser priorizadas en la vacunaci\u00f3n.<\/p>\n<p>Cuando las personas acceden al turno por medio del sistema inform\u00e1tico, es en el vacunatorio donde se constata y certifica los datos personales y su lugar de trabajo o riesgos declarados al momento de su inscripci\u00f3n, seg\u00fan el caso. Es ah\u00ed donde se valida la informaci\u00f3n o se propone la declaraci\u00f3n jurada como v\u00eda alternativa para acreditar el riesgo inscripto.<\/p>\n<p>Ceriani detall\u00f3 que \u201cpermitimos que las personas se puedan presentar con cualquier documentaci\u00f3n que acredite la condici\u00f3n de riesgo\u201d, ya sea \u201cuna receta de un medicamento, un certificado m\u00e9dico hecho con anterioridad, y en el caso de que no cuente con esa documentaci\u00f3n al momento de ir a vacunarse, la firma de una declaraci\u00f3n jurada, en donde se hace cargo que esa es la comorbilidad que tiene\u201d.<\/p>\n<p>Fuente: DIB<\/p>\n","protected":false},"excerpt":{"rendered":"<p>Provincia identific\u00f3 m\u00e1s de 5.000 personas que no cumpl\u00edan con los requisitos para vacunarse, se&#8230;<\/p>\n","protected":false},"author":1,"featured_media":144228,"comment_status":"closed","ping_status":"closed","sticky":false,"template":"","format":"standard","meta":{"content-type":""},"categories":[64,44],"tags":[],"nelio_content":{"isAutoShareEnabled":false,"autoShareEndMode":"default","automationSources":{"useContentSentences":true,"useSocialTemplates":true,"useCustomSentences":false,"customSentences":[]},"followers":[1],"suggestedReferences":[],"includedReferences":[],"efiUrl":"","efiAlt":"","highlights":[]},"yoast_head":"<!-- This site is optimized with the Yoast SEO plugin v20.7 - https:\/\/yoast.com\/wordpress\/plugins\/seo\/ -->\n<title>Provincia identific\u00f3 m\u00e1s de 5.000 personas que no cumpl\u00edan requisitos<\/title>\n<meta name=\"description\" content=\"Provincia identific\u00f3 m\u00e1s de 5.000 personas que no cumpl\u00edan con los requisitos para vacunarse, se trata s\u00f3lo del 0,4% de las personas\" \/>\n<meta name=\"robots\" content=\"index, follow, max-snippet:-1, max-image-preview:large, max-video-preview:-1\" \/>\n<link rel=\"canonical\" href=\"https:\/\/experienciadevida.com.ar\/portalurbano\/provincia-identifico-mas-de-5-000-personas-que-no-cumplian-con-los-requisitos-para-vacunarse\/\" \/>\n<meta property=\"og:locale\" content=\"es_ES\" \/>\n<meta property=\"og:type\" content=\"article\" \/>\n<meta property=\"og:title\" content=\"Provincia identific\u00f3 m\u00e1s de 5.000 personas que no cumpl\u00edan requisitos\" \/>\n<meta property=\"og:description\" content=\"Provincia identific\u00f3 m\u00e1s de 5.000 personas que no cumpl\u00edan con los requisitos para vacunarse, se trata s\u00f3lo del 0,4% de las personas\" \/>\n<meta property=\"og:url\" content=\"https:\/\/experienciadevida.com.ar\/portalurbano\/provincia-identifico-mas-de-5-000-personas-que-no-cumplian-con-los-requisitos-para-vacunarse\/\" \/>\n<meta property=\"article:publisher\" content=\"https:\/\/www.facebook.com\/Portal-Urbano-171542830093757\/\" \/>\n<meta property=\"article:published_time\" content=\"2021-06-02T13:10:01+00:00\" \/>\n<meta property=\"article:modified_time\" content=\"2021-06-02T13:11:16+00:00\" \/>\n<meta property=\"og:image\" content=\"https:\/\/experienciadevida.com.ar\/portalurbano\/wp-content\/uploads\/2021\/06\/Provincia-identifico-mas-de-5.000.jpeg\" \/>\n\t<meta property=\"og:image:width\" content=\"696\" \/>\n\t<meta property=\"og:image:height\" content=\"464\" \/>\n\t<meta property=\"og:image:type\" content=\"image\/jpeg\" \/>\n<meta name=\"author\" content=\"admpu17wp\" \/>\n<meta name=\"twitter:card\" content=\"summary_large_image\" \/>\n<meta name=\"twitter:creator\" content=\"@portalurbanook\" \/>\n<meta name=\"twitter:site\" content=\"@portalurbanook\" \/>\n<meta name=\"twitter:label1\" content=\"Escrito por\" \/>\n\t<meta name=\"twitter:data1\" content=\"admpu17wp\" \/>\n\t<meta name=\"twitter:label2\" content=\"Tiempo de lectura\" \/>\n\t<meta name=\"twitter:data2\" content=\"3 minutos\" \/>\n<script type=\"application\/ld+json\" class=\"yoast-schema-graph\">{\"@context\":\"https:\/\/schema.org\",\"@graph\":[{\"@type\":\"Article\",\"@id\":\"https:\/\/experienciadevida.com.ar\/portalurbano\/provincia-identifico-mas-de-5-000-personas-que-no-cumplian-con-los-requisitos-para-vacunarse\/#article\",\"isPartOf\":{\"@id\":\"https:\/\/experienciadevida.com.ar\/portalurbano\/provincia-identifico-mas-de-5-000-personas-que-no-cumplian-con-los-requisitos-para-vacunarse\/\"},\"author\":{\"name\":\"admpu17wp\",\"@id\":\"https:\/\/experienciadevida.com.ar\/portalurbano\/#\/schema\/person\/02dd326b1c4b056e9cc972486934a3a7\"},\"headline\":\"Provincia identific\u00f3 m\u00e1s de 5.000 personas que no cumpl\u00edan con los requisitos para vacunarse\",\"datePublished\":\"2021-06-02T13:10:01+00:00\",\"dateModified\":\"2021-06-02T13:11:16+00:00\",\"mainEntityOfPage\":{\"@id\":\"https:\/\/experienciadevida.com.ar\/portalurbano\/provincia-identifico-mas-de-5-000-personas-que-no-cumplian-con-los-requisitos-para-vacunarse\/\"},\"wordCount\":550,\"publisher\":{\"@id\":\"https:\/\/experienciadevida.com.ar\/portalurbano\/#organization\"},\"articleSection\":[\"Destacadas 2\",\"Provincia\"],\"inLanguage\":\"es\"},{\"@type\":\"WebPage\",\"@id\":\"https:\/\/experienciadevida.com.ar\/portalurbano\/provincia-identifico-mas-de-5-000-personas-que-no-cumplian-con-los-requisitos-para-vacunarse\/\",\"url\":\"https:\/\/experienciadevida.com.ar\/portalurbano\/provincia-identifico-mas-de-5-000-personas-que-no-cumplian-con-los-requisitos-para-vacunarse\/\",\"name\":\"Provincia identific\u00f3 m\u00e1s de 5.000 personas que no cumpl\u00edan requisitos\",\"isPartOf\":{\"@id\":\"https:\/\/experienciadevida.com.ar\/portalurbano\/#website\"},\"datePublished\":\"2021-06-02T13:10:01+00:00\",\"dateModified\":\"2021-06-02T13:11:16+00:00\",\"description\":\"Provincia identific\u00f3 m\u00e1s de 5.000 personas que no cumpl\u00edan con los requisitos para vacunarse, se trata s\u00f3lo del 0,4% de las personas\",\"breadcrumb\":{\"@id\":\"https:\/\/experienciadevida.com.ar\/portalurbano\/provincia-identifico-mas-de-5-000-personas-que-no-cumplian-con-los-requisitos-para-vacunarse\/#breadcrumb\"},\"inLanguage\":\"es\",\"potentialAction\":[{\"@type\":\"ReadAction\",\"target\":[\"https:\/\/experienciadevida.com.ar\/portalurbano\/provincia-identifico-mas-de-5-000-personas-que-no-cumplian-con-los-requisitos-para-vacunarse\/\"]}]},{\"@type\":\"BreadcrumbList\",\"@id\":\"https:\/\/experienciadevida.com.ar\/portalurbano\/provincia-identifico-mas-de-5-000-personas-que-no-cumplian-con-los-requisitos-para-vacunarse\/#breadcrumb\",\"itemListElement\":[{\"@type\":\"ListItem\",\"position\":1,\"name\":\"Portada\",\"item\":\"https:\/\/experienciadevida.com.ar\/portalurbano\/\"},{\"@type\":\"ListItem\",\"position\":2,\"name\":\"Provincia identific\u00f3 m\u00e1s de 5.000 personas que no cumpl\u00edan con los requisitos para vacunarse\"}]},{\"@type\":\"WebSite\",\"@id\":\"https:\/\/experienciadevida.com.ar\/portalurbano\/#website\",\"url\":\"https:\/\/experienciadevida.com.ar\/portalurbano\/\",\"name\":\"\",\"description\":\"\",\"publisher\":{\"@id\":\"https:\/\/experienciadevida.com.ar\/portalurbano\/#organization\"},\"potentialAction\":[{\"@type\":\"SearchAction\",\"target\":{\"@type\":\"EntryPoint\",\"urlTemplate\":\"https:\/\/experienciadevida.com.ar\/portalurbano\/?s={search_term_string}\"},\"query-input\":\"required name=search_term_string\"}],\"inLanguage\":\"es\"},{\"@type\":\"Organization\",\"@id\":\"https:\/\/experienciadevida.com.ar\/portalurbano\/#organization\",\"name\":\"Portal Urbano\",\"url\":\"https:\/\/experienciadevida.com.ar\/portalurbano\/\",\"logo\":{\"@type\":\"ImageObject\",\"inLanguage\":\"es\",\"@id\":\"https:\/\/experienciadevida.com.ar\/portalurbano\/#\/schema\/logo\/image\/\",\"url\":\"https:\/\/experienciadevida.com.ar\/portalurbano\/wp-content\/uploads\/2019\/09\/Logo-Original.png\",\"contentUrl\":\"https:\/\/experienciadevida.com.ar\/portalurbano\/wp-content\/uploads\/2019\/09\/Logo-Original.png\",\"width\":2236,\"height\":1216,\"caption\":\"Portal Urbano\"},\"image\":{\"@id\":\"https:\/\/experienciadevida.com.ar\/portalurbano\/#\/schema\/logo\/image\/\"},\"sameAs\":[\"https:\/\/www.facebook.com\/Portal-Urbano-171542830093757\/\",\"https:\/\/twitter.com\/portalurbanook\",\"https:\/\/www.instagram.com\/_portalurbano\/\",\"https:\/\/www.youtube.com\/channel\/UCXhagIfszH8KxFiOok79zbA?view_as=subscriber\"]},{\"@type\":\"Person\",\"@id\":\"https:\/\/experienciadevida.com.ar\/portalurbano\/#\/schema\/person\/02dd326b1c4b056e9cc972486934a3a7\",\"name\":\"admpu17wp\",\"image\":{\"@type\":\"ImageObject\",\"inLanguage\":\"es\",\"@id\":\"https:\/\/experienciadevida.com.ar\/portalurbano\/#\/schema\/person\/image\/\",\"url\":\"https:\/\/secure.gravatar.com\/avatar\/830d4c57adaae6630765e449a6908047?s=96&d=mm&r=g\",\"contentUrl\":\"https:\/\/secure.gravatar.com\/avatar\/830d4c57adaae6630765e449a6908047?s=96&d=mm&r=g\",\"caption\":\"admpu17wp\"}}]}<\/script>\n<!-- \/ Yoast SEO plugin. -->","yoast_head_json":{"title":"Provincia identific\u00f3 m\u00e1s de 5.000 personas que no cumpl\u00edan requisitos","description":"Provincia identific\u00f3 m\u00e1s de 5.000 personas que no cumpl\u00edan con los requisitos para vacunarse, se trata s\u00f3lo del 0,4% de las personas","robots":{"index":"index","follow":"follow","max-snippet":"max-snippet:-1","max-image-preview":"max-image-preview:large","max-video-preview":"max-video-preview:-1"},"canonical":"https:\/\/experienciadevida.com.ar\/portalurbano\/provincia-identifico-mas-de-5-000-personas-que-no-cumplian-con-los-requisitos-para-vacunarse\/","og_locale":"es_ES","og_type":"article","og_title":"Provincia identific\u00f3 m\u00e1s de 5.000 personas que no cumpl\u00edan requisitos","og_description":"Provincia identific\u00f3 m\u00e1s de 5.000 personas que no cumpl\u00edan con los requisitos para vacunarse, se trata s\u00f3lo del 0,4% de las personas","og_url":"https:\/\/experienciadevida.com.ar\/portalurbano\/provincia-identifico-mas-de-5-000-personas-que-no-cumplian-con-los-requisitos-para-vacunarse\/","article_publisher":"https:\/\/www.facebook.com\/Portal-Urbano-171542830093757\/","article_published_time":"2021-06-02T13:10:01+00:00","article_modified_time":"2021-06-02T13:11:16+00:00","og_image":[{"width":696,"height":464,"url":"https:\/\/experienciadevida.com.ar\/portalurbano\/wp-content\/uploads\/2021\/06\/Provincia-identifico-mas-de-5.000.jpeg","type":"image\/jpeg"}],"author":"admpu17wp","twitter_card":"summary_large_image","twitter_creator":"@portalurbanook","twitter_site":"@portalurbanook","twitter_misc":{"Escrito por":"admpu17wp","Tiempo de lectura":"3 minutos"},"schema":{"@context":"https:\/\/schema.org","@graph":[{"@type":"Article","@id":"https:\/\/experienciadevida.com.ar\/portalurbano\/provincia-identifico-mas-de-5-000-personas-que-no-cumplian-con-los-requisitos-para-vacunarse\/#article","isPartOf":{"@id":"https:\/\/experienciadevida.com.ar\/portalurbano\/provincia-identifico-mas-de-5-000-personas-que-no-cumplian-con-los-requisitos-para-vacunarse\/"},"author":{"name":"admpu17wp","@id":"https:\/\/experienciadevida.com.ar\/portalurbano\/#\/schema\/person\/02dd326b1c4b056e9cc972486934a3a7"},"headline":"Provincia identific\u00f3 m\u00e1s de 5.000 personas que no cumpl\u00edan con los requisitos para vacunarse","datePublished":"2021-06-02T13:10:01+00:00","dateModified":"2021-06-02T13:11:16+00:00","mainEntityOfPage":{"@id":"https:\/\/experienciadevida.com.ar\/portalurbano\/provincia-identifico-mas-de-5-000-personas-que-no-cumplian-con-los-requisitos-para-vacunarse\/"},"wordCount":550,"publisher":{"@id":"https:\/\/experienciadevida.com.ar\/portalurbano\/#organization"},"articleSection":["Destacadas 2","Provincia"],"inLanguage":"es"},{"@type":"WebPage","@id":"https:\/\/experienciadevida.com.ar\/portalurbano\/provincia-identifico-mas-de-5-000-personas-que-no-cumplian-con-los-requisitos-para-vacunarse\/","url":"https:\/\/experienciadevida.com.ar\/portalurbano\/provincia-identifico-mas-de-5-000-personas-que-no-cumplian-con-los-requisitos-para-vacunarse\/","name":"Provincia identific\u00f3 m\u00e1s de 5.000 personas que no cumpl\u00edan requisitos","isPartOf":{"@id":"https:\/\/experienciadevida.com.ar\/portalurbano\/#website"},"datePublished":"2021-06-02T13:10:01+00:00","dateModified":"2021-06-02T13:11:16+00:00","description":"Provincia identific\u00f3 m\u00e1s de 5.000 personas que no cumpl\u00edan con los requisitos para vacunarse, se trata s\u00f3lo del 0,4% de las personas","breadcrumb":{"@id":"https:\/\/experienciadevida.com.ar\/portalurbano\/provincia-identifico-mas-de-5-000-personas-que-no-cumplian-con-los-requisitos-para-vacunarse\/#breadcrumb"},"inLanguage":"es","potentialAction":[{"@type":"ReadAction","target":["https:\/\/experienciadevida.com.ar\/portalurbano\/provincia-identifico-mas-de-5-000-personas-que-no-cumplian-con-los-requisitos-para-vacunarse\/"]}]},{"@type":"BreadcrumbList","@id":"https:\/\/experienciadevida.com.ar\/portalurbano\/provincia-identifico-mas-de-5-000-personas-que-no-cumplian-con-los-requisitos-para-vacunarse\/#breadcrumb","itemListElement":[{"@type":"ListItem","position":1,"name":"Portada","item":"https:\/\/experienciadevida.com.ar\/portalurbano\/"},{"@type":"ListItem","position":2,"name":"Provincia identific\u00f3 m\u00e1s de 5.000 personas que no cumpl\u00edan con los requisitos para vacunarse"}]},{"@type":"WebSite","@id":"https:\/\/experienciadevida.com.ar\/portalurbano\/#website","url":"https:\/\/experienciadevida.com.ar\/portalurbano\/","name":"","description":"","publisher":{"@id":"https:\/\/experienciadevida.com.ar\/portalurbano\/#organization"},"potentialAction":[{"@type":"SearchAction","target":{"@type":"EntryPoint","urlTemplate":"https:\/\/experienciadevida.com.ar\/portalurbano\/?s={search_term_string}"},"query-input":"required name=search_term_string"}],"inLanguage":"es"},{"@type":"Organization","@id":"https:\/\/experienciadevida.com.ar\/portalurbano\/#organization","name":"Portal Urbano","url":"https:\/\/experienciadevida.com.ar\/portalurbano\/","logo":{"@type":"ImageObject","inLanguage":"es","@id":"https:\/\/experienciadevida.com.ar\/portalurbano\/#\/schema\/logo\/image\/","url":"https:\/\/experienciadevida.com.ar\/portalurbano\/wp-content\/uploads\/2019\/09\/Logo-Original.png","contentUrl":"https:\/\/experienciadevida.com.ar\/portalurbano\/wp-content\/uploads\/2019\/09\/Logo-Original.png","width":2236,"height":1216,"caption":"Portal Urbano"},"image":{"@id":"https:\/\/experienciadevida.com.ar\/portalurbano\/#\/schema\/logo\/image\/"},"sameAs":["https:\/\/www.facebook.com\/Portal-Urbano-171542830093757\/","https:\/\/twitter.com\/portalurbanook","https:\/\/www.instagram.com\/_portalurbano\/","https:\/\/www.youtube.com\/channel\/UCXhagIfszH8KxFiOok79zbA?view_as=subscriber"]},{"@type":"Person","@id":"https:\/\/experienciadevida.com.ar\/portalurbano\/#\/schema\/person\/02dd326b1c4b056e9cc972486934a3a7","name":"admpu17wp","image":{"@type":"ImageObject","inLanguage":"es","@id":"https:\/\/experienciadevida.com.ar\/portalurbano\/#\/schema\/person\/image\/","url":"https:\/\/secure.gravatar.com\/avatar\/830d4c57adaae6630765e449a6908047?s=96&d=mm&r=g","contentUrl":"https:\/\/secure.gravatar.com\/avatar\/830d4c57adaae6630765e449a6908047?s=96&d=mm&r=g","caption":"admpu17wp"}}]}},"featured_image_urls":{"full":["https:\/\/experienciadevida.com.ar\/portalurbano\/wp-content\/uploads\/2021\/06\/Provincia-identifico-mas-de-5.000.jpeg",696,464,false],"thumbnail":["https:\/\/experienciadevida.com.ar\/portalurbano\/wp-content\/uploads\/2021\/06\/Provincia-identifico-mas-de-5.000-150x150.jpeg",150,150,true],"medium":["https:\/\/experienciadevida.com.ar\/portalurbano\/wp-content\/uploads\/2021\/06\/Provincia-identifico-mas-de-5.000-300x200.jpeg",300,200,true],"medium_large":["https:\/\/experienciadevida.com.ar\/portalurbano\/wp-content\/uploads\/2021\/06\/Provincia-identifico-mas-de-5.000.jpeg",640,427,false],"large":["https:\/\/experienciadevida.com.ar\/portalurbano\/wp-content\/uploads\/2021\/06\/Provincia-identifico-mas-de-5.000.jpeg",640,427,false],"ug_big":["https:\/\/experienciadevida.com.ar\/portalurbano\/wp-content\/uploads\/2021\/06\/Provincia-identifico-mas-de-5.000.jpeg",696,464,false],"1536x1536":["https:\/\/experienciadevida.com.ar\/portalurbano\/wp-content\/uploads\/2021\/06\/Provincia-identifico-mas-de-5.000.jpeg",696,464,false],"2048x2048":["https:\/\/experienciadevida.com.ar\/portalurbano\/wp-content\/uploads\/2021\/06\/Provincia-identifico-mas-de-5.000.jpeg",696,464,false],"newsever-slider-full":["https:\/\/experienciadevida.com.ar\/portalurbano\/wp-content\/uploads\/2021\/06\/Provincia-identifico-mas-de-5.000.jpeg",696,464,false],"newsever-featured":["https:\/\/experienciadevida.com.ar\/portalurbano\/wp-content\/uploads\/2021\/06\/Provincia-identifico-mas-de-5.000.jpeg",696,464,false],"newsever-medium":["https:\/\/experienciadevida.com.ar\/portalurbano\/wp-content\/uploads\/2021\/06\/Provincia-identifico-mas-de-5.000.jpeg",696,464,false],"web-stories-poster-portrait":["https:\/\/experienciadevida.com.ar\/portalurbano\/wp-content\/uploads\/2021\/06\/Provincia-identifico-mas-de-5.000.jpeg",640,427,false],"web-stories-publisher-logo":["https:\/\/experienciadevida.com.ar\/portalurbano\/wp-content\/uploads\/2021\/06\/Provincia-identifico-mas-de-5.000.jpeg",96,64,false],"web-stories-thumbnail":["https:\/\/experienciadevida.com.ar\/portalurbano\/wp-content\/uploads\/2021\/06\/Provincia-identifico-mas-de-5.000.jpeg",150,100,false]},"author_info":{"display_name":"admpu17wp","author_link":"https:\/\/experienciadevida.com.ar\/portalurbano\/author\/admpu17wp\/"},"category_info":"<a href=\"https:\/\/experienciadevida.com.ar\/portalurbano\/category\/destacadas-2\/\" rel=\"category tag\">Destacadas 2<\/a> <a href=\"https:\/\/experienciadevida.com.ar\/portalurbano\/category\/provincia\/\" rel=\"category tag\">Provincia<\/a>","tag_info":"Provincia","comment_count":"0","amp_enabled":true,"_links":{"self":[{"href":"https:\/\/experienciadevida.com.ar\/portalurbano\/wp-json\/wp\/v2\/posts\/144227"}],"collection":[{"href":"https:\/\/experienciadevida.com.ar\/portalurbano\/wp-json\/wp\/v2\/posts"}],"about":[{"href":"https:\/\/experienciadevida.com.ar\/portalurbano\/wp-json\/wp\/v2\/types\/post"}],"author":[{"embeddable":true,"href":"https:\/\/experienciadevida.com.ar\/portalurbano\/wp-json\/wp\/v2\/users\/1"}],"replies":[{"embeddable":true,"href":"https:\/\/experienciadevida.com.ar\/portalurbano\/wp-json\/wp\/v2\/comments?post=144227"}],"version-history":[{"count":3,"href":"https:\/\/experienciadevida.com.ar\/portalurbano\/wp-json\/wp\/v2\/posts\/144227\/revisions"}],"predecessor-version":[{"id":144231,"href":"https:\/\/experienciadevida.com.ar\/portalurbano\/wp-json\/wp\/v2\/posts\/144227\/revisions\/144231"}],"wp:featuredmedia":[{"embeddable":true,"href":"https:\/\/experienciadevida.com.ar\/portalurbano\/wp-json\/wp\/v2\/media\/144228"}],"wp:attachment":[{"href":"https:\/\/experienciadevida.com.ar\/portalurbano\/wp-json\/wp\/v2\/media?parent=144227"}],"wp:term":[{"taxonomy":"category","embeddable":true,"href":"https:\/\/experienciadevida.com.ar\/portalurbano\/wp-json\/wp\/v2\/categories?post=144227"},{"taxonomy":"post_tag","embeddable":true,"href":"https:\/\/experienciadevida.com.ar\/portalurbano\/wp-json\/wp\/v2\/tags?post=144227"}],"curies":[{"name":"wp","href":"https:\/\/api.w.org\/{rel}","templated":true}]}}