{"id":144192,"date":"2021-06-01T19:02:31","date_gmt":"2021-06-01T22:02:31","guid":{"rendered":"https:\/\/experienciadevida.com.ar\/portalurbano\/?p=144192"},"modified":"2021-06-01T19:05:10","modified_gmt":"2021-06-01T22:05:10","slug":"esta-claro-que-cultura-fue-una-de-las-areas-que-sufrio-por-parte-del-municipio-un-fenomenal-ajuste-durante-el-2020","status":"publish","type":"post","link":"https:\/\/experienciadevida.com.ar\/portalurbano\/esta-claro-que-cultura-fue-una-de-las-areas-que-sufrio-por-parte-del-municipio-un-fenomenal-ajuste-durante-el-2020\/","title":{"rendered":"\u201cEst\u00e1 claro que Cultura fue una de las \u00e1reas que sufri\u00f3 por parte del Municipio un fenomenal ajuste durante el 2020\u201d"},"content":{"rendered":"<p>\u201cEst\u00e1 claro que Cultura fue una de las \u00e1reas que sufri\u00f3 por parte del Municipio un fenomenal ajuste durante el 2020\u201d,\u00a0 as\u00ed lo se\u00f1al\u00f3 el concejal del Foro Olavarr\u00eda <a href=\"https:\/\/www.facebook.com\/rodriguezolav\">Eduardo Rodr\u00edguez<\/a> durante la sesi\u00f3n del HCD realizada el d\u00eda lunes donde se trat\u00f3 la rendici\u00f3n de cuentas del Ejecutivo Municipal correspondiente al a\u00f1o 2020.<\/p>\n<p>El Gobierno Municipal no tuvo una gesti\u00f3n cultural m\u00e1s all\u00e1 de las restricciones por la Pandemia y los trabajadores de la Cultura sufrieron la paralizaci\u00f3n de sus actividades&#8221; como otros sectores de la econom\u00eda.<\/p>\n<p>El concejal por parte del bloque Foro Olavarr\u00eda, Eduardo Rodr\u00edguez, fue contundente con el ejercicio municipal en cuestiones culturales al exponer<br \/>\nlos ajustes que sufri\u00f3 el sector seg\u00fan la Rendici\u00f3n de Cuentas tratada este lunes en la sexta sesi\u00f3n ordinaria del Honorable Concejo Deliberante y que<br \/>\nfuera rechazada por el Interbloque Frente de Todos.<\/p>\n<p>&#8220;Est\u00e1 claro que cultura fue una de las \u00e1reas que sufri\u00f3 por parte del Municipio un fenomenal ajuste el 2020&#8221;, apoy\u00e1ndose en los datos que reflejan una ca\u00edda de inversi\u00f3n en el \u00e1rea en el a\u00f1o 2020 en comparaci\u00f3n al 2019.<\/p>\n<p>Concretamente \u201cla inversi\u00f3n total en Cultura, Educaci\u00f3n Art\u00edstica y Patrimonio Cultural suma $102.252.209,4 lo que representa el 2,5% de los Ingresos corrientes.<\/p>\n<p>Nominalmente en el 2019 fue superior, de $110.453.383,14 lo que represent\u00f3 el 3,53% de los Ingresos Corrientes de ese ejercicio\u201d explic\u00f3 el concejal<br \/>\nagregando que estos valores se encuentran \u201cmuy lejos del 6% del presupuesto de la Gesti\u00f3n Municipal del ex Intendente Jos\u00e9 Eseverri\u201d.<\/p>\n<p>La cultura fue uno de los rubros m\u00e1s perjudicados por las restricciones aplicadas debido al contexto de pandemia. Muchos espacios culturales se<br \/>\nvieron obligados a cerrar sus puertas durante varios meses y el regreso de los espect\u00e1culos en vivo fue de forma restringida, lo que afect\u00f3<br \/>\nnegativamente a los trabajadores y trabajadoras de la cultura. En este sentido, Eduardo Rodr\u00edguez manifest\u00f3 que el Gobierno Municipal \u201cno supo,<br \/>\nno quiso o no le interes\u00f3 realizar una gesti\u00f3n cultural m\u00e1s all\u00e1 de la imposibilidad en gran parte del a\u00f1o de las actividades presenciales y de<br \/>\nexplorar las nuevas formas a las que oblig\u00f3 la pandemia como los encuentros, espect\u00e1culos y propuestas virtuales v\u00eda streaming\u201d.<\/p>\n<p>A su vez, el concejal dio lugar en su exposici\u00f3n para recordar los reclamos que viene realizando su espacio desde a\u00f1os anteriores en cuanto a un \u201capoyo econ\u00f3mico y de fomento para el funcionamiento de los Espacios Culturales No Estatales de Olavarr\u00eda con total independencia de sus producciones art\u00edstico-culturales\u201d. Adem\u00e1s, destac\u00f3 el aporte del Gobierno de la Provincia de Buenos Aires el cual auxili\u00f3 con un fondo espec\u00edfico al sector Cultural y Tur\u00edstico, dos ramas que sufrieron fuertes da\u00f1os por el contexto.<\/p>\n<p>&#8220;Est\u00e1 claro que cultura fue una de las \u00e1reas que sufri\u00f3 por parte del Municipio un fenomenal ajuste el 2020&#8221;, &#8220;este fondo se canaliz\u00f3 a trav\u00e9s del Municipio con un monto de $3.640.470 para lo cual el Municipio abri\u00f3 un registro y distribuy\u00f3 el Fondo enviado por la Gobernaci\u00f3n\u201d sostuvo el concejal del Foro Olavarr\u00eda, sumando que \u201cnunca hemos tenido la informaci\u00f3n sobre c\u00f3mo se realiz\u00f3 la inscripci\u00f3n, los criterios y la distribuci\u00f3n efectiva del Fondo entre los espacios de Cultura y Turismo\u201d. \u201cEste Concejo aprob\u00f3 el Pedido de Informes N31\/20 el 8 de octubre del a\u00f1o pasado y a\u00fan no hemos tenido respuesta.<\/p>\n<p>Queremos tener la informaci\u00f3n, esperemos que esa premisa se haya cumplido y que no se hayan quedado parte de esos fondos en los Espacios Municipales\u201d sentenci\u00f3.<\/p>\n<p>De esta manera, el concejal y referente del Foro Olavarr\u00eda apunt\u00f3 contra el ajuste que sufri\u00f3 el \u00e1rea de Cultura por parte del Gobierno Municipal,<br \/>\nreflejado en la Rendici\u00f3n de Cuentas correspondiente al a\u00f1o 2020, la cual fue tratada este lunes en el Honorable Concejo Deliberante.<\/p>\n<p>Respecto a los elencos de M\u00fasica y Danza, Rodr\u00edguez inform\u00f3 que el Municipio ten\u00eda presupuestado $22.389.200 y solo invirti\u00f3 $ 12.182.676 En<br \/>\neste items, se encuentran b\u00e1sicamente los sueldos de los m\u00fasicos y bailarines de los elencos Municipales estables. Es evidente que el ajuste realizado aqu\u00ed est\u00e1 vinculado a la no contrataci\u00f3n de los m\u00fasicos de la Orquesta Sinf\u00f3nica Municipal que no residen en Olavarr\u00eda. &#8220;Una decisi\u00f3n que<br \/>\nno compartimos puesto que son trabajadores de la cultura m\u00e1s all\u00e1 del lugar de su residencia&#8221; dijo el Concejal.<\/p>\n<p>Finalmente, Eduardo Rodr\u00edguez comparti\u00f3 \u201cpara nuestra visi\u00f3n, que est\u00e1 claro no es la visi\u00f3n del Intendente actual, la cultura crea identidad,<br \/>\ngenera inclusi\u00f3n, aglutina diversidad, genera especificidades locales, promueve participaci\u00f3n. Cultura es un eje transversal de desarrollo. Y est\u00e1 protagonizada por todos y tambi\u00e9n por los trabajadores de la Cultura, al tiempo que el sector de las artes y la cultura tambi\u00e9n es un sector<br \/>\necon\u00f3mico que como todos los sectores de la econom\u00eda han sufrido la paralizaci\u00f3n de sus actividades\u201d.<\/p>\n<p>Los interesados en conocer mayor informaci\u00f3n, datos num\u00e9ricos y comparados de la Rendici\u00f3n, pueden ingresar a https:\/\/foroolavarria.org\/archivos\/56307<\/p>\n","protected":false},"excerpt":{"rendered":"<p>\u201cEst\u00e1 claro que Cultura fue una de las \u00e1reas que sufri\u00f3 por parte del Municipio&#8230;<\/p>\n","protected":false},"author":1,"featured_media":144193,"comment_status":"closed","ping_status":"closed","sticky":false,"template":"","format":"standard","meta":{"content-type":""},"categories":[27,64],"tags":[],"nelio_content":{"isAutoShareEnabled":false,"autoShareEndMode":"default","automationSources":{"useContentSentences":true,"useSocialTemplates":true,"useCustomSentences":false,"customSentences":[]},"followers":[1],"suggestedReferences":[],"includedReferences":[],"efiUrl":"","efiAlt":"","highlights":[]},"yoast_head":"<!-- This site is optimized with the Yoast SEO plugin v20.7 - https:\/\/yoast.com\/wordpress\/plugins\/seo\/ -->\n<title>&quot;Est\u00e1 claro que cultura fue una de las \u00e1reas que sufri\u00f3 ajuste&quot;<\/title>\n<meta name=\"description\" content=\"\u201cEst\u00e1 claro que Cultura fue una de las \u00e1reas que sufri\u00f3 por parte del Municipio un fenomenal ajuste durante el 2020\u201d,\u00a0 as\u00ed lo se\u00f1al\u00f3\" \/>\n<meta name=\"robots\" content=\"index, follow, max-snippet:-1, max-image-preview:large, max-video-preview:-1\" \/>\n<link rel=\"canonical\" href=\"https:\/\/experienciadevida.com.ar\/portalurbano\/esta-claro-que-cultura-fue-una-de-las-areas-que-sufrio-por-parte-del-municipio-un-fenomenal-ajuste-durante-el-2020\/\" \/>\n<meta property=\"og:locale\" content=\"es_ES\" \/>\n<meta property=\"og:type\" content=\"article\" \/>\n<meta property=\"og:title\" content=\"&quot;Est\u00e1 claro que cultura fue una de las \u00e1reas que sufri\u00f3 ajuste&quot;\" \/>\n<meta property=\"og:description\" content=\"\u201cEst\u00e1 claro que Cultura fue una de las \u00e1reas que sufri\u00f3 por parte del Municipio un fenomenal ajuste durante el 2020\u201d,\u00a0 as\u00ed lo se\u00f1al\u00f3\" \/>\n<meta property=\"og:url\" content=\"https:\/\/experienciadevida.com.ar\/portalurbano\/esta-claro-que-cultura-fue-una-de-las-areas-que-sufrio-por-parte-del-municipio-un-fenomenal-ajuste-durante-el-2020\/\" \/>\n<meta property=\"article:publisher\" content=\"https:\/\/www.facebook.com\/Portal-Urbano-171542830093757\/\" \/>\n<meta property=\"article:published_time\" content=\"2021-06-01T22:02:31+00:00\" \/>\n<meta property=\"article:modified_time\" content=\"2021-06-01T22:05:10+00:00\" \/>\n<meta property=\"og:image\" content=\"https:\/\/experienciadevida.com.ar\/portalurbano\/wp-content\/uploads\/2021\/06\/Esta-claro-que-Cultura-fue.jpg\" \/>\n\t<meta property=\"og:image:width\" content=\"600\" \/>\n\t<meta property=\"og:image:height\" content=\"290\" \/>\n\t<meta property=\"og:image:type\" content=\"image\/jpeg\" \/>\n<meta name=\"author\" content=\"admpu17wp\" \/>\n<meta name=\"twitter:card\" content=\"summary_large_image\" \/>\n<meta name=\"twitter:creator\" content=\"@portalurbanook\" \/>\n<meta name=\"twitter:site\" content=\"@portalurbanook\" \/>\n<meta name=\"twitter:label1\" content=\"Escrito por\" \/>\n\t<meta name=\"twitter:data1\" content=\"admpu17wp\" \/>\n\t<meta name=\"twitter:label2\" content=\"Tiempo de lectura\" \/>\n\t<meta name=\"twitter:data2\" content=\"4 minutos\" \/>\n<script type=\"application\/ld+json\" class=\"yoast-schema-graph\">{\"@context\":\"https:\/\/schema.org\",\"@graph\":[{\"@type\":\"Article\",\"@id\":\"https:\/\/experienciadevida.com.ar\/portalurbano\/esta-claro-que-cultura-fue-una-de-las-areas-que-sufrio-por-parte-del-municipio-un-fenomenal-ajuste-durante-el-2020\/#article\",\"isPartOf\":{\"@id\":\"https:\/\/experienciadevida.com.ar\/portalurbano\/esta-claro-que-cultura-fue-una-de-las-areas-que-sufrio-por-parte-del-municipio-un-fenomenal-ajuste-durante-el-2020\/\"},\"author\":{\"name\":\"admpu17wp\",\"@id\":\"https:\/\/experienciadevida.com.ar\/portalurbano\/#\/schema\/person\/02dd326b1c4b056e9cc972486934a3a7\"},\"headline\":\"\u201cEst\u00e1 claro que Cultura fue una de las \u00e1reas que sufri\u00f3 por parte del Municipio un fenomenal ajuste durante el 2020\u201d\",\"datePublished\":\"2021-06-01T22:02:31+00:00\",\"dateModified\":\"2021-06-01T22:05:10+00:00\",\"mainEntityOfPage\":{\"@id\":\"https:\/\/experienciadevida.com.ar\/portalurbano\/esta-claro-que-cultura-fue-una-de-las-areas-que-sufrio-por-parte-del-municipio-un-fenomenal-ajuste-durante-el-2020\/\"},\"wordCount\":888,\"publisher\":{\"@id\":\"https:\/\/experienciadevida.com.ar\/portalurbano\/#organization\"},\"articleSection\":[\"Ciudad\",\"Destacadas 2\"],\"inLanguage\":\"es\"},{\"@type\":\"WebPage\",\"@id\":\"https:\/\/experienciadevida.com.ar\/portalurbano\/esta-claro-que-cultura-fue-una-de-las-areas-que-sufrio-por-parte-del-municipio-un-fenomenal-ajuste-durante-el-2020\/\",\"url\":\"https:\/\/experienciadevida.com.ar\/portalurbano\/esta-claro-que-cultura-fue-una-de-las-areas-que-sufrio-por-parte-del-municipio-un-fenomenal-ajuste-durante-el-2020\/\",\"name\":\"\\\"Est\u00e1 claro que cultura fue una de las \u00e1reas que sufri\u00f3 ajuste\\\"\",\"isPartOf\":{\"@id\":\"https:\/\/experienciadevida.com.ar\/portalurbano\/#website\"},\"datePublished\":\"2021-06-01T22:02:31+00:00\",\"dateModified\":\"2021-06-01T22:05:10+00:00\",\"description\":\"\u201cEst\u00e1 claro que Cultura fue una de las \u00e1reas que sufri\u00f3 por parte del Municipio un fenomenal ajuste durante el 2020\u201d,\u00a0 as\u00ed lo se\u00f1al\u00f3\",\"breadcrumb\":{\"@id\":\"https:\/\/experienciadevida.com.ar\/portalurbano\/esta-claro-que-cultura-fue-una-de-las-areas-que-sufrio-por-parte-del-municipio-un-fenomenal-ajuste-durante-el-2020\/#breadcrumb\"},\"inLanguage\":\"es\",\"potentialAction\":[{\"@type\":\"ReadAction\",\"target\":[\"https:\/\/experienciadevida.com.ar\/portalurbano\/esta-claro-que-cultura-fue-una-de-las-areas-que-sufrio-por-parte-del-municipio-un-fenomenal-ajuste-durante-el-2020\/\"]}]},{\"@type\":\"BreadcrumbList\",\"@id\":\"https:\/\/experienciadevida.com.ar\/portalurbano\/esta-claro-que-cultura-fue-una-de-las-areas-que-sufrio-por-parte-del-municipio-un-fenomenal-ajuste-durante-el-2020\/#breadcrumb\",\"itemListElement\":[{\"@type\":\"ListItem\",\"position\":1,\"name\":\"Portada\",\"item\":\"https:\/\/experienciadevida.com.ar\/portalurbano\/\"},{\"@type\":\"ListItem\",\"position\":2,\"name\":\"\u201cEst\u00e1 claro que Cultura fue una de las \u00e1reas que sufri\u00f3 por parte del Municipio un fenomenal ajuste durante el 2020\u201d\"}]},{\"@type\":\"WebSite\",\"@id\":\"https:\/\/experienciadevida.com.ar\/portalurbano\/#website\",\"url\":\"https:\/\/experienciadevida.com.ar\/portalurbano\/\",\"name\":\"\",\"description\":\"\",\"publisher\":{\"@id\":\"https:\/\/experienciadevida.com.ar\/portalurbano\/#organization\"},\"potentialAction\":[{\"@type\":\"SearchAction\",\"target\":{\"@type\":\"EntryPoint\",\"urlTemplate\":\"https:\/\/experienciadevida.com.ar\/portalurbano\/?s={search_term_string}\"},\"query-input\":\"required name=search_term_string\"}],\"inLanguage\":\"es\"},{\"@type\":\"Organization\",\"@id\":\"https:\/\/experienciadevida.com.ar\/portalurbano\/#organization\",\"name\":\"Portal Urbano\",\"url\":\"https:\/\/experienciadevida.com.ar\/portalurbano\/\",\"logo\":{\"@type\":\"ImageObject\",\"inLanguage\":\"es\",\"@id\":\"https:\/\/experienciadevida.com.ar\/portalurbano\/#\/schema\/logo\/image\/\",\"url\":\"https:\/\/experienciadevida.com.ar\/portalurbano\/wp-content\/uploads\/2019\/09\/Logo-Original.png\",\"contentUrl\":\"https:\/\/experienciadevida.com.ar\/portalurbano\/wp-content\/uploads\/2019\/09\/Logo-Original.png\",\"width\":2236,\"height\":1216,\"caption\":\"Portal Urbano\"},\"image\":{\"@id\":\"https:\/\/experienciadevida.com.ar\/portalurbano\/#\/schema\/logo\/image\/\"},\"sameAs\":[\"https:\/\/www.facebook.com\/Portal-Urbano-171542830093757\/\",\"https:\/\/twitter.com\/portalurbanook\",\"https:\/\/www.instagram.com\/_portalurbano\/\",\"https:\/\/www.youtube.com\/channel\/UCXhagIfszH8KxFiOok79zbA?view_as=subscriber\"]},{\"@type\":\"Person\",\"@id\":\"https:\/\/experienciadevida.com.ar\/portalurbano\/#\/schema\/person\/02dd326b1c4b056e9cc972486934a3a7\",\"name\":\"admpu17wp\",\"image\":{\"@type\":\"ImageObject\",\"inLanguage\":\"es\",\"@id\":\"https:\/\/experienciadevida.com.ar\/portalurbano\/#\/schema\/person\/image\/\",\"url\":\"https:\/\/secure.gravatar.com\/avatar\/830d4c57adaae6630765e449a6908047?s=96&d=mm&r=g\",\"contentUrl\":\"https:\/\/secure.gravatar.com\/avatar\/830d4c57adaae6630765e449a6908047?s=96&d=mm&r=g\",\"caption\":\"admpu17wp\"}}]}<\/script>\n<!-- \/ Yoast SEO plugin. -->","yoast_head_json":{"title":"\"Est\u00e1 claro que cultura fue una de las \u00e1reas que sufri\u00f3 ajuste\"","description":"\u201cEst\u00e1 claro que Cultura fue una de las \u00e1reas que sufri\u00f3 por parte del Municipio un fenomenal ajuste durante el 2020\u201d,\u00a0 as\u00ed lo se\u00f1al\u00f3","robots":{"index":"index","follow":"follow","max-snippet":"max-snippet:-1","max-image-preview":"max-image-preview:large","max-video-preview":"max-video-preview:-1"},"canonical":"https:\/\/experienciadevida.com.ar\/portalurbano\/esta-claro-que-cultura-fue-una-de-las-areas-que-sufrio-por-parte-del-municipio-un-fenomenal-ajuste-durante-el-2020\/","og_locale":"es_ES","og_type":"article","og_title":"\"Est\u00e1 claro que cultura fue una de las \u00e1reas que sufri\u00f3 ajuste\"","og_description":"\u201cEst\u00e1 claro que Cultura fue una de las \u00e1reas que sufri\u00f3 por parte del Municipio un fenomenal ajuste durante el 2020\u201d,\u00a0 as\u00ed lo se\u00f1al\u00f3","og_url":"https:\/\/experienciadevida.com.ar\/portalurbano\/esta-claro-que-cultura-fue-una-de-las-areas-que-sufrio-por-parte-del-municipio-un-fenomenal-ajuste-durante-el-2020\/","article_publisher":"https:\/\/www.facebook.com\/Portal-Urbano-171542830093757\/","article_published_time":"2021-06-01T22:02:31+00:00","article_modified_time":"2021-06-01T22:05:10+00:00","og_image":[{"width":600,"height":290,"url":"https:\/\/experienciadevida.com.ar\/portalurbano\/wp-content\/uploads\/2021\/06\/Esta-claro-que-Cultura-fue.jpg","type":"image\/jpeg"}],"author":"admpu17wp","twitter_card":"summary_large_image","twitter_creator":"@portalurbanook","twitter_site":"@portalurbanook","twitter_misc":{"Escrito por":"admpu17wp","Tiempo de lectura":"4 minutos"},"schema":{"@context":"https:\/\/schema.org","@graph":[{"@type":"Article","@id":"https:\/\/experienciadevida.com.ar\/portalurbano\/esta-claro-que-cultura-fue-una-de-las-areas-que-sufrio-por-parte-del-municipio-un-fenomenal-ajuste-durante-el-2020\/#article","isPartOf":{"@id":"https:\/\/experienciadevida.com.ar\/portalurbano\/esta-claro-que-cultura-fue-una-de-las-areas-que-sufrio-por-parte-del-municipio-un-fenomenal-ajuste-durante-el-2020\/"},"author":{"name":"admpu17wp","@id":"https:\/\/experienciadevida.com.ar\/portalurbano\/#\/schema\/person\/02dd326b1c4b056e9cc972486934a3a7"},"headline":"\u201cEst\u00e1 claro que Cultura fue una de las \u00e1reas que sufri\u00f3 por parte del Municipio un fenomenal ajuste durante el 2020\u201d","datePublished":"2021-06-01T22:02:31+00:00","dateModified":"2021-06-01T22:05:10+00:00","mainEntityOfPage":{"@id":"https:\/\/experienciadevida.com.ar\/portalurbano\/esta-claro-que-cultura-fue-una-de-las-areas-que-sufrio-por-parte-del-municipio-un-fenomenal-ajuste-durante-el-2020\/"},"wordCount":888,"publisher":{"@id":"https:\/\/experienciadevida.com.ar\/portalurbano\/#organization"},"articleSection":["Ciudad","Destacadas 2"],"inLanguage":"es"},{"@type":"WebPage","@id":"https:\/\/experienciadevida.com.ar\/portalurbano\/esta-claro-que-cultura-fue-una-de-las-areas-que-sufrio-por-parte-del-municipio-un-fenomenal-ajuste-durante-el-2020\/","url":"https:\/\/experienciadevida.com.ar\/portalurbano\/esta-claro-que-cultura-fue-una-de-las-areas-que-sufrio-por-parte-del-municipio-un-fenomenal-ajuste-durante-el-2020\/","name":"\"Est\u00e1 claro que cultura fue una de las \u00e1reas que sufri\u00f3 ajuste\"","isPartOf":{"@id":"https:\/\/experienciadevida.com.ar\/portalurbano\/#website"},"datePublished":"2021-06-01T22:02:31+00:00","dateModified":"2021-06-01T22:05:10+00:00","description":"\u201cEst\u00e1 claro que Cultura fue una de las \u00e1reas que sufri\u00f3 por parte del Municipio un fenomenal ajuste durante el 2020\u201d,\u00a0 as\u00ed lo se\u00f1al\u00f3","breadcrumb":{"@id":"https:\/\/experienciadevida.com.ar\/portalurbano\/esta-claro-que-cultura-fue-una-de-las-areas-que-sufrio-por-parte-del-municipio-un-fenomenal-ajuste-durante-el-2020\/#breadcrumb"},"inLanguage":"es","potentialAction":[{"@type":"ReadAction","target":["https:\/\/experienciadevida.com.ar\/portalurbano\/esta-claro-que-cultura-fue-una-de-las-areas-que-sufrio-por-parte-del-municipio-un-fenomenal-ajuste-durante-el-2020\/"]}]},{"@type":"BreadcrumbList","@id":"https:\/\/experienciadevida.com.ar\/portalurbano\/esta-claro-que-cultura-fue-una-de-las-areas-que-sufrio-por-parte-del-municipio-un-fenomenal-ajuste-durante-el-2020\/#breadcrumb","itemListElement":[{"@type":"ListItem","position":1,"name":"Portada","item":"https:\/\/experienciadevida.com.ar\/portalurbano\/"},{"@type":"ListItem","position":2,"name":"\u201cEst\u00e1 claro que Cultura fue una de las \u00e1reas que sufri\u00f3 por parte del Municipio un fenomenal ajuste durante el 2020\u201d"}]},{"@type":"WebSite","@id":"https:\/\/experienciadevida.com.ar\/portalurbano\/#website","url":"https:\/\/experienciadevida.com.ar\/portalurbano\/","name":"","description":"","publisher":{"@id":"https:\/\/experienciadevida.com.ar\/portalurbano\/#organization"},"potentialAction":[{"@type":"SearchAction","target":{"@type":"EntryPoint","urlTemplate":"https:\/\/experienciadevida.com.ar\/portalurbano\/?s={search_term_string}"},"query-input":"required name=search_term_string"}],"inLanguage":"es"},{"@type":"Organization","@id":"https:\/\/experienciadevida.com.ar\/portalurbano\/#organization","name":"Portal Urbano","url":"https:\/\/experienciadevida.com.ar\/portalurbano\/","logo":{"@type":"ImageObject","inLanguage":"es","@id":"https:\/\/experienciadevida.com.ar\/portalurbano\/#\/schema\/logo\/image\/","url":"https:\/\/experienciadevida.com.ar\/portalurbano\/wp-content\/uploads\/2019\/09\/Logo-Original.png","contentUrl":"https:\/\/experienciadevida.com.ar\/portalurbano\/wp-content\/uploads\/2019\/09\/Logo-Original.png","width":2236,"height":1216,"caption":"Portal Urbano"},"image":{"@id":"https:\/\/experienciadevida.com.ar\/portalurbano\/#\/schema\/logo\/image\/"},"sameAs":["https:\/\/www.facebook.com\/Portal-Urbano-171542830093757\/","https:\/\/twitter.com\/portalurbanook","https:\/\/www.instagram.com\/_portalurbano\/","https:\/\/www.youtube.com\/channel\/UCXhagIfszH8KxFiOok79zbA?view_as=subscriber"]},{"@type":"Person","@id":"https:\/\/experienciadevida.com.ar\/portalurbano\/#\/schema\/person\/02dd326b1c4b056e9cc972486934a3a7","name":"admpu17wp","image":{"@type":"ImageObject","inLanguage":"es","@id":"https:\/\/experienciadevida.com.ar\/portalurbano\/#\/schema\/person\/image\/","url":"https:\/\/secure.gravatar.com\/avatar\/830d4c57adaae6630765e449a6908047?s=96&d=mm&r=g","contentUrl":"https:\/\/secure.gravatar.com\/avatar\/830d4c57adaae6630765e449a6908047?s=96&d=mm&r=g","caption":"admpu17wp"}}]}},"featured_image_urls":{"full":["https:\/\/experienciadevida.com.ar\/portalurbano\/wp-content\/uploads\/2021\/06\/Esta-claro-que-Cultura-fue.jpg",600,290,false],"thumbnail":["https:\/\/experienciadevida.com.ar\/portalurbano\/wp-content\/uploads\/2021\/06\/Esta-claro-que-Cultura-fue-150x150.jpg",150,150,true],"medium":["https:\/\/experienciadevida.com.ar\/portalurbano\/wp-content\/uploads\/2021\/06\/Esta-claro-que-Cultura-fue-300x145.jpg",300,145,true],"medium_large":["https:\/\/experienciadevida.com.ar\/portalurbano\/wp-content\/uploads\/2021\/06\/Esta-claro-que-Cultura-fue.jpg",600,290,false],"large":["https:\/\/experienciadevida.com.ar\/portalurbano\/wp-content\/uploads\/2021\/06\/Esta-claro-que-Cultura-fue.jpg",600,290,false],"ug_big":["https:\/\/experienciadevida.com.ar\/portalurbano\/wp-content\/uploads\/2021\/06\/Esta-claro-que-Cultura-fue.jpg",600,290,false],"1536x1536":["https:\/\/experienciadevida.com.ar\/portalurbano\/wp-content\/uploads\/2021\/06\/Esta-claro-que-Cultura-fue.jpg",600,290,false],"2048x2048":["https:\/\/experienciadevida.com.ar\/portalurbano\/wp-content\/uploads\/2021\/06\/Esta-claro-que-Cultura-fue.jpg",600,290,false],"newsever-slider-full":["https:\/\/experienciadevida.com.ar\/portalurbano\/wp-content\/uploads\/2021\/06\/Esta-claro-que-Cultura-fue.jpg",600,290,false],"newsever-featured":["https:\/\/experienciadevida.com.ar\/portalurbano\/wp-content\/uploads\/2021\/06\/Esta-claro-que-Cultura-fue.jpg",600,290,false],"newsever-medium":["https:\/\/experienciadevida.com.ar\/portalurbano\/wp-content\/uploads\/2021\/06\/Esta-claro-que-Cultura-fue.jpg",600,290,false],"web-stories-poster-portrait":["https:\/\/experienciadevida.com.ar\/portalurbano\/wp-content\/uploads\/2021\/06\/Esta-claro-que-Cultura-fue.jpg",600,290,false],"web-stories-publisher-logo":["https:\/\/experienciadevida.com.ar\/portalurbano\/wp-content\/uploads\/2021\/06\/Esta-claro-que-Cultura-fue.jpg",96,46,false],"web-stories-thumbnail":["https:\/\/experienciadevida.com.ar\/portalurbano\/wp-content\/uploads\/2021\/06\/Esta-claro-que-Cultura-fue.jpg",150,73,false]},"author_info":{"display_name":"admpu17wp","author_link":"https:\/\/experienciadevida.com.ar\/portalurbano\/author\/admpu17wp\/"},"category_info":"<a href=\"https:\/\/experienciadevida.com.ar\/portalurbano\/category\/ciudad\/\" rel=\"category tag\">Ciudad<\/a> <a href=\"https:\/\/experienciadevida.com.ar\/portalurbano\/category\/destacadas-2\/\" rel=\"category tag\">Destacadas 2<\/a>","tag_info":"Destacadas 2","comment_count":"0","amp_enabled":true,"_links":{"self":[{"href":"https:\/\/experienciadevida.com.ar\/portalurbano\/wp-json\/wp\/v2\/posts\/144192"}],"collection":[{"href":"https:\/\/experienciadevida.com.ar\/portalurbano\/wp-json\/wp\/v2\/posts"}],"about":[{"href":"https:\/\/experienciadevida.com.ar\/portalurbano\/wp-json\/wp\/v2\/types\/post"}],"author":[{"embeddable":true,"href":"https:\/\/experienciadevida.com.ar\/portalurbano\/wp-json\/wp\/v2\/users\/1"}],"replies":[{"embeddable":true,"href":"https:\/\/experienciadevida.com.ar\/portalurbano\/wp-json\/wp\/v2\/comments?post=144192"}],"version-history":[{"count":2,"href":"https:\/\/experienciadevida.com.ar\/portalurbano\/wp-json\/wp\/v2\/posts\/144192\/revisions"}],"predecessor-version":[{"id":144195,"href":"https:\/\/experienciadevida.com.ar\/portalurbano\/wp-json\/wp\/v2\/posts\/144192\/revisions\/144195"}],"wp:featuredmedia":[{"embeddable":true,"href":"https:\/\/experienciadevida.com.ar\/portalurbano\/wp-json\/wp\/v2\/media\/144193"}],"wp:attachment":[{"href":"https:\/\/experienciadevida.com.ar\/portalurbano\/wp-json\/wp\/v2\/media?parent=144192"}],"wp:term":[{"taxonomy":"category","embeddable":true,"href":"https:\/\/experienciadevida.com.ar\/portalurbano\/wp-json\/wp\/v2\/categories?post=144192"},{"taxonomy":"post_tag","embeddable":true,"href":"https:\/\/experienciadevida.com.ar\/portalurbano\/wp-json\/wp\/v2\/tags?post=144192"}],"curies":[{"name":"wp","href":"https:\/\/api.w.org\/{rel}","templated":true}]}}