{"id":144159,"date":"2021-06-01T11:23:49","date_gmt":"2021-06-01T14:23:49","guid":{"rendered":"https:\/\/experienciadevida.com.ar\/portalurbano\/?p=144159"},"modified":"2021-06-01T11:25:21","modified_gmt":"2021-06-01T14:25:21","slug":"se-habilitara-el-registro-de-demanda-habitacional-actualizacion-de-datos-e-inscripcion","status":"publish","type":"post","link":"https:\/\/experienciadevida.com.ar\/portalurbano\/se-habilitara-el-registro-de-demanda-habitacional-actualizacion-de-datos-e-inscripcion\/","title":{"rendered":"Se habilitar\u00e1 el registro de demanda habitacional: actualizaci\u00f3n de datos e inscripci\u00f3n"},"content":{"rendered":"<p>Se habilitar\u00e1 el registro de demanda habitacional: actualizaci\u00f3n de datos e inscripci\u00f3n, la inscripci\u00f3n para el nuevo Plan de Viviendas TUVI anunciado por el intendente Ezequiel Galli.<\/p>\n<p>Para ello, se recuerda a la comunidad que est\u00e1 disponible en https:\/\/gobiernoabierto.olavarria.gov.ar\/rdh\/ la plataforma en la que cada vecino\/a podr\u00e1 generarse un usuario personal y cargar su demanda habitacional.<\/p>\n<p>\u201cEs importante que aquellos vecinos que ya se inscribieron, ingresen al Registro para actualizar los datos, como tambi\u00e9n que quienes no est\u00e9n inscriptos lo hagan. Pr\u00f3ximamente abriremos la inscripci\u00f3n para las viviendas y tenerlos completos agiliza el proceso. El Registro de Demanda Habitacional es una herramienta que nos permite tener informaci\u00f3n permanente en relaci\u00f3n a las necesidades habitacionales\u201d, sostuvo el secretario de Gobierno Hilario Galli.<\/p>\n<p>Se habilitar\u00e1 el registro de demanda habitacional, dentro de algunos de los requisitos para acceder a las viviendas TUVI, los interesados deber\u00e1n presentar libre deuda municipal y tendr\u00e1n que estar inscriptos en tal Registro, por lo que se recomienda que actualicen sus datos en el mismo o se inscriban y que tambi\u00e9n regularicen su situaci\u00f3n impositiva en relaci\u00f3n a las arcas municipales.<\/p>\n<p>Otros de los requisitos para inscribirse son: no poseer vivienda ni terreno, ser residente de la ciudad, conformar un grupo familiar y demostrar capacidad de pago, entre otros.<\/p>\n<p>Por consultas, comunicarse al correo rdh@olavarria.gov.ar, al tel\u00e9fono 02284 \u2013 440442 (Int: 1903\/1750\/1753) o dirigirse a la Direcci\u00f3n de Casa de Tierras y Regularizaci\u00f3n Dominial en Rivadavia 2861, de lunes a viernes de 7:30 a 13 horas.<\/p>\n","protected":false},"excerpt":{"rendered":"<p>Se habilitar\u00e1 el registro de demanda habitacional: actualizaci\u00f3n de datos e inscripci\u00f3n, la inscripci\u00f3n para&#8230;<\/p>\n","protected":false},"author":1,"featured_media":144160,"comment_status":"closed","ping_status":"closed","sticky":false,"template":"","format":"standard","meta":{"content-type":""},"categories":[27,64],"tags":[],"nelio_content":{"isAutoShareEnabled":false,"autoShareEndMode":"default","automationSources":{"useContentSentences":true,"useSocialTemplates":true,"useCustomSentences":false,"customSentences":[]},"followers":[1],"suggestedReferences":[],"includedReferences":[],"efiUrl":"","efiAlt":"","highlights":[]},"yoast_head":"<!-- This site is optimized with the Yoast SEO plugin v20.7 - https:\/\/yoast.com\/wordpress\/plugins\/seo\/ -->\n<title>Se habilitar\u00e1 el registro de demanda habitacional: actualizaci\u00f3n de datos<\/title>\n<meta name=\"description\" content=\"Se habilitar\u00e1 el registro de demanda habitacional: actualizaci\u00f3n de datos e inscripci\u00f3n, la inscripci\u00f3n para el nuevo Plan de Viviendas TUVI\" \/>\n<meta name=\"robots\" content=\"index, follow, max-snippet:-1, max-image-preview:large, max-video-preview:-1\" \/>\n<link rel=\"canonical\" href=\"https:\/\/experienciadevida.com.ar\/portalurbano\/se-habilitara-el-registro-de-demanda-habitacional-actualizacion-de-datos-e-inscripcion\/\" \/>\n<meta property=\"og:locale\" content=\"es_ES\" \/>\n<meta property=\"og:type\" content=\"article\" \/>\n<meta property=\"og:title\" content=\"Se habilitar\u00e1 el registro de demanda habitacional: actualizaci\u00f3n de datos\" \/>\n<meta property=\"og:description\" content=\"Se habilitar\u00e1 el registro de demanda habitacional: actualizaci\u00f3n de datos e inscripci\u00f3n, la inscripci\u00f3n para el nuevo Plan de Viviendas TUVI\" \/>\n<meta property=\"og:url\" content=\"https:\/\/experienciadevida.com.ar\/portalurbano\/se-habilitara-el-registro-de-demanda-habitacional-actualizacion-de-datos-e-inscripcion\/\" \/>\n<meta property=\"article:publisher\" content=\"https:\/\/www.facebook.com\/Portal-Urbano-171542830093757\/\" \/>\n<meta property=\"article:published_time\" content=\"2021-06-01T14:23:49+00:00\" \/>\n<meta property=\"article:modified_time\" content=\"2021-06-01T14:25:21+00:00\" \/>\n<meta property=\"og:image\" content=\"https:\/\/experienciadevida.com.ar\/portalurbano\/wp-content\/uploads\/2021\/06\/Se-habilitara-el-registro-de.jpg\" \/>\n\t<meta property=\"og:image:width\" content=\"1024\" \/>\n\t<meta property=\"og:image:height\" content=\"685\" \/>\n\t<meta property=\"og:image:type\" content=\"image\/jpeg\" \/>\n<meta name=\"author\" content=\"admpu17wp\" \/>\n<meta name=\"twitter:card\" content=\"summary_large_image\" \/>\n<meta name=\"twitter:creator\" content=\"@portalurbanook\" \/>\n<meta name=\"twitter:site\" content=\"@portalurbanook\" \/>\n<meta name=\"twitter:label1\" content=\"Escrito por\" \/>\n\t<meta name=\"twitter:data1\" content=\"admpu17wp\" \/>\n\t<meta name=\"twitter:label2\" content=\"Tiempo de lectura\" \/>\n\t<meta name=\"twitter:data2\" content=\"2 minutos\" \/>\n<script type=\"application\/ld+json\" class=\"yoast-schema-graph\">{\"@context\":\"https:\/\/schema.org\",\"@graph\":[{\"@type\":\"Article\",\"@id\":\"https:\/\/experienciadevida.com.ar\/portalurbano\/se-habilitara-el-registro-de-demanda-habitacional-actualizacion-de-datos-e-inscripcion\/#article\",\"isPartOf\":{\"@id\":\"https:\/\/experienciadevida.com.ar\/portalurbano\/se-habilitara-el-registro-de-demanda-habitacional-actualizacion-de-datos-e-inscripcion\/\"},\"author\":{\"name\":\"admpu17wp\",\"@id\":\"https:\/\/experienciadevida.com.ar\/portalurbano\/#\/schema\/person\/02dd326b1c4b056e9cc972486934a3a7\"},\"headline\":\"Se habilitar\u00e1 el registro de demanda habitacional: actualizaci\u00f3n de datos e inscripci\u00f3n\",\"datePublished\":\"2021-06-01T14:23:49+00:00\",\"dateModified\":\"2021-06-01T14:25:21+00:00\",\"mainEntityOfPage\":{\"@id\":\"https:\/\/experienciadevida.com.ar\/portalurbano\/se-habilitara-el-registro-de-demanda-habitacional-actualizacion-de-datos-e-inscripcion\/\"},\"wordCount\":281,\"publisher\":{\"@id\":\"https:\/\/experienciadevida.com.ar\/portalurbano\/#organization\"},\"articleSection\":[\"Ciudad\",\"Destacadas 2\"],\"inLanguage\":\"es\"},{\"@type\":\"WebPage\",\"@id\":\"https:\/\/experienciadevida.com.ar\/portalurbano\/se-habilitara-el-registro-de-demanda-habitacional-actualizacion-de-datos-e-inscripcion\/\",\"url\":\"https:\/\/experienciadevida.com.ar\/portalurbano\/se-habilitara-el-registro-de-demanda-habitacional-actualizacion-de-datos-e-inscripcion\/\",\"name\":\"Se habilitar\u00e1 el registro de demanda habitacional: actualizaci\u00f3n de datos\",\"isPartOf\":{\"@id\":\"https:\/\/experienciadevida.com.ar\/portalurbano\/#website\"},\"datePublished\":\"2021-06-01T14:23:49+00:00\",\"dateModified\":\"2021-06-01T14:25:21+00:00\",\"description\":\"Se habilitar\u00e1 el registro de demanda habitacional: actualizaci\u00f3n de datos e inscripci\u00f3n, la inscripci\u00f3n para el nuevo Plan de Viviendas TUVI\",\"breadcrumb\":{\"@id\":\"https:\/\/experienciadevida.com.ar\/portalurbano\/se-habilitara-el-registro-de-demanda-habitacional-actualizacion-de-datos-e-inscripcion\/#breadcrumb\"},\"inLanguage\":\"es\",\"potentialAction\":[{\"@type\":\"ReadAction\",\"target\":[\"https:\/\/experienciadevida.com.ar\/portalurbano\/se-habilitara-el-registro-de-demanda-habitacional-actualizacion-de-datos-e-inscripcion\/\"]}]},{\"@type\":\"BreadcrumbList\",\"@id\":\"https:\/\/experienciadevida.com.ar\/portalurbano\/se-habilitara-el-registro-de-demanda-habitacional-actualizacion-de-datos-e-inscripcion\/#breadcrumb\",\"itemListElement\":[{\"@type\":\"ListItem\",\"position\":1,\"name\":\"Portada\",\"item\":\"https:\/\/experienciadevida.com.ar\/portalurbano\/\"},{\"@type\":\"ListItem\",\"position\":2,\"name\":\"Se habilitar\u00e1 el registro de demanda habitacional: actualizaci\u00f3n de datos e inscripci\u00f3n\"}]},{\"@type\":\"WebSite\",\"@id\":\"https:\/\/experienciadevida.com.ar\/portalurbano\/#website\",\"url\":\"https:\/\/experienciadevida.com.ar\/portalurbano\/\",\"name\":\"\",\"description\":\"\",\"publisher\":{\"@id\":\"https:\/\/experienciadevida.com.ar\/portalurbano\/#organization\"},\"potentialAction\":[{\"@type\":\"SearchAction\",\"target\":{\"@type\":\"EntryPoint\",\"urlTemplate\":\"https:\/\/experienciadevida.com.ar\/portalurbano\/?s={search_term_string}\"},\"query-input\":\"required name=search_term_string\"}],\"inLanguage\":\"es\"},{\"@type\":\"Organization\",\"@id\":\"https:\/\/experienciadevida.com.ar\/portalurbano\/#organization\",\"name\":\"Portal Urbano\",\"url\":\"https:\/\/experienciadevida.com.ar\/portalurbano\/\",\"logo\":{\"@type\":\"ImageObject\",\"inLanguage\":\"es\",\"@id\":\"https:\/\/experienciadevida.com.ar\/portalurbano\/#\/schema\/logo\/image\/\",\"url\":\"https:\/\/experienciadevida.com.ar\/portalurbano\/wp-content\/uploads\/2019\/09\/Logo-Original.png\",\"contentUrl\":\"https:\/\/experienciadevida.com.ar\/portalurbano\/wp-content\/uploads\/2019\/09\/Logo-Original.png\",\"width\":2236,\"height\":1216,\"caption\":\"Portal Urbano\"},\"image\":{\"@id\":\"https:\/\/experienciadevida.com.ar\/portalurbano\/#\/schema\/logo\/image\/\"},\"sameAs\":[\"https:\/\/www.facebook.com\/Portal-Urbano-171542830093757\/\",\"https:\/\/twitter.com\/portalurbanook\",\"https:\/\/www.instagram.com\/_portalurbano\/\",\"https:\/\/www.youtube.com\/channel\/UCXhagIfszH8KxFiOok79zbA?view_as=subscriber\"]},{\"@type\":\"Person\",\"@id\":\"https:\/\/experienciadevida.com.ar\/portalurbano\/#\/schema\/person\/02dd326b1c4b056e9cc972486934a3a7\",\"name\":\"admpu17wp\",\"image\":{\"@type\":\"ImageObject\",\"inLanguage\":\"es\",\"@id\":\"https:\/\/experienciadevida.com.ar\/portalurbano\/#\/schema\/person\/image\/\",\"url\":\"https:\/\/secure.gravatar.com\/avatar\/830d4c57adaae6630765e449a6908047?s=96&d=mm&r=g\",\"contentUrl\":\"https:\/\/secure.gravatar.com\/avatar\/830d4c57adaae6630765e449a6908047?s=96&d=mm&r=g\",\"caption\":\"admpu17wp\"}}]}<\/script>\n<!-- \/ Yoast SEO plugin. -->","yoast_head_json":{"title":"Se habilitar\u00e1 el registro de demanda habitacional: actualizaci\u00f3n de datos","description":"Se habilitar\u00e1 el registro de demanda habitacional: actualizaci\u00f3n de datos e inscripci\u00f3n, la inscripci\u00f3n para el nuevo Plan de Viviendas TUVI","robots":{"index":"index","follow":"follow","max-snippet":"max-snippet:-1","max-image-preview":"max-image-preview:large","max-video-preview":"max-video-preview:-1"},"canonical":"https:\/\/experienciadevida.com.ar\/portalurbano\/se-habilitara-el-registro-de-demanda-habitacional-actualizacion-de-datos-e-inscripcion\/","og_locale":"es_ES","og_type":"article","og_title":"Se habilitar\u00e1 el registro de demanda habitacional: actualizaci\u00f3n de datos","og_description":"Se habilitar\u00e1 el registro de demanda habitacional: actualizaci\u00f3n de datos e inscripci\u00f3n, la inscripci\u00f3n para el nuevo Plan de Viviendas TUVI","og_url":"https:\/\/experienciadevida.com.ar\/portalurbano\/se-habilitara-el-registro-de-demanda-habitacional-actualizacion-de-datos-e-inscripcion\/","article_publisher":"https:\/\/www.facebook.com\/Portal-Urbano-171542830093757\/","article_published_time":"2021-06-01T14:23:49+00:00","article_modified_time":"2021-06-01T14:25:21+00:00","og_image":[{"width":1024,"height":685,"url":"https:\/\/experienciadevida.com.ar\/portalurbano\/wp-content\/uploads\/2021\/06\/Se-habilitara-el-registro-de.jpg","type":"image\/jpeg"}],"author":"admpu17wp","twitter_card":"summary_large_image","twitter_creator":"@portalurbanook","twitter_site":"@portalurbanook","twitter_misc":{"Escrito por":"admpu17wp","Tiempo de lectura":"2 minutos"},"schema":{"@context":"https:\/\/schema.org","@graph":[{"@type":"Article","@id":"https:\/\/experienciadevida.com.ar\/portalurbano\/se-habilitara-el-registro-de-demanda-habitacional-actualizacion-de-datos-e-inscripcion\/#article","isPartOf":{"@id":"https:\/\/experienciadevida.com.ar\/portalurbano\/se-habilitara-el-registro-de-demanda-habitacional-actualizacion-de-datos-e-inscripcion\/"},"author":{"name":"admpu17wp","@id":"https:\/\/experienciadevida.com.ar\/portalurbano\/#\/schema\/person\/02dd326b1c4b056e9cc972486934a3a7"},"headline":"Se habilitar\u00e1 el registro de demanda habitacional: actualizaci\u00f3n de datos e inscripci\u00f3n","datePublished":"2021-06-01T14:23:49+00:00","dateModified":"2021-06-01T14:25:21+00:00","mainEntityOfPage":{"@id":"https:\/\/experienciadevida.com.ar\/portalurbano\/se-habilitara-el-registro-de-demanda-habitacional-actualizacion-de-datos-e-inscripcion\/"},"wordCount":281,"publisher":{"@id":"https:\/\/experienciadevida.com.ar\/portalurbano\/#organization"},"articleSection":["Ciudad","Destacadas 2"],"inLanguage":"es"},{"@type":"WebPage","@id":"https:\/\/experienciadevida.com.ar\/portalurbano\/se-habilitara-el-registro-de-demanda-habitacional-actualizacion-de-datos-e-inscripcion\/","url":"https:\/\/experienciadevida.com.ar\/portalurbano\/se-habilitara-el-registro-de-demanda-habitacional-actualizacion-de-datos-e-inscripcion\/","name":"Se habilitar\u00e1 el registro de demanda habitacional: actualizaci\u00f3n de datos","isPartOf":{"@id":"https:\/\/experienciadevida.com.ar\/portalurbano\/#website"},"datePublished":"2021-06-01T14:23:49+00:00","dateModified":"2021-06-01T14:25:21+00:00","description":"Se habilitar\u00e1 el registro de demanda habitacional: actualizaci\u00f3n de datos e inscripci\u00f3n, la inscripci\u00f3n para el nuevo Plan de Viviendas TUVI","breadcrumb":{"@id":"https:\/\/experienciadevida.com.ar\/portalurbano\/se-habilitara-el-registro-de-demanda-habitacional-actualizacion-de-datos-e-inscripcion\/#breadcrumb"},"inLanguage":"es","potentialAction":[{"@type":"ReadAction","target":["https:\/\/experienciadevida.com.ar\/portalurbano\/se-habilitara-el-registro-de-demanda-habitacional-actualizacion-de-datos-e-inscripcion\/"]}]},{"@type":"BreadcrumbList","@id":"https:\/\/experienciadevida.com.ar\/portalurbano\/se-habilitara-el-registro-de-demanda-habitacional-actualizacion-de-datos-e-inscripcion\/#breadcrumb","itemListElement":[{"@type":"ListItem","position":1,"name":"Portada","item":"https:\/\/experienciadevida.com.ar\/portalurbano\/"},{"@type":"ListItem","position":2,"name":"Se habilitar\u00e1 el registro de demanda habitacional: actualizaci\u00f3n de datos e inscripci\u00f3n"}]},{"@type":"WebSite","@id":"https:\/\/experienciadevida.com.ar\/portalurbano\/#website","url":"https:\/\/experienciadevida.com.ar\/portalurbano\/","name":"","description":"","publisher":{"@id":"https:\/\/experienciadevida.com.ar\/portalurbano\/#organization"},"potentialAction":[{"@type":"SearchAction","target":{"@type":"EntryPoint","urlTemplate":"https:\/\/experienciadevida.com.ar\/portalurbano\/?s={search_term_string}"},"query-input":"required name=search_term_string"}],"inLanguage":"es"},{"@type":"Organization","@id":"https:\/\/experienciadevida.com.ar\/portalurbano\/#organization","name":"Portal Urbano","url":"https:\/\/experienciadevida.com.ar\/portalurbano\/","logo":{"@type":"ImageObject","inLanguage":"es","@id":"https:\/\/experienciadevida.com.ar\/portalurbano\/#\/schema\/logo\/image\/","url":"https:\/\/experienciadevida.com.ar\/portalurbano\/wp-content\/uploads\/2019\/09\/Logo-Original.png","contentUrl":"https:\/\/experienciadevida.com.ar\/portalurbano\/wp-content\/uploads\/2019\/09\/Logo-Original.png","width":2236,"height":1216,"caption":"Portal Urbano"},"image":{"@id":"https:\/\/experienciadevida.com.ar\/portalurbano\/#\/schema\/logo\/image\/"},"sameAs":["https:\/\/www.facebook.com\/Portal-Urbano-171542830093757\/","https:\/\/twitter.com\/portalurbanook","https:\/\/www.instagram.com\/_portalurbano\/","https:\/\/www.youtube.com\/channel\/UCXhagIfszH8KxFiOok79zbA?view_as=subscriber"]},{"@type":"Person","@id":"https:\/\/experienciadevida.com.ar\/portalurbano\/#\/schema\/person\/02dd326b1c4b056e9cc972486934a3a7","name":"admpu17wp","image":{"@type":"ImageObject","inLanguage":"es","@id":"https:\/\/experienciadevida.com.ar\/portalurbano\/#\/schema\/person\/image\/","url":"https:\/\/secure.gravatar.com\/avatar\/830d4c57adaae6630765e449a6908047?s=96&d=mm&r=g","contentUrl":"https:\/\/secure.gravatar.com\/avatar\/830d4c57adaae6630765e449a6908047?s=96&d=mm&r=g","caption":"admpu17wp"}}]}},"featured_image_urls":{"full":["https:\/\/experienciadevida.com.ar\/portalurbano\/wp-content\/uploads\/2021\/06\/Se-habilitara-el-registro-de.jpg",1024,685,false],"thumbnail":["https:\/\/experienciadevida.com.ar\/portalurbano\/wp-content\/uploads\/2021\/06\/Se-habilitara-el-registro-de-150x150.jpg",150,150,true],"medium":["https:\/\/experienciadevida.com.ar\/portalurbano\/wp-content\/uploads\/2021\/06\/Se-habilitara-el-registro-de-300x201.jpg",300,201,true],"medium_large":["https:\/\/experienciadevida.com.ar\/portalurbano\/wp-content\/uploads\/2021\/06\/Se-habilitara-el-registro-de-768x514.jpg",640,428,true],"large":["https:\/\/experienciadevida.com.ar\/portalurbano\/wp-content\/uploads\/2021\/06\/Se-habilitara-el-registro-de.jpg",640,428,false],"ug_big":["https:\/\/experienciadevida.com.ar\/portalurbano\/wp-content\/uploads\/2021\/06\/Se-habilitara-el-registro-de-768x514.jpg",768,514,true],"1536x1536":["https:\/\/experienciadevida.com.ar\/portalurbano\/wp-content\/uploads\/2021\/06\/Se-habilitara-el-registro-de.jpg",1024,685,false],"2048x2048":["https:\/\/experienciadevida.com.ar\/portalurbano\/wp-content\/uploads\/2021\/06\/Se-habilitara-el-registro-de.jpg",1024,685,false],"newsever-slider-full":["https:\/\/experienciadevida.com.ar\/portalurbano\/wp-content\/uploads\/2021\/06\/Se-habilitara-el-registro-de.jpg",1024,685,false],"newsever-featured":["https:\/\/experienciadevida.com.ar\/portalurbano\/wp-content\/uploads\/2021\/06\/Se-habilitara-el-registro-de.jpg",1024,685,false],"newsever-medium":["https:\/\/experienciadevida.com.ar\/portalurbano\/wp-content\/uploads\/2021\/06\/Se-habilitara-el-registro-de.jpg",710,475,false],"web-stories-poster-portrait":["https:\/\/experienciadevida.com.ar\/portalurbano\/wp-content\/uploads\/2021\/06\/Se-habilitara-el-registro-de.jpg",640,428,false],"web-stories-publisher-logo":["https:\/\/experienciadevida.com.ar\/portalurbano\/wp-content\/uploads\/2021\/06\/Se-habilitara-el-registro-de.jpg",96,64,false],"web-stories-thumbnail":["https:\/\/experienciadevida.com.ar\/portalurbano\/wp-content\/uploads\/2021\/06\/Se-habilitara-el-registro-de.jpg",150,100,false]},"author_info":{"display_name":"admpu17wp","author_link":"https:\/\/experienciadevida.com.ar\/portalurbano\/author\/admpu17wp\/"},"category_info":"<a href=\"https:\/\/experienciadevida.com.ar\/portalurbano\/category\/ciudad\/\" rel=\"category tag\">Ciudad<\/a> <a href=\"https:\/\/experienciadevida.com.ar\/portalurbano\/category\/destacadas-2\/\" rel=\"category tag\">Destacadas 2<\/a>","tag_info":"Destacadas 2","comment_count":"0","amp_enabled":true,"_links":{"self":[{"href":"https:\/\/experienciadevida.com.ar\/portalurbano\/wp-json\/wp\/v2\/posts\/144159"}],"collection":[{"href":"https:\/\/experienciadevida.com.ar\/portalurbano\/wp-json\/wp\/v2\/posts"}],"about":[{"href":"https:\/\/experienciadevida.com.ar\/portalurbano\/wp-json\/wp\/v2\/types\/post"}],"author":[{"embeddable":true,"href":"https:\/\/experienciadevida.com.ar\/portalurbano\/wp-json\/wp\/v2\/users\/1"}],"replies":[{"embeddable":true,"href":"https:\/\/experienciadevida.com.ar\/portalurbano\/wp-json\/wp\/v2\/comments?post=144159"}],"version-history":[{"count":3,"href":"https:\/\/experienciadevida.com.ar\/portalurbano\/wp-json\/wp\/v2\/posts\/144159\/revisions"}],"predecessor-version":[{"id":144163,"href":"https:\/\/experienciadevida.com.ar\/portalurbano\/wp-json\/wp\/v2\/posts\/144159\/revisions\/144163"}],"wp:featuredmedia":[{"embeddable":true,"href":"https:\/\/experienciadevida.com.ar\/portalurbano\/wp-json\/wp\/v2\/media\/144160"}],"wp:attachment":[{"href":"https:\/\/experienciadevida.com.ar\/portalurbano\/wp-json\/wp\/v2\/media?parent=144159"}],"wp:term":[{"taxonomy":"category","embeddable":true,"href":"https:\/\/experienciadevida.com.ar\/portalurbano\/wp-json\/wp\/v2\/categories?post=144159"},{"taxonomy":"post_tag","embeddable":true,"href":"https:\/\/experienciadevida.com.ar\/portalurbano\/wp-json\/wp\/v2\/tags?post=144159"}],"curies":[{"name":"wp","href":"https:\/\/api.w.org\/{rel}","templated":true}]}}