{"id":144152,"date":"2021-06-01T10:22:27","date_gmt":"2021-06-01T13:22:27","guid":{"rendered":"https:\/\/experienciadevida.com.ar\/portalurbano\/?p=144152"},"modified":"2021-06-01T10:25:10","modified_gmt":"2021-06-01T13:25:10","slug":"presentaron-obras-del-fim-que-incluyen-a-olavarria-y-las-localidades","status":"publish","type":"post","link":"https:\/\/experienciadevida.com.ar\/portalurbano\/presentaron-obras-del-fim-que-incluyen-a-olavarria-y-las-localidades\/","title":{"rendered":"Presentaron obras del FIM que incluyen a Olavarr\u00eda y las localidades"},"content":{"rendered":"<p>Presentaron obras del FIM que\u00a0 incluyen a Olavarr\u00eda y las localidades, se realizar\u00e1 pavimentaci\u00f3n y repavimentaci\u00f3n en diferentes calles y avenidas de la ciudad y en la zona de actividades log\u00edsticas (Z.A.L.O.).<\/p>\n<p>Adem\u00e1s, se repavimentar\u00e1n varias bocacalles en la Nueva Villa Alfredo Fortabat de la Localidad de Loma Negra, y se construir\u00e1 una bicisenda en el Parque Los Fresnos de la Localidad de Sierra Bayas.<\/p>\n<p>Por un monto total de $ 121.737.400,00<\/p>\n<p>Renovaci\u00f3n y puesta en valor del Paseo de la Salud. Se generar\u00e1 un espacio abierto que se integre con el entorno y que el vecino lo identifique como un lugar destinado a la salud. El proyecto contempla el movimiento de suelos con el retiro de tierras, formaci\u00f3n de muros de contenci\u00f3n de canteros y delimitaci\u00f3n del espacio, pisos y cordones de Hormig\u00f3n, equipamiento urbano (bancos, papeleros, etc), instalaci\u00f3n el\u00e9ctrica y colocaci\u00f3n de farolas, toldos tipo Vela sobre techo de contenedor, pintura, ajardinamiento y paisajismo.<\/p>\n<p>Por un monto total de $ 6.199.753,76<\/p>\n<p>Presentaron obras del FIM que incluyen a Olavarr\u00eda y las localidades, por otro lado beneficiar\u00e1n a 107 comunas por una inversi\u00f3n de $ 8.800 millones.<\/p>\n<p>Estos ingresos son fuertemente valorados por los Jefes comunales debido a que ellos elaboran los proyectos y deciden cu\u00e1les son los de mayor importancia para sus comunas. Las obras se presentaron a trav\u00e9s de un acto por videoconferencia, desde La Plata, el Gobernador Kicillof dio a conocer las obras que se llevar\u00e1n a cabo en la provincia de Buenos Aires por medio del Fondo de Infraestructura Municipal (FIM) 2021, con ingresos repartidos en base al CUD que se usa para determinar los montos de coparticipaci\u00f3n que corresponden a cada comuna.<\/p>\n<p>Se trata de 199 obras en 107 municipios, con una inversi\u00f3n total de m\u00e1s de 8.800 millones de pesos. En esta ocasi\u00f3n, estas obras incluyen trabajos de las \u00e1reas de Vialidad (132 obras), Arquitectura (60), Aguas y cloaca (4) y Energ\u00eda (una).<\/p>\n<p>Fuente: DIB<\/p>\n<p>Foto: infocielo<\/p>\n","protected":false},"excerpt":{"rendered":"<p>Presentaron obras del FIM que\u00a0 incluyen a Olavarr\u00eda y las localidades, se realizar\u00e1 pavimentaci\u00f3n y&#8230;<\/p>\n","protected":false},"author":1,"featured_media":144153,"comment_status":"closed","ping_status":"closed","sticky":false,"template":"","format":"standard","meta":{"content-type":""},"categories":[27,64,44],"tags":[],"nelio_content":{"isAutoShareEnabled":false,"autoShareEndMode":"default","automationSources":{"useContentSentences":true,"useSocialTemplates":true,"useCustomSentences":false,"customSentences":[]},"followers":[1],"suggestedReferences":[],"includedReferences":[],"efiUrl":"","efiAlt":"","highlights":[]},"yoast_head":"<!-- This site is optimized with the Yoast SEO plugin v20.7 - https:\/\/yoast.com\/wordpress\/plugins\/seo\/ -->\n<title>Presentaron obras del FIM que incluyen a Olavarr\u00eda y las localidades<\/title>\n<meta name=\"description\" content=\"Presentaron obras del FIM que\u00a0 incluyen a Olavarr\u00eda y las localidades, se realizar\u00e1 pavimentaci\u00f3n y repavimentaci\u00f3n en diferentes calles\" \/>\n<meta name=\"robots\" content=\"index, follow, max-snippet:-1, max-image-preview:large, max-video-preview:-1\" \/>\n<link rel=\"canonical\" href=\"https:\/\/experienciadevida.com.ar\/portalurbano\/presentaron-obras-del-fim-que-incluyen-a-olavarria-y-las-localidades\/\" \/>\n<meta property=\"og:locale\" content=\"es_ES\" \/>\n<meta property=\"og:type\" content=\"article\" \/>\n<meta property=\"og:title\" content=\"Presentaron obras del FIM que incluyen a Olavarr\u00eda y las localidades\" \/>\n<meta property=\"og:description\" content=\"Presentaron obras del FIM que\u00a0 incluyen a Olavarr\u00eda y las localidades, se realizar\u00e1 pavimentaci\u00f3n y repavimentaci\u00f3n en diferentes calles\" \/>\n<meta property=\"og:url\" content=\"https:\/\/experienciadevida.com.ar\/portalurbano\/presentaron-obras-del-fim-que-incluyen-a-olavarria-y-las-localidades\/\" \/>\n<meta property=\"article:publisher\" content=\"https:\/\/www.facebook.com\/Portal-Urbano-171542830093757\/\" \/>\n<meta property=\"article:published_time\" content=\"2021-06-01T13:22:27+00:00\" \/>\n<meta property=\"article:modified_time\" content=\"2021-06-01T13:25:10+00:00\" \/>\n<meta property=\"og:image\" content=\"https:\/\/experienciadevida.com.ar\/portalurbano\/wp-content\/uploads\/2021\/06\/Presentaron-obras-del-FIM-que.jpg\" \/>\n\t<meta property=\"og:image:width\" content=\"540\" \/>\n\t<meta property=\"og:image:height\" content=\"360\" \/>\n\t<meta property=\"og:image:type\" content=\"image\/jpeg\" \/>\n<meta name=\"author\" content=\"admpu17wp\" \/>\n<meta name=\"twitter:card\" content=\"summary_large_image\" \/>\n<meta name=\"twitter:creator\" content=\"@portalurbanook\" \/>\n<meta name=\"twitter:site\" content=\"@portalurbanook\" \/>\n<meta name=\"twitter:label1\" content=\"Escrito por\" \/>\n\t<meta name=\"twitter:data1\" content=\"admpu17wp\" \/>\n\t<meta name=\"twitter:label2\" content=\"Tiempo de lectura\" \/>\n\t<meta name=\"twitter:data2\" content=\"2 minutos\" \/>\n<script type=\"application\/ld+json\" class=\"yoast-schema-graph\">{\"@context\":\"https:\/\/schema.org\",\"@graph\":[{\"@type\":\"Article\",\"@id\":\"https:\/\/experienciadevida.com.ar\/portalurbano\/presentaron-obras-del-fim-que-incluyen-a-olavarria-y-las-localidades\/#article\",\"isPartOf\":{\"@id\":\"https:\/\/experienciadevida.com.ar\/portalurbano\/presentaron-obras-del-fim-que-incluyen-a-olavarria-y-las-localidades\/\"},\"author\":{\"name\":\"admpu17wp\",\"@id\":\"https:\/\/experienciadevida.com.ar\/portalurbano\/#\/schema\/person\/02dd326b1c4b056e9cc972486934a3a7\"},\"headline\":\"Presentaron obras del FIM que incluyen a Olavarr\u00eda y las localidades\",\"datePublished\":\"2021-06-01T13:22:27+00:00\",\"dateModified\":\"2021-06-01T13:25:10+00:00\",\"mainEntityOfPage\":{\"@id\":\"https:\/\/experienciadevida.com.ar\/portalurbano\/presentaron-obras-del-fim-que-incluyen-a-olavarria-y-las-localidades\/\"},\"wordCount\":350,\"publisher\":{\"@id\":\"https:\/\/experienciadevida.com.ar\/portalurbano\/#organization\"},\"articleSection\":[\"Ciudad\",\"Destacadas 2\",\"Provincia\"],\"inLanguage\":\"es\"},{\"@type\":\"WebPage\",\"@id\":\"https:\/\/experienciadevida.com.ar\/portalurbano\/presentaron-obras-del-fim-que-incluyen-a-olavarria-y-las-localidades\/\",\"url\":\"https:\/\/experienciadevida.com.ar\/portalurbano\/presentaron-obras-del-fim-que-incluyen-a-olavarria-y-las-localidades\/\",\"name\":\"Presentaron obras del FIM que incluyen a Olavarr\u00eda y las localidades\",\"isPartOf\":{\"@id\":\"https:\/\/experienciadevida.com.ar\/portalurbano\/#website\"},\"datePublished\":\"2021-06-01T13:22:27+00:00\",\"dateModified\":\"2021-06-01T13:25:10+00:00\",\"description\":\"Presentaron obras del FIM que\u00a0 incluyen a Olavarr\u00eda y las localidades, se realizar\u00e1 pavimentaci\u00f3n y repavimentaci\u00f3n en diferentes calles\",\"breadcrumb\":{\"@id\":\"https:\/\/experienciadevida.com.ar\/portalurbano\/presentaron-obras-del-fim-que-incluyen-a-olavarria-y-las-localidades\/#breadcrumb\"},\"inLanguage\":\"es\",\"potentialAction\":[{\"@type\":\"ReadAction\",\"target\":[\"https:\/\/experienciadevida.com.ar\/portalurbano\/presentaron-obras-del-fim-que-incluyen-a-olavarria-y-las-localidades\/\"]}]},{\"@type\":\"BreadcrumbList\",\"@id\":\"https:\/\/experienciadevida.com.ar\/portalurbano\/presentaron-obras-del-fim-que-incluyen-a-olavarria-y-las-localidades\/#breadcrumb\",\"itemListElement\":[{\"@type\":\"ListItem\",\"position\":1,\"name\":\"Portada\",\"item\":\"https:\/\/experienciadevida.com.ar\/portalurbano\/\"},{\"@type\":\"ListItem\",\"position\":2,\"name\":\"Presentaron obras del FIM que incluyen a Olavarr\u00eda y las localidades\"}]},{\"@type\":\"WebSite\",\"@id\":\"https:\/\/experienciadevida.com.ar\/portalurbano\/#website\",\"url\":\"https:\/\/experienciadevida.com.ar\/portalurbano\/\",\"name\":\"\",\"description\":\"\",\"publisher\":{\"@id\":\"https:\/\/experienciadevida.com.ar\/portalurbano\/#organization\"},\"potentialAction\":[{\"@type\":\"SearchAction\",\"target\":{\"@type\":\"EntryPoint\",\"urlTemplate\":\"https:\/\/experienciadevida.com.ar\/portalurbano\/?s={search_term_string}\"},\"query-input\":\"required name=search_term_string\"}],\"inLanguage\":\"es\"},{\"@type\":\"Organization\",\"@id\":\"https:\/\/experienciadevida.com.ar\/portalurbano\/#organization\",\"name\":\"Portal Urbano\",\"url\":\"https:\/\/experienciadevida.com.ar\/portalurbano\/\",\"logo\":{\"@type\":\"ImageObject\",\"inLanguage\":\"es\",\"@id\":\"https:\/\/experienciadevida.com.ar\/portalurbano\/#\/schema\/logo\/image\/\",\"url\":\"https:\/\/experienciadevida.com.ar\/portalurbano\/wp-content\/uploads\/2019\/09\/Logo-Original.png\",\"contentUrl\":\"https:\/\/experienciadevida.com.ar\/portalurbano\/wp-content\/uploads\/2019\/09\/Logo-Original.png\",\"width\":2236,\"height\":1216,\"caption\":\"Portal Urbano\"},\"image\":{\"@id\":\"https:\/\/experienciadevida.com.ar\/portalurbano\/#\/schema\/logo\/image\/\"},\"sameAs\":[\"https:\/\/www.facebook.com\/Portal-Urbano-171542830093757\/\",\"https:\/\/twitter.com\/portalurbanook\",\"https:\/\/www.instagram.com\/_portalurbano\/\",\"https:\/\/www.youtube.com\/channel\/UCXhagIfszH8KxFiOok79zbA?view_as=subscriber\"]},{\"@type\":\"Person\",\"@id\":\"https:\/\/experienciadevida.com.ar\/portalurbano\/#\/schema\/person\/02dd326b1c4b056e9cc972486934a3a7\",\"name\":\"admpu17wp\",\"image\":{\"@type\":\"ImageObject\",\"inLanguage\":\"es\",\"@id\":\"https:\/\/experienciadevida.com.ar\/portalurbano\/#\/schema\/person\/image\/\",\"url\":\"https:\/\/secure.gravatar.com\/avatar\/830d4c57adaae6630765e449a6908047?s=96&d=mm&r=g\",\"contentUrl\":\"https:\/\/secure.gravatar.com\/avatar\/830d4c57adaae6630765e449a6908047?s=96&d=mm&r=g\",\"caption\":\"admpu17wp\"}}]}<\/script>\n<!-- \/ Yoast SEO plugin. -->","yoast_head_json":{"title":"Presentaron obras del FIM que incluyen a Olavarr\u00eda y las localidades","description":"Presentaron obras del FIM que\u00a0 incluyen a Olavarr\u00eda y las localidades, se realizar\u00e1 pavimentaci\u00f3n y repavimentaci\u00f3n en diferentes calles","robots":{"index":"index","follow":"follow","max-snippet":"max-snippet:-1","max-image-preview":"max-image-preview:large","max-video-preview":"max-video-preview:-1"},"canonical":"https:\/\/experienciadevida.com.ar\/portalurbano\/presentaron-obras-del-fim-que-incluyen-a-olavarria-y-las-localidades\/","og_locale":"es_ES","og_type":"article","og_title":"Presentaron obras del FIM que incluyen a Olavarr\u00eda y las localidades","og_description":"Presentaron obras del FIM que\u00a0 incluyen a Olavarr\u00eda y las localidades, se realizar\u00e1 pavimentaci\u00f3n y repavimentaci\u00f3n en diferentes calles","og_url":"https:\/\/experienciadevida.com.ar\/portalurbano\/presentaron-obras-del-fim-que-incluyen-a-olavarria-y-las-localidades\/","article_publisher":"https:\/\/www.facebook.com\/Portal-Urbano-171542830093757\/","article_published_time":"2021-06-01T13:22:27+00:00","article_modified_time":"2021-06-01T13:25:10+00:00","og_image":[{"width":540,"height":360,"url":"https:\/\/experienciadevida.com.ar\/portalurbano\/wp-content\/uploads\/2021\/06\/Presentaron-obras-del-FIM-que.jpg","type":"image\/jpeg"}],"author":"admpu17wp","twitter_card":"summary_large_image","twitter_creator":"@portalurbanook","twitter_site":"@portalurbanook","twitter_misc":{"Escrito por":"admpu17wp","Tiempo de lectura":"2 minutos"},"schema":{"@context":"https:\/\/schema.org","@graph":[{"@type":"Article","@id":"https:\/\/experienciadevida.com.ar\/portalurbano\/presentaron-obras-del-fim-que-incluyen-a-olavarria-y-las-localidades\/#article","isPartOf":{"@id":"https:\/\/experienciadevida.com.ar\/portalurbano\/presentaron-obras-del-fim-que-incluyen-a-olavarria-y-las-localidades\/"},"author":{"name":"admpu17wp","@id":"https:\/\/experienciadevida.com.ar\/portalurbano\/#\/schema\/person\/02dd326b1c4b056e9cc972486934a3a7"},"headline":"Presentaron obras del FIM que incluyen a Olavarr\u00eda y las localidades","datePublished":"2021-06-01T13:22:27+00:00","dateModified":"2021-06-01T13:25:10+00:00","mainEntityOfPage":{"@id":"https:\/\/experienciadevida.com.ar\/portalurbano\/presentaron-obras-del-fim-que-incluyen-a-olavarria-y-las-localidades\/"},"wordCount":350,"publisher":{"@id":"https:\/\/experienciadevida.com.ar\/portalurbano\/#organization"},"articleSection":["Ciudad","Destacadas 2","Provincia"],"inLanguage":"es"},{"@type":"WebPage","@id":"https:\/\/experienciadevida.com.ar\/portalurbano\/presentaron-obras-del-fim-que-incluyen-a-olavarria-y-las-localidades\/","url":"https:\/\/experienciadevida.com.ar\/portalurbano\/presentaron-obras-del-fim-que-incluyen-a-olavarria-y-las-localidades\/","name":"Presentaron obras del FIM que incluyen a Olavarr\u00eda y las localidades","isPartOf":{"@id":"https:\/\/experienciadevida.com.ar\/portalurbano\/#website"},"datePublished":"2021-06-01T13:22:27+00:00","dateModified":"2021-06-01T13:25:10+00:00","description":"Presentaron obras del FIM que\u00a0 incluyen a Olavarr\u00eda y las localidades, se realizar\u00e1 pavimentaci\u00f3n y repavimentaci\u00f3n en diferentes calles","breadcrumb":{"@id":"https:\/\/experienciadevida.com.ar\/portalurbano\/presentaron-obras-del-fim-que-incluyen-a-olavarria-y-las-localidades\/#breadcrumb"},"inLanguage":"es","potentialAction":[{"@type":"ReadAction","target":["https:\/\/experienciadevida.com.ar\/portalurbano\/presentaron-obras-del-fim-que-incluyen-a-olavarria-y-las-localidades\/"]}]},{"@type":"BreadcrumbList","@id":"https:\/\/experienciadevida.com.ar\/portalurbano\/presentaron-obras-del-fim-que-incluyen-a-olavarria-y-las-localidades\/#breadcrumb","itemListElement":[{"@type":"ListItem","position":1,"name":"Portada","item":"https:\/\/experienciadevida.com.ar\/portalurbano\/"},{"@type":"ListItem","position":2,"name":"Presentaron obras del FIM que incluyen a Olavarr\u00eda y las localidades"}]},{"@type":"WebSite","@id":"https:\/\/experienciadevida.com.ar\/portalurbano\/#website","url":"https:\/\/experienciadevida.com.ar\/portalurbano\/","name":"","description":"","publisher":{"@id":"https:\/\/experienciadevida.com.ar\/portalurbano\/#organization"},"potentialAction":[{"@type":"SearchAction","target":{"@type":"EntryPoint","urlTemplate":"https:\/\/experienciadevida.com.ar\/portalurbano\/?s={search_term_string}"},"query-input":"required name=search_term_string"}],"inLanguage":"es"},{"@type":"Organization","@id":"https:\/\/experienciadevida.com.ar\/portalurbano\/#organization","name":"Portal Urbano","url":"https:\/\/experienciadevida.com.ar\/portalurbano\/","logo":{"@type":"ImageObject","inLanguage":"es","@id":"https:\/\/experienciadevida.com.ar\/portalurbano\/#\/schema\/logo\/image\/","url":"https:\/\/experienciadevida.com.ar\/portalurbano\/wp-content\/uploads\/2019\/09\/Logo-Original.png","contentUrl":"https:\/\/experienciadevida.com.ar\/portalurbano\/wp-content\/uploads\/2019\/09\/Logo-Original.png","width":2236,"height":1216,"caption":"Portal Urbano"},"image":{"@id":"https:\/\/experienciadevida.com.ar\/portalurbano\/#\/schema\/logo\/image\/"},"sameAs":["https:\/\/www.facebook.com\/Portal-Urbano-171542830093757\/","https:\/\/twitter.com\/portalurbanook","https:\/\/www.instagram.com\/_portalurbano\/","https:\/\/www.youtube.com\/channel\/UCXhagIfszH8KxFiOok79zbA?view_as=subscriber"]},{"@type":"Person","@id":"https:\/\/experienciadevida.com.ar\/portalurbano\/#\/schema\/person\/02dd326b1c4b056e9cc972486934a3a7","name":"admpu17wp","image":{"@type":"ImageObject","inLanguage":"es","@id":"https:\/\/experienciadevida.com.ar\/portalurbano\/#\/schema\/person\/image\/","url":"https:\/\/secure.gravatar.com\/avatar\/830d4c57adaae6630765e449a6908047?s=96&d=mm&r=g","contentUrl":"https:\/\/secure.gravatar.com\/avatar\/830d4c57adaae6630765e449a6908047?s=96&d=mm&r=g","caption":"admpu17wp"}}]}},"featured_image_urls":{"full":["https:\/\/experienciadevida.com.ar\/portalurbano\/wp-content\/uploads\/2021\/06\/Presentaron-obras-del-FIM-que.jpg",540,360,false],"thumbnail":["https:\/\/experienciadevida.com.ar\/portalurbano\/wp-content\/uploads\/2021\/06\/Presentaron-obras-del-FIM-que-150x150.jpg",150,150,true],"medium":["https:\/\/experienciadevida.com.ar\/portalurbano\/wp-content\/uploads\/2021\/06\/Presentaron-obras-del-FIM-que-300x200.jpg",300,200,true],"medium_large":["https:\/\/experienciadevida.com.ar\/portalurbano\/wp-content\/uploads\/2021\/06\/Presentaron-obras-del-FIM-que.jpg",540,360,false],"large":["https:\/\/experienciadevida.com.ar\/portalurbano\/wp-content\/uploads\/2021\/06\/Presentaron-obras-del-FIM-que.jpg",540,360,false],"ug_big":["https:\/\/experienciadevida.com.ar\/portalurbano\/wp-content\/uploads\/2021\/06\/Presentaron-obras-del-FIM-que.jpg",540,360,false],"1536x1536":["https:\/\/experienciadevida.com.ar\/portalurbano\/wp-content\/uploads\/2021\/06\/Presentaron-obras-del-FIM-que.jpg",540,360,false],"2048x2048":["https:\/\/experienciadevida.com.ar\/portalurbano\/wp-content\/uploads\/2021\/06\/Presentaron-obras-del-FIM-que.jpg",540,360,false],"newsever-slider-full":["https:\/\/experienciadevida.com.ar\/portalurbano\/wp-content\/uploads\/2021\/06\/Presentaron-obras-del-FIM-que.jpg",540,360,false],"newsever-featured":["https:\/\/experienciadevida.com.ar\/portalurbano\/wp-content\/uploads\/2021\/06\/Presentaron-obras-del-FIM-que.jpg",540,360,false],"newsever-medium":["https:\/\/experienciadevida.com.ar\/portalurbano\/wp-content\/uploads\/2021\/06\/Presentaron-obras-del-FIM-que.jpg",540,360,false],"web-stories-poster-portrait":["https:\/\/experienciadevida.com.ar\/portalurbano\/wp-content\/uploads\/2021\/06\/Presentaron-obras-del-FIM-que.jpg",540,360,false],"web-stories-publisher-logo":["https:\/\/experienciadevida.com.ar\/portalurbano\/wp-content\/uploads\/2021\/06\/Presentaron-obras-del-FIM-que.jpg",96,64,false],"web-stories-thumbnail":["https:\/\/experienciadevida.com.ar\/portalurbano\/wp-content\/uploads\/2021\/06\/Presentaron-obras-del-FIM-que.jpg",150,100,false]},"author_info":{"display_name":"admpu17wp","author_link":"https:\/\/experienciadevida.com.ar\/portalurbano\/author\/admpu17wp\/"},"category_info":"<a href=\"https:\/\/experienciadevida.com.ar\/portalurbano\/category\/ciudad\/\" rel=\"category tag\">Ciudad<\/a> <a href=\"https:\/\/experienciadevida.com.ar\/portalurbano\/category\/destacadas-2\/\" rel=\"category tag\">Destacadas 2<\/a> <a href=\"https:\/\/experienciadevida.com.ar\/portalurbano\/category\/provincia\/\" rel=\"category tag\">Provincia<\/a>","tag_info":"Provincia","comment_count":"0","amp_enabled":true,"_links":{"self":[{"href":"https:\/\/experienciadevida.com.ar\/portalurbano\/wp-json\/wp\/v2\/posts\/144152"}],"collection":[{"href":"https:\/\/experienciadevida.com.ar\/portalurbano\/wp-json\/wp\/v2\/posts"}],"about":[{"href":"https:\/\/experienciadevida.com.ar\/portalurbano\/wp-json\/wp\/v2\/types\/post"}],"author":[{"embeddable":true,"href":"https:\/\/experienciadevida.com.ar\/portalurbano\/wp-json\/wp\/v2\/users\/1"}],"replies":[{"embeddable":true,"href":"https:\/\/experienciadevida.com.ar\/portalurbano\/wp-json\/wp\/v2\/comments?post=144152"}],"version-history":[{"count":1,"href":"https:\/\/experienciadevida.com.ar\/portalurbano\/wp-json\/wp\/v2\/posts\/144152\/revisions"}],"predecessor-version":[{"id":144154,"href":"https:\/\/experienciadevida.com.ar\/portalurbano\/wp-json\/wp\/v2\/posts\/144152\/revisions\/144154"}],"wp:featuredmedia":[{"embeddable":true,"href":"https:\/\/experienciadevida.com.ar\/portalurbano\/wp-json\/wp\/v2\/media\/144153"}],"wp:attachment":[{"href":"https:\/\/experienciadevida.com.ar\/portalurbano\/wp-json\/wp\/v2\/media?parent=144152"}],"wp:term":[{"taxonomy":"category","embeddable":true,"href":"https:\/\/experienciadevida.com.ar\/portalurbano\/wp-json\/wp\/v2\/categories?post=144152"},{"taxonomy":"post_tag","embeddable":true,"href":"https:\/\/experienciadevida.com.ar\/portalurbano\/wp-json\/wp\/v2\/tags?post=144152"}],"curies":[{"name":"wp","href":"https:\/\/api.w.org\/{rel}","templated":true}]}}