{"id":144102,"date":"2021-05-31T14:25:41","date_gmt":"2021-05-31T17:25:41","guid":{"rendered":"https:\/\/experienciadevida.com.ar\/portalurbano\/?p=144102"},"modified":"2021-05-31T14:26:10","modified_gmt":"2021-05-31T17:26:10","slug":"juan-mujica-a-pesar-de-haber-sido-un-ano-extraordinario-atipico-y-dificil-pudo-cerrarse-con-superavit","status":"publish","type":"post","link":"https:\/\/experienciadevida.com.ar\/portalurbano\/juan-mujica-a-pesar-de-haber-sido-un-ano-extraordinario-atipico-y-dificil-pudo-cerrarse-con-superavit\/","title":{"rendered":"Juan Mujica: &#8220;a pesar de haber sido un a\u00f1o extraordinario, at\u00edpico y dif\u00edcil pudo cerrarse con super\u00e1vit&#8221;"},"content":{"rendered":"<p>Juan Mujica: &#8220;a pesar de haber sido un a\u00f1o extraordinario, at\u00edpico y dif\u00edcil pudo cerrarse con super\u00e1vit&#8221;, as\u00ed lo expres\u00f3 el edil, al realizar la presentaci\u00f3n y el an\u00e1lisis sobre los resultados del ejercicio econ\u00f3mico del primer a\u00f1o de pandemia, durante la sesi\u00f3n del Concejo Deliberante llevada a cabo este lunes.<\/p>\n<p>En sesi\u00f3n de este lunes, Juan Mujica fue quien, en nombre del Bloque Juntos por el Cambio, realiz\u00f3 la presentaci\u00f3n de la Rendici\u00f3n de Cuentas del<br \/>\nEjercicio 2020, en el que los Ingresos Totales alcanzaron la suma final de $4.147.744.954,06.<\/p>\n<p>En primer lugar destac\u00f3 \u201cel sostenimiento de los \u00edndices de cobrabilidad a\u00fan a pesar del contexto, habla de la gran conducta tributaria del vecino<br \/>\nolavarriense, sin dudas, invaluable en un a\u00f1o tan dif\u00edcil como result\u00f3 ser el 2020 para todos, por eso nuevamente el agradecimiento\u201d.<\/p>\n<p>Juan Mujica mencion\u00f3 &#8220;continuando con el detalle de los recursos del ejercicio, clasificados por su procedencia indic\u00f3 que el 53% fueron de origen municipal, el 46% de origen provincial y un 1% de origen nacional -coeficientes muy similares a los \u00faltimos a\u00f1os-. De los gastos totales del ejercicio que ascendieron a la suma de $4.014.928.990,88, los Gastos en Personal fueron sin dudas un concepto determinante sobre el total de los egresos&#8221;-<\/p>\n<p>&#8220;Al respecto aclar\u00f3 que durante el a\u00f1o 2020 fueron dispensados m\u00e1s de 550 trabajadores municipales durante el aislamiento (ya sea por su<br \/>\ncondici\u00f3n de riesgo, edad, o hijos menores a cargo) lo cual gener\u00f3 la necesidad de reorganizar un gran n\u00famero de \u00e1reas de trabajo del Municipio a fin de garantizar la prestaci\u00f3n de los servicios, sosteni\u00e9ndose con ello m\u00e1s de 2500 puestos de trabajo, en un a\u00f1o sin dudas extraordinario\u201d.<\/p>\n<p>Y en este sentido explic\u00f3 que el \u00e1rea de Salud presenta el mayor n\u00famero de\u00a0 incorporaciones de personal -principalmente en el mes de marzo de 2020, en el inicio de la pandemia-, seguido por la Secretar\u00eda de Desarrollo Humano y Calidad de Vida, abocada prioritariamente al refuerzo de los equipos<br \/>\nencargados de atender y contener las demandas de los vecinos m\u00e1s afectados.<\/p>\n<p>En cuanto a la reducci\u00f3n del Pasivo -tanto en t\u00e9rminos nominales como absolutos, en comparaci\u00f3n con el ejercicio anterior-, Juan Mujica asever\u00f3<br \/>\nque \u201cdurante el transcurso del a\u00f1o 2020 se llev\u00f3 adelante un saneamiento del mismo por la suma de $313.963.862,23. As\u00ed, el d\u00e9ficit final representa<br \/>\nun valor inferior con relaci\u00f3n al a\u00f1o anterior, y tambi\u00e9n respecto de los a\u00f1os 2018 y 2017. Ello sumado al consecuente aumento del Patrimonio Neto en un 35%\u201d.<\/p>\n<p>Juan Mujica expres\u00f3 &#8220;en consecuencia, el resultado presupuestario del Ejercicio Econ\u00f3mico 2020 resulta superavitario por la suma de $132.815.963,18. \u201cSin dudas, una gran noticia para los olavarrienses que, a pesar de haber sido un a\u00f1o extraordinario, at\u00edpico y dif\u00edcil, pudo cerrarse con super\u00e1vit\u201d, resalt\u00f3 el Concejal.<\/p>\n<p>Y volvi\u00f3 a hacer hincapi\u00e9 en lo complejo que fue el primer a\u00f1o de pandemia, indicando que \u201cvale recordar que el Presupuesto 2020, aprobado como<br \/>\ndijimos antes por Ordenanza N\u00b0 4505\/19 en el mes de diciembre de 2019, fue confeccionado conforme previsiones y pron\u00f3sticos oficiales, en todos los<br \/>\ncasos sin un m\u00ednimo indicio de la pandemia por venir. De todos modos, las readecuaciones presupuestarias llevadas adelante durante el a\u00f1o permitieron sostener el mismo dentro de los par\u00e1metros esperables, sin desatender las prioridades de los vecinos\u201d.<\/p>\n<p>Sobre este punto, y en lo que respecta a la Secretar\u00eda de Salud, teniendo en consideraci\u00f3n el impacto directo que tuvo la pandemia sobre su<br \/>\nfuncionamiento, indic\u00f3 la necesidad que tuvo la gesti\u00f3n del intendente Ezequiel Galli de realizar el reordenamiento de las partidas presupuestarias, lo que permiti\u00f3 equilibrar en gran medida su resultado, con una sobreejecuci\u00f3n de s\u00f3lo el 17% respecto de lo previsto pre-pandemia, con un total invertido en el \u00e1rea de m\u00e1s de 1.700 millones de pesos.<\/p>\n<p>Para finalizar, Juan Mujica expres\u00f3 que \u201cel a\u00f1o 2020 se torn\u00f3 altamente desafiante, debiendo transitar una pandemia nunca antes vista, que exigi\u00f3<br \/>\nla preparaci\u00f3n t\u00e9cnica y profesional de todo el personal sanitario de Olavarr\u00eda, en tiempo r\u00e9cord. De m\u00e1s est\u00e1 decir que la dedicaci\u00f3n e<br \/>\nincansable tarea de todos ellos, durante estos ya 14 meses, tanto en el sistema p\u00fablico de salud como el privado, nos ha permitido a los<br \/>\nolavarrienses afrontar esta emergencia sanitaria con un recurso humano y material de excelencia\u201d.<\/p>\n<p>En este sentido, puso tambi\u00e9n el acento en hitos de gesti\u00f3n como fue la , exitosa puesta en funcionamiento durante el 2020, del Laboratorio de<br \/>\nBiolog\u00eda Molecular en el Hospital Municipal, que permiti\u00f3 llevar adelante m\u00e1s de 20.000 testeos -incluso para municipios de la regi\u00f3n- facilitando la<br \/>\ndetecci\u00f3n pr\u00e1cticamente inmediata de los casos activos y su contribuci\u00f3n directa para el manejo de la situaci\u00f3n epidemiol\u00f3gica, como as\u00ed tambi\u00e9n la<br \/>\nimplementaci\u00f3n del *Programa RTA* (Rastrear-Testear-Aislar) que permiti\u00f3 aumentar el n\u00famero de testeos en un periodo cr\u00edtico de circulaci\u00f3n del<br \/>\nvirus a nivel local, con la realizaci\u00f3n de m\u00e1s de 8.000 testeos a la fecha, a lo que sum\u00f3 que \u201cse garantiz\u00f3 la asistencia y atenci\u00f3n de cada<br \/>\nolavarriense desde el Sistema de Salud\u201d, se\u00f1al\u00f3 Juan Mujica.<\/p>\n<p>Otro de los ejes prioritarios en los que se hizo \u00e9nfasis en esta presentaci\u00f3n de rendici\u00f3n de cuentas 2020, fue en lo concerniente al \u00e1rea de Desarrollo Social, que present\u00f3 una sobreejecuci\u00f3n de un 9% respecto de lo presupuestado pre-pandemia, sobre todo por la ampliaci\u00f3n de los<br \/>\nrecursos destinados para la atenci\u00f3n de quienes m\u00e1s lo necesitaron durante el 2020.<\/p>\n<p>En nombre del Bloque Juntos por el Cambio, Juan Mujica remarc\u00f3 que \u201cnuevamente las prioridades estuvieron claras y no se dud\u00f3 en garantizar la contenci\u00f3n de todas aquellas familias y entidades olavarrienses en todo cuanto requirieron del acompa\u00f1amiento y apoyo por parte del equipo municipal, con m\u00e1s de 30.000 asistencias alimentarias en el a\u00f1o\u201d.<\/p>\n<p>\u201cSalud y Desarrollo Social fueron prioridades de la gesti\u00f3n municipal a cargo de Ezequiel <a href=\"https:\/\/www.facebook.com\/galliezequiel\">Galli<\/a>, para atravesar un a\u00f1o que se torn\u00f3 totalmente<br \/>\ndistinto a lo previsto a su inicio, pero que sin embargo, con el compromiso y el acompa\u00f1amiento de todos los vecinos, logramos llevar adelante de la<br \/>\nmejor forma posible\u201d, finaliz\u00f3 diciendo.<\/p>\n","protected":false},"excerpt":{"rendered":"<p>Juan Mujica: &#8220;a pesar de haber sido un a\u00f1o extraordinario, at\u00edpico y dif\u00edcil pudo cerrarse&#8230;<\/p>\n","protected":false},"author":1,"featured_media":144082,"comment_status":"closed","ping_status":"closed","sticky":false,"template":"","format":"standard","meta":{"content-type":""},"categories":[27,51],"tags":[],"nelio_content":{"isAutoShareEnabled":false,"autoShareEndMode":"default","automationSources":{"useContentSentences":true,"useSocialTemplates":true,"useCustomSentences":false,"customSentences":[]},"followers":[1],"suggestedReferences":[],"includedReferences":[],"efiUrl":"","efiAlt":"","highlights":[]},"yoast_head":"<!-- This site is optimized with the Yoast SEO plugin v20.7 - https:\/\/yoast.com\/wordpress\/plugins\/seo\/ -->\n<title>Juan Mujica: &quot;a pesar de haber sido un a\u00f1o at\u00edpico hubo super\u00e1vit&quot;<\/title>\n<meta name=\"description\" content=\"Juan Mujica: &quot;a pesar de haber sido un a\u00f1o extraordinario, at\u00edpico y dif\u00edcil pudo cerrarse con super\u00e1vit&quot;, as\u00ed lo expres\u00f3 el edil.\" \/>\n<meta name=\"robots\" content=\"index, follow, max-snippet:-1, max-image-preview:large, max-video-preview:-1\" \/>\n<link rel=\"canonical\" href=\"https:\/\/experienciadevida.com.ar\/portalurbano\/juan-mujica-a-pesar-de-haber-sido-un-ano-extraordinario-atipico-y-dificil-pudo-cerrarse-con-superavit\/\" \/>\n<meta property=\"og:locale\" content=\"es_ES\" \/>\n<meta property=\"og:type\" content=\"article\" \/>\n<meta property=\"og:title\" content=\"Juan Mujica: &quot;a pesar de haber sido un a\u00f1o at\u00edpico hubo super\u00e1vit&quot;\" \/>\n<meta property=\"og:description\" content=\"Juan Mujica: &quot;a pesar de haber sido un a\u00f1o extraordinario, at\u00edpico y dif\u00edcil pudo cerrarse con super\u00e1vit&quot;, as\u00ed lo expres\u00f3 el edil.\" \/>\n<meta property=\"og:url\" content=\"https:\/\/experienciadevida.com.ar\/portalurbano\/juan-mujica-a-pesar-de-haber-sido-un-ano-extraordinario-atipico-y-dificil-pudo-cerrarse-con-superavit\/\" \/>\n<meta property=\"article:publisher\" content=\"https:\/\/www.facebook.com\/Portal-Urbano-171542830093757\/\" \/>\n<meta property=\"article:published_time\" content=\"2021-05-31T17:25:41+00:00\" \/>\n<meta property=\"article:modified_time\" content=\"2021-05-31T17:26:10+00:00\" \/>\n<meta property=\"og:image\" content=\"https:\/\/experienciadevida.com.ar\/portalurbano\/wp-content\/uploads\/2021\/05\/SESION-HCD.png\" \/>\n\t<meta property=\"og:image:width\" content=\"1309\" \/>\n\t<meta property=\"og:image:height\" content=\"662\" \/>\n\t<meta property=\"og:image:type\" content=\"image\/png\" \/>\n<meta name=\"author\" content=\"admpu17wp\" \/>\n<meta name=\"twitter:card\" content=\"summary_large_image\" \/>\n<meta name=\"twitter:creator\" content=\"@portalurbanook\" \/>\n<meta name=\"twitter:site\" content=\"@portalurbanook\" \/>\n<meta name=\"twitter:label1\" content=\"Escrito por\" \/>\n\t<meta name=\"twitter:data1\" content=\"admpu17wp\" \/>\n\t<meta name=\"twitter:label2\" content=\"Tiempo de lectura\" \/>\n\t<meta name=\"twitter:data2\" content=\"5 minutos\" \/>\n<script type=\"application\/ld+json\" class=\"yoast-schema-graph\">{\"@context\":\"https:\/\/schema.org\",\"@graph\":[{\"@type\":\"Article\",\"@id\":\"https:\/\/experienciadevida.com.ar\/portalurbano\/juan-mujica-a-pesar-de-haber-sido-un-ano-extraordinario-atipico-y-dificil-pudo-cerrarse-con-superavit\/#article\",\"isPartOf\":{\"@id\":\"https:\/\/experienciadevida.com.ar\/portalurbano\/juan-mujica-a-pesar-de-haber-sido-un-ano-extraordinario-atipico-y-dificil-pudo-cerrarse-con-superavit\/\"},\"author\":{\"name\":\"admpu17wp\",\"@id\":\"https:\/\/experienciadevida.com.ar\/portalurbano\/#\/schema\/person\/02dd326b1c4b056e9cc972486934a3a7\"},\"headline\":\"Juan Mujica: &#8220;a pesar de haber sido un a\u00f1o extraordinario, at\u00edpico y dif\u00edcil pudo cerrarse con super\u00e1vit&#8221;\",\"datePublished\":\"2021-05-31T17:25:41+00:00\",\"dateModified\":\"2021-05-31T17:26:10+00:00\",\"mainEntityOfPage\":{\"@id\":\"https:\/\/experienciadevida.com.ar\/portalurbano\/juan-mujica-a-pesar-de-haber-sido-un-ano-extraordinario-atipico-y-dificil-pudo-cerrarse-con-superavit\/\"},\"wordCount\":1082,\"publisher\":{\"@id\":\"https:\/\/experienciadevida.com.ar\/portalurbano\/#organization\"},\"articleSection\":[\"Ciudad\",\"Destacadas\"],\"inLanguage\":\"es\"},{\"@type\":\"WebPage\",\"@id\":\"https:\/\/experienciadevida.com.ar\/portalurbano\/juan-mujica-a-pesar-de-haber-sido-un-ano-extraordinario-atipico-y-dificil-pudo-cerrarse-con-superavit\/\",\"url\":\"https:\/\/experienciadevida.com.ar\/portalurbano\/juan-mujica-a-pesar-de-haber-sido-un-ano-extraordinario-atipico-y-dificil-pudo-cerrarse-con-superavit\/\",\"name\":\"Juan Mujica: \\\"a pesar de haber sido un a\u00f1o at\u00edpico hubo super\u00e1vit\\\"\",\"isPartOf\":{\"@id\":\"https:\/\/experienciadevida.com.ar\/portalurbano\/#website\"},\"datePublished\":\"2021-05-31T17:25:41+00:00\",\"dateModified\":\"2021-05-31T17:26:10+00:00\",\"description\":\"Juan Mujica: \\\"a pesar de haber sido un a\u00f1o extraordinario, at\u00edpico y dif\u00edcil pudo cerrarse con super\u00e1vit\\\", as\u00ed lo expres\u00f3 el edil.\",\"breadcrumb\":{\"@id\":\"https:\/\/experienciadevida.com.ar\/portalurbano\/juan-mujica-a-pesar-de-haber-sido-un-ano-extraordinario-atipico-y-dificil-pudo-cerrarse-con-superavit\/#breadcrumb\"},\"inLanguage\":\"es\",\"potentialAction\":[{\"@type\":\"ReadAction\",\"target\":[\"https:\/\/experienciadevida.com.ar\/portalurbano\/juan-mujica-a-pesar-de-haber-sido-un-ano-extraordinario-atipico-y-dificil-pudo-cerrarse-con-superavit\/\"]}]},{\"@type\":\"BreadcrumbList\",\"@id\":\"https:\/\/experienciadevida.com.ar\/portalurbano\/juan-mujica-a-pesar-de-haber-sido-un-ano-extraordinario-atipico-y-dificil-pudo-cerrarse-con-superavit\/#breadcrumb\",\"itemListElement\":[{\"@type\":\"ListItem\",\"position\":1,\"name\":\"Portada\",\"item\":\"https:\/\/experienciadevida.com.ar\/portalurbano\/\"},{\"@type\":\"ListItem\",\"position\":2,\"name\":\"Juan Mujica: \u00aba pesar de haber sido un a\u00f1o extraordinario, at\u00edpico y dif\u00edcil pudo cerrarse con super\u00e1vit\u00bb\"}]},{\"@type\":\"WebSite\",\"@id\":\"https:\/\/experienciadevida.com.ar\/portalurbano\/#website\",\"url\":\"https:\/\/experienciadevida.com.ar\/portalurbano\/\",\"name\":\"\",\"description\":\"\",\"publisher\":{\"@id\":\"https:\/\/experienciadevida.com.ar\/portalurbano\/#organization\"},\"potentialAction\":[{\"@type\":\"SearchAction\",\"target\":{\"@type\":\"EntryPoint\",\"urlTemplate\":\"https:\/\/experienciadevida.com.ar\/portalurbano\/?s={search_term_string}\"},\"query-input\":\"required name=search_term_string\"}],\"inLanguage\":\"es\"},{\"@type\":\"Organization\",\"@id\":\"https:\/\/experienciadevida.com.ar\/portalurbano\/#organization\",\"name\":\"Portal Urbano\",\"url\":\"https:\/\/experienciadevida.com.ar\/portalurbano\/\",\"logo\":{\"@type\":\"ImageObject\",\"inLanguage\":\"es\",\"@id\":\"https:\/\/experienciadevida.com.ar\/portalurbano\/#\/schema\/logo\/image\/\",\"url\":\"https:\/\/experienciadevida.com.ar\/portalurbano\/wp-content\/uploads\/2019\/09\/Logo-Original.png\",\"contentUrl\":\"https:\/\/experienciadevida.com.ar\/portalurbano\/wp-content\/uploads\/2019\/09\/Logo-Original.png\",\"width\":2236,\"height\":1216,\"caption\":\"Portal Urbano\"},\"image\":{\"@id\":\"https:\/\/experienciadevida.com.ar\/portalurbano\/#\/schema\/logo\/image\/\"},\"sameAs\":[\"https:\/\/www.facebook.com\/Portal-Urbano-171542830093757\/\",\"https:\/\/twitter.com\/portalurbanook\",\"https:\/\/www.instagram.com\/_portalurbano\/\",\"https:\/\/www.youtube.com\/channel\/UCXhagIfszH8KxFiOok79zbA?view_as=subscriber\"]},{\"@type\":\"Person\",\"@id\":\"https:\/\/experienciadevida.com.ar\/portalurbano\/#\/schema\/person\/02dd326b1c4b056e9cc972486934a3a7\",\"name\":\"admpu17wp\",\"image\":{\"@type\":\"ImageObject\",\"inLanguage\":\"es\",\"@id\":\"https:\/\/experienciadevida.com.ar\/portalurbano\/#\/schema\/person\/image\/\",\"url\":\"https:\/\/secure.gravatar.com\/avatar\/830d4c57adaae6630765e449a6908047?s=96&d=mm&r=g\",\"contentUrl\":\"https:\/\/secure.gravatar.com\/avatar\/830d4c57adaae6630765e449a6908047?s=96&d=mm&r=g\",\"caption\":\"admpu17wp\"}}]}<\/script>\n<!-- \/ Yoast SEO plugin. -->","yoast_head_json":{"title":"Juan Mujica: \"a pesar de haber sido un a\u00f1o at\u00edpico hubo super\u00e1vit\"","description":"Juan Mujica: \"a pesar de haber sido un a\u00f1o extraordinario, at\u00edpico y dif\u00edcil pudo cerrarse con super\u00e1vit\", as\u00ed lo expres\u00f3 el edil.","robots":{"index":"index","follow":"follow","max-snippet":"max-snippet:-1","max-image-preview":"max-image-preview:large","max-video-preview":"max-video-preview:-1"},"canonical":"https:\/\/experienciadevida.com.ar\/portalurbano\/juan-mujica-a-pesar-de-haber-sido-un-ano-extraordinario-atipico-y-dificil-pudo-cerrarse-con-superavit\/","og_locale":"es_ES","og_type":"article","og_title":"Juan Mujica: \"a pesar de haber sido un a\u00f1o at\u00edpico hubo super\u00e1vit\"","og_description":"Juan Mujica: \"a pesar de haber sido un a\u00f1o extraordinario, at\u00edpico y dif\u00edcil pudo cerrarse con super\u00e1vit\", as\u00ed lo expres\u00f3 el edil.","og_url":"https:\/\/experienciadevida.com.ar\/portalurbano\/juan-mujica-a-pesar-de-haber-sido-un-ano-extraordinario-atipico-y-dificil-pudo-cerrarse-con-superavit\/","article_publisher":"https:\/\/www.facebook.com\/Portal-Urbano-171542830093757\/","article_published_time":"2021-05-31T17:25:41+00:00","article_modified_time":"2021-05-31T17:26:10+00:00","og_image":[{"width":1309,"height":662,"url":"https:\/\/experienciadevida.com.ar\/portalurbano\/wp-content\/uploads\/2021\/05\/SESION-HCD.png","type":"image\/png"}],"author":"admpu17wp","twitter_card":"summary_large_image","twitter_creator":"@portalurbanook","twitter_site":"@portalurbanook","twitter_misc":{"Escrito por":"admpu17wp","Tiempo de lectura":"5 minutos"},"schema":{"@context":"https:\/\/schema.org","@graph":[{"@type":"Article","@id":"https:\/\/experienciadevida.com.ar\/portalurbano\/juan-mujica-a-pesar-de-haber-sido-un-ano-extraordinario-atipico-y-dificil-pudo-cerrarse-con-superavit\/#article","isPartOf":{"@id":"https:\/\/experienciadevida.com.ar\/portalurbano\/juan-mujica-a-pesar-de-haber-sido-un-ano-extraordinario-atipico-y-dificil-pudo-cerrarse-con-superavit\/"},"author":{"name":"admpu17wp","@id":"https:\/\/experienciadevida.com.ar\/portalurbano\/#\/schema\/person\/02dd326b1c4b056e9cc972486934a3a7"},"headline":"Juan Mujica: &#8220;a pesar de haber sido un a\u00f1o extraordinario, at\u00edpico y dif\u00edcil pudo cerrarse con super\u00e1vit&#8221;","datePublished":"2021-05-31T17:25:41+00:00","dateModified":"2021-05-31T17:26:10+00:00","mainEntityOfPage":{"@id":"https:\/\/experienciadevida.com.ar\/portalurbano\/juan-mujica-a-pesar-de-haber-sido-un-ano-extraordinario-atipico-y-dificil-pudo-cerrarse-con-superavit\/"},"wordCount":1082,"publisher":{"@id":"https:\/\/experienciadevida.com.ar\/portalurbano\/#organization"},"articleSection":["Ciudad","Destacadas"],"inLanguage":"es"},{"@type":"WebPage","@id":"https:\/\/experienciadevida.com.ar\/portalurbano\/juan-mujica-a-pesar-de-haber-sido-un-ano-extraordinario-atipico-y-dificil-pudo-cerrarse-con-superavit\/","url":"https:\/\/experienciadevida.com.ar\/portalurbano\/juan-mujica-a-pesar-de-haber-sido-un-ano-extraordinario-atipico-y-dificil-pudo-cerrarse-con-superavit\/","name":"Juan Mujica: \"a pesar de haber sido un a\u00f1o at\u00edpico hubo super\u00e1vit\"","isPartOf":{"@id":"https:\/\/experienciadevida.com.ar\/portalurbano\/#website"},"datePublished":"2021-05-31T17:25:41+00:00","dateModified":"2021-05-31T17:26:10+00:00","description":"Juan Mujica: \"a pesar de haber sido un a\u00f1o extraordinario, at\u00edpico y dif\u00edcil pudo cerrarse con super\u00e1vit\", as\u00ed lo expres\u00f3 el edil.","breadcrumb":{"@id":"https:\/\/experienciadevida.com.ar\/portalurbano\/juan-mujica-a-pesar-de-haber-sido-un-ano-extraordinario-atipico-y-dificil-pudo-cerrarse-con-superavit\/#breadcrumb"},"inLanguage":"es","potentialAction":[{"@type":"ReadAction","target":["https:\/\/experienciadevida.com.ar\/portalurbano\/juan-mujica-a-pesar-de-haber-sido-un-ano-extraordinario-atipico-y-dificil-pudo-cerrarse-con-superavit\/"]}]},{"@type":"BreadcrumbList","@id":"https:\/\/experienciadevida.com.ar\/portalurbano\/juan-mujica-a-pesar-de-haber-sido-un-ano-extraordinario-atipico-y-dificil-pudo-cerrarse-con-superavit\/#breadcrumb","itemListElement":[{"@type":"ListItem","position":1,"name":"Portada","item":"https:\/\/experienciadevida.com.ar\/portalurbano\/"},{"@type":"ListItem","position":2,"name":"Juan Mujica: \u00aba pesar de haber sido un a\u00f1o extraordinario, at\u00edpico y dif\u00edcil pudo cerrarse con super\u00e1vit\u00bb"}]},{"@type":"WebSite","@id":"https:\/\/experienciadevida.com.ar\/portalurbano\/#website","url":"https:\/\/experienciadevida.com.ar\/portalurbano\/","name":"","description":"","publisher":{"@id":"https:\/\/experienciadevida.com.ar\/portalurbano\/#organization"},"potentialAction":[{"@type":"SearchAction","target":{"@type":"EntryPoint","urlTemplate":"https:\/\/experienciadevida.com.ar\/portalurbano\/?s={search_term_string}"},"query-input":"required name=search_term_string"}],"inLanguage":"es"},{"@type":"Organization","@id":"https:\/\/experienciadevida.com.ar\/portalurbano\/#organization","name":"Portal Urbano","url":"https:\/\/experienciadevida.com.ar\/portalurbano\/","logo":{"@type":"ImageObject","inLanguage":"es","@id":"https:\/\/experienciadevida.com.ar\/portalurbano\/#\/schema\/logo\/image\/","url":"https:\/\/experienciadevida.com.ar\/portalurbano\/wp-content\/uploads\/2019\/09\/Logo-Original.png","contentUrl":"https:\/\/experienciadevida.com.ar\/portalurbano\/wp-content\/uploads\/2019\/09\/Logo-Original.png","width":2236,"height":1216,"caption":"Portal Urbano"},"image":{"@id":"https:\/\/experienciadevida.com.ar\/portalurbano\/#\/schema\/logo\/image\/"},"sameAs":["https:\/\/www.facebook.com\/Portal-Urbano-171542830093757\/","https:\/\/twitter.com\/portalurbanook","https:\/\/www.instagram.com\/_portalurbano\/","https:\/\/www.youtube.com\/channel\/UCXhagIfszH8KxFiOok79zbA?view_as=subscriber"]},{"@type":"Person","@id":"https:\/\/experienciadevida.com.ar\/portalurbano\/#\/schema\/person\/02dd326b1c4b056e9cc972486934a3a7","name":"admpu17wp","image":{"@type":"ImageObject","inLanguage":"es","@id":"https:\/\/experienciadevida.com.ar\/portalurbano\/#\/schema\/person\/image\/","url":"https:\/\/secure.gravatar.com\/avatar\/830d4c57adaae6630765e449a6908047?s=96&d=mm&r=g","contentUrl":"https:\/\/secure.gravatar.com\/avatar\/830d4c57adaae6630765e449a6908047?s=96&d=mm&r=g","caption":"admpu17wp"}}]}},"featured_image_urls":{"full":["https:\/\/experienciadevida.com.ar\/portalurbano\/wp-content\/uploads\/2021\/05\/SESION-HCD.png",1309,662,false],"thumbnail":["https:\/\/experienciadevida.com.ar\/portalurbano\/wp-content\/uploads\/2021\/05\/SESION-HCD-150x150.png",150,150,true],"medium":["https:\/\/experienciadevida.com.ar\/portalurbano\/wp-content\/uploads\/2021\/05\/SESION-HCD-300x152.png",300,152,true],"medium_large":["https:\/\/experienciadevida.com.ar\/portalurbano\/wp-content\/uploads\/2021\/05\/SESION-HCD-768x388.png",640,323,true],"large":["https:\/\/experienciadevida.com.ar\/portalurbano\/wp-content\/uploads\/2021\/05\/SESION-HCD-1024x518.png",640,324,true],"ug_big":["https:\/\/experienciadevida.com.ar\/portalurbano\/wp-content\/uploads\/2021\/05\/SESION-HCD-768x388.png",768,388,true],"1536x1536":["https:\/\/experienciadevida.com.ar\/portalurbano\/wp-content\/uploads\/2021\/05\/SESION-HCD.png",1309,662,false],"2048x2048":["https:\/\/experienciadevida.com.ar\/portalurbano\/wp-content\/uploads\/2021\/05\/SESION-HCD.png",1309,662,false],"newsever-slider-full":["https:\/\/experienciadevida.com.ar\/portalurbano\/wp-content\/uploads\/2021\/05\/SESION-HCD.png",1280,647,false],"newsever-featured":["https:\/\/experienciadevida.com.ar\/portalurbano\/wp-content\/uploads\/2021\/05\/SESION-HCD.png",1024,518,false],"newsever-medium":["https:\/\/experienciadevida.com.ar\/portalurbano\/wp-content\/uploads\/2021\/05\/SESION-HCD.png",720,364,false],"web-stories-poster-portrait":["https:\/\/experienciadevida.com.ar\/portalurbano\/wp-content\/uploads\/2021\/05\/SESION-HCD.png",640,324,false],"web-stories-publisher-logo":["https:\/\/experienciadevida.com.ar\/portalurbano\/wp-content\/uploads\/2021\/05\/SESION-HCD.png",96,49,false],"web-stories-thumbnail":["https:\/\/experienciadevida.com.ar\/portalurbano\/wp-content\/uploads\/2021\/05\/SESION-HCD.png",150,76,false]},"author_info":{"display_name":"admpu17wp","author_link":"https:\/\/experienciadevida.com.ar\/portalurbano\/author\/admpu17wp\/"},"category_info":"<a href=\"https:\/\/experienciadevida.com.ar\/portalurbano\/category\/ciudad\/\" rel=\"category tag\">Ciudad<\/a> <a href=\"https:\/\/experienciadevida.com.ar\/portalurbano\/category\/destacadas\/\" rel=\"category tag\">Destacadas<\/a>","tag_info":"Destacadas","comment_count":"0","amp_enabled":true,"_links":{"self":[{"href":"https:\/\/experienciadevida.com.ar\/portalurbano\/wp-json\/wp\/v2\/posts\/144102"}],"collection":[{"href":"https:\/\/experienciadevida.com.ar\/portalurbano\/wp-json\/wp\/v2\/posts"}],"about":[{"href":"https:\/\/experienciadevida.com.ar\/portalurbano\/wp-json\/wp\/v2\/types\/post"}],"author":[{"embeddable":true,"href":"https:\/\/experienciadevida.com.ar\/portalurbano\/wp-json\/wp\/v2\/users\/1"}],"replies":[{"embeddable":true,"href":"https:\/\/experienciadevida.com.ar\/portalurbano\/wp-json\/wp\/v2\/comments?post=144102"}],"version-history":[{"count":1,"href":"https:\/\/experienciadevida.com.ar\/portalurbano\/wp-json\/wp\/v2\/posts\/144102\/revisions"}],"predecessor-version":[{"id":144103,"href":"https:\/\/experienciadevida.com.ar\/portalurbano\/wp-json\/wp\/v2\/posts\/144102\/revisions\/144103"}],"wp:featuredmedia":[{"embeddable":true,"href":"https:\/\/experienciadevida.com.ar\/portalurbano\/wp-json\/wp\/v2\/media\/144082"}],"wp:attachment":[{"href":"https:\/\/experienciadevida.com.ar\/portalurbano\/wp-json\/wp\/v2\/media?parent=144102"}],"wp:term":[{"taxonomy":"category","embeddable":true,"href":"https:\/\/experienciadevida.com.ar\/portalurbano\/wp-json\/wp\/v2\/categories?post=144102"},{"taxonomy":"post_tag","embeddable":true,"href":"https:\/\/experienciadevida.com.ar\/portalurbano\/wp-json\/wp\/v2\/tags?post=144102"}],"curies":[{"name":"wp","href":"https:\/\/api.w.org\/{rel}","templated":true}]}}