{"id":144006,"date":"2021-05-29T14:10:47","date_gmt":"2021-05-29T17:10:47","guid":{"rendered":"https:\/\/experienciadevida.com.ar\/portalurbano\/?p=144006"},"modified":"2021-05-29T14:14:27","modified_gmt":"2021-05-29T17:14:27","slug":"coopelectric-informa-la-forma-de-atencion-en-las-oficinas-tras-la-continuidad-de-la-fase-3-en-olavarria","status":"publish","type":"post","link":"https:\/\/experienciadevida.com.ar\/portalurbano\/coopelectric-informa-la-forma-de-atencion-en-las-oficinas-tras-la-continuidad-de-la-fase-3-en-olavarria\/","title":{"rendered":"Coopelectric informa la forma de atenci\u00f3n en las oficinas tras la continuidad de la fase 3 en Olavarr\u00eda"},"content":{"rendered":"<p>Coopelectric informa la forma de atenci\u00f3n en las oficinas tras la continuidad de la fase 3 en Olavarr\u00eda, ser\u00e1 a partir del pr\u00f3ximo lunes funcionar\u00e1 de la misma manera en que lo hizo hasta el viernes 21 de mayo.<\/p>\n<p>Para garantizar la prestaci\u00f3n de los servicios esenciales cumpliendo de forma rigurosa con las medidas de bioseguridad, tanto en los sectores<br \/>\nadministrativos como operativos continuar\u00e1 llev\u00e1ndose a cabo la rotaci\u00f3n del personal a los efectos de mantener equipos de trabajo en burbuja para<br \/>\ngarantizar el distanciamiento y minimizar las posibilidades de contagio.<\/p>\n<p>Tr\u00e1mites administrativos:<\/p>\n<p>En la sede ubicada en Belgrano N\u00b0 2850 que es la que recibe mayor afluencia de usuarios, continuar\u00e1 vigente el sistema de turnos con la finalidad de<br \/>\nevitar la concentraci\u00f3n de personas.<\/p>\n<p>Por ello, para realizar tr\u00e1mites de conexiones o desconexiones de los Servicios El\u00e9ctrico y Sanitario, reclamos por da\u00f1os en artefactos, gestiones vinculadas a los Servicios Sociales y Planes de Pago se debe solicitar un turno ingresando a la p\u00e1gina web de Coopelectric: https:\/\/oficinavirtual.coopelectric.com.ar\/turnos\/ ; a la App \u201cTurnos Coopelectric\u201d (que puede descargarse desde la Play Store en el<br \/>\ncelular) o comunic\u00e1ndose de lunes a viernes de 7:30 a 14:30 hs.al Centro de Atenci\u00f3n Telef\u00f3nica 411666\/999. Es importante aclarar, que diariamente se habilita una cierta cantidad de turnos y una vez que los mismos han sido asignados, se debe esperar hasta el d\u00eda siguiente para poder solicitarlo.<\/p>\n<p>Coopelectric informa la forma de atenci\u00f3n en las oficinas tras la continuidad de la fase 3 en Olavarr\u00eda, ser\u00e1 a partir del pr\u00f3ximo lunes, no obstante se habilit\u00f3 la atenci\u00f3n de tr\u00e1mites v\u00eda WhatsApp para poder agilizar la gesti\u00f3n de quienes ya cuentan con turnos asignados, a los efectos de poder aumentar la cantidad de turnos disponibles en el sistema.<\/p>\n<p>Para el caso de Sierras Bayas e Hinojo, las Delegaciones funcionar\u00e1n en sus horarios habituales (lunes a viernes de 7:30 a 14:30 hs.) sin necesidad de<br \/>\nsolicitar un turno con antelaci\u00f3n.<\/p>\n<p>Pago de facturas<\/p>\n<p>Los usuarios podr\u00e1n abonar sus facturas de electricidad y agua a trav\u00e9s de:<\/p>\n<p>Home Banking: Mediante las Redes Link y Banelco, utilizando para ello el C\u00f3digo de Pago Electr\u00f3nico que aparece en el frente de las facturas.<br \/>\nDe esta manera se pueden abonar las facturas hasta la fecha de vencimiento inclusive.<\/p>\n<p>App de Mercado Pago: Debe ser descargada a trav\u00e9s del celular, escanear el c\u00f3digo de barra de las facturas con la c\u00e1mara del mismo y luego<br \/>\nrealizar el pago con tarjeta de d\u00e9bito. De esta forma se pueden abonar tanto facturas vencidas como las que no lo est\u00e9n.<\/p>\n<p>Bocas de Cobranzas: RapiPago, Pago F\u00e1cil, Cobro Expres, Bapro Pagos, C\u00e1mara Empresaria, Uni\u00f3n Industrial y Pronto Pago.<\/p>\n<p>Sede Administrativa de Coopelectric (Belgrano N\u00b0 2850): La caja funciona de 7:30 a 13:30 hs. y la atenci\u00f3n se realiza por orden de llegada,<br \/>\npor lo cual para evitar colas en el ingreso a la instituci\u00f3n recomendamos optar por los medios de pago digitales.<\/p>\n<p>Delegaci\u00f3n de Sierras Bayas: Lunes a viernes de 7:30 a 14:30 hs.<\/p>\n<p>Delegaci\u00f3n de Hinojo: Lunes a viernes de 7:30 a 14:30 hs.<\/p>\n<p>En la sede administrativa de Belgrano 2850, funciona un kiosco de autoconsulta para quienes no cuenten con la factura y deseen imprimir un<br \/>\ncup\u00f3n de pago. De todas maneras, es importante mencionar que para descargar las facturas en formato digital pueden registrarse en la Oficina Virtual: www.coopelectric.com.ar &lt;http:\/\/www.coopelectric.com.ar\/&gt; .<\/p>\n","protected":false},"excerpt":{"rendered":"<p>Coopelectric informa la forma de atenci\u00f3n en las oficinas tras la continuidad de la fase&#8230;<\/p>\n","protected":false},"author":1,"featured_media":41407,"comment_status":"closed","ping_status":"closed","sticky":false,"template":"","format":"standard","meta":{"content-type":""},"categories":[27,51],"tags":[],"nelio_content":{"isAutoShareEnabled":false,"autoShareEndMode":"default","automationSources":{"useContentSentences":true,"useSocialTemplates":true,"useCustomSentences":false,"customSentences":[]},"followers":[1],"suggestedReferences":[],"includedReferences":[],"efiUrl":"","efiAlt":"","highlights":[]},"yoast_head":"<!-- This site is optimized with the Yoast SEO plugin v20.7 - https:\/\/yoast.com\/wordpress\/plugins\/seo\/ -->\n<title>Coopelectric informa la forma de atenci\u00f3n en las oficinas<\/title>\n<meta name=\"description\" content=\"Coopelectric informa la forma de atenci\u00f3n en las oficinas tras la continuidad de la fase 3 en Olavarr\u00eda, ser\u00e1 a partir del pr\u00f3ximo lunes\" \/>\n<meta name=\"robots\" content=\"index, follow, max-snippet:-1, max-image-preview:large, max-video-preview:-1\" \/>\n<link rel=\"canonical\" href=\"https:\/\/experienciadevida.com.ar\/portalurbano\/coopelectric-informa-la-forma-de-atencion-en-las-oficinas-tras-la-continuidad-de-la-fase-3-en-olavarria\/\" \/>\n<meta property=\"og:locale\" content=\"es_ES\" \/>\n<meta property=\"og:type\" content=\"article\" \/>\n<meta property=\"og:title\" content=\"Coopelectric informa la forma de atenci\u00f3n en las oficinas\" \/>\n<meta property=\"og:description\" content=\"Coopelectric informa la forma de atenci\u00f3n en las oficinas tras la continuidad de la fase 3 en Olavarr\u00eda, ser\u00e1 a partir del pr\u00f3ximo lunes\" \/>\n<meta property=\"og:url\" content=\"https:\/\/experienciadevida.com.ar\/portalurbano\/coopelectric-informa-la-forma-de-atencion-en-las-oficinas-tras-la-continuidad-de-la-fase-3-en-olavarria\/\" \/>\n<meta property=\"article:publisher\" content=\"https:\/\/www.facebook.com\/Portal-Urbano-171542830093757\/\" \/>\n<meta property=\"article:published_time\" content=\"2021-05-29T17:10:47+00:00\" \/>\n<meta property=\"article:modified_time\" content=\"2021-05-29T17:14:27+00:00\" \/>\n<meta property=\"og:image\" content=\"https:\/\/experienciadevida.com.ar\/portalurbano\/wp-content\/uploads\/2018\/09\/PARO2-1-3.jpg\" \/>\n\t<meta property=\"og:image:width\" content=\"667\" \/>\n\t<meta property=\"og:image:height\" content=\"445\" \/>\n\t<meta property=\"og:image:type\" content=\"image\/jpeg\" \/>\n<meta name=\"author\" content=\"admpu17wp\" \/>\n<meta name=\"twitter:card\" content=\"summary_large_image\" \/>\n<meta name=\"twitter:creator\" content=\"@portalurbanook\" \/>\n<meta name=\"twitter:site\" content=\"@portalurbanook\" \/>\n<meta name=\"twitter:label1\" content=\"Escrito por\" \/>\n\t<meta name=\"twitter:data1\" content=\"admpu17wp\" \/>\n\t<meta name=\"twitter:label2\" content=\"Tiempo de lectura\" \/>\n\t<meta name=\"twitter:data2\" content=\"3 minutos\" \/>\n<script type=\"application\/ld+json\" class=\"yoast-schema-graph\">{\"@context\":\"https:\/\/schema.org\",\"@graph\":[{\"@type\":\"Article\",\"@id\":\"https:\/\/experienciadevida.com.ar\/portalurbano\/coopelectric-informa-la-forma-de-atencion-en-las-oficinas-tras-la-continuidad-de-la-fase-3-en-olavarria\/#article\",\"isPartOf\":{\"@id\":\"https:\/\/experienciadevida.com.ar\/portalurbano\/coopelectric-informa-la-forma-de-atencion-en-las-oficinas-tras-la-continuidad-de-la-fase-3-en-olavarria\/\"},\"author\":{\"name\":\"admpu17wp\",\"@id\":\"https:\/\/experienciadevida.com.ar\/portalurbano\/#\/schema\/person\/02dd326b1c4b056e9cc972486934a3a7\"},\"headline\":\"Coopelectric informa la forma de atenci\u00f3n en las oficinas tras la continuidad de la fase 3 en Olavarr\u00eda\",\"datePublished\":\"2021-05-29T17:10:47+00:00\",\"dateModified\":\"2021-05-29T17:14:27+00:00\",\"mainEntityOfPage\":{\"@id\":\"https:\/\/experienciadevida.com.ar\/portalurbano\/coopelectric-informa-la-forma-de-atencion-en-las-oficinas-tras-la-continuidad-de-la-fase-3-en-olavarria\/\"},\"wordCount\":614,\"publisher\":{\"@id\":\"https:\/\/experienciadevida.com.ar\/portalurbano\/#organization\"},\"articleSection\":[\"Ciudad\",\"Destacadas\"],\"inLanguage\":\"es\"},{\"@type\":\"WebPage\",\"@id\":\"https:\/\/experienciadevida.com.ar\/portalurbano\/coopelectric-informa-la-forma-de-atencion-en-las-oficinas-tras-la-continuidad-de-la-fase-3-en-olavarria\/\",\"url\":\"https:\/\/experienciadevida.com.ar\/portalurbano\/coopelectric-informa-la-forma-de-atencion-en-las-oficinas-tras-la-continuidad-de-la-fase-3-en-olavarria\/\",\"name\":\"Coopelectric informa la forma de atenci\u00f3n en las oficinas\",\"isPartOf\":{\"@id\":\"https:\/\/experienciadevida.com.ar\/portalurbano\/#website\"},\"datePublished\":\"2021-05-29T17:10:47+00:00\",\"dateModified\":\"2021-05-29T17:14:27+00:00\",\"description\":\"Coopelectric informa la forma de atenci\u00f3n en las oficinas tras la continuidad de la fase 3 en Olavarr\u00eda, ser\u00e1 a partir del pr\u00f3ximo lunes\",\"breadcrumb\":{\"@id\":\"https:\/\/experienciadevida.com.ar\/portalurbano\/coopelectric-informa-la-forma-de-atencion-en-las-oficinas-tras-la-continuidad-de-la-fase-3-en-olavarria\/#breadcrumb\"},\"inLanguage\":\"es\",\"potentialAction\":[{\"@type\":\"ReadAction\",\"target\":[\"https:\/\/experienciadevida.com.ar\/portalurbano\/coopelectric-informa-la-forma-de-atencion-en-las-oficinas-tras-la-continuidad-de-la-fase-3-en-olavarria\/\"]}]},{\"@type\":\"BreadcrumbList\",\"@id\":\"https:\/\/experienciadevida.com.ar\/portalurbano\/coopelectric-informa-la-forma-de-atencion-en-las-oficinas-tras-la-continuidad-de-la-fase-3-en-olavarria\/#breadcrumb\",\"itemListElement\":[{\"@type\":\"ListItem\",\"position\":1,\"name\":\"Portada\",\"item\":\"https:\/\/experienciadevida.com.ar\/portalurbano\/\"},{\"@type\":\"ListItem\",\"position\":2,\"name\":\"Coopelectric informa la forma de atenci\u00f3n en las oficinas tras la continuidad de la fase 3 en Olavarr\u00eda\"}]},{\"@type\":\"WebSite\",\"@id\":\"https:\/\/experienciadevida.com.ar\/portalurbano\/#website\",\"url\":\"https:\/\/experienciadevida.com.ar\/portalurbano\/\",\"name\":\"\",\"description\":\"\",\"publisher\":{\"@id\":\"https:\/\/experienciadevida.com.ar\/portalurbano\/#organization\"},\"potentialAction\":[{\"@type\":\"SearchAction\",\"target\":{\"@type\":\"EntryPoint\",\"urlTemplate\":\"https:\/\/experienciadevida.com.ar\/portalurbano\/?s={search_term_string}\"},\"query-input\":\"required name=search_term_string\"}],\"inLanguage\":\"es\"},{\"@type\":\"Organization\",\"@id\":\"https:\/\/experienciadevida.com.ar\/portalurbano\/#organization\",\"name\":\"Portal Urbano\",\"url\":\"https:\/\/experienciadevida.com.ar\/portalurbano\/\",\"logo\":{\"@type\":\"ImageObject\",\"inLanguage\":\"es\",\"@id\":\"https:\/\/experienciadevida.com.ar\/portalurbano\/#\/schema\/logo\/image\/\",\"url\":\"https:\/\/experienciadevida.com.ar\/portalurbano\/wp-content\/uploads\/2019\/09\/Logo-Original.png\",\"contentUrl\":\"https:\/\/experienciadevida.com.ar\/portalurbano\/wp-content\/uploads\/2019\/09\/Logo-Original.png\",\"width\":2236,\"height\":1216,\"caption\":\"Portal Urbano\"},\"image\":{\"@id\":\"https:\/\/experienciadevida.com.ar\/portalurbano\/#\/schema\/logo\/image\/\"},\"sameAs\":[\"https:\/\/www.facebook.com\/Portal-Urbano-171542830093757\/\",\"https:\/\/twitter.com\/portalurbanook\",\"https:\/\/www.instagram.com\/_portalurbano\/\",\"https:\/\/www.youtube.com\/channel\/UCXhagIfszH8KxFiOok79zbA?view_as=subscriber\"]},{\"@type\":\"Person\",\"@id\":\"https:\/\/experienciadevida.com.ar\/portalurbano\/#\/schema\/person\/02dd326b1c4b056e9cc972486934a3a7\",\"name\":\"admpu17wp\",\"image\":{\"@type\":\"ImageObject\",\"inLanguage\":\"es\",\"@id\":\"https:\/\/experienciadevida.com.ar\/portalurbano\/#\/schema\/person\/image\/\",\"url\":\"https:\/\/secure.gravatar.com\/avatar\/830d4c57adaae6630765e449a6908047?s=96&d=mm&r=g\",\"contentUrl\":\"https:\/\/secure.gravatar.com\/avatar\/830d4c57adaae6630765e449a6908047?s=96&d=mm&r=g\",\"caption\":\"admpu17wp\"}}]}<\/script>\n<!-- \/ Yoast SEO plugin. -->","yoast_head_json":{"title":"Coopelectric informa la forma de atenci\u00f3n en las oficinas","description":"Coopelectric informa la forma de atenci\u00f3n en las oficinas tras la continuidad de la fase 3 en Olavarr\u00eda, ser\u00e1 a partir del pr\u00f3ximo lunes","robots":{"index":"index","follow":"follow","max-snippet":"max-snippet:-1","max-image-preview":"max-image-preview:large","max-video-preview":"max-video-preview:-1"},"canonical":"https:\/\/experienciadevida.com.ar\/portalurbano\/coopelectric-informa-la-forma-de-atencion-en-las-oficinas-tras-la-continuidad-de-la-fase-3-en-olavarria\/","og_locale":"es_ES","og_type":"article","og_title":"Coopelectric informa la forma de atenci\u00f3n en las oficinas","og_description":"Coopelectric informa la forma de atenci\u00f3n en las oficinas tras la continuidad de la fase 3 en Olavarr\u00eda, ser\u00e1 a partir del pr\u00f3ximo lunes","og_url":"https:\/\/experienciadevida.com.ar\/portalurbano\/coopelectric-informa-la-forma-de-atencion-en-las-oficinas-tras-la-continuidad-de-la-fase-3-en-olavarria\/","article_publisher":"https:\/\/www.facebook.com\/Portal-Urbano-171542830093757\/","article_published_time":"2021-05-29T17:10:47+00:00","article_modified_time":"2021-05-29T17:14:27+00:00","og_image":[{"width":667,"height":445,"url":"https:\/\/experienciadevida.com.ar\/portalurbano\/wp-content\/uploads\/2018\/09\/PARO2-1-3.jpg","type":"image\/jpeg"}],"author":"admpu17wp","twitter_card":"summary_large_image","twitter_creator":"@portalurbanook","twitter_site":"@portalurbanook","twitter_misc":{"Escrito por":"admpu17wp","Tiempo de lectura":"3 minutos"},"schema":{"@context":"https:\/\/schema.org","@graph":[{"@type":"Article","@id":"https:\/\/experienciadevida.com.ar\/portalurbano\/coopelectric-informa-la-forma-de-atencion-en-las-oficinas-tras-la-continuidad-de-la-fase-3-en-olavarria\/#article","isPartOf":{"@id":"https:\/\/experienciadevida.com.ar\/portalurbano\/coopelectric-informa-la-forma-de-atencion-en-las-oficinas-tras-la-continuidad-de-la-fase-3-en-olavarria\/"},"author":{"name":"admpu17wp","@id":"https:\/\/experienciadevida.com.ar\/portalurbano\/#\/schema\/person\/02dd326b1c4b056e9cc972486934a3a7"},"headline":"Coopelectric informa la forma de atenci\u00f3n en las oficinas tras la continuidad de la fase 3 en Olavarr\u00eda","datePublished":"2021-05-29T17:10:47+00:00","dateModified":"2021-05-29T17:14:27+00:00","mainEntityOfPage":{"@id":"https:\/\/experienciadevida.com.ar\/portalurbano\/coopelectric-informa-la-forma-de-atencion-en-las-oficinas-tras-la-continuidad-de-la-fase-3-en-olavarria\/"},"wordCount":614,"publisher":{"@id":"https:\/\/experienciadevida.com.ar\/portalurbano\/#organization"},"articleSection":["Ciudad","Destacadas"],"inLanguage":"es"},{"@type":"WebPage","@id":"https:\/\/experienciadevida.com.ar\/portalurbano\/coopelectric-informa-la-forma-de-atencion-en-las-oficinas-tras-la-continuidad-de-la-fase-3-en-olavarria\/","url":"https:\/\/experienciadevida.com.ar\/portalurbano\/coopelectric-informa-la-forma-de-atencion-en-las-oficinas-tras-la-continuidad-de-la-fase-3-en-olavarria\/","name":"Coopelectric informa la forma de atenci\u00f3n en las oficinas","isPartOf":{"@id":"https:\/\/experienciadevida.com.ar\/portalurbano\/#website"},"datePublished":"2021-05-29T17:10:47+00:00","dateModified":"2021-05-29T17:14:27+00:00","description":"Coopelectric informa la forma de atenci\u00f3n en las oficinas tras la continuidad de la fase 3 en Olavarr\u00eda, ser\u00e1 a partir del pr\u00f3ximo lunes","breadcrumb":{"@id":"https:\/\/experienciadevida.com.ar\/portalurbano\/coopelectric-informa-la-forma-de-atencion-en-las-oficinas-tras-la-continuidad-de-la-fase-3-en-olavarria\/#breadcrumb"},"inLanguage":"es","potentialAction":[{"@type":"ReadAction","target":["https:\/\/experienciadevida.com.ar\/portalurbano\/coopelectric-informa-la-forma-de-atencion-en-las-oficinas-tras-la-continuidad-de-la-fase-3-en-olavarria\/"]}]},{"@type":"BreadcrumbList","@id":"https:\/\/experienciadevida.com.ar\/portalurbano\/coopelectric-informa-la-forma-de-atencion-en-las-oficinas-tras-la-continuidad-de-la-fase-3-en-olavarria\/#breadcrumb","itemListElement":[{"@type":"ListItem","position":1,"name":"Portada","item":"https:\/\/experienciadevida.com.ar\/portalurbano\/"},{"@type":"ListItem","position":2,"name":"Coopelectric informa la forma de atenci\u00f3n en las oficinas tras la continuidad de la fase 3 en Olavarr\u00eda"}]},{"@type":"WebSite","@id":"https:\/\/experienciadevida.com.ar\/portalurbano\/#website","url":"https:\/\/experienciadevida.com.ar\/portalurbano\/","name":"","description":"","publisher":{"@id":"https:\/\/experienciadevida.com.ar\/portalurbano\/#organization"},"potentialAction":[{"@type":"SearchAction","target":{"@type":"EntryPoint","urlTemplate":"https:\/\/experienciadevida.com.ar\/portalurbano\/?s={search_term_string}"},"query-input":"required name=search_term_string"}],"inLanguage":"es"},{"@type":"Organization","@id":"https:\/\/experienciadevida.com.ar\/portalurbano\/#organization","name":"Portal Urbano","url":"https:\/\/experienciadevida.com.ar\/portalurbano\/","logo":{"@type":"ImageObject","inLanguage":"es","@id":"https:\/\/experienciadevida.com.ar\/portalurbano\/#\/schema\/logo\/image\/","url":"https:\/\/experienciadevida.com.ar\/portalurbano\/wp-content\/uploads\/2019\/09\/Logo-Original.png","contentUrl":"https:\/\/experienciadevida.com.ar\/portalurbano\/wp-content\/uploads\/2019\/09\/Logo-Original.png","width":2236,"height":1216,"caption":"Portal Urbano"},"image":{"@id":"https:\/\/experienciadevida.com.ar\/portalurbano\/#\/schema\/logo\/image\/"},"sameAs":["https:\/\/www.facebook.com\/Portal-Urbano-171542830093757\/","https:\/\/twitter.com\/portalurbanook","https:\/\/www.instagram.com\/_portalurbano\/","https:\/\/www.youtube.com\/channel\/UCXhagIfszH8KxFiOok79zbA?view_as=subscriber"]},{"@type":"Person","@id":"https:\/\/experienciadevida.com.ar\/portalurbano\/#\/schema\/person\/02dd326b1c4b056e9cc972486934a3a7","name":"admpu17wp","image":{"@type":"ImageObject","inLanguage":"es","@id":"https:\/\/experienciadevida.com.ar\/portalurbano\/#\/schema\/person\/image\/","url":"https:\/\/secure.gravatar.com\/avatar\/830d4c57adaae6630765e449a6908047?s=96&d=mm&r=g","contentUrl":"https:\/\/secure.gravatar.com\/avatar\/830d4c57adaae6630765e449a6908047?s=96&d=mm&r=g","caption":"admpu17wp"}}]}},"featured_image_urls":{"full":["https:\/\/experienciadevida.com.ar\/portalurbano\/wp-content\/uploads\/2018\/09\/PARO2-1-3.jpg",667,445,false],"thumbnail":["https:\/\/experienciadevida.com.ar\/portalurbano\/wp-content\/uploads\/2018\/09\/PARO2-1-3-150x150.jpg",150,150,true],"medium":["https:\/\/experienciadevida.com.ar\/portalurbano\/wp-content\/uploads\/2018\/09\/PARO2-1-3-300x200.jpg",300,200,true],"medium_large":["https:\/\/experienciadevida.com.ar\/portalurbano\/wp-content\/uploads\/2018\/09\/PARO2-1-3.jpg",640,427,false],"large":["https:\/\/experienciadevida.com.ar\/portalurbano\/wp-content\/uploads\/2018\/09\/PARO2-1-3.jpg",640,427,false],"ug_big":["https:\/\/experienciadevida.com.ar\/portalurbano\/wp-content\/uploads\/2018\/09\/PARO2-1-3.jpg",667,445,false],"1536x1536":["https:\/\/experienciadevida.com.ar\/portalurbano\/wp-content\/uploads\/2018\/09\/PARO2-1-3.jpg",667,445,false],"2048x2048":["https:\/\/experienciadevida.com.ar\/portalurbano\/wp-content\/uploads\/2018\/09\/PARO2-1-3.jpg",667,445,false],"newsever-slider-full":["https:\/\/experienciadevida.com.ar\/portalurbano\/wp-content\/uploads\/2018\/09\/PARO2-1-3.jpg",667,445,false],"newsever-featured":["https:\/\/experienciadevida.com.ar\/portalurbano\/wp-content\/uploads\/2018\/09\/PARO2-1-3.jpg",667,445,false],"newsever-medium":["https:\/\/experienciadevida.com.ar\/portalurbano\/wp-content\/uploads\/2018\/09\/PARO2-1-3.jpg",667,445,false],"web-stories-poster-portrait":["https:\/\/experienciadevida.com.ar\/portalurbano\/wp-content\/uploads\/2018\/09\/PARO2-1-3.jpg",640,427,false],"web-stories-publisher-logo":["https:\/\/experienciadevida.com.ar\/portalurbano\/wp-content\/uploads\/2018\/09\/PARO2-1-3.jpg",96,64,false],"web-stories-thumbnail":["https:\/\/experienciadevida.com.ar\/portalurbano\/wp-content\/uploads\/2018\/09\/PARO2-1-3.jpg",150,100,false]},"author_info":{"display_name":"admpu17wp","author_link":"https:\/\/experienciadevida.com.ar\/portalurbano\/author\/admpu17wp\/"},"category_info":"<a href=\"https:\/\/experienciadevida.com.ar\/portalurbano\/category\/ciudad\/\" rel=\"category tag\">Ciudad<\/a> <a href=\"https:\/\/experienciadevida.com.ar\/portalurbano\/category\/destacadas\/\" rel=\"category tag\">Destacadas<\/a>","tag_info":"Destacadas","comment_count":"0","amp_enabled":true,"_links":{"self":[{"href":"https:\/\/experienciadevida.com.ar\/portalurbano\/wp-json\/wp\/v2\/posts\/144006"}],"collection":[{"href":"https:\/\/experienciadevida.com.ar\/portalurbano\/wp-json\/wp\/v2\/posts"}],"about":[{"href":"https:\/\/experienciadevida.com.ar\/portalurbano\/wp-json\/wp\/v2\/types\/post"}],"author":[{"embeddable":true,"href":"https:\/\/experienciadevida.com.ar\/portalurbano\/wp-json\/wp\/v2\/users\/1"}],"replies":[{"embeddable":true,"href":"https:\/\/experienciadevida.com.ar\/portalurbano\/wp-json\/wp\/v2\/comments?post=144006"}],"version-history":[{"count":2,"href":"https:\/\/experienciadevida.com.ar\/portalurbano\/wp-json\/wp\/v2\/posts\/144006\/revisions"}],"predecessor-version":[{"id":144008,"href":"https:\/\/experienciadevida.com.ar\/portalurbano\/wp-json\/wp\/v2\/posts\/144006\/revisions\/144008"}],"wp:featuredmedia":[{"embeddable":true,"href":"https:\/\/experienciadevida.com.ar\/portalurbano\/wp-json\/wp\/v2\/media\/41407"}],"wp:attachment":[{"href":"https:\/\/experienciadevida.com.ar\/portalurbano\/wp-json\/wp\/v2\/media?parent=144006"}],"wp:term":[{"taxonomy":"category","embeddable":true,"href":"https:\/\/experienciadevida.com.ar\/portalurbano\/wp-json\/wp\/v2\/categories?post=144006"},{"taxonomy":"post_tag","embeddable":true,"href":"https:\/\/experienciadevida.com.ar\/portalurbano\/wp-json\/wp\/v2\/tags?post=144006"}],"curies":[{"name":"wp","href":"https:\/\/api.w.org\/{rel}","templated":true}]}}