{"id":143930,"date":"2021-05-28T13:42:32","date_gmt":"2021-05-28T16:42:32","guid":{"rendered":"https:\/\/experienciadevida.com.ar\/portalurbano\/?p=143930"},"modified":"2021-05-28T13:49:18","modified_gmt":"2021-05-28T16:49:18","slug":"continua-el-acompanamiento-a-sociedades-de-fomento-y-juntas-vecinales","status":"publish","type":"post","link":"https:\/\/experienciadevida.com.ar\/portalurbano\/continua-el-acompanamiento-a-sociedades-de-fomento-y-juntas-vecinales\/","title":{"rendered":"Contin\u00faa el acompa\u00f1amiento a Sociedades de Fomento y Juntas Vecinales"},"content":{"rendered":"<p>Contin\u00faa el acompa\u00f1amiento a Sociedades de Fomento y Juntas Vecinales, desde Relaciones con la Comunidad, la directora del \u00e1rea Laura Sequeira se reuni\u00f3 con Gabriel Castro de la Sociedad de Fomento General Jos\u00e9 de San Mart\u00edn (en Barrio CECO).<\/p>\n<p>Hablaron sobre la obra que se desarrolla actualmente en el barrio, el trabajo conjunto con la Direcci\u00f3n de Bromatolog\u00eda en el sal\u00f3n de la entidad y otra gran cantidad de actividades que se llevan a cabo desde la entidad dentro del contexto sanitario vigente.<\/p>\n<p>Contin\u00faa el acompa\u00f1amiento a sociedades de fomento y juntas vecinales, Adem\u00e1s Gabriel cont\u00f3 que todos los d\u00edas camina el barrio para conocer las inquietudes y requerimientos que tenga cada vecino.<\/p>\n<p>Desde la Municipalidad de Olavarr\u00eda, la premisa de acompa\u00f1ar a las Sociedades de Fomento y Juntas Vecinales contin\u00faa en pos de colaborar al trabajo diario que cada entidad realiza en los barrios.<\/p>\n<p>&nbsp;<\/p>\n","protected":false},"excerpt":{"rendered":"<p>Contin\u00faa el acompa\u00f1amiento a Sociedades de Fomento y Juntas Vecinales, desde Relaciones con la Comunidad,&#8230;<\/p>\n","protected":false},"author":1,"featured_media":143931,"comment_status":"closed","ping_status":"closed","sticky":false,"template":"","format":"standard","meta":{"content-type":""},"categories":[27,51],"tags":[],"nelio_content":{"isAutoShareEnabled":false,"autoShareEndMode":"default","automationSources":{"useContentSentences":true,"useSocialTemplates":true,"useCustomSentences":false,"customSentences":[]},"followers":[1],"suggestedReferences":[],"includedReferences":[],"efiUrl":"","efiAlt":"","highlights":[]},"yoast_head":"<!-- This site is optimized with the Yoast SEO plugin v20.7 - https:\/\/yoast.com\/wordpress\/plugins\/seo\/ -->\n<title>Contin\u00faa el acompa\u00f1amiento a sociedades de fomento y juntas vecinales<\/title>\n<meta name=\"description\" content=\"Contin\u00faa el acompa\u00f1amiento a Sociedades de Fomento y Juntas Vecinales, desde Relaciones con la Comunidad sequeira se reuni\u00f3.\" \/>\n<meta name=\"robots\" content=\"index, follow, max-snippet:-1, max-image-preview:large, max-video-preview:-1\" \/>\n<link rel=\"canonical\" href=\"https:\/\/experienciadevida.com.ar\/portalurbano\/continua-el-acompanamiento-a-sociedades-de-fomento-y-juntas-vecinales\/\" \/>\n<meta property=\"og:locale\" content=\"es_ES\" \/>\n<meta property=\"og:type\" content=\"article\" \/>\n<meta property=\"og:title\" content=\"Contin\u00faa el acompa\u00f1amiento a sociedades de fomento y juntas vecinales\" \/>\n<meta property=\"og:description\" content=\"Contin\u00faa el acompa\u00f1amiento a Sociedades de Fomento y Juntas Vecinales, desde Relaciones con la Comunidad sequeira se reuni\u00f3.\" \/>\n<meta property=\"og:url\" content=\"https:\/\/experienciadevida.com.ar\/portalurbano\/continua-el-acompanamiento-a-sociedades-de-fomento-y-juntas-vecinales\/\" \/>\n<meta property=\"article:publisher\" content=\"https:\/\/www.facebook.com\/Portal-Urbano-171542830093757\/\" \/>\n<meta property=\"article:published_time\" content=\"2021-05-28T16:42:32+00:00\" \/>\n<meta property=\"article:modified_time\" content=\"2021-05-28T16:49:18+00:00\" \/>\n<meta property=\"og:image\" content=\"https:\/\/experienciadevida.com.ar\/portalurbano\/wp-content\/uploads\/2021\/05\/Continua-el-acompanamiento-a-Sociedades.jpeg\" \/>\n\t<meta property=\"og:image:width\" content=\"1024\" \/>\n\t<meta property=\"og:image:height\" content=\"768\" \/>\n\t<meta property=\"og:image:type\" content=\"image\/jpeg\" \/>\n<meta name=\"author\" content=\"admpu17wp\" \/>\n<meta name=\"twitter:card\" content=\"summary_large_image\" \/>\n<meta name=\"twitter:creator\" content=\"@portalurbanook\" \/>\n<meta name=\"twitter:site\" content=\"@portalurbanook\" \/>\n<meta name=\"twitter:label1\" content=\"Escrito por\" \/>\n\t<meta name=\"twitter:data1\" content=\"admpu17wp\" \/>\n\t<meta name=\"twitter:label2\" content=\"Tiempo de lectura\" \/>\n\t<meta name=\"twitter:data2\" content=\"1 minuto\" \/>\n<script type=\"application\/ld+json\" class=\"yoast-schema-graph\">{\"@context\":\"https:\/\/schema.org\",\"@graph\":[{\"@type\":\"Article\",\"@id\":\"https:\/\/experienciadevida.com.ar\/portalurbano\/continua-el-acompanamiento-a-sociedades-de-fomento-y-juntas-vecinales\/#article\",\"isPartOf\":{\"@id\":\"https:\/\/experienciadevida.com.ar\/portalurbano\/continua-el-acompanamiento-a-sociedades-de-fomento-y-juntas-vecinales\/\"},\"author\":{\"name\":\"admpu17wp\",\"@id\":\"https:\/\/experienciadevida.com.ar\/portalurbano\/#\/schema\/person\/02dd326b1c4b056e9cc972486934a3a7\"},\"headline\":\"Contin\u00faa el acompa\u00f1amiento a Sociedades de Fomento y Juntas Vecinales\",\"datePublished\":\"2021-05-28T16:42:32+00:00\",\"dateModified\":\"2021-05-28T16:49:18+00:00\",\"mainEntityOfPage\":{\"@id\":\"https:\/\/experienciadevida.com.ar\/portalurbano\/continua-el-acompanamiento-a-sociedades-de-fomento-y-juntas-vecinales\/\"},\"wordCount\":171,\"publisher\":{\"@id\":\"https:\/\/experienciadevida.com.ar\/portalurbano\/#organization\"},\"articleSection\":[\"Ciudad\",\"Destacadas\"],\"inLanguage\":\"es\"},{\"@type\":\"WebPage\",\"@id\":\"https:\/\/experienciadevida.com.ar\/portalurbano\/continua-el-acompanamiento-a-sociedades-de-fomento-y-juntas-vecinales\/\",\"url\":\"https:\/\/experienciadevida.com.ar\/portalurbano\/continua-el-acompanamiento-a-sociedades-de-fomento-y-juntas-vecinales\/\",\"name\":\"Contin\u00faa el acompa\u00f1amiento a sociedades de fomento y juntas vecinales\",\"isPartOf\":{\"@id\":\"https:\/\/experienciadevida.com.ar\/portalurbano\/#website\"},\"datePublished\":\"2021-05-28T16:42:32+00:00\",\"dateModified\":\"2021-05-28T16:49:18+00:00\",\"description\":\"Contin\u00faa el acompa\u00f1amiento a Sociedades de Fomento y Juntas Vecinales, desde Relaciones con la Comunidad sequeira se reuni\u00f3.\",\"breadcrumb\":{\"@id\":\"https:\/\/experienciadevida.com.ar\/portalurbano\/continua-el-acompanamiento-a-sociedades-de-fomento-y-juntas-vecinales\/#breadcrumb\"},\"inLanguage\":\"es\",\"potentialAction\":[{\"@type\":\"ReadAction\",\"target\":[\"https:\/\/experienciadevida.com.ar\/portalurbano\/continua-el-acompanamiento-a-sociedades-de-fomento-y-juntas-vecinales\/\"]}]},{\"@type\":\"BreadcrumbList\",\"@id\":\"https:\/\/experienciadevida.com.ar\/portalurbano\/continua-el-acompanamiento-a-sociedades-de-fomento-y-juntas-vecinales\/#breadcrumb\",\"itemListElement\":[{\"@type\":\"ListItem\",\"position\":1,\"name\":\"Portada\",\"item\":\"https:\/\/experienciadevida.com.ar\/portalurbano\/\"},{\"@type\":\"ListItem\",\"position\":2,\"name\":\"Contin\u00faa el acompa\u00f1amiento a Sociedades de Fomento y Juntas Vecinales\"}]},{\"@type\":\"WebSite\",\"@id\":\"https:\/\/experienciadevida.com.ar\/portalurbano\/#website\",\"url\":\"https:\/\/experienciadevida.com.ar\/portalurbano\/\",\"name\":\"\",\"description\":\"\",\"publisher\":{\"@id\":\"https:\/\/experienciadevida.com.ar\/portalurbano\/#organization\"},\"potentialAction\":[{\"@type\":\"SearchAction\",\"target\":{\"@type\":\"EntryPoint\",\"urlTemplate\":\"https:\/\/experienciadevida.com.ar\/portalurbano\/?s={search_term_string}\"},\"query-input\":\"required name=search_term_string\"}],\"inLanguage\":\"es\"},{\"@type\":\"Organization\",\"@id\":\"https:\/\/experienciadevida.com.ar\/portalurbano\/#organization\",\"name\":\"Portal Urbano\",\"url\":\"https:\/\/experienciadevida.com.ar\/portalurbano\/\",\"logo\":{\"@type\":\"ImageObject\",\"inLanguage\":\"es\",\"@id\":\"https:\/\/experienciadevida.com.ar\/portalurbano\/#\/schema\/logo\/image\/\",\"url\":\"https:\/\/experienciadevida.com.ar\/portalurbano\/wp-content\/uploads\/2019\/09\/Logo-Original.png\",\"contentUrl\":\"https:\/\/experienciadevida.com.ar\/portalurbano\/wp-content\/uploads\/2019\/09\/Logo-Original.png\",\"width\":2236,\"height\":1216,\"caption\":\"Portal Urbano\"},\"image\":{\"@id\":\"https:\/\/experienciadevida.com.ar\/portalurbano\/#\/schema\/logo\/image\/\"},\"sameAs\":[\"https:\/\/www.facebook.com\/Portal-Urbano-171542830093757\/\",\"https:\/\/twitter.com\/portalurbanook\",\"https:\/\/www.instagram.com\/_portalurbano\/\",\"https:\/\/www.youtube.com\/channel\/UCXhagIfszH8KxFiOok79zbA?view_as=subscriber\"]},{\"@type\":\"Person\",\"@id\":\"https:\/\/experienciadevida.com.ar\/portalurbano\/#\/schema\/person\/02dd326b1c4b056e9cc972486934a3a7\",\"name\":\"admpu17wp\",\"image\":{\"@type\":\"ImageObject\",\"inLanguage\":\"es\",\"@id\":\"https:\/\/experienciadevida.com.ar\/portalurbano\/#\/schema\/person\/image\/\",\"url\":\"https:\/\/secure.gravatar.com\/avatar\/830d4c57adaae6630765e449a6908047?s=96&d=mm&r=g\",\"contentUrl\":\"https:\/\/secure.gravatar.com\/avatar\/830d4c57adaae6630765e449a6908047?s=96&d=mm&r=g\",\"caption\":\"admpu17wp\"}}]}<\/script>\n<!-- \/ Yoast SEO plugin. -->","yoast_head_json":{"title":"Contin\u00faa el acompa\u00f1amiento a sociedades de fomento y juntas vecinales","description":"Contin\u00faa el acompa\u00f1amiento a Sociedades de Fomento y Juntas Vecinales, desde Relaciones con la Comunidad sequeira se reuni\u00f3.","robots":{"index":"index","follow":"follow","max-snippet":"max-snippet:-1","max-image-preview":"max-image-preview:large","max-video-preview":"max-video-preview:-1"},"canonical":"https:\/\/experienciadevida.com.ar\/portalurbano\/continua-el-acompanamiento-a-sociedades-de-fomento-y-juntas-vecinales\/","og_locale":"es_ES","og_type":"article","og_title":"Contin\u00faa el acompa\u00f1amiento a sociedades de fomento y juntas vecinales","og_description":"Contin\u00faa el acompa\u00f1amiento a Sociedades de Fomento y Juntas Vecinales, desde Relaciones con la Comunidad sequeira se reuni\u00f3.","og_url":"https:\/\/experienciadevida.com.ar\/portalurbano\/continua-el-acompanamiento-a-sociedades-de-fomento-y-juntas-vecinales\/","article_publisher":"https:\/\/www.facebook.com\/Portal-Urbano-171542830093757\/","article_published_time":"2021-05-28T16:42:32+00:00","article_modified_time":"2021-05-28T16:49:18+00:00","og_image":[{"width":1024,"height":768,"url":"https:\/\/experienciadevida.com.ar\/portalurbano\/wp-content\/uploads\/2021\/05\/Continua-el-acompanamiento-a-Sociedades.jpeg","type":"image\/jpeg"}],"author":"admpu17wp","twitter_card":"summary_large_image","twitter_creator":"@portalurbanook","twitter_site":"@portalurbanook","twitter_misc":{"Escrito por":"admpu17wp","Tiempo de lectura":"1 minuto"},"schema":{"@context":"https:\/\/schema.org","@graph":[{"@type":"Article","@id":"https:\/\/experienciadevida.com.ar\/portalurbano\/continua-el-acompanamiento-a-sociedades-de-fomento-y-juntas-vecinales\/#article","isPartOf":{"@id":"https:\/\/experienciadevida.com.ar\/portalurbano\/continua-el-acompanamiento-a-sociedades-de-fomento-y-juntas-vecinales\/"},"author":{"name":"admpu17wp","@id":"https:\/\/experienciadevida.com.ar\/portalurbano\/#\/schema\/person\/02dd326b1c4b056e9cc972486934a3a7"},"headline":"Contin\u00faa el acompa\u00f1amiento a Sociedades de Fomento y Juntas Vecinales","datePublished":"2021-05-28T16:42:32+00:00","dateModified":"2021-05-28T16:49:18+00:00","mainEntityOfPage":{"@id":"https:\/\/experienciadevida.com.ar\/portalurbano\/continua-el-acompanamiento-a-sociedades-de-fomento-y-juntas-vecinales\/"},"wordCount":171,"publisher":{"@id":"https:\/\/experienciadevida.com.ar\/portalurbano\/#organization"},"articleSection":["Ciudad","Destacadas"],"inLanguage":"es"},{"@type":"WebPage","@id":"https:\/\/experienciadevida.com.ar\/portalurbano\/continua-el-acompanamiento-a-sociedades-de-fomento-y-juntas-vecinales\/","url":"https:\/\/experienciadevida.com.ar\/portalurbano\/continua-el-acompanamiento-a-sociedades-de-fomento-y-juntas-vecinales\/","name":"Contin\u00faa el acompa\u00f1amiento a sociedades de fomento y juntas vecinales","isPartOf":{"@id":"https:\/\/experienciadevida.com.ar\/portalurbano\/#website"},"datePublished":"2021-05-28T16:42:32+00:00","dateModified":"2021-05-28T16:49:18+00:00","description":"Contin\u00faa el acompa\u00f1amiento a Sociedades de Fomento y Juntas Vecinales, desde Relaciones con la Comunidad sequeira se reuni\u00f3.","breadcrumb":{"@id":"https:\/\/experienciadevida.com.ar\/portalurbano\/continua-el-acompanamiento-a-sociedades-de-fomento-y-juntas-vecinales\/#breadcrumb"},"inLanguage":"es","potentialAction":[{"@type":"ReadAction","target":["https:\/\/experienciadevida.com.ar\/portalurbano\/continua-el-acompanamiento-a-sociedades-de-fomento-y-juntas-vecinales\/"]}]},{"@type":"BreadcrumbList","@id":"https:\/\/experienciadevida.com.ar\/portalurbano\/continua-el-acompanamiento-a-sociedades-de-fomento-y-juntas-vecinales\/#breadcrumb","itemListElement":[{"@type":"ListItem","position":1,"name":"Portada","item":"https:\/\/experienciadevida.com.ar\/portalurbano\/"},{"@type":"ListItem","position":2,"name":"Contin\u00faa el acompa\u00f1amiento a Sociedades de Fomento y Juntas Vecinales"}]},{"@type":"WebSite","@id":"https:\/\/experienciadevida.com.ar\/portalurbano\/#website","url":"https:\/\/experienciadevida.com.ar\/portalurbano\/","name":"","description":"","publisher":{"@id":"https:\/\/experienciadevida.com.ar\/portalurbano\/#organization"},"potentialAction":[{"@type":"SearchAction","target":{"@type":"EntryPoint","urlTemplate":"https:\/\/experienciadevida.com.ar\/portalurbano\/?s={search_term_string}"},"query-input":"required name=search_term_string"}],"inLanguage":"es"},{"@type":"Organization","@id":"https:\/\/experienciadevida.com.ar\/portalurbano\/#organization","name":"Portal Urbano","url":"https:\/\/experienciadevida.com.ar\/portalurbano\/","logo":{"@type":"ImageObject","inLanguage":"es","@id":"https:\/\/experienciadevida.com.ar\/portalurbano\/#\/schema\/logo\/image\/","url":"https:\/\/experienciadevida.com.ar\/portalurbano\/wp-content\/uploads\/2019\/09\/Logo-Original.png","contentUrl":"https:\/\/experienciadevida.com.ar\/portalurbano\/wp-content\/uploads\/2019\/09\/Logo-Original.png","width":2236,"height":1216,"caption":"Portal Urbano"},"image":{"@id":"https:\/\/experienciadevida.com.ar\/portalurbano\/#\/schema\/logo\/image\/"},"sameAs":["https:\/\/www.facebook.com\/Portal-Urbano-171542830093757\/","https:\/\/twitter.com\/portalurbanook","https:\/\/www.instagram.com\/_portalurbano\/","https:\/\/www.youtube.com\/channel\/UCXhagIfszH8KxFiOok79zbA?view_as=subscriber"]},{"@type":"Person","@id":"https:\/\/experienciadevida.com.ar\/portalurbano\/#\/schema\/person\/02dd326b1c4b056e9cc972486934a3a7","name":"admpu17wp","image":{"@type":"ImageObject","inLanguage":"es","@id":"https:\/\/experienciadevida.com.ar\/portalurbano\/#\/schema\/person\/image\/","url":"https:\/\/secure.gravatar.com\/avatar\/830d4c57adaae6630765e449a6908047?s=96&d=mm&r=g","contentUrl":"https:\/\/secure.gravatar.com\/avatar\/830d4c57adaae6630765e449a6908047?s=96&d=mm&r=g","caption":"admpu17wp"}}]}},"featured_image_urls":{"full":["https:\/\/experienciadevida.com.ar\/portalurbano\/wp-content\/uploads\/2021\/05\/Continua-el-acompanamiento-a-Sociedades.jpeg",1024,768,false],"thumbnail":["https:\/\/experienciadevida.com.ar\/portalurbano\/wp-content\/uploads\/2021\/05\/Continua-el-acompanamiento-a-Sociedades-150x150.jpeg",150,150,true],"medium":["https:\/\/experienciadevida.com.ar\/portalurbano\/wp-content\/uploads\/2021\/05\/Continua-el-acompanamiento-a-Sociedades-300x225.jpeg",300,225,true],"medium_large":["https:\/\/experienciadevida.com.ar\/portalurbano\/wp-content\/uploads\/2021\/05\/Continua-el-acompanamiento-a-Sociedades-768x576.jpeg",640,480,true],"large":["https:\/\/experienciadevida.com.ar\/portalurbano\/wp-content\/uploads\/2021\/05\/Continua-el-acompanamiento-a-Sociedades.jpeg",640,480,false],"ug_big":["https:\/\/experienciadevida.com.ar\/portalurbano\/wp-content\/uploads\/2021\/05\/Continua-el-acompanamiento-a-Sociedades-768x576.jpeg",768,576,true],"1536x1536":["https:\/\/experienciadevida.com.ar\/portalurbano\/wp-content\/uploads\/2021\/05\/Continua-el-acompanamiento-a-Sociedades.jpeg",1024,768,false],"2048x2048":["https:\/\/experienciadevida.com.ar\/portalurbano\/wp-content\/uploads\/2021\/05\/Continua-el-acompanamiento-a-Sociedades.jpeg",1024,768,false],"newsever-slider-full":["https:\/\/experienciadevida.com.ar\/portalurbano\/wp-content\/uploads\/2021\/05\/Continua-el-acompanamiento-a-Sociedades.jpeg",1024,768,false],"newsever-featured":["https:\/\/experienciadevida.com.ar\/portalurbano\/wp-content\/uploads\/2021\/05\/Continua-el-acompanamiento-a-Sociedades.jpeg",1024,768,false],"newsever-medium":["https:\/\/experienciadevida.com.ar\/portalurbano\/wp-content\/uploads\/2021\/05\/Continua-el-acompanamiento-a-Sociedades.jpeg",633,475,false],"web-stories-poster-portrait":["https:\/\/experienciadevida.com.ar\/portalurbano\/wp-content\/uploads\/2021\/05\/Continua-el-acompanamiento-a-Sociedades.jpeg",640,480,false],"web-stories-publisher-logo":["https:\/\/experienciadevida.com.ar\/portalurbano\/wp-content\/uploads\/2021\/05\/Continua-el-acompanamiento-a-Sociedades.jpeg",96,72,false],"web-stories-thumbnail":["https:\/\/experienciadevida.com.ar\/portalurbano\/wp-content\/uploads\/2021\/05\/Continua-el-acompanamiento-a-Sociedades.jpeg",150,113,false]},"author_info":{"display_name":"admpu17wp","author_link":"https:\/\/experienciadevida.com.ar\/portalurbano\/author\/admpu17wp\/"},"category_info":"<a href=\"https:\/\/experienciadevida.com.ar\/portalurbano\/category\/ciudad\/\" rel=\"category tag\">Ciudad<\/a> <a href=\"https:\/\/experienciadevida.com.ar\/portalurbano\/category\/destacadas\/\" rel=\"category tag\">Destacadas<\/a>","tag_info":"Destacadas","comment_count":"0","amp_enabled":true,"_links":{"self":[{"href":"https:\/\/experienciadevida.com.ar\/portalurbano\/wp-json\/wp\/v2\/posts\/143930"}],"collection":[{"href":"https:\/\/experienciadevida.com.ar\/portalurbano\/wp-json\/wp\/v2\/posts"}],"about":[{"href":"https:\/\/experienciadevida.com.ar\/portalurbano\/wp-json\/wp\/v2\/types\/post"}],"author":[{"embeddable":true,"href":"https:\/\/experienciadevida.com.ar\/portalurbano\/wp-json\/wp\/v2\/users\/1"}],"replies":[{"embeddable":true,"href":"https:\/\/experienciadevida.com.ar\/portalurbano\/wp-json\/wp\/v2\/comments?post=143930"}],"version-history":[{"count":3,"href":"https:\/\/experienciadevida.com.ar\/portalurbano\/wp-json\/wp\/v2\/posts\/143930\/revisions"}],"predecessor-version":[{"id":143934,"href":"https:\/\/experienciadevida.com.ar\/portalurbano\/wp-json\/wp\/v2\/posts\/143930\/revisions\/143934"}],"wp:featuredmedia":[{"embeddable":true,"href":"https:\/\/experienciadevida.com.ar\/portalurbano\/wp-json\/wp\/v2\/media\/143931"}],"wp:attachment":[{"href":"https:\/\/experienciadevida.com.ar\/portalurbano\/wp-json\/wp\/v2\/media?parent=143930"}],"wp:term":[{"taxonomy":"category","embeddable":true,"href":"https:\/\/experienciadevida.com.ar\/portalurbano\/wp-json\/wp\/v2\/categories?post=143930"},{"taxonomy":"post_tag","embeddable":true,"href":"https:\/\/experienciadevida.com.ar\/portalurbano\/wp-json\/wp\/v2\/tags?post=143930"}],"curies":[{"name":"wp","href":"https:\/\/api.w.org\/{rel}","templated":true}]}}