{"id":143911,"date":"2021-05-28T16:40:26","date_gmt":"2021-05-28T19:40:26","guid":{"rendered":"https:\/\/experienciadevida.com.ar\/portalurbano\/?p=143911"},"modified":"2021-05-28T16:42:06","modified_gmt":"2021-05-28T19:42:06","slug":"sin-cambios-olavarria-continua-en-fase-3-junto-a-otros-municipios","status":"publish","type":"post","link":"https:\/\/experienciadevida.com.ar\/portalurbano\/sin-cambios-olavarria-continua-en-fase-3-junto-a-otros-municipios\/","title":{"rendered":"Sin cambios Olavarr\u00eda contin\u00faa en fase 3 junto a otros Municipios"},"content":{"rendered":"<p>Sin cambios Olavarr\u00eda contin\u00faa en fase 3 junto a otros Municipios, En la jornada de este viernes como todas las semanas el Ministro de Salud Provincial Daniel Gollan junto a Carlos Bianco brindan una conferencia de prensa sobre la situaci\u00f3n sanitaria y las fases en las que se encuentra cada Municipio.<\/p>\n<p>El primero en hablar fue Gollan &#8220;es una semana at\u00edpica estamos dando la conferencia que habitualmente hacemos los d\u00edas martes hoy viernes, pero tambi\u00e9n es una semana at\u00edpica desde el punto de vista de los n\u00fameros que vamos a estar presentando dando cuenta de que lunes y martes fueron d\u00edas feriados y como la experiencia marca a lo largo de esta pandemia puede haber siempre una distorsi\u00f3n en la cantidad de n\u00fameros reales por eso hablamos de una semana at\u00edpica y tambi\u00e9n al dar la conferencia hoy ya tenemos una evoluci\u00f3n de lo que pas\u00f3 hasta ayer 4 d\u00edas de la nueva semana, cosa que cuando lo hacemos los d\u00edas martes solo tenemos la referencia de lo que ha pasado el lunes anterior no se puede marcar una tendencia en un s\u00f3lo d\u00eda&#8221;.<\/p>\n<p>&#8220;Quiero aclarar porque ayer con la cantidad de casos que hubo en el pa\u00eds no tanto en la provincia fue un aumento relativamente menor a lo que se observa en el interior de todo el pa\u00eds incluido el interior provincial tenemos que aclarar que el impacto de las medidas que se tomaron a partir del s\u00e1bado pasado no se est\u00e1n reflejando en los n\u00fameros de ahora esos 41 mil casos no son el reflejo del impacto que se ver\u00e1 cu\u00e1l es que est\u00e1n teniendo las medidas que se tomaron el d\u00eda s\u00e1bado, sino que todav\u00eda es el impacto de lo que suced\u00eda anteriormente a esas medidas, es importante hacer esta aclaraci\u00f3n porque los n\u00fameros de ayer ciertamente asustan\u00a0 pero tambi\u00e9n hay que esperar para ver que pasa de aqu\u00ed a 4 o 5 d\u00edas m\u00e1s donde realmente empiecen a impactar las medidas de mayor restricci\u00f3n a la circulaci\u00f3n que se tomaron. Con respecto a las vacunas en el d\u00eda de ma\u00f1ana va a ver un anuncio muy importante sobre la campa\u00f1a de vacunaci\u00f3n en la provincia de buenos aires que est\u00e1n entrando en los pr\u00f3ximos d\u00edas aviones cargados con vacunas&#8221;.<\/p>\n<p>Por otro lado &#8220;estamos completando las segundas dosis de Sinopharm a quienes les tocaba la segunda y a los que les tocaba la segunda dosis de Aztraseneca vamos a estar completando esas segundas dosis. El descenso de las muertes solo con una dosis fue impresionante&#8221;.<\/p>\n<p>&#8220;Tenemos en la provincia 1552271 casos con esa tasa de incidencia por cada 100 mil habitantes, tanto en el AMBA como en el interior, en los \u00faltimos 15 d\u00edas es superior en el interior provincial, en la ciudad aut\u00f3noma es cada 100 mil habitantes&#8221;.<\/p>\n<p>Luego tom\u00f3 la palabra Carlos Bianco &#8220;las medidas de cuidado en la provincia se rigen bajo un plexo normativo compuesto por tres normativas, para las pr\u00f3ximas tres semanas establece el marco de las medidas que se prorrogan hasta el 1 de junio&#8221;.<\/p>\n<p>Los distritos que aplican a esas medidas y al sistema de fases en fase 2 y 3 &#8220;en alarma sanitaria y epidemiol\u00f3gica y los distritos en alto riesgo epidemiol\u00f3gico&#8221;.<\/p>\n<p>Las medidas son que se suspenden todas las actividades econ\u00f3micas- industriales- comerciales- de servicios culturales -deportivas- religiosas- educativas- tur\u00edsticas- recreativas- sociales salvo las exceptuadas, &#8220;se fomenta el teletrabajo, tienen que permanecer en sus domicilios salvo para el abastecimiento esencial, la circulaci\u00f3n est\u00e1 s\u00f3lo permitida para trabajadores esenciales aquellos que pueden emitir el certificado se permiten salidas de esparcimiento individuales y de cercan\u00eda. Hay restricci\u00f3n nocturna entre las 18hs y las 6 de la ma\u00f1ana&#8221;.<\/p>\n<p>&#8220;A partir del lunes y hasta el 11 se volver\u00e1\u00a0 a la normativa anterior&#8221;.<\/p>\n<p>&nbsp;<\/p>\n","protected":false},"excerpt":{"rendered":"<p>Sin cambios Olavarr\u00eda contin\u00faa en fase 3 junto a otros Municipios, En la jornada de&#8230;<\/p>\n","protected":false},"author":1,"featured_media":143912,"comment_status":"closed","ping_status":"closed","sticky":false,"template":"","format":"standard","meta":{"content-type":""},"categories":[27,64],"tags":[],"nelio_content":{"isAutoShareEnabled":false,"autoShareEndMode":"default","automationSources":{"useContentSentences":true,"useSocialTemplates":true,"useCustomSentences":false,"customSentences":[]},"followers":[1],"suggestedReferences":[],"includedReferences":[],"efiUrl":"","efiAlt":"","highlights":[]},"yoast_head":"<!-- This site is optimized with the Yoast SEO plugin v20.7 - https:\/\/yoast.com\/wordpress\/plugins\/seo\/ -->\n<title>Sin cambios Olavarr\u00eda contin\u00faa en fase 3 junto a otros Municipios -<\/title>\n<meta name=\"robots\" content=\"index, follow, max-snippet:-1, max-image-preview:large, max-video-preview:-1\" \/>\n<link rel=\"canonical\" href=\"https:\/\/experienciadevida.com.ar\/portalurbano\/sin-cambios-olavarria-continua-en-fase-3-junto-a-otros-municipios\/\" \/>\n<meta property=\"og:locale\" content=\"es_ES\" \/>\n<meta property=\"og:type\" content=\"article\" \/>\n<meta property=\"og:title\" content=\"Sin cambios Olavarr\u00eda contin\u00faa en fase 3 junto a otros Municipios -\" \/>\n<meta property=\"og:description\" content=\"Sin cambios Olavarr\u00eda contin\u00faa en fase 3 junto a otros Municipios, En la jornada de...\" \/>\n<meta property=\"og:url\" content=\"https:\/\/experienciadevida.com.ar\/portalurbano\/sin-cambios-olavarria-continua-en-fase-3-junto-a-otros-municipios\/\" \/>\n<meta property=\"article:publisher\" content=\"https:\/\/www.facebook.com\/Portal-Urbano-171542830093757\/\" \/>\n<meta property=\"article:published_time\" content=\"2021-05-28T19:40:26+00:00\" \/>\n<meta property=\"article:modified_time\" content=\"2021-05-28T19:42:06+00:00\" \/>\n<meta property=\"og:image\" content=\"https:\/\/experienciadevida.com.ar\/portalurbano\/wp-content\/uploads\/2021\/05\/Conferencia.png\" \/>\n\t<meta property=\"og:image:width\" content=\"725\" \/>\n\t<meta property=\"og:image:height\" content=\"497\" \/>\n\t<meta property=\"og:image:type\" content=\"image\/png\" \/>\n<meta name=\"author\" content=\"admpu17wp\" \/>\n<meta name=\"twitter:card\" content=\"summary_large_image\" \/>\n<meta name=\"twitter:creator\" content=\"@portalurbanook\" \/>\n<meta name=\"twitter:site\" content=\"@portalurbanook\" \/>\n<meta name=\"twitter:label1\" content=\"Escrito por\" \/>\n\t<meta name=\"twitter:data1\" content=\"admpu17wp\" \/>\n\t<meta name=\"twitter:label2\" content=\"Tiempo de lectura\" \/>\n\t<meta name=\"twitter:data2\" content=\"3 minutos\" \/>\n<script type=\"application\/ld+json\" class=\"yoast-schema-graph\">{\"@context\":\"https:\/\/schema.org\",\"@graph\":[{\"@type\":\"Article\",\"@id\":\"https:\/\/experienciadevida.com.ar\/portalurbano\/sin-cambios-olavarria-continua-en-fase-3-junto-a-otros-municipios\/#article\",\"isPartOf\":{\"@id\":\"https:\/\/experienciadevida.com.ar\/portalurbano\/sin-cambios-olavarria-continua-en-fase-3-junto-a-otros-municipios\/\"},\"author\":{\"name\":\"admpu17wp\",\"@id\":\"https:\/\/experienciadevida.com.ar\/portalurbano\/#\/schema\/person\/02dd326b1c4b056e9cc972486934a3a7\"},\"headline\":\"Sin cambios Olavarr\u00eda contin\u00faa en fase 3 junto a otros Municipios\",\"datePublished\":\"2021-05-28T19:40:26+00:00\",\"dateModified\":\"2021-05-28T19:42:06+00:00\",\"mainEntityOfPage\":{\"@id\":\"https:\/\/experienciadevida.com.ar\/portalurbano\/sin-cambios-olavarria-continua-en-fase-3-junto-a-otros-municipios\/\"},\"wordCount\":676,\"publisher\":{\"@id\":\"https:\/\/experienciadevida.com.ar\/portalurbano\/#organization\"},\"articleSection\":[\"Ciudad\",\"Destacadas 2\"],\"inLanguage\":\"es\"},{\"@type\":\"WebPage\",\"@id\":\"https:\/\/experienciadevida.com.ar\/portalurbano\/sin-cambios-olavarria-continua-en-fase-3-junto-a-otros-municipios\/\",\"url\":\"https:\/\/experienciadevida.com.ar\/portalurbano\/sin-cambios-olavarria-continua-en-fase-3-junto-a-otros-municipios\/\",\"name\":\"Sin cambios Olavarr\u00eda contin\u00faa en fase 3 junto a otros Municipios -\",\"isPartOf\":{\"@id\":\"https:\/\/experienciadevida.com.ar\/portalurbano\/#website\"},\"datePublished\":\"2021-05-28T19:40:26+00:00\",\"dateModified\":\"2021-05-28T19:42:06+00:00\",\"breadcrumb\":{\"@id\":\"https:\/\/experienciadevida.com.ar\/portalurbano\/sin-cambios-olavarria-continua-en-fase-3-junto-a-otros-municipios\/#breadcrumb\"},\"inLanguage\":\"es\",\"potentialAction\":[{\"@type\":\"ReadAction\",\"target\":[\"https:\/\/experienciadevida.com.ar\/portalurbano\/sin-cambios-olavarria-continua-en-fase-3-junto-a-otros-municipios\/\"]}]},{\"@type\":\"BreadcrumbList\",\"@id\":\"https:\/\/experienciadevida.com.ar\/portalurbano\/sin-cambios-olavarria-continua-en-fase-3-junto-a-otros-municipios\/#breadcrumb\",\"itemListElement\":[{\"@type\":\"ListItem\",\"position\":1,\"name\":\"Portada\",\"item\":\"https:\/\/experienciadevida.com.ar\/portalurbano\/\"},{\"@type\":\"ListItem\",\"position\":2,\"name\":\"Sin cambios Olavarr\u00eda contin\u00faa en fase 3 junto a otros Municipios\"}]},{\"@type\":\"WebSite\",\"@id\":\"https:\/\/experienciadevida.com.ar\/portalurbano\/#website\",\"url\":\"https:\/\/experienciadevida.com.ar\/portalurbano\/\",\"name\":\"\",\"description\":\"\",\"publisher\":{\"@id\":\"https:\/\/experienciadevida.com.ar\/portalurbano\/#organization\"},\"potentialAction\":[{\"@type\":\"SearchAction\",\"target\":{\"@type\":\"EntryPoint\",\"urlTemplate\":\"https:\/\/experienciadevida.com.ar\/portalurbano\/?s={search_term_string}\"},\"query-input\":\"required name=search_term_string\"}],\"inLanguage\":\"es\"},{\"@type\":\"Organization\",\"@id\":\"https:\/\/experienciadevida.com.ar\/portalurbano\/#organization\",\"name\":\"Portal Urbano\",\"url\":\"https:\/\/experienciadevida.com.ar\/portalurbano\/\",\"logo\":{\"@type\":\"ImageObject\",\"inLanguage\":\"es\",\"@id\":\"https:\/\/experienciadevida.com.ar\/portalurbano\/#\/schema\/logo\/image\/\",\"url\":\"https:\/\/experienciadevida.com.ar\/portalurbano\/wp-content\/uploads\/2019\/09\/Logo-Original.png\",\"contentUrl\":\"https:\/\/experienciadevida.com.ar\/portalurbano\/wp-content\/uploads\/2019\/09\/Logo-Original.png\",\"width\":2236,\"height\":1216,\"caption\":\"Portal Urbano\"},\"image\":{\"@id\":\"https:\/\/experienciadevida.com.ar\/portalurbano\/#\/schema\/logo\/image\/\"},\"sameAs\":[\"https:\/\/www.facebook.com\/Portal-Urbano-171542830093757\/\",\"https:\/\/twitter.com\/portalurbanook\",\"https:\/\/www.instagram.com\/_portalurbano\/\",\"https:\/\/www.youtube.com\/channel\/UCXhagIfszH8KxFiOok79zbA?view_as=subscriber\"]},{\"@type\":\"Person\",\"@id\":\"https:\/\/experienciadevida.com.ar\/portalurbano\/#\/schema\/person\/02dd326b1c4b056e9cc972486934a3a7\",\"name\":\"admpu17wp\",\"image\":{\"@type\":\"ImageObject\",\"inLanguage\":\"es\",\"@id\":\"https:\/\/experienciadevida.com.ar\/portalurbano\/#\/schema\/person\/image\/\",\"url\":\"https:\/\/secure.gravatar.com\/avatar\/830d4c57adaae6630765e449a6908047?s=96&d=mm&r=g\",\"contentUrl\":\"https:\/\/secure.gravatar.com\/avatar\/830d4c57adaae6630765e449a6908047?s=96&d=mm&r=g\",\"caption\":\"admpu17wp\"}}]}<\/script>\n<!-- \/ Yoast SEO plugin. -->","yoast_head_json":{"title":"Sin cambios Olavarr\u00eda contin\u00faa en fase 3 junto a otros Municipios -","robots":{"index":"index","follow":"follow","max-snippet":"max-snippet:-1","max-image-preview":"max-image-preview:large","max-video-preview":"max-video-preview:-1"},"canonical":"https:\/\/experienciadevida.com.ar\/portalurbano\/sin-cambios-olavarria-continua-en-fase-3-junto-a-otros-municipios\/","og_locale":"es_ES","og_type":"article","og_title":"Sin cambios Olavarr\u00eda contin\u00faa en fase 3 junto a otros Municipios -","og_description":"Sin cambios Olavarr\u00eda contin\u00faa en fase 3 junto a otros Municipios, En la jornada de...","og_url":"https:\/\/experienciadevida.com.ar\/portalurbano\/sin-cambios-olavarria-continua-en-fase-3-junto-a-otros-municipios\/","article_publisher":"https:\/\/www.facebook.com\/Portal-Urbano-171542830093757\/","article_published_time":"2021-05-28T19:40:26+00:00","article_modified_time":"2021-05-28T19:42:06+00:00","og_image":[{"width":725,"height":497,"url":"https:\/\/experienciadevida.com.ar\/portalurbano\/wp-content\/uploads\/2021\/05\/Conferencia.png","type":"image\/png"}],"author":"admpu17wp","twitter_card":"summary_large_image","twitter_creator":"@portalurbanook","twitter_site":"@portalurbanook","twitter_misc":{"Escrito por":"admpu17wp","Tiempo de lectura":"3 minutos"},"schema":{"@context":"https:\/\/schema.org","@graph":[{"@type":"Article","@id":"https:\/\/experienciadevida.com.ar\/portalurbano\/sin-cambios-olavarria-continua-en-fase-3-junto-a-otros-municipios\/#article","isPartOf":{"@id":"https:\/\/experienciadevida.com.ar\/portalurbano\/sin-cambios-olavarria-continua-en-fase-3-junto-a-otros-municipios\/"},"author":{"name":"admpu17wp","@id":"https:\/\/experienciadevida.com.ar\/portalurbano\/#\/schema\/person\/02dd326b1c4b056e9cc972486934a3a7"},"headline":"Sin cambios Olavarr\u00eda contin\u00faa en fase 3 junto a otros Municipios","datePublished":"2021-05-28T19:40:26+00:00","dateModified":"2021-05-28T19:42:06+00:00","mainEntityOfPage":{"@id":"https:\/\/experienciadevida.com.ar\/portalurbano\/sin-cambios-olavarria-continua-en-fase-3-junto-a-otros-municipios\/"},"wordCount":676,"publisher":{"@id":"https:\/\/experienciadevida.com.ar\/portalurbano\/#organization"},"articleSection":["Ciudad","Destacadas 2"],"inLanguage":"es"},{"@type":"WebPage","@id":"https:\/\/experienciadevida.com.ar\/portalurbano\/sin-cambios-olavarria-continua-en-fase-3-junto-a-otros-municipios\/","url":"https:\/\/experienciadevida.com.ar\/portalurbano\/sin-cambios-olavarria-continua-en-fase-3-junto-a-otros-municipios\/","name":"Sin cambios Olavarr\u00eda contin\u00faa en fase 3 junto a otros Municipios -","isPartOf":{"@id":"https:\/\/experienciadevida.com.ar\/portalurbano\/#website"},"datePublished":"2021-05-28T19:40:26+00:00","dateModified":"2021-05-28T19:42:06+00:00","breadcrumb":{"@id":"https:\/\/experienciadevida.com.ar\/portalurbano\/sin-cambios-olavarria-continua-en-fase-3-junto-a-otros-municipios\/#breadcrumb"},"inLanguage":"es","potentialAction":[{"@type":"ReadAction","target":["https:\/\/experienciadevida.com.ar\/portalurbano\/sin-cambios-olavarria-continua-en-fase-3-junto-a-otros-municipios\/"]}]},{"@type":"BreadcrumbList","@id":"https:\/\/experienciadevida.com.ar\/portalurbano\/sin-cambios-olavarria-continua-en-fase-3-junto-a-otros-municipios\/#breadcrumb","itemListElement":[{"@type":"ListItem","position":1,"name":"Portada","item":"https:\/\/experienciadevida.com.ar\/portalurbano\/"},{"@type":"ListItem","position":2,"name":"Sin cambios Olavarr\u00eda contin\u00faa en fase 3 junto a otros Municipios"}]},{"@type":"WebSite","@id":"https:\/\/experienciadevida.com.ar\/portalurbano\/#website","url":"https:\/\/experienciadevida.com.ar\/portalurbano\/","name":"","description":"","publisher":{"@id":"https:\/\/experienciadevida.com.ar\/portalurbano\/#organization"},"potentialAction":[{"@type":"SearchAction","target":{"@type":"EntryPoint","urlTemplate":"https:\/\/experienciadevida.com.ar\/portalurbano\/?s={search_term_string}"},"query-input":"required name=search_term_string"}],"inLanguage":"es"},{"@type":"Organization","@id":"https:\/\/experienciadevida.com.ar\/portalurbano\/#organization","name":"Portal Urbano","url":"https:\/\/experienciadevida.com.ar\/portalurbano\/","logo":{"@type":"ImageObject","inLanguage":"es","@id":"https:\/\/experienciadevida.com.ar\/portalurbano\/#\/schema\/logo\/image\/","url":"https:\/\/experienciadevida.com.ar\/portalurbano\/wp-content\/uploads\/2019\/09\/Logo-Original.png","contentUrl":"https:\/\/experienciadevida.com.ar\/portalurbano\/wp-content\/uploads\/2019\/09\/Logo-Original.png","width":2236,"height":1216,"caption":"Portal Urbano"},"image":{"@id":"https:\/\/experienciadevida.com.ar\/portalurbano\/#\/schema\/logo\/image\/"},"sameAs":["https:\/\/www.facebook.com\/Portal-Urbano-171542830093757\/","https:\/\/twitter.com\/portalurbanook","https:\/\/www.instagram.com\/_portalurbano\/","https:\/\/www.youtube.com\/channel\/UCXhagIfszH8KxFiOok79zbA?view_as=subscriber"]},{"@type":"Person","@id":"https:\/\/experienciadevida.com.ar\/portalurbano\/#\/schema\/person\/02dd326b1c4b056e9cc972486934a3a7","name":"admpu17wp","image":{"@type":"ImageObject","inLanguage":"es","@id":"https:\/\/experienciadevida.com.ar\/portalurbano\/#\/schema\/person\/image\/","url":"https:\/\/secure.gravatar.com\/avatar\/830d4c57adaae6630765e449a6908047?s=96&d=mm&r=g","contentUrl":"https:\/\/secure.gravatar.com\/avatar\/830d4c57adaae6630765e449a6908047?s=96&d=mm&r=g","caption":"admpu17wp"}}]}},"featured_image_urls":{"full":["https:\/\/experienciadevida.com.ar\/portalurbano\/wp-content\/uploads\/2021\/05\/Conferencia.png",725,497,false],"thumbnail":["https:\/\/experienciadevida.com.ar\/portalurbano\/wp-content\/uploads\/2021\/05\/Conferencia-150x150.png",150,150,true],"medium":["https:\/\/experienciadevida.com.ar\/portalurbano\/wp-content\/uploads\/2021\/05\/Conferencia-300x206.png",300,206,true],"medium_large":["https:\/\/experienciadevida.com.ar\/portalurbano\/wp-content\/uploads\/2021\/05\/Conferencia.png",640,439,false],"large":["https:\/\/experienciadevida.com.ar\/portalurbano\/wp-content\/uploads\/2021\/05\/Conferencia.png",640,439,false],"ug_big":["https:\/\/experienciadevida.com.ar\/portalurbano\/wp-content\/uploads\/2021\/05\/Conferencia.png",725,497,false],"1536x1536":["https:\/\/experienciadevida.com.ar\/portalurbano\/wp-content\/uploads\/2021\/05\/Conferencia.png",725,497,false],"2048x2048":["https:\/\/experienciadevida.com.ar\/portalurbano\/wp-content\/uploads\/2021\/05\/Conferencia.png",725,497,false],"newsever-slider-full":["https:\/\/experienciadevida.com.ar\/portalurbano\/wp-content\/uploads\/2021\/05\/Conferencia.png",725,497,false],"newsever-featured":["https:\/\/experienciadevida.com.ar\/portalurbano\/wp-content\/uploads\/2021\/05\/Conferencia.png",725,497,false],"newsever-medium":["https:\/\/experienciadevida.com.ar\/portalurbano\/wp-content\/uploads\/2021\/05\/Conferencia.png",693,475,false],"web-stories-poster-portrait":["https:\/\/experienciadevida.com.ar\/portalurbano\/wp-content\/uploads\/2021\/05\/Conferencia.png",640,439,false],"web-stories-publisher-logo":["https:\/\/experienciadevida.com.ar\/portalurbano\/wp-content\/uploads\/2021\/05\/Conferencia.png",96,66,false],"web-stories-thumbnail":["https:\/\/experienciadevida.com.ar\/portalurbano\/wp-content\/uploads\/2021\/05\/Conferencia.png",150,103,false]},"author_info":{"display_name":"admpu17wp","author_link":"https:\/\/experienciadevida.com.ar\/portalurbano\/author\/admpu17wp\/"},"category_info":"<a href=\"https:\/\/experienciadevida.com.ar\/portalurbano\/category\/ciudad\/\" rel=\"category tag\">Ciudad<\/a> <a href=\"https:\/\/experienciadevida.com.ar\/portalurbano\/category\/destacadas-2\/\" rel=\"category tag\">Destacadas 2<\/a>","tag_info":"Destacadas 2","comment_count":"0","amp_enabled":true,"_links":{"self":[{"href":"https:\/\/experienciadevida.com.ar\/portalurbano\/wp-json\/wp\/v2\/posts\/143911"}],"collection":[{"href":"https:\/\/experienciadevida.com.ar\/portalurbano\/wp-json\/wp\/v2\/posts"}],"about":[{"href":"https:\/\/experienciadevida.com.ar\/portalurbano\/wp-json\/wp\/v2\/types\/post"}],"author":[{"embeddable":true,"href":"https:\/\/experienciadevida.com.ar\/portalurbano\/wp-json\/wp\/v2\/users\/1"}],"replies":[{"embeddable":true,"href":"https:\/\/experienciadevida.com.ar\/portalurbano\/wp-json\/wp\/v2\/comments?post=143911"}],"version-history":[{"count":2,"href":"https:\/\/experienciadevida.com.ar\/portalurbano\/wp-json\/wp\/v2\/posts\/143911\/revisions"}],"predecessor-version":[{"id":143966,"href":"https:\/\/experienciadevida.com.ar\/portalurbano\/wp-json\/wp\/v2\/posts\/143911\/revisions\/143966"}],"wp:featuredmedia":[{"embeddable":true,"href":"https:\/\/experienciadevida.com.ar\/portalurbano\/wp-json\/wp\/v2\/media\/143912"}],"wp:attachment":[{"href":"https:\/\/experienciadevida.com.ar\/portalurbano\/wp-json\/wp\/v2\/media?parent=143911"}],"wp:term":[{"taxonomy":"category","embeddable":true,"href":"https:\/\/experienciadevida.com.ar\/portalurbano\/wp-json\/wp\/v2\/categories?post=143911"},{"taxonomy":"post_tag","embeddable":true,"href":"https:\/\/experienciadevida.com.ar\/portalurbano\/wp-json\/wp\/v2\/tags?post=143911"}],"curies":[{"name":"wp","href":"https:\/\/api.w.org\/{rel}","templated":true}]}}