{"id":143825,"date":"2021-05-27T09:28:01","date_gmt":"2021-05-27T12:28:01","guid":{"rendered":"https:\/\/experienciadevida.com.ar\/portalurbano\/?p=143825"},"modified":"2021-05-27T09:32:46","modified_gmt":"2021-05-27T12:32:46","slug":"comenzo-el-pago-de-la-tarjeta-alimentar-que-alcanza-a-4-millones-de-ninos-y-ninas","status":"publish","type":"post","link":"https:\/\/experienciadevida.com.ar\/portalurbano\/comenzo-el-pago-de-la-tarjeta-alimentar-que-alcanza-a-4-millones-de-ninos-y-ninas\/","title":{"rendered":"Comenz\u00f3 el pago de la Tarjeta Alimentar que alcanza a 4 millones de ni\u00f1os y ni\u00f1as"},"content":{"rendered":"<p>Comenz\u00f3 el pago de la Tarjeta Alimentar que alcanza a 4 millones de ni\u00f1os y ni\u00f1as, para quienes tienen la tarjeta f\u00edsica el mont\u00f3 ya fue acreditado el viernes 21 de mayo y desde hoy arranca el cronograma para quienes cobren v\u00eda Asignaci\u00f3n Universal por Hijo.<\/p>\n<p>El Ministerio de Desarrollo Social de la Naci\u00f3n inform\u00f3 que el d\u00eda viernes 21 de mayo se acredit\u00f3 el monto de la Tarjeta Alimentar para quienes tienen la tarjeta f\u00edsica. Para quienes no recibieron la tarjeta, el cobro se har\u00e1 por la cuenta de la Asignaci\u00f3n Universal por Hijo (AUH).<\/p>\n<p>Comenz\u00f3 el pago de la tarjet alimentar, el principal instrumento del Plan Argentina contra el hambre, que busca que todos accedan a la canasta b\u00e1sica alimentaria, fue ampliado este mes: pas\u00f3 de alcanzar a 1,9 millones a 4 millones de ni\u00f1os y ni\u00f1as. Cabe destacar que su implementaci\u00f3n es autom\u00e1tica por lo que no hace falta realizar ning\u00fan tr\u00e1mite.<\/p>\n<p>Ahora est\u00e1 destinado a madres o padres con hijos e hijas de hasta 14 a\u00f1os de edad que reciben la AUH, embarazadas a partir del tercer mes que reciben AUH, personas con discapacidad que reciben AUH y madres con m\u00e1s de 7 hijos.<\/p>\n<p>A continuaci\u00f3n, se detallan las diferentes situaciones que existen:<\/p>\n<p>Comenz\u00f3 el pago de la tarjeta alimentar, para quienes tienen la tarjeta en forma f\u00edsica y no fueron alcanzados por la ampliaci\u00f3n del Plan Argentina contra el hambre, el dep\u00f3sito ya fue realizado.<\/p>\n<p>Para quienes tienen la tarjeta en forma f\u00edsica y fueron alcanzados por la ampliaci\u00f3n del Plan Argentina contra el hambre, el dep\u00f3sito de la suma habitual ya se realiz\u00f3 y la suma complementaria se realizar\u00e1 el 28 de mayo. Por ejemplo, si una familia tiene un hijo o hija de 5 a\u00f1os y otro de 7 u 8, recib\u00eda seis mil pesos mensuales y ahora deber\u00e1 recibir nueve mil pesos. Tendr\u00e1 un dep\u00f3sito por seis mil pesos y otro el 28 de mayo por los tres mil restantes.<\/p>\n<p>Para quienes no tienen la tarjeta f\u00edsica y cobraban por la cuenta en la que cobran la AUH, se depositar\u00e1 desde el 27 de mayo.<\/p>\n<p>Para quienes se incorporan a este mes al programa, a partir de la extensi\u00f3n del plan, cobrar\u00e1n por la cuenta en la que cobran la AUH y se depositar\u00e1 el 28 de mayo.<\/p>\n<p>Para quienes tienen pensiones no contributivas, cobrar\u00e1n v\u00eda la cuenta en la que se les deposita la pensi\u00f3n.<\/p>\n<p><a href=\"https:\/\/experienciadevida.com.ar\/portalurbano\/comenzo-el-pago-de-la-tarjeta-alimentar-que-alcanza-a-4-millones-de-ninos-y-ninas\/comenzo-el-pago\/\" rel=\"attachment wp-att-143829\"><img decoding=\"async\" class=\"alignnone size-full wp-image-143829\" src=\"https:\/\/experienciadevida.com.ar\/portalurbano\/wp-content\/uploads\/2021\/05\/Comenzo-el-pago.jpg\" alt=\"\" width=\"765\" height=\"765\" srcset=\"https:\/\/experienciadevida.com.ar\/portalurbano\/wp-content\/uploads\/2021\/05\/Comenzo-el-pago.jpg 765w, https:\/\/experienciadevida.com.ar\/portalurbano\/wp-content\/uploads\/2021\/05\/Comenzo-el-pago-300x300.jpg 300w, https:\/\/experienciadevida.com.ar\/portalurbano\/wp-content\/uploads\/2021\/05\/Comenzo-el-pago-150x150.jpg 150w\" sizes=\"(max-width: 765px) 100vw, 765px\" \/><\/a><\/p>\n<p><a href=\"https:\/\/experienciadevida.com.ar\/portalurbano\/comenzo-el-pago-de-la-tarjeta-alimentar-que-alcanza-a-4-millones-de-ninos-y-ninas\/de-la-tarjeta\/\" rel=\"attachment wp-att-143830\"><img decoding=\"async\" class=\"alignnone size-full wp-image-143830\" src=\"https:\/\/experienciadevida.com.ar\/portalurbano\/wp-content\/uploads\/2021\/05\/de-la-tarjeta.jpg\" alt=\"de la tarjeta\" width=\"765\" height=\"765\" srcset=\"https:\/\/experienciadevida.com.ar\/portalurbano\/wp-content\/uploads\/2021\/05\/de-la-tarjeta.jpg 765w, https:\/\/experienciadevida.com.ar\/portalurbano\/wp-content\/uploads\/2021\/05\/de-la-tarjeta-300x300.jpg 300w, https:\/\/experienciadevida.com.ar\/portalurbano\/wp-content\/uploads\/2021\/05\/de-la-tarjeta-150x150.jpg 150w\" sizes=\"(max-width: 765px) 100vw, 765px\" \/><\/a><\/p>\n<p><a href=\"https:\/\/experienciadevida.com.ar\/portalurbano\/comenzo-el-pago-de-la-tarjeta-alimentar-que-alcanza-a-4-millones-de-ninos-y-ninas\/4dc3ab0a-da8c-4f4b-9df4-5d33329e7ee3\/\" rel=\"attachment wp-att-143831\"><img decoding=\"async\" class=\"alignnone size-full wp-image-143831\" src=\"https:\/\/experienciadevida.com.ar\/portalurbano\/wp-content\/uploads\/2021\/05\/4dc3ab0a-da8c-4f4b-9df4-5d33329e7ee3.jpg\" alt=\"\" width=\"765\" height=\"765\" srcset=\"https:\/\/experienciadevida.com.ar\/portalurbano\/wp-content\/uploads\/2021\/05\/4dc3ab0a-da8c-4f4b-9df4-5d33329e7ee3.jpg 765w, https:\/\/experienciadevida.com.ar\/portalurbano\/wp-content\/uploads\/2021\/05\/4dc3ab0a-da8c-4f4b-9df4-5d33329e7ee3-300x300.jpg 300w, https:\/\/experienciadevida.com.ar\/portalurbano\/wp-content\/uploads\/2021\/05\/4dc3ab0a-da8c-4f4b-9df4-5d33329e7ee3-150x150.jpg 150w\" sizes=\"(max-width: 765px) 100vw, 765px\" \/><\/a><\/p>\n","protected":false},"excerpt":{"rendered":"<p>Comenz\u00f3 el pago de la Tarjeta Alimentar que alcanza a 4 millones de ni\u00f1os y&#8230;<\/p>\n","protected":false},"author":1,"featured_media":104320,"comment_status":"closed","ping_status":"closed","sticky":false,"template":"","format":"standard","meta":{"content-type":""},"categories":[27,51],"tags":[],"nelio_content":{"isAutoShareEnabled":false,"autoShareEndMode":"default","automationSources":{"useContentSentences":true,"useSocialTemplates":true,"useCustomSentences":false,"customSentences":[]},"followers":[1],"suggestedReferences":[],"includedReferences":[],"efiUrl":"","efiAlt":"","highlights":[]},"yoast_head":"<!-- This site is optimized with the Yoast SEO plugin v20.7 - https:\/\/yoast.com\/wordpress\/plugins\/seo\/ -->\n<title>Comenz\u00f3 el pago de la tarjeta alimentar que alcanza a 4 millones de ni\u00f1os<\/title>\n<meta name=\"description\" content=\"Comenz\u00f3 el pago de la Tarjeta Alimentar que alcanza a 4 millones de ni\u00f1os y ni\u00f1as, para quienes tienen la tarjeta f\u00edsica fue acreditado\" \/>\n<meta name=\"robots\" content=\"index, follow, max-snippet:-1, max-image-preview:large, max-video-preview:-1\" \/>\n<link rel=\"canonical\" href=\"https:\/\/experienciadevida.com.ar\/portalurbano\/comenzo-el-pago-de-la-tarjeta-alimentar-que-alcanza-a-4-millones-de-ninos-y-ninas\/\" \/>\n<meta property=\"og:locale\" content=\"es_ES\" \/>\n<meta property=\"og:type\" content=\"article\" \/>\n<meta property=\"og:title\" content=\"Comenz\u00f3 el pago de la tarjeta alimentar que alcanza a 4 millones de ni\u00f1os\" \/>\n<meta property=\"og:description\" content=\"Comenz\u00f3 el pago de la Tarjeta Alimentar que alcanza a 4 millones de ni\u00f1os y ni\u00f1as, para quienes tienen la tarjeta f\u00edsica fue acreditado\" \/>\n<meta property=\"og:url\" content=\"https:\/\/experienciadevida.com.ar\/portalurbano\/comenzo-el-pago-de-la-tarjeta-alimentar-que-alcanza-a-4-millones-de-ninos-y-ninas\/\" \/>\n<meta property=\"article:publisher\" content=\"https:\/\/www.facebook.com\/Portal-Urbano-171542830093757\/\" \/>\n<meta property=\"article:published_time\" content=\"2021-05-27T12:28:01+00:00\" \/>\n<meta property=\"article:modified_time\" content=\"2021-05-27T12:32:46+00:00\" \/>\n<meta property=\"og:image\" content=\"https:\/\/experienciadevida.com.ar\/portalurbano\/wp-content\/uploads\/2020\/03\/TARJETAALIMENTAR.jpeg\" \/>\n\t<meta property=\"og:image:width\" content=\"848\" \/>\n\t<meta property=\"og:image:height\" content=\"477\" \/>\n\t<meta property=\"og:image:type\" content=\"image\/jpeg\" \/>\n<meta name=\"author\" content=\"admpu17wp\" \/>\n<meta name=\"twitter:card\" content=\"summary_large_image\" \/>\n<meta name=\"twitter:creator\" content=\"@portalurbanook\" \/>\n<meta name=\"twitter:site\" content=\"@portalurbanook\" \/>\n<meta name=\"twitter:label1\" content=\"Escrito por\" \/>\n\t<meta name=\"twitter:data1\" content=\"admpu17wp\" \/>\n\t<meta name=\"twitter:label2\" content=\"Tiempo de lectura\" \/>\n\t<meta name=\"twitter:data2\" content=\"3 minutos\" \/>\n<script type=\"application\/ld+json\" class=\"yoast-schema-graph\">{\"@context\":\"https:\/\/schema.org\",\"@graph\":[{\"@type\":\"Article\",\"@id\":\"https:\/\/experienciadevida.com.ar\/portalurbano\/comenzo-el-pago-de-la-tarjeta-alimentar-que-alcanza-a-4-millones-de-ninos-y-ninas\/#article\",\"isPartOf\":{\"@id\":\"https:\/\/experienciadevida.com.ar\/portalurbano\/comenzo-el-pago-de-la-tarjeta-alimentar-que-alcanza-a-4-millones-de-ninos-y-ninas\/\"},\"author\":{\"name\":\"admpu17wp\",\"@id\":\"https:\/\/experienciadevida.com.ar\/portalurbano\/#\/schema\/person\/02dd326b1c4b056e9cc972486934a3a7\"},\"headline\":\"Comenz\u00f3 el pago de la Tarjeta Alimentar que alcanza a 4 millones de ni\u00f1os y ni\u00f1as\",\"datePublished\":\"2021-05-27T12:28:01+00:00\",\"dateModified\":\"2021-05-27T12:32:46+00:00\",\"mainEntityOfPage\":{\"@id\":\"https:\/\/experienciadevida.com.ar\/portalurbano\/comenzo-el-pago-de-la-tarjeta-alimentar-que-alcanza-a-4-millones-de-ninos-y-ninas\/\"},\"wordCount\":441,\"publisher\":{\"@id\":\"https:\/\/experienciadevida.com.ar\/portalurbano\/#organization\"},\"articleSection\":[\"Ciudad\",\"Destacadas\"],\"inLanguage\":\"es\"},{\"@type\":\"WebPage\",\"@id\":\"https:\/\/experienciadevida.com.ar\/portalurbano\/comenzo-el-pago-de-la-tarjeta-alimentar-que-alcanza-a-4-millones-de-ninos-y-ninas\/\",\"url\":\"https:\/\/experienciadevida.com.ar\/portalurbano\/comenzo-el-pago-de-la-tarjeta-alimentar-que-alcanza-a-4-millones-de-ninos-y-ninas\/\",\"name\":\"Comenz\u00f3 el pago de la tarjeta alimentar que alcanza a 4 millones de ni\u00f1os\",\"isPartOf\":{\"@id\":\"https:\/\/experienciadevida.com.ar\/portalurbano\/#website\"},\"datePublished\":\"2021-05-27T12:28:01+00:00\",\"dateModified\":\"2021-05-27T12:32:46+00:00\",\"description\":\"Comenz\u00f3 el pago de la Tarjeta Alimentar que alcanza a 4 millones de ni\u00f1os y ni\u00f1as, para quienes tienen la tarjeta f\u00edsica fue acreditado\",\"breadcrumb\":{\"@id\":\"https:\/\/experienciadevida.com.ar\/portalurbano\/comenzo-el-pago-de-la-tarjeta-alimentar-que-alcanza-a-4-millones-de-ninos-y-ninas\/#breadcrumb\"},\"inLanguage\":\"es\",\"potentialAction\":[{\"@type\":\"ReadAction\",\"target\":[\"https:\/\/experienciadevida.com.ar\/portalurbano\/comenzo-el-pago-de-la-tarjeta-alimentar-que-alcanza-a-4-millones-de-ninos-y-ninas\/\"]}]},{\"@type\":\"BreadcrumbList\",\"@id\":\"https:\/\/experienciadevida.com.ar\/portalurbano\/comenzo-el-pago-de-la-tarjeta-alimentar-que-alcanza-a-4-millones-de-ninos-y-ninas\/#breadcrumb\",\"itemListElement\":[{\"@type\":\"ListItem\",\"position\":1,\"name\":\"Portada\",\"item\":\"https:\/\/experienciadevida.com.ar\/portalurbano\/\"},{\"@type\":\"ListItem\",\"position\":2,\"name\":\"Comenz\u00f3 el pago de la Tarjeta Alimentar que alcanza a 4 millones de ni\u00f1os y ni\u00f1as\"}]},{\"@type\":\"WebSite\",\"@id\":\"https:\/\/experienciadevida.com.ar\/portalurbano\/#website\",\"url\":\"https:\/\/experienciadevida.com.ar\/portalurbano\/\",\"name\":\"\",\"description\":\"\",\"publisher\":{\"@id\":\"https:\/\/experienciadevida.com.ar\/portalurbano\/#organization\"},\"potentialAction\":[{\"@type\":\"SearchAction\",\"target\":{\"@type\":\"EntryPoint\",\"urlTemplate\":\"https:\/\/experienciadevida.com.ar\/portalurbano\/?s={search_term_string}\"},\"query-input\":\"required name=search_term_string\"}],\"inLanguage\":\"es\"},{\"@type\":\"Organization\",\"@id\":\"https:\/\/experienciadevida.com.ar\/portalurbano\/#organization\",\"name\":\"Portal Urbano\",\"url\":\"https:\/\/experienciadevida.com.ar\/portalurbano\/\",\"logo\":{\"@type\":\"ImageObject\",\"inLanguage\":\"es\",\"@id\":\"https:\/\/experienciadevida.com.ar\/portalurbano\/#\/schema\/logo\/image\/\",\"url\":\"https:\/\/experienciadevida.com.ar\/portalurbano\/wp-content\/uploads\/2019\/09\/Logo-Original.png\",\"contentUrl\":\"https:\/\/experienciadevida.com.ar\/portalurbano\/wp-content\/uploads\/2019\/09\/Logo-Original.png\",\"width\":2236,\"height\":1216,\"caption\":\"Portal Urbano\"},\"image\":{\"@id\":\"https:\/\/experienciadevida.com.ar\/portalurbano\/#\/schema\/logo\/image\/\"},\"sameAs\":[\"https:\/\/www.facebook.com\/Portal-Urbano-171542830093757\/\",\"https:\/\/twitter.com\/portalurbanook\",\"https:\/\/www.instagram.com\/_portalurbano\/\",\"https:\/\/www.youtube.com\/channel\/UCXhagIfszH8KxFiOok79zbA?view_as=subscriber\"]},{\"@type\":\"Person\",\"@id\":\"https:\/\/experienciadevida.com.ar\/portalurbano\/#\/schema\/person\/02dd326b1c4b056e9cc972486934a3a7\",\"name\":\"admpu17wp\",\"image\":{\"@type\":\"ImageObject\",\"inLanguage\":\"es\",\"@id\":\"https:\/\/experienciadevida.com.ar\/portalurbano\/#\/schema\/person\/image\/\",\"url\":\"https:\/\/secure.gravatar.com\/avatar\/830d4c57adaae6630765e449a6908047?s=96&d=mm&r=g\",\"contentUrl\":\"https:\/\/secure.gravatar.com\/avatar\/830d4c57adaae6630765e449a6908047?s=96&d=mm&r=g\",\"caption\":\"admpu17wp\"}}]}<\/script>\n<!-- \/ Yoast SEO plugin. -->","yoast_head_json":{"title":"Comenz\u00f3 el pago de la tarjeta alimentar que alcanza a 4 millones de ni\u00f1os","description":"Comenz\u00f3 el pago de la Tarjeta Alimentar que alcanza a 4 millones de ni\u00f1os y ni\u00f1as, para quienes tienen la tarjeta f\u00edsica fue acreditado","robots":{"index":"index","follow":"follow","max-snippet":"max-snippet:-1","max-image-preview":"max-image-preview:large","max-video-preview":"max-video-preview:-1"},"canonical":"https:\/\/experienciadevida.com.ar\/portalurbano\/comenzo-el-pago-de-la-tarjeta-alimentar-que-alcanza-a-4-millones-de-ninos-y-ninas\/","og_locale":"es_ES","og_type":"article","og_title":"Comenz\u00f3 el pago de la tarjeta alimentar que alcanza a 4 millones de ni\u00f1os","og_description":"Comenz\u00f3 el pago de la Tarjeta Alimentar que alcanza a 4 millones de ni\u00f1os y ni\u00f1as, para quienes tienen la tarjeta f\u00edsica fue acreditado","og_url":"https:\/\/experienciadevida.com.ar\/portalurbano\/comenzo-el-pago-de-la-tarjeta-alimentar-que-alcanza-a-4-millones-de-ninos-y-ninas\/","article_publisher":"https:\/\/www.facebook.com\/Portal-Urbano-171542830093757\/","article_published_time":"2021-05-27T12:28:01+00:00","article_modified_time":"2021-05-27T12:32:46+00:00","og_image":[{"width":848,"height":477,"url":"https:\/\/experienciadevida.com.ar\/portalurbano\/wp-content\/uploads\/2020\/03\/TARJETAALIMENTAR.jpeg","type":"image\/jpeg"}],"author":"admpu17wp","twitter_card":"summary_large_image","twitter_creator":"@portalurbanook","twitter_site":"@portalurbanook","twitter_misc":{"Escrito por":"admpu17wp","Tiempo de lectura":"3 minutos"},"schema":{"@context":"https:\/\/schema.org","@graph":[{"@type":"Article","@id":"https:\/\/experienciadevida.com.ar\/portalurbano\/comenzo-el-pago-de-la-tarjeta-alimentar-que-alcanza-a-4-millones-de-ninos-y-ninas\/#article","isPartOf":{"@id":"https:\/\/experienciadevida.com.ar\/portalurbano\/comenzo-el-pago-de-la-tarjeta-alimentar-que-alcanza-a-4-millones-de-ninos-y-ninas\/"},"author":{"name":"admpu17wp","@id":"https:\/\/experienciadevida.com.ar\/portalurbano\/#\/schema\/person\/02dd326b1c4b056e9cc972486934a3a7"},"headline":"Comenz\u00f3 el pago de la Tarjeta Alimentar que alcanza a 4 millones de ni\u00f1os y ni\u00f1as","datePublished":"2021-05-27T12:28:01+00:00","dateModified":"2021-05-27T12:32:46+00:00","mainEntityOfPage":{"@id":"https:\/\/experienciadevida.com.ar\/portalurbano\/comenzo-el-pago-de-la-tarjeta-alimentar-que-alcanza-a-4-millones-de-ninos-y-ninas\/"},"wordCount":441,"publisher":{"@id":"https:\/\/experienciadevida.com.ar\/portalurbano\/#organization"},"articleSection":["Ciudad","Destacadas"],"inLanguage":"es"},{"@type":"WebPage","@id":"https:\/\/experienciadevida.com.ar\/portalurbano\/comenzo-el-pago-de-la-tarjeta-alimentar-que-alcanza-a-4-millones-de-ninos-y-ninas\/","url":"https:\/\/experienciadevida.com.ar\/portalurbano\/comenzo-el-pago-de-la-tarjeta-alimentar-que-alcanza-a-4-millones-de-ninos-y-ninas\/","name":"Comenz\u00f3 el pago de la tarjeta alimentar que alcanza a 4 millones de ni\u00f1os","isPartOf":{"@id":"https:\/\/experienciadevida.com.ar\/portalurbano\/#website"},"datePublished":"2021-05-27T12:28:01+00:00","dateModified":"2021-05-27T12:32:46+00:00","description":"Comenz\u00f3 el pago de la Tarjeta Alimentar que alcanza a 4 millones de ni\u00f1os y ni\u00f1as, para quienes tienen la tarjeta f\u00edsica fue acreditado","breadcrumb":{"@id":"https:\/\/experienciadevida.com.ar\/portalurbano\/comenzo-el-pago-de-la-tarjeta-alimentar-que-alcanza-a-4-millones-de-ninos-y-ninas\/#breadcrumb"},"inLanguage":"es","potentialAction":[{"@type":"ReadAction","target":["https:\/\/experienciadevida.com.ar\/portalurbano\/comenzo-el-pago-de-la-tarjeta-alimentar-que-alcanza-a-4-millones-de-ninos-y-ninas\/"]}]},{"@type":"BreadcrumbList","@id":"https:\/\/experienciadevida.com.ar\/portalurbano\/comenzo-el-pago-de-la-tarjeta-alimentar-que-alcanza-a-4-millones-de-ninos-y-ninas\/#breadcrumb","itemListElement":[{"@type":"ListItem","position":1,"name":"Portada","item":"https:\/\/experienciadevida.com.ar\/portalurbano\/"},{"@type":"ListItem","position":2,"name":"Comenz\u00f3 el pago de la Tarjeta Alimentar que alcanza a 4 millones de ni\u00f1os y ni\u00f1as"}]},{"@type":"WebSite","@id":"https:\/\/experienciadevida.com.ar\/portalurbano\/#website","url":"https:\/\/experienciadevida.com.ar\/portalurbano\/","name":"","description":"","publisher":{"@id":"https:\/\/experienciadevida.com.ar\/portalurbano\/#organization"},"potentialAction":[{"@type":"SearchAction","target":{"@type":"EntryPoint","urlTemplate":"https:\/\/experienciadevida.com.ar\/portalurbano\/?s={search_term_string}"},"query-input":"required name=search_term_string"}],"inLanguage":"es"},{"@type":"Organization","@id":"https:\/\/experienciadevida.com.ar\/portalurbano\/#organization","name":"Portal Urbano","url":"https:\/\/experienciadevida.com.ar\/portalurbano\/","logo":{"@type":"ImageObject","inLanguage":"es","@id":"https:\/\/experienciadevida.com.ar\/portalurbano\/#\/schema\/logo\/image\/","url":"https:\/\/experienciadevida.com.ar\/portalurbano\/wp-content\/uploads\/2019\/09\/Logo-Original.png","contentUrl":"https:\/\/experienciadevida.com.ar\/portalurbano\/wp-content\/uploads\/2019\/09\/Logo-Original.png","width":2236,"height":1216,"caption":"Portal Urbano"},"image":{"@id":"https:\/\/experienciadevida.com.ar\/portalurbano\/#\/schema\/logo\/image\/"},"sameAs":["https:\/\/www.facebook.com\/Portal-Urbano-171542830093757\/","https:\/\/twitter.com\/portalurbanook","https:\/\/www.instagram.com\/_portalurbano\/","https:\/\/www.youtube.com\/channel\/UCXhagIfszH8KxFiOok79zbA?view_as=subscriber"]},{"@type":"Person","@id":"https:\/\/experienciadevida.com.ar\/portalurbano\/#\/schema\/person\/02dd326b1c4b056e9cc972486934a3a7","name":"admpu17wp","image":{"@type":"ImageObject","inLanguage":"es","@id":"https:\/\/experienciadevida.com.ar\/portalurbano\/#\/schema\/person\/image\/","url":"https:\/\/secure.gravatar.com\/avatar\/830d4c57adaae6630765e449a6908047?s=96&d=mm&r=g","contentUrl":"https:\/\/secure.gravatar.com\/avatar\/830d4c57adaae6630765e449a6908047?s=96&d=mm&r=g","caption":"admpu17wp"}}]}},"featured_image_urls":{"full":["https:\/\/experienciadevida.com.ar\/portalurbano\/wp-content\/uploads\/2020\/03\/TARJETAALIMENTAR.jpeg",848,477,false],"thumbnail":["https:\/\/experienciadevida.com.ar\/portalurbano\/wp-content\/uploads\/2020\/03\/TARJETAALIMENTAR-150x150.jpeg",150,150,true],"medium":["https:\/\/experienciadevida.com.ar\/portalurbano\/wp-content\/uploads\/2020\/03\/TARJETAALIMENTAR-300x169.jpeg",300,169,true],"medium_large":["https:\/\/experienciadevida.com.ar\/portalurbano\/wp-content\/uploads\/2020\/03\/TARJETAALIMENTAR-768x432.jpeg",640,360,true],"large":["https:\/\/experienciadevida.com.ar\/portalurbano\/wp-content\/uploads\/2020\/03\/TARJETAALIMENTAR.jpeg",640,360,false],"ug_big":["https:\/\/experienciadevida.com.ar\/portalurbano\/wp-content\/uploads\/2020\/03\/TARJETAALIMENTAR-768x432.jpeg",768,432,true],"1536x1536":["https:\/\/experienciadevida.com.ar\/portalurbano\/wp-content\/uploads\/2020\/03\/TARJETAALIMENTAR.jpeg",848,477,false],"2048x2048":["https:\/\/experienciadevida.com.ar\/portalurbano\/wp-content\/uploads\/2020\/03\/TARJETAALIMENTAR.jpeg",848,477,false],"newsever-slider-full":["https:\/\/experienciadevida.com.ar\/portalurbano\/wp-content\/uploads\/2020\/03\/TARJETAALIMENTAR.jpeg",848,477,false],"newsever-featured":["https:\/\/experienciadevida.com.ar\/portalurbano\/wp-content\/uploads\/2020\/03\/TARJETAALIMENTAR.jpeg",848,477,false],"newsever-medium":["https:\/\/experienciadevida.com.ar\/portalurbano\/wp-content\/uploads\/2020\/03\/TARJETAALIMENTAR.jpeg",720,405,false],"web-stories-poster-portrait":["https:\/\/experienciadevida.com.ar\/portalurbano\/wp-content\/uploads\/2020\/03\/TARJETAALIMENTAR.jpeg",640,360,false],"web-stories-publisher-logo":["https:\/\/experienciadevida.com.ar\/portalurbano\/wp-content\/uploads\/2020\/03\/TARJETAALIMENTAR.jpeg",96,54,false],"web-stories-thumbnail":["https:\/\/experienciadevida.com.ar\/portalurbano\/wp-content\/uploads\/2020\/03\/TARJETAALIMENTAR.jpeg",150,84,false]},"author_info":{"display_name":"admpu17wp","author_link":"https:\/\/experienciadevida.com.ar\/portalurbano\/author\/admpu17wp\/"},"category_info":"<a href=\"https:\/\/experienciadevida.com.ar\/portalurbano\/category\/ciudad\/\" rel=\"category tag\">Ciudad<\/a> <a href=\"https:\/\/experienciadevida.com.ar\/portalurbano\/category\/destacadas\/\" rel=\"category tag\">Destacadas<\/a>","tag_info":"Destacadas","comment_count":"0","amp_enabled":true,"_links":{"self":[{"href":"https:\/\/experienciadevida.com.ar\/portalurbano\/wp-json\/wp\/v2\/posts\/143825"}],"collection":[{"href":"https:\/\/experienciadevida.com.ar\/portalurbano\/wp-json\/wp\/v2\/posts"}],"about":[{"href":"https:\/\/experienciadevida.com.ar\/portalurbano\/wp-json\/wp\/v2\/types\/post"}],"author":[{"embeddable":true,"href":"https:\/\/experienciadevida.com.ar\/portalurbano\/wp-json\/wp\/v2\/users\/1"}],"replies":[{"embeddable":true,"href":"https:\/\/experienciadevida.com.ar\/portalurbano\/wp-json\/wp\/v2\/comments?post=143825"}],"version-history":[{"count":4,"href":"https:\/\/experienciadevida.com.ar\/portalurbano\/wp-json\/wp\/v2\/posts\/143825\/revisions"}],"predecessor-version":[{"id":143832,"href":"https:\/\/experienciadevida.com.ar\/portalurbano\/wp-json\/wp\/v2\/posts\/143825\/revisions\/143832"}],"wp:featuredmedia":[{"embeddable":true,"href":"https:\/\/experienciadevida.com.ar\/portalurbano\/wp-json\/wp\/v2\/media\/104320"}],"wp:attachment":[{"href":"https:\/\/experienciadevida.com.ar\/portalurbano\/wp-json\/wp\/v2\/media?parent=143825"}],"wp:term":[{"taxonomy":"category","embeddable":true,"href":"https:\/\/experienciadevida.com.ar\/portalurbano\/wp-json\/wp\/v2\/categories?post=143825"},{"taxonomy":"post_tag","embeddable":true,"href":"https:\/\/experienciadevida.com.ar\/portalurbano\/wp-json\/wp\/v2\/tags?post=143825"}],"curies":[{"name":"wp","href":"https:\/\/api.w.org\/{rel}","templated":true}]}}