{"id":143801,"date":"2021-05-26T18:12:18","date_gmt":"2021-05-26T21:12:18","guid":{"rendered":"https:\/\/experienciadevida.com.ar\/portalurbano\/?p=143801"},"modified":"2021-05-26T18:16:28","modified_gmt":"2021-05-26T21:16:28","slug":"obras-publicas-sendas-peatonales-para-la-plaza-del-mastil-en-sierras-bayas","status":"publish","type":"post","link":"https:\/\/experienciadevida.com.ar\/portalurbano\/obras-publicas-sendas-peatonales-para-la-plaza-del-mastil-en-sierras-bayas\/","title":{"rendered":"Obras P\u00fablicas: sendas peatonales para la Plaza del M\u00e1stil en Sierras Bayas"},"content":{"rendered":"<p>Obras P\u00fablicas: sendas peatonales para la Plaza del M\u00e1stil en Sierras Bayas, en la ma\u00f1ana de este mi\u00e9rcoles se realiz\u00f3 \u00a0el acto de apertura de sobres de la licitaci\u00f3n p\u00fablica para la construcci\u00f3n de sendas peatonales en la Plaza del M\u00e1stil, ubicado en el acceso de la localidad de Sierras Bayas.<\/p>\n<p>De esta manera, se lograr\u00e1 una mejora en el sector, tan utilizado para salidas recreativas.<\/p>\n<p>Con la participaci\u00f3n del secretario de Mantenimiento y Obras P\u00fablicas Julio Ferraro, el subsecretario de Gobierno Emilio Vitale y la directora de Licitaciones Pilar Ciardelli, el acto cont\u00f3 con la asistencia de representantes de las empresas oferentes y se desarroll\u00f3 en la Direcci\u00f3n de Licitaciones del Palacio San Mart\u00edn.<\/p>\n<p>A continuaci\u00f3n se detallan los presupuestos presentados en esta oportunidad:<\/p>\n<p>\u2013 Atak SRL: cotiza 3.887.000 pesos.<\/p>\n<p>\u2013 Pecma SRL: cotiza 4.796.718,78 pesos.<\/p>\n<p>\u2013 Rivolta Eduardo Javier: cotiza 5.941.000 pesos.<\/p>\n<p>\u2013 Burgart N\u00e9stor Miguel: cotiza 6.526.000 pesos.<\/p>\n<p>&nbsp;<\/p>\n","protected":false},"excerpt":{"rendered":"<p>Obras P\u00fablicas: sendas peatonales para la Plaza del M\u00e1stil en Sierras Bayas, en la ma\u00f1ana&#8230;<\/p>\n","protected":false},"author":1,"featured_media":143802,"comment_status":"closed","ping_status":"closed","sticky":false,"template":"","format":"standard","meta":{"content-type":""},"categories":[27,64],"tags":[],"nelio_content":{"isAutoShareEnabled":false,"autoShareEndMode":"default","automationSources":{"useContentSentences":true,"useSocialTemplates":true,"useCustomSentences":false,"customSentences":[]},"followers":[1],"suggestedReferences":[],"includedReferences":[],"efiUrl":"","efiAlt":"","highlights":[]},"yoast_head":"<!-- This site is optimized with the Yoast SEO plugin v20.7 - https:\/\/yoast.com\/wordpress\/plugins\/seo\/ -->\n<title>Obras p\u00fablicas: sendas peatonales para la plaza del m\u00e1stil en S. Bayas<\/title>\n<meta name=\"description\" content=\"Obras P\u00fablicas: sendas peatonales para la Plaza del M\u00e1stil en Sierras Bayas, en la ma\u00f1ana de este mi\u00e9rcoles se realiz\u00f3 \u00a0el acto de apertura\" \/>\n<meta name=\"robots\" content=\"index, follow, max-snippet:-1, max-image-preview:large, max-video-preview:-1\" \/>\n<link rel=\"canonical\" href=\"https:\/\/experienciadevida.com.ar\/portalurbano\/obras-publicas-sendas-peatonales-para-la-plaza-del-mastil-en-sierras-bayas\/\" \/>\n<meta property=\"og:locale\" content=\"es_ES\" \/>\n<meta property=\"og:type\" content=\"article\" \/>\n<meta property=\"og:title\" content=\"Obras p\u00fablicas: sendas peatonales para la plaza del m\u00e1stil en S. Bayas\" \/>\n<meta property=\"og:description\" content=\"Obras P\u00fablicas: sendas peatonales para la Plaza del M\u00e1stil en Sierras Bayas, en la ma\u00f1ana de este mi\u00e9rcoles se realiz\u00f3 \u00a0el acto de apertura\" \/>\n<meta property=\"og:url\" content=\"https:\/\/experienciadevida.com.ar\/portalurbano\/obras-publicas-sendas-peatonales-para-la-plaza-del-mastil-en-sierras-bayas\/\" \/>\n<meta property=\"article:publisher\" content=\"https:\/\/www.facebook.com\/Portal-Urbano-171542830093757\/\" \/>\n<meta property=\"article:published_time\" content=\"2021-05-26T21:12:18+00:00\" \/>\n<meta property=\"article:modified_time\" content=\"2021-05-26T21:16:28+00:00\" \/>\n<meta property=\"og:image\" content=\"https:\/\/experienciadevida.com.ar\/portalurbano\/wp-content\/uploads\/2021\/05\/obras-publicas.jpg\" \/>\n\t<meta property=\"og:image:width\" content=\"1024\" \/>\n\t<meta property=\"og:image:height\" content=\"685\" \/>\n\t<meta property=\"og:image:type\" content=\"image\/jpeg\" \/>\n<meta name=\"author\" content=\"admpu17wp\" \/>\n<meta name=\"twitter:card\" content=\"summary_large_image\" \/>\n<meta name=\"twitter:creator\" content=\"@portalurbanook\" \/>\n<meta name=\"twitter:site\" content=\"@portalurbanook\" \/>\n<meta name=\"twitter:label1\" content=\"Escrito por\" \/>\n\t<meta name=\"twitter:data1\" content=\"admpu17wp\" \/>\n\t<meta name=\"twitter:label2\" content=\"Tiempo de lectura\" \/>\n\t<meta name=\"twitter:data2\" content=\"1 minuto\" \/>\n<script type=\"application\/ld+json\" class=\"yoast-schema-graph\">{\"@context\":\"https:\/\/schema.org\",\"@graph\":[{\"@type\":\"Article\",\"@id\":\"https:\/\/experienciadevida.com.ar\/portalurbano\/obras-publicas-sendas-peatonales-para-la-plaza-del-mastil-en-sierras-bayas\/#article\",\"isPartOf\":{\"@id\":\"https:\/\/experienciadevida.com.ar\/portalurbano\/obras-publicas-sendas-peatonales-para-la-plaza-del-mastil-en-sierras-bayas\/\"},\"author\":{\"name\":\"admpu17wp\",\"@id\":\"https:\/\/experienciadevida.com.ar\/portalurbano\/#\/schema\/person\/02dd326b1c4b056e9cc972486934a3a7\"},\"headline\":\"Obras P\u00fablicas: sendas peatonales para la Plaza del M\u00e1stil en Sierras Bayas\",\"datePublished\":\"2021-05-26T21:12:18+00:00\",\"dateModified\":\"2021-05-26T21:16:28+00:00\",\"mainEntityOfPage\":{\"@id\":\"https:\/\/experienciadevida.com.ar\/portalurbano\/obras-publicas-sendas-peatonales-para-la-plaza-del-mastil-en-sierras-bayas\/\"},\"wordCount\":172,\"publisher\":{\"@id\":\"https:\/\/experienciadevida.com.ar\/portalurbano\/#organization\"},\"articleSection\":[\"Ciudad\",\"Destacadas 2\"],\"inLanguage\":\"es\"},{\"@type\":\"WebPage\",\"@id\":\"https:\/\/experienciadevida.com.ar\/portalurbano\/obras-publicas-sendas-peatonales-para-la-plaza-del-mastil-en-sierras-bayas\/\",\"url\":\"https:\/\/experienciadevida.com.ar\/portalurbano\/obras-publicas-sendas-peatonales-para-la-plaza-del-mastil-en-sierras-bayas\/\",\"name\":\"Obras p\u00fablicas: sendas peatonales para la plaza del m\u00e1stil en S. Bayas\",\"isPartOf\":{\"@id\":\"https:\/\/experienciadevida.com.ar\/portalurbano\/#website\"},\"datePublished\":\"2021-05-26T21:12:18+00:00\",\"dateModified\":\"2021-05-26T21:16:28+00:00\",\"description\":\"Obras P\u00fablicas: sendas peatonales para la Plaza del M\u00e1stil en Sierras Bayas, en la ma\u00f1ana de este mi\u00e9rcoles se realiz\u00f3 \u00a0el acto de apertura\",\"breadcrumb\":{\"@id\":\"https:\/\/experienciadevida.com.ar\/portalurbano\/obras-publicas-sendas-peatonales-para-la-plaza-del-mastil-en-sierras-bayas\/#breadcrumb\"},\"inLanguage\":\"es\",\"potentialAction\":[{\"@type\":\"ReadAction\",\"target\":[\"https:\/\/experienciadevida.com.ar\/portalurbano\/obras-publicas-sendas-peatonales-para-la-plaza-del-mastil-en-sierras-bayas\/\"]}]},{\"@type\":\"BreadcrumbList\",\"@id\":\"https:\/\/experienciadevida.com.ar\/portalurbano\/obras-publicas-sendas-peatonales-para-la-plaza-del-mastil-en-sierras-bayas\/#breadcrumb\",\"itemListElement\":[{\"@type\":\"ListItem\",\"position\":1,\"name\":\"Portada\",\"item\":\"https:\/\/experienciadevida.com.ar\/portalurbano\/\"},{\"@type\":\"ListItem\",\"position\":2,\"name\":\"Obras P\u00fablicas: sendas peatonales para la Plaza del M\u00e1stil en Sierras Bayas\"}]},{\"@type\":\"WebSite\",\"@id\":\"https:\/\/experienciadevida.com.ar\/portalurbano\/#website\",\"url\":\"https:\/\/experienciadevida.com.ar\/portalurbano\/\",\"name\":\"\",\"description\":\"\",\"publisher\":{\"@id\":\"https:\/\/experienciadevida.com.ar\/portalurbano\/#organization\"},\"potentialAction\":[{\"@type\":\"SearchAction\",\"target\":{\"@type\":\"EntryPoint\",\"urlTemplate\":\"https:\/\/experienciadevida.com.ar\/portalurbano\/?s={search_term_string}\"},\"query-input\":\"required name=search_term_string\"}],\"inLanguage\":\"es\"},{\"@type\":\"Organization\",\"@id\":\"https:\/\/experienciadevida.com.ar\/portalurbano\/#organization\",\"name\":\"Portal Urbano\",\"url\":\"https:\/\/experienciadevida.com.ar\/portalurbano\/\",\"logo\":{\"@type\":\"ImageObject\",\"inLanguage\":\"es\",\"@id\":\"https:\/\/experienciadevida.com.ar\/portalurbano\/#\/schema\/logo\/image\/\",\"url\":\"https:\/\/experienciadevida.com.ar\/portalurbano\/wp-content\/uploads\/2019\/09\/Logo-Original.png\",\"contentUrl\":\"https:\/\/experienciadevida.com.ar\/portalurbano\/wp-content\/uploads\/2019\/09\/Logo-Original.png\",\"width\":2236,\"height\":1216,\"caption\":\"Portal Urbano\"},\"image\":{\"@id\":\"https:\/\/experienciadevida.com.ar\/portalurbano\/#\/schema\/logo\/image\/\"},\"sameAs\":[\"https:\/\/www.facebook.com\/Portal-Urbano-171542830093757\/\",\"https:\/\/twitter.com\/portalurbanook\",\"https:\/\/www.instagram.com\/_portalurbano\/\",\"https:\/\/www.youtube.com\/channel\/UCXhagIfszH8KxFiOok79zbA?view_as=subscriber\"]},{\"@type\":\"Person\",\"@id\":\"https:\/\/experienciadevida.com.ar\/portalurbano\/#\/schema\/person\/02dd326b1c4b056e9cc972486934a3a7\",\"name\":\"admpu17wp\",\"image\":{\"@type\":\"ImageObject\",\"inLanguage\":\"es\",\"@id\":\"https:\/\/experienciadevida.com.ar\/portalurbano\/#\/schema\/person\/image\/\",\"url\":\"https:\/\/secure.gravatar.com\/avatar\/830d4c57adaae6630765e449a6908047?s=96&d=mm&r=g\",\"contentUrl\":\"https:\/\/secure.gravatar.com\/avatar\/830d4c57adaae6630765e449a6908047?s=96&d=mm&r=g\",\"caption\":\"admpu17wp\"}}]}<\/script>\n<!-- \/ Yoast SEO plugin. -->","yoast_head_json":{"title":"Obras p\u00fablicas: sendas peatonales para la plaza del m\u00e1stil en S. Bayas","description":"Obras P\u00fablicas: sendas peatonales para la Plaza del M\u00e1stil en Sierras Bayas, en la ma\u00f1ana de este mi\u00e9rcoles se realiz\u00f3 \u00a0el acto de apertura","robots":{"index":"index","follow":"follow","max-snippet":"max-snippet:-1","max-image-preview":"max-image-preview:large","max-video-preview":"max-video-preview:-1"},"canonical":"https:\/\/experienciadevida.com.ar\/portalurbano\/obras-publicas-sendas-peatonales-para-la-plaza-del-mastil-en-sierras-bayas\/","og_locale":"es_ES","og_type":"article","og_title":"Obras p\u00fablicas: sendas peatonales para la plaza del m\u00e1stil en S. Bayas","og_description":"Obras P\u00fablicas: sendas peatonales para la Plaza del M\u00e1stil en Sierras Bayas, en la ma\u00f1ana de este mi\u00e9rcoles se realiz\u00f3 \u00a0el acto de apertura","og_url":"https:\/\/experienciadevida.com.ar\/portalurbano\/obras-publicas-sendas-peatonales-para-la-plaza-del-mastil-en-sierras-bayas\/","article_publisher":"https:\/\/www.facebook.com\/Portal-Urbano-171542830093757\/","article_published_time":"2021-05-26T21:12:18+00:00","article_modified_time":"2021-05-26T21:16:28+00:00","og_image":[{"width":1024,"height":685,"url":"https:\/\/experienciadevida.com.ar\/portalurbano\/wp-content\/uploads\/2021\/05\/obras-publicas.jpg","type":"image\/jpeg"}],"author":"admpu17wp","twitter_card":"summary_large_image","twitter_creator":"@portalurbanook","twitter_site":"@portalurbanook","twitter_misc":{"Escrito por":"admpu17wp","Tiempo de lectura":"1 minuto"},"schema":{"@context":"https:\/\/schema.org","@graph":[{"@type":"Article","@id":"https:\/\/experienciadevida.com.ar\/portalurbano\/obras-publicas-sendas-peatonales-para-la-plaza-del-mastil-en-sierras-bayas\/#article","isPartOf":{"@id":"https:\/\/experienciadevida.com.ar\/portalurbano\/obras-publicas-sendas-peatonales-para-la-plaza-del-mastil-en-sierras-bayas\/"},"author":{"name":"admpu17wp","@id":"https:\/\/experienciadevida.com.ar\/portalurbano\/#\/schema\/person\/02dd326b1c4b056e9cc972486934a3a7"},"headline":"Obras P\u00fablicas: sendas peatonales para la Plaza del M\u00e1stil en Sierras Bayas","datePublished":"2021-05-26T21:12:18+00:00","dateModified":"2021-05-26T21:16:28+00:00","mainEntityOfPage":{"@id":"https:\/\/experienciadevida.com.ar\/portalurbano\/obras-publicas-sendas-peatonales-para-la-plaza-del-mastil-en-sierras-bayas\/"},"wordCount":172,"publisher":{"@id":"https:\/\/experienciadevida.com.ar\/portalurbano\/#organization"},"articleSection":["Ciudad","Destacadas 2"],"inLanguage":"es"},{"@type":"WebPage","@id":"https:\/\/experienciadevida.com.ar\/portalurbano\/obras-publicas-sendas-peatonales-para-la-plaza-del-mastil-en-sierras-bayas\/","url":"https:\/\/experienciadevida.com.ar\/portalurbano\/obras-publicas-sendas-peatonales-para-la-plaza-del-mastil-en-sierras-bayas\/","name":"Obras p\u00fablicas: sendas peatonales para la plaza del m\u00e1stil en S. Bayas","isPartOf":{"@id":"https:\/\/experienciadevida.com.ar\/portalurbano\/#website"},"datePublished":"2021-05-26T21:12:18+00:00","dateModified":"2021-05-26T21:16:28+00:00","description":"Obras P\u00fablicas: sendas peatonales para la Plaza del M\u00e1stil en Sierras Bayas, en la ma\u00f1ana de este mi\u00e9rcoles se realiz\u00f3 \u00a0el acto de apertura","breadcrumb":{"@id":"https:\/\/experienciadevida.com.ar\/portalurbano\/obras-publicas-sendas-peatonales-para-la-plaza-del-mastil-en-sierras-bayas\/#breadcrumb"},"inLanguage":"es","potentialAction":[{"@type":"ReadAction","target":["https:\/\/experienciadevida.com.ar\/portalurbano\/obras-publicas-sendas-peatonales-para-la-plaza-del-mastil-en-sierras-bayas\/"]}]},{"@type":"BreadcrumbList","@id":"https:\/\/experienciadevida.com.ar\/portalurbano\/obras-publicas-sendas-peatonales-para-la-plaza-del-mastil-en-sierras-bayas\/#breadcrumb","itemListElement":[{"@type":"ListItem","position":1,"name":"Portada","item":"https:\/\/experienciadevida.com.ar\/portalurbano\/"},{"@type":"ListItem","position":2,"name":"Obras P\u00fablicas: sendas peatonales para la Plaza del M\u00e1stil en Sierras Bayas"}]},{"@type":"WebSite","@id":"https:\/\/experienciadevida.com.ar\/portalurbano\/#website","url":"https:\/\/experienciadevida.com.ar\/portalurbano\/","name":"","description":"","publisher":{"@id":"https:\/\/experienciadevida.com.ar\/portalurbano\/#organization"},"potentialAction":[{"@type":"SearchAction","target":{"@type":"EntryPoint","urlTemplate":"https:\/\/experienciadevida.com.ar\/portalurbano\/?s={search_term_string}"},"query-input":"required name=search_term_string"}],"inLanguage":"es"},{"@type":"Organization","@id":"https:\/\/experienciadevida.com.ar\/portalurbano\/#organization","name":"Portal Urbano","url":"https:\/\/experienciadevida.com.ar\/portalurbano\/","logo":{"@type":"ImageObject","inLanguage":"es","@id":"https:\/\/experienciadevida.com.ar\/portalurbano\/#\/schema\/logo\/image\/","url":"https:\/\/experienciadevida.com.ar\/portalurbano\/wp-content\/uploads\/2019\/09\/Logo-Original.png","contentUrl":"https:\/\/experienciadevida.com.ar\/portalurbano\/wp-content\/uploads\/2019\/09\/Logo-Original.png","width":2236,"height":1216,"caption":"Portal Urbano"},"image":{"@id":"https:\/\/experienciadevida.com.ar\/portalurbano\/#\/schema\/logo\/image\/"},"sameAs":["https:\/\/www.facebook.com\/Portal-Urbano-171542830093757\/","https:\/\/twitter.com\/portalurbanook","https:\/\/www.instagram.com\/_portalurbano\/","https:\/\/www.youtube.com\/channel\/UCXhagIfszH8KxFiOok79zbA?view_as=subscriber"]},{"@type":"Person","@id":"https:\/\/experienciadevida.com.ar\/portalurbano\/#\/schema\/person\/02dd326b1c4b056e9cc972486934a3a7","name":"admpu17wp","image":{"@type":"ImageObject","inLanguage":"es","@id":"https:\/\/experienciadevida.com.ar\/portalurbano\/#\/schema\/person\/image\/","url":"https:\/\/secure.gravatar.com\/avatar\/830d4c57adaae6630765e449a6908047?s=96&d=mm&r=g","contentUrl":"https:\/\/secure.gravatar.com\/avatar\/830d4c57adaae6630765e449a6908047?s=96&d=mm&r=g","caption":"admpu17wp"}}]}},"featured_image_urls":{"full":["https:\/\/experienciadevida.com.ar\/portalurbano\/wp-content\/uploads\/2021\/05\/obras-publicas.jpg",1024,685,false],"thumbnail":["https:\/\/experienciadevida.com.ar\/portalurbano\/wp-content\/uploads\/2021\/05\/obras-publicas-150x150.jpg",150,150,true],"medium":["https:\/\/experienciadevida.com.ar\/portalurbano\/wp-content\/uploads\/2021\/05\/obras-publicas-300x201.jpg",300,201,true],"medium_large":["https:\/\/experienciadevida.com.ar\/portalurbano\/wp-content\/uploads\/2021\/05\/obras-publicas-768x514.jpg",640,428,true],"large":["https:\/\/experienciadevida.com.ar\/portalurbano\/wp-content\/uploads\/2021\/05\/obras-publicas.jpg",640,428,false],"ug_big":["https:\/\/experienciadevida.com.ar\/portalurbano\/wp-content\/uploads\/2021\/05\/obras-publicas-768x514.jpg",768,514,true],"1536x1536":["https:\/\/experienciadevida.com.ar\/portalurbano\/wp-content\/uploads\/2021\/05\/obras-publicas.jpg",1024,685,false],"2048x2048":["https:\/\/experienciadevida.com.ar\/portalurbano\/wp-content\/uploads\/2021\/05\/obras-publicas.jpg",1024,685,false],"newsever-slider-full":["https:\/\/experienciadevida.com.ar\/portalurbano\/wp-content\/uploads\/2021\/05\/obras-publicas.jpg",1024,685,false],"newsever-featured":["https:\/\/experienciadevida.com.ar\/portalurbano\/wp-content\/uploads\/2021\/05\/obras-publicas.jpg",1024,685,false],"newsever-medium":["https:\/\/experienciadevida.com.ar\/portalurbano\/wp-content\/uploads\/2021\/05\/obras-publicas.jpg",710,475,false],"web-stories-poster-portrait":["https:\/\/experienciadevida.com.ar\/portalurbano\/wp-content\/uploads\/2021\/05\/obras-publicas.jpg",640,428,false],"web-stories-publisher-logo":["https:\/\/experienciadevida.com.ar\/portalurbano\/wp-content\/uploads\/2021\/05\/obras-publicas.jpg",96,64,false],"web-stories-thumbnail":["https:\/\/experienciadevida.com.ar\/portalurbano\/wp-content\/uploads\/2021\/05\/obras-publicas.jpg",150,100,false]},"author_info":{"display_name":"admpu17wp","author_link":"https:\/\/experienciadevida.com.ar\/portalurbano\/author\/admpu17wp\/"},"category_info":"<a href=\"https:\/\/experienciadevida.com.ar\/portalurbano\/category\/ciudad\/\" rel=\"category tag\">Ciudad<\/a> <a href=\"https:\/\/experienciadevida.com.ar\/portalurbano\/category\/destacadas-2\/\" rel=\"category tag\">Destacadas 2<\/a>","tag_info":"Destacadas 2","comment_count":"0","amp_enabled":true,"_links":{"self":[{"href":"https:\/\/experienciadevida.com.ar\/portalurbano\/wp-json\/wp\/v2\/posts\/143801"}],"collection":[{"href":"https:\/\/experienciadevida.com.ar\/portalurbano\/wp-json\/wp\/v2\/posts"}],"about":[{"href":"https:\/\/experienciadevida.com.ar\/portalurbano\/wp-json\/wp\/v2\/types\/post"}],"author":[{"embeddable":true,"href":"https:\/\/experienciadevida.com.ar\/portalurbano\/wp-json\/wp\/v2\/users\/1"}],"replies":[{"embeddable":true,"href":"https:\/\/experienciadevida.com.ar\/portalurbano\/wp-json\/wp\/v2\/comments?post=143801"}],"version-history":[{"count":1,"href":"https:\/\/experienciadevida.com.ar\/portalurbano\/wp-json\/wp\/v2\/posts\/143801\/revisions"}],"predecessor-version":[{"id":143803,"href":"https:\/\/experienciadevida.com.ar\/portalurbano\/wp-json\/wp\/v2\/posts\/143801\/revisions\/143803"}],"wp:featuredmedia":[{"embeddable":true,"href":"https:\/\/experienciadevida.com.ar\/portalurbano\/wp-json\/wp\/v2\/media\/143802"}],"wp:attachment":[{"href":"https:\/\/experienciadevida.com.ar\/portalurbano\/wp-json\/wp\/v2\/media?parent=143801"}],"wp:term":[{"taxonomy":"category","embeddable":true,"href":"https:\/\/experienciadevida.com.ar\/portalurbano\/wp-json\/wp\/v2\/categories?post=143801"},{"taxonomy":"post_tag","embeddable":true,"href":"https:\/\/experienciadevida.com.ar\/portalurbano\/wp-json\/wp\/v2\/tags?post=143801"}],"curies":[{"name":"wp","href":"https:\/\/api.w.org\/{rel}","templated":true}]}}