{"id":143772,"date":"2021-05-26T13:21:39","date_gmt":"2021-05-26T16:21:39","guid":{"rendered":"https:\/\/experienciadevida.com.ar\/portalurbano\/?p=143772"},"modified":"2021-05-26T13:59:32","modified_gmt":"2021-05-26T16:59:32","slug":"rene-huallpa-la-pase-mal-pero-estoy-saliendo-adelante","status":"publish","type":"post","link":"https:\/\/experienciadevida.com.ar\/portalurbano\/rene-huallpa-la-pase-mal-pero-estoy-saliendo-adelante\/","title":{"rendered":"Rene Huallpa: &#8220;La pas\u00e9 mal pero estoy saliendo adelante&#8221;"},"content":{"rendered":"<p><strong>Rene Huallpa: &#8220;La pas\u00e9 mal pero estoy saliendo adelante&#8221;, as\u00ed lo dijo en di\u00e1logo con este medio. El conocido canillita tuvo una pulmon\u00eda bilateral a causa del Covid-19.<\/strong><\/p>\n<hr \/>\n<p>&#8220;Termin\u00e9 el esquema de medicamentos y estoy mejorando, la pas\u00e9 mal con mucha fiebre durante tres d\u00edas, estuve muy complicado pero ahora estoy saliendo adelante . Estoy mejor ayer tuve control en el Hospital, me controlaron todo y mis pulmones est\u00e1n bien, el ritmo card\u00edaco y la oxigenaci\u00f3n en sangre tambi\u00e9n. Por suerte y gracias a Dios tengo el pecho limpio por ahora&#8221;, dijo Ren\u00e9.<\/p>\n<p>Por otro lado, Rene Huallpa mencion\u00f3 <em>&#8220;tengo que esperar tres d\u00edas sin presentar s\u00edntomas para que me puedan dar de alta, pero me tengo que cuidar mucho porque tuve neumon\u00eda&#8221;.<\/em><\/p>\n<p>&#8220;Mi trabajo es en la calle, por suerte ahora me est\u00e1n ayudando mis hijos, quienes son los que est\u00e1n repartiendo los diarios y revistas que la gente me pide&#8221;.<\/p>\n<p>La enfermedad mencion\u00f3 que la transit\u00f3 en su domicilio &#8220;me llamaron del Hospital, y desde el primer d\u00eda me est\u00e1n haciendo el seguimiento por tel\u00e9fono, me mandaron mercaderias que necesitaba para mi casa ya que no pod\u00eda salir a trabajar. En el Hospital me atendieron re bien, no tengo nada para decir la atenci\u00f3n es rapid\u00edsima&#8221;.<\/p>\n<p>&#8220;Cuando fui me atendieron r\u00e1pido y me medicaron enseguida, eso es s\u00faper importante porque gracias a eso puedo estar un poco mejor, solo estoy con nebulizaciones. <em><strong>&#8220;No me puedo quejar de la gente que estuvo pendiente de mi recuperaci\u00f3n y les agradezco a todos&#8221;.<\/strong><\/em><\/p>\n<p>Foto: Radio Olavarr\u00eda<\/p>\n","protected":false},"excerpt":{"rendered":"<p>Rene Huallpa: &#8220;La pas\u00e9 mal pero estoy saliendo adelante&#8221;, as\u00ed lo dijo en di\u00e1logo con&#8230;<\/p>\n","protected":false},"author":1,"featured_media":143783,"comment_status":"closed","ping_status":"closed","sticky":false,"template":"","format":"standard","meta":{"content-type":""},"categories":[27,51],"tags":[],"nelio_content":{"isAutoShareEnabled":false,"autoShareEndMode":"default","automationSources":{"useContentSentences":true,"useSocialTemplates":true,"useCustomSentences":false,"customSentences":[]},"followers":[1],"suggestedReferences":[],"includedReferences":[],"efiUrl":"","efiAlt":"","highlights":[]},"yoast_head":"<!-- This site is optimized with the Yoast SEO plugin v20.7 - https:\/\/yoast.com\/wordpress\/plugins\/seo\/ -->\n<title>Rene Huallpa: &quot;La pas\u00e9 mal pero estoy saliendo adelante&quot;<\/title>\n<meta name=\"description\" content=\"Rene Huallpa: &quot;La pas\u00e9 mal pero estoy saliendo adelante&quot;, as\u00ed lo dijo en di\u00e1logo con este medio, el conocido canillita tuvo coronavirus.\" \/>\n<meta name=\"robots\" content=\"index, follow, max-snippet:-1, max-image-preview:large, max-video-preview:-1\" \/>\n<link rel=\"canonical\" href=\"https:\/\/experienciadevida.com.ar\/portalurbano\/rene-huallpa-la-pase-mal-pero-estoy-saliendo-adelante\/\" \/>\n<meta property=\"og:locale\" content=\"es_ES\" \/>\n<meta property=\"og:type\" content=\"article\" \/>\n<meta property=\"og:title\" content=\"Rene Huallpa: &quot;La pas\u00e9 mal pero estoy saliendo adelante&quot;\" \/>\n<meta property=\"og:description\" content=\"Rene Huallpa: &quot;La pas\u00e9 mal pero estoy saliendo adelante&quot;, as\u00ed lo dijo en di\u00e1logo con este medio, el conocido canillita tuvo coronavirus.\" \/>\n<meta property=\"og:url\" content=\"https:\/\/experienciadevida.com.ar\/portalurbano\/rene-huallpa-la-pase-mal-pero-estoy-saliendo-adelante\/\" \/>\n<meta property=\"article:publisher\" content=\"https:\/\/www.facebook.com\/Portal-Urbano-171542830093757\/\" \/>\n<meta property=\"article:published_time\" content=\"2021-05-26T16:21:39+00:00\" \/>\n<meta property=\"article:modified_time\" content=\"2021-05-26T16:59:32+00:00\" \/>\n<meta property=\"og:image\" content=\"https:\/\/experienciadevida.com.ar\/portalurbano\/wp-content\/uploads\/2021\/05\/Rene-Huallpa.jpg\" \/>\n\t<meta property=\"og:image:width\" content=\"774\" \/>\n\t<meta property=\"og:image:height\" content=\"516\" \/>\n\t<meta property=\"og:image:type\" content=\"image\/jpeg\" \/>\n<meta name=\"author\" content=\"admpu17wp\" \/>\n<meta name=\"twitter:card\" content=\"summary_large_image\" \/>\n<meta name=\"twitter:creator\" content=\"@portalurbanook\" \/>\n<meta name=\"twitter:site\" content=\"@portalurbanook\" \/>\n<meta name=\"twitter:label1\" content=\"Escrito por\" \/>\n\t<meta name=\"twitter:data1\" content=\"admpu17wp\" \/>\n\t<meta name=\"twitter:label2\" content=\"Tiempo de lectura\" \/>\n\t<meta name=\"twitter:data2\" content=\"2 minutos\" \/>\n<script type=\"application\/ld+json\" class=\"yoast-schema-graph\">{\"@context\":\"https:\/\/schema.org\",\"@graph\":[{\"@type\":\"Article\",\"@id\":\"https:\/\/experienciadevida.com.ar\/portalurbano\/rene-huallpa-la-pase-mal-pero-estoy-saliendo-adelante\/#article\",\"isPartOf\":{\"@id\":\"https:\/\/experienciadevida.com.ar\/portalurbano\/rene-huallpa-la-pase-mal-pero-estoy-saliendo-adelante\/\"},\"author\":{\"name\":\"admpu17wp\",\"@id\":\"https:\/\/experienciadevida.com.ar\/portalurbano\/#\/schema\/person\/02dd326b1c4b056e9cc972486934a3a7\"},\"headline\":\"Rene Huallpa: &#8220;La pas\u00e9 mal pero estoy saliendo adelante&#8221;\",\"datePublished\":\"2021-05-26T16:21:39+00:00\",\"dateModified\":\"2021-05-26T16:59:32+00:00\",\"mainEntityOfPage\":{\"@id\":\"https:\/\/experienciadevida.com.ar\/portalurbano\/rene-huallpa-la-pase-mal-pero-estoy-saliendo-adelante\/\"},\"wordCount\":285,\"publisher\":{\"@id\":\"https:\/\/experienciadevida.com.ar\/portalurbano\/#organization\"},\"articleSection\":[\"Ciudad\",\"Destacadas\"],\"inLanguage\":\"es\"},{\"@type\":\"WebPage\",\"@id\":\"https:\/\/experienciadevida.com.ar\/portalurbano\/rene-huallpa-la-pase-mal-pero-estoy-saliendo-adelante\/\",\"url\":\"https:\/\/experienciadevida.com.ar\/portalurbano\/rene-huallpa-la-pase-mal-pero-estoy-saliendo-adelante\/\",\"name\":\"Rene Huallpa: \\\"La pas\u00e9 mal pero estoy saliendo adelante\\\"\",\"isPartOf\":{\"@id\":\"https:\/\/experienciadevida.com.ar\/portalurbano\/#website\"},\"datePublished\":\"2021-05-26T16:21:39+00:00\",\"dateModified\":\"2021-05-26T16:59:32+00:00\",\"description\":\"Rene Huallpa: \\\"La pas\u00e9 mal pero estoy saliendo adelante\\\", as\u00ed lo dijo en di\u00e1logo con este medio, el conocido canillita tuvo coronavirus.\",\"breadcrumb\":{\"@id\":\"https:\/\/experienciadevida.com.ar\/portalurbano\/rene-huallpa-la-pase-mal-pero-estoy-saliendo-adelante\/#breadcrumb\"},\"inLanguage\":\"es\",\"potentialAction\":[{\"@type\":\"ReadAction\",\"target\":[\"https:\/\/experienciadevida.com.ar\/portalurbano\/rene-huallpa-la-pase-mal-pero-estoy-saliendo-adelante\/\"]}]},{\"@type\":\"BreadcrumbList\",\"@id\":\"https:\/\/experienciadevida.com.ar\/portalurbano\/rene-huallpa-la-pase-mal-pero-estoy-saliendo-adelante\/#breadcrumb\",\"itemListElement\":[{\"@type\":\"ListItem\",\"position\":1,\"name\":\"Portada\",\"item\":\"https:\/\/experienciadevida.com.ar\/portalurbano\/\"},{\"@type\":\"ListItem\",\"position\":2,\"name\":\"Rene Huallpa: \u00abLa pas\u00e9 mal pero estoy saliendo adelante\u00bb\"}]},{\"@type\":\"WebSite\",\"@id\":\"https:\/\/experienciadevida.com.ar\/portalurbano\/#website\",\"url\":\"https:\/\/experienciadevida.com.ar\/portalurbano\/\",\"name\":\"\",\"description\":\"\",\"publisher\":{\"@id\":\"https:\/\/experienciadevida.com.ar\/portalurbano\/#organization\"},\"potentialAction\":[{\"@type\":\"SearchAction\",\"target\":{\"@type\":\"EntryPoint\",\"urlTemplate\":\"https:\/\/experienciadevida.com.ar\/portalurbano\/?s={search_term_string}\"},\"query-input\":\"required name=search_term_string\"}],\"inLanguage\":\"es\"},{\"@type\":\"Organization\",\"@id\":\"https:\/\/experienciadevida.com.ar\/portalurbano\/#organization\",\"name\":\"Portal Urbano\",\"url\":\"https:\/\/experienciadevida.com.ar\/portalurbano\/\",\"logo\":{\"@type\":\"ImageObject\",\"inLanguage\":\"es\",\"@id\":\"https:\/\/experienciadevida.com.ar\/portalurbano\/#\/schema\/logo\/image\/\",\"url\":\"https:\/\/experienciadevida.com.ar\/portalurbano\/wp-content\/uploads\/2019\/09\/Logo-Original.png\",\"contentUrl\":\"https:\/\/experienciadevida.com.ar\/portalurbano\/wp-content\/uploads\/2019\/09\/Logo-Original.png\",\"width\":2236,\"height\":1216,\"caption\":\"Portal Urbano\"},\"image\":{\"@id\":\"https:\/\/experienciadevida.com.ar\/portalurbano\/#\/schema\/logo\/image\/\"},\"sameAs\":[\"https:\/\/www.facebook.com\/Portal-Urbano-171542830093757\/\",\"https:\/\/twitter.com\/portalurbanook\",\"https:\/\/www.instagram.com\/_portalurbano\/\",\"https:\/\/www.youtube.com\/channel\/UCXhagIfszH8KxFiOok79zbA?view_as=subscriber\"]},{\"@type\":\"Person\",\"@id\":\"https:\/\/experienciadevida.com.ar\/portalurbano\/#\/schema\/person\/02dd326b1c4b056e9cc972486934a3a7\",\"name\":\"admpu17wp\",\"image\":{\"@type\":\"ImageObject\",\"inLanguage\":\"es\",\"@id\":\"https:\/\/experienciadevida.com.ar\/portalurbano\/#\/schema\/person\/image\/\",\"url\":\"https:\/\/secure.gravatar.com\/avatar\/830d4c57adaae6630765e449a6908047?s=96&d=mm&r=g\",\"contentUrl\":\"https:\/\/secure.gravatar.com\/avatar\/830d4c57adaae6630765e449a6908047?s=96&d=mm&r=g\",\"caption\":\"admpu17wp\"}}]}<\/script>\n<!-- \/ Yoast SEO plugin. -->","yoast_head_json":{"title":"Rene Huallpa: \"La pas\u00e9 mal pero estoy saliendo adelante\"","description":"Rene Huallpa: \"La pas\u00e9 mal pero estoy saliendo adelante\", as\u00ed lo dijo en di\u00e1logo con este medio, el conocido canillita tuvo coronavirus.","robots":{"index":"index","follow":"follow","max-snippet":"max-snippet:-1","max-image-preview":"max-image-preview:large","max-video-preview":"max-video-preview:-1"},"canonical":"https:\/\/experienciadevida.com.ar\/portalurbano\/rene-huallpa-la-pase-mal-pero-estoy-saliendo-adelante\/","og_locale":"es_ES","og_type":"article","og_title":"Rene Huallpa: \"La pas\u00e9 mal pero estoy saliendo adelante\"","og_description":"Rene Huallpa: \"La pas\u00e9 mal pero estoy saliendo adelante\", as\u00ed lo dijo en di\u00e1logo con este medio, el conocido canillita tuvo coronavirus.","og_url":"https:\/\/experienciadevida.com.ar\/portalurbano\/rene-huallpa-la-pase-mal-pero-estoy-saliendo-adelante\/","article_publisher":"https:\/\/www.facebook.com\/Portal-Urbano-171542830093757\/","article_published_time":"2021-05-26T16:21:39+00:00","article_modified_time":"2021-05-26T16:59:32+00:00","og_image":[{"width":774,"height":516,"url":"https:\/\/experienciadevida.com.ar\/portalurbano\/wp-content\/uploads\/2021\/05\/Rene-Huallpa.jpg","type":"image\/jpeg"}],"author":"admpu17wp","twitter_card":"summary_large_image","twitter_creator":"@portalurbanook","twitter_site":"@portalurbanook","twitter_misc":{"Escrito por":"admpu17wp","Tiempo de lectura":"2 minutos"},"schema":{"@context":"https:\/\/schema.org","@graph":[{"@type":"Article","@id":"https:\/\/experienciadevida.com.ar\/portalurbano\/rene-huallpa-la-pase-mal-pero-estoy-saliendo-adelante\/#article","isPartOf":{"@id":"https:\/\/experienciadevida.com.ar\/portalurbano\/rene-huallpa-la-pase-mal-pero-estoy-saliendo-adelante\/"},"author":{"name":"admpu17wp","@id":"https:\/\/experienciadevida.com.ar\/portalurbano\/#\/schema\/person\/02dd326b1c4b056e9cc972486934a3a7"},"headline":"Rene Huallpa: &#8220;La pas\u00e9 mal pero estoy saliendo adelante&#8221;","datePublished":"2021-05-26T16:21:39+00:00","dateModified":"2021-05-26T16:59:32+00:00","mainEntityOfPage":{"@id":"https:\/\/experienciadevida.com.ar\/portalurbano\/rene-huallpa-la-pase-mal-pero-estoy-saliendo-adelante\/"},"wordCount":285,"publisher":{"@id":"https:\/\/experienciadevida.com.ar\/portalurbano\/#organization"},"articleSection":["Ciudad","Destacadas"],"inLanguage":"es"},{"@type":"WebPage","@id":"https:\/\/experienciadevida.com.ar\/portalurbano\/rene-huallpa-la-pase-mal-pero-estoy-saliendo-adelante\/","url":"https:\/\/experienciadevida.com.ar\/portalurbano\/rene-huallpa-la-pase-mal-pero-estoy-saliendo-adelante\/","name":"Rene Huallpa: \"La pas\u00e9 mal pero estoy saliendo adelante\"","isPartOf":{"@id":"https:\/\/experienciadevida.com.ar\/portalurbano\/#website"},"datePublished":"2021-05-26T16:21:39+00:00","dateModified":"2021-05-26T16:59:32+00:00","description":"Rene Huallpa: \"La pas\u00e9 mal pero estoy saliendo adelante\", as\u00ed lo dijo en di\u00e1logo con este medio, el conocido canillita tuvo coronavirus.","breadcrumb":{"@id":"https:\/\/experienciadevida.com.ar\/portalurbano\/rene-huallpa-la-pase-mal-pero-estoy-saliendo-adelante\/#breadcrumb"},"inLanguage":"es","potentialAction":[{"@type":"ReadAction","target":["https:\/\/experienciadevida.com.ar\/portalurbano\/rene-huallpa-la-pase-mal-pero-estoy-saliendo-adelante\/"]}]},{"@type":"BreadcrumbList","@id":"https:\/\/experienciadevida.com.ar\/portalurbano\/rene-huallpa-la-pase-mal-pero-estoy-saliendo-adelante\/#breadcrumb","itemListElement":[{"@type":"ListItem","position":1,"name":"Portada","item":"https:\/\/experienciadevida.com.ar\/portalurbano\/"},{"@type":"ListItem","position":2,"name":"Rene Huallpa: \u00abLa pas\u00e9 mal pero estoy saliendo adelante\u00bb"}]},{"@type":"WebSite","@id":"https:\/\/experienciadevida.com.ar\/portalurbano\/#website","url":"https:\/\/experienciadevida.com.ar\/portalurbano\/","name":"","description":"","publisher":{"@id":"https:\/\/experienciadevida.com.ar\/portalurbano\/#organization"},"potentialAction":[{"@type":"SearchAction","target":{"@type":"EntryPoint","urlTemplate":"https:\/\/experienciadevida.com.ar\/portalurbano\/?s={search_term_string}"},"query-input":"required name=search_term_string"}],"inLanguage":"es"},{"@type":"Organization","@id":"https:\/\/experienciadevida.com.ar\/portalurbano\/#organization","name":"Portal Urbano","url":"https:\/\/experienciadevida.com.ar\/portalurbano\/","logo":{"@type":"ImageObject","inLanguage":"es","@id":"https:\/\/experienciadevida.com.ar\/portalurbano\/#\/schema\/logo\/image\/","url":"https:\/\/experienciadevida.com.ar\/portalurbano\/wp-content\/uploads\/2019\/09\/Logo-Original.png","contentUrl":"https:\/\/experienciadevida.com.ar\/portalurbano\/wp-content\/uploads\/2019\/09\/Logo-Original.png","width":2236,"height":1216,"caption":"Portal Urbano"},"image":{"@id":"https:\/\/experienciadevida.com.ar\/portalurbano\/#\/schema\/logo\/image\/"},"sameAs":["https:\/\/www.facebook.com\/Portal-Urbano-171542830093757\/","https:\/\/twitter.com\/portalurbanook","https:\/\/www.instagram.com\/_portalurbano\/","https:\/\/www.youtube.com\/channel\/UCXhagIfszH8KxFiOok79zbA?view_as=subscriber"]},{"@type":"Person","@id":"https:\/\/experienciadevida.com.ar\/portalurbano\/#\/schema\/person\/02dd326b1c4b056e9cc972486934a3a7","name":"admpu17wp","image":{"@type":"ImageObject","inLanguage":"es","@id":"https:\/\/experienciadevida.com.ar\/portalurbano\/#\/schema\/person\/image\/","url":"https:\/\/secure.gravatar.com\/avatar\/830d4c57adaae6630765e449a6908047?s=96&d=mm&r=g","contentUrl":"https:\/\/secure.gravatar.com\/avatar\/830d4c57adaae6630765e449a6908047?s=96&d=mm&r=g","caption":"admpu17wp"}}]}},"featured_image_urls":{"full":["https:\/\/experienciadevida.com.ar\/portalurbano\/wp-content\/uploads\/2021\/05\/Rene-Huallpa.jpg",774,516,false],"thumbnail":["https:\/\/experienciadevida.com.ar\/portalurbano\/wp-content\/uploads\/2021\/05\/Rene-Huallpa-150x150.jpg",150,150,true],"medium":["https:\/\/experienciadevida.com.ar\/portalurbano\/wp-content\/uploads\/2021\/05\/Rene-Huallpa-300x200.jpg",300,200,true],"medium_large":["https:\/\/experienciadevida.com.ar\/portalurbano\/wp-content\/uploads\/2021\/05\/Rene-Huallpa-768x512.jpg",640,427,true],"large":["https:\/\/experienciadevida.com.ar\/portalurbano\/wp-content\/uploads\/2021\/05\/Rene-Huallpa.jpg",640,427,false],"ug_big":["https:\/\/experienciadevida.com.ar\/portalurbano\/wp-content\/uploads\/2021\/05\/Rene-Huallpa-768x512.jpg",768,512,true],"1536x1536":["https:\/\/experienciadevida.com.ar\/portalurbano\/wp-content\/uploads\/2021\/05\/Rene-Huallpa.jpg",774,516,false],"2048x2048":["https:\/\/experienciadevida.com.ar\/portalurbano\/wp-content\/uploads\/2021\/05\/Rene-Huallpa.jpg",774,516,false],"newsever-slider-full":["https:\/\/experienciadevida.com.ar\/portalurbano\/wp-content\/uploads\/2021\/05\/Rene-Huallpa.jpg",774,516,false],"newsever-featured":["https:\/\/experienciadevida.com.ar\/portalurbano\/wp-content\/uploads\/2021\/05\/Rene-Huallpa.jpg",774,516,false],"newsever-medium":["https:\/\/experienciadevida.com.ar\/portalurbano\/wp-content\/uploads\/2021\/05\/Rene-Huallpa.jpg",713,475,false],"web-stories-poster-portrait":["https:\/\/experienciadevida.com.ar\/portalurbano\/wp-content\/uploads\/2021\/05\/Rene-Huallpa.jpg",640,427,false],"web-stories-publisher-logo":["https:\/\/experienciadevida.com.ar\/portalurbano\/wp-content\/uploads\/2021\/05\/Rene-Huallpa.jpg",96,64,false],"web-stories-thumbnail":["https:\/\/experienciadevida.com.ar\/portalurbano\/wp-content\/uploads\/2021\/05\/Rene-Huallpa.jpg",150,100,false]},"author_info":{"display_name":"admpu17wp","author_link":"https:\/\/experienciadevida.com.ar\/portalurbano\/author\/admpu17wp\/"},"category_info":"<a href=\"https:\/\/experienciadevida.com.ar\/portalurbano\/category\/ciudad\/\" rel=\"category tag\">Ciudad<\/a> <a href=\"https:\/\/experienciadevida.com.ar\/portalurbano\/category\/destacadas\/\" rel=\"category tag\">Destacadas<\/a>","tag_info":"Destacadas","comment_count":"0","amp_enabled":true,"_links":{"self":[{"href":"https:\/\/experienciadevida.com.ar\/portalurbano\/wp-json\/wp\/v2\/posts\/143772"}],"collection":[{"href":"https:\/\/experienciadevida.com.ar\/portalurbano\/wp-json\/wp\/v2\/posts"}],"about":[{"href":"https:\/\/experienciadevida.com.ar\/portalurbano\/wp-json\/wp\/v2\/types\/post"}],"author":[{"embeddable":true,"href":"https:\/\/experienciadevida.com.ar\/portalurbano\/wp-json\/wp\/v2\/users\/1"}],"replies":[{"embeddable":true,"href":"https:\/\/experienciadevida.com.ar\/portalurbano\/wp-json\/wp\/v2\/comments?post=143772"}],"version-history":[{"count":9,"href":"https:\/\/experienciadevida.com.ar\/portalurbano\/wp-json\/wp\/v2\/posts\/143772\/revisions"}],"predecessor-version":[{"id":143792,"href":"https:\/\/experienciadevida.com.ar\/portalurbano\/wp-json\/wp\/v2\/posts\/143772\/revisions\/143792"}],"wp:featuredmedia":[{"embeddable":true,"href":"https:\/\/experienciadevida.com.ar\/portalurbano\/wp-json\/wp\/v2\/media\/143783"}],"wp:attachment":[{"href":"https:\/\/experienciadevida.com.ar\/portalurbano\/wp-json\/wp\/v2\/media?parent=143772"}],"wp:term":[{"taxonomy":"category","embeddable":true,"href":"https:\/\/experienciadevida.com.ar\/portalurbano\/wp-json\/wp\/v2\/categories?post=143772"},{"taxonomy":"post_tag","embeddable":true,"href":"https:\/\/experienciadevida.com.ar\/portalurbano\/wp-json\/wp\/v2\/tags?post=143772"}],"curies":[{"name":"wp","href":"https:\/\/api.w.org\/{rel}","templated":true}]}}