{"id":143754,"date":"2021-05-26T10:28:40","date_gmt":"2021-05-26T13:28:40","guid":{"rendered":"https:\/\/experienciadevida.com.ar\/portalurbano\/?p=143754"},"modified":"2021-05-26T10:34:28","modified_gmt":"2021-05-26T13:34:28","slug":"esperamos-que-sean-solo-9-dias-de-confinamiento-para-que-podamos-volver-a-la-nueva-normalidad-que-se-habia-logrado-llegar","status":"publish","type":"post","link":"https:\/\/experienciadevida.com.ar\/portalurbano\/esperamos-que-sean-solo-9-dias-de-confinamiento-para-que-podamos-volver-a-la-nueva-normalidad-que-se-habia-logrado-llegar\/","title":{"rendered":"&#8220;Esperamos que sean s\u00f3lo 9 d\u00edas de confinamiento para que podamos volver a la nueva normalidad que se hab\u00eda logrado llegar&#8221;"},"content":{"rendered":"<p>&#8220;Esperamos que sean s\u00f3lo 9 d\u00edas de confinamiento para que podamos volver a la nueva normalidad que se hab\u00eda logrado llegar&#8221;, as\u00ed lo dijo el Intendente Ezequiel <a href=\"https:\/\/www.facebook.com\/galliezequiel\">Galli<\/a> en el d\u00eda de ayer dio declaraciones radiales, en la ocasi\u00f3n se refiri\u00f3 a la situaci\u00f3n sanitaria &#8220;est\u00e1 claro que hoy tenemos un leve ascenso de la curva\u201d\u00a0 y expres\u00f3 que la decisi\u00f3n a la que adhiri\u00f3 Olavarr\u00eda es del Presidente y del Gobernador. Lament\u00f3 un hecho que sucedi\u00f3 en Santa Fe, donde una joven muri\u00f3 en un hospital, sin acceso a una cama de terapia intensiva, y manifest\u00f3 que eso no debe suceder m\u00e1s. Tambi\u00e9n dijo comprender la situaci\u00f3n de propietarios de comercios y de restaurantes que quieren y necesitan volver a trabajar.<\/p>\n<p>&#8220;En Olavarr\u00eda hoy tenemos nuevamente un leve ascenso de la curva, pero son decisiones del Presidente y del Gobernador ir a esta fase 1, por estos 9 d\u00edas y esperemos que sean estos nueve d\u00edas para que podamos de alguna manera revertir la curva y podamos volver a la nueva normalidad que se hab\u00eda logrado llegar, porque la situaci\u00f3n es desesperante pero tambi\u00e9n hemos priorizado siempre el sistema sanitario que tambi\u00e9n tiene un l\u00edmite un personal muy capacitado, pero que tambi\u00e9n se cansa, por lo que tenemos que ir buscando siempre este equilibrio y cuesta. La vacunaci\u00f3n viene lenta todos esper\u00e1bamos en este momento estar con la gran mayor\u00eda de la poblaci\u00f3n vacunada, pero estamos esperando eso con ansias para que podamos salir de esta pesadilla&#8221;.<\/p>\n<p>Por otro lado mencion\u00f3\u00a0 en cuanto al acatamiento &#8220;la gran mayor\u00eda de los vecinos han demostrado tener un gran comportamiento y cumplir con las normas ayer recorr\u00eda la ciudad, despu\u00e9s est\u00e1n los que se comportan mal pero la gran mayor\u00eda se comport\u00f3 de la mejor manera y realmente lo valoramos&#8221;, &#8220;esperamos que sean s\u00f3lo 9 d\u00edas de confinamiento para que podamos volver a la nueva normalidad&#8221;.<\/p>\n<p>&#8220;Lo que te da de comer es un trabajo esencial, es una frase que uno la lee y tiene tanta realidad es un ba\u00f1o de realidad tan fuerte porque la gente viene de un a\u00f1o muy complejo no hay mucho margen en la calle y estamos pasando un momento donde la situaci\u00f3n no da tregua, la recesi\u00f3n no da tregua todo aumenta\u00a0 y por eso buscamos ese equilibrio siempre, nos hace pensar en una alternativa como pudimos anunciar el s\u00e1bado pasado, del 50% de la reducci\u00f3n de la tasa de seguridad e higiene para las pymes, son herramientas que por ah\u00ed no son la soluci\u00f3n pero son paliativos y dan una mano, venimos de un a\u00f1o tambi\u00e9n complejo en la Municipalidad, la clave es el comportamiento social para no extender mucho el confinamiento para pensar la semana que viene volver a esa normalidad que tanto deseamos&#8221;.<\/p>\n<p>A su vez &#8220;esperamos que sean s\u00f3lo 9 d\u00edas de confinamiento para que podamos volver a la nueva normalidad&#8221; &#8220;no tengo muchas expectativas con que el domingo se anuncie que el lunes se vuelva a la semana pasada, pero ojal\u00e1 que s\u00ed, la positividad no se ha disparado. Hay que ver c\u00f3mo termina esta semana para que se tome la decisi\u00f3n&#8221;.<\/p>\n<p>&#8220;Tambi\u00e9n estamos con un paro de comercializaci\u00f3n del campo, con una medida inexplicable que ha tomado el gobierno nacional, no es la soluci\u00f3n, crea una gran p\u00e9rdida econ\u00f3mica, industrias que no pueden funcionar esta semana, hay gente que trabaja d\u00eda a d\u00eda, es incalculable la p\u00e9rdida econ\u00f3mica de Olavarr\u00eda, pero tenemos que pensar que la \u00fanica salida es que lleguen m\u00e1s vacunas y podamos lograr la inmunidad de reba\u00f1o&#8221;.<\/p>\n<p>Para finalizar mencion\u00f3 &#8220;en Olavarr\u00eda no se ha terminado de vacunar al personal de salud, estamos preocupados porque si todav\u00eda no vacunamos al personal de salud cu\u00e1ndo les tocar\u00e1 al resto, esperamos que lleguen las vacunas que necesitamos, que dejemos las cuestiones pol\u00edticas de lado. Tenemos el banco de leche pero no llegan vacunas a los centros municipales es una decisi\u00f3n de provincia&#8221;.<\/p>\n<p>&#8220;No hemos tenido una ca\u00edda en la recaudaci\u00f3n por ahora pero si esto contin\u00faa va a pasar, estamos evaluando d\u00eda a d\u00eda&#8221;.<\/p>\n<p>Fuente: Radio Olavarr\u00eda<\/p>\n","protected":false},"excerpt":{"rendered":"<p>&#8220;Esperamos que sean s\u00f3lo 9 d\u00edas de confinamiento para que podamos volver a la nueva&#8230;<\/p>\n","protected":false},"author":1,"featured_media":143755,"comment_status":"closed","ping_status":"closed","sticky":false,"template":"","format":"standard","meta":{"content-type":""},"categories":[27,64],"tags":[],"nelio_content":{"isAutoShareEnabled":false,"autoShareEndMode":"default","automationSources":{"useContentSentences":true,"useSocialTemplates":true,"useCustomSentences":false,"customSentences":[]},"followers":[1],"suggestedReferences":[],"includedReferences":[],"efiUrl":"","efiAlt":"","highlights":[]},"yoast_head":"<!-- This site is optimized with the Yoast SEO plugin v20.7 - https:\/\/yoast.com\/wordpress\/plugins\/seo\/ -->\n<title>&quot;Esperamos que sean s\u00f3lo 9 d\u00edas de confinamiento&quot;<\/title>\n<meta name=\"description\" content=\"&quot;Esperamos que sean s\u00f3lo 9 d\u00edas de confinamiento para que podamos volver a la nueva normalidad que se hab\u00eda logrado llegar&quot;, dijo Galli.\" \/>\n<meta name=\"robots\" content=\"index, follow, max-snippet:-1, max-image-preview:large, max-video-preview:-1\" \/>\n<link rel=\"canonical\" href=\"https:\/\/experienciadevida.com.ar\/portalurbano\/esperamos-que-sean-solo-9-dias-de-confinamiento-para-que-podamos-volver-a-la-nueva-normalidad-que-se-habia-logrado-llegar\/\" \/>\n<meta property=\"og:locale\" content=\"es_ES\" \/>\n<meta property=\"og:type\" content=\"article\" \/>\n<meta property=\"og:title\" content=\"&quot;Esperamos que sean s\u00f3lo 9 d\u00edas de confinamiento&quot;\" \/>\n<meta property=\"og:description\" content=\"&quot;Esperamos que sean s\u00f3lo 9 d\u00edas de confinamiento para que podamos volver a la nueva normalidad que se hab\u00eda logrado llegar&quot;, dijo Galli.\" \/>\n<meta property=\"og:url\" content=\"https:\/\/experienciadevida.com.ar\/portalurbano\/esperamos-que-sean-solo-9-dias-de-confinamiento-para-que-podamos-volver-a-la-nueva-normalidad-que-se-habia-logrado-llegar\/\" \/>\n<meta property=\"article:publisher\" content=\"https:\/\/www.facebook.com\/Portal-Urbano-171542830093757\/\" \/>\n<meta property=\"article:published_time\" content=\"2021-05-26T13:28:40+00:00\" \/>\n<meta property=\"article:modified_time\" content=\"2021-05-26T13:34:28+00:00\" \/>\n<meta property=\"og:image\" content=\"https:\/\/experienciadevida.com.ar\/portalurbano\/wp-content\/uploads\/2021\/05\/Galli.jpg\" \/>\n\t<meta property=\"og:image:width\" content=\"765\" \/>\n\t<meta property=\"og:image:height\" content=\"511\" \/>\n\t<meta property=\"og:image:type\" content=\"image\/jpeg\" \/>\n<meta name=\"author\" content=\"admpu17wp\" \/>\n<meta name=\"twitter:card\" content=\"summary_large_image\" \/>\n<meta name=\"twitter:creator\" content=\"@portalurbanook\" \/>\n<meta name=\"twitter:site\" content=\"@portalurbanook\" \/>\n<meta name=\"twitter:label1\" content=\"Escrito por\" \/>\n\t<meta name=\"twitter:data1\" content=\"admpu17wp\" \/>\n\t<meta name=\"twitter:label2\" content=\"Tiempo de lectura\" \/>\n\t<meta name=\"twitter:data2\" content=\"3 minutos\" \/>\n<script type=\"application\/ld+json\" class=\"yoast-schema-graph\">{\"@context\":\"https:\/\/schema.org\",\"@graph\":[{\"@type\":\"Article\",\"@id\":\"https:\/\/experienciadevida.com.ar\/portalurbano\/esperamos-que-sean-solo-9-dias-de-confinamiento-para-que-podamos-volver-a-la-nueva-normalidad-que-se-habia-logrado-llegar\/#article\",\"isPartOf\":{\"@id\":\"https:\/\/experienciadevida.com.ar\/portalurbano\/esperamos-que-sean-solo-9-dias-de-confinamiento-para-que-podamos-volver-a-la-nueva-normalidad-que-se-habia-logrado-llegar\/\"},\"author\":{\"name\":\"admpu17wp\",\"@id\":\"https:\/\/experienciadevida.com.ar\/portalurbano\/#\/schema\/person\/02dd326b1c4b056e9cc972486934a3a7\"},\"headline\":\"&#8220;Esperamos que sean s\u00f3lo 9 d\u00edas de confinamiento para que podamos volver a la nueva normalidad que se hab\u00eda logrado llegar&#8221;\",\"datePublished\":\"2021-05-26T13:28:40+00:00\",\"dateModified\":\"2021-05-26T13:34:28+00:00\",\"mainEntityOfPage\":{\"@id\":\"https:\/\/experienciadevida.com.ar\/portalurbano\/esperamos-que-sean-solo-9-dias-de-confinamiento-para-que-podamos-volver-a-la-nueva-normalidad-que-se-habia-logrado-llegar\/\"},\"wordCount\":762,\"publisher\":{\"@id\":\"https:\/\/experienciadevida.com.ar\/portalurbano\/#organization\"},\"articleSection\":[\"Ciudad\",\"Destacadas 2\"],\"inLanguage\":\"es\"},{\"@type\":\"WebPage\",\"@id\":\"https:\/\/experienciadevida.com.ar\/portalurbano\/esperamos-que-sean-solo-9-dias-de-confinamiento-para-que-podamos-volver-a-la-nueva-normalidad-que-se-habia-logrado-llegar\/\",\"url\":\"https:\/\/experienciadevida.com.ar\/portalurbano\/esperamos-que-sean-solo-9-dias-de-confinamiento-para-que-podamos-volver-a-la-nueva-normalidad-que-se-habia-logrado-llegar\/\",\"name\":\"\\\"Esperamos que sean s\u00f3lo 9 d\u00edas de confinamiento\\\"\",\"isPartOf\":{\"@id\":\"https:\/\/experienciadevida.com.ar\/portalurbano\/#website\"},\"datePublished\":\"2021-05-26T13:28:40+00:00\",\"dateModified\":\"2021-05-26T13:34:28+00:00\",\"description\":\"\\\"Esperamos que sean s\u00f3lo 9 d\u00edas de confinamiento para que podamos volver a la nueva normalidad que se hab\u00eda logrado llegar\\\", dijo Galli.\",\"breadcrumb\":{\"@id\":\"https:\/\/experienciadevida.com.ar\/portalurbano\/esperamos-que-sean-solo-9-dias-de-confinamiento-para-que-podamos-volver-a-la-nueva-normalidad-que-se-habia-logrado-llegar\/#breadcrumb\"},\"inLanguage\":\"es\",\"potentialAction\":[{\"@type\":\"ReadAction\",\"target\":[\"https:\/\/experienciadevida.com.ar\/portalurbano\/esperamos-que-sean-solo-9-dias-de-confinamiento-para-que-podamos-volver-a-la-nueva-normalidad-que-se-habia-logrado-llegar\/\"]}]},{\"@type\":\"BreadcrumbList\",\"@id\":\"https:\/\/experienciadevida.com.ar\/portalurbano\/esperamos-que-sean-solo-9-dias-de-confinamiento-para-que-podamos-volver-a-la-nueva-normalidad-que-se-habia-logrado-llegar\/#breadcrumb\",\"itemListElement\":[{\"@type\":\"ListItem\",\"position\":1,\"name\":\"Portada\",\"item\":\"https:\/\/experienciadevida.com.ar\/portalurbano\/\"},{\"@type\":\"ListItem\",\"position\":2,\"name\":\"\u00abEsperamos que sean s\u00f3lo 9 d\u00edas de confinamiento para que podamos volver a la nueva normalidad que se hab\u00eda logrado llegar\u00bb\"}]},{\"@type\":\"WebSite\",\"@id\":\"https:\/\/experienciadevida.com.ar\/portalurbano\/#website\",\"url\":\"https:\/\/experienciadevida.com.ar\/portalurbano\/\",\"name\":\"\",\"description\":\"\",\"publisher\":{\"@id\":\"https:\/\/experienciadevida.com.ar\/portalurbano\/#organization\"},\"potentialAction\":[{\"@type\":\"SearchAction\",\"target\":{\"@type\":\"EntryPoint\",\"urlTemplate\":\"https:\/\/experienciadevida.com.ar\/portalurbano\/?s={search_term_string}\"},\"query-input\":\"required name=search_term_string\"}],\"inLanguage\":\"es\"},{\"@type\":\"Organization\",\"@id\":\"https:\/\/experienciadevida.com.ar\/portalurbano\/#organization\",\"name\":\"Portal Urbano\",\"url\":\"https:\/\/experienciadevida.com.ar\/portalurbano\/\",\"logo\":{\"@type\":\"ImageObject\",\"inLanguage\":\"es\",\"@id\":\"https:\/\/experienciadevida.com.ar\/portalurbano\/#\/schema\/logo\/image\/\",\"url\":\"https:\/\/experienciadevida.com.ar\/portalurbano\/wp-content\/uploads\/2019\/09\/Logo-Original.png\",\"contentUrl\":\"https:\/\/experienciadevida.com.ar\/portalurbano\/wp-content\/uploads\/2019\/09\/Logo-Original.png\",\"width\":2236,\"height\":1216,\"caption\":\"Portal Urbano\"},\"image\":{\"@id\":\"https:\/\/experienciadevida.com.ar\/portalurbano\/#\/schema\/logo\/image\/\"},\"sameAs\":[\"https:\/\/www.facebook.com\/Portal-Urbano-171542830093757\/\",\"https:\/\/twitter.com\/portalurbanook\",\"https:\/\/www.instagram.com\/_portalurbano\/\",\"https:\/\/www.youtube.com\/channel\/UCXhagIfszH8KxFiOok79zbA?view_as=subscriber\"]},{\"@type\":\"Person\",\"@id\":\"https:\/\/experienciadevida.com.ar\/portalurbano\/#\/schema\/person\/02dd326b1c4b056e9cc972486934a3a7\",\"name\":\"admpu17wp\",\"image\":{\"@type\":\"ImageObject\",\"inLanguage\":\"es\",\"@id\":\"https:\/\/experienciadevida.com.ar\/portalurbano\/#\/schema\/person\/image\/\",\"url\":\"https:\/\/secure.gravatar.com\/avatar\/830d4c57adaae6630765e449a6908047?s=96&d=mm&r=g\",\"contentUrl\":\"https:\/\/secure.gravatar.com\/avatar\/830d4c57adaae6630765e449a6908047?s=96&d=mm&r=g\",\"caption\":\"admpu17wp\"}}]}<\/script>\n<!-- \/ Yoast SEO plugin. -->","yoast_head_json":{"title":"\"Esperamos que sean s\u00f3lo 9 d\u00edas de confinamiento\"","description":"\"Esperamos que sean s\u00f3lo 9 d\u00edas de confinamiento para que podamos volver a la nueva normalidad que se hab\u00eda logrado llegar\", dijo Galli.","robots":{"index":"index","follow":"follow","max-snippet":"max-snippet:-1","max-image-preview":"max-image-preview:large","max-video-preview":"max-video-preview:-1"},"canonical":"https:\/\/experienciadevida.com.ar\/portalurbano\/esperamos-que-sean-solo-9-dias-de-confinamiento-para-que-podamos-volver-a-la-nueva-normalidad-que-se-habia-logrado-llegar\/","og_locale":"es_ES","og_type":"article","og_title":"\"Esperamos que sean s\u00f3lo 9 d\u00edas de confinamiento\"","og_description":"\"Esperamos que sean s\u00f3lo 9 d\u00edas de confinamiento para que podamos volver a la nueva normalidad que se hab\u00eda logrado llegar\", dijo Galli.","og_url":"https:\/\/experienciadevida.com.ar\/portalurbano\/esperamos-que-sean-solo-9-dias-de-confinamiento-para-que-podamos-volver-a-la-nueva-normalidad-que-se-habia-logrado-llegar\/","article_publisher":"https:\/\/www.facebook.com\/Portal-Urbano-171542830093757\/","article_published_time":"2021-05-26T13:28:40+00:00","article_modified_time":"2021-05-26T13:34:28+00:00","og_image":[{"width":765,"height":511,"url":"https:\/\/experienciadevida.com.ar\/portalurbano\/wp-content\/uploads\/2021\/05\/Galli.jpg","type":"image\/jpeg"}],"author":"admpu17wp","twitter_card":"summary_large_image","twitter_creator":"@portalurbanook","twitter_site":"@portalurbanook","twitter_misc":{"Escrito por":"admpu17wp","Tiempo de lectura":"3 minutos"},"schema":{"@context":"https:\/\/schema.org","@graph":[{"@type":"Article","@id":"https:\/\/experienciadevida.com.ar\/portalurbano\/esperamos-que-sean-solo-9-dias-de-confinamiento-para-que-podamos-volver-a-la-nueva-normalidad-que-se-habia-logrado-llegar\/#article","isPartOf":{"@id":"https:\/\/experienciadevida.com.ar\/portalurbano\/esperamos-que-sean-solo-9-dias-de-confinamiento-para-que-podamos-volver-a-la-nueva-normalidad-que-se-habia-logrado-llegar\/"},"author":{"name":"admpu17wp","@id":"https:\/\/experienciadevida.com.ar\/portalurbano\/#\/schema\/person\/02dd326b1c4b056e9cc972486934a3a7"},"headline":"&#8220;Esperamos que sean s\u00f3lo 9 d\u00edas de confinamiento para que podamos volver a la nueva normalidad que se hab\u00eda logrado llegar&#8221;","datePublished":"2021-05-26T13:28:40+00:00","dateModified":"2021-05-26T13:34:28+00:00","mainEntityOfPage":{"@id":"https:\/\/experienciadevida.com.ar\/portalurbano\/esperamos-que-sean-solo-9-dias-de-confinamiento-para-que-podamos-volver-a-la-nueva-normalidad-que-se-habia-logrado-llegar\/"},"wordCount":762,"publisher":{"@id":"https:\/\/experienciadevida.com.ar\/portalurbano\/#organization"},"articleSection":["Ciudad","Destacadas 2"],"inLanguage":"es"},{"@type":"WebPage","@id":"https:\/\/experienciadevida.com.ar\/portalurbano\/esperamos-que-sean-solo-9-dias-de-confinamiento-para-que-podamos-volver-a-la-nueva-normalidad-que-se-habia-logrado-llegar\/","url":"https:\/\/experienciadevida.com.ar\/portalurbano\/esperamos-que-sean-solo-9-dias-de-confinamiento-para-que-podamos-volver-a-la-nueva-normalidad-que-se-habia-logrado-llegar\/","name":"\"Esperamos que sean s\u00f3lo 9 d\u00edas de confinamiento\"","isPartOf":{"@id":"https:\/\/experienciadevida.com.ar\/portalurbano\/#website"},"datePublished":"2021-05-26T13:28:40+00:00","dateModified":"2021-05-26T13:34:28+00:00","description":"\"Esperamos que sean s\u00f3lo 9 d\u00edas de confinamiento para que podamos volver a la nueva normalidad que se hab\u00eda logrado llegar\", dijo Galli.","breadcrumb":{"@id":"https:\/\/experienciadevida.com.ar\/portalurbano\/esperamos-que-sean-solo-9-dias-de-confinamiento-para-que-podamos-volver-a-la-nueva-normalidad-que-se-habia-logrado-llegar\/#breadcrumb"},"inLanguage":"es","potentialAction":[{"@type":"ReadAction","target":["https:\/\/experienciadevida.com.ar\/portalurbano\/esperamos-que-sean-solo-9-dias-de-confinamiento-para-que-podamos-volver-a-la-nueva-normalidad-que-se-habia-logrado-llegar\/"]}]},{"@type":"BreadcrumbList","@id":"https:\/\/experienciadevida.com.ar\/portalurbano\/esperamos-que-sean-solo-9-dias-de-confinamiento-para-que-podamos-volver-a-la-nueva-normalidad-que-se-habia-logrado-llegar\/#breadcrumb","itemListElement":[{"@type":"ListItem","position":1,"name":"Portada","item":"https:\/\/experienciadevida.com.ar\/portalurbano\/"},{"@type":"ListItem","position":2,"name":"\u00abEsperamos que sean s\u00f3lo 9 d\u00edas de confinamiento para que podamos volver a la nueva normalidad que se hab\u00eda logrado llegar\u00bb"}]},{"@type":"WebSite","@id":"https:\/\/experienciadevida.com.ar\/portalurbano\/#website","url":"https:\/\/experienciadevida.com.ar\/portalurbano\/","name":"","description":"","publisher":{"@id":"https:\/\/experienciadevida.com.ar\/portalurbano\/#organization"},"potentialAction":[{"@type":"SearchAction","target":{"@type":"EntryPoint","urlTemplate":"https:\/\/experienciadevida.com.ar\/portalurbano\/?s={search_term_string}"},"query-input":"required name=search_term_string"}],"inLanguage":"es"},{"@type":"Organization","@id":"https:\/\/experienciadevida.com.ar\/portalurbano\/#organization","name":"Portal Urbano","url":"https:\/\/experienciadevida.com.ar\/portalurbano\/","logo":{"@type":"ImageObject","inLanguage":"es","@id":"https:\/\/experienciadevida.com.ar\/portalurbano\/#\/schema\/logo\/image\/","url":"https:\/\/experienciadevida.com.ar\/portalurbano\/wp-content\/uploads\/2019\/09\/Logo-Original.png","contentUrl":"https:\/\/experienciadevida.com.ar\/portalurbano\/wp-content\/uploads\/2019\/09\/Logo-Original.png","width":2236,"height":1216,"caption":"Portal Urbano"},"image":{"@id":"https:\/\/experienciadevida.com.ar\/portalurbano\/#\/schema\/logo\/image\/"},"sameAs":["https:\/\/www.facebook.com\/Portal-Urbano-171542830093757\/","https:\/\/twitter.com\/portalurbanook","https:\/\/www.instagram.com\/_portalurbano\/","https:\/\/www.youtube.com\/channel\/UCXhagIfszH8KxFiOok79zbA?view_as=subscriber"]},{"@type":"Person","@id":"https:\/\/experienciadevida.com.ar\/portalurbano\/#\/schema\/person\/02dd326b1c4b056e9cc972486934a3a7","name":"admpu17wp","image":{"@type":"ImageObject","inLanguage":"es","@id":"https:\/\/experienciadevida.com.ar\/portalurbano\/#\/schema\/person\/image\/","url":"https:\/\/secure.gravatar.com\/avatar\/830d4c57adaae6630765e449a6908047?s=96&d=mm&r=g","contentUrl":"https:\/\/secure.gravatar.com\/avatar\/830d4c57adaae6630765e449a6908047?s=96&d=mm&r=g","caption":"admpu17wp"}}]}},"featured_image_urls":{"full":["https:\/\/experienciadevida.com.ar\/portalurbano\/wp-content\/uploads\/2021\/05\/Galli.jpg",765,511,false],"thumbnail":["https:\/\/experienciadevida.com.ar\/portalurbano\/wp-content\/uploads\/2021\/05\/Galli-150x150.jpg",150,150,true],"medium":["https:\/\/experienciadevida.com.ar\/portalurbano\/wp-content\/uploads\/2021\/05\/Galli-300x200.jpg",300,200,true],"medium_large":["https:\/\/experienciadevida.com.ar\/portalurbano\/wp-content\/uploads\/2021\/05\/Galli.jpg",640,428,false],"large":["https:\/\/experienciadevida.com.ar\/portalurbano\/wp-content\/uploads\/2021\/05\/Galli.jpg",640,428,false],"ug_big":["https:\/\/experienciadevida.com.ar\/portalurbano\/wp-content\/uploads\/2021\/05\/Galli.jpg",765,511,false],"1536x1536":["https:\/\/experienciadevida.com.ar\/portalurbano\/wp-content\/uploads\/2021\/05\/Galli.jpg",765,511,false],"2048x2048":["https:\/\/experienciadevida.com.ar\/portalurbano\/wp-content\/uploads\/2021\/05\/Galli.jpg",765,511,false],"newsever-slider-full":["https:\/\/experienciadevida.com.ar\/portalurbano\/wp-content\/uploads\/2021\/05\/Galli.jpg",765,511,false],"newsever-featured":["https:\/\/experienciadevida.com.ar\/portalurbano\/wp-content\/uploads\/2021\/05\/Galli.jpg",765,511,false],"newsever-medium":["https:\/\/experienciadevida.com.ar\/portalurbano\/wp-content\/uploads\/2021\/05\/Galli.jpg",711,475,false],"web-stories-poster-portrait":["https:\/\/experienciadevida.com.ar\/portalurbano\/wp-content\/uploads\/2021\/05\/Galli.jpg",640,428,false],"web-stories-publisher-logo":["https:\/\/experienciadevida.com.ar\/portalurbano\/wp-content\/uploads\/2021\/05\/Galli.jpg",96,64,false],"web-stories-thumbnail":["https:\/\/experienciadevida.com.ar\/portalurbano\/wp-content\/uploads\/2021\/05\/Galli.jpg",150,100,false]},"author_info":{"display_name":"admpu17wp","author_link":"https:\/\/experienciadevida.com.ar\/portalurbano\/author\/admpu17wp\/"},"category_info":"<a href=\"https:\/\/experienciadevida.com.ar\/portalurbano\/category\/ciudad\/\" rel=\"category tag\">Ciudad<\/a> <a href=\"https:\/\/experienciadevida.com.ar\/portalurbano\/category\/destacadas-2\/\" rel=\"category tag\">Destacadas 2<\/a>","tag_info":"Destacadas 2","comment_count":"0","amp_enabled":true,"_links":{"self":[{"href":"https:\/\/experienciadevida.com.ar\/portalurbano\/wp-json\/wp\/v2\/posts\/143754"}],"collection":[{"href":"https:\/\/experienciadevida.com.ar\/portalurbano\/wp-json\/wp\/v2\/posts"}],"about":[{"href":"https:\/\/experienciadevida.com.ar\/portalurbano\/wp-json\/wp\/v2\/types\/post"}],"author":[{"embeddable":true,"href":"https:\/\/experienciadevida.com.ar\/portalurbano\/wp-json\/wp\/v2\/users\/1"}],"replies":[{"embeddable":true,"href":"https:\/\/experienciadevida.com.ar\/portalurbano\/wp-json\/wp\/v2\/comments?post=143754"}],"version-history":[{"count":5,"href":"https:\/\/experienciadevida.com.ar\/portalurbano\/wp-json\/wp\/v2\/posts\/143754\/revisions"}],"predecessor-version":[{"id":143760,"href":"https:\/\/experienciadevida.com.ar\/portalurbano\/wp-json\/wp\/v2\/posts\/143754\/revisions\/143760"}],"wp:featuredmedia":[{"embeddable":true,"href":"https:\/\/experienciadevida.com.ar\/portalurbano\/wp-json\/wp\/v2\/media\/143755"}],"wp:attachment":[{"href":"https:\/\/experienciadevida.com.ar\/portalurbano\/wp-json\/wp\/v2\/media?parent=143754"}],"wp:term":[{"taxonomy":"category","embeddable":true,"href":"https:\/\/experienciadevida.com.ar\/portalurbano\/wp-json\/wp\/v2\/categories?post=143754"},{"taxonomy":"post_tag","embeddable":true,"href":"https:\/\/experienciadevida.com.ar\/portalurbano\/wp-json\/wp\/v2\/tags?post=143754"}],"curies":[{"name":"wp","href":"https:\/\/api.w.org\/{rel}","templated":true}]}}