{"id":143687,"date":"2021-05-25T11:59:52","date_gmt":"2021-05-25T14:59:52","guid":{"rendered":"https:\/\/experienciadevida.com.ar\/portalurbano\/?p=143687"},"modified":"2021-05-25T11:59:52","modified_gmt":"2021-05-25T14:59:52","slug":"mexico-confirma-que-el-fin-de-semana-llegan-a-la-argentina-800-000-dosis-de-astrazeneca","status":"publish","type":"post","link":"https:\/\/experienciadevida.com.ar\/portalurbano\/mexico-confirma-que-el-fin-de-semana-llegan-a-la-argentina-800-000-dosis-de-astrazeneca\/","title":{"rendered":"M\u00e9xico confirma que \u201cel fin de semana\u201d llegan a la Argentina 800.000 dosis de AstraZeneca"},"content":{"rendered":"<p><em><strong>\u201cel fin de semana\u201d llegan a la Argentina 800.000 dosis de AstraZeneca<\/strong><\/em><\/p>\n<p><strong>Lo asegur\u00f3 el canciller de ese pa\u00eds, Marcelo Ebrard, durante un acto en el que Alberto Fern\u00e1ndez particip\u00f3 de manera virtual. Ser\u00e1 la misma cantidad para los dos pa\u00edses.<\/strong><\/p>\n<hr \/>\n<p>Mientras avanza la nueva etapa de confinamiento dispuesto por el Gobierno nacional para intentar frenar los contagios en el peor momento de la segunda ola de coronavirus, Argentina recibir\u00e1 \u201cel fin de semana\u201d unas 800 mil dosis de la vacuna de AstraZeneca, seg\u00fan se anunci\u00f3 este martes desde M\u00e9xico.<\/p>\n<p>Fue el canciller mexicano Marcelo Ebrard quien durante un acto que encabez\u00f3 el presidente de ese pa\u00eds, Andr\u00e9s Manuel L\u00f3pez Obrador, y que cont\u00f3 con la participaci\u00f3n virtual de Alberto Fern\u00e1ndez desde Olivos, quien anunci\u00f3 la \u201cliberaci\u00f3n\u201d de los primeros lotes de la vacuna que se produce en ambos pa\u00edses.<\/p>\n<p>\u201cEl fin de semana M\u00e9xico recibir\u00e1 800.000 y Argentina las otras 800.000, mitad y mitad, porque as\u00ed se convino en agosto de 2020\u201d, detall\u00f3 Ebrard en una rueda de prensa en el Palacio Nacional en la que tambi\u00e9n estuvo la ministra de Salud, Carla Vizzotti, y la asesora presidencial\u00a0Cecilia Nicolini. Ambas funcionarias se encuentran all\u00e1 para ultimar los detalles.<\/p>\n<p>M\u00e9xico y Argentina hab\u00edan anunciado en agosto del a\u00f1o pasado un acuerdo con el apoyo de la Fundaci\u00f3n Carlos Slim para producir en Argentina y envasar en M\u00e9xico 250 millones de dosis del f\u00e1rmaco de AstraZeneca para distribuir en Latinoam\u00e9rica, pero el proceso se hab\u00eda estancado en la planta mexicana.<\/p>\n<p>En ese contexto, Fern\u00e1ndez asegur\u00f3 que la producci\u00f3n de lotes de AstraZeneca que ser\u00e1n enviadas en las pr\u00f3ximas semanas desde M\u00e9xico a la Argentina \u201crepresenta la independencia de poder tener nuestras vacunas\u201d, en referencia a los pa\u00edses de Am\u00e9rica latina y el Caribe y las dificultades que sufre la regi\u00f3n para acceder a este recurso fundamental para inmunizar contra el coronavirus e impedir que sigan creciendo los contagios y los fallecidos.<\/p>\n<p>Ayer, la Argentina recibi\u00f3 las primeras 843.600 dosis de vacunas AstraZeneca desde Miami, en un vuelo operado por Latam Cargo Colombia, una partida de vacunas que terminaron de producirse en la ciudad estadounidense de Albuquerque, estado de Nuevo M\u00e9xico.<\/p>\n<p>Seg\u00fan el contrato firmado en noviembre, Argentina deb\u00eda recibir 2.382.000 vacunas en marzo y 4.040.000 en abril. A eso se sumaban, seg\u00fan lo pactado originalmente, 4.040.000 cuya fecha en el cronograma es fin de mayo; 3.451.000 de junio; y 8.518.000 m\u00e1s hasta el 31 de julio. En total, son 22.431.000 dosis por un costo total de 89,6 millones de d\u00f3lares.<\/p>\n<p>\u201cSe est\u00e1n produciendo lotes suficientes de vacunas AstraZeneca para enviar a la Argentina, as\u00ed como a otros pa\u00edses de Am\u00e9rica latina y Caribe\u201d, confirm\u00f3 L\u00f3pez Obrador, prometiendo as\u00ed continuidad a la llegada de dosis.\u00a0 Adem\u00e1s, se comprometi\u00f3 a trabajar \u201csiempre en forma coordinada y solidaria\u201d con el Gobierno de Fern\u00e1ndez, a quien destac\u00f3 como \u201cuna buena persona\u201d y un \u201cbuen Presidente\u201d que \u201cmerecen los argentinos\u201d.<\/p>\n<p>Fern\u00e1ndez, en tanto, destac\u00f3 que el desarrollo de la vacuna de Oxford-AstraZeneca es fruto del \u201ctrabajo y el esfuerzo de cient\u00edficos y trabajadores de la Argentina y M\u00e9xico\u201d, que hoy permite \u201canunciar esto\u201d, en referencia al env\u00edo de vacunas AstraZeneca que, dijo, \u201crepresenta la independencia de poder tener nuestras vacunas\u201d ante la dificultad que el mundo impone para la adquisici\u00f3n de dosis.<\/p>\n<p>\u201cEstamos celebrando una fecha patria en nuestro pa\u00eds y el acuerdo que hicimos va a permitir que tengamos vacunas para nuestros hermanos latinoamericanos\u201d, dijo Fern\u00e1ndez, al tiempo que agreg\u00f3 que habl\u00f3 con el presidente de Francia sobre la dificultad de producir vacunas.<\/p>\n<p>Dijo tambi\u00e9n que recib\u00eda el anuncio con \u201cmucha alegr\u00eda\u201d porque representa \u201cla posibilidad de tener nuestra vacuna para combatir este virus maldito\u201d, y agreg\u00f3: \u201cCelebro poder hacerlo contigo. Es casi la imagen perfecta, dos pueblos hermanados que se comprometen del mismo modo con los pueblos a los que representan\u201d. (DIB) FD<\/p>\n","protected":false},"excerpt":{"rendered":"<p>\u201cel fin de semana\u201d llegan a la Argentina 800.000 dosis de AstraZeneca Lo asegur\u00f3 el&#8230;<\/p>\n","protected":false},"author":1,"featured_media":143689,"comment_status":"closed","ping_status":"closed","sticky":false,"template":"","format":"standard","meta":{"content-type":""},"categories":[39],"tags":[],"nelio_content":{"isAutoShareEnabled":false,"autoShareEndMode":"default","automationSources":{"useContentSentences":true,"useSocialTemplates":true,"useCustomSentences":false,"customSentences":[]},"followers":[1],"suggestedReferences":[],"includedReferences":[],"efiUrl":"","efiAlt":"","highlights":[]},"yoast_head":"<!-- This site is optimized with the Yoast SEO plugin v20.7 - https:\/\/yoast.com\/wordpress\/plugins\/seo\/ -->\n<title>AstraZeneca: &quot; El Fin de semana llegan 800 mil dosis desde Mexico<\/title>\n<meta name=\"description\" content=\"AstraZeneca. Lo asegur\u00f3 el canciller de ese pa\u00eds, Marcelo Ebrard, durante un acto en el que Alberto Fern\u00e1ndez particip\u00f3 de manera virtual.\" \/>\n<meta name=\"robots\" content=\"index, follow, max-snippet:-1, max-image-preview:large, max-video-preview:-1\" \/>\n<link rel=\"canonical\" href=\"https:\/\/experienciadevida.com.ar\/portalurbano\/mexico-confirma-que-el-fin-de-semana-llegan-a-la-argentina-800-000-dosis-de-astrazeneca\/\" \/>\n<meta property=\"og:locale\" content=\"es_ES\" \/>\n<meta property=\"og:type\" content=\"article\" \/>\n<meta property=\"og:title\" content=\"AstraZeneca: &quot; El Fin de semana llegan 800 mil dosis desde Mexico\" \/>\n<meta property=\"og:description\" content=\"AstraZeneca. Lo asegur\u00f3 el canciller de ese pa\u00eds, Marcelo Ebrard, durante un acto en el que Alberto Fern\u00e1ndez particip\u00f3 de manera virtual.\" \/>\n<meta property=\"og:url\" content=\"https:\/\/experienciadevida.com.ar\/portalurbano\/mexico-confirma-que-el-fin-de-semana-llegan-a-la-argentina-800-000-dosis-de-astrazeneca\/\" \/>\n<meta property=\"article:publisher\" content=\"https:\/\/www.facebook.com\/Portal-Urbano-171542830093757\/\" \/>\n<meta property=\"article:published_time\" content=\"2021-05-25T14:59:52+00:00\" \/>\n<meta property=\"og:image\" content=\"https:\/\/experienciadevida.com.ar\/portalurbano\/wp-content\/uploads\/2021\/05\/Lopez-Obrador-Fernandez-1068x712-1-e1621954527346.jpg\" \/>\n\t<meta property=\"og:image:width\" content=\"800\" \/>\n\t<meta property=\"og:image:height\" content=\"533\" \/>\n\t<meta property=\"og:image:type\" content=\"image\/jpeg\" \/>\n<meta name=\"author\" content=\"admpu17wp\" \/>\n<meta name=\"twitter:card\" content=\"summary_large_image\" \/>\n<meta name=\"twitter:creator\" content=\"@portalurbanook\" \/>\n<meta name=\"twitter:site\" content=\"@portalurbanook\" \/>\n<meta name=\"twitter:label1\" content=\"Escrito por\" \/>\n\t<meta name=\"twitter:data1\" content=\"admpu17wp\" \/>\n\t<meta name=\"twitter:label2\" content=\"Tiempo de lectura\" \/>\n\t<meta name=\"twitter:data2\" content=\"3 minutos\" \/>\n<script type=\"application\/ld+json\" class=\"yoast-schema-graph\">{\"@context\":\"https:\/\/schema.org\",\"@graph\":[{\"@type\":\"Article\",\"@id\":\"https:\/\/experienciadevida.com.ar\/portalurbano\/mexico-confirma-que-el-fin-de-semana-llegan-a-la-argentina-800-000-dosis-de-astrazeneca\/#article\",\"isPartOf\":{\"@id\":\"https:\/\/experienciadevida.com.ar\/portalurbano\/mexico-confirma-que-el-fin-de-semana-llegan-a-la-argentina-800-000-dosis-de-astrazeneca\/\"},\"author\":{\"name\":\"admpu17wp\",\"@id\":\"https:\/\/experienciadevida.com.ar\/portalurbano\/#\/schema\/person\/02dd326b1c4b056e9cc972486934a3a7\"},\"headline\":\"M\u00e9xico confirma que \u201cel fin de semana\u201d llegan a la Argentina 800.000 dosis de AstraZeneca\",\"datePublished\":\"2021-05-25T14:59:52+00:00\",\"dateModified\":\"2021-05-25T14:59:52+00:00\",\"mainEntityOfPage\":{\"@id\":\"https:\/\/experienciadevida.com.ar\/portalurbano\/mexico-confirma-que-el-fin-de-semana-llegan-a-la-argentina-800-000-dosis-de-astrazeneca\/\"},\"wordCount\":692,\"publisher\":{\"@id\":\"https:\/\/experienciadevida.com.ar\/portalurbano\/#organization\"},\"articleSection\":[\"Naci\u00f3n\"],\"inLanguage\":\"es\"},{\"@type\":\"WebPage\",\"@id\":\"https:\/\/experienciadevida.com.ar\/portalurbano\/mexico-confirma-que-el-fin-de-semana-llegan-a-la-argentina-800-000-dosis-de-astrazeneca\/\",\"url\":\"https:\/\/experienciadevida.com.ar\/portalurbano\/mexico-confirma-que-el-fin-de-semana-llegan-a-la-argentina-800-000-dosis-de-astrazeneca\/\",\"name\":\"AstraZeneca: \\\" El Fin de semana llegan 800 mil dosis desde Mexico\",\"isPartOf\":{\"@id\":\"https:\/\/experienciadevida.com.ar\/portalurbano\/#website\"},\"datePublished\":\"2021-05-25T14:59:52+00:00\",\"dateModified\":\"2021-05-25T14:59:52+00:00\",\"description\":\"AstraZeneca. Lo asegur\u00f3 el canciller de ese pa\u00eds, Marcelo Ebrard, durante un acto en el que Alberto Fern\u00e1ndez particip\u00f3 de manera virtual.\",\"breadcrumb\":{\"@id\":\"https:\/\/experienciadevida.com.ar\/portalurbano\/mexico-confirma-que-el-fin-de-semana-llegan-a-la-argentina-800-000-dosis-de-astrazeneca\/#breadcrumb\"},\"inLanguage\":\"es\",\"potentialAction\":[{\"@type\":\"ReadAction\",\"target\":[\"https:\/\/experienciadevida.com.ar\/portalurbano\/mexico-confirma-que-el-fin-de-semana-llegan-a-la-argentina-800-000-dosis-de-astrazeneca\/\"]}]},{\"@type\":\"BreadcrumbList\",\"@id\":\"https:\/\/experienciadevida.com.ar\/portalurbano\/mexico-confirma-que-el-fin-de-semana-llegan-a-la-argentina-800-000-dosis-de-astrazeneca\/#breadcrumb\",\"itemListElement\":[{\"@type\":\"ListItem\",\"position\":1,\"name\":\"Portada\",\"item\":\"https:\/\/experienciadevida.com.ar\/portalurbano\/\"},{\"@type\":\"ListItem\",\"position\":2,\"name\":\"M\u00e9xico confirma que \u201cel fin de semana\u201d llegan a la Argentina 800.000 dosis de AstraZeneca\"}]},{\"@type\":\"WebSite\",\"@id\":\"https:\/\/experienciadevida.com.ar\/portalurbano\/#website\",\"url\":\"https:\/\/experienciadevida.com.ar\/portalurbano\/\",\"name\":\"\",\"description\":\"\",\"publisher\":{\"@id\":\"https:\/\/experienciadevida.com.ar\/portalurbano\/#organization\"},\"potentialAction\":[{\"@type\":\"SearchAction\",\"target\":{\"@type\":\"EntryPoint\",\"urlTemplate\":\"https:\/\/experienciadevida.com.ar\/portalurbano\/?s={search_term_string}\"},\"query-input\":\"required name=search_term_string\"}],\"inLanguage\":\"es\"},{\"@type\":\"Organization\",\"@id\":\"https:\/\/experienciadevida.com.ar\/portalurbano\/#organization\",\"name\":\"Portal Urbano\",\"url\":\"https:\/\/experienciadevida.com.ar\/portalurbano\/\",\"logo\":{\"@type\":\"ImageObject\",\"inLanguage\":\"es\",\"@id\":\"https:\/\/experienciadevida.com.ar\/portalurbano\/#\/schema\/logo\/image\/\",\"url\":\"https:\/\/experienciadevida.com.ar\/portalurbano\/wp-content\/uploads\/2019\/09\/Logo-Original.png\",\"contentUrl\":\"https:\/\/experienciadevida.com.ar\/portalurbano\/wp-content\/uploads\/2019\/09\/Logo-Original.png\",\"width\":2236,\"height\":1216,\"caption\":\"Portal Urbano\"},\"image\":{\"@id\":\"https:\/\/experienciadevida.com.ar\/portalurbano\/#\/schema\/logo\/image\/\"},\"sameAs\":[\"https:\/\/www.facebook.com\/Portal-Urbano-171542830093757\/\",\"https:\/\/twitter.com\/portalurbanook\",\"https:\/\/www.instagram.com\/_portalurbano\/\",\"https:\/\/www.youtube.com\/channel\/UCXhagIfszH8KxFiOok79zbA?view_as=subscriber\"]},{\"@type\":\"Person\",\"@id\":\"https:\/\/experienciadevida.com.ar\/portalurbano\/#\/schema\/person\/02dd326b1c4b056e9cc972486934a3a7\",\"name\":\"admpu17wp\",\"image\":{\"@type\":\"ImageObject\",\"inLanguage\":\"es\",\"@id\":\"https:\/\/experienciadevida.com.ar\/portalurbano\/#\/schema\/person\/image\/\",\"url\":\"https:\/\/secure.gravatar.com\/avatar\/830d4c57adaae6630765e449a6908047?s=96&d=mm&r=g\",\"contentUrl\":\"https:\/\/secure.gravatar.com\/avatar\/830d4c57adaae6630765e449a6908047?s=96&d=mm&r=g\",\"caption\":\"admpu17wp\"}}]}<\/script>\n<!-- \/ Yoast SEO plugin. -->","yoast_head_json":{"title":"AstraZeneca: \" El Fin de semana llegan 800 mil dosis desde Mexico","description":"AstraZeneca. Lo asegur\u00f3 el canciller de ese pa\u00eds, Marcelo Ebrard, durante un acto en el que Alberto Fern\u00e1ndez particip\u00f3 de manera virtual.","robots":{"index":"index","follow":"follow","max-snippet":"max-snippet:-1","max-image-preview":"max-image-preview:large","max-video-preview":"max-video-preview:-1"},"canonical":"https:\/\/experienciadevida.com.ar\/portalurbano\/mexico-confirma-que-el-fin-de-semana-llegan-a-la-argentina-800-000-dosis-de-astrazeneca\/","og_locale":"es_ES","og_type":"article","og_title":"AstraZeneca: \" El Fin de semana llegan 800 mil dosis desde Mexico","og_description":"AstraZeneca. Lo asegur\u00f3 el canciller de ese pa\u00eds, Marcelo Ebrard, durante un acto en el que Alberto Fern\u00e1ndez particip\u00f3 de manera virtual.","og_url":"https:\/\/experienciadevida.com.ar\/portalurbano\/mexico-confirma-que-el-fin-de-semana-llegan-a-la-argentina-800-000-dosis-de-astrazeneca\/","article_publisher":"https:\/\/www.facebook.com\/Portal-Urbano-171542830093757\/","article_published_time":"2021-05-25T14:59:52+00:00","og_image":[{"width":800,"height":533,"url":"https:\/\/experienciadevida.com.ar\/portalurbano\/wp-content\/uploads\/2021\/05\/Lopez-Obrador-Fernandez-1068x712-1-e1621954527346.jpg","type":"image\/jpeg"}],"author":"admpu17wp","twitter_card":"summary_large_image","twitter_creator":"@portalurbanook","twitter_site":"@portalurbanook","twitter_misc":{"Escrito por":"admpu17wp","Tiempo de lectura":"3 minutos"},"schema":{"@context":"https:\/\/schema.org","@graph":[{"@type":"Article","@id":"https:\/\/experienciadevida.com.ar\/portalurbano\/mexico-confirma-que-el-fin-de-semana-llegan-a-la-argentina-800-000-dosis-de-astrazeneca\/#article","isPartOf":{"@id":"https:\/\/experienciadevida.com.ar\/portalurbano\/mexico-confirma-que-el-fin-de-semana-llegan-a-la-argentina-800-000-dosis-de-astrazeneca\/"},"author":{"name":"admpu17wp","@id":"https:\/\/experienciadevida.com.ar\/portalurbano\/#\/schema\/person\/02dd326b1c4b056e9cc972486934a3a7"},"headline":"M\u00e9xico confirma que \u201cel fin de semana\u201d llegan a la Argentina 800.000 dosis de AstraZeneca","datePublished":"2021-05-25T14:59:52+00:00","dateModified":"2021-05-25T14:59:52+00:00","mainEntityOfPage":{"@id":"https:\/\/experienciadevida.com.ar\/portalurbano\/mexico-confirma-que-el-fin-de-semana-llegan-a-la-argentina-800-000-dosis-de-astrazeneca\/"},"wordCount":692,"publisher":{"@id":"https:\/\/experienciadevida.com.ar\/portalurbano\/#organization"},"articleSection":["Naci\u00f3n"],"inLanguage":"es"},{"@type":"WebPage","@id":"https:\/\/experienciadevida.com.ar\/portalurbano\/mexico-confirma-que-el-fin-de-semana-llegan-a-la-argentina-800-000-dosis-de-astrazeneca\/","url":"https:\/\/experienciadevida.com.ar\/portalurbano\/mexico-confirma-que-el-fin-de-semana-llegan-a-la-argentina-800-000-dosis-de-astrazeneca\/","name":"AstraZeneca: \" El Fin de semana llegan 800 mil dosis desde Mexico","isPartOf":{"@id":"https:\/\/experienciadevida.com.ar\/portalurbano\/#website"},"datePublished":"2021-05-25T14:59:52+00:00","dateModified":"2021-05-25T14:59:52+00:00","description":"AstraZeneca. Lo asegur\u00f3 el canciller de ese pa\u00eds, Marcelo Ebrard, durante un acto en el que Alberto Fern\u00e1ndez particip\u00f3 de manera virtual.","breadcrumb":{"@id":"https:\/\/experienciadevida.com.ar\/portalurbano\/mexico-confirma-que-el-fin-de-semana-llegan-a-la-argentina-800-000-dosis-de-astrazeneca\/#breadcrumb"},"inLanguage":"es","potentialAction":[{"@type":"ReadAction","target":["https:\/\/experienciadevida.com.ar\/portalurbano\/mexico-confirma-que-el-fin-de-semana-llegan-a-la-argentina-800-000-dosis-de-astrazeneca\/"]}]},{"@type":"BreadcrumbList","@id":"https:\/\/experienciadevida.com.ar\/portalurbano\/mexico-confirma-que-el-fin-de-semana-llegan-a-la-argentina-800-000-dosis-de-astrazeneca\/#breadcrumb","itemListElement":[{"@type":"ListItem","position":1,"name":"Portada","item":"https:\/\/experienciadevida.com.ar\/portalurbano\/"},{"@type":"ListItem","position":2,"name":"M\u00e9xico confirma que \u201cel fin de semana\u201d llegan a la Argentina 800.000 dosis de AstraZeneca"}]},{"@type":"WebSite","@id":"https:\/\/experienciadevida.com.ar\/portalurbano\/#website","url":"https:\/\/experienciadevida.com.ar\/portalurbano\/","name":"","description":"","publisher":{"@id":"https:\/\/experienciadevida.com.ar\/portalurbano\/#organization"},"potentialAction":[{"@type":"SearchAction","target":{"@type":"EntryPoint","urlTemplate":"https:\/\/experienciadevida.com.ar\/portalurbano\/?s={search_term_string}"},"query-input":"required name=search_term_string"}],"inLanguage":"es"},{"@type":"Organization","@id":"https:\/\/experienciadevida.com.ar\/portalurbano\/#organization","name":"Portal Urbano","url":"https:\/\/experienciadevida.com.ar\/portalurbano\/","logo":{"@type":"ImageObject","inLanguage":"es","@id":"https:\/\/experienciadevida.com.ar\/portalurbano\/#\/schema\/logo\/image\/","url":"https:\/\/experienciadevida.com.ar\/portalurbano\/wp-content\/uploads\/2019\/09\/Logo-Original.png","contentUrl":"https:\/\/experienciadevida.com.ar\/portalurbano\/wp-content\/uploads\/2019\/09\/Logo-Original.png","width":2236,"height":1216,"caption":"Portal Urbano"},"image":{"@id":"https:\/\/experienciadevida.com.ar\/portalurbano\/#\/schema\/logo\/image\/"},"sameAs":["https:\/\/www.facebook.com\/Portal-Urbano-171542830093757\/","https:\/\/twitter.com\/portalurbanook","https:\/\/www.instagram.com\/_portalurbano\/","https:\/\/www.youtube.com\/channel\/UCXhagIfszH8KxFiOok79zbA?view_as=subscriber"]},{"@type":"Person","@id":"https:\/\/experienciadevida.com.ar\/portalurbano\/#\/schema\/person\/02dd326b1c4b056e9cc972486934a3a7","name":"admpu17wp","image":{"@type":"ImageObject","inLanguage":"es","@id":"https:\/\/experienciadevida.com.ar\/portalurbano\/#\/schema\/person\/image\/","url":"https:\/\/secure.gravatar.com\/avatar\/830d4c57adaae6630765e449a6908047?s=96&d=mm&r=g","contentUrl":"https:\/\/secure.gravatar.com\/avatar\/830d4c57adaae6630765e449a6908047?s=96&d=mm&r=g","caption":"admpu17wp"}}]}},"featured_image_urls":{"full":["https:\/\/experienciadevida.com.ar\/portalurbano\/wp-content\/uploads\/2021\/05\/Lopez-Obrador-Fernandez-1068x712-1-e1621954527346.jpg",800,533,false],"thumbnail":["https:\/\/experienciadevida.com.ar\/portalurbano\/wp-content\/uploads\/2021\/05\/Lopez-Obrador-Fernandez-1068x712-1-150x150.jpg",150,150,true],"medium":["https:\/\/experienciadevida.com.ar\/portalurbano\/wp-content\/uploads\/2021\/05\/Lopez-Obrador-Fernandez-1068x712-1-300x200.jpg",300,200,true],"medium_large":["https:\/\/experienciadevida.com.ar\/portalurbano\/wp-content\/uploads\/2021\/05\/Lopez-Obrador-Fernandez-1068x712-1-768x512.jpg",640,427,true],"large":["https:\/\/experienciadevida.com.ar\/portalurbano\/wp-content\/uploads\/2021\/05\/Lopez-Obrador-Fernandez-1068x712-1-1024x683.jpg",640,427,true],"ug_big":["https:\/\/experienciadevida.com.ar\/portalurbano\/wp-content\/uploads\/2021\/05\/Lopez-Obrador-Fernandez-1068x712-1-768x512.jpg",768,512,true],"1536x1536":["https:\/\/experienciadevida.com.ar\/portalurbano\/wp-content\/uploads\/2021\/05\/Lopez-Obrador-Fernandez-1068x712-1-e1621954527346.jpg",800,533,false],"2048x2048":["https:\/\/experienciadevida.com.ar\/portalurbano\/wp-content\/uploads\/2021\/05\/Lopez-Obrador-Fernandez-1068x712-1-e1621954527346.jpg",800,533,false],"newsever-slider-full":["https:\/\/experienciadevida.com.ar\/portalurbano\/wp-content\/uploads\/2021\/05\/Lopez-Obrador-Fernandez-1068x712-1-e1621954527346.jpg",800,533,false],"newsever-featured":["https:\/\/experienciadevida.com.ar\/portalurbano\/wp-content\/uploads\/2021\/05\/Lopez-Obrador-Fernandez-1068x712-1-e1621954527346.jpg",800,533,false],"newsever-medium":["https:\/\/experienciadevida.com.ar\/portalurbano\/wp-content\/uploads\/2021\/05\/Lopez-Obrador-Fernandez-1068x712-1-e1621954527346.jpg",713,475,false],"web-stories-poster-portrait":["https:\/\/experienciadevida.com.ar\/portalurbano\/wp-content\/uploads\/2021\/05\/Lopez-Obrador-Fernandez-1068x712-1-e1621954527346.jpg",640,426,false],"web-stories-publisher-logo":["https:\/\/experienciadevida.com.ar\/portalurbano\/wp-content\/uploads\/2021\/05\/Lopez-Obrador-Fernandez-1068x712-1-e1621954527346.jpg",96,64,false],"web-stories-thumbnail":["https:\/\/experienciadevida.com.ar\/portalurbano\/wp-content\/uploads\/2021\/05\/Lopez-Obrador-Fernandez-1068x712-1-e1621954527346.jpg",150,100,false]},"author_info":{"display_name":"admpu17wp","author_link":"https:\/\/experienciadevida.com.ar\/portalurbano\/author\/admpu17wp\/"},"category_info":"<a href=\"https:\/\/experienciadevida.com.ar\/portalurbano\/category\/nacion\/\" rel=\"category tag\">Naci\u00f3n<\/a>","tag_info":"Naci\u00f3n","comment_count":"0","amp_enabled":true,"_links":{"self":[{"href":"https:\/\/experienciadevida.com.ar\/portalurbano\/wp-json\/wp\/v2\/posts\/143687"}],"collection":[{"href":"https:\/\/experienciadevida.com.ar\/portalurbano\/wp-json\/wp\/v2\/posts"}],"about":[{"href":"https:\/\/experienciadevida.com.ar\/portalurbano\/wp-json\/wp\/v2\/types\/post"}],"author":[{"embeddable":true,"href":"https:\/\/experienciadevida.com.ar\/portalurbano\/wp-json\/wp\/v2\/users\/1"}],"replies":[{"embeddable":true,"href":"https:\/\/experienciadevida.com.ar\/portalurbano\/wp-json\/wp\/v2\/comments?post=143687"}],"version-history":[{"count":1,"href":"https:\/\/experienciadevida.com.ar\/portalurbano\/wp-json\/wp\/v2\/posts\/143687\/revisions"}],"predecessor-version":[{"id":143691,"href":"https:\/\/experienciadevida.com.ar\/portalurbano\/wp-json\/wp\/v2\/posts\/143687\/revisions\/143691"}],"wp:featuredmedia":[{"embeddable":true,"href":"https:\/\/experienciadevida.com.ar\/portalurbano\/wp-json\/wp\/v2\/media\/143689"}],"wp:attachment":[{"href":"https:\/\/experienciadevida.com.ar\/portalurbano\/wp-json\/wp\/v2\/media?parent=143687"}],"wp:term":[{"taxonomy":"category","embeddable":true,"href":"https:\/\/experienciadevida.com.ar\/portalurbano\/wp-json\/wp\/v2\/categories?post=143687"},{"taxonomy":"post_tag","embeddable":true,"href":"https:\/\/experienciadevida.com.ar\/portalurbano\/wp-json\/wp\/v2\/tags?post=143687"}],"curies":[{"name":"wp","href":"https:\/\/api.w.org\/{rel}","templated":true}]}}