{"id":143670,"date":"2021-05-25T10:44:44","date_gmt":"2021-05-25T13:44:44","guid":{"rendered":"https:\/\/experienciadevida.com.ar\/portalurbano\/?p=143670"},"modified":"2021-05-25T10:45:22","modified_gmt":"2021-05-25T13:45:22","slug":"ubaldo-garcia-en-6-meses-de-campana-durante-el-2019-se-gastaron-400-millones-de-pesos-en-un-ano-de-pandemia-ajustaron-por-600-millones","status":"publish","type":"post","link":"https:\/\/experienciadevida.com.ar\/portalurbano\/ubaldo-garcia-en-6-meses-de-campana-durante-el-2019-se-gastaron-400-millones-de-pesos-en-un-ano-de-pandemia-ajustaron-por-600-millones\/","title":{"rendered":"Ubaldo Garc\u00eda: \u201cEn 6 meses de campa\u00f1a durante el 2019 se gastaron 400 millones de pesos, en un a\u00f1o de pandemia ajustaron por 600 millones\u201d"},"content":{"rendered":"<p>Ubaldo Garc\u00eda: \u201cEn 6 meses de campa\u00f1a durante el 2019 se gastaron 400 millones de pesos, en un a\u00f1o de pandemia ajustaron por 600 millones\u201d, as\u00ed se refiri\u00f3 el concejal del Frente de Todos, al hacer un an\u00e1lisis de la Rendici\u00f3n de Cuentas que se tratar\u00e1 en el Concejo Deliberante.<\/p>\n<p>Desde el espacio informaron que durante la comisi\u00f3n de Hacienda que se llev\u00f3 cabo ayer plantearon los serios inconvenientes pr\u00e1cticos en el an\u00e1lisis del Expediente y resaltaron que el RAFAM no funciona.<\/p>\n<p>En ese sentido, el Contador Ubaldo Garc\u00eda, declar\u00f3: \u201cIndefectiblemente el 2020 fue un a\u00f1o at\u00edpico y muy dif\u00edcil, pero en uno de los peores momentos de Olavarr\u00eda el municipio realiz\u00f3 un ajuste por 600 millones de pesos. Recort\u00f3 el presupuesto en diferentes \u00e1reas, siendo la m\u00e1s afectada Obras P\u00fablicas&#8221;.<\/p>\n<p>Ubaldo Garc\u00eda, &#8220;Este desfinanciamiento no signific\u00f3 mayores recursos para la salud p\u00fablica como inform\u00f3 el Secretario de Gobierno Hilario Galli. Todo lo contrario, durante el 2020 se fren\u00f3 la obra del Hospital que permit\u00eda mayor capacidad de respuesta en el contexto de pandemia. Paralelamente desde el Estado Provincial y Nacional priorizaron y aumentaron las obras en el sistema sanitario dotando de camas, respiradores e insumos a todos los efectores de salud. En la provincia pasaron 800 camas de UTI a m\u00e1s de 2500\u201d.<\/p>\n<p>\u201cAyer a la ma\u00f1ana se decidi\u00f3 por mayor\u00eda durante la comisi\u00f3n de Hacienda plantear los serios inconvenientes pr\u00e1cticos en el an\u00e1lisis del Expediente. La realidad es que el RAFAM, que es donde se pueden ver los movimientos que realiza el municipio no funciona desde el 10 de mayo por \u2018problemas t\u00e9cnicos\u2019, indic\u00f3 Garc\u00eda.<\/p>\n<p>Por \u00faltimo y en la misma l\u00ednea sostuvo: \u201cUna vez m\u00e1s la transparencia de la cual Cambiemos tanto habla no se ve reflejada en los hechos, distintas maniobras a la hora de disfrazar los verdaderos n\u00fameros que maneja el municipio y los ajustes realizados en plena pandemia no hacen m\u00e1s que ratificar que sus prioridades son otras. En 6 meses de campa\u00f1a durante el 2019 se gastaron 400 millones de pesos, en un a\u00f1o de pandemia ajustaron por 600 millones\u201d.<\/p>\n","protected":false},"excerpt":{"rendered":"<p>Ubaldo Garc\u00eda: \u201cEn 6 meses de campa\u00f1a durante el 2019 se gastaron 400 millones de&#8230;<\/p>\n","protected":false},"author":1,"featured_media":119444,"comment_status":"closed","ping_status":"closed","sticky":false,"template":"","format":"standard","meta":{"content-type":""},"categories":[64,43],"tags":[],"nelio_content":{"isAutoShareEnabled":false,"autoShareEndMode":"default","automationSources":{"useContentSentences":true,"useSocialTemplates":true,"useCustomSentences":false,"customSentences":[]},"followers":[1],"suggestedReferences":[],"includedReferences":[],"efiUrl":"","efiAlt":"","highlights":[]},"yoast_head":"<!-- This site is optimized with the Yoast SEO plugin v20.7 - https:\/\/yoast.com\/wordpress\/plugins\/seo\/ -->\n<title>Ubaldo Garc\u00eda &quot;en 6 meses se gastaron 400 y redujeron en pandemia 600&quot;<\/title>\n<meta name=\"description\" content=\"Ubaldo Garc\u00eda: \u201cEn 6 meses de campa\u00f1a durante el 2019 se gastaron 400 millones de pesos, en un a\u00f1o de pandemia ajustaron por 600 millones\u201d,\" \/>\n<meta name=\"robots\" content=\"index, follow, max-snippet:-1, max-image-preview:large, max-video-preview:-1\" \/>\n<link rel=\"canonical\" href=\"https:\/\/experienciadevida.com.ar\/portalurbano\/ubaldo-garcia-en-6-meses-de-campana-durante-el-2019-se-gastaron-400-millones-de-pesos-en-un-ano-de-pandemia-ajustaron-por-600-millones\/\" \/>\n<meta property=\"og:locale\" content=\"es_ES\" \/>\n<meta property=\"og:type\" content=\"article\" \/>\n<meta property=\"og:title\" content=\"Ubaldo Garc\u00eda &quot;en 6 meses se gastaron 400 y redujeron en pandemia 600&quot;\" \/>\n<meta property=\"og:description\" content=\"Ubaldo Garc\u00eda: \u201cEn 6 meses de campa\u00f1a durante el 2019 se gastaron 400 millones de pesos, en un a\u00f1o de pandemia ajustaron por 600 millones\u201d,\" \/>\n<meta property=\"og:url\" content=\"https:\/\/experienciadevida.com.ar\/portalurbano\/ubaldo-garcia-en-6-meses-de-campana-durante-el-2019-se-gastaron-400-millones-de-pesos-en-un-ano-de-pandemia-ajustaron-por-600-millones\/\" \/>\n<meta property=\"article:publisher\" content=\"https:\/\/www.facebook.com\/Portal-Urbano-171542830093757\/\" \/>\n<meta property=\"article:published_time\" content=\"2021-05-25T13:44:44+00:00\" \/>\n<meta property=\"article:modified_time\" content=\"2021-05-25T13:45:22+00:00\" \/>\n<meta property=\"og:image\" content=\"https:\/\/experienciadevida.com.ar\/portalurbano\/wp-content\/uploads\/2020\/08\/UBALDOGARCIA.jpeg\" \/>\n\t<meta property=\"og:image:width\" content=\"765\" \/>\n\t<meta property=\"og:image:height\" content=\"536\" \/>\n\t<meta property=\"og:image:type\" content=\"image\/jpeg\" \/>\n<meta name=\"author\" content=\"admpu17wp\" \/>\n<meta name=\"twitter:card\" content=\"summary_large_image\" \/>\n<meta name=\"twitter:creator\" content=\"@portalurbanook\" \/>\n<meta name=\"twitter:site\" content=\"@portalurbanook\" \/>\n<meta name=\"twitter:label1\" content=\"Escrito por\" \/>\n\t<meta name=\"twitter:data1\" content=\"admpu17wp\" \/>\n\t<meta name=\"twitter:label2\" content=\"Tiempo de lectura\" \/>\n\t<meta name=\"twitter:data2\" content=\"2 minutos\" \/>\n<script type=\"application\/ld+json\" class=\"yoast-schema-graph\">{\"@context\":\"https:\/\/schema.org\",\"@graph\":[{\"@type\":\"Article\",\"@id\":\"https:\/\/experienciadevida.com.ar\/portalurbano\/ubaldo-garcia-en-6-meses-de-campana-durante-el-2019-se-gastaron-400-millones-de-pesos-en-un-ano-de-pandemia-ajustaron-por-600-millones\/#article\",\"isPartOf\":{\"@id\":\"https:\/\/experienciadevida.com.ar\/portalurbano\/ubaldo-garcia-en-6-meses-de-campana-durante-el-2019-se-gastaron-400-millones-de-pesos-en-un-ano-de-pandemia-ajustaron-por-600-millones\/\"},\"author\":{\"name\":\"admpu17wp\",\"@id\":\"https:\/\/experienciadevida.com.ar\/portalurbano\/#\/schema\/person\/02dd326b1c4b056e9cc972486934a3a7\"},\"headline\":\"Ubaldo Garc\u00eda: \u201cEn 6 meses de campa\u00f1a durante el 2019 se gastaron 400 millones de pesos, en un a\u00f1o de pandemia ajustaron por 600 millones\u201d\",\"datePublished\":\"2021-05-25T13:44:44+00:00\",\"dateModified\":\"2021-05-25T13:45:22+00:00\",\"mainEntityOfPage\":{\"@id\":\"https:\/\/experienciadevida.com.ar\/portalurbano\/ubaldo-garcia-en-6-meses-de-campana-durante-el-2019-se-gastaron-400-millones-de-pesos-en-un-ano-de-pandemia-ajustaron-por-600-millones\/\"},\"wordCount\":389,\"publisher\":{\"@id\":\"https:\/\/experienciadevida.com.ar\/portalurbano\/#organization\"},\"articleSection\":[\"Destacadas 2\",\"Pol\u00edtica\"],\"inLanguage\":\"es\"},{\"@type\":\"WebPage\",\"@id\":\"https:\/\/experienciadevida.com.ar\/portalurbano\/ubaldo-garcia-en-6-meses-de-campana-durante-el-2019-se-gastaron-400-millones-de-pesos-en-un-ano-de-pandemia-ajustaron-por-600-millones\/\",\"url\":\"https:\/\/experienciadevida.com.ar\/portalurbano\/ubaldo-garcia-en-6-meses-de-campana-durante-el-2019-se-gastaron-400-millones-de-pesos-en-un-ano-de-pandemia-ajustaron-por-600-millones\/\",\"name\":\"Ubaldo Garc\u00eda \\\"en 6 meses se gastaron 400 y redujeron en pandemia 600\\\"\",\"isPartOf\":{\"@id\":\"https:\/\/experienciadevida.com.ar\/portalurbano\/#website\"},\"datePublished\":\"2021-05-25T13:44:44+00:00\",\"dateModified\":\"2021-05-25T13:45:22+00:00\",\"description\":\"Ubaldo Garc\u00eda: \u201cEn 6 meses de campa\u00f1a durante el 2019 se gastaron 400 millones de pesos, en un a\u00f1o de pandemia ajustaron por 600 millones\u201d,\",\"breadcrumb\":{\"@id\":\"https:\/\/experienciadevida.com.ar\/portalurbano\/ubaldo-garcia-en-6-meses-de-campana-durante-el-2019-se-gastaron-400-millones-de-pesos-en-un-ano-de-pandemia-ajustaron-por-600-millones\/#breadcrumb\"},\"inLanguage\":\"es\",\"potentialAction\":[{\"@type\":\"ReadAction\",\"target\":[\"https:\/\/experienciadevida.com.ar\/portalurbano\/ubaldo-garcia-en-6-meses-de-campana-durante-el-2019-se-gastaron-400-millones-de-pesos-en-un-ano-de-pandemia-ajustaron-por-600-millones\/\"]}]},{\"@type\":\"BreadcrumbList\",\"@id\":\"https:\/\/experienciadevida.com.ar\/portalurbano\/ubaldo-garcia-en-6-meses-de-campana-durante-el-2019-se-gastaron-400-millones-de-pesos-en-un-ano-de-pandemia-ajustaron-por-600-millones\/#breadcrumb\",\"itemListElement\":[{\"@type\":\"ListItem\",\"position\":1,\"name\":\"Portada\",\"item\":\"https:\/\/experienciadevida.com.ar\/portalurbano\/\"},{\"@type\":\"ListItem\",\"position\":2,\"name\":\"Ubaldo Garc\u00eda: \u201cEn 6 meses de campa\u00f1a durante el 2019 se gastaron 400 millones de pesos, en un a\u00f1o de pandemia ajustaron por 600 millones\u201d\"}]},{\"@type\":\"WebSite\",\"@id\":\"https:\/\/experienciadevida.com.ar\/portalurbano\/#website\",\"url\":\"https:\/\/experienciadevida.com.ar\/portalurbano\/\",\"name\":\"\",\"description\":\"\",\"publisher\":{\"@id\":\"https:\/\/experienciadevida.com.ar\/portalurbano\/#organization\"},\"potentialAction\":[{\"@type\":\"SearchAction\",\"target\":{\"@type\":\"EntryPoint\",\"urlTemplate\":\"https:\/\/experienciadevida.com.ar\/portalurbano\/?s={search_term_string}\"},\"query-input\":\"required name=search_term_string\"}],\"inLanguage\":\"es\"},{\"@type\":\"Organization\",\"@id\":\"https:\/\/experienciadevida.com.ar\/portalurbano\/#organization\",\"name\":\"Portal Urbano\",\"url\":\"https:\/\/experienciadevida.com.ar\/portalurbano\/\",\"logo\":{\"@type\":\"ImageObject\",\"inLanguage\":\"es\",\"@id\":\"https:\/\/experienciadevida.com.ar\/portalurbano\/#\/schema\/logo\/image\/\",\"url\":\"https:\/\/experienciadevida.com.ar\/portalurbano\/wp-content\/uploads\/2019\/09\/Logo-Original.png\",\"contentUrl\":\"https:\/\/experienciadevida.com.ar\/portalurbano\/wp-content\/uploads\/2019\/09\/Logo-Original.png\",\"width\":2236,\"height\":1216,\"caption\":\"Portal Urbano\"},\"image\":{\"@id\":\"https:\/\/experienciadevida.com.ar\/portalurbano\/#\/schema\/logo\/image\/\"},\"sameAs\":[\"https:\/\/www.facebook.com\/Portal-Urbano-171542830093757\/\",\"https:\/\/twitter.com\/portalurbanook\",\"https:\/\/www.instagram.com\/_portalurbano\/\",\"https:\/\/www.youtube.com\/channel\/UCXhagIfszH8KxFiOok79zbA?view_as=subscriber\"]},{\"@type\":\"Person\",\"@id\":\"https:\/\/experienciadevida.com.ar\/portalurbano\/#\/schema\/person\/02dd326b1c4b056e9cc972486934a3a7\",\"name\":\"admpu17wp\",\"image\":{\"@type\":\"ImageObject\",\"inLanguage\":\"es\",\"@id\":\"https:\/\/experienciadevida.com.ar\/portalurbano\/#\/schema\/person\/image\/\",\"url\":\"https:\/\/secure.gravatar.com\/avatar\/830d4c57adaae6630765e449a6908047?s=96&d=mm&r=g\",\"contentUrl\":\"https:\/\/secure.gravatar.com\/avatar\/830d4c57adaae6630765e449a6908047?s=96&d=mm&r=g\",\"caption\":\"admpu17wp\"}}]}<\/script>\n<!-- \/ Yoast SEO plugin. -->","yoast_head_json":{"title":"Ubaldo Garc\u00eda \"en 6 meses se gastaron 400 y redujeron en pandemia 600\"","description":"Ubaldo Garc\u00eda: \u201cEn 6 meses de campa\u00f1a durante el 2019 se gastaron 400 millones de pesos, en un a\u00f1o de pandemia ajustaron por 600 millones\u201d,","robots":{"index":"index","follow":"follow","max-snippet":"max-snippet:-1","max-image-preview":"max-image-preview:large","max-video-preview":"max-video-preview:-1"},"canonical":"https:\/\/experienciadevida.com.ar\/portalurbano\/ubaldo-garcia-en-6-meses-de-campana-durante-el-2019-se-gastaron-400-millones-de-pesos-en-un-ano-de-pandemia-ajustaron-por-600-millones\/","og_locale":"es_ES","og_type":"article","og_title":"Ubaldo Garc\u00eda \"en 6 meses se gastaron 400 y redujeron en pandemia 600\"","og_description":"Ubaldo Garc\u00eda: \u201cEn 6 meses de campa\u00f1a durante el 2019 se gastaron 400 millones de pesos, en un a\u00f1o de pandemia ajustaron por 600 millones\u201d,","og_url":"https:\/\/experienciadevida.com.ar\/portalurbano\/ubaldo-garcia-en-6-meses-de-campana-durante-el-2019-se-gastaron-400-millones-de-pesos-en-un-ano-de-pandemia-ajustaron-por-600-millones\/","article_publisher":"https:\/\/www.facebook.com\/Portal-Urbano-171542830093757\/","article_published_time":"2021-05-25T13:44:44+00:00","article_modified_time":"2021-05-25T13:45:22+00:00","og_image":[{"width":765,"height":536,"url":"https:\/\/experienciadevida.com.ar\/portalurbano\/wp-content\/uploads\/2020\/08\/UBALDOGARCIA.jpeg","type":"image\/jpeg"}],"author":"admpu17wp","twitter_card":"summary_large_image","twitter_creator":"@portalurbanook","twitter_site":"@portalurbanook","twitter_misc":{"Escrito por":"admpu17wp","Tiempo de lectura":"2 minutos"},"schema":{"@context":"https:\/\/schema.org","@graph":[{"@type":"Article","@id":"https:\/\/experienciadevida.com.ar\/portalurbano\/ubaldo-garcia-en-6-meses-de-campana-durante-el-2019-se-gastaron-400-millones-de-pesos-en-un-ano-de-pandemia-ajustaron-por-600-millones\/#article","isPartOf":{"@id":"https:\/\/experienciadevida.com.ar\/portalurbano\/ubaldo-garcia-en-6-meses-de-campana-durante-el-2019-se-gastaron-400-millones-de-pesos-en-un-ano-de-pandemia-ajustaron-por-600-millones\/"},"author":{"name":"admpu17wp","@id":"https:\/\/experienciadevida.com.ar\/portalurbano\/#\/schema\/person\/02dd326b1c4b056e9cc972486934a3a7"},"headline":"Ubaldo Garc\u00eda: \u201cEn 6 meses de campa\u00f1a durante el 2019 se gastaron 400 millones de pesos, en un a\u00f1o de pandemia ajustaron por 600 millones\u201d","datePublished":"2021-05-25T13:44:44+00:00","dateModified":"2021-05-25T13:45:22+00:00","mainEntityOfPage":{"@id":"https:\/\/experienciadevida.com.ar\/portalurbano\/ubaldo-garcia-en-6-meses-de-campana-durante-el-2019-se-gastaron-400-millones-de-pesos-en-un-ano-de-pandemia-ajustaron-por-600-millones\/"},"wordCount":389,"publisher":{"@id":"https:\/\/experienciadevida.com.ar\/portalurbano\/#organization"},"articleSection":["Destacadas 2","Pol\u00edtica"],"inLanguage":"es"},{"@type":"WebPage","@id":"https:\/\/experienciadevida.com.ar\/portalurbano\/ubaldo-garcia-en-6-meses-de-campana-durante-el-2019-se-gastaron-400-millones-de-pesos-en-un-ano-de-pandemia-ajustaron-por-600-millones\/","url":"https:\/\/experienciadevida.com.ar\/portalurbano\/ubaldo-garcia-en-6-meses-de-campana-durante-el-2019-se-gastaron-400-millones-de-pesos-en-un-ano-de-pandemia-ajustaron-por-600-millones\/","name":"Ubaldo Garc\u00eda \"en 6 meses se gastaron 400 y redujeron en pandemia 600\"","isPartOf":{"@id":"https:\/\/experienciadevida.com.ar\/portalurbano\/#website"},"datePublished":"2021-05-25T13:44:44+00:00","dateModified":"2021-05-25T13:45:22+00:00","description":"Ubaldo Garc\u00eda: \u201cEn 6 meses de campa\u00f1a durante el 2019 se gastaron 400 millones de pesos, en un a\u00f1o de pandemia ajustaron por 600 millones\u201d,","breadcrumb":{"@id":"https:\/\/experienciadevida.com.ar\/portalurbano\/ubaldo-garcia-en-6-meses-de-campana-durante-el-2019-se-gastaron-400-millones-de-pesos-en-un-ano-de-pandemia-ajustaron-por-600-millones\/#breadcrumb"},"inLanguage":"es","potentialAction":[{"@type":"ReadAction","target":["https:\/\/experienciadevida.com.ar\/portalurbano\/ubaldo-garcia-en-6-meses-de-campana-durante-el-2019-se-gastaron-400-millones-de-pesos-en-un-ano-de-pandemia-ajustaron-por-600-millones\/"]}]},{"@type":"BreadcrumbList","@id":"https:\/\/experienciadevida.com.ar\/portalurbano\/ubaldo-garcia-en-6-meses-de-campana-durante-el-2019-se-gastaron-400-millones-de-pesos-en-un-ano-de-pandemia-ajustaron-por-600-millones\/#breadcrumb","itemListElement":[{"@type":"ListItem","position":1,"name":"Portada","item":"https:\/\/experienciadevida.com.ar\/portalurbano\/"},{"@type":"ListItem","position":2,"name":"Ubaldo Garc\u00eda: \u201cEn 6 meses de campa\u00f1a durante el 2019 se gastaron 400 millones de pesos, en un a\u00f1o de pandemia ajustaron por 600 millones\u201d"}]},{"@type":"WebSite","@id":"https:\/\/experienciadevida.com.ar\/portalurbano\/#website","url":"https:\/\/experienciadevida.com.ar\/portalurbano\/","name":"","description":"","publisher":{"@id":"https:\/\/experienciadevida.com.ar\/portalurbano\/#organization"},"potentialAction":[{"@type":"SearchAction","target":{"@type":"EntryPoint","urlTemplate":"https:\/\/experienciadevida.com.ar\/portalurbano\/?s={search_term_string}"},"query-input":"required name=search_term_string"}],"inLanguage":"es"},{"@type":"Organization","@id":"https:\/\/experienciadevida.com.ar\/portalurbano\/#organization","name":"Portal Urbano","url":"https:\/\/experienciadevida.com.ar\/portalurbano\/","logo":{"@type":"ImageObject","inLanguage":"es","@id":"https:\/\/experienciadevida.com.ar\/portalurbano\/#\/schema\/logo\/image\/","url":"https:\/\/experienciadevida.com.ar\/portalurbano\/wp-content\/uploads\/2019\/09\/Logo-Original.png","contentUrl":"https:\/\/experienciadevida.com.ar\/portalurbano\/wp-content\/uploads\/2019\/09\/Logo-Original.png","width":2236,"height":1216,"caption":"Portal Urbano"},"image":{"@id":"https:\/\/experienciadevida.com.ar\/portalurbano\/#\/schema\/logo\/image\/"},"sameAs":["https:\/\/www.facebook.com\/Portal-Urbano-171542830093757\/","https:\/\/twitter.com\/portalurbanook","https:\/\/www.instagram.com\/_portalurbano\/","https:\/\/www.youtube.com\/channel\/UCXhagIfszH8KxFiOok79zbA?view_as=subscriber"]},{"@type":"Person","@id":"https:\/\/experienciadevida.com.ar\/portalurbano\/#\/schema\/person\/02dd326b1c4b056e9cc972486934a3a7","name":"admpu17wp","image":{"@type":"ImageObject","inLanguage":"es","@id":"https:\/\/experienciadevida.com.ar\/portalurbano\/#\/schema\/person\/image\/","url":"https:\/\/secure.gravatar.com\/avatar\/830d4c57adaae6630765e449a6908047?s=96&d=mm&r=g","contentUrl":"https:\/\/secure.gravatar.com\/avatar\/830d4c57adaae6630765e449a6908047?s=96&d=mm&r=g","caption":"admpu17wp"}}]}},"featured_image_urls":{"full":["https:\/\/experienciadevida.com.ar\/portalurbano\/wp-content\/uploads\/2020\/08\/UBALDOGARCIA.jpeg",765,536,false],"thumbnail":["https:\/\/experienciadevida.com.ar\/portalurbano\/wp-content\/uploads\/2020\/08\/UBALDOGARCIA-150x150.jpeg",150,150,true],"medium":["https:\/\/experienciadevida.com.ar\/portalurbano\/wp-content\/uploads\/2020\/08\/UBALDOGARCIA-300x210.jpeg",300,210,true],"medium_large":["https:\/\/experienciadevida.com.ar\/portalurbano\/wp-content\/uploads\/2020\/08\/UBALDOGARCIA.jpeg",640,448,false],"large":["https:\/\/experienciadevida.com.ar\/portalurbano\/wp-content\/uploads\/2020\/08\/UBALDOGARCIA.jpeg",640,448,false],"ug_big":["https:\/\/experienciadevida.com.ar\/portalurbano\/wp-content\/uploads\/2020\/08\/UBALDOGARCIA.jpeg",765,536,false],"1536x1536":["https:\/\/experienciadevida.com.ar\/portalurbano\/wp-content\/uploads\/2020\/08\/UBALDOGARCIA.jpeg",765,536,false],"2048x2048":["https:\/\/experienciadevida.com.ar\/portalurbano\/wp-content\/uploads\/2020\/08\/UBALDOGARCIA.jpeg",765,536,false],"newsever-slider-full":["https:\/\/experienciadevida.com.ar\/portalurbano\/wp-content\/uploads\/2020\/08\/UBALDOGARCIA.jpeg",765,536,false],"newsever-featured":["https:\/\/experienciadevida.com.ar\/portalurbano\/wp-content\/uploads\/2020\/08\/UBALDOGARCIA.jpeg",765,536,false],"newsever-medium":["https:\/\/experienciadevida.com.ar\/portalurbano\/wp-content\/uploads\/2020\/08\/UBALDOGARCIA.jpeg",678,475,false],"web-stories-poster-portrait":["https:\/\/experienciadevida.com.ar\/portalurbano\/wp-content\/uploads\/2020\/08\/UBALDOGARCIA.jpeg",640,448,false],"web-stories-publisher-logo":["https:\/\/experienciadevida.com.ar\/portalurbano\/wp-content\/uploads\/2020\/08\/UBALDOGARCIA.jpeg",96,67,false],"web-stories-thumbnail":["https:\/\/experienciadevida.com.ar\/portalurbano\/wp-content\/uploads\/2020\/08\/UBALDOGARCIA.jpeg",150,105,false]},"author_info":{"display_name":"admpu17wp","author_link":"https:\/\/experienciadevida.com.ar\/portalurbano\/author\/admpu17wp\/"},"category_info":"<a href=\"https:\/\/experienciadevida.com.ar\/portalurbano\/category\/destacadas-2\/\" rel=\"category tag\">Destacadas 2<\/a> <a href=\"https:\/\/experienciadevida.com.ar\/portalurbano\/category\/politica\/\" rel=\"category tag\">Pol\u00edtica<\/a>","tag_info":"Pol\u00edtica","comment_count":"0","amp_enabled":true,"_links":{"self":[{"href":"https:\/\/experienciadevida.com.ar\/portalurbano\/wp-json\/wp\/v2\/posts\/143670"}],"collection":[{"href":"https:\/\/experienciadevida.com.ar\/portalurbano\/wp-json\/wp\/v2\/posts"}],"about":[{"href":"https:\/\/experienciadevida.com.ar\/portalurbano\/wp-json\/wp\/v2\/types\/post"}],"author":[{"embeddable":true,"href":"https:\/\/experienciadevida.com.ar\/portalurbano\/wp-json\/wp\/v2\/users\/1"}],"replies":[{"embeddable":true,"href":"https:\/\/experienciadevida.com.ar\/portalurbano\/wp-json\/wp\/v2\/comments?post=143670"}],"version-history":[{"count":2,"href":"https:\/\/experienciadevida.com.ar\/portalurbano\/wp-json\/wp\/v2\/posts\/143670\/revisions"}],"predecessor-version":[{"id":143672,"href":"https:\/\/experienciadevida.com.ar\/portalurbano\/wp-json\/wp\/v2\/posts\/143670\/revisions\/143672"}],"wp:featuredmedia":[{"embeddable":true,"href":"https:\/\/experienciadevida.com.ar\/portalurbano\/wp-json\/wp\/v2\/media\/119444"}],"wp:attachment":[{"href":"https:\/\/experienciadevida.com.ar\/portalurbano\/wp-json\/wp\/v2\/media?parent=143670"}],"wp:term":[{"taxonomy":"category","embeddable":true,"href":"https:\/\/experienciadevida.com.ar\/portalurbano\/wp-json\/wp\/v2\/categories?post=143670"},{"taxonomy":"post_tag","embeddable":true,"href":"https:\/\/experienciadevida.com.ar\/portalurbano\/wp-json\/wp\/v2\/tags?post=143670"}],"curies":[{"name":"wp","href":"https:\/\/api.w.org\/{rel}","templated":true}]}}