{"id":143664,"date":"2021-05-25T10:34:19","date_gmt":"2021-05-25T13:34:19","guid":{"rendered":"https:\/\/experienciadevida.com.ar\/portalurbano\/?p=143664"},"modified":"2021-05-25T10:36:32","modified_gmt":"2021-05-25T13:36:32","slug":"se-conmemoro-el-211-aniversario-de-la-revolucion-de-mayo","status":"publish","type":"post","link":"https:\/\/experienciadevida.com.ar\/portalurbano\/se-conmemoro-el-211-aniversario-de-la-revolucion-de-mayo\/","title":{"rendered":"Se conmemor\u00f3 el 211\u00b0 Aniversario de la Revoluci\u00f3n de Mayo"},"content":{"rendered":"<p>Se conmemor\u00f3 el 211\u00b0 Aniversario de la Revoluci\u00f3n de Mayo, fue en la ma\u00f1ana de este martes el intendente Ezequiel Galli particip\u00f3 de la conmemoraci\u00f3n por el 211\u00b0 Aniversario de la Revoluci\u00f3n de Mayo.<\/p>\n<p>El acto se realiz\u00f3 en la Plaza de Armas de la Guarnici\u00f3n Ej\u00e9rcito Olavarr\u00eda<\/p>\n<p>El Intendente estuvo acompa\u00f1ado por el Teniente Coronel Cristian Castellanos y el presidente del Honorable Concejo Deliberante Bruno Cenizo.<\/p>\n<p>Tras el saludo a la Agrupaci\u00f3n 25 de Mayo por parte del Teniente Coronel y el Intendente, se entonaron las estrofas del Himno y se realiz\u00f3 el izamiento de la Bandera Nacional.<\/p>\n<p>Luego se brind\u00f3 la invocaci\u00f3n religiosa y un mensaje por parte del Jefe de Estado Mayor General del Ej\u00e9rcito Argentino Agust\u00edn Cejas.<\/p>\n<p>Tras ello, se retir\u00f3 al Bandera de guerra y finaliz\u00f3 el acto.<\/p>\n<p><a href=\"https:\/\/experienciadevida.com.ar\/portalurbano\/se-conmemoro-el-211-aniversario-de-la-revolucion-de-mayo\/se-conmemoro\/\" rel=\"attachment wp-att-143667\"><img decoding=\"async\" class=\"alignnone size-large wp-image-143667\" src=\"https:\/\/experienciadevida.com.ar\/portalurbano\/wp-content\/uploads\/2021\/05\/se-conmemoro-1024x684.jpg\" alt=\"se conmemor\u00f3\" width=\"900\" height=\"601\" srcset=\"https:\/\/experienciadevida.com.ar\/portalurbano\/wp-content\/uploads\/2021\/05\/se-conmemoro-1024x684.jpg 1024w, https:\/\/experienciadevida.com.ar\/portalurbano\/wp-content\/uploads\/2021\/05\/se-conmemoro-300x201.jpg 300w, https:\/\/experienciadevida.com.ar\/portalurbano\/wp-content\/uploads\/2021\/05\/se-conmemoro-768x513.jpg 768w, https:\/\/experienciadevida.com.ar\/portalurbano\/wp-content\/uploads\/2021\/05\/se-conmemoro-1536x1027.jpg 1536w, https:\/\/experienciadevida.com.ar\/portalurbano\/wp-content\/uploads\/2021\/05\/se-conmemoro-2048x1369.jpg 2048w\" sizes=\"(max-width: 900px) 100vw, 900px\" \/><\/a><\/p>\n","protected":false},"excerpt":{"rendered":"<p>Se conmemor\u00f3 el 211\u00b0 Aniversario de la Revoluci\u00f3n de Mayo, fue en la ma\u00f1ana de&#8230;<\/p>\n","protected":false},"author":1,"featured_media":143665,"comment_status":"closed","ping_status":"closed","sticky":false,"template":"","format":"standard","meta":{"content-type":""},"categories":[27,51],"tags":[],"nelio_content":{"isAutoShareEnabled":false,"autoShareEndMode":"default","automationSources":{"useContentSentences":true,"useSocialTemplates":true,"useCustomSentences":false,"customSentences":[]},"followers":[1],"suggestedReferences":[],"includedReferences":[],"efiUrl":"","efiAlt":"","highlights":[]},"yoast_head":"<!-- This site is optimized with the Yoast SEO plugin v20.7 - https:\/\/yoast.com\/wordpress\/plugins\/seo\/ -->\n<title>Se conmemor\u00f3 el 211\u00b0 aniversario de la revoluci\u00f3n de mayo<\/title>\n<meta name=\"description\" content=\"Se conmemor\u00f3 el 211\u00b0 Aniversario de la Revoluci\u00f3n de Mayo, fue en la ma\u00f1ana de este martes el intendente Ezequiel Galli particip\u00f3 del acto.\" \/>\n<meta name=\"robots\" content=\"index, follow, max-snippet:-1, max-image-preview:large, max-video-preview:-1\" \/>\n<link rel=\"canonical\" href=\"https:\/\/experienciadevida.com.ar\/portalurbano\/se-conmemoro-el-211-aniversario-de-la-revolucion-de-mayo\/\" \/>\n<meta property=\"og:locale\" content=\"es_ES\" \/>\n<meta property=\"og:type\" content=\"article\" \/>\n<meta property=\"og:title\" content=\"Se conmemor\u00f3 el 211\u00b0 aniversario de la revoluci\u00f3n de mayo\" \/>\n<meta property=\"og:description\" content=\"Se conmemor\u00f3 el 211\u00b0 Aniversario de la Revoluci\u00f3n de Mayo, fue en la ma\u00f1ana de este martes el intendente Ezequiel Galli particip\u00f3 del acto.\" \/>\n<meta property=\"og:url\" content=\"https:\/\/experienciadevida.com.ar\/portalurbano\/se-conmemoro-el-211-aniversario-de-la-revolucion-de-mayo\/\" \/>\n<meta property=\"article:publisher\" content=\"https:\/\/www.facebook.com\/Portal-Urbano-171542830093757\/\" \/>\n<meta property=\"article:published_time\" content=\"2021-05-25T13:34:19+00:00\" \/>\n<meta property=\"article:modified_time\" content=\"2021-05-25T13:36:32+00:00\" \/>\n<meta property=\"og:image\" content=\"https:\/\/experienciadevida.com.ar\/portalurbano\/wp-content\/uploads\/2021\/05\/Se-conmemoro-el-211\u00b0.jpg\" \/>\n\t<meta property=\"og:image:width\" content=\"2560\" \/>\n\t<meta property=\"og:image:height\" content=\"1711\" \/>\n\t<meta property=\"og:image:type\" content=\"image\/jpeg\" \/>\n<meta name=\"author\" content=\"admpu17wp\" \/>\n<meta name=\"twitter:card\" content=\"summary_large_image\" \/>\n<meta name=\"twitter:creator\" content=\"@portalurbanook\" \/>\n<meta name=\"twitter:site\" content=\"@portalurbanook\" \/>\n<meta name=\"twitter:label1\" content=\"Escrito por\" \/>\n\t<meta name=\"twitter:data1\" content=\"admpu17wp\" \/>\n\t<meta name=\"twitter:label2\" content=\"Tiempo de lectura\" \/>\n\t<meta name=\"twitter:data2\" content=\"1 minuto\" \/>\n<script type=\"application\/ld+json\" class=\"yoast-schema-graph\">{\"@context\":\"https:\/\/schema.org\",\"@graph\":[{\"@type\":\"Article\",\"@id\":\"https:\/\/experienciadevida.com.ar\/portalurbano\/se-conmemoro-el-211-aniversario-de-la-revolucion-de-mayo\/#article\",\"isPartOf\":{\"@id\":\"https:\/\/experienciadevida.com.ar\/portalurbano\/se-conmemoro-el-211-aniversario-de-la-revolucion-de-mayo\/\"},\"author\":{\"name\":\"admpu17wp\",\"@id\":\"https:\/\/experienciadevida.com.ar\/portalurbano\/#\/schema\/person\/02dd326b1c4b056e9cc972486934a3a7\"},\"headline\":\"Se conmemor\u00f3 el 211\u00b0 Aniversario de la Revoluci\u00f3n de Mayo\",\"datePublished\":\"2021-05-25T13:34:19+00:00\",\"dateModified\":\"2021-05-25T13:36:32+00:00\",\"mainEntityOfPage\":{\"@id\":\"https:\/\/experienciadevida.com.ar\/portalurbano\/se-conmemoro-el-211-aniversario-de-la-revolucion-de-mayo\/\"},\"wordCount\":152,\"publisher\":{\"@id\":\"https:\/\/experienciadevida.com.ar\/portalurbano\/#organization\"},\"articleSection\":[\"Ciudad\",\"Destacadas\"],\"inLanguage\":\"es\"},{\"@type\":\"WebPage\",\"@id\":\"https:\/\/experienciadevida.com.ar\/portalurbano\/se-conmemoro-el-211-aniversario-de-la-revolucion-de-mayo\/\",\"url\":\"https:\/\/experienciadevida.com.ar\/portalurbano\/se-conmemoro-el-211-aniversario-de-la-revolucion-de-mayo\/\",\"name\":\"Se conmemor\u00f3 el 211\u00b0 aniversario de la revoluci\u00f3n de mayo\",\"isPartOf\":{\"@id\":\"https:\/\/experienciadevida.com.ar\/portalurbano\/#website\"},\"datePublished\":\"2021-05-25T13:34:19+00:00\",\"dateModified\":\"2021-05-25T13:36:32+00:00\",\"description\":\"Se conmemor\u00f3 el 211\u00b0 Aniversario de la Revoluci\u00f3n de Mayo, fue en la ma\u00f1ana de este martes el intendente Ezequiel Galli particip\u00f3 del acto.\",\"breadcrumb\":{\"@id\":\"https:\/\/experienciadevida.com.ar\/portalurbano\/se-conmemoro-el-211-aniversario-de-la-revolucion-de-mayo\/#breadcrumb\"},\"inLanguage\":\"es\",\"potentialAction\":[{\"@type\":\"ReadAction\",\"target\":[\"https:\/\/experienciadevida.com.ar\/portalurbano\/se-conmemoro-el-211-aniversario-de-la-revolucion-de-mayo\/\"]}]},{\"@type\":\"BreadcrumbList\",\"@id\":\"https:\/\/experienciadevida.com.ar\/portalurbano\/se-conmemoro-el-211-aniversario-de-la-revolucion-de-mayo\/#breadcrumb\",\"itemListElement\":[{\"@type\":\"ListItem\",\"position\":1,\"name\":\"Portada\",\"item\":\"https:\/\/experienciadevida.com.ar\/portalurbano\/\"},{\"@type\":\"ListItem\",\"position\":2,\"name\":\"Se conmemor\u00f3 el 211\u00b0 Aniversario de la Revoluci\u00f3n de Mayo\"}]},{\"@type\":\"WebSite\",\"@id\":\"https:\/\/experienciadevida.com.ar\/portalurbano\/#website\",\"url\":\"https:\/\/experienciadevida.com.ar\/portalurbano\/\",\"name\":\"\",\"description\":\"\",\"publisher\":{\"@id\":\"https:\/\/experienciadevida.com.ar\/portalurbano\/#organization\"},\"potentialAction\":[{\"@type\":\"SearchAction\",\"target\":{\"@type\":\"EntryPoint\",\"urlTemplate\":\"https:\/\/experienciadevida.com.ar\/portalurbano\/?s={search_term_string}\"},\"query-input\":\"required name=search_term_string\"}],\"inLanguage\":\"es\"},{\"@type\":\"Organization\",\"@id\":\"https:\/\/experienciadevida.com.ar\/portalurbano\/#organization\",\"name\":\"Portal Urbano\",\"url\":\"https:\/\/experienciadevida.com.ar\/portalurbano\/\",\"logo\":{\"@type\":\"ImageObject\",\"inLanguage\":\"es\",\"@id\":\"https:\/\/experienciadevida.com.ar\/portalurbano\/#\/schema\/logo\/image\/\",\"url\":\"https:\/\/experienciadevida.com.ar\/portalurbano\/wp-content\/uploads\/2019\/09\/Logo-Original.png\",\"contentUrl\":\"https:\/\/experienciadevida.com.ar\/portalurbano\/wp-content\/uploads\/2019\/09\/Logo-Original.png\",\"width\":2236,\"height\":1216,\"caption\":\"Portal Urbano\"},\"image\":{\"@id\":\"https:\/\/experienciadevida.com.ar\/portalurbano\/#\/schema\/logo\/image\/\"},\"sameAs\":[\"https:\/\/www.facebook.com\/Portal-Urbano-171542830093757\/\",\"https:\/\/twitter.com\/portalurbanook\",\"https:\/\/www.instagram.com\/_portalurbano\/\",\"https:\/\/www.youtube.com\/channel\/UCXhagIfszH8KxFiOok79zbA?view_as=subscriber\"]},{\"@type\":\"Person\",\"@id\":\"https:\/\/experienciadevida.com.ar\/portalurbano\/#\/schema\/person\/02dd326b1c4b056e9cc972486934a3a7\",\"name\":\"admpu17wp\",\"image\":{\"@type\":\"ImageObject\",\"inLanguage\":\"es\",\"@id\":\"https:\/\/experienciadevida.com.ar\/portalurbano\/#\/schema\/person\/image\/\",\"url\":\"https:\/\/secure.gravatar.com\/avatar\/830d4c57adaae6630765e449a6908047?s=96&d=mm&r=g\",\"contentUrl\":\"https:\/\/secure.gravatar.com\/avatar\/830d4c57adaae6630765e449a6908047?s=96&d=mm&r=g\",\"caption\":\"admpu17wp\"}}]}<\/script>\n<!-- \/ Yoast SEO plugin. -->","yoast_head_json":{"title":"Se conmemor\u00f3 el 211\u00b0 aniversario de la revoluci\u00f3n de mayo","description":"Se conmemor\u00f3 el 211\u00b0 Aniversario de la Revoluci\u00f3n de Mayo, fue en la ma\u00f1ana de este martes el intendente Ezequiel Galli particip\u00f3 del acto.","robots":{"index":"index","follow":"follow","max-snippet":"max-snippet:-1","max-image-preview":"max-image-preview:large","max-video-preview":"max-video-preview:-1"},"canonical":"https:\/\/experienciadevida.com.ar\/portalurbano\/se-conmemoro-el-211-aniversario-de-la-revolucion-de-mayo\/","og_locale":"es_ES","og_type":"article","og_title":"Se conmemor\u00f3 el 211\u00b0 aniversario de la revoluci\u00f3n de mayo","og_description":"Se conmemor\u00f3 el 211\u00b0 Aniversario de la Revoluci\u00f3n de Mayo, fue en la ma\u00f1ana de este martes el intendente Ezequiel Galli particip\u00f3 del acto.","og_url":"https:\/\/experienciadevida.com.ar\/portalurbano\/se-conmemoro-el-211-aniversario-de-la-revolucion-de-mayo\/","article_publisher":"https:\/\/www.facebook.com\/Portal-Urbano-171542830093757\/","article_published_time":"2021-05-25T13:34:19+00:00","article_modified_time":"2021-05-25T13:36:32+00:00","og_image":[{"width":2560,"height":1711,"url":"https:\/\/experienciadevida.com.ar\/portalurbano\/wp-content\/uploads\/2021\/05\/Se-conmemoro-el-211\u00b0.jpg","type":"image\/jpeg"}],"author":"admpu17wp","twitter_card":"summary_large_image","twitter_creator":"@portalurbanook","twitter_site":"@portalurbanook","twitter_misc":{"Escrito por":"admpu17wp","Tiempo de lectura":"1 minuto"},"schema":{"@context":"https:\/\/schema.org","@graph":[{"@type":"Article","@id":"https:\/\/experienciadevida.com.ar\/portalurbano\/se-conmemoro-el-211-aniversario-de-la-revolucion-de-mayo\/#article","isPartOf":{"@id":"https:\/\/experienciadevida.com.ar\/portalurbano\/se-conmemoro-el-211-aniversario-de-la-revolucion-de-mayo\/"},"author":{"name":"admpu17wp","@id":"https:\/\/experienciadevida.com.ar\/portalurbano\/#\/schema\/person\/02dd326b1c4b056e9cc972486934a3a7"},"headline":"Se conmemor\u00f3 el 211\u00b0 Aniversario de la Revoluci\u00f3n de Mayo","datePublished":"2021-05-25T13:34:19+00:00","dateModified":"2021-05-25T13:36:32+00:00","mainEntityOfPage":{"@id":"https:\/\/experienciadevida.com.ar\/portalurbano\/se-conmemoro-el-211-aniversario-de-la-revolucion-de-mayo\/"},"wordCount":152,"publisher":{"@id":"https:\/\/experienciadevida.com.ar\/portalurbano\/#organization"},"articleSection":["Ciudad","Destacadas"],"inLanguage":"es"},{"@type":"WebPage","@id":"https:\/\/experienciadevida.com.ar\/portalurbano\/se-conmemoro-el-211-aniversario-de-la-revolucion-de-mayo\/","url":"https:\/\/experienciadevida.com.ar\/portalurbano\/se-conmemoro-el-211-aniversario-de-la-revolucion-de-mayo\/","name":"Se conmemor\u00f3 el 211\u00b0 aniversario de la revoluci\u00f3n de mayo","isPartOf":{"@id":"https:\/\/experienciadevida.com.ar\/portalurbano\/#website"},"datePublished":"2021-05-25T13:34:19+00:00","dateModified":"2021-05-25T13:36:32+00:00","description":"Se conmemor\u00f3 el 211\u00b0 Aniversario de la Revoluci\u00f3n de Mayo, fue en la ma\u00f1ana de este martes el intendente Ezequiel Galli particip\u00f3 del acto.","breadcrumb":{"@id":"https:\/\/experienciadevida.com.ar\/portalurbano\/se-conmemoro-el-211-aniversario-de-la-revolucion-de-mayo\/#breadcrumb"},"inLanguage":"es","potentialAction":[{"@type":"ReadAction","target":["https:\/\/experienciadevida.com.ar\/portalurbano\/se-conmemoro-el-211-aniversario-de-la-revolucion-de-mayo\/"]}]},{"@type":"BreadcrumbList","@id":"https:\/\/experienciadevida.com.ar\/portalurbano\/se-conmemoro-el-211-aniversario-de-la-revolucion-de-mayo\/#breadcrumb","itemListElement":[{"@type":"ListItem","position":1,"name":"Portada","item":"https:\/\/experienciadevida.com.ar\/portalurbano\/"},{"@type":"ListItem","position":2,"name":"Se conmemor\u00f3 el 211\u00b0 Aniversario de la Revoluci\u00f3n de Mayo"}]},{"@type":"WebSite","@id":"https:\/\/experienciadevida.com.ar\/portalurbano\/#website","url":"https:\/\/experienciadevida.com.ar\/portalurbano\/","name":"","description":"","publisher":{"@id":"https:\/\/experienciadevida.com.ar\/portalurbano\/#organization"},"potentialAction":[{"@type":"SearchAction","target":{"@type":"EntryPoint","urlTemplate":"https:\/\/experienciadevida.com.ar\/portalurbano\/?s={search_term_string}"},"query-input":"required name=search_term_string"}],"inLanguage":"es"},{"@type":"Organization","@id":"https:\/\/experienciadevida.com.ar\/portalurbano\/#organization","name":"Portal Urbano","url":"https:\/\/experienciadevida.com.ar\/portalurbano\/","logo":{"@type":"ImageObject","inLanguage":"es","@id":"https:\/\/experienciadevida.com.ar\/portalurbano\/#\/schema\/logo\/image\/","url":"https:\/\/experienciadevida.com.ar\/portalurbano\/wp-content\/uploads\/2019\/09\/Logo-Original.png","contentUrl":"https:\/\/experienciadevida.com.ar\/portalurbano\/wp-content\/uploads\/2019\/09\/Logo-Original.png","width":2236,"height":1216,"caption":"Portal Urbano"},"image":{"@id":"https:\/\/experienciadevida.com.ar\/portalurbano\/#\/schema\/logo\/image\/"},"sameAs":["https:\/\/www.facebook.com\/Portal-Urbano-171542830093757\/","https:\/\/twitter.com\/portalurbanook","https:\/\/www.instagram.com\/_portalurbano\/","https:\/\/www.youtube.com\/channel\/UCXhagIfszH8KxFiOok79zbA?view_as=subscriber"]},{"@type":"Person","@id":"https:\/\/experienciadevida.com.ar\/portalurbano\/#\/schema\/person\/02dd326b1c4b056e9cc972486934a3a7","name":"admpu17wp","image":{"@type":"ImageObject","inLanguage":"es","@id":"https:\/\/experienciadevida.com.ar\/portalurbano\/#\/schema\/person\/image\/","url":"https:\/\/secure.gravatar.com\/avatar\/830d4c57adaae6630765e449a6908047?s=96&d=mm&r=g","contentUrl":"https:\/\/secure.gravatar.com\/avatar\/830d4c57adaae6630765e449a6908047?s=96&d=mm&r=g","caption":"admpu17wp"}}]}},"featured_image_urls":{"full":["https:\/\/experienciadevida.com.ar\/portalurbano\/wp-content\/uploads\/2021\/05\/Se-conmemoro-el-211\u00b0.jpg",2560,1711,false],"thumbnail":["https:\/\/experienciadevida.com.ar\/portalurbano\/wp-content\/uploads\/2021\/05\/Se-conmemoro-el-211\u00b0-150x150.jpg",150,150,true],"medium":["https:\/\/experienciadevida.com.ar\/portalurbano\/wp-content\/uploads\/2021\/05\/Se-conmemoro-el-211\u00b0-300x201.jpg",300,201,true],"medium_large":["https:\/\/experienciadevida.com.ar\/portalurbano\/wp-content\/uploads\/2021\/05\/Se-conmemoro-el-211\u00b0-768x513.jpg",640,428,true],"large":["https:\/\/experienciadevida.com.ar\/portalurbano\/wp-content\/uploads\/2021\/05\/Se-conmemoro-el-211\u00b0-1024x684.jpg",640,428,true],"ug_big":["https:\/\/experienciadevida.com.ar\/portalurbano\/wp-content\/uploads\/2021\/05\/Se-conmemoro-el-211\u00b0-768x513.jpg",768,513,true],"1536x1536":["https:\/\/experienciadevida.com.ar\/portalurbano\/wp-content\/uploads\/2021\/05\/Se-conmemoro-el-211\u00b0-1536x1027.jpg",1536,1027,true],"2048x2048":["https:\/\/experienciadevida.com.ar\/portalurbano\/wp-content\/uploads\/2021\/05\/Se-conmemoro-el-211\u00b0-2048x1369.jpg",2048,1369,true],"newsever-slider-full":["https:\/\/experienciadevida.com.ar\/portalurbano\/wp-content\/uploads\/2021\/05\/Se-conmemoro-el-211\u00b0.jpg",1264,845,false],"newsever-featured":["https:\/\/experienciadevida.com.ar\/portalurbano\/wp-content\/uploads\/2021\/05\/Se-conmemoro-el-211\u00b0.jpg",1024,684,false],"newsever-medium":["https:\/\/experienciadevida.com.ar\/portalurbano\/wp-content\/uploads\/2021\/05\/Se-conmemoro-el-211\u00b0.jpg",711,475,false],"web-stories-poster-portrait":["https:\/\/experienciadevida.com.ar\/portalurbano\/wp-content\/uploads\/2021\/05\/Se-conmemoro-el-211\u00b0.jpg",640,428,false],"web-stories-publisher-logo":["https:\/\/experienciadevida.com.ar\/portalurbano\/wp-content\/uploads\/2021\/05\/Se-conmemoro-el-211\u00b0.jpg",96,64,false],"web-stories-thumbnail":["https:\/\/experienciadevida.com.ar\/portalurbano\/wp-content\/uploads\/2021\/05\/Se-conmemoro-el-211\u00b0.jpg",150,100,false]},"author_info":{"display_name":"admpu17wp","author_link":"https:\/\/experienciadevida.com.ar\/portalurbano\/author\/admpu17wp\/"},"category_info":"<a href=\"https:\/\/experienciadevida.com.ar\/portalurbano\/category\/ciudad\/\" rel=\"category tag\">Ciudad<\/a> <a href=\"https:\/\/experienciadevida.com.ar\/portalurbano\/category\/destacadas\/\" rel=\"category tag\">Destacadas<\/a>","tag_info":"Destacadas","comment_count":"0","amp_enabled":true,"_links":{"self":[{"href":"https:\/\/experienciadevida.com.ar\/portalurbano\/wp-json\/wp\/v2\/posts\/143664"}],"collection":[{"href":"https:\/\/experienciadevida.com.ar\/portalurbano\/wp-json\/wp\/v2\/posts"}],"about":[{"href":"https:\/\/experienciadevida.com.ar\/portalurbano\/wp-json\/wp\/v2\/types\/post"}],"author":[{"embeddable":true,"href":"https:\/\/experienciadevida.com.ar\/portalurbano\/wp-json\/wp\/v2\/users\/1"}],"replies":[{"embeddable":true,"href":"https:\/\/experienciadevida.com.ar\/portalurbano\/wp-json\/wp\/v2\/comments?post=143664"}],"version-history":[{"count":3,"href":"https:\/\/experienciadevida.com.ar\/portalurbano\/wp-json\/wp\/v2\/posts\/143664\/revisions"}],"predecessor-version":[{"id":143669,"href":"https:\/\/experienciadevida.com.ar\/portalurbano\/wp-json\/wp\/v2\/posts\/143664\/revisions\/143669"}],"wp:featuredmedia":[{"embeddable":true,"href":"https:\/\/experienciadevida.com.ar\/portalurbano\/wp-json\/wp\/v2\/media\/143665"}],"wp:attachment":[{"href":"https:\/\/experienciadevida.com.ar\/portalurbano\/wp-json\/wp\/v2\/media?parent=143664"}],"wp:term":[{"taxonomy":"category","embeddable":true,"href":"https:\/\/experienciadevida.com.ar\/portalurbano\/wp-json\/wp\/v2\/categories?post=143664"},{"taxonomy":"post_tag","embeddable":true,"href":"https:\/\/experienciadevida.com.ar\/portalurbano\/wp-json\/wp\/v2\/tags?post=143664"}],"curies":[{"name":"wp","href":"https:\/\/api.w.org\/{rel}","templated":true}]}}