{"id":143539,"date":"2021-05-23T11:24:32","date_gmt":"2021-05-23T14:24:32","guid":{"rendered":"https:\/\/experienciadevida.com.ar\/portalurbano\/?p=143539"},"modified":"2021-05-23T12:05:37","modified_gmt":"2021-05-23T15:05:37","slug":"bajo-la-lluvia-mas-de-dos-horas-ya-mas-de-mil-horas","status":"publish","type":"post","link":"https:\/\/experienciadevida.com.ar\/portalurbano\/bajo-la-lluvia-mas-de-dos-horas-ya-mas-de-mil-horas\/","title":{"rendered":"Bajo la lluvia mas de dos horas, ya mas de mil horas"},"content":{"rendered":"<p>Mil Horas. Casi al final de la planta urbana, llevan apostadas varias familias que sue\u00f1an materializar el anhelo de la casa propia.<\/p>\n<p>Llegando a la \u00faltima cuadra trazada en el barrio \u201c30 de abril\u201d, popularmente conocido como \u201cLourdes\u201d, o \u201cEscuela 6\u201d, se emplazaron sobre el piso de tierra algunas carpas, habitadas por familias enlazadas por el mismo com\u00fan denominador, acceder a las tierras ociosas del Estado para en ellas, tener un terreno donde levantar su casa, y as\u00ed, renunciar al pago de un alquiler oneroso, por un lugar que nunca les pertenecer\u00e1, dejar de vivir en situaci\u00f3n de hacinamiento, del marchar de un lado a otro de mujeres solas con sus ni\u00f1eces, que en algunos casos, han padecido violencia de g\u00e9nero, o el desalojo por atrasos en pagos de alquileres, entre otras<br \/>\nhistorias.<\/p>\n<p>Pocos hemos querido ayudar, y estar all\u00ed, para dar nuestras manos, tiempos y compartir sugerencias y experiencias en situaciones similares que se est\u00e1n dando en todo el pa\u00eds, producto del continuo proceso de crisis laboral y econ\u00f3mico donde el arribo de la pandemia recrudeci\u00f3 el poder adquisitivo de los sectores populares que, para percibir ingresos diarios, deben salir a trabajar, sino ese d\u00eda no hay plata en sus bolsillos, una hecho inentendible e inexplicable para aquellos que creen resolver esa situaci\u00f3n con la entrega de una bolsa mensual de mercader\u00eda con no superan los 10 productos, personajes ap\u00e1ticos que abundan en cargos pol\u00edticos locales, pero tambi\u00e9n los encontramos en los estamentos provinciales y nacionales, quienes en su mayor\u00eda, despu\u00e9s de m\u00e1s mil horas, no se han acercado para conocer cada realidad, he aqu\u00ed, que la patria ya no es el otro.<\/p>\n<p>Por m\u00e1s de mil horas se han calefaccionado mientras las cubiertas ard\u00edan, luego de esto, la noche se vuelve fresca, permanecieron aun, cuando se les presentaron fuertes lluvias, y entre climas adversos, se han repartido la<br \/>\npermanencia para estar presentes en \u201csu lugar\u201d, para preservar la porci\u00f3n de tierra so\u00f1ada, enmarcada por troncos, alambre e hilo, donde pretenden abrir los cimientos que sostengan una casa para el resto de su vida cobijando all\u00ed, a toda la familia, ese deseo les da las fuerzas por las que a\u00fan hoy prevalecen, pese al agotamiento f\u00edsico y mental que es al cual apelan los estamentos gubernamentales, para que solos se retiren del lugar, sin haber cumplido con los pedidos realizables y razonables propuestos para estas familias, y as\u00ed, salir ilesos pol\u00edticamente de no concretar un<br \/>\ndesalojo, que podr\u00eda ser, por la fuerza.<\/p>\n<p>La apat\u00eda del poder pol\u00edtico, la desatenci\u00f3n del mismo, y la especulaci\u00f3n por intentar percibir cu\u00e1ndo puede ser la ocasi\u00f3n apropiada para brindar ayudas, y que \u00e9stas les sean \u00fatil pol\u00edticamente, es lo que ha burocratizado<br \/>\ny pausado en el tiempo una respuesta favorable en resoluci\u00f3n de las peticiones que antes se dieron en forma individual, las cuales ahora los encuentra incentivados por la desesperaci\u00f3n de su realidad, buscando resolver un problema donde los distintos gobiernos no tiene la intenci\u00f3n pol\u00edtica de dar soluciones, salvo al momento de apropiarse de recursos p\u00fablicos que luego distribuye como m\u00e9todo clientelar, y se ve el desenlace en, por ejemplo, un d\u00e9ficit en campa\u00f1a electoral de m\u00e1s de 350 millones, a\u00fan, inexplicable, silencio mediante de la \u201coposici\u00f3n\u201d, y otro detonante visible, este pedido de tierras fiscales, cuando el gobierno municipal adujo no poseer.<\/p>\n<p>Mientras nuestra perspectiva se lee, se les suma tiempo a las m\u00e1s de mil horas de permanencia de familias en tierras que les est\u00e1n siendo negadas por el gobierno municipal, provincial y nacional, y el ninguneo colectivo de todos los representantes del Estado de las distintas gobernaciones.<\/p>\n<p>\u00bfD\u00f3nde est\u00e1n las organizaciones de derechos humanos? \u00bfEl centro de acceso a la justicia? \u00bfReferentas de \u00e1reas de violencia de g\u00e9nero? \u00bfLa y el diputado de Olavarr\u00eda? Entre\u00a0otr@s\u00a0vari@s\u00a0que sortearon estos dif\u00edciles climas en la<br \/>\ncomodidad de sus propiedades.<\/p>\n<p>Interpelamos a los empleados p\u00fablicos que ostentan cargos pol\u00edticos, personas f\u00edsicas con nombre y apellido, a que le presten atenci\u00f3n a esta demanda de m\u00e1s mil horas, y dejen de mirar a un costado, al pasado, tirar la pelota para adelante, solo para desligarse de la responsabilidad cuya funci\u00f3n les encomienda, deslig\u00e1ndose as\u00ed de culpa y cargo por sus incompetencias e inacciones cometidas.<\/p>\n<p>El acceso a la tierra y a la vivienda digna es un derecho constitucional que se nos confiere en calidad de ciudadanos, y debe ser el Estado, garante de propiciar los recursos necesarios para garantizar el pleno cumplimiento<br \/>\ndel mismo.<\/p>\n<p>Olavarr\u00eda es parte de la provincia de Buenos Aires, por lo tanto, estamos amparados por la ley Pcial. N\u00ba 14.449 la cual establece que, \u201ctodos los ciudadanos tenemos derecho a un terreno propio (\u2026)\u201d.<\/p>\n<p>\u00bfQui\u00e9nes deben bregar por nuestros derechos, si siendo parte del Estado ustedes no lo hacen?<\/p>\n<p>\u00bfCu\u00e1ntas horas m\u00e1s deben sumar para acceder a un terreno? \u00bfPor qu\u00e9 hay tierras para sindicatos y privados y no las hay para el pueblo? TIERRA PARA VIVIR es el sue\u00f1o de muchos, donde unos pocos acostumbran a ser parte de esta lucha, el resto, resignados, abonan un alquiler, reclamando en silencio, entre paredes de plastico.<\/p>\n","protected":false},"excerpt":{"rendered":"<p>Mil Horas. Casi al final de la planta urbana, llevan apostadas varias familias que sue\u00f1an&#8230;<\/p>\n","protected":false},"author":1,"featured_media":143540,"comment_status":"closed","ping_status":"closed","sticky":false,"template":"","format":"standard","meta":{"content-type":""},"categories":[27,64],"tags":[636],"nelio_content":{"isAutoShareEnabled":false,"autoShareEndMode":"default","automationSources":{"useContentSentences":true,"useSocialTemplates":true,"useCustomSentences":false,"customSentences":[]},"followers":[1],"suggestedReferences":[],"includedReferences":[],"efiUrl":"","efiAlt":"","highlights":[]},"yoast_head":"<!-- This site is optimized with the Yoast SEO plugin v20.7 - https:\/\/yoast.com\/wordpress\/plugins\/seo\/ -->\n<title>Bajo la lluvia mas de dos horas, ya mas de mil horas<\/title>\n<meta name=\"description\" content=\"mil horas. Casi al final de la planta urbana, llevan apostadas varias familias que sue\u00f1an materializar el anhelo de la casa propia.\" \/>\n<meta name=\"robots\" content=\"index, follow, max-snippet:-1, max-image-preview:large, max-video-preview:-1\" \/>\n<link rel=\"canonical\" href=\"https:\/\/experienciadevida.com.ar\/portalurbano\/bajo-la-lluvia-mas-de-dos-horas-ya-mas-de-mil-horas\/\" \/>\n<meta property=\"og:locale\" content=\"es_ES\" \/>\n<meta property=\"og:type\" content=\"article\" \/>\n<meta property=\"og:title\" content=\"Bajo la lluvia mas de dos horas, ya mas de mil horas\" \/>\n<meta property=\"og:description\" content=\"mil horas. Casi al final de la planta urbana, llevan apostadas varias familias que sue\u00f1an materializar el anhelo de la casa propia.\" \/>\n<meta property=\"og:url\" content=\"https:\/\/experienciadevida.com.ar\/portalurbano\/bajo-la-lluvia-mas-de-dos-horas-ya-mas-de-mil-horas\/\" \/>\n<meta property=\"article:publisher\" content=\"https:\/\/www.facebook.com\/Portal-Urbano-171542830093757\/\" \/>\n<meta property=\"article:published_time\" content=\"2021-05-23T14:24:32+00:00\" \/>\n<meta property=\"article:modified_time\" content=\"2021-05-23T15:05:37+00:00\" \/>\n<meta property=\"og:image\" content=\"https:\/\/experienciadevida.com.ar\/portalurbano\/wp-content\/uploads\/2021\/05\/vecin@s-presentes-en-el-predio-de-Bo-Lourdes-e1621779845856.jpg\" \/>\n\t<meta property=\"og:image:width\" content=\"800\" \/>\n\t<meta property=\"og:image:height\" content=\"358\" \/>\n\t<meta property=\"og:image:type\" content=\"image\/jpeg\" \/>\n<meta name=\"author\" content=\"admpu17wp\" \/>\n<meta name=\"twitter:card\" content=\"summary_large_image\" \/>\n<meta name=\"twitter:creator\" content=\"@portalurbanook\" \/>\n<meta name=\"twitter:site\" content=\"@portalurbanook\" \/>\n<meta name=\"twitter:label1\" content=\"Escrito por\" \/>\n\t<meta name=\"twitter:data1\" content=\"admpu17wp\" \/>\n\t<meta name=\"twitter:label2\" content=\"Tiempo de lectura\" \/>\n\t<meta name=\"twitter:data2\" content=\"4 minutos\" \/>\n<script type=\"application\/ld+json\" class=\"yoast-schema-graph\">{\"@context\":\"https:\/\/schema.org\",\"@graph\":[{\"@type\":\"Article\",\"@id\":\"https:\/\/experienciadevida.com.ar\/portalurbano\/bajo-la-lluvia-mas-de-dos-horas-ya-mas-de-mil-horas\/#article\",\"isPartOf\":{\"@id\":\"https:\/\/experienciadevida.com.ar\/portalurbano\/bajo-la-lluvia-mas-de-dos-horas-ya-mas-de-mil-horas\/\"},\"author\":{\"name\":\"admpu17wp\",\"@id\":\"https:\/\/experienciadevida.com.ar\/portalurbano\/#\/schema\/person\/02dd326b1c4b056e9cc972486934a3a7\"},\"headline\":\"Bajo la lluvia mas de dos horas, ya mas de mil horas\",\"datePublished\":\"2021-05-23T14:24:32+00:00\",\"dateModified\":\"2021-05-23T15:05:37+00:00\",\"mainEntityOfPage\":{\"@id\":\"https:\/\/experienciadevida.com.ar\/portalurbano\/bajo-la-lluvia-mas-de-dos-horas-ya-mas-de-mil-horas\/\"},\"wordCount\":918,\"publisher\":{\"@id\":\"https:\/\/experienciadevida.com.ar\/portalurbano\/#organization\"},\"keywords\":[\"mil horas\"],\"articleSection\":[\"Ciudad\",\"Destacadas 2\"],\"inLanguage\":\"es\"},{\"@type\":\"WebPage\",\"@id\":\"https:\/\/experienciadevida.com.ar\/portalurbano\/bajo-la-lluvia-mas-de-dos-horas-ya-mas-de-mil-horas\/\",\"url\":\"https:\/\/experienciadevida.com.ar\/portalurbano\/bajo-la-lluvia-mas-de-dos-horas-ya-mas-de-mil-horas\/\",\"name\":\"Bajo la lluvia mas de dos horas, ya mas de mil horas\",\"isPartOf\":{\"@id\":\"https:\/\/experienciadevida.com.ar\/portalurbano\/#website\"},\"datePublished\":\"2021-05-23T14:24:32+00:00\",\"dateModified\":\"2021-05-23T15:05:37+00:00\",\"description\":\"mil horas. Casi al final de la planta urbana, llevan apostadas varias familias que sue\u00f1an materializar el anhelo de la casa propia.\",\"breadcrumb\":{\"@id\":\"https:\/\/experienciadevida.com.ar\/portalurbano\/bajo-la-lluvia-mas-de-dos-horas-ya-mas-de-mil-horas\/#breadcrumb\"},\"inLanguage\":\"es\",\"potentialAction\":[{\"@type\":\"ReadAction\",\"target\":[\"https:\/\/experienciadevida.com.ar\/portalurbano\/bajo-la-lluvia-mas-de-dos-horas-ya-mas-de-mil-horas\/\"]}]},{\"@type\":\"BreadcrumbList\",\"@id\":\"https:\/\/experienciadevida.com.ar\/portalurbano\/bajo-la-lluvia-mas-de-dos-horas-ya-mas-de-mil-horas\/#breadcrumb\",\"itemListElement\":[{\"@type\":\"ListItem\",\"position\":1,\"name\":\"Portada\",\"item\":\"https:\/\/experienciadevida.com.ar\/portalurbano\/\"},{\"@type\":\"ListItem\",\"position\":2,\"name\":\"Bajo la lluvia mas de dos horas, ya mas de mil horas\"}]},{\"@type\":\"WebSite\",\"@id\":\"https:\/\/experienciadevida.com.ar\/portalurbano\/#website\",\"url\":\"https:\/\/experienciadevida.com.ar\/portalurbano\/\",\"name\":\"\",\"description\":\"\",\"publisher\":{\"@id\":\"https:\/\/experienciadevida.com.ar\/portalurbano\/#organization\"},\"potentialAction\":[{\"@type\":\"SearchAction\",\"target\":{\"@type\":\"EntryPoint\",\"urlTemplate\":\"https:\/\/experienciadevida.com.ar\/portalurbano\/?s={search_term_string}\"},\"query-input\":\"required name=search_term_string\"}],\"inLanguage\":\"es\"},{\"@type\":\"Organization\",\"@id\":\"https:\/\/experienciadevida.com.ar\/portalurbano\/#organization\",\"name\":\"Portal Urbano\",\"url\":\"https:\/\/experienciadevida.com.ar\/portalurbano\/\",\"logo\":{\"@type\":\"ImageObject\",\"inLanguage\":\"es\",\"@id\":\"https:\/\/experienciadevida.com.ar\/portalurbano\/#\/schema\/logo\/image\/\",\"url\":\"https:\/\/experienciadevida.com.ar\/portalurbano\/wp-content\/uploads\/2019\/09\/Logo-Original.png\",\"contentUrl\":\"https:\/\/experienciadevida.com.ar\/portalurbano\/wp-content\/uploads\/2019\/09\/Logo-Original.png\",\"width\":2236,\"height\":1216,\"caption\":\"Portal Urbano\"},\"image\":{\"@id\":\"https:\/\/experienciadevida.com.ar\/portalurbano\/#\/schema\/logo\/image\/\"},\"sameAs\":[\"https:\/\/www.facebook.com\/Portal-Urbano-171542830093757\/\",\"https:\/\/twitter.com\/portalurbanook\",\"https:\/\/www.instagram.com\/_portalurbano\/\",\"https:\/\/www.youtube.com\/channel\/UCXhagIfszH8KxFiOok79zbA?view_as=subscriber\"]},{\"@type\":\"Person\",\"@id\":\"https:\/\/experienciadevida.com.ar\/portalurbano\/#\/schema\/person\/02dd326b1c4b056e9cc972486934a3a7\",\"name\":\"admpu17wp\",\"image\":{\"@type\":\"ImageObject\",\"inLanguage\":\"es\",\"@id\":\"https:\/\/experienciadevida.com.ar\/portalurbano\/#\/schema\/person\/image\/\",\"url\":\"https:\/\/secure.gravatar.com\/avatar\/830d4c57adaae6630765e449a6908047?s=96&d=mm&r=g\",\"contentUrl\":\"https:\/\/secure.gravatar.com\/avatar\/830d4c57adaae6630765e449a6908047?s=96&d=mm&r=g\",\"caption\":\"admpu17wp\"}}]}<\/script>\n<!-- \/ Yoast SEO plugin. -->","yoast_head_json":{"title":"Bajo la lluvia mas de dos horas, ya mas de mil horas","description":"mil horas. Casi al final de la planta urbana, llevan apostadas varias familias que sue\u00f1an materializar el anhelo de la casa propia.","robots":{"index":"index","follow":"follow","max-snippet":"max-snippet:-1","max-image-preview":"max-image-preview:large","max-video-preview":"max-video-preview:-1"},"canonical":"https:\/\/experienciadevida.com.ar\/portalurbano\/bajo-la-lluvia-mas-de-dos-horas-ya-mas-de-mil-horas\/","og_locale":"es_ES","og_type":"article","og_title":"Bajo la lluvia mas de dos horas, ya mas de mil horas","og_description":"mil horas. Casi al final de la planta urbana, llevan apostadas varias familias que sue\u00f1an materializar el anhelo de la casa propia.","og_url":"https:\/\/experienciadevida.com.ar\/portalurbano\/bajo-la-lluvia-mas-de-dos-horas-ya-mas-de-mil-horas\/","article_publisher":"https:\/\/www.facebook.com\/Portal-Urbano-171542830093757\/","article_published_time":"2021-05-23T14:24:32+00:00","article_modified_time":"2021-05-23T15:05:37+00:00","og_image":[{"width":800,"height":358,"url":"https:\/\/experienciadevida.com.ar\/portalurbano\/wp-content\/uploads\/2021\/05\/vecin@s-presentes-en-el-predio-de-Bo-Lourdes-e1621779845856.jpg","type":"image\/jpeg"}],"author":"admpu17wp","twitter_card":"summary_large_image","twitter_creator":"@portalurbanook","twitter_site":"@portalurbanook","twitter_misc":{"Escrito por":"admpu17wp","Tiempo de lectura":"4 minutos"},"schema":{"@context":"https:\/\/schema.org","@graph":[{"@type":"Article","@id":"https:\/\/experienciadevida.com.ar\/portalurbano\/bajo-la-lluvia-mas-de-dos-horas-ya-mas-de-mil-horas\/#article","isPartOf":{"@id":"https:\/\/experienciadevida.com.ar\/portalurbano\/bajo-la-lluvia-mas-de-dos-horas-ya-mas-de-mil-horas\/"},"author":{"name":"admpu17wp","@id":"https:\/\/experienciadevida.com.ar\/portalurbano\/#\/schema\/person\/02dd326b1c4b056e9cc972486934a3a7"},"headline":"Bajo la lluvia mas de dos horas, ya mas de mil horas","datePublished":"2021-05-23T14:24:32+00:00","dateModified":"2021-05-23T15:05:37+00:00","mainEntityOfPage":{"@id":"https:\/\/experienciadevida.com.ar\/portalurbano\/bajo-la-lluvia-mas-de-dos-horas-ya-mas-de-mil-horas\/"},"wordCount":918,"publisher":{"@id":"https:\/\/experienciadevida.com.ar\/portalurbano\/#organization"},"keywords":["mil horas"],"articleSection":["Ciudad","Destacadas 2"],"inLanguage":"es"},{"@type":"WebPage","@id":"https:\/\/experienciadevida.com.ar\/portalurbano\/bajo-la-lluvia-mas-de-dos-horas-ya-mas-de-mil-horas\/","url":"https:\/\/experienciadevida.com.ar\/portalurbano\/bajo-la-lluvia-mas-de-dos-horas-ya-mas-de-mil-horas\/","name":"Bajo la lluvia mas de dos horas, ya mas de mil horas","isPartOf":{"@id":"https:\/\/experienciadevida.com.ar\/portalurbano\/#website"},"datePublished":"2021-05-23T14:24:32+00:00","dateModified":"2021-05-23T15:05:37+00:00","description":"mil horas. Casi al final de la planta urbana, llevan apostadas varias familias que sue\u00f1an materializar el anhelo de la casa propia.","breadcrumb":{"@id":"https:\/\/experienciadevida.com.ar\/portalurbano\/bajo-la-lluvia-mas-de-dos-horas-ya-mas-de-mil-horas\/#breadcrumb"},"inLanguage":"es","potentialAction":[{"@type":"ReadAction","target":["https:\/\/experienciadevida.com.ar\/portalurbano\/bajo-la-lluvia-mas-de-dos-horas-ya-mas-de-mil-horas\/"]}]},{"@type":"BreadcrumbList","@id":"https:\/\/experienciadevida.com.ar\/portalurbano\/bajo-la-lluvia-mas-de-dos-horas-ya-mas-de-mil-horas\/#breadcrumb","itemListElement":[{"@type":"ListItem","position":1,"name":"Portada","item":"https:\/\/experienciadevida.com.ar\/portalurbano\/"},{"@type":"ListItem","position":2,"name":"Bajo la lluvia mas de dos horas, ya mas de mil horas"}]},{"@type":"WebSite","@id":"https:\/\/experienciadevida.com.ar\/portalurbano\/#website","url":"https:\/\/experienciadevida.com.ar\/portalurbano\/","name":"","description":"","publisher":{"@id":"https:\/\/experienciadevida.com.ar\/portalurbano\/#organization"},"potentialAction":[{"@type":"SearchAction","target":{"@type":"EntryPoint","urlTemplate":"https:\/\/experienciadevida.com.ar\/portalurbano\/?s={search_term_string}"},"query-input":"required name=search_term_string"}],"inLanguage":"es"},{"@type":"Organization","@id":"https:\/\/experienciadevida.com.ar\/portalurbano\/#organization","name":"Portal Urbano","url":"https:\/\/experienciadevida.com.ar\/portalurbano\/","logo":{"@type":"ImageObject","inLanguage":"es","@id":"https:\/\/experienciadevida.com.ar\/portalurbano\/#\/schema\/logo\/image\/","url":"https:\/\/experienciadevida.com.ar\/portalurbano\/wp-content\/uploads\/2019\/09\/Logo-Original.png","contentUrl":"https:\/\/experienciadevida.com.ar\/portalurbano\/wp-content\/uploads\/2019\/09\/Logo-Original.png","width":2236,"height":1216,"caption":"Portal Urbano"},"image":{"@id":"https:\/\/experienciadevida.com.ar\/portalurbano\/#\/schema\/logo\/image\/"},"sameAs":["https:\/\/www.facebook.com\/Portal-Urbano-171542830093757\/","https:\/\/twitter.com\/portalurbanook","https:\/\/www.instagram.com\/_portalurbano\/","https:\/\/www.youtube.com\/channel\/UCXhagIfszH8KxFiOok79zbA?view_as=subscriber"]},{"@type":"Person","@id":"https:\/\/experienciadevida.com.ar\/portalurbano\/#\/schema\/person\/02dd326b1c4b056e9cc972486934a3a7","name":"admpu17wp","image":{"@type":"ImageObject","inLanguage":"es","@id":"https:\/\/experienciadevida.com.ar\/portalurbano\/#\/schema\/person\/image\/","url":"https:\/\/secure.gravatar.com\/avatar\/830d4c57adaae6630765e449a6908047?s=96&d=mm&r=g","contentUrl":"https:\/\/secure.gravatar.com\/avatar\/830d4c57adaae6630765e449a6908047?s=96&d=mm&r=g","caption":"admpu17wp"}}]}},"featured_image_urls":{"full":["https:\/\/experienciadevida.com.ar\/portalurbano\/wp-content\/uploads\/2021\/05\/vecin@s-presentes-en-el-predio-de-Bo-Lourdes-e1621779845856.jpg",800,358,false],"thumbnail":["https:\/\/experienciadevida.com.ar\/portalurbano\/wp-content\/uploads\/2021\/05\/vecin@s-presentes-en-el-predio-de-Bo-Lourdes-150x150.jpg",150,150,true],"medium":["https:\/\/experienciadevida.com.ar\/portalurbano\/wp-content\/uploads\/2021\/05\/vecin@s-presentes-en-el-predio-de-Bo-Lourdes-300x134.jpg",300,134,true],"medium_large":["https:\/\/experienciadevida.com.ar\/portalurbano\/wp-content\/uploads\/2021\/05\/vecin@s-presentes-en-el-predio-de-Bo-Lourdes-768x344.jpg",640,287,true],"large":["https:\/\/experienciadevida.com.ar\/portalurbano\/wp-content\/uploads\/2021\/05\/vecin@s-presentes-en-el-predio-de-Bo-Lourdes-e1621779845856.jpg",640,286,false],"ug_big":["https:\/\/experienciadevida.com.ar\/portalurbano\/wp-content\/uploads\/2021\/05\/vecin@s-presentes-en-el-predio-de-Bo-Lourdes-768x344.jpg",768,344,true],"1536x1536":["https:\/\/experienciadevida.com.ar\/portalurbano\/wp-content\/uploads\/2021\/05\/vecin@s-presentes-en-el-predio-de-Bo-Lourdes-e1621779845856.jpg",800,358,false],"2048x2048":["https:\/\/experienciadevida.com.ar\/portalurbano\/wp-content\/uploads\/2021\/05\/vecin@s-presentes-en-el-predio-de-Bo-Lourdes-e1621779845856.jpg",800,358,false],"newsever-slider-full":["https:\/\/experienciadevida.com.ar\/portalurbano\/wp-content\/uploads\/2021\/05\/vecin@s-presentes-en-el-predio-de-Bo-Lourdes-e1621779845856.jpg",800,358,false],"newsever-featured":["https:\/\/experienciadevida.com.ar\/portalurbano\/wp-content\/uploads\/2021\/05\/vecin@s-presentes-en-el-predio-de-Bo-Lourdes-e1621779845856.jpg",800,358,false],"newsever-medium":["https:\/\/experienciadevida.com.ar\/portalurbano\/wp-content\/uploads\/2021\/05\/vecin@s-presentes-en-el-predio-de-Bo-Lourdes-e1621779845856.jpg",720,322,false],"web-stories-poster-portrait":["https:\/\/experienciadevida.com.ar\/portalurbano\/wp-content\/uploads\/2021\/05\/vecin@s-presentes-en-el-predio-de-Bo-Lourdes-e1621779845856.jpg",640,286,false],"web-stories-publisher-logo":["https:\/\/experienciadevida.com.ar\/portalurbano\/wp-content\/uploads\/2021\/05\/vecin@s-presentes-en-el-predio-de-Bo-Lourdes-e1621779845856.jpg",96,43,false],"web-stories-thumbnail":["https:\/\/experienciadevida.com.ar\/portalurbano\/wp-content\/uploads\/2021\/05\/vecin@s-presentes-en-el-predio-de-Bo-Lourdes-e1621779845856.jpg",150,67,false]},"author_info":{"display_name":"admpu17wp","author_link":"https:\/\/experienciadevida.com.ar\/portalurbano\/author\/admpu17wp\/"},"category_info":"<a href=\"https:\/\/experienciadevida.com.ar\/portalurbano\/category\/ciudad\/\" rel=\"category tag\">Ciudad<\/a> <a href=\"https:\/\/experienciadevida.com.ar\/portalurbano\/category\/destacadas-2\/\" rel=\"category tag\">Destacadas 2<\/a>","tag_info":"Destacadas 2","comment_count":"0","amp_enabled":true,"_links":{"self":[{"href":"https:\/\/experienciadevida.com.ar\/portalurbano\/wp-json\/wp\/v2\/posts\/143539"}],"collection":[{"href":"https:\/\/experienciadevida.com.ar\/portalurbano\/wp-json\/wp\/v2\/posts"}],"about":[{"href":"https:\/\/experienciadevida.com.ar\/portalurbano\/wp-json\/wp\/v2\/types\/post"}],"author":[{"embeddable":true,"href":"https:\/\/experienciadevida.com.ar\/portalurbano\/wp-json\/wp\/v2\/users\/1"}],"replies":[{"embeddable":true,"href":"https:\/\/experienciadevida.com.ar\/portalurbano\/wp-json\/wp\/v2\/comments?post=143539"}],"version-history":[{"count":2,"href":"https:\/\/experienciadevida.com.ar\/portalurbano\/wp-json\/wp\/v2\/posts\/143539\/revisions"}],"predecessor-version":[{"id":143571,"href":"https:\/\/experienciadevida.com.ar\/portalurbano\/wp-json\/wp\/v2\/posts\/143539\/revisions\/143571"}],"wp:featuredmedia":[{"embeddable":true,"href":"https:\/\/experienciadevida.com.ar\/portalurbano\/wp-json\/wp\/v2\/media\/143540"}],"wp:attachment":[{"href":"https:\/\/experienciadevida.com.ar\/portalurbano\/wp-json\/wp\/v2\/media?parent=143539"}],"wp:term":[{"taxonomy":"category","embeddable":true,"href":"https:\/\/experienciadevida.com.ar\/portalurbano\/wp-json\/wp\/v2\/categories?post=143539"},{"taxonomy":"post_tag","embeddable":true,"href":"https:\/\/experienciadevida.com.ar\/portalurbano\/wp-json\/wp\/v2\/tags?post=143539"}],"curies":[{"name":"wp","href":"https:\/\/api.w.org\/{rel}","templated":true}]}}