{"id":143537,"date":"2021-05-23T11:16:50","date_gmt":"2021-05-23T14:16:50","guid":{"rendered":"https:\/\/experienciadevida.com.ar\/portalurbano\/?p=143537"},"modified":"2021-05-23T12:03:37","modified_gmt":"2021-05-23T15:03:37","slug":"la-unica-solucion-es-el-encierro","status":"publish","type":"post","link":"https:\/\/experienciadevida.com.ar\/portalurbano\/la-unica-solucion-es-el-encierro\/","title":{"rendered":"\u00bfLa \u00fanica soluci\u00f3n es el encierro?"},"content":{"rendered":"<p><a href=\"https:\/\/www.facebook.com\/panchogonzalezucr\"><strong>Por Francisco Gonz\u00e1lez<\/strong><\/a><\/p>\n<p>La \u00fanica soluci\u00f3n es el encierro .El jueves pasado se termin\u00f3 de confirmar lo que tanto supon\u00edamos. El Presidente de la Naci\u00f3n nos informaba de que deb\u00edamos confinarnos nuevamente, seg\u00fan asegur\u00f3, por s\u00f3lo nueve d\u00edas. Es l\u00f3gico que luego del 2020 que nos toc\u00f3 atravesar haya quien sospeche que se va a prolongar a\u00fan m\u00e1s. Pero en un principio ser\u00eda por este tiempo.<\/p>\n<p>La situaci\u00f3n sanitaria es compleja en Olavarr\u00eda, incluso mucho m\u00e1s en las ciudades que nos rodean. En eso estamos de acuerdo. Lo que entra en discusi\u00f3n es si estas medidas de cierre no podr\u00edan haberse evitado, con una gesti\u00f3n m\u00e1s seria sin buscar permanentemente obtener r\u00e9ditos pol\u00edticos \u00f3, lo que es a\u00fan peor, sacando ventajas para el c\u00edrculo cercano (amigos y amigas del poder).<\/p>\n<p>Con lo anterior me refiero espec\u00edficamente a una campa\u00f1a de vacunaci\u00f3n plagada de irregularidades, llena de miserias y ego\u00edsmos, trampas y ventajas. Comenzando por los lugares donde se emplazaron los centros de vacunaci\u00f3n, pasando por las campa\u00f1as de publicidad y los ataques personalizados, y llegando hasta quienes se saltaron la fila dejando a personas de riesgo sin su dosis correspondiente (no, no me olvido de las vacunas que se descartaron por una gesti\u00f3n negligente).<\/p>\n<p>En este escenario se generaron mayores y mucho m\u00e1s profundas diferencias. Todo lejos de lo necesario para tender puentes entre los argentinos<\/p>\n<p>Es por esto que se hace dif\u00edcil creer que el Gobierno prioriza la salud. Luego de 14 meses de iniciada la pandemia hemos visto de todo y es por eso que se puede entender el descreimiento existente hacia un Gobierno carente de claridad pero sobre todo que act\u00faa muy lejos de lo que dice. Podemos entender que ning\u00fan dirigente pol\u00edtico estaba preparado para afrontar una situaci\u00f3n semejante, pero luego de un tiempo prudencial volvemos a la misma receta, el encierro, pero con una situaci\u00f3n econ\u00f3mica mucho m\u00e1s delicada que hace un a\u00f1o atr\u00e1s. Sabemos que el \u00fanico plan sanitario efectivo a nivel mundial es el de vacunaci\u00f3n, y en nuestro caso avanza a un ritmo muy lento. Seguramente este encierro se podr\u00eda haber evitado de haberse manejado en forma m\u00e1s eficiente. \u00bfLa \u00fanica soluci\u00f3n es el encierro?<\/p>\n<p>Al mismo tiempo, est\u00e1 clara la ausencia de un plan econ\u00f3mico para enfrentar la crisis que nos atraviesa. Y eso que lo sanitario nos ha vuelto mucho m\u00e1s contemplativos frente al desenfrenado aumento del valor del costo de vida, mientras nuestros ingresos se mantienen al d\u00eda de hoy en n\u00fameros similares a los del inicio de esta pandemia.<\/p>\n<p>Es entonces cuando genera un fuerte rechazo leer gran cantidad de comentarios en redes sociales celebrando la decisi\u00f3n de volver a encerrarnos, romantizando la situaci\u00f3n de que muchos no puedan estar en sus puestos laborales, o creyendo que cada persona tiene un hogar digno y libre de cualquier peligro donde alojarse. \u00bfAcaso nos ponemos en el lugar de quienes apuestan por generar a partir del trabajo y ya no saben c\u00f3mo hacer para sostener su emprendimiento? \u00bfPodemos ver la gran cantidad de argentinos que no cuentan con un lugar donde atravesar en forma segura el aislamiento? \u00bfEntendemos el gran retroceso econ\u00f3mico, educativo, cultural y social que sufrimos durante el 2020 y que sigue creciendo? La respuesta a estas preguntas es no seguir juzgando y agrediendo a quienes m\u00e1s perjudica esta situaci\u00f3n en forma directa.<\/p>\n<p>En resumen, necesitamos que nuestros dirigentes a la hora de hacer anuncios lo hagan en un tono conciliador. No necesitamos que nadie nos rete mientras hace y act\u00faa del mismo modo que dice que no hay que hacerlo. Que puedan ver que para muchas personas estas medidas tienen un costo muy grande y el ataque discursivo no los convencer\u00e1 de lo contrario. Necesitamos dirigentes que construyan consensos reales y no que destruyan la uni\u00f3n nacional. Menos \u00e9picas y m\u00e1s pol\u00edticas para el bien com\u00fan.<\/p>\n<p>*Ex Presidente de la Uni\u00f3n C\u00edvica Radical de Olavarr\u00eda, Convencional Provincial UCR<\/p>\n<p>&nbsp;<\/p>\n","protected":false},"excerpt":{"rendered":"<p>Por Francisco Gonz\u00e1lez La \u00fanica soluci\u00f3n es el encierro .El jueves pasado se termin\u00f3 de&#8230;<\/p>\n","protected":false},"author":1,"featured_media":104707,"comment_status":"closed","ping_status":"closed","sticky":false,"template":"","format":"standard","meta":{"content-type":""},"categories":[51,43],"tags":[635],"nelio_content":{"isAutoShareEnabled":false,"autoShareEndMode":"default","automationSources":{"useContentSentences":true,"useSocialTemplates":true,"useCustomSentences":false,"customSentences":[]},"followers":[1],"suggestedReferences":[],"includedReferences":[],"efiUrl":"","efiAlt":"","highlights":[]},"yoast_head":"<!-- This site is optimized with the Yoast SEO plugin v20.7 - https:\/\/yoast.com\/wordpress\/plugins\/seo\/ -->\n<title>\u00bfLa \u00fanica soluci\u00f3n es el encierro? Columna de opini\u00f3n<\/title>\n<meta name=\"description\" content=\"La \u00fanica soluci\u00f3n es el encierro .El jueves pasado se termin\u00f3 de confirmar lo que tanto supon\u00edamos. El Presidente de la Naci\u00f3n nos informaba\" \/>\n<meta name=\"robots\" content=\"index, follow, max-snippet:-1, max-image-preview:large, max-video-preview:-1\" \/>\n<link rel=\"canonical\" href=\"https:\/\/experienciadevida.com.ar\/portalurbano\/la-unica-solucion-es-el-encierro\/\" \/>\n<meta property=\"og:locale\" content=\"es_ES\" \/>\n<meta property=\"og:type\" content=\"article\" \/>\n<meta property=\"og:title\" content=\"\u00bfLa \u00fanica soluci\u00f3n es el encierro? Columna de opini\u00f3n\" \/>\n<meta property=\"og:description\" content=\"La \u00fanica soluci\u00f3n es el encierro .El jueves pasado se termin\u00f3 de confirmar lo que tanto supon\u00edamos. El Presidente de la Naci\u00f3n nos informaba\" \/>\n<meta property=\"og:url\" content=\"https:\/\/experienciadevida.com.ar\/portalurbano\/la-unica-solucion-es-el-encierro\/\" \/>\n<meta property=\"article:publisher\" content=\"https:\/\/www.facebook.com\/Portal-Urbano-171542830093757\/\" \/>\n<meta property=\"article:published_time\" content=\"2021-05-23T14:16:50+00:00\" \/>\n<meta property=\"article:modified_time\" content=\"2021-05-23T15:03:37+00:00\" \/>\n<meta property=\"og:image\" content=\"https:\/\/experienciadevida.com.ar\/portalurbano\/wp-content\/uploads\/2020\/03\/CUARENTENA12.jpg\" \/>\n\t<meta property=\"og:image:width\" content=\"765\" \/>\n\t<meta property=\"og:image:height\" content=\"510\" \/>\n\t<meta property=\"og:image:type\" content=\"image\/jpeg\" \/>\n<meta name=\"author\" content=\"admpu17wp\" \/>\n<meta name=\"twitter:card\" content=\"summary_large_image\" \/>\n<meta name=\"twitter:creator\" content=\"@portalurbanook\" \/>\n<meta name=\"twitter:site\" content=\"@portalurbanook\" \/>\n<meta name=\"twitter:label1\" content=\"Escrito por\" \/>\n\t<meta name=\"twitter:data1\" content=\"admpu17wp\" \/>\n\t<meta name=\"twitter:label2\" content=\"Tiempo de lectura\" \/>\n\t<meta name=\"twitter:data2\" content=\"3 minutos\" \/>\n<script type=\"application\/ld+json\" class=\"yoast-schema-graph\">{\"@context\":\"https:\/\/schema.org\",\"@graph\":[{\"@type\":\"Article\",\"@id\":\"https:\/\/experienciadevida.com.ar\/portalurbano\/la-unica-solucion-es-el-encierro\/#article\",\"isPartOf\":{\"@id\":\"https:\/\/experienciadevida.com.ar\/portalurbano\/la-unica-solucion-es-el-encierro\/\"},\"author\":{\"name\":\"admpu17wp\",\"@id\":\"https:\/\/experienciadevida.com.ar\/portalurbano\/#\/schema\/person\/02dd326b1c4b056e9cc972486934a3a7\"},\"headline\":\"\u00bfLa \u00fanica soluci\u00f3n es el encierro?\",\"datePublished\":\"2021-05-23T14:16:50+00:00\",\"dateModified\":\"2021-05-23T15:03:37+00:00\",\"mainEntityOfPage\":{\"@id\":\"https:\/\/experienciadevida.com.ar\/portalurbano\/la-unica-solucion-es-el-encierro\/\"},\"wordCount\":718,\"publisher\":{\"@id\":\"https:\/\/experienciadevida.com.ar\/portalurbano\/#organization\"},\"keywords\":[\"La \u00fanica soluci\u00f3n es el encierro\"],\"articleSection\":[\"Destacadas\",\"Pol\u00edtica\"],\"inLanguage\":\"es\"},{\"@type\":\"WebPage\",\"@id\":\"https:\/\/experienciadevida.com.ar\/portalurbano\/la-unica-solucion-es-el-encierro\/\",\"url\":\"https:\/\/experienciadevida.com.ar\/portalurbano\/la-unica-solucion-es-el-encierro\/\",\"name\":\"\u00bfLa \u00fanica soluci\u00f3n es el encierro? Columna de opini\u00f3n\",\"isPartOf\":{\"@id\":\"https:\/\/experienciadevida.com.ar\/portalurbano\/#website\"},\"datePublished\":\"2021-05-23T14:16:50+00:00\",\"dateModified\":\"2021-05-23T15:03:37+00:00\",\"description\":\"La \u00fanica soluci\u00f3n es el encierro .El jueves pasado se termin\u00f3 de confirmar lo que tanto supon\u00edamos. El Presidente de la Naci\u00f3n nos informaba\",\"breadcrumb\":{\"@id\":\"https:\/\/experienciadevida.com.ar\/portalurbano\/la-unica-solucion-es-el-encierro\/#breadcrumb\"},\"inLanguage\":\"es\",\"potentialAction\":[{\"@type\":\"ReadAction\",\"target\":[\"https:\/\/experienciadevida.com.ar\/portalurbano\/la-unica-solucion-es-el-encierro\/\"]}]},{\"@type\":\"BreadcrumbList\",\"@id\":\"https:\/\/experienciadevida.com.ar\/portalurbano\/la-unica-solucion-es-el-encierro\/#breadcrumb\",\"itemListElement\":[{\"@type\":\"ListItem\",\"position\":1,\"name\":\"Portada\",\"item\":\"https:\/\/experienciadevida.com.ar\/portalurbano\/\"},{\"@type\":\"ListItem\",\"position\":2,\"name\":\"\u00bfLa \u00fanica soluci\u00f3n es el encierro?\"}]},{\"@type\":\"WebSite\",\"@id\":\"https:\/\/experienciadevida.com.ar\/portalurbano\/#website\",\"url\":\"https:\/\/experienciadevida.com.ar\/portalurbano\/\",\"name\":\"\",\"description\":\"\",\"publisher\":{\"@id\":\"https:\/\/experienciadevida.com.ar\/portalurbano\/#organization\"},\"potentialAction\":[{\"@type\":\"SearchAction\",\"target\":{\"@type\":\"EntryPoint\",\"urlTemplate\":\"https:\/\/experienciadevida.com.ar\/portalurbano\/?s={search_term_string}\"},\"query-input\":\"required name=search_term_string\"}],\"inLanguage\":\"es\"},{\"@type\":\"Organization\",\"@id\":\"https:\/\/experienciadevida.com.ar\/portalurbano\/#organization\",\"name\":\"Portal Urbano\",\"url\":\"https:\/\/experienciadevida.com.ar\/portalurbano\/\",\"logo\":{\"@type\":\"ImageObject\",\"inLanguage\":\"es\",\"@id\":\"https:\/\/experienciadevida.com.ar\/portalurbano\/#\/schema\/logo\/image\/\",\"url\":\"https:\/\/experienciadevida.com.ar\/portalurbano\/wp-content\/uploads\/2019\/09\/Logo-Original.png\",\"contentUrl\":\"https:\/\/experienciadevida.com.ar\/portalurbano\/wp-content\/uploads\/2019\/09\/Logo-Original.png\",\"width\":2236,\"height\":1216,\"caption\":\"Portal Urbano\"},\"image\":{\"@id\":\"https:\/\/experienciadevida.com.ar\/portalurbano\/#\/schema\/logo\/image\/\"},\"sameAs\":[\"https:\/\/www.facebook.com\/Portal-Urbano-171542830093757\/\",\"https:\/\/twitter.com\/portalurbanook\",\"https:\/\/www.instagram.com\/_portalurbano\/\",\"https:\/\/www.youtube.com\/channel\/UCXhagIfszH8KxFiOok79zbA?view_as=subscriber\"]},{\"@type\":\"Person\",\"@id\":\"https:\/\/experienciadevida.com.ar\/portalurbano\/#\/schema\/person\/02dd326b1c4b056e9cc972486934a3a7\",\"name\":\"admpu17wp\",\"image\":{\"@type\":\"ImageObject\",\"inLanguage\":\"es\",\"@id\":\"https:\/\/experienciadevida.com.ar\/portalurbano\/#\/schema\/person\/image\/\",\"url\":\"https:\/\/secure.gravatar.com\/avatar\/830d4c57adaae6630765e449a6908047?s=96&d=mm&r=g\",\"contentUrl\":\"https:\/\/secure.gravatar.com\/avatar\/830d4c57adaae6630765e449a6908047?s=96&d=mm&r=g\",\"caption\":\"admpu17wp\"}}]}<\/script>\n<!-- \/ Yoast SEO plugin. -->","yoast_head_json":{"title":"\u00bfLa \u00fanica soluci\u00f3n es el encierro? Columna de opini\u00f3n","description":"La \u00fanica soluci\u00f3n es el encierro .El jueves pasado se termin\u00f3 de confirmar lo que tanto supon\u00edamos. El Presidente de la Naci\u00f3n nos informaba","robots":{"index":"index","follow":"follow","max-snippet":"max-snippet:-1","max-image-preview":"max-image-preview:large","max-video-preview":"max-video-preview:-1"},"canonical":"https:\/\/experienciadevida.com.ar\/portalurbano\/la-unica-solucion-es-el-encierro\/","og_locale":"es_ES","og_type":"article","og_title":"\u00bfLa \u00fanica soluci\u00f3n es el encierro? Columna de opini\u00f3n","og_description":"La \u00fanica soluci\u00f3n es el encierro .El jueves pasado se termin\u00f3 de confirmar lo que tanto supon\u00edamos. El Presidente de la Naci\u00f3n nos informaba","og_url":"https:\/\/experienciadevida.com.ar\/portalurbano\/la-unica-solucion-es-el-encierro\/","article_publisher":"https:\/\/www.facebook.com\/Portal-Urbano-171542830093757\/","article_published_time":"2021-05-23T14:16:50+00:00","article_modified_time":"2021-05-23T15:03:37+00:00","og_image":[{"width":765,"height":510,"url":"https:\/\/experienciadevida.com.ar\/portalurbano\/wp-content\/uploads\/2020\/03\/CUARENTENA12.jpg","type":"image\/jpeg"}],"author":"admpu17wp","twitter_card":"summary_large_image","twitter_creator":"@portalurbanook","twitter_site":"@portalurbanook","twitter_misc":{"Escrito por":"admpu17wp","Tiempo de lectura":"3 minutos"},"schema":{"@context":"https:\/\/schema.org","@graph":[{"@type":"Article","@id":"https:\/\/experienciadevida.com.ar\/portalurbano\/la-unica-solucion-es-el-encierro\/#article","isPartOf":{"@id":"https:\/\/experienciadevida.com.ar\/portalurbano\/la-unica-solucion-es-el-encierro\/"},"author":{"name":"admpu17wp","@id":"https:\/\/experienciadevida.com.ar\/portalurbano\/#\/schema\/person\/02dd326b1c4b056e9cc972486934a3a7"},"headline":"\u00bfLa \u00fanica soluci\u00f3n es el encierro?","datePublished":"2021-05-23T14:16:50+00:00","dateModified":"2021-05-23T15:03:37+00:00","mainEntityOfPage":{"@id":"https:\/\/experienciadevida.com.ar\/portalurbano\/la-unica-solucion-es-el-encierro\/"},"wordCount":718,"publisher":{"@id":"https:\/\/experienciadevida.com.ar\/portalurbano\/#organization"},"keywords":["La \u00fanica soluci\u00f3n es el encierro"],"articleSection":["Destacadas","Pol\u00edtica"],"inLanguage":"es"},{"@type":"WebPage","@id":"https:\/\/experienciadevida.com.ar\/portalurbano\/la-unica-solucion-es-el-encierro\/","url":"https:\/\/experienciadevida.com.ar\/portalurbano\/la-unica-solucion-es-el-encierro\/","name":"\u00bfLa \u00fanica soluci\u00f3n es el encierro? Columna de opini\u00f3n","isPartOf":{"@id":"https:\/\/experienciadevida.com.ar\/portalurbano\/#website"},"datePublished":"2021-05-23T14:16:50+00:00","dateModified":"2021-05-23T15:03:37+00:00","description":"La \u00fanica soluci\u00f3n es el encierro .El jueves pasado se termin\u00f3 de confirmar lo que tanto supon\u00edamos. El Presidente de la Naci\u00f3n nos informaba","breadcrumb":{"@id":"https:\/\/experienciadevida.com.ar\/portalurbano\/la-unica-solucion-es-el-encierro\/#breadcrumb"},"inLanguage":"es","potentialAction":[{"@type":"ReadAction","target":["https:\/\/experienciadevida.com.ar\/portalurbano\/la-unica-solucion-es-el-encierro\/"]}]},{"@type":"BreadcrumbList","@id":"https:\/\/experienciadevida.com.ar\/portalurbano\/la-unica-solucion-es-el-encierro\/#breadcrumb","itemListElement":[{"@type":"ListItem","position":1,"name":"Portada","item":"https:\/\/experienciadevida.com.ar\/portalurbano\/"},{"@type":"ListItem","position":2,"name":"\u00bfLa \u00fanica soluci\u00f3n es el encierro?"}]},{"@type":"WebSite","@id":"https:\/\/experienciadevida.com.ar\/portalurbano\/#website","url":"https:\/\/experienciadevida.com.ar\/portalurbano\/","name":"","description":"","publisher":{"@id":"https:\/\/experienciadevida.com.ar\/portalurbano\/#organization"},"potentialAction":[{"@type":"SearchAction","target":{"@type":"EntryPoint","urlTemplate":"https:\/\/experienciadevida.com.ar\/portalurbano\/?s={search_term_string}"},"query-input":"required name=search_term_string"}],"inLanguage":"es"},{"@type":"Organization","@id":"https:\/\/experienciadevida.com.ar\/portalurbano\/#organization","name":"Portal Urbano","url":"https:\/\/experienciadevida.com.ar\/portalurbano\/","logo":{"@type":"ImageObject","inLanguage":"es","@id":"https:\/\/experienciadevida.com.ar\/portalurbano\/#\/schema\/logo\/image\/","url":"https:\/\/experienciadevida.com.ar\/portalurbano\/wp-content\/uploads\/2019\/09\/Logo-Original.png","contentUrl":"https:\/\/experienciadevida.com.ar\/portalurbano\/wp-content\/uploads\/2019\/09\/Logo-Original.png","width":2236,"height":1216,"caption":"Portal Urbano"},"image":{"@id":"https:\/\/experienciadevida.com.ar\/portalurbano\/#\/schema\/logo\/image\/"},"sameAs":["https:\/\/www.facebook.com\/Portal-Urbano-171542830093757\/","https:\/\/twitter.com\/portalurbanook","https:\/\/www.instagram.com\/_portalurbano\/","https:\/\/www.youtube.com\/channel\/UCXhagIfszH8KxFiOok79zbA?view_as=subscriber"]},{"@type":"Person","@id":"https:\/\/experienciadevida.com.ar\/portalurbano\/#\/schema\/person\/02dd326b1c4b056e9cc972486934a3a7","name":"admpu17wp","image":{"@type":"ImageObject","inLanguage":"es","@id":"https:\/\/experienciadevida.com.ar\/portalurbano\/#\/schema\/person\/image\/","url":"https:\/\/secure.gravatar.com\/avatar\/830d4c57adaae6630765e449a6908047?s=96&d=mm&r=g","contentUrl":"https:\/\/secure.gravatar.com\/avatar\/830d4c57adaae6630765e449a6908047?s=96&d=mm&r=g","caption":"admpu17wp"}}]}},"featured_image_urls":{"full":["https:\/\/experienciadevida.com.ar\/portalurbano\/wp-content\/uploads\/2020\/03\/CUARENTENA12.jpg",765,510,false],"thumbnail":["https:\/\/experienciadevida.com.ar\/portalurbano\/wp-content\/uploads\/2020\/03\/CUARENTENA12-150x150.jpg",150,150,true],"medium":["https:\/\/experienciadevida.com.ar\/portalurbano\/wp-content\/uploads\/2020\/03\/CUARENTENA12-300x200.jpg",300,200,true],"medium_large":["https:\/\/experienciadevida.com.ar\/portalurbano\/wp-content\/uploads\/2020\/03\/CUARENTENA12.jpg",640,427,false],"large":["https:\/\/experienciadevida.com.ar\/portalurbano\/wp-content\/uploads\/2020\/03\/CUARENTENA12.jpg",640,427,false],"ug_big":["https:\/\/experienciadevida.com.ar\/portalurbano\/wp-content\/uploads\/2020\/03\/CUARENTENA12.jpg",765,510,false],"1536x1536":["https:\/\/experienciadevida.com.ar\/portalurbano\/wp-content\/uploads\/2020\/03\/CUARENTENA12.jpg",765,510,false],"2048x2048":["https:\/\/experienciadevida.com.ar\/portalurbano\/wp-content\/uploads\/2020\/03\/CUARENTENA12.jpg",765,510,false],"newsever-slider-full":["https:\/\/experienciadevida.com.ar\/portalurbano\/wp-content\/uploads\/2020\/03\/CUARENTENA12.jpg",765,510,false],"newsever-featured":["https:\/\/experienciadevida.com.ar\/portalurbano\/wp-content\/uploads\/2020\/03\/CUARENTENA12.jpg",765,510,false],"newsever-medium":["https:\/\/experienciadevida.com.ar\/portalurbano\/wp-content\/uploads\/2020\/03\/CUARENTENA12.jpg",713,475,false],"web-stories-poster-portrait":["https:\/\/experienciadevida.com.ar\/portalurbano\/wp-content\/uploads\/2020\/03\/CUARENTENA12.jpg",640,427,false],"web-stories-publisher-logo":["https:\/\/experienciadevida.com.ar\/portalurbano\/wp-content\/uploads\/2020\/03\/CUARENTENA12.jpg",96,64,false],"web-stories-thumbnail":["https:\/\/experienciadevida.com.ar\/portalurbano\/wp-content\/uploads\/2020\/03\/CUARENTENA12.jpg",150,100,false]},"author_info":{"display_name":"admpu17wp","author_link":"https:\/\/experienciadevida.com.ar\/portalurbano\/author\/admpu17wp\/"},"category_info":"<a href=\"https:\/\/experienciadevida.com.ar\/portalurbano\/category\/destacadas\/\" rel=\"category tag\">Destacadas<\/a> <a href=\"https:\/\/experienciadevida.com.ar\/portalurbano\/category\/politica\/\" rel=\"category tag\">Pol\u00edtica<\/a>","tag_info":"Pol\u00edtica","comment_count":"0","amp_enabled":true,"_links":{"self":[{"href":"https:\/\/experienciadevida.com.ar\/portalurbano\/wp-json\/wp\/v2\/posts\/143537"}],"collection":[{"href":"https:\/\/experienciadevida.com.ar\/portalurbano\/wp-json\/wp\/v2\/posts"}],"about":[{"href":"https:\/\/experienciadevida.com.ar\/portalurbano\/wp-json\/wp\/v2\/types\/post"}],"author":[{"embeddable":true,"href":"https:\/\/experienciadevida.com.ar\/portalurbano\/wp-json\/wp\/v2\/users\/1"}],"replies":[{"embeddable":true,"href":"https:\/\/experienciadevida.com.ar\/portalurbano\/wp-json\/wp\/v2\/comments?post=143537"}],"version-history":[{"count":3,"href":"https:\/\/experienciadevida.com.ar\/portalurbano\/wp-json\/wp\/v2\/posts\/143537\/revisions"}],"predecessor-version":[{"id":143570,"href":"https:\/\/experienciadevida.com.ar\/portalurbano\/wp-json\/wp\/v2\/posts\/143537\/revisions\/143570"}],"wp:featuredmedia":[{"embeddable":true,"href":"https:\/\/experienciadevida.com.ar\/portalurbano\/wp-json\/wp\/v2\/media\/104707"}],"wp:attachment":[{"href":"https:\/\/experienciadevida.com.ar\/portalurbano\/wp-json\/wp\/v2\/media?parent=143537"}],"wp:term":[{"taxonomy":"category","embeddable":true,"href":"https:\/\/experienciadevida.com.ar\/portalurbano\/wp-json\/wp\/v2\/categories?post=143537"},{"taxonomy":"post_tag","embeddable":true,"href":"https:\/\/experienciadevida.com.ar\/portalurbano\/wp-json\/wp\/v2\/tags?post=143537"}],"curies":[{"name":"wp","href":"https:\/\/api.w.org\/{rel}","templated":true}]}}