{"id":143524,"date":"2021-05-22T21:24:34","date_gmt":"2021-05-23T00:24:34","guid":{"rendered":"https:\/\/experienciadevida.com.ar\/portalurbano\/?p=143524"},"modified":"2021-05-22T21:42:28","modified_gmt":"2021-05-23T00:42:28","slug":"sabemos-que-estas-medidas-impactaran-en-lo-economico-y-nos-estamos-preparando-para-lo-que-pueda-llegar-a-venir","status":"publish","type":"post","link":"https:\/\/experienciadevida.com.ar\/portalurbano\/sabemos-que-estas-medidas-impactaran-en-lo-economico-y-nos-estamos-preparando-para-lo-que-pueda-llegar-a-venir\/","title":{"rendered":"&#8220;Sabemos que estas medidas impactar\u00e1n en lo econ\u00f3mico y nos estamos preparando para lo que pueda llegar a venir\u201d"},"content":{"rendered":"<p>&#8220;Sabemos que estas medidas impactar\u00e1n en lo econ\u00f3mico y no estamos preparando para lo que pueda llegar a pasar&#8221;, as\u00ed lo dijeron en la jornada de este s\u00e1bado el Intendente Ezequiel <a href=\"https:\/\/www.facebook.com\/galliezequiel\/\">Galli<\/a> encabez\u00f3 una conferencia de prensa junto a Germ\u00e1n Caputo donde adhirieron a la decisi\u00f3n del Presidente y el Gobernador.<\/p>\n<p>Galli dijo &#8220;todos conocen los motivos tanto a nivel pa\u00eds y provincia y lo que est\u00e1 pasando en Olavarr\u00eda, todav\u00eda no tenemos la resoluci\u00f3n de la provincia que adec\u00faa el decreto nacional a la provincia de Buenos Aires pero tenemos informaci\u00f3n directa del Jefe de Gabinete Carlos Bianco de que va a estar adecuado a lo que dice la letra del DNU del Presidente Alberto Fern\u00e1ndez, quer\u00edamos dejar pasar unas horas y trabajar en cuestiones que tienen que ver con Olavarr\u00eda&#8221;.<\/p>\n<p>Luego tom\u00f3 la palabra el Doctor Caputo quien mencion\u00f3 &#8220;vemos un aumento de los positivos esta semana, aument\u00f3 tambi\u00e9n la positividad, la incidencia de casos comparado con la\u00a0 semana anterior donde observamos en el d\u00eda a d\u00eda como fue aumentando a lo largo de la semana hubo un 38% de aumento en los contagios. Los activos por rango etario donde seguimos observando la mayor cantidad entre los 36 y 50 a\u00f1os&#8221;.<\/p>\n<p>&#8220;Con respecto a aulas seguras hemos realizado 212 testeos, y no se detectaron casos positivos, tenemos cuatro casos en maternidad, uno en jard\u00edn 10 en primaria\u00a0 y 20 en secundaria se continuar\u00e1 con lo que es la zona serrana y se est\u00e1 evaluando con el Jefe Distrital poder realizarlo en escuelas privadas.&#8221;<\/p>\n<p>Por otro lado expres\u00f3 &#8220;la valoraci\u00f3n del nivel de transmisi\u00f3n donde muestra que la incidencia de casos es del 46,6 riesgo bajo, raz\u00f3n de los casos 1,0 riesgo medio aument\u00f3 con respecto a la conferencia de la semana pasada. Seguiremos realizando el RTA el d\u00eda 24 y 25 de mayo vamos a testear en la Iglesia a las 7 de la ma\u00f1ana, siempre recomendamos que vengan temprano porque el testeo es muy \u00e1gil y nosotros esos hisopados tenemos que trasladarlos al laboratorio tenemos un tiempo&#8221;.<\/p>\n<p><strong>Cronograma de testeos<\/strong><\/p>\n<p>26 de mayo: paseo de la salud<\/p>\n<p>27 de mayo: colonia hinojo<\/p>\n<p>28 de mayo: paseo de la salud<\/p>\n<p>31 de mayo: paseo de la salud<\/p>\n<p>1 de junio: sierras bayas<\/p>\n<p>2 de junio: paseo de la salud<\/p>\n<p>3 de junio sierra chica<\/p>\n<p>4 de junio: paseo de la salud.<\/p>\n<p>&#8220;Seguiremos tambi\u00e9n con el RTA pedi\u00e1trico lunes a viernes a las 9:30 hs&#8221;.<\/p>\n<p>Luego Galli habl\u00f3 sobre las medidas &#8220;rigen\u00a0 a partir de las 00hs de este s\u00e1bado hasta el 30 de mayo y los d\u00edas 5 y 6 de junio&#8221;.<\/p>\n<p><strong>Las actividades que pueden funcionar y c\u00f3mo a partir de este s\u00e1bado<\/strong><\/p>\n<p>Comercios esenciales (comida- ferreter\u00edas- kioskos) 6 a 20hs<\/p>\n<p>Comercios no esenciales- 6 a 18hs con modalidad delivery o para llevar.<\/p>\n<p>Estaciones de servicio y farmacias de turno- sin l\u00edmite de horario<\/p>\n<p>Consultorios, laboratorios y obras sociales- 6 a 18hs<\/p>\n<p>Restaurantes y comidas para llevar- hasta 23hs con modalidad delivery o para llevar<\/p>\n<p>Talleres mec\u00e1nicos- 6 a 18hs sin ingreso al lugar.<\/p>\n<p>Salidas de esparcimiento- 8 a 18hs sin permanecer en el lugar<\/p>\n<p>Vinotecas y cervecer\u00edas- 10 a 18hs con modalidad delivery.<\/p>\n<p>&#8220;Comunicamos que en caso de requerir asistencia y ayuda de desarrollo social funcionar\u00e1n las 24hs al\u00a0 2284-15531118 o 2284- 15665710 guardia de 8 a 20hs el celular es 2284-15616995 o 411041, 411042, sabemos que estas medidas van a traer un impacto econ\u00f3mico importante y nos estamos preparando para lo que pueda llegar a venir, y en caso de requerir ayuda de nuestra subsecretar\u00eda de desarrollo social o de derechos humanos&#8221;.<\/p>\n<p>A su vez &#8221; sabemos que etas medidas impactar\u00e1n en lo econ\u00f3mico pero nos estamos preparando para lo que pueda llegar a pasar&#8221; &#8220;anunciamos algunas medidas de ayuda fiscales de las cuales venimos trabajando ya desde el mes de abril se eximi\u00f3 al 100% de la tasa de seguridad e higiene por el per\u00edodo de enero a junio a agencias de viaje, servicios complementarios de apoyo al turismo y servicios de salones. Adicionalmente se dispuso la condonaci\u00f3n de las deudas generadas desde el 1\/03 y hasta el 31 en concepto de derecho de uso y ocupaci\u00f3n de espacio p\u00fablico por uso de decks de bares restaurantes, helader\u00edas&#8221;.<\/p>\n<p>&#8220;Eximimos del 100% de la tasa de seguridad e higiene por el per\u00edodo de mayo a diciembre a las cl\u00ednicas privadas cemeda, Mar\u00eda Auxiliadora y el Instituto m\u00e9dico y vamos a eximir del 50% de la tasa de seguridad e higiene por el bimestre junio a julio a 5700 contribuyentes que hayan facturado hasta 20 millones en 2020. Ellos representan el 94% del total. Sabemos que estos 9 d\u00edas las medidas anunciadas impactar\u00e1n sobre todo en PyMEs y comercios as\u00ed que decidimos aplicar estas exenciones. En caso de que las medidas se extiendan en el tiempo estamos evaluando nuevas medidas\u201d, concluy\u00f3.<\/p>\n<p>Adem\u00e1s &#8220;sabemos que estas medidas van a tener impacto en muchas pymes y muchos comercios por este motivo decidimos tomar esta medida esperemos que sea por 9 d\u00edas y la curva empiece a mesetarse y no se siga extendiendo en el tiempo en caso de que se extienda m\u00e1s all\u00e1 de estos 9 d\u00edas ya estamos trabajando en medidas extra para tomar en las pr\u00f3ximas semanas&#8221;.<\/p>\n<p>Ante las preguntas de los periodistas, Galli dijo &#8220;sabemos que estas medidas impactar\u00e1n en lo econ\u00f3mico&#8221; &#8220;para los esenciales que tengan que circular existe la aplicaci\u00f3n del gobierno nacional que todos la conocen donde se pueden solicitar los permisos\u00a0 para las actividades que est\u00e1n exceptuadas para poder circular, una de las actividades que sigue funcionando son las industrias para procesos productivos continuos y con la exportaci\u00f3n por lo cual las personas que tengan que movilizarse para trabajar van a tener que presentar la aplicaci\u00f3n, certificado de circulaci\u00f3n. Va a ver sanci\u00f3n est\u00e1 de la ordenanza que se ha aprobado por unanimidad y las sanciones que estableci\u00f3 la provincia para quienes no cumplan con las medidas del DNU&#8221;.<\/p>\n<p>&#8220;El servicio de limpieza de acuerdo al DNU presidencial no est\u00e1 prohibido&#8221;, &#8220;la construcci\u00f3n privada queda suspendida hasta el 30 de mayo no as\u00ed la obra p\u00fablica con lo cual los corralones van a seguir funcionando sin acceso al local comercial&#8221; y en cuanto a los runners dijo &#8220;lo que est\u00e1 permitido son las salidas de esparcimiento para poder salir a caminar, no as\u00ed para hacer deportes, culturales est\u00e1n suspendidas&#8221;.<\/p>\n<p>Tambi\u00e9n &#8220;el operativo de control va a hacer el mismo que es controlar las actividades que est\u00e1 en marcha, y estar acudiendo a denuncias que se hacen tanto en control urbano como a ojos en alerta con colaboraci\u00f3n de la provincia de buenos aires&#8221;.<\/p>\n<p>&nbsp;<\/p>\n","protected":false},"excerpt":{"rendered":"<p>&#8220;Sabemos que estas medidas impactar\u00e1n en lo econ\u00f3mico y no estamos preparando para lo que&#8230;<\/p>\n","protected":false},"author":1,"featured_media":143525,"comment_status":"closed","ping_status":"closed","sticky":false,"template":"","format":"standard","meta":{"content-type":""},"categories":[27,64],"tags":[],"nelio_content":{"isAutoShareEnabled":false,"autoShareEndMode":"default","automationSources":{"useContentSentences":true,"useSocialTemplates":true,"useCustomSentences":false,"customSentences":[]},"followers":[1],"suggestedReferences":[],"includedReferences":[],"efiUrl":"","efiAlt":"","highlights":[]},"yoast_head":"<!-- This site is optimized with the Yoast SEO plugin v20.7 - https:\/\/yoast.com\/wordpress\/plugins\/seo\/ -->\n<title>&quot;Sabemos que estas medidas impactar\u00e1n en lo econo\u00f3mico&quot;<\/title>\n<meta name=\"description\" content=\"&quot;Sabemos que estas medidas impactar\u00e1n en lo econ\u00f3mico y no estamos preparando para lo que pueda llegar a pasar&quot;, as\u00ed lo dijeron este s\u00e1bado\" \/>\n<meta name=\"robots\" content=\"index, follow, max-snippet:-1, max-image-preview:large, max-video-preview:-1\" \/>\n<link rel=\"canonical\" href=\"https:\/\/experienciadevida.com.ar\/portalurbano\/sabemos-que-estas-medidas-impactaran-en-lo-economico-y-nos-estamos-preparando-para-lo-que-pueda-llegar-a-venir\/\" \/>\n<meta property=\"og:locale\" content=\"es_ES\" \/>\n<meta property=\"og:type\" content=\"article\" \/>\n<meta property=\"og:title\" content=\"&quot;Sabemos que estas medidas impactar\u00e1n en lo econo\u00f3mico&quot;\" \/>\n<meta property=\"og:description\" content=\"&quot;Sabemos que estas medidas impactar\u00e1n en lo econ\u00f3mico y no estamos preparando para lo que pueda llegar a pasar&quot;, as\u00ed lo dijeron este s\u00e1bado\" \/>\n<meta property=\"og:url\" content=\"https:\/\/experienciadevida.com.ar\/portalurbano\/sabemos-que-estas-medidas-impactaran-en-lo-economico-y-nos-estamos-preparando-para-lo-que-pueda-llegar-a-venir\/\" \/>\n<meta property=\"article:publisher\" content=\"https:\/\/www.facebook.com\/Portal-Urbano-171542830093757\/\" \/>\n<meta property=\"article:published_time\" content=\"2021-05-23T00:24:34+00:00\" \/>\n<meta property=\"article:modified_time\" content=\"2021-05-23T00:42:28+00:00\" \/>\n<meta property=\"og:image\" content=\"https:\/\/experienciadevida.com.ar\/portalurbano\/wp-content\/uploads\/2021\/05\/Conferencia-Galli.png\" \/>\n\t<meta property=\"og:image:width\" content=\"953\" \/>\n\t<meta property=\"og:image:height\" content=\"576\" \/>\n\t<meta property=\"og:image:type\" content=\"image\/png\" \/>\n<meta name=\"author\" content=\"admpu17wp\" \/>\n<meta name=\"twitter:card\" content=\"summary_large_image\" \/>\n<meta name=\"twitter:creator\" content=\"@portalurbanook\" \/>\n<meta name=\"twitter:site\" content=\"@portalurbanook\" \/>\n<meta name=\"twitter:label1\" content=\"Escrito por\" \/>\n\t<meta name=\"twitter:data1\" content=\"admpu17wp\" \/>\n\t<meta name=\"twitter:label2\" content=\"Tiempo de lectura\" \/>\n\t<meta name=\"twitter:data2\" content=\"5 minutos\" \/>\n<script type=\"application\/ld+json\" class=\"yoast-schema-graph\">{\"@context\":\"https:\/\/schema.org\",\"@graph\":[{\"@type\":\"Article\",\"@id\":\"https:\/\/experienciadevida.com.ar\/portalurbano\/sabemos-que-estas-medidas-impactaran-en-lo-economico-y-nos-estamos-preparando-para-lo-que-pueda-llegar-a-venir\/#article\",\"isPartOf\":{\"@id\":\"https:\/\/experienciadevida.com.ar\/portalurbano\/sabemos-que-estas-medidas-impactaran-en-lo-economico-y-nos-estamos-preparando-para-lo-que-pueda-llegar-a-venir\/\"},\"author\":{\"name\":\"admpu17wp\",\"@id\":\"https:\/\/experienciadevida.com.ar\/portalurbano\/#\/schema\/person\/02dd326b1c4b056e9cc972486934a3a7\"},\"headline\":\"&#8220;Sabemos que estas medidas impactar\u00e1n en lo econ\u00f3mico y nos estamos preparando para lo que pueda llegar a venir\u201d\",\"datePublished\":\"2021-05-23T00:24:34+00:00\",\"dateModified\":\"2021-05-23T00:42:28+00:00\",\"mainEntityOfPage\":{\"@id\":\"https:\/\/experienciadevida.com.ar\/portalurbano\/sabemos-que-estas-medidas-impactaran-en-lo-economico-y-nos-estamos-preparando-para-lo-que-pueda-llegar-a-venir\/\"},\"wordCount\":1145,\"publisher\":{\"@id\":\"https:\/\/experienciadevida.com.ar\/portalurbano\/#organization\"},\"articleSection\":[\"Ciudad\",\"Destacadas 2\"],\"inLanguage\":\"es\"},{\"@type\":\"WebPage\",\"@id\":\"https:\/\/experienciadevida.com.ar\/portalurbano\/sabemos-que-estas-medidas-impactaran-en-lo-economico-y-nos-estamos-preparando-para-lo-que-pueda-llegar-a-venir\/\",\"url\":\"https:\/\/experienciadevida.com.ar\/portalurbano\/sabemos-que-estas-medidas-impactaran-en-lo-economico-y-nos-estamos-preparando-para-lo-que-pueda-llegar-a-venir\/\",\"name\":\"\\\"Sabemos que estas medidas impactar\u00e1n en lo econo\u00f3mico\\\"\",\"isPartOf\":{\"@id\":\"https:\/\/experienciadevida.com.ar\/portalurbano\/#website\"},\"datePublished\":\"2021-05-23T00:24:34+00:00\",\"dateModified\":\"2021-05-23T00:42:28+00:00\",\"description\":\"\\\"Sabemos que estas medidas impactar\u00e1n en lo econ\u00f3mico y no estamos preparando para lo que pueda llegar a pasar\\\", as\u00ed lo dijeron este s\u00e1bado\",\"breadcrumb\":{\"@id\":\"https:\/\/experienciadevida.com.ar\/portalurbano\/sabemos-que-estas-medidas-impactaran-en-lo-economico-y-nos-estamos-preparando-para-lo-que-pueda-llegar-a-venir\/#breadcrumb\"},\"inLanguage\":\"es\",\"potentialAction\":[{\"@type\":\"ReadAction\",\"target\":[\"https:\/\/experienciadevida.com.ar\/portalurbano\/sabemos-que-estas-medidas-impactaran-en-lo-economico-y-nos-estamos-preparando-para-lo-que-pueda-llegar-a-venir\/\"]}]},{\"@type\":\"BreadcrumbList\",\"@id\":\"https:\/\/experienciadevida.com.ar\/portalurbano\/sabemos-que-estas-medidas-impactaran-en-lo-economico-y-nos-estamos-preparando-para-lo-que-pueda-llegar-a-venir\/#breadcrumb\",\"itemListElement\":[{\"@type\":\"ListItem\",\"position\":1,\"name\":\"Portada\",\"item\":\"https:\/\/experienciadevida.com.ar\/portalurbano\/\"},{\"@type\":\"ListItem\",\"position\":2,\"name\":\"\u00abSabemos que estas medidas impactar\u00e1n en lo econ\u00f3mico y nos estamos preparando para lo que pueda llegar a venir\u201d\"}]},{\"@type\":\"WebSite\",\"@id\":\"https:\/\/experienciadevida.com.ar\/portalurbano\/#website\",\"url\":\"https:\/\/experienciadevida.com.ar\/portalurbano\/\",\"name\":\"\",\"description\":\"\",\"publisher\":{\"@id\":\"https:\/\/experienciadevida.com.ar\/portalurbano\/#organization\"},\"potentialAction\":[{\"@type\":\"SearchAction\",\"target\":{\"@type\":\"EntryPoint\",\"urlTemplate\":\"https:\/\/experienciadevida.com.ar\/portalurbano\/?s={search_term_string}\"},\"query-input\":\"required name=search_term_string\"}],\"inLanguage\":\"es\"},{\"@type\":\"Organization\",\"@id\":\"https:\/\/experienciadevida.com.ar\/portalurbano\/#organization\",\"name\":\"Portal Urbano\",\"url\":\"https:\/\/experienciadevida.com.ar\/portalurbano\/\",\"logo\":{\"@type\":\"ImageObject\",\"inLanguage\":\"es\",\"@id\":\"https:\/\/experienciadevida.com.ar\/portalurbano\/#\/schema\/logo\/image\/\",\"url\":\"https:\/\/experienciadevida.com.ar\/portalurbano\/wp-content\/uploads\/2019\/09\/Logo-Original.png\",\"contentUrl\":\"https:\/\/experienciadevida.com.ar\/portalurbano\/wp-content\/uploads\/2019\/09\/Logo-Original.png\",\"width\":2236,\"height\":1216,\"caption\":\"Portal Urbano\"},\"image\":{\"@id\":\"https:\/\/experienciadevida.com.ar\/portalurbano\/#\/schema\/logo\/image\/\"},\"sameAs\":[\"https:\/\/www.facebook.com\/Portal-Urbano-171542830093757\/\",\"https:\/\/twitter.com\/portalurbanook\",\"https:\/\/www.instagram.com\/_portalurbano\/\",\"https:\/\/www.youtube.com\/channel\/UCXhagIfszH8KxFiOok79zbA?view_as=subscriber\"]},{\"@type\":\"Person\",\"@id\":\"https:\/\/experienciadevida.com.ar\/portalurbano\/#\/schema\/person\/02dd326b1c4b056e9cc972486934a3a7\",\"name\":\"admpu17wp\",\"image\":{\"@type\":\"ImageObject\",\"inLanguage\":\"es\",\"@id\":\"https:\/\/experienciadevida.com.ar\/portalurbano\/#\/schema\/person\/image\/\",\"url\":\"https:\/\/secure.gravatar.com\/avatar\/830d4c57adaae6630765e449a6908047?s=96&d=mm&r=g\",\"contentUrl\":\"https:\/\/secure.gravatar.com\/avatar\/830d4c57adaae6630765e449a6908047?s=96&d=mm&r=g\",\"caption\":\"admpu17wp\"}}]}<\/script>\n<!-- \/ Yoast SEO plugin. -->","yoast_head_json":{"title":"\"Sabemos que estas medidas impactar\u00e1n en lo econo\u00f3mico\"","description":"\"Sabemos que estas medidas impactar\u00e1n en lo econ\u00f3mico y no estamos preparando para lo que pueda llegar a pasar\", as\u00ed lo dijeron este s\u00e1bado","robots":{"index":"index","follow":"follow","max-snippet":"max-snippet:-1","max-image-preview":"max-image-preview:large","max-video-preview":"max-video-preview:-1"},"canonical":"https:\/\/experienciadevida.com.ar\/portalurbano\/sabemos-que-estas-medidas-impactaran-en-lo-economico-y-nos-estamos-preparando-para-lo-que-pueda-llegar-a-venir\/","og_locale":"es_ES","og_type":"article","og_title":"\"Sabemos que estas medidas impactar\u00e1n en lo econo\u00f3mico\"","og_description":"\"Sabemos que estas medidas impactar\u00e1n en lo econ\u00f3mico y no estamos preparando para lo que pueda llegar a pasar\", as\u00ed lo dijeron este s\u00e1bado","og_url":"https:\/\/experienciadevida.com.ar\/portalurbano\/sabemos-que-estas-medidas-impactaran-en-lo-economico-y-nos-estamos-preparando-para-lo-que-pueda-llegar-a-venir\/","article_publisher":"https:\/\/www.facebook.com\/Portal-Urbano-171542830093757\/","article_published_time":"2021-05-23T00:24:34+00:00","article_modified_time":"2021-05-23T00:42:28+00:00","og_image":[{"width":953,"height":576,"url":"https:\/\/experienciadevida.com.ar\/portalurbano\/wp-content\/uploads\/2021\/05\/Conferencia-Galli.png","type":"image\/png"}],"author":"admpu17wp","twitter_card":"summary_large_image","twitter_creator":"@portalurbanook","twitter_site":"@portalurbanook","twitter_misc":{"Escrito por":"admpu17wp","Tiempo de lectura":"5 minutos"},"schema":{"@context":"https:\/\/schema.org","@graph":[{"@type":"Article","@id":"https:\/\/experienciadevida.com.ar\/portalurbano\/sabemos-que-estas-medidas-impactaran-en-lo-economico-y-nos-estamos-preparando-para-lo-que-pueda-llegar-a-venir\/#article","isPartOf":{"@id":"https:\/\/experienciadevida.com.ar\/portalurbano\/sabemos-que-estas-medidas-impactaran-en-lo-economico-y-nos-estamos-preparando-para-lo-que-pueda-llegar-a-venir\/"},"author":{"name":"admpu17wp","@id":"https:\/\/experienciadevida.com.ar\/portalurbano\/#\/schema\/person\/02dd326b1c4b056e9cc972486934a3a7"},"headline":"&#8220;Sabemos que estas medidas impactar\u00e1n en lo econ\u00f3mico y nos estamos preparando para lo que pueda llegar a venir\u201d","datePublished":"2021-05-23T00:24:34+00:00","dateModified":"2021-05-23T00:42:28+00:00","mainEntityOfPage":{"@id":"https:\/\/experienciadevida.com.ar\/portalurbano\/sabemos-que-estas-medidas-impactaran-en-lo-economico-y-nos-estamos-preparando-para-lo-que-pueda-llegar-a-venir\/"},"wordCount":1145,"publisher":{"@id":"https:\/\/experienciadevida.com.ar\/portalurbano\/#organization"},"articleSection":["Ciudad","Destacadas 2"],"inLanguage":"es"},{"@type":"WebPage","@id":"https:\/\/experienciadevida.com.ar\/portalurbano\/sabemos-que-estas-medidas-impactaran-en-lo-economico-y-nos-estamos-preparando-para-lo-que-pueda-llegar-a-venir\/","url":"https:\/\/experienciadevida.com.ar\/portalurbano\/sabemos-que-estas-medidas-impactaran-en-lo-economico-y-nos-estamos-preparando-para-lo-que-pueda-llegar-a-venir\/","name":"\"Sabemos que estas medidas impactar\u00e1n en lo econo\u00f3mico\"","isPartOf":{"@id":"https:\/\/experienciadevida.com.ar\/portalurbano\/#website"},"datePublished":"2021-05-23T00:24:34+00:00","dateModified":"2021-05-23T00:42:28+00:00","description":"\"Sabemos que estas medidas impactar\u00e1n en lo econ\u00f3mico y no estamos preparando para lo que pueda llegar a pasar\", as\u00ed lo dijeron este s\u00e1bado","breadcrumb":{"@id":"https:\/\/experienciadevida.com.ar\/portalurbano\/sabemos-que-estas-medidas-impactaran-en-lo-economico-y-nos-estamos-preparando-para-lo-que-pueda-llegar-a-venir\/#breadcrumb"},"inLanguage":"es","potentialAction":[{"@type":"ReadAction","target":["https:\/\/experienciadevida.com.ar\/portalurbano\/sabemos-que-estas-medidas-impactaran-en-lo-economico-y-nos-estamos-preparando-para-lo-que-pueda-llegar-a-venir\/"]}]},{"@type":"BreadcrumbList","@id":"https:\/\/experienciadevida.com.ar\/portalurbano\/sabemos-que-estas-medidas-impactaran-en-lo-economico-y-nos-estamos-preparando-para-lo-que-pueda-llegar-a-venir\/#breadcrumb","itemListElement":[{"@type":"ListItem","position":1,"name":"Portada","item":"https:\/\/experienciadevida.com.ar\/portalurbano\/"},{"@type":"ListItem","position":2,"name":"\u00abSabemos que estas medidas impactar\u00e1n en lo econ\u00f3mico y nos estamos preparando para lo que pueda llegar a venir\u201d"}]},{"@type":"WebSite","@id":"https:\/\/experienciadevida.com.ar\/portalurbano\/#website","url":"https:\/\/experienciadevida.com.ar\/portalurbano\/","name":"","description":"","publisher":{"@id":"https:\/\/experienciadevida.com.ar\/portalurbano\/#organization"},"potentialAction":[{"@type":"SearchAction","target":{"@type":"EntryPoint","urlTemplate":"https:\/\/experienciadevida.com.ar\/portalurbano\/?s={search_term_string}"},"query-input":"required name=search_term_string"}],"inLanguage":"es"},{"@type":"Organization","@id":"https:\/\/experienciadevida.com.ar\/portalurbano\/#organization","name":"Portal Urbano","url":"https:\/\/experienciadevida.com.ar\/portalurbano\/","logo":{"@type":"ImageObject","inLanguage":"es","@id":"https:\/\/experienciadevida.com.ar\/portalurbano\/#\/schema\/logo\/image\/","url":"https:\/\/experienciadevida.com.ar\/portalurbano\/wp-content\/uploads\/2019\/09\/Logo-Original.png","contentUrl":"https:\/\/experienciadevida.com.ar\/portalurbano\/wp-content\/uploads\/2019\/09\/Logo-Original.png","width":2236,"height":1216,"caption":"Portal Urbano"},"image":{"@id":"https:\/\/experienciadevida.com.ar\/portalurbano\/#\/schema\/logo\/image\/"},"sameAs":["https:\/\/www.facebook.com\/Portal-Urbano-171542830093757\/","https:\/\/twitter.com\/portalurbanook","https:\/\/www.instagram.com\/_portalurbano\/","https:\/\/www.youtube.com\/channel\/UCXhagIfszH8KxFiOok79zbA?view_as=subscriber"]},{"@type":"Person","@id":"https:\/\/experienciadevida.com.ar\/portalurbano\/#\/schema\/person\/02dd326b1c4b056e9cc972486934a3a7","name":"admpu17wp","image":{"@type":"ImageObject","inLanguage":"es","@id":"https:\/\/experienciadevida.com.ar\/portalurbano\/#\/schema\/person\/image\/","url":"https:\/\/secure.gravatar.com\/avatar\/830d4c57adaae6630765e449a6908047?s=96&d=mm&r=g","contentUrl":"https:\/\/secure.gravatar.com\/avatar\/830d4c57adaae6630765e449a6908047?s=96&d=mm&r=g","caption":"admpu17wp"}}]}},"featured_image_urls":{"full":["https:\/\/experienciadevida.com.ar\/portalurbano\/wp-content\/uploads\/2021\/05\/Conferencia-Galli.png",953,576,false],"thumbnail":["https:\/\/experienciadevida.com.ar\/portalurbano\/wp-content\/uploads\/2021\/05\/Conferencia-Galli-150x150.png",150,150,true],"medium":["https:\/\/experienciadevida.com.ar\/portalurbano\/wp-content\/uploads\/2021\/05\/Conferencia-Galli-300x181.png",300,181,true],"medium_large":["https:\/\/experienciadevida.com.ar\/portalurbano\/wp-content\/uploads\/2021\/05\/Conferencia-Galli-768x464.png",640,387,true],"large":["https:\/\/experienciadevida.com.ar\/portalurbano\/wp-content\/uploads\/2021\/05\/Conferencia-Galli.png",640,387,false],"ug_big":["https:\/\/experienciadevida.com.ar\/portalurbano\/wp-content\/uploads\/2021\/05\/Conferencia-Galli-768x464.png",768,464,true],"1536x1536":["https:\/\/experienciadevida.com.ar\/portalurbano\/wp-content\/uploads\/2021\/05\/Conferencia-Galli.png",953,576,false],"2048x2048":["https:\/\/experienciadevida.com.ar\/portalurbano\/wp-content\/uploads\/2021\/05\/Conferencia-Galli.png",953,576,false],"newsever-slider-full":["https:\/\/experienciadevida.com.ar\/portalurbano\/wp-content\/uploads\/2021\/05\/Conferencia-Galli.png",953,576,false],"newsever-featured":["https:\/\/experienciadevida.com.ar\/portalurbano\/wp-content\/uploads\/2021\/05\/Conferencia-Galli.png",953,576,false],"newsever-medium":["https:\/\/experienciadevida.com.ar\/portalurbano\/wp-content\/uploads\/2021\/05\/Conferencia-Galli.png",720,435,false],"web-stories-poster-portrait":["https:\/\/experienciadevida.com.ar\/portalurbano\/wp-content\/uploads\/2021\/05\/Conferencia-Galli.png",640,387,false],"web-stories-publisher-logo":["https:\/\/experienciadevida.com.ar\/portalurbano\/wp-content\/uploads\/2021\/05\/Conferencia-Galli.png",96,58,false],"web-stories-thumbnail":["https:\/\/experienciadevida.com.ar\/portalurbano\/wp-content\/uploads\/2021\/05\/Conferencia-Galli.png",150,91,false]},"author_info":{"display_name":"admpu17wp","author_link":"https:\/\/experienciadevida.com.ar\/portalurbano\/author\/admpu17wp\/"},"category_info":"<a href=\"https:\/\/experienciadevida.com.ar\/portalurbano\/category\/ciudad\/\" rel=\"category tag\">Ciudad<\/a> <a href=\"https:\/\/experienciadevida.com.ar\/portalurbano\/category\/destacadas-2\/\" rel=\"category tag\">Destacadas 2<\/a>","tag_info":"Destacadas 2","comment_count":"0","amp_enabled":true,"_links":{"self":[{"href":"https:\/\/experienciadevida.com.ar\/portalurbano\/wp-json\/wp\/v2\/posts\/143524"}],"collection":[{"href":"https:\/\/experienciadevida.com.ar\/portalurbano\/wp-json\/wp\/v2\/posts"}],"about":[{"href":"https:\/\/experienciadevida.com.ar\/portalurbano\/wp-json\/wp\/v2\/types\/post"}],"author":[{"embeddable":true,"href":"https:\/\/experienciadevida.com.ar\/portalurbano\/wp-json\/wp\/v2\/users\/1"}],"replies":[{"embeddable":true,"href":"https:\/\/experienciadevida.com.ar\/portalurbano\/wp-json\/wp\/v2\/comments?post=143524"}],"version-history":[{"count":5,"href":"https:\/\/experienciadevida.com.ar\/portalurbano\/wp-json\/wp\/v2\/posts\/143524\/revisions"}],"predecessor-version":[{"id":143530,"href":"https:\/\/experienciadevida.com.ar\/portalurbano\/wp-json\/wp\/v2\/posts\/143524\/revisions\/143530"}],"wp:featuredmedia":[{"embeddable":true,"href":"https:\/\/experienciadevida.com.ar\/portalurbano\/wp-json\/wp\/v2\/media\/143525"}],"wp:attachment":[{"href":"https:\/\/experienciadevida.com.ar\/portalurbano\/wp-json\/wp\/v2\/media?parent=143524"}],"wp:term":[{"taxonomy":"category","embeddable":true,"href":"https:\/\/experienciadevida.com.ar\/portalurbano\/wp-json\/wp\/v2\/categories?post=143524"},{"taxonomy":"post_tag","embeddable":true,"href":"https:\/\/experienciadevida.com.ar\/portalurbano\/wp-json\/wp\/v2\/tags?post=143524"}],"curies":[{"name":"wp","href":"https:\/\/api.w.org\/{rel}","templated":true}]}}