{"id":143371,"date":"2021-05-20T19:32:12","date_gmt":"2021-05-20T22:32:12","guid":{"rendered":"https:\/\/experienciadevida.com.ar\/portalurbano\/?p=143371"},"modified":"2021-05-20T19:34:01","modified_gmt":"2021-05-20T22:34:01","slug":"la-fundacion-loma-negra-lidero-programas-de-inversion-social-por-mas-de-80-millones-durante-el-primer-ano-de-la-pandemia","status":"publish","type":"post","link":"https:\/\/experienciadevida.com.ar\/portalurbano\/la-fundacion-loma-negra-lidero-programas-de-inversion-social-por-mas-de-80-millones-durante-el-primer-ano-de-la-pandemia\/","title":{"rendered":"La fundaci\u00f3n Loma Negra lider\u00f3 programas de inversi\u00f3n social por m\u00e1s de $80 millones durante el primer a\u00f1o de la pandemia"},"content":{"rendered":"<p>La fundaci\u00f3n Loma Negra lider\u00f3 programas de inversi\u00f3n social por m\u00e1s de $80 millones durante el primer a\u00f1o de la pandemia, del total de la inversi\u00f3n social movilizada $23, 4 millones fueron destinados a proyectos desarrollados en Olavarr\u00eda, que beneficiaron a casi 13.000 personas.<\/p>\n<p>A trav\u00e9s de sus programas Puente, Ra\u00edces, Compromiso y Transformar, la Fundaci\u00f3n Loma Negra implement\u00f3 durante el a\u00f1o 2020 105 proyectos que tuvieron impacto directo en 66.500 personas de todo el pa\u00eds.<\/p>\n<p>Estas iniciativas se llevaron a cabo trabajando en conjunto con 362 aliados y 769 voluntarios y se moviliz\u00f3 una inversi\u00f3n social total de $ 82,5 millones, de los cuales el 20% fue aportado de manera directa por la Fundaci\u00f3n y el resto fueron aportes de terceros.<\/p>\n<p>Del total de la inversi\u00f3n social movilizada, $ 23,4 millones se destinaron a 16 proyectos de capacitaci\u00f3n, emprendedorismo y producci\u00f3n de materiales de biodiversidad para la pandemia en la localidad de Olavarr\u00eda, desarrollados en conjunto con 104 aliados y 44 voluntarios, que beneficiaron a casi 13.000 personas.<\/p>\n<p>La fundaci\u00f3n Loma Negra lider\u00f3 programas de inversi\u00f3n social, &#8220;el contexto generado por la pandemia nos oblig\u00f3 a redefinir nuestras metas y objetivos, y a profundizar la transformaci\u00f3n digital. En esa l\u00ednea reforzamos nuestro compromiso con las comunidades donde estamos presentes, readecuamos nuestros programas y continuamos trabajando articuladamente con el sector p\u00fablico, privado y con organizaciones del tercer sector\u201d, afirm\u00f3 Sergio Faifman, presidente de la Fundaci\u00f3n y CEO de Loma Negra.<\/p>\n<p>El programa que tuvo m\u00e1s impacto fue el Programa Compromiso, con foco en temas de voluntariado y creaci\u00f3n de capital social, en cuyo marco se desarrollaron 48 proyectos, con una inversi\u00f3n total de $ 12 millones y que benefici\u00f3 a poco m\u00e1s de 46.000 personas.<\/p>\n<p>Las iniciativas de este programa incluyeron proyectos de acompa\u00f1amiento educativo, bioseguridad, compra de insumos m\u00e9dicos y alimentaci\u00f3n, como forma de acompa\u00f1ar a poblaciones vulnerables durante la pandemia y, adem\u00e1s, el financiamiento a trav\u00e9s de Mecenazgo de 11 proyectos en los barrios Rodrigo Bueno y Barracas, en la Ciudad de Buenos Aires.<\/p>\n<p>El programa al que se destinaron la mayor cantidad de recursos fue el Programa Puente, con foco en competencias laborales y mejora educativa, en cuyo marco se desarrollaron 38 proyectos, con una inversi\u00f3n total superior a los $ 47 millones y que tuvo impacto directo en casi 12.000 personas.<\/p>\n<p>La fundaci\u00f3n Loma Negra lider\u00f3 programas de inversi\u00f3n social, finalmente en el marco del Programa Transformar, con eje en la mejora de h\u00e1bitat y vivienda, desarroll\u00f3 este a\u00f1o capacitaciones virtuales en construcci\u00f3n que alcanzaron a casi 21.000 personas.<\/p>\n<p>Es importante destacar que 4 de los proyectos del Programa Puente y 3 de los proyectos del Programa Compromiso, de los que participaron 72 aliados y 58 voluntarios, fueron desarrollados por la estructura de Ferrosur, en las localidades de Avellaneda, Tandil, Olavarr\u00eda, Gr\u00fcnbein y Neuqu\u00e9n, y beneficiaron a casi 3.500 personas.<\/p>\n","protected":false},"excerpt":{"rendered":"<p>La fundaci\u00f3n Loma Negra lider\u00f3 programas de inversi\u00f3n social por m\u00e1s de $80 millones durante&#8230;<\/p>\n","protected":false},"author":1,"featured_media":111796,"comment_status":"closed","ping_status":"closed","sticky":false,"template":"","format":"standard","meta":{"content-type":""},"categories":[27,64],"tags":[],"nelio_content":{"isAutoShareEnabled":false,"autoShareEndMode":"default","automationSources":{"useContentSentences":true,"useSocialTemplates":true,"useCustomSentences":false,"customSentences":[]},"followers":[1],"suggestedReferences":[],"includedReferences":[],"efiUrl":"","efiAlt":"","highlights":[]},"yoast_head":"<!-- This site is optimized with the Yoast SEO plugin v20.7 - https:\/\/yoast.com\/wordpress\/plugins\/seo\/ -->\n<title>La fundaci\u00f3n Loma Negra lider\u00f3 programas por m\u00e1s de $80 millones<\/title>\n<meta name=\"description\" content=\"La fundaci\u00f3n Loma Negra lider\u00f3 programas de inversi\u00f3n social por m\u00e1s de $80 millones durante el primer a\u00f1o de la pandemia a Olavarr\u00eda\" \/>\n<meta name=\"robots\" content=\"index, follow, max-snippet:-1, max-image-preview:large, max-video-preview:-1\" \/>\n<link rel=\"canonical\" href=\"https:\/\/experienciadevida.com.ar\/portalurbano\/la-fundacion-loma-negra-lidero-programas-de-inversion-social-por-mas-de-80-millones-durante-el-primer-ano-de-la-pandemia\/\" \/>\n<meta property=\"og:locale\" content=\"es_ES\" \/>\n<meta property=\"og:type\" content=\"article\" \/>\n<meta property=\"og:title\" content=\"La fundaci\u00f3n Loma Negra lider\u00f3 programas por m\u00e1s de $80 millones\" \/>\n<meta property=\"og:description\" content=\"La fundaci\u00f3n Loma Negra lider\u00f3 programas de inversi\u00f3n social por m\u00e1s de $80 millones durante el primer a\u00f1o de la pandemia a Olavarr\u00eda\" \/>\n<meta property=\"og:url\" content=\"https:\/\/experienciadevida.com.ar\/portalurbano\/la-fundacion-loma-negra-lidero-programas-de-inversion-social-por-mas-de-80-millones-durante-el-primer-ano-de-la-pandemia\/\" \/>\n<meta property=\"article:publisher\" content=\"https:\/\/www.facebook.com\/Portal-Urbano-171542830093757\/\" \/>\n<meta property=\"article:published_time\" content=\"2021-05-20T22:32:12+00:00\" \/>\n<meta property=\"article:modified_time\" content=\"2021-05-20T22:34:01+00:00\" \/>\n<meta property=\"og:image\" content=\"https:\/\/experienciadevida.com.ar\/portalurbano\/wp-content\/uploads\/2020\/06\/LOMANEGRA.png\" \/>\n\t<meta property=\"og:image:width\" content=\"765\" \/>\n\t<meta property=\"og:image:height\" content=\"402\" \/>\n\t<meta property=\"og:image:type\" content=\"image\/png\" \/>\n<meta name=\"author\" content=\"admpu17wp\" \/>\n<meta name=\"twitter:card\" content=\"summary_large_image\" \/>\n<meta name=\"twitter:creator\" content=\"@portalurbanook\" \/>\n<meta name=\"twitter:site\" content=\"@portalurbanook\" \/>\n<meta name=\"twitter:label1\" content=\"Escrito por\" \/>\n\t<meta name=\"twitter:data1\" content=\"admpu17wp\" \/>\n\t<meta name=\"twitter:label2\" content=\"Tiempo de lectura\" \/>\n\t<meta name=\"twitter:data2\" content=\"3 minutos\" \/>\n<script type=\"application\/ld+json\" class=\"yoast-schema-graph\">{\"@context\":\"https:\/\/schema.org\",\"@graph\":[{\"@type\":\"Article\",\"@id\":\"https:\/\/experienciadevida.com.ar\/portalurbano\/la-fundacion-loma-negra-lidero-programas-de-inversion-social-por-mas-de-80-millones-durante-el-primer-ano-de-la-pandemia\/#article\",\"isPartOf\":{\"@id\":\"https:\/\/experienciadevida.com.ar\/portalurbano\/la-fundacion-loma-negra-lidero-programas-de-inversion-social-por-mas-de-80-millones-durante-el-primer-ano-de-la-pandemia\/\"},\"author\":{\"name\":\"admpu17wp\",\"@id\":\"https:\/\/experienciadevida.com.ar\/portalurbano\/#\/schema\/person\/02dd326b1c4b056e9cc972486934a3a7\"},\"headline\":\"La fundaci\u00f3n Loma Negra lider\u00f3 programas de inversi\u00f3n social por m\u00e1s de $80 millones durante el primer a\u00f1o de la pandemia\",\"datePublished\":\"2021-05-20T22:32:12+00:00\",\"dateModified\":\"2021-05-20T22:34:01+00:00\",\"mainEntityOfPage\":{\"@id\":\"https:\/\/experienciadevida.com.ar\/portalurbano\/la-fundacion-loma-negra-lidero-programas-de-inversion-social-por-mas-de-80-millones-durante-el-primer-ano-de-la-pandemia\/\"},\"wordCount\":507,\"publisher\":{\"@id\":\"https:\/\/experienciadevida.com.ar\/portalurbano\/#organization\"},\"articleSection\":[\"Ciudad\",\"Destacadas 2\"],\"inLanguage\":\"es\"},{\"@type\":\"WebPage\",\"@id\":\"https:\/\/experienciadevida.com.ar\/portalurbano\/la-fundacion-loma-negra-lidero-programas-de-inversion-social-por-mas-de-80-millones-durante-el-primer-ano-de-la-pandemia\/\",\"url\":\"https:\/\/experienciadevida.com.ar\/portalurbano\/la-fundacion-loma-negra-lidero-programas-de-inversion-social-por-mas-de-80-millones-durante-el-primer-ano-de-la-pandemia\/\",\"name\":\"La fundaci\u00f3n Loma Negra lider\u00f3 programas por m\u00e1s de $80 millones\",\"isPartOf\":{\"@id\":\"https:\/\/experienciadevida.com.ar\/portalurbano\/#website\"},\"datePublished\":\"2021-05-20T22:32:12+00:00\",\"dateModified\":\"2021-05-20T22:34:01+00:00\",\"description\":\"La fundaci\u00f3n Loma Negra lider\u00f3 programas de inversi\u00f3n social por m\u00e1s de $80 millones durante el primer a\u00f1o de la pandemia a Olavarr\u00eda\",\"breadcrumb\":{\"@id\":\"https:\/\/experienciadevida.com.ar\/portalurbano\/la-fundacion-loma-negra-lidero-programas-de-inversion-social-por-mas-de-80-millones-durante-el-primer-ano-de-la-pandemia\/#breadcrumb\"},\"inLanguage\":\"es\",\"potentialAction\":[{\"@type\":\"ReadAction\",\"target\":[\"https:\/\/experienciadevida.com.ar\/portalurbano\/la-fundacion-loma-negra-lidero-programas-de-inversion-social-por-mas-de-80-millones-durante-el-primer-ano-de-la-pandemia\/\"]}]},{\"@type\":\"BreadcrumbList\",\"@id\":\"https:\/\/experienciadevida.com.ar\/portalurbano\/la-fundacion-loma-negra-lidero-programas-de-inversion-social-por-mas-de-80-millones-durante-el-primer-ano-de-la-pandemia\/#breadcrumb\",\"itemListElement\":[{\"@type\":\"ListItem\",\"position\":1,\"name\":\"Portada\",\"item\":\"https:\/\/experienciadevida.com.ar\/portalurbano\/\"},{\"@type\":\"ListItem\",\"position\":2,\"name\":\"La fundaci\u00f3n Loma Negra lider\u00f3 programas de inversi\u00f3n social por m\u00e1s de $80 millones durante el primer a\u00f1o de la pandemia\"}]},{\"@type\":\"WebSite\",\"@id\":\"https:\/\/experienciadevida.com.ar\/portalurbano\/#website\",\"url\":\"https:\/\/experienciadevida.com.ar\/portalurbano\/\",\"name\":\"\",\"description\":\"\",\"publisher\":{\"@id\":\"https:\/\/experienciadevida.com.ar\/portalurbano\/#organization\"},\"potentialAction\":[{\"@type\":\"SearchAction\",\"target\":{\"@type\":\"EntryPoint\",\"urlTemplate\":\"https:\/\/experienciadevida.com.ar\/portalurbano\/?s={search_term_string}\"},\"query-input\":\"required name=search_term_string\"}],\"inLanguage\":\"es\"},{\"@type\":\"Organization\",\"@id\":\"https:\/\/experienciadevida.com.ar\/portalurbano\/#organization\",\"name\":\"Portal Urbano\",\"url\":\"https:\/\/experienciadevida.com.ar\/portalurbano\/\",\"logo\":{\"@type\":\"ImageObject\",\"inLanguage\":\"es\",\"@id\":\"https:\/\/experienciadevida.com.ar\/portalurbano\/#\/schema\/logo\/image\/\",\"url\":\"https:\/\/experienciadevida.com.ar\/portalurbano\/wp-content\/uploads\/2019\/09\/Logo-Original.png\",\"contentUrl\":\"https:\/\/experienciadevida.com.ar\/portalurbano\/wp-content\/uploads\/2019\/09\/Logo-Original.png\",\"width\":2236,\"height\":1216,\"caption\":\"Portal Urbano\"},\"image\":{\"@id\":\"https:\/\/experienciadevida.com.ar\/portalurbano\/#\/schema\/logo\/image\/\"},\"sameAs\":[\"https:\/\/www.facebook.com\/Portal-Urbano-171542830093757\/\",\"https:\/\/twitter.com\/portalurbanook\",\"https:\/\/www.instagram.com\/_portalurbano\/\",\"https:\/\/www.youtube.com\/channel\/UCXhagIfszH8KxFiOok79zbA?view_as=subscriber\"]},{\"@type\":\"Person\",\"@id\":\"https:\/\/experienciadevida.com.ar\/portalurbano\/#\/schema\/person\/02dd326b1c4b056e9cc972486934a3a7\",\"name\":\"admpu17wp\",\"image\":{\"@type\":\"ImageObject\",\"inLanguage\":\"es\",\"@id\":\"https:\/\/experienciadevida.com.ar\/portalurbano\/#\/schema\/person\/image\/\",\"url\":\"https:\/\/secure.gravatar.com\/avatar\/830d4c57adaae6630765e449a6908047?s=96&d=mm&r=g\",\"contentUrl\":\"https:\/\/secure.gravatar.com\/avatar\/830d4c57adaae6630765e449a6908047?s=96&d=mm&r=g\",\"caption\":\"admpu17wp\"}}]}<\/script>\n<!-- \/ Yoast SEO plugin. -->","yoast_head_json":{"title":"La fundaci\u00f3n Loma Negra lider\u00f3 programas por m\u00e1s de $80 millones","description":"La fundaci\u00f3n Loma Negra lider\u00f3 programas de inversi\u00f3n social por m\u00e1s de $80 millones durante el primer a\u00f1o de la pandemia a Olavarr\u00eda","robots":{"index":"index","follow":"follow","max-snippet":"max-snippet:-1","max-image-preview":"max-image-preview:large","max-video-preview":"max-video-preview:-1"},"canonical":"https:\/\/experienciadevida.com.ar\/portalurbano\/la-fundacion-loma-negra-lidero-programas-de-inversion-social-por-mas-de-80-millones-durante-el-primer-ano-de-la-pandemia\/","og_locale":"es_ES","og_type":"article","og_title":"La fundaci\u00f3n Loma Negra lider\u00f3 programas por m\u00e1s de $80 millones","og_description":"La fundaci\u00f3n Loma Negra lider\u00f3 programas de inversi\u00f3n social por m\u00e1s de $80 millones durante el primer a\u00f1o de la pandemia a Olavarr\u00eda","og_url":"https:\/\/experienciadevida.com.ar\/portalurbano\/la-fundacion-loma-negra-lidero-programas-de-inversion-social-por-mas-de-80-millones-durante-el-primer-ano-de-la-pandemia\/","article_publisher":"https:\/\/www.facebook.com\/Portal-Urbano-171542830093757\/","article_published_time":"2021-05-20T22:32:12+00:00","article_modified_time":"2021-05-20T22:34:01+00:00","og_image":[{"width":765,"height":402,"url":"https:\/\/experienciadevida.com.ar\/portalurbano\/wp-content\/uploads\/2020\/06\/LOMANEGRA.png","type":"image\/png"}],"author":"admpu17wp","twitter_card":"summary_large_image","twitter_creator":"@portalurbanook","twitter_site":"@portalurbanook","twitter_misc":{"Escrito por":"admpu17wp","Tiempo de lectura":"3 minutos"},"schema":{"@context":"https:\/\/schema.org","@graph":[{"@type":"Article","@id":"https:\/\/experienciadevida.com.ar\/portalurbano\/la-fundacion-loma-negra-lidero-programas-de-inversion-social-por-mas-de-80-millones-durante-el-primer-ano-de-la-pandemia\/#article","isPartOf":{"@id":"https:\/\/experienciadevida.com.ar\/portalurbano\/la-fundacion-loma-negra-lidero-programas-de-inversion-social-por-mas-de-80-millones-durante-el-primer-ano-de-la-pandemia\/"},"author":{"name":"admpu17wp","@id":"https:\/\/experienciadevida.com.ar\/portalurbano\/#\/schema\/person\/02dd326b1c4b056e9cc972486934a3a7"},"headline":"La fundaci\u00f3n Loma Negra lider\u00f3 programas de inversi\u00f3n social por m\u00e1s de $80 millones durante el primer a\u00f1o de la pandemia","datePublished":"2021-05-20T22:32:12+00:00","dateModified":"2021-05-20T22:34:01+00:00","mainEntityOfPage":{"@id":"https:\/\/experienciadevida.com.ar\/portalurbano\/la-fundacion-loma-negra-lidero-programas-de-inversion-social-por-mas-de-80-millones-durante-el-primer-ano-de-la-pandemia\/"},"wordCount":507,"publisher":{"@id":"https:\/\/experienciadevida.com.ar\/portalurbano\/#organization"},"articleSection":["Ciudad","Destacadas 2"],"inLanguage":"es"},{"@type":"WebPage","@id":"https:\/\/experienciadevida.com.ar\/portalurbano\/la-fundacion-loma-negra-lidero-programas-de-inversion-social-por-mas-de-80-millones-durante-el-primer-ano-de-la-pandemia\/","url":"https:\/\/experienciadevida.com.ar\/portalurbano\/la-fundacion-loma-negra-lidero-programas-de-inversion-social-por-mas-de-80-millones-durante-el-primer-ano-de-la-pandemia\/","name":"La fundaci\u00f3n Loma Negra lider\u00f3 programas por m\u00e1s de $80 millones","isPartOf":{"@id":"https:\/\/experienciadevida.com.ar\/portalurbano\/#website"},"datePublished":"2021-05-20T22:32:12+00:00","dateModified":"2021-05-20T22:34:01+00:00","description":"La fundaci\u00f3n Loma Negra lider\u00f3 programas de inversi\u00f3n social por m\u00e1s de $80 millones durante el primer a\u00f1o de la pandemia a Olavarr\u00eda","breadcrumb":{"@id":"https:\/\/experienciadevida.com.ar\/portalurbano\/la-fundacion-loma-negra-lidero-programas-de-inversion-social-por-mas-de-80-millones-durante-el-primer-ano-de-la-pandemia\/#breadcrumb"},"inLanguage":"es","potentialAction":[{"@type":"ReadAction","target":["https:\/\/experienciadevida.com.ar\/portalurbano\/la-fundacion-loma-negra-lidero-programas-de-inversion-social-por-mas-de-80-millones-durante-el-primer-ano-de-la-pandemia\/"]}]},{"@type":"BreadcrumbList","@id":"https:\/\/experienciadevida.com.ar\/portalurbano\/la-fundacion-loma-negra-lidero-programas-de-inversion-social-por-mas-de-80-millones-durante-el-primer-ano-de-la-pandemia\/#breadcrumb","itemListElement":[{"@type":"ListItem","position":1,"name":"Portada","item":"https:\/\/experienciadevida.com.ar\/portalurbano\/"},{"@type":"ListItem","position":2,"name":"La fundaci\u00f3n Loma Negra lider\u00f3 programas de inversi\u00f3n social por m\u00e1s de $80 millones durante el primer a\u00f1o de la pandemia"}]},{"@type":"WebSite","@id":"https:\/\/experienciadevida.com.ar\/portalurbano\/#website","url":"https:\/\/experienciadevida.com.ar\/portalurbano\/","name":"","description":"","publisher":{"@id":"https:\/\/experienciadevida.com.ar\/portalurbano\/#organization"},"potentialAction":[{"@type":"SearchAction","target":{"@type":"EntryPoint","urlTemplate":"https:\/\/experienciadevida.com.ar\/portalurbano\/?s={search_term_string}"},"query-input":"required name=search_term_string"}],"inLanguage":"es"},{"@type":"Organization","@id":"https:\/\/experienciadevida.com.ar\/portalurbano\/#organization","name":"Portal Urbano","url":"https:\/\/experienciadevida.com.ar\/portalurbano\/","logo":{"@type":"ImageObject","inLanguage":"es","@id":"https:\/\/experienciadevida.com.ar\/portalurbano\/#\/schema\/logo\/image\/","url":"https:\/\/experienciadevida.com.ar\/portalurbano\/wp-content\/uploads\/2019\/09\/Logo-Original.png","contentUrl":"https:\/\/experienciadevida.com.ar\/portalurbano\/wp-content\/uploads\/2019\/09\/Logo-Original.png","width":2236,"height":1216,"caption":"Portal Urbano"},"image":{"@id":"https:\/\/experienciadevida.com.ar\/portalurbano\/#\/schema\/logo\/image\/"},"sameAs":["https:\/\/www.facebook.com\/Portal-Urbano-171542830093757\/","https:\/\/twitter.com\/portalurbanook","https:\/\/www.instagram.com\/_portalurbano\/","https:\/\/www.youtube.com\/channel\/UCXhagIfszH8KxFiOok79zbA?view_as=subscriber"]},{"@type":"Person","@id":"https:\/\/experienciadevida.com.ar\/portalurbano\/#\/schema\/person\/02dd326b1c4b056e9cc972486934a3a7","name":"admpu17wp","image":{"@type":"ImageObject","inLanguage":"es","@id":"https:\/\/experienciadevida.com.ar\/portalurbano\/#\/schema\/person\/image\/","url":"https:\/\/secure.gravatar.com\/avatar\/830d4c57adaae6630765e449a6908047?s=96&d=mm&r=g","contentUrl":"https:\/\/secure.gravatar.com\/avatar\/830d4c57adaae6630765e449a6908047?s=96&d=mm&r=g","caption":"admpu17wp"}}]}},"featured_image_urls":{"full":["https:\/\/experienciadevida.com.ar\/portalurbano\/wp-content\/uploads\/2020\/06\/LOMANEGRA.png",765,402,false],"thumbnail":["https:\/\/experienciadevida.com.ar\/portalurbano\/wp-content\/uploads\/2020\/06\/LOMANEGRA-150x150.png",150,150,true],"medium":["https:\/\/experienciadevida.com.ar\/portalurbano\/wp-content\/uploads\/2020\/06\/LOMANEGRA-300x158.png",300,158,true],"medium_large":["https:\/\/experienciadevida.com.ar\/portalurbano\/wp-content\/uploads\/2020\/06\/LOMANEGRA.png",640,336,false],"large":["https:\/\/experienciadevida.com.ar\/portalurbano\/wp-content\/uploads\/2020\/06\/LOMANEGRA.png",640,336,false],"ug_big":["https:\/\/experienciadevida.com.ar\/portalurbano\/wp-content\/uploads\/2020\/06\/LOMANEGRA.png",765,402,false],"1536x1536":["https:\/\/experienciadevida.com.ar\/portalurbano\/wp-content\/uploads\/2020\/06\/LOMANEGRA.png",765,402,false],"2048x2048":["https:\/\/experienciadevida.com.ar\/portalurbano\/wp-content\/uploads\/2020\/06\/LOMANEGRA.png",765,402,false],"newsever-slider-full":["https:\/\/experienciadevida.com.ar\/portalurbano\/wp-content\/uploads\/2020\/06\/LOMANEGRA.png",765,402,false],"newsever-featured":["https:\/\/experienciadevida.com.ar\/portalurbano\/wp-content\/uploads\/2020\/06\/LOMANEGRA.png",765,402,false],"newsever-medium":["https:\/\/experienciadevida.com.ar\/portalurbano\/wp-content\/uploads\/2020\/06\/LOMANEGRA.png",720,378,false],"web-stories-poster-portrait":["https:\/\/experienciadevida.com.ar\/portalurbano\/wp-content\/uploads\/2020\/06\/LOMANEGRA.png",640,336,false],"web-stories-publisher-logo":["https:\/\/experienciadevida.com.ar\/portalurbano\/wp-content\/uploads\/2020\/06\/LOMANEGRA.png",96,50,false],"web-stories-thumbnail":["https:\/\/experienciadevida.com.ar\/portalurbano\/wp-content\/uploads\/2020\/06\/LOMANEGRA.png",150,79,false]},"author_info":{"display_name":"admpu17wp","author_link":"https:\/\/experienciadevida.com.ar\/portalurbano\/author\/admpu17wp\/"},"category_info":"<a href=\"https:\/\/experienciadevida.com.ar\/portalurbano\/category\/ciudad\/\" rel=\"category tag\">Ciudad<\/a> <a href=\"https:\/\/experienciadevida.com.ar\/portalurbano\/category\/destacadas-2\/\" rel=\"category tag\">Destacadas 2<\/a>","tag_info":"Destacadas 2","comment_count":"0","amp_enabled":true,"_links":{"self":[{"href":"https:\/\/experienciadevida.com.ar\/portalurbano\/wp-json\/wp\/v2\/posts\/143371"}],"collection":[{"href":"https:\/\/experienciadevida.com.ar\/portalurbano\/wp-json\/wp\/v2\/posts"}],"about":[{"href":"https:\/\/experienciadevida.com.ar\/portalurbano\/wp-json\/wp\/v2\/types\/post"}],"author":[{"embeddable":true,"href":"https:\/\/experienciadevida.com.ar\/portalurbano\/wp-json\/wp\/v2\/users\/1"}],"replies":[{"embeddable":true,"href":"https:\/\/experienciadevida.com.ar\/portalurbano\/wp-json\/wp\/v2\/comments?post=143371"}],"version-history":[{"count":2,"href":"https:\/\/experienciadevida.com.ar\/portalurbano\/wp-json\/wp\/v2\/posts\/143371\/revisions"}],"predecessor-version":[{"id":143373,"href":"https:\/\/experienciadevida.com.ar\/portalurbano\/wp-json\/wp\/v2\/posts\/143371\/revisions\/143373"}],"wp:featuredmedia":[{"embeddable":true,"href":"https:\/\/experienciadevida.com.ar\/portalurbano\/wp-json\/wp\/v2\/media\/111796"}],"wp:attachment":[{"href":"https:\/\/experienciadevida.com.ar\/portalurbano\/wp-json\/wp\/v2\/media?parent=143371"}],"wp:term":[{"taxonomy":"category","embeddable":true,"href":"https:\/\/experienciadevida.com.ar\/portalurbano\/wp-json\/wp\/v2\/categories?post=143371"},{"taxonomy":"post_tag","embeddable":true,"href":"https:\/\/experienciadevida.com.ar\/portalurbano\/wp-json\/wp\/v2\/tags?post=143371"}],"curies":[{"name":"wp","href":"https:\/\/api.w.org\/{rel}","templated":true}]}}