{"id":143253,"date":"2021-05-19T12:56:58","date_gmt":"2021-05-19T15:56:58","guid":{"rendered":"https:\/\/experienciadevida.com.ar\/portalurbano\/?p=143253"},"modified":"2021-05-19T12:57:29","modified_gmt":"2021-05-19T15:57:29","slug":"galli-se-reunio-con-jorge-macri-y-critico-la-decision-del-gobierno-sobre-el-cierre-de-exportacion-de-la-carne","status":"publish","type":"post","link":"https:\/\/experienciadevida.com.ar\/portalurbano\/galli-se-reunio-con-jorge-macri-y-critico-la-decision-del-gobierno-sobre-el-cierre-de-exportacion-de-la-carne\/","title":{"rendered":"Galli se reuni\u00f3 con Jorge Macri y critic\u00f3 la decisi\u00f3n del gobierno sobre el cierre de exportaci\u00f3n de la carne"},"content":{"rendered":"<p>Galli se reuni\u00f3 con Jorge Macri y critic\u00f3 la decisi\u00f3n del gobierno sobre el cierre de exportaci\u00f3n de la carne, la reuni\u00f3n fue en el d\u00eda de ayer y el Jefe comunal se expres\u00f3 a trav\u00e9s de su red social <a href=\"https:\/\/twitter.com\/ezequielgalli\/status\/1394825232288997376\">Twitter<\/a>.<\/p>\n<p>&#8220;Encuentro con Jorge Macri en el que analizamos la realidad de nuestros Municipios, intercambiamos ideas y trabajamos sobre objetivos en com\u00fan para seguir consolidando juntos por el cambio&#8221;, comenz\u00f3 tuiteando Galli.<\/p>\n<p>Adem\u00e1s remarc\u00f3 que &#8220;en el d\u00eda de ayer con mayor cantidad de fallecimientos y contagios desde que arranc\u00f3 la pandemia intentan reformar el ministerio p\u00fablico y fiscal y cometen nuevamente el enorme error de cerrar la exportaci\u00f3n de carne, creyendo que es la receta para controlar la inflaci\u00f3n&#8221;.<\/p>\n<p>Galli se reuni\u00f3 con Jorge Macri y en otro de los tuits, dijo &#8220;la guerra ideol\u00f3gica contra uno de los sectores m\u00e1s importantes de nuestro pa\u00eds, motor de la econom\u00eda de cada pueblo y ciudad del interior del pa\u00eds tendr\u00e1 otro cap\u00edtulo lamentablemente. Aplicar recetas que no funcionaron en el pasado parecer\u00eda ser la anti medida&#8221;.<\/p>\n<p>&#8220;Todo mi apoyo y solidaridad al sector agropecuario en este momento, generador de miles de empleos a lo largo y a lo ancho de nuestro hermoso pa\u00eds&#8221;.<\/p>\n<p><a href=\"https:\/\/experienciadevida.com.ar\/portalurbano\/cierre-de-exportaciones-de-carne-el-campo-anuncio-un-paro-por-ocho-dias\/\">El conflicto con el campo ocurri\u00f3 cuando desde el Gobierno nacional anunciaron el cierre de exportaci\u00f3n de la carne<\/a> por al menos 30 d\u00edas, esto hizo eco en el sector agropecuario anunciando un paro indeterminado tras esta decisi\u00f3n.<\/p>\n<p>La decisi\u00f3n que tom\u00f3 el Ejecutivo fue repudiada &#8220;es un error\u00a0 y un paso atr\u00e1s en todo sentido&#8221; \u201cEstamos totalmente convencidos que al peque\u00f1o y mediano productor, no s\u00f3lo de carne vacuna sino de cualquier tipo de carne, lo va a afectar seriamente, generando grandes deserciones del circuito productivo\u201d, hab\u00eda considerado Achetoni tras el anuncio del Gobierno, d\u00edas atr\u00e1s.<\/p>\n<p>Por \u00faltimo mencionaron que causar\u00e1 un da\u00f1o irreparable\u00a0 a un sector productivo o que ha demostrado que genera empleo y actividad en todo el territorio nacional.<\/p>\n","protected":false},"excerpt":{"rendered":"<p>Galli se reuni\u00f3 con Jorge Macri y critic\u00f3 la decisi\u00f3n del gobierno sobre el cierre&#8230;<\/p>\n","protected":false},"author":1,"featured_media":143254,"comment_status":"closed","ping_status":"closed","sticky":false,"template":"","format":"standard","meta":{"content-type":""},"categories":[64,43],"tags":[],"nelio_content":{"isAutoShareEnabled":false,"autoShareEndMode":"default","automationSources":{"useContentSentences":true,"useSocialTemplates":true,"useCustomSentences":false,"customSentences":[]},"followers":[1],"suggestedReferences":[],"includedReferences":[],"efiUrl":"","efiAlt":"","highlights":[]},"yoast_head":"<!-- This site is optimized with the Yoast SEO plugin v20.7 - https:\/\/yoast.com\/wordpress\/plugins\/seo\/ -->\n<title>El Intendente se reuni\u00f3 con Jorge Macri y critic\u00f3 la decisi\u00f3n del Gobierno<\/title>\n<meta name=\"description\" content=\"Galli se reuni\u00f3 con Jorge Macri y critic\u00f3 la decisi\u00f3n del gobierno sobre el cierre de exportaci\u00f3n de la carne, la reuni\u00f3n fue ayer.\" \/>\n<meta name=\"robots\" content=\"index, follow, max-snippet:-1, max-image-preview:large, max-video-preview:-1\" \/>\n<link rel=\"canonical\" href=\"https:\/\/experienciadevida.com.ar\/portalurbano\/galli-se-reunio-con-jorge-macri-y-critico-la-decision-del-gobierno-sobre-el-cierre-de-exportacion-de-la-carne\/\" \/>\n<meta property=\"og:locale\" content=\"es_ES\" \/>\n<meta property=\"og:type\" content=\"article\" \/>\n<meta property=\"og:title\" content=\"El Intendente se reuni\u00f3 con Jorge Macri y critic\u00f3 la decisi\u00f3n del Gobierno\" \/>\n<meta property=\"og:description\" content=\"Galli se reuni\u00f3 con Jorge Macri y critic\u00f3 la decisi\u00f3n del gobierno sobre el cierre de exportaci\u00f3n de la carne, la reuni\u00f3n fue ayer.\" \/>\n<meta property=\"og:url\" content=\"https:\/\/experienciadevida.com.ar\/portalurbano\/galli-se-reunio-con-jorge-macri-y-critico-la-decision-del-gobierno-sobre-el-cierre-de-exportacion-de-la-carne\/\" \/>\n<meta property=\"article:publisher\" content=\"https:\/\/www.facebook.com\/Portal-Urbano-171542830093757\/\" \/>\n<meta property=\"article:published_time\" content=\"2021-05-19T15:56:58+00:00\" \/>\n<meta property=\"article:modified_time\" content=\"2021-05-19T15:57:29+00:00\" \/>\n<meta property=\"og:image\" content=\"https:\/\/experienciadevida.com.ar\/portalurbano\/wp-content\/uploads\/2021\/05\/GALLI-CON-JORGE-MACRI.jpg\" \/>\n\t<meta property=\"og:image:width\" content=\"765\" \/>\n\t<meta property=\"og:image:height\" content=\"573\" \/>\n\t<meta property=\"og:image:type\" content=\"image\/jpeg\" \/>\n<meta name=\"author\" content=\"admpu17wp\" \/>\n<meta name=\"twitter:card\" content=\"summary_large_image\" \/>\n<meta name=\"twitter:creator\" content=\"@portalurbanook\" \/>\n<meta name=\"twitter:site\" content=\"@portalurbanook\" \/>\n<meta name=\"twitter:label1\" content=\"Escrito por\" \/>\n\t<meta name=\"twitter:data1\" content=\"admpu17wp\" \/>\n\t<meta name=\"twitter:label2\" content=\"Tiempo de lectura\" \/>\n\t<meta name=\"twitter:data2\" content=\"2 minutos\" \/>\n<script type=\"application\/ld+json\" class=\"yoast-schema-graph\">{\"@context\":\"https:\/\/schema.org\",\"@graph\":[{\"@type\":\"Article\",\"@id\":\"https:\/\/experienciadevida.com.ar\/portalurbano\/galli-se-reunio-con-jorge-macri-y-critico-la-decision-del-gobierno-sobre-el-cierre-de-exportacion-de-la-carne\/#article\",\"isPartOf\":{\"@id\":\"https:\/\/experienciadevida.com.ar\/portalurbano\/galli-se-reunio-con-jorge-macri-y-critico-la-decision-del-gobierno-sobre-el-cierre-de-exportacion-de-la-carne\/\"},\"author\":{\"name\":\"admpu17wp\",\"@id\":\"https:\/\/experienciadevida.com.ar\/portalurbano\/#\/schema\/person\/02dd326b1c4b056e9cc972486934a3a7\"},\"headline\":\"Galli se reuni\u00f3 con Jorge Macri y critic\u00f3 la decisi\u00f3n del gobierno sobre el cierre de exportaci\u00f3n de la carne\",\"datePublished\":\"2021-05-19T15:56:58+00:00\",\"dateModified\":\"2021-05-19T15:57:29+00:00\",\"mainEntityOfPage\":{\"@id\":\"https:\/\/experienciadevida.com.ar\/portalurbano\/galli-se-reunio-con-jorge-macri-y-critico-la-decision-del-gobierno-sobre-el-cierre-de-exportacion-de-la-carne\/\"},\"wordCount\":377,\"publisher\":{\"@id\":\"https:\/\/experienciadevida.com.ar\/portalurbano\/#organization\"},\"articleSection\":[\"Destacadas 2\",\"Pol\u00edtica\"],\"inLanguage\":\"es\"},{\"@type\":\"WebPage\",\"@id\":\"https:\/\/experienciadevida.com.ar\/portalurbano\/galli-se-reunio-con-jorge-macri-y-critico-la-decision-del-gobierno-sobre-el-cierre-de-exportacion-de-la-carne\/\",\"url\":\"https:\/\/experienciadevida.com.ar\/portalurbano\/galli-se-reunio-con-jorge-macri-y-critico-la-decision-del-gobierno-sobre-el-cierre-de-exportacion-de-la-carne\/\",\"name\":\"El Intendente se reuni\u00f3 con Jorge Macri y critic\u00f3 la decisi\u00f3n del Gobierno\",\"isPartOf\":{\"@id\":\"https:\/\/experienciadevida.com.ar\/portalurbano\/#website\"},\"datePublished\":\"2021-05-19T15:56:58+00:00\",\"dateModified\":\"2021-05-19T15:57:29+00:00\",\"description\":\"Galli se reuni\u00f3 con Jorge Macri y critic\u00f3 la decisi\u00f3n del gobierno sobre el cierre de exportaci\u00f3n de la carne, la reuni\u00f3n fue ayer.\",\"breadcrumb\":{\"@id\":\"https:\/\/experienciadevida.com.ar\/portalurbano\/galli-se-reunio-con-jorge-macri-y-critico-la-decision-del-gobierno-sobre-el-cierre-de-exportacion-de-la-carne\/#breadcrumb\"},\"inLanguage\":\"es\",\"potentialAction\":[{\"@type\":\"ReadAction\",\"target\":[\"https:\/\/experienciadevida.com.ar\/portalurbano\/galli-se-reunio-con-jorge-macri-y-critico-la-decision-del-gobierno-sobre-el-cierre-de-exportacion-de-la-carne\/\"]}]},{\"@type\":\"BreadcrumbList\",\"@id\":\"https:\/\/experienciadevida.com.ar\/portalurbano\/galli-se-reunio-con-jorge-macri-y-critico-la-decision-del-gobierno-sobre-el-cierre-de-exportacion-de-la-carne\/#breadcrumb\",\"itemListElement\":[{\"@type\":\"ListItem\",\"position\":1,\"name\":\"Portada\",\"item\":\"https:\/\/experienciadevida.com.ar\/portalurbano\/\"},{\"@type\":\"ListItem\",\"position\":2,\"name\":\"Galli se reuni\u00f3 con Jorge Macri y critic\u00f3 la decisi\u00f3n del gobierno sobre el cierre de exportaci\u00f3n de la carne\"}]},{\"@type\":\"WebSite\",\"@id\":\"https:\/\/experienciadevida.com.ar\/portalurbano\/#website\",\"url\":\"https:\/\/experienciadevida.com.ar\/portalurbano\/\",\"name\":\"\",\"description\":\"\",\"publisher\":{\"@id\":\"https:\/\/experienciadevida.com.ar\/portalurbano\/#organization\"},\"potentialAction\":[{\"@type\":\"SearchAction\",\"target\":{\"@type\":\"EntryPoint\",\"urlTemplate\":\"https:\/\/experienciadevida.com.ar\/portalurbano\/?s={search_term_string}\"},\"query-input\":\"required name=search_term_string\"}],\"inLanguage\":\"es\"},{\"@type\":\"Organization\",\"@id\":\"https:\/\/experienciadevida.com.ar\/portalurbano\/#organization\",\"name\":\"Portal Urbano\",\"url\":\"https:\/\/experienciadevida.com.ar\/portalurbano\/\",\"logo\":{\"@type\":\"ImageObject\",\"inLanguage\":\"es\",\"@id\":\"https:\/\/experienciadevida.com.ar\/portalurbano\/#\/schema\/logo\/image\/\",\"url\":\"https:\/\/experienciadevida.com.ar\/portalurbano\/wp-content\/uploads\/2019\/09\/Logo-Original.png\",\"contentUrl\":\"https:\/\/experienciadevida.com.ar\/portalurbano\/wp-content\/uploads\/2019\/09\/Logo-Original.png\",\"width\":2236,\"height\":1216,\"caption\":\"Portal Urbano\"},\"image\":{\"@id\":\"https:\/\/experienciadevida.com.ar\/portalurbano\/#\/schema\/logo\/image\/\"},\"sameAs\":[\"https:\/\/www.facebook.com\/Portal-Urbano-171542830093757\/\",\"https:\/\/twitter.com\/portalurbanook\",\"https:\/\/www.instagram.com\/_portalurbano\/\",\"https:\/\/www.youtube.com\/channel\/UCXhagIfszH8KxFiOok79zbA?view_as=subscriber\"]},{\"@type\":\"Person\",\"@id\":\"https:\/\/experienciadevida.com.ar\/portalurbano\/#\/schema\/person\/02dd326b1c4b056e9cc972486934a3a7\",\"name\":\"admpu17wp\",\"image\":{\"@type\":\"ImageObject\",\"inLanguage\":\"es\",\"@id\":\"https:\/\/experienciadevida.com.ar\/portalurbano\/#\/schema\/person\/image\/\",\"url\":\"https:\/\/secure.gravatar.com\/avatar\/830d4c57adaae6630765e449a6908047?s=96&d=mm&r=g\",\"contentUrl\":\"https:\/\/secure.gravatar.com\/avatar\/830d4c57adaae6630765e449a6908047?s=96&d=mm&r=g\",\"caption\":\"admpu17wp\"}}]}<\/script>\n<!-- \/ Yoast SEO plugin. -->","yoast_head_json":{"title":"El Intendente se reuni\u00f3 con Jorge Macri y critic\u00f3 la decisi\u00f3n del Gobierno","description":"Galli se reuni\u00f3 con Jorge Macri y critic\u00f3 la decisi\u00f3n del gobierno sobre el cierre de exportaci\u00f3n de la carne, la reuni\u00f3n fue ayer.","robots":{"index":"index","follow":"follow","max-snippet":"max-snippet:-1","max-image-preview":"max-image-preview:large","max-video-preview":"max-video-preview:-1"},"canonical":"https:\/\/experienciadevida.com.ar\/portalurbano\/galli-se-reunio-con-jorge-macri-y-critico-la-decision-del-gobierno-sobre-el-cierre-de-exportacion-de-la-carne\/","og_locale":"es_ES","og_type":"article","og_title":"El Intendente se reuni\u00f3 con Jorge Macri y critic\u00f3 la decisi\u00f3n del Gobierno","og_description":"Galli se reuni\u00f3 con Jorge Macri y critic\u00f3 la decisi\u00f3n del gobierno sobre el cierre de exportaci\u00f3n de la carne, la reuni\u00f3n fue ayer.","og_url":"https:\/\/experienciadevida.com.ar\/portalurbano\/galli-se-reunio-con-jorge-macri-y-critico-la-decision-del-gobierno-sobre-el-cierre-de-exportacion-de-la-carne\/","article_publisher":"https:\/\/www.facebook.com\/Portal-Urbano-171542830093757\/","article_published_time":"2021-05-19T15:56:58+00:00","article_modified_time":"2021-05-19T15:57:29+00:00","og_image":[{"width":765,"height":573,"url":"https:\/\/experienciadevida.com.ar\/portalurbano\/wp-content\/uploads\/2021\/05\/GALLI-CON-JORGE-MACRI.jpg","type":"image\/jpeg"}],"author":"admpu17wp","twitter_card":"summary_large_image","twitter_creator":"@portalurbanook","twitter_site":"@portalurbanook","twitter_misc":{"Escrito por":"admpu17wp","Tiempo de lectura":"2 minutos"},"schema":{"@context":"https:\/\/schema.org","@graph":[{"@type":"Article","@id":"https:\/\/experienciadevida.com.ar\/portalurbano\/galli-se-reunio-con-jorge-macri-y-critico-la-decision-del-gobierno-sobre-el-cierre-de-exportacion-de-la-carne\/#article","isPartOf":{"@id":"https:\/\/experienciadevida.com.ar\/portalurbano\/galli-se-reunio-con-jorge-macri-y-critico-la-decision-del-gobierno-sobre-el-cierre-de-exportacion-de-la-carne\/"},"author":{"name":"admpu17wp","@id":"https:\/\/experienciadevida.com.ar\/portalurbano\/#\/schema\/person\/02dd326b1c4b056e9cc972486934a3a7"},"headline":"Galli se reuni\u00f3 con Jorge Macri y critic\u00f3 la decisi\u00f3n del gobierno sobre el cierre de exportaci\u00f3n de la carne","datePublished":"2021-05-19T15:56:58+00:00","dateModified":"2021-05-19T15:57:29+00:00","mainEntityOfPage":{"@id":"https:\/\/experienciadevida.com.ar\/portalurbano\/galli-se-reunio-con-jorge-macri-y-critico-la-decision-del-gobierno-sobre-el-cierre-de-exportacion-de-la-carne\/"},"wordCount":377,"publisher":{"@id":"https:\/\/experienciadevida.com.ar\/portalurbano\/#organization"},"articleSection":["Destacadas 2","Pol\u00edtica"],"inLanguage":"es"},{"@type":"WebPage","@id":"https:\/\/experienciadevida.com.ar\/portalurbano\/galli-se-reunio-con-jorge-macri-y-critico-la-decision-del-gobierno-sobre-el-cierre-de-exportacion-de-la-carne\/","url":"https:\/\/experienciadevida.com.ar\/portalurbano\/galli-se-reunio-con-jorge-macri-y-critico-la-decision-del-gobierno-sobre-el-cierre-de-exportacion-de-la-carne\/","name":"El Intendente se reuni\u00f3 con Jorge Macri y critic\u00f3 la decisi\u00f3n del Gobierno","isPartOf":{"@id":"https:\/\/experienciadevida.com.ar\/portalurbano\/#website"},"datePublished":"2021-05-19T15:56:58+00:00","dateModified":"2021-05-19T15:57:29+00:00","description":"Galli se reuni\u00f3 con Jorge Macri y critic\u00f3 la decisi\u00f3n del gobierno sobre el cierre de exportaci\u00f3n de la carne, la reuni\u00f3n fue ayer.","breadcrumb":{"@id":"https:\/\/experienciadevida.com.ar\/portalurbano\/galli-se-reunio-con-jorge-macri-y-critico-la-decision-del-gobierno-sobre-el-cierre-de-exportacion-de-la-carne\/#breadcrumb"},"inLanguage":"es","potentialAction":[{"@type":"ReadAction","target":["https:\/\/experienciadevida.com.ar\/portalurbano\/galli-se-reunio-con-jorge-macri-y-critico-la-decision-del-gobierno-sobre-el-cierre-de-exportacion-de-la-carne\/"]}]},{"@type":"BreadcrumbList","@id":"https:\/\/experienciadevida.com.ar\/portalurbano\/galli-se-reunio-con-jorge-macri-y-critico-la-decision-del-gobierno-sobre-el-cierre-de-exportacion-de-la-carne\/#breadcrumb","itemListElement":[{"@type":"ListItem","position":1,"name":"Portada","item":"https:\/\/experienciadevida.com.ar\/portalurbano\/"},{"@type":"ListItem","position":2,"name":"Galli se reuni\u00f3 con Jorge Macri y critic\u00f3 la decisi\u00f3n del gobierno sobre el cierre de exportaci\u00f3n de la carne"}]},{"@type":"WebSite","@id":"https:\/\/experienciadevida.com.ar\/portalurbano\/#website","url":"https:\/\/experienciadevida.com.ar\/portalurbano\/","name":"","description":"","publisher":{"@id":"https:\/\/experienciadevida.com.ar\/portalurbano\/#organization"},"potentialAction":[{"@type":"SearchAction","target":{"@type":"EntryPoint","urlTemplate":"https:\/\/experienciadevida.com.ar\/portalurbano\/?s={search_term_string}"},"query-input":"required name=search_term_string"}],"inLanguage":"es"},{"@type":"Organization","@id":"https:\/\/experienciadevida.com.ar\/portalurbano\/#organization","name":"Portal Urbano","url":"https:\/\/experienciadevida.com.ar\/portalurbano\/","logo":{"@type":"ImageObject","inLanguage":"es","@id":"https:\/\/experienciadevida.com.ar\/portalurbano\/#\/schema\/logo\/image\/","url":"https:\/\/experienciadevida.com.ar\/portalurbano\/wp-content\/uploads\/2019\/09\/Logo-Original.png","contentUrl":"https:\/\/experienciadevida.com.ar\/portalurbano\/wp-content\/uploads\/2019\/09\/Logo-Original.png","width":2236,"height":1216,"caption":"Portal Urbano"},"image":{"@id":"https:\/\/experienciadevida.com.ar\/portalurbano\/#\/schema\/logo\/image\/"},"sameAs":["https:\/\/www.facebook.com\/Portal-Urbano-171542830093757\/","https:\/\/twitter.com\/portalurbanook","https:\/\/www.instagram.com\/_portalurbano\/","https:\/\/www.youtube.com\/channel\/UCXhagIfszH8KxFiOok79zbA?view_as=subscriber"]},{"@type":"Person","@id":"https:\/\/experienciadevida.com.ar\/portalurbano\/#\/schema\/person\/02dd326b1c4b056e9cc972486934a3a7","name":"admpu17wp","image":{"@type":"ImageObject","inLanguage":"es","@id":"https:\/\/experienciadevida.com.ar\/portalurbano\/#\/schema\/person\/image\/","url":"https:\/\/secure.gravatar.com\/avatar\/830d4c57adaae6630765e449a6908047?s=96&d=mm&r=g","contentUrl":"https:\/\/secure.gravatar.com\/avatar\/830d4c57adaae6630765e449a6908047?s=96&d=mm&r=g","caption":"admpu17wp"}}]}},"featured_image_urls":{"full":["https:\/\/experienciadevida.com.ar\/portalurbano\/wp-content\/uploads\/2021\/05\/GALLI-CON-JORGE-MACRI.jpg",765,573,false],"thumbnail":["https:\/\/experienciadevida.com.ar\/portalurbano\/wp-content\/uploads\/2021\/05\/GALLI-CON-JORGE-MACRI-150x150.jpg",150,150,true],"medium":["https:\/\/experienciadevida.com.ar\/portalurbano\/wp-content\/uploads\/2021\/05\/GALLI-CON-JORGE-MACRI-300x225.jpg",300,225,true],"medium_large":["https:\/\/experienciadevida.com.ar\/portalurbano\/wp-content\/uploads\/2021\/05\/GALLI-CON-JORGE-MACRI.jpg",640,479,false],"large":["https:\/\/experienciadevida.com.ar\/portalurbano\/wp-content\/uploads\/2021\/05\/GALLI-CON-JORGE-MACRI.jpg",640,479,false],"ug_big":["https:\/\/experienciadevida.com.ar\/portalurbano\/wp-content\/uploads\/2021\/05\/GALLI-CON-JORGE-MACRI.jpg",765,573,false],"1536x1536":["https:\/\/experienciadevida.com.ar\/portalurbano\/wp-content\/uploads\/2021\/05\/GALLI-CON-JORGE-MACRI.jpg",765,573,false],"2048x2048":["https:\/\/experienciadevida.com.ar\/portalurbano\/wp-content\/uploads\/2021\/05\/GALLI-CON-JORGE-MACRI.jpg",765,573,false],"newsever-slider-full":["https:\/\/experienciadevida.com.ar\/portalurbano\/wp-content\/uploads\/2021\/05\/GALLI-CON-JORGE-MACRI.jpg",765,573,false],"newsever-featured":["https:\/\/experienciadevida.com.ar\/portalurbano\/wp-content\/uploads\/2021\/05\/GALLI-CON-JORGE-MACRI.jpg",765,573,false],"newsever-medium":["https:\/\/experienciadevida.com.ar\/portalurbano\/wp-content\/uploads\/2021\/05\/GALLI-CON-JORGE-MACRI.jpg",634,475,false],"web-stories-poster-portrait":["https:\/\/experienciadevida.com.ar\/portalurbano\/wp-content\/uploads\/2021\/05\/GALLI-CON-JORGE-MACRI.jpg",640,479,false],"web-stories-publisher-logo":["https:\/\/experienciadevida.com.ar\/portalurbano\/wp-content\/uploads\/2021\/05\/GALLI-CON-JORGE-MACRI.jpg",96,72,false],"web-stories-thumbnail":["https:\/\/experienciadevida.com.ar\/portalurbano\/wp-content\/uploads\/2021\/05\/GALLI-CON-JORGE-MACRI.jpg",150,112,false]},"author_info":{"display_name":"admpu17wp","author_link":"https:\/\/experienciadevida.com.ar\/portalurbano\/author\/admpu17wp\/"},"category_info":"<a href=\"https:\/\/experienciadevida.com.ar\/portalurbano\/category\/destacadas-2\/\" rel=\"category tag\">Destacadas 2<\/a> <a href=\"https:\/\/experienciadevida.com.ar\/portalurbano\/category\/politica\/\" rel=\"category tag\">Pol\u00edtica<\/a>","tag_info":"Pol\u00edtica","comment_count":"0","amp_enabled":true,"_links":{"self":[{"href":"https:\/\/experienciadevida.com.ar\/portalurbano\/wp-json\/wp\/v2\/posts\/143253"}],"collection":[{"href":"https:\/\/experienciadevida.com.ar\/portalurbano\/wp-json\/wp\/v2\/posts"}],"about":[{"href":"https:\/\/experienciadevida.com.ar\/portalurbano\/wp-json\/wp\/v2\/types\/post"}],"author":[{"embeddable":true,"href":"https:\/\/experienciadevida.com.ar\/portalurbano\/wp-json\/wp\/v2\/users\/1"}],"replies":[{"embeddable":true,"href":"https:\/\/experienciadevida.com.ar\/portalurbano\/wp-json\/wp\/v2\/comments?post=143253"}],"version-history":[{"count":2,"href":"https:\/\/experienciadevida.com.ar\/portalurbano\/wp-json\/wp\/v2\/posts\/143253\/revisions"}],"predecessor-version":[{"id":143256,"href":"https:\/\/experienciadevida.com.ar\/portalurbano\/wp-json\/wp\/v2\/posts\/143253\/revisions\/143256"}],"wp:featuredmedia":[{"embeddable":true,"href":"https:\/\/experienciadevida.com.ar\/portalurbano\/wp-json\/wp\/v2\/media\/143254"}],"wp:attachment":[{"href":"https:\/\/experienciadevida.com.ar\/portalurbano\/wp-json\/wp\/v2\/media?parent=143253"}],"wp:term":[{"taxonomy":"category","embeddable":true,"href":"https:\/\/experienciadevida.com.ar\/portalurbano\/wp-json\/wp\/v2\/categories?post=143253"},{"taxonomy":"post_tag","embeddable":true,"href":"https:\/\/experienciadevida.com.ar\/portalurbano\/wp-json\/wp\/v2\/tags?post=143253"}],"curies":[{"name":"wp","href":"https:\/\/api.w.org\/{rel}","templated":true}]}}