{"id":143221,"date":"2021-05-19T10:49:10","date_gmt":"2021-05-19T13:49:10","guid":{"rendered":"https:\/\/experienciadevida.com.ar\/portalurbano\/?p=143221"},"modified":"2021-05-19T10:51:36","modified_gmt":"2021-05-19T13:51:36","slug":"en-ningun-momento-planteamos-en-lo-inmediato-la-explotacion-del-cerro-largo","status":"publish","type":"post","link":"https:\/\/experienciadevida.com.ar\/portalurbano\/en-ningun-momento-planteamos-en-lo-inmediato-la-explotacion-del-cerro-largo\/","title":{"rendered":"&#8220;En ning\u00fan momento planteamos en lo inmediato la explotaci\u00f3n del Cerro Largo&#8221;"},"content":{"rendered":"<p>&#8220;En ning\u00fan momento planteamos en lo inmediato la explotaci\u00f3n del Cerro Largo&#8221;,\u00a0 as\u00ed lo dijo el subsecretario de Miner\u00eda, <a href=\"https:\/\/www.facebook.com\/FedericoAguile5\">Federico Aguilera<\/a>, afirm\u00f3 que a\u00fan no tienen definida la zona donde se ubicar\u00e1 la reserva natural del cerro, pero adelant\u00f3 que va a ocupar, al menos, la mitad de las 320 hect\u00e1reas de extensi\u00f3n del mismo, declar\u00f3 adem\u00e1s que entiende a los vecinos que se preocuparon.<\/p>\n<p>&#8220;Hace algunos d\u00edas que venimos trabajando en este tema manteniendo reuniones con las autoridades de fabricaciones militares y tambi\u00e9n con el grupo de vecinos autoconvocados que est\u00e1n en estos momentos realizando pedidos y\u00a0 reclamos que tiene que ver con la creaci\u00f3n de un \u00e1rea de reserva natural en cerro largo, y es en funci\u00f3n de esa demanda que nosotros desde el \u00e1rea de miner\u00eda que siempre tenemos la intenci\u00f3n de buscar ese equilibrio de lo que es la promoci\u00f3n de la explotaci\u00f3n minera tan importante para nuestro partido y para la generaci\u00f3n de fuentes de trabajo por la creaci\u00f3n de recursos para nuestro partido pero tambi\u00e9n con este equilibrio necesario encontrar el desarrollo y la preservaci\u00f3n del medio ambiente y los intereses de otros sectores de la comunidad, es por eso que tuvimos las reuniones con las autoridades de fabricaciones militares en este caso con el Presidente ya que el predio de cerro largo corresponde al \u00e1rea de ministerio de defensa de la naci\u00f3n espec\u00edficamente a fabricaciones militares y se confirm\u00f3 que se va a llevar adelante la conservaci\u00f3n de una reserva natural que va a tener el objetivo de trabajar en la conservaci\u00f3n&#8221;.<\/p>\n<p>Por otro lado mencion\u00f3 &#8220;en ning\u00fan momento planteamos en lo inmediato la explotaci\u00f3n del cerro largo&#8221; &#8220;el cerro largo tiene una extensi\u00f3n de m\u00e1s de 300 hect\u00e1reas, lo que ocupa el cerro largo y el \u00e1rea a demarcar todav\u00eda no est\u00e1 definida eso se va a trabajar con el grupo de especialistas del Ministerio de defensa y cuando est\u00e9 la propuesta nos van a acercar va a salir la resoluci\u00f3n, en ning\u00fan momento se charl\u00f3 o se plante\u00f3 la posibilidad de explotaci\u00f3n minera de cerro largo en lo que se va a trabajar es en la conservaci\u00f3n que se va a denominar reserva para la defensa y a partir de la cual se va a\u00a0 conformar tambi\u00e9n una comisi\u00f3n en la que va a estar interviniendo el \u00e1rea de parques nacionales y del ministerio de defensa y se va a conformar un grupo o una comisi\u00f3n integrada por los vecinos de la localidad para determinar c\u00f3mo va a hacer la utilizaci\u00f3n y las tareas de preservaci\u00f3n de esa reserva natural&#8221;.<\/p>\n<p>&#8220;Quedan definir algunas cuestiones y el \u00e1rea todav\u00eda no est\u00e1 habilitada pero una parte importante del cerro va a estar destinada\u00a0 a esta finalidad. Hoy en la actualidad no hay ninguna explotaci\u00f3n activa en la zona del cerro, es un cerro virgen en el sentido de la explotaci\u00f3n minera no se ha explotado en ning\u00fan lado ni en la parte central, si hay explotaciones cercanas la m\u00e1s conocida es al pie del cerro, pero despu\u00e9s no hay proyectos concretos de pedidos de explotaci\u00f3n en el cerro al menos en el ministerio de defensa. No nos corresponde entregar ese predio a ning\u00fan productor minero&#8221;.<\/p>\n<p>A su vez Aguilera mencion\u00f3 &#8220;hubo dos interpretaciones una que me parece bien intencionada y otra que fue un poco m\u00e1s malintencionada y err\u00f3nea es la que confundi\u00f3 de que hab\u00eda alguna explotaci\u00f3n. De manera preventiva, realizaron esta movida para dejar sentado que bajo ning\u00fan punto de vista se haga explotaci\u00f3n en el\u00a0 cerro&#8221;.<\/p>\n<p>Para finalizar coment\u00f3 &#8220;tiene que haber guardaparque en esa \u00e1rea, se estuvo charlando de realizar intervenciones&#8221;.<\/p>\n<p>Fuente: Radio Olavarr\u00eda<\/p>\n","protected":false},"excerpt":{"rendered":"<p>&#8220;En ning\u00fan momento planteamos en lo inmediato la explotaci\u00f3n del Cerro Largo&#8221;,\u00a0 as\u00ed lo dijo&#8230;<\/p>\n","protected":false},"author":1,"featured_media":142460,"comment_status":"closed","ping_status":"closed","sticky":false,"template":"","format":"standard","meta":{"content-type":""},"categories":[27,51],"tags":[],"nelio_content":{"isAutoShareEnabled":false,"autoShareEndMode":"default","automationSources":{"useContentSentences":true,"useSocialTemplates":true,"useCustomSentences":false,"customSentences":[]},"followers":[1],"suggestedReferences":[],"includedReferences":[],"efiUrl":"","efiAlt":"","highlights":[]},"yoast_head":"<!-- This site is optimized with the Yoast SEO plugin v20.7 - https:\/\/yoast.com\/wordpress\/plugins\/seo\/ -->\n<title>&quot;En ning\u00fan momento planteamos en lo inmediato la explotaci\u00f3n del cerro&quot;<\/title>\n<meta name=\"description\" content=\"&quot;En ning\u00fan momento planteamos en lo inmediato la explotaci\u00f3n del Cerro Largo&quot;,\u00a0 as\u00ed lo dijo el subsecretario de Miner\u00eda, Federico Aguilera\" \/>\n<meta name=\"robots\" content=\"index, follow, max-snippet:-1, max-image-preview:large, max-video-preview:-1\" \/>\n<link rel=\"canonical\" href=\"https:\/\/experienciadevida.com.ar\/portalurbano\/en-ningun-momento-planteamos-en-lo-inmediato-la-explotacion-del-cerro-largo\/\" \/>\n<meta property=\"og:locale\" content=\"es_ES\" \/>\n<meta property=\"og:type\" content=\"article\" \/>\n<meta property=\"og:title\" content=\"&quot;En ning\u00fan momento planteamos en lo inmediato la explotaci\u00f3n del cerro&quot;\" \/>\n<meta property=\"og:description\" content=\"&quot;En ning\u00fan momento planteamos en lo inmediato la explotaci\u00f3n del Cerro Largo&quot;,\u00a0 as\u00ed lo dijo el subsecretario de Miner\u00eda, Federico Aguilera\" \/>\n<meta property=\"og:url\" content=\"https:\/\/experienciadevida.com.ar\/portalurbano\/en-ningun-momento-planteamos-en-lo-inmediato-la-explotacion-del-cerro-largo\/\" \/>\n<meta property=\"article:publisher\" content=\"https:\/\/www.facebook.com\/Portal-Urbano-171542830093757\/\" \/>\n<meta property=\"article:published_time\" content=\"2021-05-19T13:49:10+00:00\" \/>\n<meta property=\"article:modified_time\" content=\"2021-05-19T13:51:36+00:00\" \/>\n<meta property=\"og:image\" content=\"https:\/\/experienciadevida.com.ar\/portalurbano\/wp-content\/uploads\/2021\/05\/Cerro-largo.jpg\" \/>\n\t<meta property=\"og:image:width\" content=\"1048\" \/>\n\t<meta property=\"og:image:height\" content=\"549\" \/>\n\t<meta property=\"og:image:type\" content=\"image\/jpeg\" \/>\n<meta name=\"author\" content=\"admpu17wp\" \/>\n<meta name=\"twitter:card\" content=\"summary_large_image\" \/>\n<meta name=\"twitter:creator\" content=\"@portalurbanook\" \/>\n<meta name=\"twitter:site\" content=\"@portalurbanook\" \/>\n<meta name=\"twitter:label1\" content=\"Escrito por\" \/>\n\t<meta name=\"twitter:data1\" content=\"admpu17wp\" \/>\n\t<meta name=\"twitter:label2\" content=\"Tiempo de lectura\" \/>\n\t<meta name=\"twitter:data2\" content=\"3 minutos\" \/>\n<script type=\"application\/ld+json\" class=\"yoast-schema-graph\">{\"@context\":\"https:\/\/schema.org\",\"@graph\":[{\"@type\":\"Article\",\"@id\":\"https:\/\/experienciadevida.com.ar\/portalurbano\/en-ningun-momento-planteamos-en-lo-inmediato-la-explotacion-del-cerro-largo\/#article\",\"isPartOf\":{\"@id\":\"https:\/\/experienciadevida.com.ar\/portalurbano\/en-ningun-momento-planteamos-en-lo-inmediato-la-explotacion-del-cerro-largo\/\"},\"author\":{\"name\":\"admpu17wp\",\"@id\":\"https:\/\/experienciadevida.com.ar\/portalurbano\/#\/schema\/person\/02dd326b1c4b056e9cc972486934a3a7\"},\"headline\":\"&#8220;En ning\u00fan momento planteamos en lo inmediato la explotaci\u00f3n del Cerro Largo&#8221;\",\"datePublished\":\"2021-05-19T13:49:10+00:00\",\"dateModified\":\"2021-05-19T13:51:36+00:00\",\"mainEntityOfPage\":{\"@id\":\"https:\/\/experienciadevida.com.ar\/portalurbano\/en-ningun-momento-planteamos-en-lo-inmediato-la-explotacion-del-cerro-largo\/\"},\"wordCount\":672,\"publisher\":{\"@id\":\"https:\/\/experienciadevida.com.ar\/portalurbano\/#organization\"},\"articleSection\":[\"Ciudad\",\"Destacadas\"],\"inLanguage\":\"es\"},{\"@type\":\"WebPage\",\"@id\":\"https:\/\/experienciadevida.com.ar\/portalurbano\/en-ningun-momento-planteamos-en-lo-inmediato-la-explotacion-del-cerro-largo\/\",\"url\":\"https:\/\/experienciadevida.com.ar\/portalurbano\/en-ningun-momento-planteamos-en-lo-inmediato-la-explotacion-del-cerro-largo\/\",\"name\":\"\\\"En ning\u00fan momento planteamos en lo inmediato la explotaci\u00f3n del cerro\\\"\",\"isPartOf\":{\"@id\":\"https:\/\/experienciadevida.com.ar\/portalurbano\/#website\"},\"datePublished\":\"2021-05-19T13:49:10+00:00\",\"dateModified\":\"2021-05-19T13:51:36+00:00\",\"description\":\"\\\"En ning\u00fan momento planteamos en lo inmediato la explotaci\u00f3n del Cerro Largo\\\",\u00a0 as\u00ed lo dijo el subsecretario de Miner\u00eda, Federico Aguilera\",\"breadcrumb\":{\"@id\":\"https:\/\/experienciadevida.com.ar\/portalurbano\/en-ningun-momento-planteamos-en-lo-inmediato-la-explotacion-del-cerro-largo\/#breadcrumb\"},\"inLanguage\":\"es\",\"potentialAction\":[{\"@type\":\"ReadAction\",\"target\":[\"https:\/\/experienciadevida.com.ar\/portalurbano\/en-ningun-momento-planteamos-en-lo-inmediato-la-explotacion-del-cerro-largo\/\"]}]},{\"@type\":\"BreadcrumbList\",\"@id\":\"https:\/\/experienciadevida.com.ar\/portalurbano\/en-ningun-momento-planteamos-en-lo-inmediato-la-explotacion-del-cerro-largo\/#breadcrumb\",\"itemListElement\":[{\"@type\":\"ListItem\",\"position\":1,\"name\":\"Portada\",\"item\":\"https:\/\/experienciadevida.com.ar\/portalurbano\/\"},{\"@type\":\"ListItem\",\"position\":2,\"name\":\"\u00abEn ning\u00fan momento planteamos en lo inmediato la explotaci\u00f3n del Cerro Largo\u00bb\"}]},{\"@type\":\"WebSite\",\"@id\":\"https:\/\/experienciadevida.com.ar\/portalurbano\/#website\",\"url\":\"https:\/\/experienciadevida.com.ar\/portalurbano\/\",\"name\":\"\",\"description\":\"\",\"publisher\":{\"@id\":\"https:\/\/experienciadevida.com.ar\/portalurbano\/#organization\"},\"potentialAction\":[{\"@type\":\"SearchAction\",\"target\":{\"@type\":\"EntryPoint\",\"urlTemplate\":\"https:\/\/experienciadevida.com.ar\/portalurbano\/?s={search_term_string}\"},\"query-input\":\"required name=search_term_string\"}],\"inLanguage\":\"es\"},{\"@type\":\"Organization\",\"@id\":\"https:\/\/experienciadevida.com.ar\/portalurbano\/#organization\",\"name\":\"Portal Urbano\",\"url\":\"https:\/\/experienciadevida.com.ar\/portalurbano\/\",\"logo\":{\"@type\":\"ImageObject\",\"inLanguage\":\"es\",\"@id\":\"https:\/\/experienciadevida.com.ar\/portalurbano\/#\/schema\/logo\/image\/\",\"url\":\"https:\/\/experienciadevida.com.ar\/portalurbano\/wp-content\/uploads\/2019\/09\/Logo-Original.png\",\"contentUrl\":\"https:\/\/experienciadevida.com.ar\/portalurbano\/wp-content\/uploads\/2019\/09\/Logo-Original.png\",\"width\":2236,\"height\":1216,\"caption\":\"Portal Urbano\"},\"image\":{\"@id\":\"https:\/\/experienciadevida.com.ar\/portalurbano\/#\/schema\/logo\/image\/\"},\"sameAs\":[\"https:\/\/www.facebook.com\/Portal-Urbano-171542830093757\/\",\"https:\/\/twitter.com\/portalurbanook\",\"https:\/\/www.instagram.com\/_portalurbano\/\",\"https:\/\/www.youtube.com\/channel\/UCXhagIfszH8KxFiOok79zbA?view_as=subscriber\"]},{\"@type\":\"Person\",\"@id\":\"https:\/\/experienciadevida.com.ar\/portalurbano\/#\/schema\/person\/02dd326b1c4b056e9cc972486934a3a7\",\"name\":\"admpu17wp\",\"image\":{\"@type\":\"ImageObject\",\"inLanguage\":\"es\",\"@id\":\"https:\/\/experienciadevida.com.ar\/portalurbano\/#\/schema\/person\/image\/\",\"url\":\"https:\/\/secure.gravatar.com\/avatar\/830d4c57adaae6630765e449a6908047?s=96&d=mm&r=g\",\"contentUrl\":\"https:\/\/secure.gravatar.com\/avatar\/830d4c57adaae6630765e449a6908047?s=96&d=mm&r=g\",\"caption\":\"admpu17wp\"}}]}<\/script>\n<!-- \/ Yoast SEO plugin. -->","yoast_head_json":{"title":"\"En ning\u00fan momento planteamos en lo inmediato la explotaci\u00f3n del cerro\"","description":"\"En ning\u00fan momento planteamos en lo inmediato la explotaci\u00f3n del Cerro Largo\",\u00a0 as\u00ed lo dijo el subsecretario de Miner\u00eda, Federico Aguilera","robots":{"index":"index","follow":"follow","max-snippet":"max-snippet:-1","max-image-preview":"max-image-preview:large","max-video-preview":"max-video-preview:-1"},"canonical":"https:\/\/experienciadevida.com.ar\/portalurbano\/en-ningun-momento-planteamos-en-lo-inmediato-la-explotacion-del-cerro-largo\/","og_locale":"es_ES","og_type":"article","og_title":"\"En ning\u00fan momento planteamos en lo inmediato la explotaci\u00f3n del cerro\"","og_description":"\"En ning\u00fan momento planteamos en lo inmediato la explotaci\u00f3n del Cerro Largo\",\u00a0 as\u00ed lo dijo el subsecretario de Miner\u00eda, Federico Aguilera","og_url":"https:\/\/experienciadevida.com.ar\/portalurbano\/en-ningun-momento-planteamos-en-lo-inmediato-la-explotacion-del-cerro-largo\/","article_publisher":"https:\/\/www.facebook.com\/Portal-Urbano-171542830093757\/","article_published_time":"2021-05-19T13:49:10+00:00","article_modified_time":"2021-05-19T13:51:36+00:00","og_image":[{"width":1048,"height":549,"url":"https:\/\/experienciadevida.com.ar\/portalurbano\/wp-content\/uploads\/2021\/05\/Cerro-largo.jpg","type":"image\/jpeg"}],"author":"admpu17wp","twitter_card":"summary_large_image","twitter_creator":"@portalurbanook","twitter_site":"@portalurbanook","twitter_misc":{"Escrito por":"admpu17wp","Tiempo de lectura":"3 minutos"},"schema":{"@context":"https:\/\/schema.org","@graph":[{"@type":"Article","@id":"https:\/\/experienciadevida.com.ar\/portalurbano\/en-ningun-momento-planteamos-en-lo-inmediato-la-explotacion-del-cerro-largo\/#article","isPartOf":{"@id":"https:\/\/experienciadevida.com.ar\/portalurbano\/en-ningun-momento-planteamos-en-lo-inmediato-la-explotacion-del-cerro-largo\/"},"author":{"name":"admpu17wp","@id":"https:\/\/experienciadevida.com.ar\/portalurbano\/#\/schema\/person\/02dd326b1c4b056e9cc972486934a3a7"},"headline":"&#8220;En ning\u00fan momento planteamos en lo inmediato la explotaci\u00f3n del Cerro Largo&#8221;","datePublished":"2021-05-19T13:49:10+00:00","dateModified":"2021-05-19T13:51:36+00:00","mainEntityOfPage":{"@id":"https:\/\/experienciadevida.com.ar\/portalurbano\/en-ningun-momento-planteamos-en-lo-inmediato-la-explotacion-del-cerro-largo\/"},"wordCount":672,"publisher":{"@id":"https:\/\/experienciadevida.com.ar\/portalurbano\/#organization"},"articleSection":["Ciudad","Destacadas"],"inLanguage":"es"},{"@type":"WebPage","@id":"https:\/\/experienciadevida.com.ar\/portalurbano\/en-ningun-momento-planteamos-en-lo-inmediato-la-explotacion-del-cerro-largo\/","url":"https:\/\/experienciadevida.com.ar\/portalurbano\/en-ningun-momento-planteamos-en-lo-inmediato-la-explotacion-del-cerro-largo\/","name":"\"En ning\u00fan momento planteamos en lo inmediato la explotaci\u00f3n del cerro\"","isPartOf":{"@id":"https:\/\/experienciadevida.com.ar\/portalurbano\/#website"},"datePublished":"2021-05-19T13:49:10+00:00","dateModified":"2021-05-19T13:51:36+00:00","description":"\"En ning\u00fan momento planteamos en lo inmediato la explotaci\u00f3n del Cerro Largo\",\u00a0 as\u00ed lo dijo el subsecretario de Miner\u00eda, Federico Aguilera","breadcrumb":{"@id":"https:\/\/experienciadevida.com.ar\/portalurbano\/en-ningun-momento-planteamos-en-lo-inmediato-la-explotacion-del-cerro-largo\/#breadcrumb"},"inLanguage":"es","potentialAction":[{"@type":"ReadAction","target":["https:\/\/experienciadevida.com.ar\/portalurbano\/en-ningun-momento-planteamos-en-lo-inmediato-la-explotacion-del-cerro-largo\/"]}]},{"@type":"BreadcrumbList","@id":"https:\/\/experienciadevida.com.ar\/portalurbano\/en-ningun-momento-planteamos-en-lo-inmediato-la-explotacion-del-cerro-largo\/#breadcrumb","itemListElement":[{"@type":"ListItem","position":1,"name":"Portada","item":"https:\/\/experienciadevida.com.ar\/portalurbano\/"},{"@type":"ListItem","position":2,"name":"\u00abEn ning\u00fan momento planteamos en lo inmediato la explotaci\u00f3n del Cerro Largo\u00bb"}]},{"@type":"WebSite","@id":"https:\/\/experienciadevida.com.ar\/portalurbano\/#website","url":"https:\/\/experienciadevida.com.ar\/portalurbano\/","name":"","description":"","publisher":{"@id":"https:\/\/experienciadevida.com.ar\/portalurbano\/#organization"},"potentialAction":[{"@type":"SearchAction","target":{"@type":"EntryPoint","urlTemplate":"https:\/\/experienciadevida.com.ar\/portalurbano\/?s={search_term_string}"},"query-input":"required name=search_term_string"}],"inLanguage":"es"},{"@type":"Organization","@id":"https:\/\/experienciadevida.com.ar\/portalurbano\/#organization","name":"Portal Urbano","url":"https:\/\/experienciadevida.com.ar\/portalurbano\/","logo":{"@type":"ImageObject","inLanguage":"es","@id":"https:\/\/experienciadevida.com.ar\/portalurbano\/#\/schema\/logo\/image\/","url":"https:\/\/experienciadevida.com.ar\/portalurbano\/wp-content\/uploads\/2019\/09\/Logo-Original.png","contentUrl":"https:\/\/experienciadevida.com.ar\/portalurbano\/wp-content\/uploads\/2019\/09\/Logo-Original.png","width":2236,"height":1216,"caption":"Portal Urbano"},"image":{"@id":"https:\/\/experienciadevida.com.ar\/portalurbano\/#\/schema\/logo\/image\/"},"sameAs":["https:\/\/www.facebook.com\/Portal-Urbano-171542830093757\/","https:\/\/twitter.com\/portalurbanook","https:\/\/www.instagram.com\/_portalurbano\/","https:\/\/www.youtube.com\/channel\/UCXhagIfszH8KxFiOok79zbA?view_as=subscriber"]},{"@type":"Person","@id":"https:\/\/experienciadevida.com.ar\/portalurbano\/#\/schema\/person\/02dd326b1c4b056e9cc972486934a3a7","name":"admpu17wp","image":{"@type":"ImageObject","inLanguage":"es","@id":"https:\/\/experienciadevida.com.ar\/portalurbano\/#\/schema\/person\/image\/","url":"https:\/\/secure.gravatar.com\/avatar\/830d4c57adaae6630765e449a6908047?s=96&d=mm&r=g","contentUrl":"https:\/\/secure.gravatar.com\/avatar\/830d4c57adaae6630765e449a6908047?s=96&d=mm&r=g","caption":"admpu17wp"}}]}},"featured_image_urls":{"full":["https:\/\/experienciadevida.com.ar\/portalurbano\/wp-content\/uploads\/2021\/05\/Cerro-largo.jpg",1048,549,false],"thumbnail":["https:\/\/experienciadevida.com.ar\/portalurbano\/wp-content\/uploads\/2021\/05\/Cerro-largo-150x150.jpg",150,150,true],"medium":["https:\/\/experienciadevida.com.ar\/portalurbano\/wp-content\/uploads\/2021\/05\/Cerro-largo-300x157.jpg",300,157,true],"medium_large":["https:\/\/experienciadevida.com.ar\/portalurbano\/wp-content\/uploads\/2021\/05\/Cerro-largo-768x402.jpg",640,335,true],"large":["https:\/\/experienciadevida.com.ar\/portalurbano\/wp-content\/uploads\/2021\/05\/Cerro-largo-1024x536.jpg",640,335,true],"ug_big":["https:\/\/experienciadevida.com.ar\/portalurbano\/wp-content\/uploads\/2021\/05\/Cerro-largo-768x402.jpg",768,402,true],"1536x1536":["https:\/\/experienciadevida.com.ar\/portalurbano\/wp-content\/uploads\/2021\/05\/Cerro-largo.jpg",1048,549,false],"2048x2048":["https:\/\/experienciadevida.com.ar\/portalurbano\/wp-content\/uploads\/2021\/05\/Cerro-largo.jpg",1048,549,false],"newsever-slider-full":["https:\/\/experienciadevida.com.ar\/portalurbano\/wp-content\/uploads\/2021\/05\/Cerro-largo.jpg",1048,549,false],"newsever-featured":["https:\/\/experienciadevida.com.ar\/portalurbano\/wp-content\/uploads\/2021\/05\/Cerro-largo.jpg",1024,536,false],"newsever-medium":["https:\/\/experienciadevida.com.ar\/portalurbano\/wp-content\/uploads\/2021\/05\/Cerro-largo.jpg",720,377,false],"web-stories-poster-portrait":["https:\/\/experienciadevida.com.ar\/portalurbano\/wp-content\/uploads\/2021\/05\/Cerro-largo.jpg",640,335,false],"web-stories-publisher-logo":["https:\/\/experienciadevida.com.ar\/portalurbano\/wp-content\/uploads\/2021\/05\/Cerro-largo.jpg",96,50,false],"web-stories-thumbnail":["https:\/\/experienciadevida.com.ar\/portalurbano\/wp-content\/uploads\/2021\/05\/Cerro-largo.jpg",150,79,false]},"author_info":{"display_name":"admpu17wp","author_link":"https:\/\/experienciadevida.com.ar\/portalurbano\/author\/admpu17wp\/"},"category_info":"<a href=\"https:\/\/experienciadevida.com.ar\/portalurbano\/category\/ciudad\/\" rel=\"category tag\">Ciudad<\/a> <a href=\"https:\/\/experienciadevida.com.ar\/portalurbano\/category\/destacadas\/\" rel=\"category tag\">Destacadas<\/a>","tag_info":"Destacadas","comment_count":"0","amp_enabled":true,"_links":{"self":[{"href":"https:\/\/experienciadevida.com.ar\/portalurbano\/wp-json\/wp\/v2\/posts\/143221"}],"collection":[{"href":"https:\/\/experienciadevida.com.ar\/portalurbano\/wp-json\/wp\/v2\/posts"}],"about":[{"href":"https:\/\/experienciadevida.com.ar\/portalurbano\/wp-json\/wp\/v2\/types\/post"}],"author":[{"embeddable":true,"href":"https:\/\/experienciadevida.com.ar\/portalurbano\/wp-json\/wp\/v2\/users\/1"}],"replies":[{"embeddable":true,"href":"https:\/\/experienciadevida.com.ar\/portalurbano\/wp-json\/wp\/v2\/comments?post=143221"}],"version-history":[{"count":3,"href":"https:\/\/experienciadevida.com.ar\/portalurbano\/wp-json\/wp\/v2\/posts\/143221\/revisions"}],"predecessor-version":[{"id":143224,"href":"https:\/\/experienciadevida.com.ar\/portalurbano\/wp-json\/wp\/v2\/posts\/143221\/revisions\/143224"}],"wp:featuredmedia":[{"embeddable":true,"href":"https:\/\/experienciadevida.com.ar\/portalurbano\/wp-json\/wp\/v2\/media\/142460"}],"wp:attachment":[{"href":"https:\/\/experienciadevida.com.ar\/portalurbano\/wp-json\/wp\/v2\/media?parent=143221"}],"wp:term":[{"taxonomy":"category","embeddable":true,"href":"https:\/\/experienciadevida.com.ar\/portalurbano\/wp-json\/wp\/v2\/categories?post=143221"},{"taxonomy":"post_tag","embeddable":true,"href":"https:\/\/experienciadevida.com.ar\/portalurbano\/wp-json\/wp\/v2\/tags?post=143221"}],"curies":[{"name":"wp","href":"https:\/\/api.w.org\/{rel}","templated":true}]}}