{"id":143125,"date":"2021-05-18T12:50:46","date_gmt":"2021-05-18T15:50:46","guid":{"rendered":"https:\/\/experienciadevida.com.ar\/portalurbano\/?p=143125"},"modified":"2021-05-18T12:53:13","modified_gmt":"2021-05-18T15:53:13","slug":"el-municipio-destinara-cerca-de-40-millones-para-la-pavimentacion-de-la-avda-pueyrredon","status":"publish","type":"post","link":"https:\/\/experienciadevida.com.ar\/portalurbano\/el-municipio-destinara-cerca-de-40-millones-para-la-pavimentacion-de-la-avda-pueyrredon\/","title":{"rendered":"El Municipio destinar\u00e1 cerca de $40 millones para la pavimentaci\u00f3n de la Avda. Pueyrred\u00f3n"},"content":{"rendered":"<p>El Municipio destinar\u00e1 cerca de $40 millones para la pavimentaci\u00f3n de la Avda. Pueyrred\u00f3n, al mediod\u00eda de este martes se llev\u00f3 a cabo la apertura de la licitaci\u00f3n para ejecutar la obra de pavimentaci\u00f3n de Avda. Pueyrred\u00f3n, en el sector comprendido entre Avda. La Rioja y Avda. Eva Per\u00f3n, con la presencia de funcionarios municipales y representantes de las empresas oferentes.<\/p>\n<p>Se trata de una obra fundamental, teniendo en cuenta que es una zona donde en los \u00faltimos a\u00f1os se ha evidenciado un aumento del crecimiento poblacional, junto con el avance de la construcci\u00f3n de viviendas particulares de familias que decidieron radicarse all\u00ed.<\/p>\n<p>El Municipio destinar\u00e1 cerca de $40 millones para la pavimentaci\u00f3n de la Avenida Pueyrred\u00f3n, adem\u00e1s es un punto estrat\u00e9gico, se registra un alto tr\u00e1nsito vehicular, debido a la cercan\u00eda con el Centro de Exposiciones y Centro de Convenciones de Olavarr\u00eda y su conexi\u00f3n con distintos puntos de la planta urbana de la ciudad.<\/p>\n<p>Cabe destacar que la pavimentaci\u00f3n en Avda. Pueyrred\u00f3n fue uno de los compromisos asumidos por el intendente Ezequiel Galli, que hoy se ve concretado con la apertura de la licitaci\u00f3n.<\/p>\n<p>La obra permitir\u00e1 mejorar las condiciones de transitabilidad, accesibilidad y principalmente la seguridad vial, como as\u00ed tambi\u00e9n solucionar\u00e1 la evacuaci\u00f3n de agua, en per\u00edodo estival de lluvias.<\/p>\n<p>De acuerdo a las especificaciones t\u00e9cnicas del pliego, la avenida tendr\u00e1 dos manos de circulaci\u00f3n de 6,50 metros de ancho cada una, con un separador central de 3,00 metros de ancho y el hormig\u00f3n ser\u00e1 de 0,18 metros de espesor, asentado sobre una base de tosca compactada de acuerdo a las especificaciones t\u00e9cnicas respectivas de 0,20 metros de espesor.<\/p>\n<p>Participaron de la apertura el secretario de Mantenimiento y Obras P\u00fablicas Julio Ferraro y la directora de Licitaciones Pilar Ciardelli y los representantes de las firmas locales.<\/p>\n<p>Se presentaron cuatro ofertas econ\u00f3micas, que se detallan a continuaci\u00f3n:<\/p>\n<p>Proponente N\u00ba 1: Atak cotiz\u00f3 la suma de $40.426.000.<br \/>\nProponente N\u00ba 2: Burgart N\u00e9stor cotiz\u00f3 la suma de $43.295.000.<br \/>\nProponente N \u00ba 3: Demoliciones Olavarr\u00eda cotiz\u00f3 la suma de $37.920.000.<br \/>\nProponente N\u00ba 4: Pecma S.R.L cotiz\u00f3 la suma de $46.731.580,25.<br \/>\nEn tanto que el presupuesto oficial fue fijado en la suma de $39.900.000.<\/p>\n","protected":false},"excerpt":{"rendered":"<p>El Municipio destinar\u00e1 cerca de $40 millones para la pavimentaci\u00f3n de la Avda. Pueyrred\u00f3n, al&#8230;<\/p>\n","protected":false},"author":1,"featured_media":143126,"comment_status":"closed","ping_status":"closed","sticky":false,"template":"","format":"standard","meta":{"content-type":""},"categories":[27,64],"tags":[],"nelio_content":{"isAutoShareEnabled":false,"autoShareEndMode":"default","automationSources":{"useContentSentences":true,"useSocialTemplates":true,"useCustomSentences":false,"customSentences":[]},"followers":[1],"suggestedReferences":[],"includedReferences":[],"efiUrl":"","efiAlt":"","highlights":[]},"yoast_head":"<!-- This site is optimized with the Yoast SEO plugin v20.7 - https:\/\/yoast.com\/wordpress\/plugins\/seo\/ -->\n<title>El Municipio destinar\u00e1 cerca de 40 millones para pavimentaci\u00f3n<\/title>\n<meta name=\"description\" content=\"El Municipio destinar\u00e1 cerca de $40 millones para la pavimentaci\u00f3n de la Avda. Pueyrred\u00f3n, al mediod\u00eda de este martes se hizo la apertura\" \/>\n<meta name=\"robots\" content=\"index, follow, max-snippet:-1, max-image-preview:large, max-video-preview:-1\" \/>\n<link rel=\"canonical\" href=\"https:\/\/experienciadevida.com.ar\/portalurbano\/el-municipio-destinara-cerca-de-40-millones-para-la-pavimentacion-de-la-avda-pueyrredon\/\" \/>\n<meta property=\"og:locale\" content=\"es_ES\" \/>\n<meta property=\"og:type\" content=\"article\" \/>\n<meta property=\"og:title\" content=\"El Municipio destinar\u00e1 cerca de 40 millones para pavimentaci\u00f3n\" \/>\n<meta property=\"og:description\" content=\"El Municipio destinar\u00e1 cerca de $40 millones para la pavimentaci\u00f3n de la Avda. Pueyrred\u00f3n, al mediod\u00eda de este martes se hizo la apertura\" \/>\n<meta property=\"og:url\" content=\"https:\/\/experienciadevida.com.ar\/portalurbano\/el-municipio-destinara-cerca-de-40-millones-para-la-pavimentacion-de-la-avda-pueyrredon\/\" \/>\n<meta property=\"article:publisher\" content=\"https:\/\/www.facebook.com\/Portal-Urbano-171542830093757\/\" \/>\n<meta property=\"article:published_time\" content=\"2021-05-18T15:50:46+00:00\" \/>\n<meta property=\"article:modified_time\" content=\"2021-05-18T15:53:13+00:00\" \/>\n<meta property=\"og:image\" content=\"https:\/\/experienciadevida.com.ar\/portalurbano\/wp-content\/uploads\/2021\/05\/El-Municipio-destinara-cerca-de.jpg\" \/>\n\t<meta property=\"og:image:width\" content=\"1024\" \/>\n\t<meta property=\"og:image:height\" content=\"685\" \/>\n\t<meta property=\"og:image:type\" content=\"image\/jpeg\" \/>\n<meta name=\"author\" content=\"admpu17wp\" \/>\n<meta name=\"twitter:card\" content=\"summary_large_image\" \/>\n<meta name=\"twitter:creator\" content=\"@portalurbanook\" \/>\n<meta name=\"twitter:site\" content=\"@portalurbanook\" \/>\n<meta name=\"twitter:label1\" content=\"Escrito por\" \/>\n\t<meta name=\"twitter:data1\" content=\"admpu17wp\" \/>\n\t<meta name=\"twitter:label2\" content=\"Tiempo de lectura\" \/>\n\t<meta name=\"twitter:data2\" content=\"2 minutos\" \/>\n<script type=\"application\/ld+json\" class=\"yoast-schema-graph\">{\"@context\":\"https:\/\/schema.org\",\"@graph\":[{\"@type\":\"Article\",\"@id\":\"https:\/\/experienciadevida.com.ar\/portalurbano\/el-municipio-destinara-cerca-de-40-millones-para-la-pavimentacion-de-la-avda-pueyrredon\/#article\",\"isPartOf\":{\"@id\":\"https:\/\/experienciadevida.com.ar\/portalurbano\/el-municipio-destinara-cerca-de-40-millones-para-la-pavimentacion-de-la-avda-pueyrredon\/\"},\"author\":{\"name\":\"admpu17wp\",\"@id\":\"https:\/\/experienciadevida.com.ar\/portalurbano\/#\/schema\/person\/02dd326b1c4b056e9cc972486934a3a7\"},\"headline\":\"El Municipio destinar\u00e1 cerca de $40 millones para la pavimentaci\u00f3n de la Avda. Pueyrred\u00f3n\",\"datePublished\":\"2021-05-18T15:50:46+00:00\",\"dateModified\":\"2021-05-18T15:53:13+00:00\",\"mainEntityOfPage\":{\"@id\":\"https:\/\/experienciadevida.com.ar\/portalurbano\/el-municipio-destinara-cerca-de-40-millones-para-la-pavimentacion-de-la-avda-pueyrredon\/\"},\"wordCount\":395,\"publisher\":{\"@id\":\"https:\/\/experienciadevida.com.ar\/portalurbano\/#organization\"},\"articleSection\":[\"Ciudad\",\"Destacadas 2\"],\"inLanguage\":\"es\"},{\"@type\":\"WebPage\",\"@id\":\"https:\/\/experienciadevida.com.ar\/portalurbano\/el-municipio-destinara-cerca-de-40-millones-para-la-pavimentacion-de-la-avda-pueyrredon\/\",\"url\":\"https:\/\/experienciadevida.com.ar\/portalurbano\/el-municipio-destinara-cerca-de-40-millones-para-la-pavimentacion-de-la-avda-pueyrredon\/\",\"name\":\"El Municipio destinar\u00e1 cerca de 40 millones para pavimentaci\u00f3n\",\"isPartOf\":{\"@id\":\"https:\/\/experienciadevida.com.ar\/portalurbano\/#website\"},\"datePublished\":\"2021-05-18T15:50:46+00:00\",\"dateModified\":\"2021-05-18T15:53:13+00:00\",\"description\":\"El Municipio destinar\u00e1 cerca de $40 millones para la pavimentaci\u00f3n de la Avda. Pueyrred\u00f3n, al mediod\u00eda de este martes se hizo la apertura\",\"breadcrumb\":{\"@id\":\"https:\/\/experienciadevida.com.ar\/portalurbano\/el-municipio-destinara-cerca-de-40-millones-para-la-pavimentacion-de-la-avda-pueyrredon\/#breadcrumb\"},\"inLanguage\":\"es\",\"potentialAction\":[{\"@type\":\"ReadAction\",\"target\":[\"https:\/\/experienciadevida.com.ar\/portalurbano\/el-municipio-destinara-cerca-de-40-millones-para-la-pavimentacion-de-la-avda-pueyrredon\/\"]}]},{\"@type\":\"BreadcrumbList\",\"@id\":\"https:\/\/experienciadevida.com.ar\/portalurbano\/el-municipio-destinara-cerca-de-40-millones-para-la-pavimentacion-de-la-avda-pueyrredon\/#breadcrumb\",\"itemListElement\":[{\"@type\":\"ListItem\",\"position\":1,\"name\":\"Portada\",\"item\":\"https:\/\/experienciadevida.com.ar\/portalurbano\/\"},{\"@type\":\"ListItem\",\"position\":2,\"name\":\"El Municipio destinar\u00e1 cerca de $40 millones para la pavimentaci\u00f3n de la Avda. Pueyrred\u00f3n\"}]},{\"@type\":\"WebSite\",\"@id\":\"https:\/\/experienciadevida.com.ar\/portalurbano\/#website\",\"url\":\"https:\/\/experienciadevida.com.ar\/portalurbano\/\",\"name\":\"\",\"description\":\"\",\"publisher\":{\"@id\":\"https:\/\/experienciadevida.com.ar\/portalurbano\/#organization\"},\"potentialAction\":[{\"@type\":\"SearchAction\",\"target\":{\"@type\":\"EntryPoint\",\"urlTemplate\":\"https:\/\/experienciadevida.com.ar\/portalurbano\/?s={search_term_string}\"},\"query-input\":\"required name=search_term_string\"}],\"inLanguage\":\"es\"},{\"@type\":\"Organization\",\"@id\":\"https:\/\/experienciadevida.com.ar\/portalurbano\/#organization\",\"name\":\"Portal Urbano\",\"url\":\"https:\/\/experienciadevida.com.ar\/portalurbano\/\",\"logo\":{\"@type\":\"ImageObject\",\"inLanguage\":\"es\",\"@id\":\"https:\/\/experienciadevida.com.ar\/portalurbano\/#\/schema\/logo\/image\/\",\"url\":\"https:\/\/experienciadevida.com.ar\/portalurbano\/wp-content\/uploads\/2019\/09\/Logo-Original.png\",\"contentUrl\":\"https:\/\/experienciadevida.com.ar\/portalurbano\/wp-content\/uploads\/2019\/09\/Logo-Original.png\",\"width\":2236,\"height\":1216,\"caption\":\"Portal Urbano\"},\"image\":{\"@id\":\"https:\/\/experienciadevida.com.ar\/portalurbano\/#\/schema\/logo\/image\/\"},\"sameAs\":[\"https:\/\/www.facebook.com\/Portal-Urbano-171542830093757\/\",\"https:\/\/twitter.com\/portalurbanook\",\"https:\/\/www.instagram.com\/_portalurbano\/\",\"https:\/\/www.youtube.com\/channel\/UCXhagIfszH8KxFiOok79zbA?view_as=subscriber\"]},{\"@type\":\"Person\",\"@id\":\"https:\/\/experienciadevida.com.ar\/portalurbano\/#\/schema\/person\/02dd326b1c4b056e9cc972486934a3a7\",\"name\":\"admpu17wp\",\"image\":{\"@type\":\"ImageObject\",\"inLanguage\":\"es\",\"@id\":\"https:\/\/experienciadevida.com.ar\/portalurbano\/#\/schema\/person\/image\/\",\"url\":\"https:\/\/secure.gravatar.com\/avatar\/830d4c57adaae6630765e449a6908047?s=96&d=mm&r=g\",\"contentUrl\":\"https:\/\/secure.gravatar.com\/avatar\/830d4c57adaae6630765e449a6908047?s=96&d=mm&r=g\",\"caption\":\"admpu17wp\"}}]}<\/script>\n<!-- \/ Yoast SEO plugin. -->","yoast_head_json":{"title":"El Municipio destinar\u00e1 cerca de 40 millones para pavimentaci\u00f3n","description":"El Municipio destinar\u00e1 cerca de $40 millones para la pavimentaci\u00f3n de la Avda. Pueyrred\u00f3n, al mediod\u00eda de este martes se hizo la apertura","robots":{"index":"index","follow":"follow","max-snippet":"max-snippet:-1","max-image-preview":"max-image-preview:large","max-video-preview":"max-video-preview:-1"},"canonical":"https:\/\/experienciadevida.com.ar\/portalurbano\/el-municipio-destinara-cerca-de-40-millones-para-la-pavimentacion-de-la-avda-pueyrredon\/","og_locale":"es_ES","og_type":"article","og_title":"El Municipio destinar\u00e1 cerca de 40 millones para pavimentaci\u00f3n","og_description":"El Municipio destinar\u00e1 cerca de $40 millones para la pavimentaci\u00f3n de la Avda. Pueyrred\u00f3n, al mediod\u00eda de este martes se hizo la apertura","og_url":"https:\/\/experienciadevida.com.ar\/portalurbano\/el-municipio-destinara-cerca-de-40-millones-para-la-pavimentacion-de-la-avda-pueyrredon\/","article_publisher":"https:\/\/www.facebook.com\/Portal-Urbano-171542830093757\/","article_published_time":"2021-05-18T15:50:46+00:00","article_modified_time":"2021-05-18T15:53:13+00:00","og_image":[{"width":1024,"height":685,"url":"https:\/\/experienciadevida.com.ar\/portalurbano\/wp-content\/uploads\/2021\/05\/El-Municipio-destinara-cerca-de.jpg","type":"image\/jpeg"}],"author":"admpu17wp","twitter_card":"summary_large_image","twitter_creator":"@portalurbanook","twitter_site":"@portalurbanook","twitter_misc":{"Escrito por":"admpu17wp","Tiempo de lectura":"2 minutos"},"schema":{"@context":"https:\/\/schema.org","@graph":[{"@type":"Article","@id":"https:\/\/experienciadevida.com.ar\/portalurbano\/el-municipio-destinara-cerca-de-40-millones-para-la-pavimentacion-de-la-avda-pueyrredon\/#article","isPartOf":{"@id":"https:\/\/experienciadevida.com.ar\/portalurbano\/el-municipio-destinara-cerca-de-40-millones-para-la-pavimentacion-de-la-avda-pueyrredon\/"},"author":{"name":"admpu17wp","@id":"https:\/\/experienciadevida.com.ar\/portalurbano\/#\/schema\/person\/02dd326b1c4b056e9cc972486934a3a7"},"headline":"El Municipio destinar\u00e1 cerca de $40 millones para la pavimentaci\u00f3n de la Avda. Pueyrred\u00f3n","datePublished":"2021-05-18T15:50:46+00:00","dateModified":"2021-05-18T15:53:13+00:00","mainEntityOfPage":{"@id":"https:\/\/experienciadevida.com.ar\/portalurbano\/el-municipio-destinara-cerca-de-40-millones-para-la-pavimentacion-de-la-avda-pueyrredon\/"},"wordCount":395,"publisher":{"@id":"https:\/\/experienciadevida.com.ar\/portalurbano\/#organization"},"articleSection":["Ciudad","Destacadas 2"],"inLanguage":"es"},{"@type":"WebPage","@id":"https:\/\/experienciadevida.com.ar\/portalurbano\/el-municipio-destinara-cerca-de-40-millones-para-la-pavimentacion-de-la-avda-pueyrredon\/","url":"https:\/\/experienciadevida.com.ar\/portalurbano\/el-municipio-destinara-cerca-de-40-millones-para-la-pavimentacion-de-la-avda-pueyrredon\/","name":"El Municipio destinar\u00e1 cerca de 40 millones para pavimentaci\u00f3n","isPartOf":{"@id":"https:\/\/experienciadevida.com.ar\/portalurbano\/#website"},"datePublished":"2021-05-18T15:50:46+00:00","dateModified":"2021-05-18T15:53:13+00:00","description":"El Municipio destinar\u00e1 cerca de $40 millones para la pavimentaci\u00f3n de la Avda. Pueyrred\u00f3n, al mediod\u00eda de este martes se hizo la apertura","breadcrumb":{"@id":"https:\/\/experienciadevida.com.ar\/portalurbano\/el-municipio-destinara-cerca-de-40-millones-para-la-pavimentacion-de-la-avda-pueyrredon\/#breadcrumb"},"inLanguage":"es","potentialAction":[{"@type":"ReadAction","target":["https:\/\/experienciadevida.com.ar\/portalurbano\/el-municipio-destinara-cerca-de-40-millones-para-la-pavimentacion-de-la-avda-pueyrredon\/"]}]},{"@type":"BreadcrumbList","@id":"https:\/\/experienciadevida.com.ar\/portalurbano\/el-municipio-destinara-cerca-de-40-millones-para-la-pavimentacion-de-la-avda-pueyrredon\/#breadcrumb","itemListElement":[{"@type":"ListItem","position":1,"name":"Portada","item":"https:\/\/experienciadevida.com.ar\/portalurbano\/"},{"@type":"ListItem","position":2,"name":"El Municipio destinar\u00e1 cerca de $40 millones para la pavimentaci\u00f3n de la Avda. Pueyrred\u00f3n"}]},{"@type":"WebSite","@id":"https:\/\/experienciadevida.com.ar\/portalurbano\/#website","url":"https:\/\/experienciadevida.com.ar\/portalurbano\/","name":"","description":"","publisher":{"@id":"https:\/\/experienciadevida.com.ar\/portalurbano\/#organization"},"potentialAction":[{"@type":"SearchAction","target":{"@type":"EntryPoint","urlTemplate":"https:\/\/experienciadevida.com.ar\/portalurbano\/?s={search_term_string}"},"query-input":"required name=search_term_string"}],"inLanguage":"es"},{"@type":"Organization","@id":"https:\/\/experienciadevida.com.ar\/portalurbano\/#organization","name":"Portal Urbano","url":"https:\/\/experienciadevida.com.ar\/portalurbano\/","logo":{"@type":"ImageObject","inLanguage":"es","@id":"https:\/\/experienciadevida.com.ar\/portalurbano\/#\/schema\/logo\/image\/","url":"https:\/\/experienciadevida.com.ar\/portalurbano\/wp-content\/uploads\/2019\/09\/Logo-Original.png","contentUrl":"https:\/\/experienciadevida.com.ar\/portalurbano\/wp-content\/uploads\/2019\/09\/Logo-Original.png","width":2236,"height":1216,"caption":"Portal Urbano"},"image":{"@id":"https:\/\/experienciadevida.com.ar\/portalurbano\/#\/schema\/logo\/image\/"},"sameAs":["https:\/\/www.facebook.com\/Portal-Urbano-171542830093757\/","https:\/\/twitter.com\/portalurbanook","https:\/\/www.instagram.com\/_portalurbano\/","https:\/\/www.youtube.com\/channel\/UCXhagIfszH8KxFiOok79zbA?view_as=subscriber"]},{"@type":"Person","@id":"https:\/\/experienciadevida.com.ar\/portalurbano\/#\/schema\/person\/02dd326b1c4b056e9cc972486934a3a7","name":"admpu17wp","image":{"@type":"ImageObject","inLanguage":"es","@id":"https:\/\/experienciadevida.com.ar\/portalurbano\/#\/schema\/person\/image\/","url":"https:\/\/secure.gravatar.com\/avatar\/830d4c57adaae6630765e449a6908047?s=96&d=mm&r=g","contentUrl":"https:\/\/secure.gravatar.com\/avatar\/830d4c57adaae6630765e449a6908047?s=96&d=mm&r=g","caption":"admpu17wp"}}]}},"featured_image_urls":{"full":["https:\/\/experienciadevida.com.ar\/portalurbano\/wp-content\/uploads\/2021\/05\/El-Municipio-destinara-cerca-de.jpg",1024,685,false],"thumbnail":["https:\/\/experienciadevida.com.ar\/portalurbano\/wp-content\/uploads\/2021\/05\/El-Municipio-destinara-cerca-de-150x150.jpg",150,150,true],"medium":["https:\/\/experienciadevida.com.ar\/portalurbano\/wp-content\/uploads\/2021\/05\/El-Municipio-destinara-cerca-de-300x201.jpg",300,201,true],"medium_large":["https:\/\/experienciadevida.com.ar\/portalurbano\/wp-content\/uploads\/2021\/05\/El-Municipio-destinara-cerca-de-768x514.jpg",640,428,true],"large":["https:\/\/experienciadevida.com.ar\/portalurbano\/wp-content\/uploads\/2021\/05\/El-Municipio-destinara-cerca-de.jpg",640,428,false],"ug_big":["https:\/\/experienciadevida.com.ar\/portalurbano\/wp-content\/uploads\/2021\/05\/El-Municipio-destinara-cerca-de-768x514.jpg",768,514,true],"1536x1536":["https:\/\/experienciadevida.com.ar\/portalurbano\/wp-content\/uploads\/2021\/05\/El-Municipio-destinara-cerca-de.jpg",1024,685,false],"2048x2048":["https:\/\/experienciadevida.com.ar\/portalurbano\/wp-content\/uploads\/2021\/05\/El-Municipio-destinara-cerca-de.jpg",1024,685,false],"newsever-slider-full":["https:\/\/experienciadevida.com.ar\/portalurbano\/wp-content\/uploads\/2021\/05\/El-Municipio-destinara-cerca-de.jpg",1024,685,false],"newsever-featured":["https:\/\/experienciadevida.com.ar\/portalurbano\/wp-content\/uploads\/2021\/05\/El-Municipio-destinara-cerca-de.jpg",1024,685,false],"newsever-medium":["https:\/\/experienciadevida.com.ar\/portalurbano\/wp-content\/uploads\/2021\/05\/El-Municipio-destinara-cerca-de.jpg",710,475,false],"web-stories-poster-portrait":["https:\/\/experienciadevida.com.ar\/portalurbano\/wp-content\/uploads\/2021\/05\/El-Municipio-destinara-cerca-de.jpg",640,428,false],"web-stories-publisher-logo":["https:\/\/experienciadevida.com.ar\/portalurbano\/wp-content\/uploads\/2021\/05\/El-Municipio-destinara-cerca-de.jpg",96,64,false],"web-stories-thumbnail":["https:\/\/experienciadevida.com.ar\/portalurbano\/wp-content\/uploads\/2021\/05\/El-Municipio-destinara-cerca-de.jpg",150,100,false]},"author_info":{"display_name":"admpu17wp","author_link":"https:\/\/experienciadevida.com.ar\/portalurbano\/author\/admpu17wp\/"},"category_info":"<a href=\"https:\/\/experienciadevida.com.ar\/portalurbano\/category\/ciudad\/\" rel=\"category tag\">Ciudad<\/a> <a href=\"https:\/\/experienciadevida.com.ar\/portalurbano\/category\/destacadas-2\/\" rel=\"category tag\">Destacadas 2<\/a>","tag_info":"Destacadas 2","comment_count":"0","amp_enabled":true,"_links":{"self":[{"href":"https:\/\/experienciadevida.com.ar\/portalurbano\/wp-json\/wp\/v2\/posts\/143125"}],"collection":[{"href":"https:\/\/experienciadevida.com.ar\/portalurbano\/wp-json\/wp\/v2\/posts"}],"about":[{"href":"https:\/\/experienciadevida.com.ar\/portalurbano\/wp-json\/wp\/v2\/types\/post"}],"author":[{"embeddable":true,"href":"https:\/\/experienciadevida.com.ar\/portalurbano\/wp-json\/wp\/v2\/users\/1"}],"replies":[{"embeddable":true,"href":"https:\/\/experienciadevida.com.ar\/portalurbano\/wp-json\/wp\/v2\/comments?post=143125"}],"version-history":[{"count":3,"href":"https:\/\/experienciadevida.com.ar\/portalurbano\/wp-json\/wp\/v2\/posts\/143125\/revisions"}],"predecessor-version":[{"id":143130,"href":"https:\/\/experienciadevida.com.ar\/portalurbano\/wp-json\/wp\/v2\/posts\/143125\/revisions\/143130"}],"wp:featuredmedia":[{"embeddable":true,"href":"https:\/\/experienciadevida.com.ar\/portalurbano\/wp-json\/wp\/v2\/media\/143126"}],"wp:attachment":[{"href":"https:\/\/experienciadevida.com.ar\/portalurbano\/wp-json\/wp\/v2\/media?parent=143125"}],"wp:term":[{"taxonomy":"category","embeddable":true,"href":"https:\/\/experienciadevida.com.ar\/portalurbano\/wp-json\/wp\/v2\/categories?post=143125"},{"taxonomy":"post_tag","embeddable":true,"href":"https:\/\/experienciadevida.com.ar\/portalurbano\/wp-json\/wp\/v2\/tags?post=143125"}],"curies":[{"name":"wp","href":"https:\/\/api.w.org\/{rel}","templated":true}]}}