{"id":143035,"date":"2021-05-17T09:28:32","date_gmt":"2021-05-17T12:28:32","guid":{"rendered":"https:\/\/experienciadevida.com.ar\/portalurbano\/?p=143035"},"modified":"2021-05-17T09:30:21","modified_gmt":"2021-05-17T12:30:21","slug":"el-ceco-celebra-sus-118-anos-con-un-foro-de-gestion-gremial","status":"publish","type":"post","link":"https:\/\/experienciadevida.com.ar\/portalurbano\/el-ceco-celebra-sus-118-anos-con-un-foro-de-gestion-gremial\/","title":{"rendered":"El CECO celebra sus 118  a\u00f1os con un foro de gesti\u00f3n gremial"},"content":{"rendered":"<p>El CECO celebra sus 118 a\u00f1os con un foro de gesti\u00f3n gremial, el gremio mercantil realizar\u00e1 el pr\u00f3ximo viernes 21 desde las 19:00 horas un encuentro que se transmitir\u00e1 por redes sociales. Se evaluar\u00e1 el desempe\u00f1o de distintas \u00e1reas en los \u00faltimos meses.<\/p>\n<p>El Centro empleado de comercio, celebra este lunes su 118\u00ba aniversario en la defensa de los empleados\u00a0 mercantiles de nuestra ciudad. Con el objetivo de dar a conocer sus actividades en un a\u00f1o marcado por la pandemia del Coronavirus, realizar\u00e1 el &#8220;Primer Foro de Gesti\u00f3n Gremial\u201d, la actividad contar\u00e1 con una serie de videoconferencias sobre temas de actualidad e inter\u00e9s para los trabajadores y la comunidad.<\/p>\n<p>El CECO celebra sus 118 a\u00f1os con un foro de gesti\u00f3n gremial, la actividad se desarrollar\u00e1 el viernes 21 desde las 19:00 horas y contar\u00e1 con distintos paneles integrados por miembros del CECO que abordaran los siguientes temas: Propuestas sobre el horario comercial en Olavarr\u00eda, Intervenciones sobre violencia laboral, Importancia de las campa\u00f1as de vacunaci\u00f3n, Acciones gremiales antes casos de COVID-19 y Semipresencialidad: educaci\u00f3n en la pandemia. Los mercantiles interesados en participar podr\u00e1n hacerlo accediendo a las redes sociales del o el canal de YouTube de la instituci\u00f3n.<\/p>\n<p>El cierre de la actividad estar\u00e1 a cargo del Secretario General, Miguel Santell\u00e1n quien se referir\u00e1 a las acciones que se<br \/>\nllevan adelante durante este a\u00f1o de pandemia y la representaci\u00f3n del gremio a nivel nacional en la *Federaci\u00f3n Argentina de Empleados de Comercio y Servicios (FAECyS).<\/p>\n<p>No es la primera vez que el la entidad gremial apuesta a la virtualidad, ya en 2020 dio inicio a un nuevo mandado de su Comisi\u00f3n Directiva mediante una in\u00e9dita modalidad de reuni\u00f3n para la entidad, realizada mediante sistema de<br \/>\nvideoconferencia. Estas actividades se realizan de manera virtual para permitir el acceso de todos los afiliados y afiliadas, y mantener los protocolos sanitarios correspondientes para la prevenci\u00f3n del COVID-19.<\/p>\n","protected":false},"excerpt":{"rendered":"<p>El CECO celebra sus 118 a\u00f1os con un foro de gesti\u00f3n gremial, el gremio mercantil&#8230;<\/p>\n","protected":false},"author":1,"featured_media":0,"comment_status":"closed","ping_status":"closed","sticky":false,"template":"","format":"standard","meta":{"content-type":""},"categories":[27,64],"tags":[],"nelio_content":{"isAutoShareEnabled":false,"autoShareEndMode":"default","automationSources":{"useContentSentences":true,"useSocialTemplates":true,"useCustomSentences":false,"customSentences":[]},"followers":[1],"suggestedReferences":[],"includedReferences":[],"efiUrl":"","efiAlt":"","highlights":[]},"yoast_head":"<!-- This site is optimized with the Yoast SEO plugin v20.7 - https:\/\/yoast.com\/wordpress\/plugins\/seo\/ -->\n<title>El CECO celebra sus 118 a\u00f1os con un foro de gesti\u00f3n gremial<\/title>\n<meta name=\"description\" content=\"El CECO celebra sus 118 a\u00f1os con un foro de gesti\u00f3n gremial, el gremio mercantil realizar\u00e1 el pr\u00f3ximo viernes 21 desde las 19:00 virtual.\" \/>\n<meta name=\"robots\" content=\"index, follow, max-snippet:-1, max-image-preview:large, max-video-preview:-1\" \/>\n<link rel=\"canonical\" href=\"https:\/\/experienciadevida.com.ar\/portalurbano\/el-ceco-celebra-sus-118-anos-con-un-foro-de-gestion-gremial\/\" \/>\n<meta property=\"og:locale\" content=\"es_ES\" \/>\n<meta property=\"og:type\" content=\"article\" \/>\n<meta property=\"og:title\" content=\"El CECO celebra sus 118 a\u00f1os con un foro de gesti\u00f3n gremial\" \/>\n<meta property=\"og:description\" content=\"El CECO celebra sus 118 a\u00f1os con un foro de gesti\u00f3n gremial, el gremio mercantil realizar\u00e1 el pr\u00f3ximo viernes 21 desde las 19:00 virtual.\" \/>\n<meta property=\"og:url\" content=\"https:\/\/experienciadevida.com.ar\/portalurbano\/el-ceco-celebra-sus-118-anos-con-un-foro-de-gestion-gremial\/\" \/>\n<meta property=\"article:publisher\" content=\"https:\/\/www.facebook.com\/Portal-Urbano-171542830093757\/\" \/>\n<meta property=\"article:published_time\" content=\"2021-05-17T12:28:32+00:00\" \/>\n<meta property=\"article:modified_time\" content=\"2021-05-17T12:30:21+00:00\" \/>\n<meta property=\"og:image\" content=\"https:\/\/experienciadevida.com.ar\/portalurbano\/wp-content\/uploads\/2018\/11\/ceco-e1543363208330.jpg\" \/>\n\t<meta property=\"og:image:width\" content=\"800\" \/>\n\t<meta property=\"og:image:height\" content=\"416\" \/>\n\t<meta property=\"og:image:type\" content=\"image\/jpeg\" \/>\n<meta name=\"author\" content=\"admpu17wp\" \/>\n<meta name=\"twitter:card\" content=\"summary_large_image\" \/>\n<meta name=\"twitter:creator\" content=\"@portalurbanook\" \/>\n<meta name=\"twitter:site\" content=\"@portalurbanook\" \/>\n<meta name=\"twitter:label1\" content=\"Escrito por\" \/>\n\t<meta name=\"twitter:data1\" content=\"admpu17wp\" \/>\n\t<meta name=\"twitter:label2\" content=\"Tiempo de lectura\" \/>\n\t<meta name=\"twitter:data2\" content=\"2 minutos\" \/>\n<script type=\"application\/ld+json\" class=\"yoast-schema-graph\">{\"@context\":\"https:\/\/schema.org\",\"@graph\":[{\"@type\":\"Article\",\"@id\":\"https:\/\/experienciadevida.com.ar\/portalurbano\/el-ceco-celebra-sus-118-anos-con-un-foro-de-gestion-gremial\/#article\",\"isPartOf\":{\"@id\":\"https:\/\/experienciadevida.com.ar\/portalurbano\/el-ceco-celebra-sus-118-anos-con-un-foro-de-gestion-gremial\/\"},\"author\":{\"name\":\"admpu17wp\",\"@id\":\"https:\/\/experienciadevida.com.ar\/portalurbano\/#\/schema\/person\/02dd326b1c4b056e9cc972486934a3a7\"},\"headline\":\"El CECO celebra sus 118 a\u00f1os con un foro de gesti\u00f3n gremial\",\"datePublished\":\"2021-05-17T12:28:32+00:00\",\"dateModified\":\"2021-05-17T12:30:21+00:00\",\"mainEntityOfPage\":{\"@id\":\"https:\/\/experienciadevida.com.ar\/portalurbano\/el-ceco-celebra-sus-118-anos-con-un-foro-de-gestion-gremial\/\"},\"wordCount\":341,\"publisher\":{\"@id\":\"https:\/\/experienciadevida.com.ar\/portalurbano\/#organization\"},\"articleSection\":[\"Ciudad\",\"Destacadas 2\"],\"inLanguage\":\"es\"},{\"@type\":\"WebPage\",\"@id\":\"https:\/\/experienciadevida.com.ar\/portalurbano\/el-ceco-celebra-sus-118-anos-con-un-foro-de-gestion-gremial\/\",\"url\":\"https:\/\/experienciadevida.com.ar\/portalurbano\/el-ceco-celebra-sus-118-anos-con-un-foro-de-gestion-gremial\/\",\"name\":\"El CECO celebra sus 118 a\u00f1os con un foro de gesti\u00f3n gremial\",\"isPartOf\":{\"@id\":\"https:\/\/experienciadevida.com.ar\/portalurbano\/#website\"},\"datePublished\":\"2021-05-17T12:28:32+00:00\",\"dateModified\":\"2021-05-17T12:30:21+00:00\",\"description\":\"El CECO celebra sus 118 a\u00f1os con un foro de gesti\u00f3n gremial, el gremio mercantil realizar\u00e1 el pr\u00f3ximo viernes 21 desde las 19:00 virtual.\",\"breadcrumb\":{\"@id\":\"https:\/\/experienciadevida.com.ar\/portalurbano\/el-ceco-celebra-sus-118-anos-con-un-foro-de-gestion-gremial\/#breadcrumb\"},\"inLanguage\":\"es\",\"potentialAction\":[{\"@type\":\"ReadAction\",\"target\":[\"https:\/\/experienciadevida.com.ar\/portalurbano\/el-ceco-celebra-sus-118-anos-con-un-foro-de-gestion-gremial\/\"]}]},{\"@type\":\"BreadcrumbList\",\"@id\":\"https:\/\/experienciadevida.com.ar\/portalurbano\/el-ceco-celebra-sus-118-anos-con-un-foro-de-gestion-gremial\/#breadcrumb\",\"itemListElement\":[{\"@type\":\"ListItem\",\"position\":1,\"name\":\"Portada\",\"item\":\"https:\/\/experienciadevida.com.ar\/portalurbano\/\"},{\"@type\":\"ListItem\",\"position\":2,\"name\":\"El CECO celebra sus 118 a\u00f1os con un foro de gesti\u00f3n gremial\"}]},{\"@type\":\"WebSite\",\"@id\":\"https:\/\/experienciadevida.com.ar\/portalurbano\/#website\",\"url\":\"https:\/\/experienciadevida.com.ar\/portalurbano\/\",\"name\":\"\",\"description\":\"\",\"publisher\":{\"@id\":\"https:\/\/experienciadevida.com.ar\/portalurbano\/#organization\"},\"potentialAction\":[{\"@type\":\"SearchAction\",\"target\":{\"@type\":\"EntryPoint\",\"urlTemplate\":\"https:\/\/experienciadevida.com.ar\/portalurbano\/?s={search_term_string}\"},\"query-input\":\"required name=search_term_string\"}],\"inLanguage\":\"es\"},{\"@type\":\"Organization\",\"@id\":\"https:\/\/experienciadevida.com.ar\/portalurbano\/#organization\",\"name\":\"Portal Urbano\",\"url\":\"https:\/\/experienciadevida.com.ar\/portalurbano\/\",\"logo\":{\"@type\":\"ImageObject\",\"inLanguage\":\"es\",\"@id\":\"https:\/\/experienciadevida.com.ar\/portalurbano\/#\/schema\/logo\/image\/\",\"url\":\"https:\/\/experienciadevida.com.ar\/portalurbano\/wp-content\/uploads\/2019\/09\/Logo-Original.png\",\"contentUrl\":\"https:\/\/experienciadevida.com.ar\/portalurbano\/wp-content\/uploads\/2019\/09\/Logo-Original.png\",\"width\":2236,\"height\":1216,\"caption\":\"Portal Urbano\"},\"image\":{\"@id\":\"https:\/\/experienciadevida.com.ar\/portalurbano\/#\/schema\/logo\/image\/\"},\"sameAs\":[\"https:\/\/www.facebook.com\/Portal-Urbano-171542830093757\/\",\"https:\/\/twitter.com\/portalurbanook\",\"https:\/\/www.instagram.com\/_portalurbano\/\",\"https:\/\/www.youtube.com\/channel\/UCXhagIfszH8KxFiOok79zbA?view_as=subscriber\"]},{\"@type\":\"Person\",\"@id\":\"https:\/\/experienciadevida.com.ar\/portalurbano\/#\/schema\/person\/02dd326b1c4b056e9cc972486934a3a7\",\"name\":\"admpu17wp\",\"image\":{\"@type\":\"ImageObject\",\"inLanguage\":\"es\",\"@id\":\"https:\/\/experienciadevida.com.ar\/portalurbano\/#\/schema\/person\/image\/\",\"url\":\"https:\/\/secure.gravatar.com\/avatar\/830d4c57adaae6630765e449a6908047?s=96&d=mm&r=g\",\"contentUrl\":\"https:\/\/secure.gravatar.com\/avatar\/830d4c57adaae6630765e449a6908047?s=96&d=mm&r=g\",\"caption\":\"admpu17wp\"}}]}<\/script>\n<!-- \/ Yoast SEO plugin. -->","yoast_head_json":{"title":"El CECO celebra sus 118 a\u00f1os con un foro de gesti\u00f3n gremial","description":"El CECO celebra sus 118 a\u00f1os con un foro de gesti\u00f3n gremial, el gremio mercantil realizar\u00e1 el pr\u00f3ximo viernes 21 desde las 19:00 virtual.","robots":{"index":"index","follow":"follow","max-snippet":"max-snippet:-1","max-image-preview":"max-image-preview:large","max-video-preview":"max-video-preview:-1"},"canonical":"https:\/\/experienciadevida.com.ar\/portalurbano\/el-ceco-celebra-sus-118-anos-con-un-foro-de-gestion-gremial\/","og_locale":"es_ES","og_type":"article","og_title":"El CECO celebra sus 118 a\u00f1os con un foro de gesti\u00f3n gremial","og_description":"El CECO celebra sus 118 a\u00f1os con un foro de gesti\u00f3n gremial, el gremio mercantil realizar\u00e1 el pr\u00f3ximo viernes 21 desde las 19:00 virtual.","og_url":"https:\/\/experienciadevida.com.ar\/portalurbano\/el-ceco-celebra-sus-118-anos-con-un-foro-de-gestion-gremial\/","article_publisher":"https:\/\/www.facebook.com\/Portal-Urbano-171542830093757\/","article_published_time":"2021-05-17T12:28:32+00:00","article_modified_time":"2021-05-17T12:30:21+00:00","og_image":[{"width":800,"height":416,"url":"https:\/\/experienciadevida.com.ar\/portalurbano\/wp-content\/uploads\/2018\/11\/ceco-e1543363208330.jpg","type":"image\/jpeg"}],"author":"admpu17wp","twitter_card":"summary_large_image","twitter_creator":"@portalurbanook","twitter_site":"@portalurbanook","twitter_misc":{"Escrito por":"admpu17wp","Tiempo de lectura":"2 minutos"},"schema":{"@context":"https:\/\/schema.org","@graph":[{"@type":"Article","@id":"https:\/\/experienciadevida.com.ar\/portalurbano\/el-ceco-celebra-sus-118-anos-con-un-foro-de-gestion-gremial\/#article","isPartOf":{"@id":"https:\/\/experienciadevida.com.ar\/portalurbano\/el-ceco-celebra-sus-118-anos-con-un-foro-de-gestion-gremial\/"},"author":{"name":"admpu17wp","@id":"https:\/\/experienciadevida.com.ar\/portalurbano\/#\/schema\/person\/02dd326b1c4b056e9cc972486934a3a7"},"headline":"El CECO celebra sus 118 a\u00f1os con un foro de gesti\u00f3n gremial","datePublished":"2021-05-17T12:28:32+00:00","dateModified":"2021-05-17T12:30:21+00:00","mainEntityOfPage":{"@id":"https:\/\/experienciadevida.com.ar\/portalurbano\/el-ceco-celebra-sus-118-anos-con-un-foro-de-gestion-gremial\/"},"wordCount":341,"publisher":{"@id":"https:\/\/experienciadevida.com.ar\/portalurbano\/#organization"},"articleSection":["Ciudad","Destacadas 2"],"inLanguage":"es"},{"@type":"WebPage","@id":"https:\/\/experienciadevida.com.ar\/portalurbano\/el-ceco-celebra-sus-118-anos-con-un-foro-de-gestion-gremial\/","url":"https:\/\/experienciadevida.com.ar\/portalurbano\/el-ceco-celebra-sus-118-anos-con-un-foro-de-gestion-gremial\/","name":"El CECO celebra sus 118 a\u00f1os con un foro de gesti\u00f3n gremial","isPartOf":{"@id":"https:\/\/experienciadevida.com.ar\/portalurbano\/#website"},"datePublished":"2021-05-17T12:28:32+00:00","dateModified":"2021-05-17T12:30:21+00:00","description":"El CECO celebra sus 118 a\u00f1os con un foro de gesti\u00f3n gremial, el gremio mercantil realizar\u00e1 el pr\u00f3ximo viernes 21 desde las 19:00 virtual.","breadcrumb":{"@id":"https:\/\/experienciadevida.com.ar\/portalurbano\/el-ceco-celebra-sus-118-anos-con-un-foro-de-gestion-gremial\/#breadcrumb"},"inLanguage":"es","potentialAction":[{"@type":"ReadAction","target":["https:\/\/experienciadevida.com.ar\/portalurbano\/el-ceco-celebra-sus-118-anos-con-un-foro-de-gestion-gremial\/"]}]},{"@type":"BreadcrumbList","@id":"https:\/\/experienciadevida.com.ar\/portalurbano\/el-ceco-celebra-sus-118-anos-con-un-foro-de-gestion-gremial\/#breadcrumb","itemListElement":[{"@type":"ListItem","position":1,"name":"Portada","item":"https:\/\/experienciadevida.com.ar\/portalurbano\/"},{"@type":"ListItem","position":2,"name":"El CECO celebra sus 118 a\u00f1os con un foro de gesti\u00f3n gremial"}]},{"@type":"WebSite","@id":"https:\/\/experienciadevida.com.ar\/portalurbano\/#website","url":"https:\/\/experienciadevida.com.ar\/portalurbano\/","name":"","description":"","publisher":{"@id":"https:\/\/experienciadevida.com.ar\/portalurbano\/#organization"},"potentialAction":[{"@type":"SearchAction","target":{"@type":"EntryPoint","urlTemplate":"https:\/\/experienciadevida.com.ar\/portalurbano\/?s={search_term_string}"},"query-input":"required name=search_term_string"}],"inLanguage":"es"},{"@type":"Organization","@id":"https:\/\/experienciadevida.com.ar\/portalurbano\/#organization","name":"Portal Urbano","url":"https:\/\/experienciadevida.com.ar\/portalurbano\/","logo":{"@type":"ImageObject","inLanguage":"es","@id":"https:\/\/experienciadevida.com.ar\/portalurbano\/#\/schema\/logo\/image\/","url":"https:\/\/experienciadevida.com.ar\/portalurbano\/wp-content\/uploads\/2019\/09\/Logo-Original.png","contentUrl":"https:\/\/experienciadevida.com.ar\/portalurbano\/wp-content\/uploads\/2019\/09\/Logo-Original.png","width":2236,"height":1216,"caption":"Portal Urbano"},"image":{"@id":"https:\/\/experienciadevida.com.ar\/portalurbano\/#\/schema\/logo\/image\/"},"sameAs":["https:\/\/www.facebook.com\/Portal-Urbano-171542830093757\/","https:\/\/twitter.com\/portalurbanook","https:\/\/www.instagram.com\/_portalurbano\/","https:\/\/www.youtube.com\/channel\/UCXhagIfszH8KxFiOok79zbA?view_as=subscriber"]},{"@type":"Person","@id":"https:\/\/experienciadevida.com.ar\/portalurbano\/#\/schema\/person\/02dd326b1c4b056e9cc972486934a3a7","name":"admpu17wp","image":{"@type":"ImageObject","inLanguage":"es","@id":"https:\/\/experienciadevida.com.ar\/portalurbano\/#\/schema\/person\/image\/","url":"https:\/\/secure.gravatar.com\/avatar\/830d4c57adaae6630765e449a6908047?s=96&d=mm&r=g","contentUrl":"https:\/\/secure.gravatar.com\/avatar\/830d4c57adaae6630765e449a6908047?s=96&d=mm&r=g","caption":"admpu17wp"}}]}},"featured_image_urls":{"full":"","thumbnail":"","medium":"","medium_large":"","large":"","ug_big":"","1536x1536":"","2048x2048":"","newsever-slider-full":"","newsever-featured":"","newsever-medium":"","web-stories-poster-portrait":"","web-stories-publisher-logo":"","web-stories-thumbnail":""},"author_info":{"display_name":"admpu17wp","author_link":"https:\/\/experienciadevida.com.ar\/portalurbano\/author\/admpu17wp\/"},"category_info":"<a href=\"https:\/\/experienciadevida.com.ar\/portalurbano\/category\/ciudad\/\" rel=\"category tag\">Ciudad<\/a> <a href=\"https:\/\/experienciadevida.com.ar\/portalurbano\/category\/destacadas-2\/\" rel=\"category tag\">Destacadas 2<\/a>","tag_info":"Destacadas 2","comment_count":"0","amp_enabled":true,"_links":{"self":[{"href":"https:\/\/experienciadevida.com.ar\/portalurbano\/wp-json\/wp\/v2\/posts\/143035"}],"collection":[{"href":"https:\/\/experienciadevida.com.ar\/portalurbano\/wp-json\/wp\/v2\/posts"}],"about":[{"href":"https:\/\/experienciadevida.com.ar\/portalurbano\/wp-json\/wp\/v2\/types\/post"}],"author":[{"embeddable":true,"href":"https:\/\/experienciadevida.com.ar\/portalurbano\/wp-json\/wp\/v2\/users\/1"}],"replies":[{"embeddable":true,"href":"https:\/\/experienciadevida.com.ar\/portalurbano\/wp-json\/wp\/v2\/comments?post=143035"}],"version-history":[{"count":2,"href":"https:\/\/experienciadevida.com.ar\/portalurbano\/wp-json\/wp\/v2\/posts\/143035\/revisions"}],"predecessor-version":[{"id":143037,"href":"https:\/\/experienciadevida.com.ar\/portalurbano\/wp-json\/wp\/v2\/posts\/143035\/revisions\/143037"}],"wp:attachment":[{"href":"https:\/\/experienciadevida.com.ar\/portalurbano\/wp-json\/wp\/v2\/media?parent=143035"}],"wp:term":[{"taxonomy":"category","embeddable":true,"href":"https:\/\/experienciadevida.com.ar\/portalurbano\/wp-json\/wp\/v2\/categories?post=143035"},{"taxonomy":"post_tag","embeddable":true,"href":"https:\/\/experienciadevida.com.ar\/portalurbano\/wp-json\/wp\/v2\/tags?post=143035"}],"curies":[{"name":"wp","href":"https:\/\/api.w.org\/{rel}","templated":true}]}}